{"id":18770,"date":"2021-03-16T11:31:44","date_gmt":"2021-03-16T10:31:44","guid":{"rendered":"https:\/\/preprod.weasywyg.com\/2021\/03\/16\/les-chiffres-du-handicap\/"},"modified":"2026-07-17T16:02:51","modified_gmt":"2026-07-17T14:02:51","slug":"les-chiffres-du-handicap","status":"publish","type":"post","link":"https:\/\/preprod.weasywyg.com\/fr\/2021\/03\/16\/les-chiffres-du-handicap\/","title":{"rendered":"Ce que nous disent les chiffres du handicap dans le monde"},"content":{"rendered":"\n<p class=\"wp-block-paragraph\">\n<b>Les chiffres repr\u00e9sentent de formidables indicateurs pour comprendre et mesurer les probl\u00e9matiques de sant\u00e9. Sur le volet du handicap, la question de l\u2019acc\u00e8s aux aides techniques devient primordiale notamment dans un contexte d\u2019in\u00e9galit\u00e9s d\u2019acc\u00e8s aux soins, alors que la pr\u00e9valence du handicap ne fait qu\u2019augmenter.&nbsp;<\/b>\n<\/p>\n\n\n\n<p class=\"wp-block-paragraph\">\n<b>Dans le but de mieux estimer les besoins des personnes en situation de handicap, nous avons souhait\u00e9 dresser un \u00e9tat des lieux des chiffres sur ce sujet. <\/b>\n<\/p>\n\n\n\n<p class=\"wp-block-paragraph\"><em>Cet article a \u00e9t\u00e9 mis \u00e0 jour le 13\/05\/2022<\/em><br><\/p>\n\n\n\n<h2 class=\"wp-block-heading\">Les chiffres de r\u00e9f\u00e9rence sur le handicap<\/h2>\n\n\n\n<p class=\"wp-block-paragraph\">\nD\u2019apr\u00e8s le <a href=\"https:\/\/www.unicef.fr\/sites\/default\/files\/userfiles\/rapport_mondial_handicap_oms_2012.pdf\" rel=\"noopener noreferrer\" target=\"_blank\">Rapport mondial sur le handicap publi\u00e9 par l\u2019OMS et la Banque Mondiale en 2011<\/a>, <b>plus d\u20191 milliard de personnes vivent avec un handicap<\/b> et pr\u00e8s de 200 millions d\u2019entre elles ont de tr\u00e8s grandes difficult\u00e9s fonctionnelles . C\u2019est 10% de plus qu\u2019en 1970, et<b> d\u2019ici 2030 il est estim\u00e9 que <a href=\"https:\/\/www.who.int\/fr\/news-room\/fact-sheets\/detail\/assistive-technology\" rel=\"noopener noreferrer\" target=\"_blank\">plus de 2 milliards de personnes<\/a> auront besoin d\u2019assistances technologiques<\/b>.&nbsp;\n<\/p>\n\n\n\n<p class=\"wp-block-paragraph\">\nComment l\u2019expliquer ? Ce sont les cons\u00e9quences du <a href=\"https:\/\/www.who.int\/fr\/news-room\/fact-sheets\/detail\/disability-and-health\" rel=\"noopener noreferrer\" target=\"_blank\">vieillissement mondial de la population et de l\u2019augmentation de la pr\u00e9valence des maladies chroniques<\/a>. Effectivement, les personnes \u00e2g\u00e9es ont un risque de handicap plus \u00e9lev\u00e9, et les maladies peuvent provoquer des infirmit\u00e9s, <a href=\"http:\/\/ceed-diabete.org\/fr\/le-diabete\/les-chiffres\/#:~:text=Les%20complications%20du%20diab%C3%A8te%20en,pied%20ou%20de%20la%20jambe.\" rel=\"noopener noreferrer\" target=\"_blank\">comme le diab\u00e8te<\/a>, qui multiplie par 8 le risque d\u2019amputation.&nbsp;\n<\/p>\n\n\n\n<p class=\"wp-block-paragraph\">\nDevenu une r\u00e9f\u00e9rence, ce rapport de l\u2019OMS a permis d\u2019\u00e9tablir l\u2019\u00e9tat des lieux du handicap dans le monde et une meilleure compr\u00e9hension des probl\u00e9matiques associ\u00e9es.\n<\/p>\n\n\n\n<p class=\"wp-block-paragraph\">\nCependant, encore aujourd\u2019hui il est compliqu\u00e9 d\u2019obtenir des donn\u00e9es pr\u00e9cises sur le handicap.\n<\/p>\n\n\n\n<h2 class=\"wp-block-heading\">Des donn\u00e9es incompl\u00e8tes \u00e0 l\u2019\u00e9chelle mondiale<\/h2>\n\n\n\n<p class=\"wp-block-paragraph\">\nEn 2021, malgr\u00e9 les nombreuses \u00e9tudes sur le sujet, il est difficile d\u2019avoir une vision pr\u00e9cise sur les chiffres du handicap dans le monde. Il n\u2019existe pas de consensus sur les d\u00e9finitions, ni d\u2019informations sur l\u2019incidence et la pr\u00e9valence comparables entre les pays. Cela rend d\u00e9licat l&rsquo;\u00e9tablissement d\u2019un constat mondial chiffr\u00e9 sur le handicap.\n<\/p>\n\n\n\n<p class=\"wp-block-paragraph\">\nDe plus, il existe un tr\u00e8s important <b>manque de prise en charge et d\u2019accompagnement du handicap<\/b> et cette carence est d\u2019autant <b>plus observ\u00e9e dans les pays en d\u00e9veloppement.<\/b>\n<\/p>\n\n\n\n<p class=\"wp-block-paragraph\">\nEn effet, on observe de fortes disparit\u00e9s \u00e0 travers les diff\u00e9rentes r\u00e9gions du monde.&nbsp;\n<\/p>\n\n\n\n<p class=\"wp-block-paragraph\">\n<a href=\"https:\/\/apps.who.int\/iris\/bitstream\/handle\/10665\/254650\/9789242509618-fre.pdf\" rel=\"noopener noreferrer\" target=\"_blank\">80 % des personnes handicap\u00e9es<\/a> et <a href=\"https:\/\/static1.squarespace.com\/static\/5b3f6ff1710699a7ebb64495\/t\/5c7fec5c53450a727c4f8a00\/1551887455183\/ATscale_Strategy+Overview_February+2019.pdf\" rel=\"noopener noreferrer\" target=\"_blank\">95% des enfants souffrant de troubles du d\u00e9veloppement<\/a> vivent dans les pays \u00e0 faibles et moyens revenus.\n<\/p>\n\n\n\n<p class=\"wp-block-paragraph\">\nPourtant, l\u2019acc\u00e8s aux aides techniques y est plus difficile que dans les pays \u00e0 hauts revenus en raison d\u2019<b>une p\u00e9nurie de main-d&rsquo;\u0153uvre dans le domaine des technologies d&rsquo;assistance<\/b>. Les personnes en situation de handicap ne sont donc pas suffisamment prises en charge, cela peut entra\u00eener leur exclusion, les condamner \u00e0 l\u2019isolement et \u00e0 la pauvret\u00e9. Le manque de personnels et de structures adapt\u00e9es dans certaines r\u00e9gions emp\u00eache le recensement et la consid\u00e9ration de ces personnes comme porteuses de handicap.&nbsp;\n<\/p>\n\n\n\n<p class=\"wp-block-paragraph\">\nLes chiffres pourraient, par cons\u00e9quent, parfois \u00eatre <b>sous-estim\u00e9s.<\/b>\n<\/p>\n\n\n\n<p class=\"wp-block-paragraph\">\n<b>Lors de notre travail de recherche, nous avons constat\u00e9 qu\u2019il existe d\u2019\u00e9normes \u00e9carts entre les diff\u00e9rentes sources et l\u2019impossibilit\u00e9, \u00e0 notre \u00e9chelle, de v\u00e9rifier leur fiabilit\u00e9<\/b>. \u00c0 noter qu\u2019il existe des \u00e9tudes de march\u00e9 payantes (\u00e0 plusieurs milliers d\u2019euros) qui contiennent peut-\u00eatre des chiffres plus pr\u00e9cis.\n<\/p>\n\n\n\n<h2 class=\"wp-block-heading\">Les in\u00e9galit\u00e9s d\u2019acc\u00e8s aux aides techniques<\/h2>\n\n\n\n<p class=\"wp-block-paragraph\">\n<b>9<\/b><b> personnes sur 10 dans le besoin n\u2019ont pas acc\u00e8s \u00e0 une aide technique<\/b>, ceci s\u2019explique en partie par le<b> co\u00fbt \u00e9lev\u00e9 <\/b>de ces produits. C\u2019est pourquoi, <a href=\"https:\/\/www.who.int\/features\/factfiles\/disability\/fr\/\" rel=\"noopener noreferrer\" target=\"_blank\">la moiti\u00e9 des personnes en situation de handicap ne peut acc\u00e9der financi\u00e8rement aux soins de sant\u00e9<\/a>. On l\u2019explique \u00e9galement par <b>une absence de politique publique de sant\u00e9,<\/b> <b>un<\/b> <b>manque de sensibilisation, de disponibilit\u00e9, de personnel form\u00e9, de financement.<\/b>\n<\/p>\n\n\n\n<p class=\"wp-block-paragraph\">\nLe d\u00e9ficit de prise en charge est g\u00e9n\u00e9ralis\u00e9 \u00e0 toutes les formes de handicap :\n<\/p>\n\n\n\n<ul class=\"wp-block-list\">\n<li>200 millions de personnes malvoyantes vivent sans produits d&rsquo;assistance pour la basse vision.<\/li>\n<\/ul>\n\n\n\n<ul class=\"wp-block-list\">\n<li>466 millions de personnes dans le monde souffrent d&rsquo;une perte auditive et seulement 10% ont acc\u00e8s \u00e0 des aides auditives.\u00a0<\/li>\n<\/ul>\n\n\n\n<ul class=\"wp-block-list\">\n<li>75 millions de personnes ont besoin d&rsquo;un fauteuil roulant et <a href=\"https:\/\/www.who.int\/fr\/news-room\/fact-sheets\/detail\/assistive-technology\" target=\"_blank\" rel=\"noopener noreferrer\">seulement 5 \u00e0 15 % en sont \u00e9quip\u00e9es<\/a>.<\/li>\n\n\n\n<li><\/li>\n<\/ul>\n\n\n\n<p class=\"wp-block-paragraph\">Et bien entendu, les in\u00e9galit\u00e9s d\u2019acc\u00e8s aux aides techniques n\u2019\u00e9pargnent pas les personnes amput\u00e9es.<\/p>\n\n\n\n<h4 class=\"wp-block-heading\"><i>Zoom sur quelques chiffres autour du handicap du membre sup\u00e9rieur<\/i> :<\/h4>\n\n\n\n<p class=\"wp-block-paragraph\">\nChez ORTHOPUS, nous concevons<b> des solutions pour le membre sup\u00e9rieur, <\/b>plus pr\u00e9cis\u00e9ment <a href=\"https:\/\/orthopus.com\/assistants-robotiques\/\" style=\"font-weight: bold;\">une gamme d\u2019assistants robotiques<\/a>. Nous allons donc nous int\u00e9resser plus pr\u00e9cis\u00e9ment aux chiffres relatifs aux typologies de handicap qui peuvent avoir un impact sur les bras.\n<\/p>\n\n\n\n<p class=\"wp-block-paragraph\"><mark style=\"background-color:#92FFAC\" class=\"has-inline-color\"><strong>Les maladies neuromusculaires et les maladies rares<\/strong><\/mark><\/p>\n\n\n\n<p class=\"wp-block-paragraph\">\n<strong>La perte de mobilit\u00e9 du bras est souvent due \u00e0 une maladie neuromusculaire. <\/strong>\n<\/p>\n\n\n\n<p class=\"wp-block-paragraph\">\nLe <a href=\"https:\/\/www.chu-bordeaux.fr\/Patient-proches\/Maladies-rares\/Maladies-neuromusculaires\/#:~:text=Les%20maladies%20neuromusculaires%20sont%20des,les%20enfants%20que%20les%20adultes.\">CHU de Bordeaux<\/a> d\u00e9finit ces pathologies comme \u201cdes <strong>pathologies du muscle ou de sa commande nerveuse<\/strong>. L&rsquo;unit\u00e9 motrice (constitu\u00e9e par le muscle, la jonction nerf\/muscle et le nerf) fonctionne mal et le muscle ne peut pas se contracter normalement. Ces maladies concernent tant les enfants que les adultes.\u201d. &nbsp;Et la plupart de ces maladies neuromusculaires sont des <strong>maladies rares<\/strong>. \u201cLes maladies sont dites rares lorsqu\u2019elles touchent <a href=\"https:\/\/solidarites-sante.gouv.fr\/soins-et-maladies\/prises-en-charge-specialisees\/maladies-rares\/article\/les-maladies-rares\"><strong>une personne sur 2 000<\/strong><\/a>, soit pour la France moins de 30 000 malades par pathologie.\u201c\n<\/p>\n\n\n\n<p class=\"wp-block-paragraph\">\nEn plus d\u2019\u00eatre rare, chaque pathologie est diff\u00e9rente en fonction des patients. Les \u00e9volutions sont propres \u00e0 chaque cas. Les maladies rares sont de ce fait <strong>tr\u00e8s difficiles \u00e0 diagnostiquer et \u00e0 prendre en charge<\/strong>. Le d\u00e9lai moyen pour poser un diagnostic en France est aujourd\u2019hui de <a href=\"https:\/\/solidarites-sante.gouv.fr\/IMG\/pdf\/plan_national_maladies_rares_2018-2022.pdf\">1,5 an et de plus de 5 ans pour 25% des personnes atteintes.&nbsp;&nbsp;<\/a>\n<\/p>\n\n\n\n<p class=\"wp-block-paragraph\">\nCes pathologies ont des r\u00e9percussions sur l\u2019activit\u00e9 physique du malade et peuvent par cons\u00e9quent limiter la vie sociale et la citoyennet\u00e9.\n<\/p>\n\n\n\n<p class=\"wp-block-paragraph\">\nLe rapport <a href=\"https:\/\/www.nature.com\/articles\/s41431-019-0508-0\">European Journal of Human Genetics<\/a>, est une des \u00e9tudes les plus pr\u00e9cises au sujet des maladies rares. Elle a statu\u00e9 que dans le monde, plus de <a href=\"https:\/\/www.nature.com\/articles\/s41431-019-0508-0\"><strong>300 millions de personnes vivent avec une maladie rare<\/strong><\/a>, ce qui repr\u00e9sente <strong><a href=\"https:\/\/www.nature.com\/articles\/s41431-019-0508-0\">4% de la population<\/a><\/strong>. En France, les personnes touch\u00e9es se comptent au nombre de<a href=\"https:\/\/solidarites-sante.gouv.fr\/soins-et-maladies\/prises-en-charge-specialisees\/maladies-rares\/article\/les-maladies-rares#:~:text=Les%20maladies%20sont%20dites%20rares,millions%20de%20personnes%20en%20Europe.\"> 3 millions et repr\u00e9sentent 4,5 % de la population.&nbsp;<\/a>Aujourd\u2019hui les maladies rares identifi\u00e9es sont plus de <a href=\"https:\/\/solidarites-sante.gouv.fr\/soins-et-maladies\/prises-en-charge-specialisees\/maladies-rares\/article\/les-maladies-rares#:~:text=Les%20maladies%20sont%20dites%20rares,millions%20de%20personnes%20en%20Europe.\">7000<\/a>. Nous savons que leur origine est g\u00e9n\u00e9tique dans <a href=\"https:\/\/presse.inserm.fr\/maladies-rares-plus-de-300-millions-de-patients-dans-le-monde\/36980\/#:~:text=Scl%C3%A9rodermie%20syst%C3%A9mique%2C%20polyglobulie%20de%20Vaquez,ce%20sont%20des%20maladies%20rares.\">72%<\/a> des cas, et <a href=\"https:\/\/presse.inserm.fr\/maladies-rares-plus-de-300-millions-de-patients-dans-le-monde\/36980\/#:~:text=Scl%C3%A9rodermie%20syst%C3%A9mique%2C%20polyglobulie%20de%20Vaquez,ce%20sont%20des%20maladies%20rares.\">70%<\/a> se manifestent d\u00e8s l\u2019enfance.\n<\/p>\n\n\n\n<p class=\"wp-block-paragraph\"><mark style=\"background-color:#92FFAC\" class=\"has-inline-color\"><strong>Les amputations du membre sup\u00e9rieur<\/strong><\/mark><br><br>D\u2019un autre c\u00f4t\u00e9, on estime que\u00a0<a href=\"https:\/\/static1.squarespace.com\/static\/5b3f6ff1710699a7ebb64495\/t\/5f75fe9a9993bf06c4e0ef21\/1601568464902\/PN_Prostheses_a11y_final.pdf\" target=\"_blank\" rel=\"noreferrer noopener\"><strong>1,5 million de personnes sont amput\u00e9es chaque ann\u00e9e<\/strong><\/a>\u00a0dans le monde et\u00a0<a href=\"https:\/\/www.adepa.fr\/autour-de-lamputation\/niveaux-damputation\/membre-superieur\/#:~:text=Les%20amput%C3%A9s%20du%20membre%20sup%C3%A9rieur,8%20000%20et%2015%20000\" target=\"_blank\" rel=\"noreferrer noopener\">15% de ces amputations concernent le membre sup\u00e9rieur<\/a>.<br><br><b>65 millions de personnes vivent avec une amputation<\/b>. <a href=\"https:\/\/advancedamputees.com\/amputee-statistics-you-ought-know\" target=\"_blank\" rel=\"noopener noreferrer\">Les principales causes d\u2019une amputation<\/a> sont les maladies vasculaires (54%), y compris le diab\u00e8te et les maladies art\u00e9rielles p\u00e9riph\u00e9riques, les traumatismes (45%) et le cancer (moins de 2%).<\/p>\n\n\n\n<p class=\"wp-block-paragraph\">\n<a href=\"https:\/\/static1.squarespace.com\/static\/5b3f6ff1710699a7ebb64495\/t\/5f75fe9a9993bf06c4e0ef21\/1601568464902\/PN_Prostheses_a11y_final.pdf\" rel=\"noopener noreferrer\" target=\"_blank\">40% des amputations caus\u00e9es par un traumatisme<\/a> sont des amputations du membre sup\u00e9rieur (<a href=\"https:\/\/journals.sagepub.com\/doi\/abs\/10.1177\/0309364620972258\" rel=\"noopener noreferrer\" target=\"_blank\">19,6% d\u2019amputations unilat\u00e9rales et 19,1% bilat\u00e9rales<\/a>).\n<\/p>\n\n\n\n<p class=\"wp-block-paragraph\">\nL&rsquo;OMS estime que <b>seuls 5 \u00e0 15 % des amput\u00e9s ayant besoin de proth\u00e8ses dans les pays \u00e0 faible et moyen revenu y ont acc\u00e8s<\/b>.&nbsp;\n<\/p>\n\n\n\n<p class=\"wp-block-paragraph\">\nGr\u00e2ce \u00e0 ces chiffres, on se rend compte que les in\u00e9galit\u00e9s d\u2019acc\u00e8s aux aides techniques perdurent : ce sont plus d\u20191 milliards de personnes et leur entourage qui sont touch\u00e9s par les in\u00e9galit\u00e9s sociales qu\u2019elles impliquent. Il existe pourtant plusieurs <a href=\"https:\/\/orthopus.com\/5-raisons-de-sequiper-dune-aide-technique-membre-superieur\/\">raisons qui justifient l\u2019\u00e9quipement d\u2019une aide technique<\/a>. Malgr\u00e9 le travail extraordinaire de l\u2019OMS et des autres organisations d\u00e9vou\u00e9es au handicap, on estime encore trop mal les besoins r\u00e9els des personnes en situation de handicap dans le monde. Chez ORTHOPUS nous souhaitons apporter notre pierre \u00e0 l\u2019\u00e9difice, en permettant d\u2019<b>am\u00e9liorer la qualit\u00e9 de vie d\u2019un maximum de personnes \u00e0 mobilit\u00e9 r\u00e9duite.<\/b>\n<\/p>\n\n\n\n<figure class=\"wp-block-image size-full\"><img decoding=\"async\" src=\"https:\/\/preprod.weasywyg.com\/wp-content\/uploads\/2021\/03\/WHO-Access-to-assistive-technology-400x400.png\" alt=\"WHO, Policy brief: Access to assistive technology, May 2020\"\/><figcaption class=\"wp-element-caption\">WHO, Policy brief: Access to assistive technology, May 2020<\/figcaption><\/figure>\n\n\n\n<h2 class=\"wp-block-heading\">La mission d&rsquo;ORTHOPUS<\/h2>\n\n\n\n<p class=\"wp-block-paragraph\">Frapp\u00e9 par ce constat du manque d&rsquo;accessibilit\u00e9 des technologies d\u2019assistances, ORTHOPUS se positionne sur le d\u00e9veloppement de<a href=\"https:\/\/orthopus.com\/assistants-robotiques\/\" target=\"_blank\" rel=\"noopener noreferrer\"><b> solutions \u00e0 prix justes et transparents<\/b><\/a>.<br>Notre <a href=\"https:\/\/orthopus.com\/mission\/\">mission<\/a> ? Faire baisser les prix des aides techniques au handicap pour permettre \u00e0 celles et ceux qui en ont besoin de s&rsquo;\u00e9quiper.<br><\/p>\n\n\n\n<p class=\"wp-block-paragraph\">\n<strong>NOS SOURCES :<\/strong>\n<\/p>\n\n\n\n<ul class=\"wp-block-list\">\n<li>Organisation Mondiale de la Sant\u00e9, <a href=\"https:\/\/www.unicef.fr\/sites\/default\/files\/userfiles\/rapport_mondial_handicap_oms_2012.pdf\" rel=\"noopener noreferrer\" target=\"_blank\">\u201cRapport mondial sur le handicap 2011\u201d<\/a><\/li>\n\n\n\n<li>Organisation Mondiale de la Sant\u00e9, <a href=\"https:\/\/www.who.int\/fr\/news-room\/fact-sheets\/detail\/assistive-technology\" rel=\"noopener noreferrer\" target=\"_blank\">\u201cTechnologie d\u2019assistance\u201d<\/a>, 15 mai 2018<\/li>\n\n\n\n<li>Organisation Mondiale de la Sant\u00e9, <a href=\"https:\/\/www.who.int\/fr\/news-room\/fact-sheets\/detail\/disability-and-health\" rel=\"noopener noreferrer\" target=\"_blank\">\u201cHandicap et Sant\u00e9\u201d<\/a>, 1 d\u00e9cembre 2020<\/li>\n\n\n\n<li>CEED, <a href=\"http:\/\/ceed-diabete.org\/fr\/le-diabete\/les-chiffres\/#:~:text=Les%20complications%20du%20diab%C3%A8te%20en,pied%20ou%20de%20la%20jambe\" rel=\"noopener noreferrer\" target=\"_blank\">\u201cLes Chiffres du Diab\u00e8te\u201d<\/a><\/li>\n\n\n\n<li>Organisation Mondiale de la Sant\u00e9, <a href=\"https:\/\/apps.who.int\/iris\/bitstream\/handle\/10665\/254650\/9789242509618-fre.pdf\" rel=\"noopener noreferrer\" target=\"_blank\">\u201cProjet de plan d\u2019action mondial de l\u2019OMS relatif au handicap 2014-2021\u201d<\/a><\/li>\n\n\n\n<li>ATscale, <a href=\"https:\/\/static1.squarespace.com\/static\/5b3f6ff1710699a7ebb64495\/t\/5c7fec5c53450a727c4f8a00\/1551887455183\/ATscale_Strategy+Overview_February+2019.pdf\" rel=\"noopener noreferrer\" target=\"_blank\">\u201cStrategy Overview\u201d<\/a> February 2019<\/li>\n\n\n\n<li>Organisation Mondiale de la Sant\u00e9, <a href=\"https:\/\/www.who.int\/features\/factfiles\/disability\/fr\/\" rel=\"noopener noreferrer\" target=\"_blank\">\u201c10 faits sur le handicap\u00a0\u00bb<\/a><\/li>\n\n\n\n<li>ATscale, <a href=\"https:\/\/static1.squarespace.com\/static\/5b3f6ff1710699a7ebb64495\/t\/5f75fe9a9993bf06c4e0ef21\/1601568464902\/PN_Prostheses_a11y_final.pdf\" rel=\"noopener noreferrer\" target=\"_blank\">\u201cProduct Narrative : Prostheses\u201d<\/a> April 2020<\/li>\n\n\n\n<li><a href=\"https:\/\/www.adepa.fr\/autour-de-lamputation\/niveaux-damputation\/membre-superieur\/#:~:text=Les%20amput%C3%A9s%20du%20membre%20sup%C3%A9rieur,8%20000%20et%2015%20000\" rel=\"noopener noreferrer\" target=\"_blank\">ADEPA<\/a><\/li>\n\n\n\n<li>Advanced Amputee Solutions LLC\u2122, <a href=\"https:\/\/advancedamputees.com\/amputee-statistics-you-ought-know\" rel=\"noopener noreferrer\" target=\"_blank\">\u201cAmputee Statistics You Ought To Know\u201d<\/a><\/li>\n\n\n\n<li>McDonald, C, Westcott-McCoy, S, et al. Global prevalence of traumatic non-fatal limb amputation. The International Society for Prosthetics and Orthotics 2020.<\/li>\n\n\n\n<li>Eurordis, <a href=\"https:\/\/www.eurordis.org\/fr\/content\/treat-nmd-pour-le-traitement-des-maladies-neuromusculaires#:~:text=Les%20maladies%20neuromusculaires%20touchent%20les,de%20maladies%20neuromusculaires%20en%20Europe\" rel=\"noopener noreferrer\" target=\"_blank\">\u201cTREAT-NMD: Pour le traitement des maladies neuromusculaires\u201d<\/a> Mars 2007<\/li>\n\n\n\n<li>CNSA, \u00ab\u00a0<a href=\"https:\/\/www.cnsa.fr\/grands-chantiers\/strategie-et-plans-nationaux\/les-schemas-et-plans-handicaps-rares-et-maladies-rares\">Les sch\u00e9mas et plans handicaps rares et maladies rares\u00a0\u00bb<\/a><\/li>\n\n\n\n<li>Minist\u00e8res des solidarit\u00e9s et de la sant\u00e9, <a href=\"https:\/\/solidarites-sante.gouv.fr\/soins-et-maladies\/prises-en-charge-specialisees\/maladies-rares\/article\/les-maladies-rares#:~:text=Les%20maladies%20sont%20dites%20rares,millions%20de%20personnes%20en%20Europe.\">\u00ab\u00a0Rapports d&rsquo;activit\u00e9 des fili\u00e8res de sant\u00e9 maladies rares\u00a0\u00bb<\/a><\/li>\n\n\n\n<li>European Journal of Human Genetics, <a href=\"https:\/\/www.nature.com\/articles\/s41431-019-0508-0\">\u00ab\u00a0Estimating cumulative point prevalence of rare diseases: analysis of the Orphanet base\u00a0\u00bb<\/a><\/li>\n\n\n\n<li>Minist\u00e8re de la sant\u00e9 et de la sant\u00e9, <a href=\"https:\/\/solidarites-sante.gouv.fr\/IMG\/pdf\/plan_national_maladies_rares_2018-2022.pdf\">\u00ab\u00a0Plan national maladies rares\u00a0\u00bb<\/a><\/li>\n<\/ul>\n","protected":false},"excerpt":{"rendered":"<p>Les chiffres repr\u00e9sentent de formidables indicateurs pour comprendre et mesurer les probl\u00e9matiques de sant\u00e9. Dans le but de mieux estimer les besoins des personnes en situation de handicap, nous avons souhait\u00e9 dresser un \u00e9tat des lieux des chiffres sur ce sujet.<\/p>\n","protected":false},"author":2,"featured_media":18646,"comment_status":"open","ping_status":"open","sticky":false,"template":"","format":"standard","meta":{"_kad_blocks_custom_css":"","_kad_blocks_head_custom_js":"","_kad_blocks_body_custom_js":"","_kad_blocks_footer_custom_js":"","footnotes":""},"categories":[232],"tags":[60,69,70,71,62,63,64,72,73,74],"class_list":["post-18770","post","type-post","status-publish","format-standard","has-post-thumbnail","hentry","category-decryptage","tag-aide-technique","tag-aides-techniques","tag-assistants-robotiques","tag-chiffres-du-handicap","tag-handicap","tag-handicap-moteur","tag-maladie-neuromusculaire","tag-maladie-rare","tag-mobilite-du-bras","tag-pathologie"],"yoast_head":"<!-- This site is optimized with the Yoast SEO plugin v28.4 - https:\/\/yoast.com\/product\/yoast-seo-wordpress\/ -->\n<title>Ce que nous disent les chiffres du handicap dans le monde - Orthopus<\/title>\n<meta name=\"robots\" content=\"noindex, follow, max-snippet:-1, max-image-preview:large, max-video-preview:-1\" \/>\n<meta property=\"og:locale\" content=\"fr_FR\" \/>\n<meta property=\"og:type\" content=\"article\" \/>\n<meta property=\"og:title\" content=\"Ce que nous disent les chiffres du handicap dans le monde - Orthopus\" \/>\n<meta property=\"og:description\" content=\"Les chiffres repr\u00e9sentent de formidables indicateurs pour comprendre et mesurer les probl\u00e9matiques de sant\u00e9. Dans le but de mieux estimer les besoins des personnes en situation de handicap, nous avons souhait\u00e9 dresser un \u00e9tat des lieux des chiffres sur ce sujet.\" \/>\n<meta property=\"og:url\" content=\"https:\/\/preprod.weasywyg.com\/fr\/2021\/03\/16\/les-chiffres-du-handicap\/\" \/>\n<meta property=\"og:site_name\" content=\"Orthopus\" \/>\n<meta property=\"article:published_time\" content=\"2021-03-16T10:31:44+00:00\" \/>\n<meta property=\"article:modified_time\" content=\"2026-07-17T14:02:51+00:00\" \/>\n<meta property=\"og:image\" content=\"https:\/\/preprod.weasywyg.com\/wp-content\/uploads\/2021\/03\/capturevideoanimation2.png\" \/>\n\t<meta property=\"og:image:width\" content=\"1000\" \/>\n\t<meta property=\"og:image:height\" content=\"667\" \/>\n\t<meta property=\"og:image:type\" content=\"image\/png\" \/>\n<meta name=\"author\" content=\"Mona Jamois\" \/>\n<meta name=\"twitter:card\" content=\"summary_large_image\" \/>\n<meta name=\"twitter:label1\" content=\"\u00c9crit par\" \/>\n\t<meta name=\"twitter:data1\" content=\"Mona Jamois\" \/>\n\t<meta name=\"twitter:label2\" content=\"Dur\u00e9e de lecture estim\u00e9e\" \/>\n\t<meta name=\"twitter:data2\" content=\"8 minutes\" \/>\n<script type=\"application\/ld+json\" class=\"yoast-schema-graph\">{\"@context\":\"https:\\\/\\\/schema.org\",\"@graph\":[{\"@type\":\"Article\",\"@id\":\"https:\\\/\\\/preprod.weasywyg.com\\\/fr\\\/2021\\\/03\\\/16\\\/les-chiffres-du-handicap\\\/#article\",\"isPartOf\":{\"@id\":\"https:\\\/\\\/preprod.weasywyg.com\\\/fr\\\/2021\\\/03\\\/16\\\/les-chiffres-du-handicap\\\/\"},\"author\":{\"name\":\"Mona Jamois\",\"@id\":\"https:\\\/\\\/preprod.weasywyg.com\\\/fr\\\/#\\\/schema\\\/person\\\/a7dcb2c9da462fd59f13f2258699ba9e\"},\"headline\":\"Ce que nous disent les chiffres du handicap dans le monde\",\"datePublished\":\"2021-03-16T10:31:44+00:00\",\"dateModified\":\"2026-07-17T14:02:51+00:00\",\"mainEntityOfPage\":{\"@id\":\"https:\\\/\\\/preprod.weasywyg.com\\\/fr\\\/2021\\\/03\\\/16\\\/les-chiffres-du-handicap\\\/\"},\"wordCount\":1545,\"commentCount\":0,\"publisher\":{\"@id\":\"https:\\\/\\\/preprod.weasywyg.com\\\/fr\\\/#organization\"},\"image\":{\"@id\":\"https:\\\/\\\/preprod.weasywyg.com\\\/fr\\\/2021\\\/03\\\/16\\\/les-chiffres-du-handicap\\\/#primaryimage\"},\"thumbnailUrl\":\"https:\\\/\\\/preprod.weasywyg.com\\\/wp-content\\\/uploads\\\/2021\\\/03\\\/capturevideoanimation2.png\",\"keywords\":[\"aide technique\",\"aides techniques\",\"assistants robotiques\",\"chiffres du handicap\",\"handicap\",\"handicap moteur\",\"maladie neuromusculaire\",\"maladie rare\",\"mobilit\u00e9 du bras\",\"pathologie\"],\"articleSection\":[\"D\u00e9cryptage\"],\"inLanguage\":\"fr-FR\",\"potentialAction\":[{\"@type\":\"CommentAction\",\"name\":\"Comment\",\"target\":[\"https:\\\/\\\/preprod.weasywyg.com\\\/fr\\\/2021\\\/03\\\/16\\\/les-chiffres-du-handicap\\\/#respond\"]}]},{\"@type\":\"WebPage\",\"@id\":\"https:\\\/\\\/preprod.weasywyg.com\\\/fr\\\/2021\\\/03\\\/16\\\/les-chiffres-du-handicap\\\/\",\"url\":\"https:\\\/\\\/preprod.weasywyg.com\\\/fr\\\/2021\\\/03\\\/16\\\/les-chiffres-du-handicap\\\/\",\"name\":\"Ce que nous disent les chiffres du handicap dans le monde - Orthopus\",\"isPartOf\":{\"@id\":\"https:\\\/\\\/preprod.weasywyg.com\\\/fr\\\/#website\"},\"primaryImageOfPage\":{\"@id\":\"https:\\\/\\\/preprod.weasywyg.com\\\/fr\\\/2021\\\/03\\\/16\\\/les-chiffres-du-handicap\\\/#primaryimage\"},\"image\":{\"@id\":\"https:\\\/\\\/preprod.weasywyg.com\\\/fr\\\/2021\\\/03\\\/16\\\/les-chiffres-du-handicap\\\/#primaryimage\"},\"thumbnailUrl\":\"https:\\\/\\\/preprod.weasywyg.com\\\/wp-content\\\/uploads\\\/2021\\\/03\\\/capturevideoanimation2.png\",\"datePublished\":\"2021-03-16T10:31:44+00:00\",\"dateModified\":\"2026-07-17T14:02:51+00:00\",\"breadcrumb\":{\"@id\":\"https:\\\/\\\/preprod.weasywyg.com\\\/fr\\\/2021\\\/03\\\/16\\\/les-chiffres-du-handicap\\\/#breadcrumb\"},\"inLanguage\":\"fr-FR\",\"potentialAction\":[{\"@type\":\"ReadAction\",\"target\":[\"https:\\\/\\\/preprod.weasywyg.com\\\/fr\\\/2021\\\/03\\\/16\\\/les-chiffres-du-handicap\\\/\"]}]},{\"@type\":\"ImageObject\",\"inLanguage\":\"fr-FR\",\"@id\":\"https:\\\/\\\/preprod.weasywyg.com\\\/fr\\\/2021\\\/03\\\/16\\\/les-chiffres-du-handicap\\\/#primaryimage\",\"url\":\"https:\\\/\\\/preprod.weasywyg.com\\\/wp-content\\\/uploads\\\/2021\\\/03\\\/capturevideoanimation2.png\",\"contentUrl\":\"https:\\\/\\\/preprod.weasywyg.com\\\/wp-content\\\/uploads\\\/2021\\\/03\\\/capturevideoanimation2.png\",\"width\":1000,\"height\":667},{\"@type\":\"BreadcrumbList\",\"@id\":\"https:\\\/\\\/preprod.weasywyg.com\\\/fr\\\/2021\\\/03\\\/16\\\/les-chiffres-du-handicap\\\/#breadcrumb\",\"itemListElement\":[{\"@type\":\"ListItem\",\"position\":1,\"name\":\"Accueil\",\"item\":\"https:\\\/\\\/preprod.weasywyg.com\\\/fr\\\/\"},{\"@type\":\"ListItem\",\"position\":2,\"name\":\"Ce que nous disent les chiffres du handicap dans le monde\"}]},{\"@type\":\"WebSite\",\"@id\":\"https:\\\/\\\/preprod.weasywyg.com\\\/fr\\\/#website\",\"url\":\"https:\\\/\\\/preprod.weasywyg.com\\\/fr\\\/\",\"name\":\"Orthopus\",\"description\":\"Handitech solutions for everyone\",\"publisher\":{\"@id\":\"https:\\\/\\\/preprod.weasywyg.com\\\/fr\\\/#organization\"},\"potentialAction\":[{\"@type\":\"SearchAction\",\"target\":{\"@type\":\"EntryPoint\",\"urlTemplate\":\"https:\\\/\\\/preprod.weasywyg.com\\\/fr\\\/?s={search_term_string}\"},\"query-input\":{\"@type\":\"PropertyValueSpecification\",\"valueRequired\":true,\"valueName\":\"search_term_string\"}}],\"inLanguage\":\"fr-FR\"},{\"@type\":\"Organization\",\"@id\":\"https:\\\/\\\/preprod.weasywyg.com\\\/fr\\\/#organization\",\"name\":\"Orthopus\",\"url\":\"https:\\\/\\\/preprod.weasywyg.com\\\/fr\\\/\",\"logo\":{\"@type\":\"ImageObject\",\"inLanguage\":\"fr-FR\",\"@id\":\"https:\\\/\\\/preprod.weasywyg.com\\\/fr\\\/#\\\/schema\\\/logo\\\/image\\\/\",\"url\":\"https:\\\/\\\/preprod.weasywyg.com\\\/wp-content\\\/uploads\\\/2026\\\/05\\\/logo.svg\",\"contentUrl\":\"https:\\\/\\\/preprod.weasywyg.com\\\/wp-content\\\/uploads\\\/2026\\\/05\\\/logo.svg\",\"caption\":\"Orthopus\"},\"image\":{\"@id\":\"https:\\\/\\\/preprod.weasywyg.com\\\/fr\\\/#\\\/schema\\\/logo\\\/image\\\/\"}},{\"@type\":\"Person\",\"@id\":\"https:\\\/\\\/preprod.weasywyg.com\\\/fr\\\/#\\\/schema\\\/person\\\/a7dcb2c9da462fd59f13f2258699ba9e\",\"name\":\"Mona Jamois\",\"image\":{\"@type\":\"ImageObject\",\"inLanguage\":\"fr-FR\",\"@id\":\"https:\\\/\\\/secure.gravatar.com\\\/avatar\\\/b5b462af4cf5722fbd017ef55b474709ff34d6030941c8c793bf9edf5d82b670?s=96&d=mm&r=g\",\"url\":\"https:\\\/\\\/secure.gravatar.com\\\/avatar\\\/b5b462af4cf5722fbd017ef55b474709ff34d6030941c8c793bf9edf5d82b670?s=96&d=mm&r=g\",\"contentUrl\":\"https:\\\/\\\/secure.gravatar.com\\\/avatar\\\/b5b462af4cf5722fbd017ef55b474709ff34d6030941c8c793bf9edf5d82b670?s=96&d=mm&r=g\",\"caption\":\"Mona Jamois\"},\"url\":\"https:\\\/\\\/preprod.weasywyg.com\\\/fr\\\/author\\\/orthopus-mona-26\\\/\"}]}<\/script>\n<!-- \/ Yoast SEO plugin. -->","yoast_head_json":{"title":"Ce que nous disent les chiffres du handicap dans le monde - Orthopus","robots":{"index":"noindex","follow":"follow","max-snippet":"max-snippet:-1","max-image-preview":"max-image-preview:large","max-video-preview":"max-video-preview:-1"},"og_locale":"fr_FR","og_type":"article","og_title":"Ce que nous disent les chiffres du handicap dans le monde - Orthopus","og_description":"Les chiffres repr\u00e9sentent de formidables indicateurs pour comprendre et mesurer les probl\u00e9matiques de sant\u00e9. Dans le but de mieux estimer les besoins des personnes en situation de handicap, nous avons souhait\u00e9 dresser un \u00e9tat des lieux des chiffres sur ce sujet.","og_url":"https:\/\/preprod.weasywyg.com\/fr\/2021\/03\/16\/les-chiffres-du-handicap\/","og_site_name":"Orthopus","article_published_time":"2021-03-16T10:31:44+00:00","article_modified_time":"2026-07-17T14:02:51+00:00","og_image":[{"width":1000,"height":667,"url":"https:\/\/preprod.weasywyg.com\/wp-content\/uploads\/2021\/03\/capturevideoanimation2.png","type":"image\/png"}],"author":"Mona Jamois","twitter_card":"summary_large_image","twitter_misc":{"\u00c9crit par":"Mona Jamois","Dur\u00e9e de lecture estim\u00e9e":"8 minutes"},"schema":{"@context":"https:\/\/schema.org","@graph":[{"@type":"Article","@id":"https:\/\/preprod.weasywyg.com\/fr\/2021\/03\/16\/les-chiffres-du-handicap\/#article","isPartOf":{"@id":"https:\/\/preprod.weasywyg.com\/fr\/2021\/03\/16\/les-chiffres-du-handicap\/"},"author":{"name":"Mona Jamois","@id":"https:\/\/preprod.weasywyg.com\/fr\/#\/schema\/person\/a7dcb2c9da462fd59f13f2258699ba9e"},"headline":"Ce que nous disent les chiffres du handicap dans le monde","datePublished":"2021-03-16T10:31:44+00:00","dateModified":"2026-07-17T14:02:51+00:00","mainEntityOfPage":{"@id":"https:\/\/preprod.weasywyg.com\/fr\/2021\/03\/16\/les-chiffres-du-handicap\/"},"wordCount":1545,"commentCount":0,"publisher":{"@id":"https:\/\/preprod.weasywyg.com\/fr\/#organization"},"image":{"@id":"https:\/\/preprod.weasywyg.com\/fr\/2021\/03\/16\/les-chiffres-du-handicap\/#primaryimage"},"thumbnailUrl":"https:\/\/preprod.weasywyg.com\/wp-content\/uploads\/2021\/03\/capturevideoanimation2.png","keywords":["aide technique","aides techniques","assistants robotiques","chiffres du handicap","handicap","handicap moteur","maladie neuromusculaire","maladie rare","mobilit\u00e9 du bras","pathologie"],"articleSection":["D\u00e9cryptage"],"inLanguage":"fr-FR","potentialAction":[{"@type":"CommentAction","name":"Comment","target":["https:\/\/preprod.weasywyg.com\/fr\/2021\/03\/16\/les-chiffres-du-handicap\/#respond"]}]},{"@type":"WebPage","@id":"https:\/\/preprod.weasywyg.com\/fr\/2021\/03\/16\/les-chiffres-du-handicap\/","url":"https:\/\/preprod.weasywyg.com\/fr\/2021\/03\/16\/les-chiffres-du-handicap\/","name":"Ce que nous disent les chiffres du handicap dans le monde - Orthopus","isPartOf":{"@id":"https:\/\/preprod.weasywyg.com\/fr\/#website"},"primaryImageOfPage":{"@id":"https:\/\/preprod.weasywyg.com\/fr\/2021\/03\/16\/les-chiffres-du-handicap\/#primaryimage"},"image":{"@id":"https:\/\/preprod.weasywyg.com\/fr\/2021\/03\/16\/les-chiffres-du-handicap\/#primaryimage"},"thumbnailUrl":"https:\/\/preprod.weasywyg.com\/wp-content\/uploads\/2021\/03\/capturevideoanimation2.png","datePublished":"2021-03-16T10:31:44+00:00","dateModified":"2026-07-17T14:02:51+00:00","breadcrumb":{"@id":"https:\/\/preprod.weasywyg.com\/fr\/2021\/03\/16\/les-chiffres-du-handicap\/#breadcrumb"},"inLanguage":"fr-FR","potentialAction":[{"@type":"ReadAction","target":["https:\/\/preprod.weasywyg.com\/fr\/2021\/03\/16\/les-chiffres-du-handicap\/"]}]},{"@type":"ImageObject","inLanguage":"fr-FR","@id":"https:\/\/preprod.weasywyg.com\/fr\/2021\/03\/16\/les-chiffres-du-handicap\/#primaryimage","url":"https:\/\/preprod.weasywyg.com\/wp-content\/uploads\/2021\/03\/capturevideoanimation2.png","contentUrl":"https:\/\/preprod.weasywyg.com\/wp-content\/uploads\/2021\/03\/capturevideoanimation2.png","width":1000,"height":667},{"@type":"BreadcrumbList","@id":"https:\/\/preprod.weasywyg.com\/fr\/2021\/03\/16\/les-chiffres-du-handicap\/#breadcrumb","itemListElement":[{"@type":"ListItem","position":1,"name":"Accueil","item":"https:\/\/preprod.weasywyg.com\/fr\/"},{"@type":"ListItem","position":2,"name":"Ce que nous disent les chiffres du handicap dans le monde"}]},{"@type":"WebSite","@id":"https:\/\/preprod.weasywyg.com\/fr\/#website","url":"https:\/\/preprod.weasywyg.com\/fr\/","name":"Orthopus","description":"Handitech solutions for everyone","publisher":{"@id":"https:\/\/preprod.weasywyg.com\/fr\/#organization"},"potentialAction":[{"@type":"SearchAction","target":{"@type":"EntryPoint","urlTemplate":"https:\/\/preprod.weasywyg.com\/fr\/?s={search_term_string}"},"query-input":{"@type":"PropertyValueSpecification","valueRequired":true,"valueName":"search_term_string"}}],"inLanguage":"fr-FR"},{"@type":"Organization","@id":"https:\/\/preprod.weasywyg.com\/fr\/#organization","name":"Orthopus","url":"https:\/\/preprod.weasywyg.com\/fr\/","logo":{"@type":"ImageObject","inLanguage":"fr-FR","@id":"https:\/\/preprod.weasywyg.com\/fr\/#\/schema\/logo\/image\/","url":"https:\/\/preprod.weasywyg.com\/wp-content\/uploads\/2026\/05\/logo.svg","contentUrl":"https:\/\/preprod.weasywyg.com\/wp-content\/uploads\/2026\/05\/logo.svg","caption":"Orthopus"},"image":{"@id":"https:\/\/preprod.weasywyg.com\/fr\/#\/schema\/logo\/image\/"}},{"@type":"Person","@id":"https:\/\/preprod.weasywyg.com\/fr\/#\/schema\/person\/a7dcb2c9da462fd59f13f2258699ba9e","name":"Mona Jamois","image":{"@type":"ImageObject","inLanguage":"fr-FR","@id":"https:\/\/secure.gravatar.com\/avatar\/b5b462af4cf5722fbd017ef55b474709ff34d6030941c8c793bf9edf5d82b670?s=96&d=mm&r=g","url":"https:\/\/secure.gravatar.com\/avatar\/b5b462af4cf5722fbd017ef55b474709ff34d6030941c8c793bf9edf5d82b670?s=96&d=mm&r=g","contentUrl":"https:\/\/secure.gravatar.com\/avatar\/b5b462af4cf5722fbd017ef55b474709ff34d6030941c8c793bf9edf5d82b670?s=96&d=mm&r=g","caption":"Mona Jamois"},"url":"https:\/\/preprod.weasywyg.com\/fr\/author\/orthopus-mona-26\/"}]}},"taxonomy_info":{"category":[{"value":232,"label":"D\u00e9cryptage"}],"post_tag":[{"value":60,"label":"aide technique"},{"value":69,"label":"aides techniques"},{"value":70,"label":"assistants robotiques"},{"value":71,"label":"chiffres du handicap"},{"value":62,"label":"handicap"},{"value":63,"label":"handicap moteur"},{"value":64,"label":"maladie neuromusculaire"},{"value":72,"label":"maladie rare"},{"value":73,"label":"mobilit\u00e9 du bras"},{"value":74,"label":"pathologie"}]},"featured_image_src_large":["https:\/\/preprod.weasywyg.com\/wp-content\/uploads\/2021\/03\/capturevideoanimation2.png",1000,667,false],"author_info":{"display_name":"Mona Jamois","author_link":"https:\/\/preprod.weasywyg.com\/fr\/author\/orthopus-mona-26\/"},"comment_info":0,"category_info":[{"term_id":232,"name":"D\u00e9cryptage","slug":"decryptage","term_group":0,"term_taxonomy_id":232,"taxonomy":"category","description":"","parent":0,"count":9,"filter":"raw","cat_ID":232,"category_count":9,"category_description":"","cat_name":"D\u00e9cryptage","category_nicename":"decryptage","category_parent":0}],"tag_info":[{"term_id":60,"name":"aide technique","slug":"aide-technique","term_group":0,"term_taxonomy_id":60,"taxonomy":"post_tag","description":"","parent":0,"count":15,"filter":"raw"},{"term_id":69,"name":"aides techniques","slug":"aides-techniques","term_group":0,"term_taxonomy_id":69,"taxonomy":"post_tag","description":"","parent":0,"count":2,"filter":"raw"},{"term_id":70,"name":"assistants robotiques","slug":"assistants-robotiques","term_group":0,"term_taxonomy_id":70,"taxonomy":"post_tag","description":"","parent":0,"count":1,"filter":"raw"},{"term_id":71,"name":"chiffres du handicap","slug":"chiffres-du-handicap","term_group":0,"term_taxonomy_id":71,"taxonomy":"post_tag","description":"","parent":0,"count":1,"filter":"raw"},{"term_id":62,"name":"handicap","slug":"handicap","term_group":0,"term_taxonomy_id":62,"taxonomy":"post_tag","description":"","parent":0,"count":12,"filter":"raw"},{"term_id":63,"name":"handicap moteur","slug":"handicap-moteur","term_group":0,"term_taxonomy_id":63,"taxonomy":"post_tag","description":"","parent":0,"count":20,"filter":"raw"},{"term_id":64,"name":"maladie neuromusculaire","slug":"maladie-neuromusculaire","term_group":0,"term_taxonomy_id":64,"taxonomy":"post_tag","description":"","parent":0,"count":2,"filter":"raw"},{"term_id":72,"name":"maladie rare","slug":"maladie-rare","term_group":0,"term_taxonomy_id":72,"taxonomy":"post_tag","description":"","parent":0,"count":1,"filter":"raw"},{"term_id":73,"name":"mobilit\u00e9 du bras","slug":"mobilite-du-bras","term_group":0,"term_taxonomy_id":73,"taxonomy":"post_tag","description":"","parent":0,"count":1,"filter":"raw"},{"term_id":74,"name":"pathologie","slug":"pathologie","term_group":0,"term_taxonomy_id":74,"taxonomy":"post_tag","description":"","parent":0,"count":1,"filter":"raw"}],"_links":{"self":[{"href":"https:\/\/preprod.weasywyg.com\/fr\/wp-json\/wp\/v2\/posts\/18770","targetHints":{"allow":["GET"]}}],"collection":[{"href":"https:\/\/preprod.weasywyg.com\/fr\/wp-json\/wp\/v2\/posts"}],"about":[{"href":"https:\/\/preprod.weasywyg.com\/fr\/wp-json\/wp\/v2\/types\/post"}],"author":[{"embeddable":true,"href":"https:\/\/preprod.weasywyg.com\/fr\/wp-json\/wp\/v2\/users\/2"}],"replies":[{"embeddable":true,"href":"https:\/\/preprod.weasywyg.com\/fr\/wp-json\/wp\/v2\/comments?post=18770"}],"version-history":[{"count":1,"href":"https:\/\/preprod.weasywyg.com\/fr\/wp-json\/wp\/v2\/posts\/18770\/revisions"}],"predecessor-version":[{"id":18930,"href":"https:\/\/preprod.weasywyg.com\/fr\/wp-json\/wp\/v2\/posts\/18770\/revisions\/18930"}],"wp:featuredmedia":[{"embeddable":true,"href":"https:\/\/preprod.weasywyg.com\/fr\/wp-json\/wp\/v2\/media\/18646"}],"wp:attachment":[{"href":"https:\/\/preprod.weasywyg.com\/fr\/wp-json\/wp\/v2\/media?parent=18770"}],"wp:term":[{"taxonomy":"category","embeddable":true,"href":"https:\/\/preprod.weasywyg.com\/fr\/wp-json\/wp\/v2\/categories?post=18770"},{"taxonomy":"post_tag","embeddable":true,"href":"https:\/\/preprod.weasywyg.com\/fr\/wp-json\/wp\/v2\/tags?post=18770"}],"curies":[{"name":"wp","href":"https:\/\/api.w.org\/{rel}","templated":true}]}}