{"id":18772,"date":"2022-02-02T10:05:27","date_gmt":"2022-02-02T09:05:27","guid":{"rendered":"https:\/\/preprod.weasywyg.com\/2022\/02\/02\/metier-ergotherapeute\/"},"modified":"2026-07-17T16:02:34","modified_gmt":"2026-07-17T14:02:34","slug":"metier-ergotherapeute","status":"publish","type":"post","link":"https:\/\/preprod.weasywyg.com\/fr\/2022\/02\/02\/metier-ergotherapeute\/","title":{"rendered":"L\u2019ergoth\u00e9rapeute : un professionnel au c\u0153ur de l\u2019accompagnement du handicap"},"content":{"rendered":"\n<p class=\"wp-block-paragraph\">\n<strong>Quel est le r\u00f4le d&rsquo;un ergoth\u00e9rapeute dans le parcours de r\u00e9\u00e9ducation d&rsquo;un patient ? Comment la fabrication num\u00e9rique fait \u00e9voluer la profession ? Pr\u00e9sentation de ce m\u00e9tier au service de l&rsquo;autonomie.<br\/><\/strong>\n<\/p>\n\n\n\n<p class=\"wp-block-paragraph\">\nLes ergoth\u00e9rapeutes sont des professionnels de sant\u00e9 qui ont pour mission d<strong>\u2019apporter de l\u2019autonomie dans le quotidien des personnes en situation de handicap<\/strong>. Ils sont pr\u00e9sents tout au long du parcours patient et interviennent sur prescription d\u2019un m\u00e9decin, le plus souvent sp\u00e9cialis\u00e9 en m\u00e9decine physique de r\u00e9adaptation (MPR). Les deux professionnels travaillent d\u2019ailleurs souvent main dans la main dans des centres de Soins de Suite et de R\u00e9adaptation (<a href=\"https:\/\/solidarites-sante.gouv.fr\/soins-et-maladies\/prises-en-charge-specialisees\/ssr\" rel=\"noopener noreferrer\" target=\"_blank\">SSR<\/a>) ou dans des CHU. Les ergoth\u00e9rapeutes exercent \u00e9galement dans des centres m\u00e9dicaux sociaux (<a href=\"https:\/\/www.enfant-different.org\/services-et-etablissements\/les-instituts-medico-educatifs\" rel=\"noopener noreferrer\" target=\"_blank\">IME<\/a>, <a href=\"https:\/\/www.ac-reims.fr\/qu-est-ce-qu-un-sessad-service-d-education-speciale-et-de-soins-a-domicile-121610\" rel=\"noopener noreferrer\" target=\"_blank\">SESSAD<\/a>, <a href=\"http:\/\/www.mdph13.fr\/demarches\/Pages\/IEM.aspx\" rel=\"noopener noreferrer\" target=\"_blank\">IEM<\/a>, \u2026), des lieux de vie (<a href=\"https:\/\/www.service-public.fr\/particuliers\/vosdroits\/F15255\" rel=\"noopener noreferrer\" target=\"_blank\">FAM<\/a>, <a href=\"https:\/\/www.service-public.fr\/particuliers\/vosdroits\/F2006\" rel=\"noopener noreferrer\" target=\"_blank\">MAS<\/a>, \u2026) et en lib\u00e9ral.\n<\/p>\n\n\n\n<p class=\"wp-block-paragraph\" style=\"text-align: center;\">\n<i>\u201c<\/i><i><big>Une profession qui s&rsquo;occupe de la promotion de la sant\u00e9<br\/><\/big><\/i><i><big>et du bien-\u00eatre par l&rsquo;occupation\u201d<\/big><br\/>D\u00e9finition de l\u2019ergoth\u00e9rapie par l\u2019<a href=\"https:\/\/anfe.fr\/\" rel=\"noopener noreferrer\" target=\"_blank\">Association Nationale Fran\u00e7aise des Ergoth\u00e9rapeutes<\/a><br\/><\/i>\n<\/p>\n\n\n\n<p class=\"wp-block-paragraph\">\n<strong>En 2021 la France comptait <\/strong><a href=\"https:\/\/anfe.fr\/qu_est_ce_que_l_ergotherapie\/\" rel=\"noopener noreferrer\" target=\"_blank\"><b>14 548 ergoth\u00e9rapeutes<\/b><\/a><b> <\/b><a href=\"https:\/\/anfe.fr\/qu_est_ce_que_l_ergotherapie\/\" rel=\"noopener noreferrer\" target=\"_blank\">dont<strong> 8<\/strong><b>7% de femmes.<\/b><\/a><b><\/b>\n<\/p>\n\n\n\n<h2 class=\"wp-block-heading\">Un professionnel au service de l&rsquo;autonomie tout au long de la vie<\/h2>\n\n\n\n<p class=\"wp-block-paragraph\">\nAux diff\u00e9rents \u00e2ges de la vie, apr\u00e8s un accident, une blessure, pour le suivi d\u2019une pathologie, ou pour les troubles de l\u2019apprentissage de l\u2019enfant<strong> : tout le monde pourrait \u00eatre amen\u00e9 \u00e0 consulter un ergoth\u00e9rapeute<\/strong>.\n<\/p>\n\n\n\n<p class=\"wp-block-paragraph\">\nDans le but d\u2019apporter de l\u2019ind\u00e9pendance et de l\u2019autonomie, l\u2019ergoth\u00e9rapeute prend en charge ses patients \u00e0 3 niveaux diff\u00e9rents : \n<\/p>\n\n\n\n<ul class=\"wp-block-list\">\n<li>La <b>r\u00e9\u00e9ducation<\/b>, qu\u2019elle soit motrice ou cognitive. Elle est souvent bas\u00e9e sur des activit\u00e9s manuelles et ludiques qui visent \u00e0 r\u00e9cup\u00e9rer de la mobilit\u00e9. Il existe par exemple beaucoup d\u2019exercices de renforcement musculaire au niveau de la main pour retrouver une pr\u00e9hension suffisante \u00e0 la vie quotidienne.<\/li>\n\n<\/ul>\n\n\n\n<ul class=\"wp-block-list\">\n<li><b>La r\u00e9int\u00e9gration sociale<\/b>, dans l\u2019environnement familial, professionnel, scolaire etc. Par exemple, lever le bras en classe pour pouvoir participer, \u00e9changer avec ses camarades \u00e9tant primordial dans la sph\u00e8re sociale pour conserver l&rsquo;interaction.<\/li>\n\n<\/ul>\n\n\n\n<ul class=\"wp-block-list\">\n<li><b>La r\u00e9adaptation <\/b>de l&rsquo;environnement physique quotidien. Dans ce cas l\u00e0, il va effectuer des mises en situation dans le quotidien de la personne et par la suite, faire des propositions d\u2019aides techniques de compensation du handicap (comme un fauteuil roulant, un support de bras etc.), d\u2019am\u00e9nagement de domicile, du v\u00e9hicule, ou encore des adaptations de l\u2019outil informatique. \u201cNotre r\u00f4le est d\u2019\u00e9tablir le cahier des charges : par exemple les dimensions du fauteuil, l\u2019\u00e8re de giration, etc. \u00bb\u201d<\/li>\n\n<\/ul>\n\n\n\n<p class=\"wp-block-paragraph\" style=\"text-align: center;\">\n<em>\u201c<big>Nous on est l\u00e0 pour faire de l\u2019<strong>information et du conseil<\/strong>.<br\/>Le but c\u2019est de pr\u00e9senter tout ce qui peut \u00eatre possible au patient.\u201d<br\/><\/big>Krystel, ergoth\u00e9rapeute du Groupe Korian \u00e0 Grenoble<\/em>\n<\/p>\n\n\n\n<h2 class=\"wp-block-heading\">La fabrication num\u00e9rique : une r\u00e9volution pour l&rsquo;ergoth\u00e9rapie<\/h2>\n\n\n\n<p class=\"wp-block-paragraph\">\nLes ergoth\u00e9rapeutes sont \u00e9quip\u00e9s d\u2019un panel d\u2019outils pour <strong>cr\u00e9er les aides techniques adapt\u00e9es aux besoins et au quotidien de leurs patients<\/strong> : fabrication des mousses de positionnement pour les fauteuils roulants, des reposes-poignets, couture d&rsquo;une orth\u00e8se, etc.\n<\/p>\n\n\n\n<p class=\"wp-block-paragraph\">\nAujourd\u2019hui, des <strong>machines de fabrication num\u00e9rique<\/strong> <strong>comme les imprimantes 3D<\/strong>, viennent compl\u00e9ter ces outils traditionnels et ouvrent de nouvelles possibilit\u00e9s. Elles permettent de cr\u00e9er rapidement des aides techniques personnalis\u00e9es sur mesure pour chaque patient (attrape-cuill\u00e8re, porte-verre, ouvre bouteille etc.). \n<\/p>\n\n\n\n<p class=\"wp-block-paragraph\">\n<big><i>\u201c Ce serait presque maltraitant pour les patients de ne pas consid\u00e9rer<br\/>les avanc\u00e9es technologiques dans notre m\u00e9tier\u201d<br\/><\/i><\/big>Nolwenn\n<\/p>\n\n\n\n<p class=\"wp-block-paragraph\">\nCes machines n\u00e9cessitent cependant une <strong>formation importante<\/strong> et c\u2019est l\u00e0 que repose l\u2019enjeu connexe \u00e0 la cr\u00e9ation num\u00e9rique : <strong>trouver le temps et les moyens pour former les professionnels<\/strong>.\u00a0\n<\/p>\n\n\n\n<p class=\"wp-block-paragraph\">\nDepuis 2016, le <a href=\"https:\/\/rehab-lab.org\/\" rel=\"noopener noreferrer\" target=\"_blank\">REHAB-LAB<\/a> du Centre mutualiste de r\u00e9\u00e9ducation et de r\u00e9adaptation fonctionnelles de Kerpape, <strong>explore les possibilit\u00e9s offertes par ces nouvelles technologies<\/strong>. Pionnier dans le domaine, le REHAB-LAB a d\u00e9j\u00e0 form\u00e9 <a href=\"https:\/\/rehab-lab.org\/pages\/trainings#prochaines-formations-s-0\" rel=\"noopener noreferrer\" target=\"_blank\">plus de 120 ergoth\u00e9rapeutes<\/a> \u00e0 l&rsquo;impression 3D.<strong><br\/><\/strong>\n<\/p>\n\n\n\n<p class=\"wp-block-paragraph\">\nCet atelier d&rsquo;un nouveau genre permet d&rsquo;<strong>exp\u00e9rimenter la cr\u00e9ation d\u2019aides techniques<\/strong> par les patients eux-m\u00eame, entour\u00e9s d&rsquo;ergoth\u00e9rapeutes et de r\u00e9f\u00e9rents techniques :\n<\/p>\n\n\n\n<figure class=\"wp-block-embed is-type-video is-provider-youtube wp-block-embed-youtube wp-embed-aspect-16-9 wp-has-aspect-ratio\"><div class=\"wp-block-embed__wrapper\">\n<iframe loading=\"lazy\" title=\"Au Rehab-Lab, le patient cr\u00e9e son aide technique en 3D\" width=\"1480\" height=\"833\" src=\"https:\/\/www.youtube.com\/embed\/gXRgxN3OKUY?feature=oembed\" frameborder=\"0\" allow=\"accelerometer; autoplay; clipboard-write; encrypted-media; gyroscope; picture-in-picture; web-share\" referrerpolicy=\"strict-origin-when-cross-origin\" allowfullscreen><\/iframe>\n<\/div><\/figure>\n\n\n\n<p class=\"wp-block-paragraph\">\nChez ORTHOPUS, <strong>nous int\u00e9grons l\u2019impression 3D dans la conception de nos dispositifs m\u00e9dicaux<\/strong>. Les coques de nos solutions seront imprim\u00e9es en 3D, ce qui permettra d\u2019en choisir la couleur. Les fichiers seront publi\u00e9s en open-source sur internet afin de permettre aux utilisateurs et utilisatrices de les personnaliser. Chez soi avec une imprimante 3D, ou accompagn\u00e9 par des personnes comp\u00e9tentes dans un fablab ou un human lab, toutes les id\u00e9es pourront prendre vie !\n<\/p>\n\n\n\n<p class=\"wp-block-paragraph\">\nUn <strong>FABLAB<\/strong> est un <strong>atelier ouvert \u00e0 tous<\/strong>, d\u00e9butants comme sp\u00e9cialistes, pour prototyper et fabriquer des objets. On y trouve des \u00e9tablis de bricolage traditionnels, de l&rsquo;\u00e9quipement \u00e9lectronique, et des machines \u00e0 commandes num\u00e9riques comme des imprimantes 3D et des d\u00e9coupeuses laser. Les fablabs sont des <strong>lieux de sociabilit\u00e9 et d&rsquo;entraide autour du partage de savoirs-faire techniques<\/strong>.\n<\/p>\n\n\n\n<p class=\"wp-block-paragraph\">\nUn <a href=\"https:\/\/myhumankit.org\/le-humanlab\/\" rel=\"noopener noreferrer\" target=\"_blank\"><strong>HUMANLAB<\/strong><\/a>, c&rsquo;est un fablab mais <strong>d\u00e9di\u00e9 \u00e0 la r\u00e9alisation d&rsquo;aides techniques au handicap<\/strong>. Espace d&rsquo;\u00e9change et de solidarit\u00e9, ils accueillent les personnes en situation de handicap qui ont une id\u00e9e ou un besoin et les accompagnent dans la fabrication.\u00a0\u00a0\n<\/p>\n\n\n\n<p class=\"wp-block-paragraph\">\n<strong>Quelques Human labs fran\u00e7ais :\u00a0<\/strong><a href=\"https:\/\/myhumankit.org\/\" rel=\"noopener noreferrer\" target=\"_blank\">My Human Kit<\/a> \u00e0 Rennes, <a href=\"https:\/\/humanlabapajh44.org\/\" rel=\"noopener noreferrer\" target=\"_blank\">L&rsquo;APAJH44 <\/a>\u00e0 Nantes, <a href=\"https:\/\/www.autonabee.com\/\" rel=\"noopener noreferrer\" target=\"_blank\">Autonabee<\/a> \u00e0 Lyon, Le <a href=\"https:\/\/www.humanlabsaintpierre.org\/?fbclid=IwAR3C1mox2rwrhyMLZiO6Vo_HvgHXKWa8FbuV0gQqS0AojjWpVA9FCE_gx_M\" rel=\"noopener noreferrer\" target=\"_blank\">Humanlab Saint Pierre<\/a> \u00e0 Palavas Les Flos.\n<\/p>\n\n\n\n<h2 class=\"wp-block-heading\">Ressources autour de l&rsquo;ergoth\u00e9rapie<\/h2>\n\n\n\n<ul class=\"wp-block-list\">\n<li><a href=\"https:\/\/anfe.fr\/qu_est_ce_que_l_ergotherapie\/\" rel=\"noopener noreferrer\" target=\"_blank\">Qu\u2019est-ce que l\u2019ergoth\u00e9rapie ? <\/a>anfe.fr<\/li>\n\n\n<li><a href=\"https:\/\/marion-comiti-ergotherapeute.fr\/qui-suis-je\/\" rel=\"noopener noreferrer\" target=\"_blank\">La vocation d\u2019Ergoth\u00e9rapeute d\u2019apr\u00e8s Marion Comti, ergoth\u00e9rapeute\u00a0<\/a><\/li>\n\n\n<li><a href=\"https:\/\/www.enfant-different.org\/methodes-et-approches-reeducatives\/ergotherapeute\" rel=\"noopener noreferrer\" target=\"_blank\">Se faire accompagner par un ergoth\u00e9rapeute<\/a>&#8211; enfant-different.org<\/li>\n\n<\/ul>\n\n\n\n<p class=\"wp-block-paragraph\">\nPour trouver un-e ergoth\u00e9rapeute pr\u00e8s de chez vous : <a href=\"https:\/\/anfe.fr\/trouver_un_ergotherapeute\/\" rel=\"noopener noreferrer\" target=\"_blank\">cliquez ici<\/a>.\n<\/p>\n","protected":false},"excerpt":{"rendered":"<p>Quel est le r\u00f4le d\u2019un ergoth\u00e9rapeute dans le parcours de r\u00e9\u00e9ducation d\u2019un patient ? Comment la fabrication num\u00e9rique fait \u00e9voluer la profession ? Pr\u00e9sentation de ce m\u00e9tier au service de l\u2019autonomie. <\/p>\n","protected":false},"author":2,"featured_media":18648,"comment_status":"open","ping_status":"open","sticky":false,"template":"","format":"standard","meta":{"_kad_blocks_custom_css":"","_kad_blocks_head_custom_js":"","_kad_blocks_body_custom_js":"","_kad_blocks_footer_custom_js":"","footnotes":""},"categories":[8],"tags":[40,69,94,95,45,96,97,62,63,98,99,100,67,101],"class_list":["post-18772","post","type-post","status-publish","format-standard","has-post-thumbnail","hentry","category-sante","tag-aide-technique-handicap","tag-aides-techniques","tag-anfe","tag-autonomie","tag-ergotherapeute","tag-ergotherapie","tag-fabrication-numerique","tag-handicap","tag-handicap-moteur","tag-imprimante-3d","tag-membre-superieur","tag-metier-ergotherapeute","tag-readaptation","tag-reeducation"],"yoast_head":"<!-- This site is optimized with the Yoast SEO plugin v28.4 - https:\/\/yoast.com\/product\/yoast-seo-wordpress\/ -->\n<title>L\u2019ergoth\u00e9rapeute : un professionnel au c\u0153ur de l\u2019accompagnement du handicap - Orthopus<\/title>\n<meta name=\"robots\" content=\"noindex, follow, max-snippet:-1, max-image-preview:large, max-video-preview:-1\" \/>\n<meta property=\"og:locale\" content=\"fr_FR\" \/>\n<meta property=\"og:type\" content=\"article\" \/>\n<meta property=\"og:title\" content=\"L\u2019ergoth\u00e9rapeute : un professionnel au c\u0153ur de l\u2019accompagnement du handicap - Orthopus\" \/>\n<meta property=\"og:description\" content=\"Quel est le r\u00f4le d\u2019un ergoth\u00e9rapeute dans le parcours de r\u00e9\u00e9ducation d\u2019un patient ? Comment la fabrication num\u00e9rique fait \u00e9voluer la profession ? Pr\u00e9sentation de ce m\u00e9tier au service de l\u2019autonomie.\" \/>\n<meta property=\"og:url\" content=\"https:\/\/preprod.weasywyg.com\/fr\/2022\/02\/02\/metier-ergotherapeute\/\" \/>\n<meta property=\"og:site_name\" content=\"Orthopus\" \/>\n<meta property=\"article:published_time\" content=\"2022-02-02T09:05:27+00:00\" \/>\n<meta property=\"article:modified_time\" content=\"2026-07-17T14:02:34+00:00\" \/>\n<meta property=\"og:image\" content=\"https:\/\/preprod.weasywyg.com\/wp-content\/uploads\/2022\/01\/IMG_3123.png\" \/>\n\t<meta property=\"og:image:width\" content=\"1000\" \/>\n\t<meta property=\"og:image:height\" content=\"733\" \/>\n\t<meta property=\"og:image:type\" content=\"image\/png\" \/>\n<meta name=\"author\" content=\"Mona Jamois\" \/>\n<meta name=\"twitter:card\" content=\"summary_large_image\" \/>\n<meta name=\"twitter:label1\" content=\"\u00c9crit par\" \/>\n\t<meta name=\"twitter:data1\" content=\"Mona Jamois\" \/>\n\t<meta name=\"twitter:label2\" content=\"Dur\u00e9e de lecture estim\u00e9e\" \/>\n\t<meta name=\"twitter:data2\" content=\"5 minutes\" \/>\n<script type=\"application\/ld+json\" class=\"yoast-schema-graph\">{\"@context\":\"https:\\\/\\\/schema.org\",\"@graph\":[{\"@type\":\"Article\",\"@id\":\"https:\\\/\\\/preprod.weasywyg.com\\\/fr\\\/2022\\\/02\\\/02\\\/metier-ergotherapeute\\\/#article\",\"isPartOf\":{\"@id\":\"https:\\\/\\\/preprod.weasywyg.com\\\/fr\\\/2022\\\/02\\\/02\\\/metier-ergotherapeute\\\/\"},\"author\":{\"name\":\"Mona Jamois\",\"@id\":\"https:\\\/\\\/preprod.weasywyg.com\\\/fr\\\/#\\\/schema\\\/person\\\/a7dcb2c9da462fd59f13f2258699ba9e\"},\"headline\":\"L\u2019ergoth\u00e9rapeute : un professionnel au c\u0153ur de l\u2019accompagnement du handicap\",\"datePublished\":\"2022-02-02T09:05:27+00:00\",\"dateModified\":\"2026-07-17T14:02:34+00:00\",\"mainEntityOfPage\":{\"@id\":\"https:\\\/\\\/preprod.weasywyg.com\\\/fr\\\/2022\\\/02\\\/02\\\/metier-ergotherapeute\\\/\"},\"wordCount\":975,\"commentCount\":0,\"publisher\":{\"@id\":\"https:\\\/\\\/preprod.weasywyg.com\\\/fr\\\/#organization\"},\"image\":{\"@id\":\"https:\\\/\\\/preprod.weasywyg.com\\\/fr\\\/2022\\\/02\\\/02\\\/metier-ergotherapeute\\\/#primaryimage\"},\"thumbnailUrl\":\"https:\\\/\\\/preprod.weasywyg.com\\\/wp-content\\\/uploads\\\/2022\\\/01\\\/IMG_3123.png\",\"keywords\":[\"aide technique handicap\",\"aides techniques\",\"ANFE\",\"autonomie\",\"ergotherapeute\",\"ergoth\u00e9rapie\",\"fabrication num\u00e9rique\",\"handicap\",\"handicap moteur\",\"imprimante 3D\",\"membre sup\u00e9rieur\",\"metier ergotherapeute\",\"readaptation\",\"reeducation\"],\"articleSection\":[\"Sant\u00e9\"],\"inLanguage\":\"fr-FR\",\"potentialAction\":[{\"@type\":\"CommentAction\",\"name\":\"Comment\",\"target\":[\"https:\\\/\\\/preprod.weasywyg.com\\\/fr\\\/2022\\\/02\\\/02\\\/metier-ergotherapeute\\\/#respond\"]}]},{\"@type\":\"WebPage\",\"@id\":\"https:\\\/\\\/preprod.weasywyg.com\\\/fr\\\/2022\\\/02\\\/02\\\/metier-ergotherapeute\\\/\",\"url\":\"https:\\\/\\\/preprod.weasywyg.com\\\/fr\\\/2022\\\/02\\\/02\\\/metier-ergotherapeute\\\/\",\"name\":\"L\u2019ergoth\u00e9rapeute : un professionnel au c\u0153ur de l\u2019accompagnement du handicap - Orthopus\",\"isPartOf\":{\"@id\":\"https:\\\/\\\/preprod.weasywyg.com\\\/fr\\\/#website\"},\"primaryImageOfPage\":{\"@id\":\"https:\\\/\\\/preprod.weasywyg.com\\\/fr\\\/2022\\\/02\\\/02\\\/metier-ergotherapeute\\\/#primaryimage\"},\"image\":{\"@id\":\"https:\\\/\\\/preprod.weasywyg.com\\\/fr\\\/2022\\\/02\\\/02\\\/metier-ergotherapeute\\\/#primaryimage\"},\"thumbnailUrl\":\"https:\\\/\\\/preprod.weasywyg.com\\\/wp-content\\\/uploads\\\/2022\\\/01\\\/IMG_3123.png\",\"datePublished\":\"2022-02-02T09:05:27+00:00\",\"dateModified\":\"2026-07-17T14:02:34+00:00\",\"breadcrumb\":{\"@id\":\"https:\\\/\\\/preprod.weasywyg.com\\\/fr\\\/2022\\\/02\\\/02\\\/metier-ergotherapeute\\\/#breadcrumb\"},\"inLanguage\":\"fr-FR\",\"potentialAction\":[{\"@type\":\"ReadAction\",\"target\":[\"https:\\\/\\\/preprod.weasywyg.com\\\/fr\\\/2022\\\/02\\\/02\\\/metier-ergotherapeute\\\/\"]}]},{\"@type\":\"ImageObject\",\"inLanguage\":\"fr-FR\",\"@id\":\"https:\\\/\\\/preprod.weasywyg.com\\\/fr\\\/2022\\\/02\\\/02\\\/metier-ergotherapeute\\\/#primaryimage\",\"url\":\"https:\\\/\\\/preprod.weasywyg.com\\\/wp-content\\\/uploads\\\/2022\\\/01\\\/IMG_3123.png\",\"contentUrl\":\"https:\\\/\\\/preprod.weasywyg.com\\\/wp-content\\\/uploads\\\/2022\\\/01\\\/IMG_3123.png\",\"width\":1000,\"height\":733},{\"@type\":\"BreadcrumbList\",\"@id\":\"https:\\\/\\\/preprod.weasywyg.com\\\/fr\\\/2022\\\/02\\\/02\\\/metier-ergotherapeute\\\/#breadcrumb\",\"itemListElement\":[{\"@type\":\"ListItem\",\"position\":1,\"name\":\"Accueil\",\"item\":\"https:\\\/\\\/preprod.weasywyg.com\\\/fr\\\/\"},{\"@type\":\"ListItem\",\"position\":2,\"name\":\"L\u2019ergoth\u00e9rapeute : un professionnel au c\u0153ur de l\u2019accompagnement du handicap\"}]},{\"@type\":\"WebSite\",\"@id\":\"https:\\\/\\\/preprod.weasywyg.com\\\/fr\\\/#website\",\"url\":\"https:\\\/\\\/preprod.weasywyg.com\\\/fr\\\/\",\"name\":\"Orthopus\",\"description\":\"Handitech solutions for everyone\",\"publisher\":{\"@id\":\"https:\\\/\\\/preprod.weasywyg.com\\\/fr\\\/#organization\"},\"potentialAction\":[{\"@type\":\"SearchAction\",\"target\":{\"@type\":\"EntryPoint\",\"urlTemplate\":\"https:\\\/\\\/preprod.weasywyg.com\\\/fr\\\/?s={search_term_string}\"},\"query-input\":{\"@type\":\"PropertyValueSpecification\",\"valueRequired\":true,\"valueName\":\"search_term_string\"}}],\"inLanguage\":\"fr-FR\"},{\"@type\":\"Organization\",\"@id\":\"https:\\\/\\\/preprod.weasywyg.com\\\/fr\\\/#organization\",\"name\":\"Orthopus\",\"url\":\"https:\\\/\\\/preprod.weasywyg.com\\\/fr\\\/\",\"logo\":{\"@type\":\"ImageObject\",\"inLanguage\":\"fr-FR\",\"@id\":\"https:\\\/\\\/preprod.weasywyg.com\\\/fr\\\/#\\\/schema\\\/logo\\\/image\\\/\",\"url\":\"https:\\\/\\\/preprod.weasywyg.com\\\/wp-content\\\/uploads\\\/2026\\\/05\\\/logo.svg\",\"contentUrl\":\"https:\\\/\\\/preprod.weasywyg.com\\\/wp-content\\\/uploads\\\/2026\\\/05\\\/logo.svg\",\"caption\":\"Orthopus\"},\"image\":{\"@id\":\"https:\\\/\\\/preprod.weasywyg.com\\\/fr\\\/#\\\/schema\\\/logo\\\/image\\\/\"}},{\"@type\":\"Person\",\"@id\":\"https:\\\/\\\/preprod.weasywyg.com\\\/fr\\\/#\\\/schema\\\/person\\\/a7dcb2c9da462fd59f13f2258699ba9e\",\"name\":\"Mona Jamois\",\"image\":{\"@type\":\"ImageObject\",\"inLanguage\":\"fr-FR\",\"@id\":\"https:\\\/\\\/secure.gravatar.com\\\/avatar\\\/b5b462af4cf5722fbd017ef55b474709ff34d6030941c8c793bf9edf5d82b670?s=96&d=mm&r=g\",\"url\":\"https:\\\/\\\/secure.gravatar.com\\\/avatar\\\/b5b462af4cf5722fbd017ef55b474709ff34d6030941c8c793bf9edf5d82b670?s=96&d=mm&r=g\",\"contentUrl\":\"https:\\\/\\\/secure.gravatar.com\\\/avatar\\\/b5b462af4cf5722fbd017ef55b474709ff34d6030941c8c793bf9edf5d82b670?s=96&d=mm&r=g\",\"caption\":\"Mona Jamois\"},\"url\":\"https:\\\/\\\/preprod.weasywyg.com\\\/fr\\\/author\\\/orthopus-mona-26\\\/\"}]}<\/script>\n<!-- \/ Yoast SEO plugin. -->","yoast_head_json":{"title":"L\u2019ergoth\u00e9rapeute : un professionnel au c\u0153ur de l\u2019accompagnement du handicap - Orthopus","robots":{"index":"noindex","follow":"follow","max-snippet":"max-snippet:-1","max-image-preview":"max-image-preview:large","max-video-preview":"max-video-preview:-1"},"og_locale":"fr_FR","og_type":"article","og_title":"L\u2019ergoth\u00e9rapeute : un professionnel au c\u0153ur de l\u2019accompagnement du handicap - Orthopus","og_description":"Quel est le r\u00f4le d\u2019un ergoth\u00e9rapeute dans le parcours de r\u00e9\u00e9ducation d\u2019un patient ? Comment la fabrication num\u00e9rique fait \u00e9voluer la profession ? Pr\u00e9sentation de ce m\u00e9tier au service de l\u2019autonomie.","og_url":"https:\/\/preprod.weasywyg.com\/fr\/2022\/02\/02\/metier-ergotherapeute\/","og_site_name":"Orthopus","article_published_time":"2022-02-02T09:05:27+00:00","article_modified_time":"2026-07-17T14:02:34+00:00","og_image":[{"width":1000,"height":733,"url":"https:\/\/preprod.weasywyg.com\/wp-content\/uploads\/2022\/01\/IMG_3123.png","type":"image\/png"}],"author":"Mona Jamois","twitter_card":"summary_large_image","twitter_misc":{"\u00c9crit par":"Mona Jamois","Dur\u00e9e de lecture estim\u00e9e":"5 minutes"},"schema":{"@context":"https:\/\/schema.org","@graph":[{"@type":"Article","@id":"https:\/\/preprod.weasywyg.com\/fr\/2022\/02\/02\/metier-ergotherapeute\/#article","isPartOf":{"@id":"https:\/\/preprod.weasywyg.com\/fr\/2022\/02\/02\/metier-ergotherapeute\/"},"author":{"name":"Mona Jamois","@id":"https:\/\/preprod.weasywyg.com\/fr\/#\/schema\/person\/a7dcb2c9da462fd59f13f2258699ba9e"},"headline":"L\u2019ergoth\u00e9rapeute : un professionnel au c\u0153ur de l\u2019accompagnement du handicap","datePublished":"2022-02-02T09:05:27+00:00","dateModified":"2026-07-17T14:02:34+00:00","mainEntityOfPage":{"@id":"https:\/\/preprod.weasywyg.com\/fr\/2022\/02\/02\/metier-ergotherapeute\/"},"wordCount":975,"commentCount":0,"publisher":{"@id":"https:\/\/preprod.weasywyg.com\/fr\/#organization"},"image":{"@id":"https:\/\/preprod.weasywyg.com\/fr\/2022\/02\/02\/metier-ergotherapeute\/#primaryimage"},"thumbnailUrl":"https:\/\/preprod.weasywyg.com\/wp-content\/uploads\/2022\/01\/IMG_3123.png","keywords":["aide technique handicap","aides techniques","ANFE","autonomie","ergotherapeute","ergoth\u00e9rapie","fabrication num\u00e9rique","handicap","handicap moteur","imprimante 3D","membre sup\u00e9rieur","metier ergotherapeute","readaptation","reeducation"],"articleSection":["Sant\u00e9"],"inLanguage":"fr-FR","potentialAction":[{"@type":"CommentAction","name":"Comment","target":["https:\/\/preprod.weasywyg.com\/fr\/2022\/02\/02\/metier-ergotherapeute\/#respond"]}]},{"@type":"WebPage","@id":"https:\/\/preprod.weasywyg.com\/fr\/2022\/02\/02\/metier-ergotherapeute\/","url":"https:\/\/preprod.weasywyg.com\/fr\/2022\/02\/02\/metier-ergotherapeute\/","name":"L\u2019ergoth\u00e9rapeute : un professionnel au c\u0153ur de l\u2019accompagnement du handicap - Orthopus","isPartOf":{"@id":"https:\/\/preprod.weasywyg.com\/fr\/#website"},"primaryImageOfPage":{"@id":"https:\/\/preprod.weasywyg.com\/fr\/2022\/02\/02\/metier-ergotherapeute\/#primaryimage"},"image":{"@id":"https:\/\/preprod.weasywyg.com\/fr\/2022\/02\/02\/metier-ergotherapeute\/#primaryimage"},"thumbnailUrl":"https:\/\/preprod.weasywyg.com\/wp-content\/uploads\/2022\/01\/IMG_3123.png","datePublished":"2022-02-02T09:05:27+00:00","dateModified":"2026-07-17T14:02:34+00:00","breadcrumb":{"@id":"https:\/\/preprod.weasywyg.com\/fr\/2022\/02\/02\/metier-ergotherapeute\/#breadcrumb"},"inLanguage":"fr-FR","potentialAction":[{"@type":"ReadAction","target":["https:\/\/preprod.weasywyg.com\/fr\/2022\/02\/02\/metier-ergotherapeute\/"]}]},{"@type":"ImageObject","inLanguage":"fr-FR","@id":"https:\/\/preprod.weasywyg.com\/fr\/2022\/02\/02\/metier-ergotherapeute\/#primaryimage","url":"https:\/\/preprod.weasywyg.com\/wp-content\/uploads\/2022\/01\/IMG_3123.png","contentUrl":"https:\/\/preprod.weasywyg.com\/wp-content\/uploads\/2022\/01\/IMG_3123.png","width":1000,"height":733},{"@type":"BreadcrumbList","@id":"https:\/\/preprod.weasywyg.com\/fr\/2022\/02\/02\/metier-ergotherapeute\/#breadcrumb","itemListElement":[{"@type":"ListItem","position":1,"name":"Accueil","item":"https:\/\/preprod.weasywyg.com\/fr\/"},{"@type":"ListItem","position":2,"name":"L\u2019ergoth\u00e9rapeute : un professionnel au c\u0153ur de l\u2019accompagnement du handicap"}]},{"@type":"WebSite","@id":"https:\/\/preprod.weasywyg.com\/fr\/#website","url":"https:\/\/preprod.weasywyg.com\/fr\/","name":"Orthopus","description":"Handitech solutions for everyone","publisher":{"@id":"https:\/\/preprod.weasywyg.com\/fr\/#organization"},"potentialAction":[{"@type":"SearchAction","target":{"@type":"EntryPoint","urlTemplate":"https:\/\/preprod.weasywyg.com\/fr\/?s={search_term_string}"},"query-input":{"@type":"PropertyValueSpecification","valueRequired":true,"valueName":"search_term_string"}}],"inLanguage":"fr-FR"},{"@type":"Organization","@id":"https:\/\/preprod.weasywyg.com\/fr\/#organization","name":"Orthopus","url":"https:\/\/preprod.weasywyg.com\/fr\/","logo":{"@type":"ImageObject","inLanguage":"fr-FR","@id":"https:\/\/preprod.weasywyg.com\/fr\/#\/schema\/logo\/image\/","url":"https:\/\/preprod.weasywyg.com\/wp-content\/uploads\/2026\/05\/logo.svg","contentUrl":"https:\/\/preprod.weasywyg.com\/wp-content\/uploads\/2026\/05\/logo.svg","caption":"Orthopus"},"image":{"@id":"https:\/\/preprod.weasywyg.com\/fr\/#\/schema\/logo\/image\/"}},{"@type":"Person","@id":"https:\/\/preprod.weasywyg.com\/fr\/#\/schema\/person\/a7dcb2c9da462fd59f13f2258699ba9e","name":"Mona Jamois","image":{"@type":"ImageObject","inLanguage":"fr-FR","@id":"https:\/\/secure.gravatar.com\/avatar\/b5b462af4cf5722fbd017ef55b474709ff34d6030941c8c793bf9edf5d82b670?s=96&d=mm&r=g","url":"https:\/\/secure.gravatar.com\/avatar\/b5b462af4cf5722fbd017ef55b474709ff34d6030941c8c793bf9edf5d82b670?s=96&d=mm&r=g","contentUrl":"https:\/\/secure.gravatar.com\/avatar\/b5b462af4cf5722fbd017ef55b474709ff34d6030941c8c793bf9edf5d82b670?s=96&d=mm&r=g","caption":"Mona Jamois"},"url":"https:\/\/preprod.weasywyg.com\/fr\/author\/orthopus-mona-26\/"}]}},"taxonomy_info":{"category":[{"value":8,"label":"Sant\u00e9"}],"post_tag":[{"value":40,"label":"aide technique handicap"},{"value":69,"label":"aides techniques"},{"value":94,"label":"ANFE"},{"value":95,"label":"autonomie"},{"value":45,"label":"ergotherapeute"},{"value":96,"label":"ergoth\u00e9rapie"},{"value":97,"label":"fabrication num\u00e9rique"},{"value":62,"label":"handicap"},{"value":63,"label":"handicap moteur"},{"value":98,"label":"imprimante 3D"},{"value":99,"label":"membre sup\u00e9rieur"},{"value":100,"label":"metier ergotherapeute"},{"value":67,"label":"readaptation"},{"value":101,"label":"reeducation"}]},"featured_image_src_large":["https:\/\/preprod.weasywyg.com\/wp-content\/uploads\/2022\/01\/IMG_3123.png",1000,733,false],"author_info":{"display_name":"Mona Jamois","author_link":"https:\/\/preprod.weasywyg.com\/fr\/author\/orthopus-mona-26\/"},"comment_info":0,"category_info":[{"term_id":8,"name":"Sant\u00e9","slug":"sante","term_group":0,"term_taxonomy_id":8,"taxonomy":"category","description":"","parent":0,"count":12,"filter":"raw","cat_ID":8,"category_count":12,"category_description":"","cat_name":"Sant\u00e9","category_nicename":"sante","category_parent":0}],"tag_info":[{"term_id":40,"name":"aide technique handicap","slug":"aide-technique-handicap","term_group":0,"term_taxonomy_id":40,"taxonomy":"post_tag","description":"","parent":0,"count":2,"filter":"raw"},{"term_id":69,"name":"aides techniques","slug":"aides-techniques","term_group":0,"term_taxonomy_id":69,"taxonomy":"post_tag","description":"","parent":0,"count":2,"filter":"raw"},{"term_id":94,"name":"ANFE","slug":"anfe","term_group":0,"term_taxonomy_id":94,"taxonomy":"post_tag","description":"","parent":0,"count":1,"filter":"raw"},{"term_id":95,"name":"autonomie","slug":"autonomie","term_group":0,"term_taxonomy_id":95,"taxonomy":"post_tag","description":"","parent":0,"count":1,"filter":"raw"},{"term_id":45,"name":"ergotherapeute","slug":"ergotherapeute","term_group":0,"term_taxonomy_id":45,"taxonomy":"post_tag","description":"","parent":0,"count":7,"filter":"raw"},{"term_id":96,"name":"ergoth\u00e9rapie","slug":"ergotherapie","term_group":0,"term_taxonomy_id":96,"taxonomy":"post_tag","description":"","parent":0,"count":1,"filter":"raw"},{"term_id":97,"name":"fabrication num\u00e9rique","slug":"fabrication-numerique","term_group":0,"term_taxonomy_id":97,"taxonomy":"post_tag","description":"","parent":0,"count":1,"filter":"raw"},{"term_id":62,"name":"handicap","slug":"handicap","term_group":0,"term_taxonomy_id":62,"taxonomy":"post_tag","description":"","parent":0,"count":12,"filter":"raw"},{"term_id":63,"name":"handicap moteur","slug":"handicap-moteur","term_group":0,"term_taxonomy_id":63,"taxonomy":"post_tag","description":"","parent":0,"count":20,"filter":"raw"},{"term_id":98,"name":"imprimante 3D","slug":"imprimante-3d","term_group":0,"term_taxonomy_id":98,"taxonomy":"post_tag","description":"","parent":0,"count":1,"filter":"raw"},{"term_id":99,"name":"membre sup\u00e9rieur","slug":"membre-superieur","term_group":0,"term_taxonomy_id":99,"taxonomy":"post_tag","description":"","parent":0,"count":1,"filter":"raw"},{"term_id":100,"name":"metier ergotherapeute","slug":"metier-ergotherapeute","term_group":0,"term_taxonomy_id":100,"taxonomy":"post_tag","description":"","parent":0,"count":1,"filter":"raw"},{"term_id":67,"name":"readaptation","slug":"readaptation","term_group":0,"term_taxonomy_id":67,"taxonomy":"post_tag","description":"","parent":0,"count":6,"filter":"raw"},{"term_id":101,"name":"reeducation","slug":"reeducation","term_group":0,"term_taxonomy_id":101,"taxonomy":"post_tag","description":"","parent":0,"count":1,"filter":"raw"}],"_links":{"self":[{"href":"https:\/\/preprod.weasywyg.com\/fr\/wp-json\/wp\/v2\/posts\/18772","targetHints":{"allow":["GET"]}}],"collection":[{"href":"https:\/\/preprod.weasywyg.com\/fr\/wp-json\/wp\/v2\/posts"}],"about":[{"href":"https:\/\/preprod.weasywyg.com\/fr\/wp-json\/wp\/v2\/types\/post"}],"author":[{"embeddable":true,"href":"https:\/\/preprod.weasywyg.com\/fr\/wp-json\/wp\/v2\/users\/2"}],"replies":[{"embeddable":true,"href":"https:\/\/preprod.weasywyg.com\/fr\/wp-json\/wp\/v2\/comments?post=18772"}],"version-history":[{"count":1,"href":"https:\/\/preprod.weasywyg.com\/fr\/wp-json\/wp\/v2\/posts\/18772\/revisions"}],"predecessor-version":[{"id":18925,"href":"https:\/\/preprod.weasywyg.com\/fr\/wp-json\/wp\/v2\/posts\/18772\/revisions\/18925"}],"wp:featuredmedia":[{"embeddable":true,"href":"https:\/\/preprod.weasywyg.com\/fr\/wp-json\/wp\/v2\/media\/18648"}],"wp:attachment":[{"href":"https:\/\/preprod.weasywyg.com\/fr\/wp-json\/wp\/v2\/media?parent=18772"}],"wp:term":[{"taxonomy":"category","embeddable":true,"href":"https:\/\/preprod.weasywyg.com\/fr\/wp-json\/wp\/v2\/categories?post=18772"},{"taxonomy":"post_tag","embeddable":true,"href":"https:\/\/preprod.weasywyg.com\/fr\/wp-json\/wp\/v2\/tags?post=18772"}],"curies":[{"name":"wp","href":"https:\/\/api.w.org\/{rel}","templated":true}]}}