{"id":18807,"date":"2025-05-13T15:44:12","date_gmt":"2025-05-13T13:44:12","guid":{"rendered":"https:\/\/preprod.weasywyg.com\/2025\/05\/13\/fin-de-vie-un-debat-central-dans-l-hemicycle-francais\/"},"modified":"2026-07-20T16:16:20","modified_gmt":"2026-07-20T14:16:20","slug":"fin-de-vie-un-debat-central-dans-l-hemicycle-francais","status":"publish","type":"post","link":"https:\/\/preprod.weasywyg.com\/fr\/2025\/05\/13\/fin-de-vie-un-debat-central-dans-l-hemicycle-francais\/","title":{"rendered":"D\u00e9bats sur la fin de vie : un sujet de soci\u00e9t\u00e9 au coeur de l&rsquo;h\u00e9micycle fran\u00e7ais"},"content":{"rendered":"\n<p class=\"wp-block-paragraph\">Pr\u00e8s d\u2019un an apr\u00e8s la dissolution de l\u2019Assembl\u00e9e nationale d\u00e9cid\u00e9e par Emmanuel Macron en juin 2024, l\u2019examen de la proposition de loi sur la fin de vie reprend. Ce texte sensible continue de diviser une grande partie des Fran\u00e7ais et des Fran\u00e7aises (<a href=\"https:\/\/www.francetvinfo.fr\/societe\/euthanasie\/direct-fin-de-vie-les-propositions-de-loi-sur-les-soins-palliatifs-et-l-aide-a-mourir-arrivent-a-l-assemblee-nationale-suivez-le-premier-jour-des-debats_7242081.html\" rel=\"nofollow\">1<\/a>,<a href=\"https:\/\/www.la-croix.com\/societe\/lois-fin-de-vie-l-inquietude-monte-dans-le-monde-catholique-20250511\" rel=\"nofollow\">2<\/a>).<\/p>\n\n\n\n<h2 class=\"wp-block-heading\">Deux poids, deux mesures<\/h2>\n\n\n\n<p class=\"wp-block-paragraph\">\nEn quoi consistent ces d\u00e9bats ? Deux propositions de lois sont au programme pour l\u2019Assembl\u00e9e Nationale : <strong>les soins palliatifs<\/strong> et <strong>l\u2019aide \u00e0 mourir<\/strong>. Sujets d\u00e9licats de ces derni\u00e8res ann\u00e9es avec la hausse de personnes en situation de vieillesse avanc\u00e9e ou de handicap grave qui souhaitent partir dignement, les d\u00e9put\u00e9\u2022es devront examiner ces questions avec le plus grand soin dans les prochains jours. La situation est si tendue que <strong>les diff\u00e9rents partis politiques n\u2019ont donn\u00e9 aucune consigne de vote<\/strong>, le choix rel\u00e8vera de la conscience et de la sagesse de chacun\u2022e (<a href=\"https:\/\/www.francetvinfo.fr\/societe\/euthanasie\/direct-fin-de-vie-les-propositions-de-loi-sur-les-soins-palliatifs-et-l-aide-a-mourir-arrivent-a-l-assemblee-nationale-suivez-le-premier-jour-des-debats_7242081.html\" rel=\"nofollow\">1<\/a>,<a href=\"https:\/\/www.marianne.net\/politique\/bertrand-leo-combrade-la-consigne-de-vote-laisse-toujours-une-marge-de-manoeuvre-a-chaque-parlementaire\" rel=\"nofollow\">3<\/a>).\n<\/p>\n\n\n\n<h2 class=\"wp-block-heading\">Au c\u0153ur du d\u00e9bat<\/h2>\n\n\n\n<p class=\"wp-block-paragraph\">\nSi les deux lois sont \u00e9tudi\u00e9es en mai 2025, elles s\u2019opposent radicalement en prise de position. La proposition de loi relative aux <strong>soins palliatifs<\/strong> et d&rsquo;accompagnement est port\u00e9e par la d\u00e9put\u00e9e Renaissance Annie Vidal, laquelle est oppos\u00e9e \u00e0 l\u2019aide \u00e0 mourir pr\u00e9sent\u00e9e comme telle. En avril dernier, elle avait obtenu l\u2019unanimit\u00e9 en commission pour ce projet qui vise \u00e0 am\u00e9liorer l\u2019acc\u00e8s aux soins palliatifs et la formation des soignants<a href=\"https:\/\/www.francetvinfo.fr\/societe\/euthanasie\/direct-fin-de-vie-les-propositions-de-loi-sur-les-soins-palliatifs-et-l-aide-a-mourir-arrivent-a-l-assemblee-nationale-suivez-le-premier-jour-des-debats_7242081.html\" rel=\"nofollow\">(1)<\/a>. L\u2019objectif de la d\u00e9put\u00e9e \u00e0 travers cette loi est d\u2019augmenter l\u2019accessibilit\u00e9 aux soins palliatifs, lesquels sont pourtant reconnus par la loi depuis 1999 mais faute de moyens l\u2019ex\u00e9cutif n\u2019est pas possible.<a href=\"https:\/\/www.francetvinfo.fr\/societe\/euthanasie\/fin-de-vie-cinq-questions-sur-les-soins-d-accompagnement-palliatifs-que-le-gouvernement-veut-developper_6226689.html\" rel=\"nofollow\">(4)<\/a>. De plus, selon la Cour des Comptes, le personnel soignant est d\u00e9muni face aux personnes qui approchent de la mort, notamment en EHPAD ou \u00e0 domicile<a href=\"https:\/\/www.francetvinfo.fr\/societe\/euthanasie\/fin-de-vie-cinq-questions-sur-les-soins-d-accompagnement-palliatifs-que-le-gouvernement-veut-developper_6226689.html\" rel=\"nofollow\">(4)<\/a>. Il s\u2019agit donc ici d\u2019<strong>augmenter la dignit\u00e9 des personnes en fin de vie<\/strong>.\n<\/p>\n\n\n\n<figure class=\"wp-block-image size-large\"><img loading=\"lazy\" decoding=\"async\" width=\"1024\" height=\"580\" src=\"https:\/\/preprod.weasywyg.com\/wp-content\/uploads\/2025\/05\/annie-vidal-1_11zon-1024x580.webp\" alt=\"\" class=\"wp-image-18752\" srcset=\"https:\/\/preprod.weasywyg.com\/wp-content\/uploads\/2025\/05\/annie-vidal-1_11zon-1024x580.webp 1024w, https:\/\/preprod.weasywyg.com\/wp-content\/uploads\/2025\/05\/annie-vidal-1_11zon-300x170.webp 300w, https:\/\/preprod.weasywyg.com\/wp-content\/uploads\/2025\/05\/annie-vidal-1_11zon-768x435.webp 768w, https:\/\/preprod.weasywyg.com\/wp-content\/uploads\/2025\/05\/annie-vidal-1_11zon.webp 1200w\" sizes=\"auto, (max-width: 1024px) 100vw, 1024px\" \/><figcaption class=\"wp-element-caption\">Annie Vidal, \u00e0 l&rsquo;Assembl\u00e9e nationale. \u00a9 Maxppp &#8211; Aur\u00e9lien Morissard<\/figcaption><\/figure>\n\n\n\n<p class=\"wp-block-paragraph\">\nLa proposition de loi sur <strong>l\u2019aide \u00e0 mourir<\/strong> est port\u00e9e, quant \u00e0 elle, par le d\u00e9put\u00e9 Modem (centriste) Olivier Falorni<a href=\"https:\/\/www.lesechos.fr\/politique-societe\/politique\/assemblee-nationale-olivier-falorni-rejoint-le-groupe-modem-1852330\" rel=\"nofollow\">(5)<\/a>, fervent d\u00e9fenseur du \u201cdroit de mourir dans la dignit\u00e9\u201d. Il pr\u00e9voit d\u2019ouvrir le \u2018suicide assist\u00e9\u2019 et l\u2019euthanasie aux personnes qui ont&nbsp; des affections graves et incurables en phase avanc\u00e9e ou terminale<a href=\"https:\/\/www.francetvinfo.fr\/societe\/euthanasie\/direct-fin-de-vie-les-propositions-de-loi-sur-les-soins-palliatifs-et-l-aide-a-mourir-arrivent-a-l-assemblee-nationale-suivez-le-premier-jour-des-debats_7242081.html\" rel=\"nofollow\">(1)<\/a>. Ce texte, combattu par de nombreux \u00e9lus de droite et d\u2019extr\u00eame droite, <strong>divise m\u00eame au sein du gouvernement<\/strong> avec notamment le soutien de G\u00e9rald Darmanin (Ministre de la Justice) et l\u2019opposition franche de Bruno Retailleau (Ministre de l\u2019Int\u00e9rieur). Le texte avait \u00e9t\u00e9 adopt\u00e9 en commission avec une majorit\u00e9 de 28 voix contre 15 et une abstention<a href=\"https:\/\/www.francetvinfo.fr\/societe\/euthanasie\/direct-fin-de-vie-les-propositions-de-loi-sur-les-soins-palliatifs-et-l-aide-a-mourir-arrivent-a-l-assemblee-nationale-suivez-le-premier-jour-des-debats_7242081.html\" rel=\"nofollow\">(1)<\/a>.&nbsp;\n<\/p>\n\n\n\n<figure class=\"wp-block-image size-large\"><img loading=\"lazy\" decoding=\"async\" width=\"1024\" height=\"580\" src=\"https:\/\/preprod.weasywyg.com\/wp-content\/uploads\/2025\/05\/olivier-falorni-1_11zon-1024x580.webp\" alt=\"\" class=\"wp-image-18753\" srcset=\"https:\/\/preprod.weasywyg.com\/wp-content\/uploads\/2025\/05\/olivier-falorni-1_11zon-1024x580.webp 1024w, https:\/\/preprod.weasywyg.com\/wp-content\/uploads\/2025\/05\/olivier-falorni-1_11zon-300x170.webp 300w, https:\/\/preprod.weasywyg.com\/wp-content\/uploads\/2025\/05\/olivier-falorni-1_11zon-768x435.webp 768w, https:\/\/preprod.weasywyg.com\/wp-content\/uploads\/2025\/05\/olivier-falorni-1_11zon.webp 1200w\" sizes=\"auto, (max-width: 1024px) 100vw, 1024px\" \/><figcaption class=\"wp-element-caption\">Olivier Falorni &#8211; D\u00e9put\u00e9 de Charente-Maritime \u00a9 Radio France<\/figcaption><\/figure>\n\n\n\n<h2 class=\"wp-block-heading\">Divisions et interrogations<\/h2>\n\n\n\n<p class=\"wp-block-paragraph\">\nLe 12 mai 2025 au matin, la Ministre de la Sant\u00e9, Catherine Vautrin s\u2019exprimait sur BFMTV et assurait : <i>\u201c[qu\u2019]aucun soignant ne sera oblig\u00e9 de pratiquer l&rsquo;acte l\u00e9tal\u00a0\u00bb<\/i>. Elle ajoutait \u00e9galement qu&rsquo;une <i>\u00ab\u00a0clause de conscience\u00a0\u00bb<\/i> s&rsquo;appliquera<a href=\"https:\/\/www.bfmtv.com\/politique\/projet-de-loi-sur-la-fin-de-vie-je-ne-veux-pas-utiliser-le-mot-euthanasie-indique-olivier-falorni-ancien-rapporteur-general-de-la-commission-speciale_VN-202505120260.html\" rel=\"nofollow\">(6)<\/a>. Le texte sur l\u2019aide \u00e0 mourir proposait initialement que c\u2019\u00e9tait \u00e0 la personne concern\u00e9e de pratiquer le geste final (exception faite si elle est dans l\u2019incapacit\u00e9 de le faire, le\u2022la soignant\u2022e pouvait alors l\u2019aider). Apr\u00e8s le passage devant la commission, cette partie a \u00e9t\u00e9 revue et modifi\u00e9e pour permettre \u00e0 la personne directement impliqu\u00e9e d\u2019avoir le choix entre sa main ou celle du\u2022de la soignant\u2022e.\n<\/p>\n\n\n\n<p class=\"wp-block-paragraph\">\nSont \u00e9galement concern\u00e9es, au-del\u00e0 de la personne en situation de handicap grave ou de vieillesse dont le pronostic vital est engag\u00e9, les personnes accident\u00e9es graves<a href=\"https:\/\/www.ouest-france.fr\/societe\/fin-de-vie\/fin-de-vie-que-contiennent-les-deux-textes-debattus-a-lassemblee-a-partir-de-ce-lundi-3c52c0b2-29ba-11f0-964c-4f0f93c651c3\" rel=\"nofollow\">(7)<\/a>.\n<\/p>\n\n\n\n<p class=\"wp-block-paragraph\">\nAlors qu&rsquo;Emmanuel Macron \u00e9tait interrog\u00e9 sur TF1 le mardi 13 mai 2025, par le journaliste <strong>Charles Bi\u00e9try (lui m\u00eame vivant avec la maladie de Charcot)<\/strong>, la question de l&rsquo;adoption de ces deux projets de loi reste au coeur des d\u00e9bats. \u00c0 cette occasion, Charles Bi\u00e9try a d\u00e9clar\u00e9 : <em>\u00ab\u00a0Ma vie a \u00e9t\u00e9 tr\u00e8s belle, je voudrais que ma mort le soit aussi\u00a0\u00bb.<\/em>\n<\/p>\n\n\n\n<p class=\"wp-block-paragraph\">\nEmmanuel Macron a r\u00e9pondu : <em>\u00ab\u00a0Je souhaite que le texte qui est engag\u00e9 aujourd\u2019hui soit vot\u00e9\u00a0\u00bb<\/em>. Il d\u00e9fend un <em>\u00ab\u00a0texte d&rsquo;\u00e9quilibre\u00a0\u00bb<\/em>, qui, selon lui, permettrait <em>\u00ab\u00a0quand il n&rsquo;y a plus d&rsquo;espoir, [d&rsquo;]aider \u00e0 partir dans la dignit\u00e9\u00a0\u00bb<\/em>. Il r\u00e9affirme son souhait de renforcer les soins palliatifs, il n&rsquo;envisage un recours au r\u00e9f\u00e9rendum que <em>\u00ab\u00a0si le d\u00e9bat parlementaire \u00e9tait bloqu\u00e9\u00a0\u00bb<\/em>. <a href=\"https:\/\/www.francetvinfo.fr\/societe\/euthanasie\/direct-fin-de-vie-les-propositions-de-loi-sur-les-soins-palliatifs-et-l-aide-a-mourir-arrivent-a-l-assemblee-nationale-suivez-le-premier-jour-des-debats_7242081.html\" rel=\"nofollow\">(1)<\/a>. En particulier des Fran\u00e7ais et Fran\u00e7aises qui vivent avec <strong>une maladie neuromusculaire<\/strong> au quotidien, comme la maladie de Charcot ou la scl\u00e9rose en plaques : <i>\u201ccette loi sur la fin de vie est n\u00e9cessaire\u00a0\u00bb<\/i>, d\u00e9clare <a href=\"https:\/\/www.tf1info.fr\/sante\/videos\/video-cette-loi-sur-la-fin-de-vie-est-necessaire-le-temoignage-de-michel-atteint-de-la-maladie-de-charcot-48792-2370223.html\" rel=\"nofollow\">Michel, porteur de la maladie de Charcot<\/a><a href=\"https:\/\/www.tf1info.fr\/sante\/videos\/video-cette-loi-sur-la-fin-de-vie-est-necessaire-le-temoignage-de-michel-atteint-de-la-maladie-de-charcot-48792-2370223.html\" rel=\"nofollow\">(8)<\/a>.&nbsp;\n<\/p>\n\n\n\n<p class=\"wp-block-paragraph\">\nC\u2019est un soulagement pour beaucoup de personnes malades en France : l\u2019\u00e9tude de la proposition de loi sur l\u2019aide \u00e0 mourir est attendue depuis plusieurs ann\u00e9es. <strong>Ce texte suscite pourtant de vives inqui\u00e9tudes<\/strong> chez certain\u2022es \u00e9lu\u2022es, qui expriment leur crainte en le qualifiant de <i>\u201cd\u00e9s\u00e9quilibr\u00e9\u201d<\/i>, comme Bruno Retailleau (Ministre de l\u2019Int\u00e9rieur)<a href=\"https:\/\/www.tf1info.fr\/politique\/je-me-battrai-bruno-retailleau-fermement-oppose-au-texte-sur-l-aide-a-mourir-qu-il-juge-desequilibre-2370074.html\" rel=\"nofollow\">(9)<\/a>. \u00c0 l\u2019inverse, l\u2019ancien Premier Ministre Gabriel Attal et la chanteuse Line Renaud ont cosign\u00e9 une tribune le d\u00e9fendant<a href=\"https:\/\/www.tf1info.fr\/politique\/je-me-battrai-bruno-retailleau-fermement-oppose-au-texte-sur-l-aide-a-mourir-qu-il-juge-desequilibre-2370074.html\" rel=\"nofollow\">(9)<\/a>.\n<\/p>\n\n\n\n<p class=\"wp-block-paragraph\">\n<i>\u201cCette loi je l&rsquo;attendais\u201d<\/i> | <a href=\"https:\/\/www.rfi.fr\/fr\/podcasts\/reportage-france\/20240428-fin-de-vie-cette-loi-je-l-attendais-le-t%C3%A9moignage-de-lo%C3%AFc-atteint-de-la-maladie-de-charcot\" rel=\"nofollow\">Lo\u00efc, porteur de la maladie de Charcot<\/a><a href=\"https:\/\/www.rfi.fr\/fr\/podcasts\/reportage-france\/20240428-fin-de-vie-cette-loi-je-l-attendais-le-t%C3%A9moignage-de-lo%C3%AFc-atteint-de-la-maladie-de-charcot\" rel=\"nofollow\">(10)<\/a>.\n<\/p>\n\n\n\n<h2 class=\"wp-block-heading\">L\u2019opposition en d\u00e9saccord<\/h2>\n\n\n\n<p class=\"wp-block-paragraph\">C\u2019est un d\u00e9bat qui fait les gros titres de tous les quotidiens r\u00e9cents. Le journal La Croix s\u2019est int\u00e9ress\u00e9 \u00e0 ce qu\u2019en pensent les catholiques, religion qui punit le suicide par l\u2019Enfer post-mortem. Est cit\u00e9 notamment l\u2019archev\u00eaque de Reims, \u00c9ric de Moulin-Beaufort, qui r\u00e9agissait aux propos d\u2019Emmanuel Macron tenus le 6 mai dernier : \u201c<i>Non, Monsieur le Pr\u00e9sident, le choix de faire mourir et d\u2019aider \u00e0 se tuer n\u2019est pas celui du moindre mal. C\u2019est celui de la mort tout court. Celui de l\u2019abandon et du refus d\u2019aider jusqu\u2019au bou<\/i>t\u201d (<a href=\"https:\/\/www.la-croix.com\/societe\/lois-fin-de-vie-l-inquietude-monte-dans-le-monde-catholique-20250511\" rel=\"nofollow\">2<\/a>,<a href=\"https:\/\/www.la-croix.com\/religion\/fin-de-vie-le-president-de-la-conference-des-eveques-repond-a-emmanuel-macron-20250506\" rel=\"nofollow\">11<\/a>). <strong>Certains membres de l\u2019\u00c9glise s&rsquo;opposent vivement<\/strong> aux c\u00f4t\u00e9s de l\u2019archev\u00eaque de Reims contre la proposition de loi. Il accompagne m\u00eame son message virulent d\u2019une photo et d\u2019une citation du d\u00e9funt pape Fran\u00e7ois : <i>\u201cOn ne joue pas avec la vie\u201d<\/i>, avait affirm\u00e9 le Souverain pontife en 2023 \u00e0 l\u2019occasion d\u2019un d\u00e9placement \u00e0 Marseille\u201d<a href=\"https:\/\/www.la-croix.com\/religion\/fin-de-vie-le-president-de-la-conference-des-eveques-repond-a-emmanuel-macron-20250506\" rel=\"nofollow\">(11)<\/a>.<\/p>\n\n\n\n<p class=\"wp-block-paragraph\">\n<img loading=\"lazy\" decoding=\"async\" alt=\"Tweet de Eric de Moulins-Beaufort sur une citation du pape Fran\u00e7ois\" height=\"541\" sizes=\"auto, (max-width: 670px) 100vw, 670px\" src=\"https:\/\/preprod.weasywyg.com\/wp-content\/uploads\/2025\/05\/Tweet-Eric-de-Moulins-Beaufort.webp\" srcset=\"https:\/\/preprod.weasywyg.com\/wp-content\/uploads\/2025\/05\/Tweet-Eric-de-Moulins-Beaufort.webp 670w, https:\/\/preprod.weasywyg.com\/wp-content\/uploads\/2025\/05\/Tweet-Eric-de-Moulins-Beaufort-300x242.webp 300w, https:\/\/preprod.weasywyg.com\/wp-content\/uploads\/2025\/05\/Tweet-Eric-de-Moulins-Beaufort-600x484.webp 600w, https:\/\/preprod.weasywyg.com\/wp-content\/uploads\/2025\/05\/Tweet-Eric-de-Moulins-Beaufort-200x161.webp 200w\" width=\"670\">\n<\/p>\n\n\n\n<p class=\"wp-block-paragraph\">\nLa Haute Autorit\u00e9 de Sant\u00e9 a \u00e9galement tenu \u00e0 pr\u00e9ciser au vu des conditions d\u2019\u00e9ligibilit\u00e9 pr\u00e9vues dans la proposition de loi pour l\u2019aide \u00e0 mourir, qu\u2019il est <strong>impossible d\u2019estimer une \u00e9ch\u00e9ance de vie \u00e0 l\u2019\u00e9chelle d\u2019une maladie, mais qu\u2019on ne peut le faire qu\u2019\u00e0 l\u2019\u00e9chelle d\u2019une personne vivant avec cette maladie<\/strong>, car il existe trop de&nbsp; <i>\u201cbiais subjectifs\u201d<\/i>, comme <i>\u201cla r\u00e9silience individuelle, l\u2019exercice particulier de la m\u00e9decine etc.\u201d<\/i><a href=\"https:\/\/www.ouest-france.fr\/societe\/fin-de-vie\/fin-de-vie-que-contiennent-les-deux-textes-debattus-a-lassemblee-a-partir-de-ce-lundi-3c52c0b2-29\n```\n\n&lt;p&gt;ba-11f0-964c-4f0f93c651c3\" rel=\"nofollow\">(7)<\/a>. Se pose \u00e9galement la question de l\u2019impact psychologique des proches ou du soignant qui pratique l\u2019euthanasie ou le suicide assist\u00e9. Le suivi psychologique semble important si la loi d\u2019aide \u00e0 mourir passe, d\u2019autant plus s\u2019il y a un conflit entre les proches et la d\u00e9cision de la personne qui fait le choix, ou du\u2022de la soignant\u2022e qui aide. La question soulev\u00e9e par la Haute Autorit\u00e9 de Sant\u00e9 p\u00e8sera s\u00fbrement sur la conscience des d\u00e9put\u00e9\u2022es qui voteront : quand et qui peut d\u00e9signer une vie comme non vivable ?\n<\/p>\n\n\n\n<h2 class=\"wp-block-heading\">Zoom sur d\u2019autres positions \u00e0 l\u2019\u00e9tranger<\/h2>\n\n\n\n<p class=\"wp-block-paragraph\">\nLa France n\u2019est pas le premier pays \u00e0 d\u00e9battre l\u2019aide \u00e0 la dignit\u00e9 dans les derniers instants. <strong>Le Luxembourg, les Pays-Bas, l\u2019Allemagne, la Belgique, la Suisse, l\u2019Espagne, le Portugal et l\u2019Autriche<\/strong> ont d\u00e9j\u00e0 adopt\u00e9 et mis en place des <strong>lois l\u00e9galisant le suicide assist\u00e9 et l\u2019euthanasie sous certaines conditions<\/strong><a href=\"https:\/\/fr.euronews.com\/sante\/2024\/12\/02\/quels-pays-europeens-autorisent-le-suicide-assiste-et-leuthanasie\" rel=\"nofollow\">(12)<\/a>.\n<\/p>\n\n\n\n<p class=\"wp-block-paragraph\">\nDans tous les textes de loi europ\u00e9ens promulgu\u00e9s, le suicide assist\u00e9 et l\u2019euthanasie ne sont jamais autoris\u00e9s librement : <strong>il faut t\u00e9moigner d\u2019une souffrance insupportable<\/strong> (physique et\/ou psychologique), ou exprimer la <strong>volont\u00e9 de rester pleinement conscient de ses moyens avant de mourir<\/strong><a href=\"https:\/\/fr.euronews.com\/sante\/2024\/12\/02\/quels-pays-europeens-autorisent-le-suicide-assiste-et-leuthanasie\" rel=\"nofollow\">(12)<\/a>. La proposition de loi port\u00e9e par Olivier Falorni suit le m\u00eame mod\u00e8le. L\u2019expansion de ce sujet dans d\u2019autres pays prouve qu\u2019il est d\u2019actualit\u00e9 et qu\u2019un changement des m\u0153urs s\u2019op\u00e8re avec notre \u00e9poque. Les valeurs changent et promeuvent une forme de <strong>libert\u00e9<\/strong> et <strong>d\u2019autonomie<\/strong>, qui de nos jours s\u2019obtient souvent par des am\u00e9nagements \u00e0 l\u2019int\u00e9rieur du domicile ou \u00e0 travers l\u2019usage de dispositifs m\u00e9dicaux.&nbsp;\n<\/p>\n\n\n\n<h2 class=\"wp-block-heading\">Autonomie, dignit\u00e9, fin de vie : ORTHOPUS s\u2019interroge<\/h2>\n\n\n\n<p class=\"wp-block-paragraph\">\nSi les deux textes avancent c\u00f4te \u00e0 c\u00f4te, <strong>c\u2019est bien la proposition de loi sur l\u2019aide \u00e0 mourir qui cristallise l\u2019attention<\/strong>. Elle fait l\u2019objet de discussions complexes qui m\u00ealent consid\u00e9rations \u00e9thiques, morales, religieuses, psychologiques et morales. \u00c0 l\u2019inverse, celle sur les soins palliatifs fait consensus et devrait \u00eatre adopt\u00e9e sans heurts.\n<\/p>\n\n\n\n<p class=\"wp-block-paragraph\">\n\u00c0 ORTHOPUS, ces questions r\u00e9sonnent profond\u00e9ment avec <strong>notre engagement pour l\u2019autonomie et la dignit\u00e9 des personnes<\/strong>. Le d\u00e9bat autour de l\u2019aide \u00e0 mourir d\u00e9passe le cadre m\u00e9dical : il interroge notre <strong>rapport collectif mais aussi individuel et intime \u00e0 la souffrance<\/strong>, \u00e0 la vuln\u00e9rabilit\u00e9, \u00e0 la mort \u2014 encore souvent taboue. Mais au-del\u00e0 d\u2019un enjeu \u00e9thique ou de libert\u00e9 personnelle, c\u2019est aussi un sujet profond\u00e9ment social, qui invite \u00e0 questionner <strong>notre mani\u00e8re de prendre soin les uns des autres et au respect<\/strong>. Nous pensons que ces d\u00e9cisions, actuellement discut\u00e9es \u00e0 l\u2019Assembl\u00e9e nationale, devraient int\u00e9grer la voix des personnes directement concern\u00e9es \u2014 personnes qui vivent avec une souffrance intol\u00e9rable, proches, aidant\u2022es \u2014 pour construire une loi <strong>r\u00e9ellement humaine<\/strong>, au plus pr\u00e8s des r\u00e9alit\u00e9s v\u00e9cues.\n<\/p>\n\n\n\n<p class=\"wp-block-paragraph\"><strong>SOURCES :<\/strong><\/p>\n\n\n\n<ol class=\"wp-block-list\">\n<li>Franceinfo &#8211; mai 2025. <a href=\"https:\/\/www.francetvinfo.fr\/societe\/euthanasie\/direct-fin-de-vie-les-propositions-de-loi-sur-les-soins-palliatifs-et-l-aide-a-mourir-arrivent-a-l-assemblee-nationale-suivez-le-premier-jour-des-debats_7242081.html\" target=\"_blank\" rel=\"noreferrer noopener\">Fin de vie\u202f: \u00ab Aucun soignant ne sera oblig\u00e9 de pratiquer l\u2019acte l\u00e9tal \u00bb, assure Catherine Vautrin, avant l\u2019examen des textes sur l\u2019aide \u00e0 mourir \u00e0 l\u2019Assembl\u00e9e nationale<\/a>.<br><\/li>\n\n\n\n<li>La Croix &#8211; mai 2025.<strong><a href=\"https:\/\/www.la-croix.com\/societe\/lois-fin-de-vie-l-inquietude-monte-dans-le-monde-catholique-20250511\" target=\"_blank\" rel=\"noreferrer noopener\"> <\/a><\/strong><a href=\"https:\/\/www.la-croix.com\/societe\/lois-fin-de-vie-l-inquietude-monte-dans-le-monde-catholique-20250511\" target=\"_blank\" rel=\"noreferrer noopener\">Lois fin de vie\u202f: l\u2019inqui\u00e9tude monte dans le monde catholique.<\/a><br><\/li>\n\n\n\n<li>Le Marianne &#8211; mai 2025. <a href=\"https:\/\/www.marianne.net\/politique\/bertrand-leo-combrade-la-consigne-de-vote-laisse-toujours-une-marge-de-manoeuvre-a-chaque-parlementaire\" target=\"_blank\" rel=\"noreferrer noopener\">S\u00e9mat C. Bertrand-L\u00e9o Combrade\u202f: \u00ab La consigne de vote laisse toujours une marge de man\u0153uvre \u00e0 chaque parlementaire. \u00bb<\/a><br><\/li>\n\n\n\n<li>Franceinfo &#8211; mai 2025. <a href=\"https:\/\/www.francetvinfo.fr\/societe\/euthanasie\/fin-de-vie-cinq-questions-sur-les-soins-d-accompagnement-palliatifs-que-le-gouvernement-veut-developper_6226689.html\" target=\"_blank\" rel=\"noreferrer noopener\">Fin de vie\u202f: cinq questions sur les \u00ab soins d\u2019accompagnement \u00bb palliatifs que le gouvernement veut d\u00e9velopper.<\/a>\u00a0<br><\/li>\n\n\n\n<li>Les Echos &#8211; septembre 2022. <a href=\"https:\/\/www.lesechos.fr\/politique-societe\/politique\/assemblee-nationale-olivier-falorni-rejoint-le-groupe-modem-1852330\" target=\"_blank\" rel=\"noreferrer noopener\">Assembl\u00e9e nationale\u202f: Olivier Falorni rejoint le groupe Modem.<\/a><br><\/li>\n\n\n\n<li>BFMTV &#8211; mai 2025. <a href=\"https:\/\/www.bfmtv.com\/politique\/projet-de-loi-sur-la-fin-de-vie-je-ne-veux-pas-utiliser-le-mot-euthanasie-indique-olivier-falorni-ancien-rapporteur-general-de-la-commission-speciale_VN-202505120260.html\" target=\"_blank\" rel=\"noreferrer noopener\">Projet de loi sur la fin de vie: \u00ab Je ne veux pas utiliser le mot euthanasie \u00bb, indique Olivier Falorni.<\/a>\u00a0<br><\/li>\n\n\n\n<li>Ouest France &#8211; mai 2025. <a href=\"https:\/\/www.ouest-france.fr\/societe\/fin-de-vie\/fin-de-vie-que-contiennent-les-deux-textes-debattus-a-lassemblee-a-partir-de-ce-lundi-3c52c0b2-29ba-11f0-964c-4f0f93c651c3\" target=\"_blank\" rel=\"noreferrer noopener\">Fin de vie\u202f: que contiennent les deux textes d\u00e9battus \u00e0 l\u2019Assembl\u00e9e nationale \u00e0 partir de ce lundi\u202f?<\/a><br><\/li>\n\n\n\n<li>TF1 INFO &#8211; mai 2025. <a href=\"https:\/\/www.tf1info.fr\/sante\/videos\/video-cette-loi-sur-la-fin-de-vie-est-necessaire-le-temoignage-de-michel-atteint-de-la-maladie-de-charcot-48792-2370223.html\" target=\"_blank\" rel=\"noreferrer noopener\">\u00ab Cette loi sur la fin de vie est n\u00e9cessaire \u00bb: le t\u00e9moignage de Michel, atteint de la maladie de Charcot.<\/a><br><\/li>\n\n\n\n<li>TF1 INFO &#8211; mai 2025. <a href=\"https:\/\/www.tf1info.fr\/politique\/je-me-battrai-bruno-retailleau-fermement-oppose-au-texte-sur-l-aide-a-mourir-qu-il-juge-desequilibre-2370074.html\" target=\"_blank\" rel=\"noreferrer noopener\">\u00ab Je me battrai \u00bb\u202f: Bruno Retailleau fermement oppos\u00e9 au texte sur l\u2019aide \u00e0 mourir, qu\u2019il juge \u00ab d\u00e9s\u00e9quilibr\u00e9 \u00bb<\/a><br><\/li>\n\n\n\n<li>RFI &#8211; avril 2024. <a href=\"https:\/\/www.rfi.fr\/fr\/podcasts\/reportage-france\/20240428-fin-de-vie-cette-loi-je-l-attendais-le-t%C3%A9moignage-de-lo%C3%AFc-atteint-de-la-maladie-de-charcot\" target=\"_blank\" rel=\"noreferrer noopener\">Reportage France &#8211; Fin de vie: \u00abCette loi je l\u2019attendais\u00bb, le t\u00e9moignage de Lo\u00efc atteint de la maladie de Charcot.<\/a><br><\/li>\n\n\n\n<li>La Croix &#8211; mai 2025.\u00a0<a href=\"https:\/\/www.la-croix.com\/religion\/fin-de-vie-le-president-de-la-conference-des-eveques-repond-a-emmanuel-macron-20250506\" target=\"_blank\" rel=\"noreferrer noopener\">Fin de vie\u202f: le pr\u00e9sident de la Conf\u00e9rence des \u00e9v\u00eaques r\u00e9pond \u00e0 Emmanuel Macron.<\/a>\u00a0<br><\/li>\n\n\n\n<li>Euronews &#8211; d\u00e9cembre 2024. <a href=\"https:\/\/fr.euronews.com\/sante\/2024\/12\/02\/quels-pays-europeens-autorisent-le-suicide-assiste-et-leuthanasie\" target=\"_blank\" rel=\"noreferrer noopener\">Quels pays europ\u00e9ens autorisent le suicide assist\u00e9 et l\u2019euthanasie\u202f?<\/a>\u00a0\u00a0<br><\/li>\n<\/ol>\n","protected":false},"excerpt":{"rendered":"<p>Pr\u00e8s d\u2019un an apr\u00e8s la dissolution de l\u2019Assembl\u00e9e nationale d\u00e9cid\u00e9e par Emmanuel Macron en juin 2024, l\u2019examen de la proposition de loi sur la fin de vie reprend. Ce texte sensible continue de diviser une grande partie des Fran\u00e7ais et des Fran\u00e7aises(1,2). Deux poids, deux mesures En quoi consistent ces d\u00e9bats ? <\/p>\n","protected":false},"author":7,"featured_media":18755,"comment_status":"open","ping_status":"open","sticky":false,"template":"","format":"standard","meta":{"_kad_blocks_custom_css":"","_kad_blocks_head_custom_js":"","_kad_blocks_body_custom_js":"","_kad_blocks_footer_custom_js":"","footnotes":""},"categories":[232],"tags":[205,62,63],"class_list":["post-18807","post","type-post","status-publish","format-standard","has-post-thumbnail","hentry","category-decryptage","tag-france","tag-handicap","tag-handicap-moteur"],"yoast_head":"<!-- This site is optimized with the Yoast SEO plugin v28.4 - https:\/\/yoast.com\/product\/yoast-seo-wordpress\/ -->\n<title>D\u00e9bats sur la fin de vie : un sujet de soci\u00e9t\u00e9 au coeur de l&#039;h\u00e9micycle fran\u00e7ais - Orthopus<\/title>\n<meta name=\"robots\" content=\"noindex, follow, max-snippet:-1, max-image-preview:large, max-video-preview:-1\" \/>\n<meta property=\"og:locale\" content=\"fr_FR\" \/>\n<meta property=\"og:type\" content=\"article\" \/>\n<meta property=\"og:title\" content=\"D\u00e9bats sur la fin de vie : un sujet de soci\u00e9t\u00e9 au coeur de l&#039;h\u00e9micycle fran\u00e7ais - Orthopus\" \/>\n<meta property=\"og:description\" content=\"Pr\u00e8s d\u2019un an apr\u00e8s la dissolution de l\u2019Assembl\u00e9e nationale d\u00e9cid\u00e9e par Emmanuel Macron en juin 2024, l\u2019examen de la proposition de loi sur la fin de vie reprend. Ce texte sensible continue de diviser une grande partie des Fran\u00e7ais et des Fran\u00e7aises(1,2). Deux poids, deux mesures En quoi consistent ces d\u00e9bats ?\" \/>\n<meta property=\"og:url\" content=\"https:\/\/preprod.weasywyg.com\/fr\/2025\/05\/13\/fin-de-vie-un-debat-central-dans-l-hemicycle-francais\/\" \/>\n<meta property=\"og:site_name\" content=\"Orthopus\" \/>\n<meta property=\"article:published_time\" content=\"2025-05-13T13:44:12+00:00\" \/>\n<meta property=\"article:modified_time\" content=\"2026-07-20T14:16:20+00:00\" \/>\n<meta property=\"og:image\" content=\"https:\/\/preprod.weasywyg.com\/wp-content\/uploads\/2025\/05\/projet-loi-fin-de-vie.webp\" \/>\n\t<meta property=\"og:image:width\" content=\"1920\" \/>\n\t<meta property=\"og:image:height\" content=\"1282\" \/>\n\t<meta property=\"og:image:type\" content=\"image\/webp\" \/>\n<meta name=\"author\" content=\"Pierre\" \/>\n<meta name=\"twitter:card\" content=\"summary_large_image\" \/>\n<meta name=\"twitter:label1\" content=\"\u00c9crit par\" \/>\n\t<meta name=\"twitter:data1\" content=\"Pierre\" \/>\n\t<meta name=\"twitter:label2\" content=\"Dur\u00e9e de lecture estim\u00e9e\" \/>\n\t<meta name=\"twitter:data2\" content=\"10 minutes\" \/>\n<script type=\"application\/ld+json\" class=\"yoast-schema-graph\">{\"@context\":\"https:\\\/\\\/schema.org\",\"@graph\":[{\"@type\":\"Article\",\"@id\":\"https:\\\/\\\/preprod.weasywyg.com\\\/fr\\\/2025\\\/05\\\/13\\\/fin-de-vie-un-debat-central-dans-l-hemicycle-francais\\\/#article\",\"isPartOf\":{\"@id\":\"https:\\\/\\\/preprod.weasywyg.com\\\/fr\\\/2025\\\/05\\\/13\\\/fin-de-vie-un-debat-central-dans-l-hemicycle-francais\\\/\"},\"author\":{\"name\":\"Pierre\",\"@id\":\"https:\\\/\\\/preprod.weasywyg.com\\\/fr\\\/#\\\/schema\\\/person\\\/0dc9c31297e51fe9c2f3505f06f2f6f9\"},\"headline\":\"D\u00e9bats sur la fin de vie : un sujet de soci\u00e9t\u00e9 au coeur de l&rsquo;h\u00e9micycle fran\u00e7ais\",\"datePublished\":\"2025-05-13T13:44:12+00:00\",\"dateModified\":\"2026-07-20T14:16:20+00:00\",\"mainEntityOfPage\":{\"@id\":\"https:\\\/\\\/preprod.weasywyg.com\\\/fr\\\/2025\\\/05\\\/13\\\/fin-de-vie-un-debat-central-dans-l-hemicycle-francais\\\/\"},\"wordCount\":1905,\"commentCount\":0,\"publisher\":{\"@id\":\"https:\\\/\\\/preprod.weasywyg.com\\\/fr\\\/#organization\"},\"image\":{\"@id\":\"https:\\\/\\\/preprod.weasywyg.com\\\/fr\\\/2025\\\/05\\\/13\\\/fin-de-vie-un-debat-central-dans-l-hemicycle-francais\\\/#primaryimage\"},\"thumbnailUrl\":\"https:\\\/\\\/preprod.weasywyg.com\\\/wp-content\\\/uploads\\\/2025\\\/05\\\/projet-loi-fin-de-vie.webp\",\"keywords\":[\"france\",\"handicap\",\"handicap moteur\"],\"articleSection\":[\"D\u00e9cryptage\"],\"inLanguage\":\"fr-FR\",\"potentialAction\":[{\"@type\":\"CommentAction\",\"name\":\"Comment\",\"target\":[\"https:\\\/\\\/preprod.weasywyg.com\\\/fr\\\/2025\\\/05\\\/13\\\/fin-de-vie-un-debat-central-dans-l-hemicycle-francais\\\/#respond\"]}]},{\"@type\":\"WebPage\",\"@id\":\"https:\\\/\\\/preprod.weasywyg.com\\\/fr\\\/2025\\\/05\\\/13\\\/fin-de-vie-un-debat-central-dans-l-hemicycle-francais\\\/\",\"url\":\"https:\\\/\\\/preprod.weasywyg.com\\\/fr\\\/2025\\\/05\\\/13\\\/fin-de-vie-un-debat-central-dans-l-hemicycle-francais\\\/\",\"name\":\"D\u00e9bats sur la fin de vie : un sujet de soci\u00e9t\u00e9 au coeur de l'h\u00e9micycle fran\u00e7ais - Orthopus\",\"isPartOf\":{\"@id\":\"https:\\\/\\\/preprod.weasywyg.com\\\/fr\\\/#website\"},\"primaryImageOfPage\":{\"@id\":\"https:\\\/\\\/preprod.weasywyg.com\\\/fr\\\/2025\\\/05\\\/13\\\/fin-de-vie-un-debat-central-dans-l-hemicycle-francais\\\/#primaryimage\"},\"image\":{\"@id\":\"https:\\\/\\\/preprod.weasywyg.com\\\/fr\\\/2025\\\/05\\\/13\\\/fin-de-vie-un-debat-central-dans-l-hemicycle-francais\\\/#primaryimage\"},\"thumbnailUrl\":\"https:\\\/\\\/preprod.weasywyg.com\\\/wp-content\\\/uploads\\\/2025\\\/05\\\/projet-loi-fin-de-vie.webp\",\"datePublished\":\"2025-05-13T13:44:12+00:00\",\"dateModified\":\"2026-07-20T14:16:20+00:00\",\"breadcrumb\":{\"@id\":\"https:\\\/\\\/preprod.weasywyg.com\\\/fr\\\/2025\\\/05\\\/13\\\/fin-de-vie-un-debat-central-dans-l-hemicycle-francais\\\/#breadcrumb\"},\"inLanguage\":\"fr-FR\",\"potentialAction\":[{\"@type\":\"ReadAction\",\"target\":[\"https:\\\/\\\/preprod.weasywyg.com\\\/fr\\\/2025\\\/05\\\/13\\\/fin-de-vie-un-debat-central-dans-l-hemicycle-francais\\\/\"]}]},{\"@type\":\"ImageObject\",\"inLanguage\":\"fr-FR\",\"@id\":\"https:\\\/\\\/preprod.weasywyg.com\\\/fr\\\/2025\\\/05\\\/13\\\/fin-de-vie-un-debat-central-dans-l-hemicycle-francais\\\/#primaryimage\",\"url\":\"https:\\\/\\\/preprod.weasywyg.com\\\/wp-content\\\/uploads\\\/2025\\\/05\\\/projet-loi-fin-de-vie.webp\",\"contentUrl\":\"https:\\\/\\\/preprod.weasywyg.com\\\/wp-content\\\/uploads\\\/2025\\\/05\\\/projet-loi-fin-de-vie.webp\",\"width\":1920,\"height\":1282},{\"@type\":\"BreadcrumbList\",\"@id\":\"https:\\\/\\\/preprod.weasywyg.com\\\/fr\\\/2025\\\/05\\\/13\\\/fin-de-vie-un-debat-central-dans-l-hemicycle-francais\\\/#breadcrumb\",\"itemListElement\":[{\"@type\":\"ListItem\",\"position\":1,\"name\":\"Accueil\",\"item\":\"https:\\\/\\\/preprod.weasywyg.com\\\/fr\\\/\"},{\"@type\":\"ListItem\",\"position\":2,\"name\":\"D\u00e9bats sur la fin de vie : un sujet de soci\u00e9t\u00e9 au coeur de l&rsquo;h\u00e9micycle fran\u00e7ais\"}]},{\"@type\":\"WebSite\",\"@id\":\"https:\\\/\\\/preprod.weasywyg.com\\\/fr\\\/#website\",\"url\":\"https:\\\/\\\/preprod.weasywyg.com\\\/fr\\\/\",\"name\":\"Orthopus\",\"description\":\"Handitech solutions for everyone\",\"publisher\":{\"@id\":\"https:\\\/\\\/preprod.weasywyg.com\\\/fr\\\/#organization\"},\"potentialAction\":[{\"@type\":\"SearchAction\",\"target\":{\"@type\":\"EntryPoint\",\"urlTemplate\":\"https:\\\/\\\/preprod.weasywyg.com\\\/fr\\\/?s={search_term_string}\"},\"query-input\":{\"@type\":\"PropertyValueSpecification\",\"valueRequired\":true,\"valueName\":\"search_term_string\"}}],\"inLanguage\":\"fr-FR\"},{\"@type\":\"Organization\",\"@id\":\"https:\\\/\\\/preprod.weasywyg.com\\\/fr\\\/#organization\",\"name\":\"Orthopus\",\"url\":\"https:\\\/\\\/preprod.weasywyg.com\\\/fr\\\/\",\"logo\":{\"@type\":\"ImageObject\",\"inLanguage\":\"fr-FR\",\"@id\":\"https:\\\/\\\/preprod.weasywyg.com\\\/fr\\\/#\\\/schema\\\/logo\\\/image\\\/\",\"url\":\"https:\\\/\\\/preprod.weasywyg.com\\\/wp-content\\\/uploads\\\/2026\\\/05\\\/logo.svg\",\"contentUrl\":\"https:\\\/\\\/preprod.weasywyg.com\\\/wp-content\\\/uploads\\\/2026\\\/05\\\/logo.svg\",\"caption\":\"Orthopus\"},\"image\":{\"@id\":\"https:\\\/\\\/preprod.weasywyg.com\\\/fr\\\/#\\\/schema\\\/logo\\\/image\\\/\"}},{\"@type\":\"Person\",\"@id\":\"https:\\\/\\\/preprod.weasywyg.com\\\/fr\\\/#\\\/schema\\\/person\\\/0dc9c31297e51fe9c2f3505f06f2f6f9\",\"name\":\"Pierre\",\"image\":{\"@type\":\"ImageObject\",\"inLanguage\":\"fr-FR\",\"@id\":\"https:\\\/\\\/secure.gravatar.com\\\/avatar\\\/9c3ed8fbf8227342dcec0e3c388c902ea09285b1b3c21e000bf3853a2729a85b?s=96&d=mm&r=g\",\"url\":\"https:\\\/\\\/secure.gravatar.com\\\/avatar\\\/9c3ed8fbf8227342dcec0e3c388c902ea09285b1b3c21e000bf3853a2729a85b?s=96&d=mm&r=g\",\"contentUrl\":\"https:\\\/\\\/secure.gravatar.com\\\/avatar\\\/9c3ed8fbf8227342dcec0e3c388c902ea09285b1b3c21e000bf3853a2729a85b?s=96&d=mm&r=g\",\"caption\":\"Pierre\"},\"url\":\"https:\\\/\\\/preprod.weasywyg.com\\\/fr\\\/author\\\/pierre\\\/\"}]}<\/script>\n<!-- \/ Yoast SEO plugin. -->","yoast_head_json":{"title":"D\u00e9bats sur la fin de vie : un sujet de soci\u00e9t\u00e9 au coeur de l'h\u00e9micycle fran\u00e7ais - Orthopus","robots":{"index":"noindex","follow":"follow","max-snippet":"max-snippet:-1","max-image-preview":"max-image-preview:large","max-video-preview":"max-video-preview:-1"},"og_locale":"fr_FR","og_type":"article","og_title":"D\u00e9bats sur la fin de vie : un sujet de soci\u00e9t\u00e9 au coeur de l'h\u00e9micycle fran\u00e7ais - Orthopus","og_description":"Pr\u00e8s d\u2019un an apr\u00e8s la dissolution de l\u2019Assembl\u00e9e nationale d\u00e9cid\u00e9e par Emmanuel Macron en juin 2024, l\u2019examen de la proposition de loi sur la fin de vie reprend. Ce texte sensible continue de diviser une grande partie des Fran\u00e7ais et des Fran\u00e7aises(1,2). Deux poids, deux mesures En quoi consistent ces d\u00e9bats ?","og_url":"https:\/\/preprod.weasywyg.com\/fr\/2025\/05\/13\/fin-de-vie-un-debat-central-dans-l-hemicycle-francais\/","og_site_name":"Orthopus","article_published_time":"2025-05-13T13:44:12+00:00","article_modified_time":"2026-07-20T14:16:20+00:00","og_image":[{"width":1920,"height":1282,"url":"https:\/\/preprod.weasywyg.com\/wp-content\/uploads\/2025\/05\/projet-loi-fin-de-vie.webp","type":"image\/webp"}],"author":"Pierre","twitter_card":"summary_large_image","twitter_misc":{"\u00c9crit par":"Pierre","Dur\u00e9e de lecture estim\u00e9e":"10 minutes"},"schema":{"@context":"https:\/\/schema.org","@graph":[{"@type":"Article","@id":"https:\/\/preprod.weasywyg.com\/fr\/2025\/05\/13\/fin-de-vie-un-debat-central-dans-l-hemicycle-francais\/#article","isPartOf":{"@id":"https:\/\/preprod.weasywyg.com\/fr\/2025\/05\/13\/fin-de-vie-un-debat-central-dans-l-hemicycle-francais\/"},"author":{"name":"Pierre","@id":"https:\/\/preprod.weasywyg.com\/fr\/#\/schema\/person\/0dc9c31297e51fe9c2f3505f06f2f6f9"},"headline":"D\u00e9bats sur la fin de vie : un sujet de soci\u00e9t\u00e9 au coeur de l&rsquo;h\u00e9micycle fran\u00e7ais","datePublished":"2025-05-13T13:44:12+00:00","dateModified":"2026-07-20T14:16:20+00:00","mainEntityOfPage":{"@id":"https:\/\/preprod.weasywyg.com\/fr\/2025\/05\/13\/fin-de-vie-un-debat-central-dans-l-hemicycle-francais\/"},"wordCount":1905,"commentCount":0,"publisher":{"@id":"https:\/\/preprod.weasywyg.com\/fr\/#organization"},"image":{"@id":"https:\/\/preprod.weasywyg.com\/fr\/2025\/05\/13\/fin-de-vie-un-debat-central-dans-l-hemicycle-francais\/#primaryimage"},"thumbnailUrl":"https:\/\/preprod.weasywyg.com\/wp-content\/uploads\/2025\/05\/projet-loi-fin-de-vie.webp","keywords":["france","handicap","handicap moteur"],"articleSection":["D\u00e9cryptage"],"inLanguage":"fr-FR","potentialAction":[{"@type":"CommentAction","name":"Comment","target":["https:\/\/preprod.weasywyg.com\/fr\/2025\/05\/13\/fin-de-vie-un-debat-central-dans-l-hemicycle-francais\/#respond"]}]},{"@type":"WebPage","@id":"https:\/\/preprod.weasywyg.com\/fr\/2025\/05\/13\/fin-de-vie-un-debat-central-dans-l-hemicycle-francais\/","url":"https:\/\/preprod.weasywyg.com\/fr\/2025\/05\/13\/fin-de-vie-un-debat-central-dans-l-hemicycle-francais\/","name":"D\u00e9bats sur la fin de vie : un sujet de soci\u00e9t\u00e9 au coeur de l'h\u00e9micycle fran\u00e7ais - Orthopus","isPartOf":{"@id":"https:\/\/preprod.weasywyg.com\/fr\/#website"},"primaryImageOfPage":{"@id":"https:\/\/preprod.weasywyg.com\/fr\/2025\/05\/13\/fin-de-vie-un-debat-central-dans-l-hemicycle-francais\/#primaryimage"},"image":{"@id":"https:\/\/preprod.weasywyg.com\/fr\/2025\/05\/13\/fin-de-vie-un-debat-central-dans-l-hemicycle-francais\/#primaryimage"},"thumbnailUrl":"https:\/\/preprod.weasywyg.com\/wp-content\/uploads\/2025\/05\/projet-loi-fin-de-vie.webp","datePublished":"2025-05-13T13:44:12+00:00","dateModified":"2026-07-20T14:16:20+00:00","breadcrumb":{"@id":"https:\/\/preprod.weasywyg.com\/fr\/2025\/05\/13\/fin-de-vie-un-debat-central-dans-l-hemicycle-francais\/#breadcrumb"},"inLanguage":"fr-FR","potentialAction":[{"@type":"ReadAction","target":["https:\/\/preprod.weasywyg.com\/fr\/2025\/05\/13\/fin-de-vie-un-debat-central-dans-l-hemicycle-francais\/"]}]},{"@type":"ImageObject","inLanguage":"fr-FR","@id":"https:\/\/preprod.weasywyg.com\/fr\/2025\/05\/13\/fin-de-vie-un-debat-central-dans-l-hemicycle-francais\/#primaryimage","url":"https:\/\/preprod.weasywyg.com\/wp-content\/uploads\/2025\/05\/projet-loi-fin-de-vie.webp","contentUrl":"https:\/\/preprod.weasywyg.com\/wp-content\/uploads\/2025\/05\/projet-loi-fin-de-vie.webp","width":1920,"height":1282},{"@type":"BreadcrumbList","@id":"https:\/\/preprod.weasywyg.com\/fr\/2025\/05\/13\/fin-de-vie-un-debat-central-dans-l-hemicycle-francais\/#breadcrumb","itemListElement":[{"@type":"ListItem","position":1,"name":"Accueil","item":"https:\/\/preprod.weasywyg.com\/fr\/"},{"@type":"ListItem","position":2,"name":"D\u00e9bats sur la fin de vie : un sujet de soci\u00e9t\u00e9 au coeur de l&rsquo;h\u00e9micycle fran\u00e7ais"}]},{"@type":"WebSite","@id":"https:\/\/preprod.weasywyg.com\/fr\/#website","url":"https:\/\/preprod.weasywyg.com\/fr\/","name":"Orthopus","description":"Handitech solutions for everyone","publisher":{"@id":"https:\/\/preprod.weasywyg.com\/fr\/#organization"},"potentialAction":[{"@type":"SearchAction","target":{"@type":"EntryPoint","urlTemplate":"https:\/\/preprod.weasywyg.com\/fr\/?s={search_term_string}"},"query-input":{"@type":"PropertyValueSpecification","valueRequired":true,"valueName":"search_term_string"}}],"inLanguage":"fr-FR"},{"@type":"Organization","@id":"https:\/\/preprod.weasywyg.com\/fr\/#organization","name":"Orthopus","url":"https:\/\/preprod.weasywyg.com\/fr\/","logo":{"@type":"ImageObject","inLanguage":"fr-FR","@id":"https:\/\/preprod.weasywyg.com\/fr\/#\/schema\/logo\/image\/","url":"https:\/\/preprod.weasywyg.com\/wp-content\/uploads\/2026\/05\/logo.svg","contentUrl":"https:\/\/preprod.weasywyg.com\/wp-content\/uploads\/2026\/05\/logo.svg","caption":"Orthopus"},"image":{"@id":"https:\/\/preprod.weasywyg.com\/fr\/#\/schema\/logo\/image\/"}},{"@type":"Person","@id":"https:\/\/preprod.weasywyg.com\/fr\/#\/schema\/person\/0dc9c31297e51fe9c2f3505f06f2f6f9","name":"Pierre","image":{"@type":"ImageObject","inLanguage":"fr-FR","@id":"https:\/\/secure.gravatar.com\/avatar\/9c3ed8fbf8227342dcec0e3c388c902ea09285b1b3c21e000bf3853a2729a85b?s=96&d=mm&r=g","url":"https:\/\/secure.gravatar.com\/avatar\/9c3ed8fbf8227342dcec0e3c388c902ea09285b1b3c21e000bf3853a2729a85b?s=96&d=mm&r=g","contentUrl":"https:\/\/secure.gravatar.com\/avatar\/9c3ed8fbf8227342dcec0e3c388c902ea09285b1b3c21e000bf3853a2729a85b?s=96&d=mm&r=g","caption":"Pierre"},"url":"https:\/\/preprod.weasywyg.com\/fr\/author\/pierre\/"}]}},"taxonomy_info":{"category":[{"value":232,"label":"D\u00e9cryptage"}],"post_tag":[{"value":205,"label":"france"},{"value":62,"label":"handicap"},{"value":63,"label":"handicap moteur"}]},"featured_image_src_large":["https:\/\/preprod.weasywyg.com\/wp-content\/uploads\/2025\/05\/projet-loi-fin-de-vie-1024x684.webp",1024,684,true],"author_info":{"display_name":"Pierre","author_link":"https:\/\/preprod.weasywyg.com\/fr\/author\/pierre\/"},"comment_info":0,"category_info":[{"term_id":232,"name":"D\u00e9cryptage","slug":"decryptage","term_group":0,"term_taxonomy_id":232,"taxonomy":"category","description":"","parent":0,"count":9,"filter":"raw","cat_ID":232,"category_count":9,"category_description":"","cat_name":"D\u00e9cryptage","category_nicename":"decryptage","category_parent":0}],"tag_info":[{"term_id":205,"name":"france","slug":"france","term_group":0,"term_taxonomy_id":205,"taxonomy":"post_tag","description":"","parent":0,"count":1,"filter":"raw"},{"term_id":62,"name":"handicap","slug":"handicap","term_group":0,"term_taxonomy_id":62,"taxonomy":"post_tag","description":"","parent":0,"count":12,"filter":"raw"},{"term_id":63,"name":"handicap moteur","slug":"handicap-moteur","term_group":0,"term_taxonomy_id":63,"taxonomy":"post_tag","description":"","parent":0,"count":20,"filter":"raw"}],"_links":{"self":[{"href":"https:\/\/preprod.weasywyg.com\/fr\/wp-json\/wp\/v2\/posts\/18807","targetHints":{"allow":["GET"]}}],"collection":[{"href":"https:\/\/preprod.weasywyg.com\/fr\/wp-json\/wp\/v2\/posts"}],"about":[{"href":"https:\/\/preprod.weasywyg.com\/fr\/wp-json\/wp\/v2\/types\/post"}],"author":[{"embeddable":true,"href":"https:\/\/preprod.weasywyg.com\/fr\/wp-json\/wp\/v2\/users\/7"}],"replies":[{"embeddable":true,"href":"https:\/\/preprod.weasywyg.com\/fr\/wp-json\/wp\/v2\/comments?post=18807"}],"version-history":[{"count":5,"href":"https:\/\/preprod.weasywyg.com\/fr\/wp-json\/wp\/v2\/posts\/18807\/revisions"}],"predecessor-version":[{"id":19412,"href":"https:\/\/preprod.weasywyg.com\/fr\/wp-json\/wp\/v2\/posts\/18807\/revisions\/19412"}],"wp:featuredmedia":[{"embeddable":true,"href":"https:\/\/preprod.weasywyg.com\/fr\/wp-json\/wp\/v2\/media\/18755"}],"wp:attachment":[{"href":"https:\/\/preprod.weasywyg.com\/fr\/wp-json\/wp\/v2\/media?parent=18807"}],"wp:term":[{"taxonomy":"category","embeddable":true,"href":"https:\/\/preprod.weasywyg.com\/fr\/wp-json\/wp\/v2\/categories?post=18807"},{"taxonomy":"post_tag","embeddable":true,"href":"https:\/\/preprod.weasywyg.com\/fr\/wp-json\/wp\/v2\/tags?post=18807"}],"curies":[{"name":"wp","href":"https:\/\/api.w.org\/{rel}","templated":true}]}}