{"id":18938,"date":"2025-06-30T11:53:00","date_gmt":"2025-06-30T09:53:00","guid":{"rendered":"https:\/\/preprod.weasywyg.com\/?p=18938"},"modified":"2026-07-28T10:16:36","modified_gmt":"2026-07-28T08:16:36","slug":"dossier-aidant-familial","status":"publish","type":"post","link":"https:\/\/preprod.weasywyg.com\/fr\/2025\/06\/30\/dossier-aidant-familial\/","title":{"rendered":"Aidant familial 2025 : droits, d\u00e9marches et aides disponibles"},"content":{"rendered":"\n<h2 class=\"wp-block-heading\">Comprendre le r\u00f4le et la reconnaissance de l\u2019aidant familial\u200b<\/h2>\n\n\n\n<p class=\"wp-block-paragraph\">Le terme \u00ab\u00a0aidant familial\u00a0\u00bb provient du latin \u201c<a href=\"https:\/\/www.centraider.fr\/etre-aidant\/definitions-et-donnees\/#:~:text=Aidante%20et%20aidant%20%3A%20quelle%20d%C3%A9finition,aussi%20%C3%AAtre%20utile%2C%20faire%20plaisir.\" target=\"_blank\" rel=\"noreferrer noopener\">ad juvare<\/a>\u201d qui signifie secourir, seconder, \u00eatre tile ou encore faire plaisir. Pourtant, ce terme n&rsquo;a pas toujours \u00e9t\u00e9 compris tel que nous le connaissons.&nbsp;<a href=\"https:\/\/www.aidonslesnotres.fr\/le-role-de-laidant\/histoire-de-laidance\/\" target=\"_blank\" rel=\"noreferrer noopener\">D\u00e8s l\u2019antiquit\u00e9 d\u00e9j\u00e0<\/a>, les individus avaient une obligation de solidarit\u00e9 interg\u00e9n\u00e9rationnelle sous peine de sanctions. Dans le&nbsp;<a href=\"https:\/\/www.legifrance.gouv.fr\/codes\/texte_lc\/LEGITEXT000006070721\/\" target=\"_blank\" rel=\"noreferrer noopener\">Code Civil<\/a>, Napol\u00e9on r\u00e9inscrit ces obligations familiales l\u00e9galement. En effet, durant tout le Moyen-\u00c2ge et l&rsquo;\u00e9poque moderne, ce sont les instances religieuses qui s&rsquo;en chargeaient.<\/p>\n\n\n\n<p class=\"wp-block-paragraph\">Au sortir de la Seconde Guerre mondiale, l\u2019\u00c9tat devient providence et la collectivit\u00e9 se charge des plus vuln\u00e9rables, \u00e9cartant de fait toute connotation uniquement familiale. Ce n\u2019est que vers les ann\u00e9es 2000 que le mot \u00ab aidant\u2022e \u00bb prend sa forme actuelle. La mixit\u00e9 s\u2019ouvre et ce r\u00f4le n\u2019est plus uniquement f\u00e9minin, comme il le fut tr\u00e8s majoritairement les si\u00e8cles pr\u00e9c\u00e9dents.<\/p>\n\n\n\n<p class=\"wp-block-paragraph\">En 2025, \u00eatre aidant familial, c&rsquo;est accompagner au quotidien un ou une proche en situation de handicap ou malade. Et cela concerne tout proche : parent \u00e2g\u00e9, enfant, conjoint\u2022e, fr\u00e8re ou s\u0153ur, voisin\u2022e, etc&#8230; Il ou elle participe \u00e0 plusieurs t\u00e2ches qui entoure le bien-\u00eatre quotidien de la personne accompagn\u00e9e&nbsp;: soins, gestion administrative, accompagnement moral, transport, etc.<\/p>\n\n\n\n<figure class=\"wp-block-image size-large\"><img loading=\"lazy\" decoding=\"async\" width=\"1024\" height=\"554\" src=\"https:\/\/preprod.weasywyg.com\/wp-content\/uploads\/2026\/06\/SCH-250722-Proche-aidant-1024x554.webp\" alt=\"\" class=\"wp-image-18968\" srcset=\"https:\/\/preprod.weasywyg.com\/wp-content\/uploads\/2026\/06\/SCH-250722-Proche-aidant-1024x554.webp 1024w, https:\/\/preprod.weasywyg.com\/wp-content\/uploads\/2026\/06\/SCH-250722-Proche-aidant-300x162.webp 300w, https:\/\/preprod.weasywyg.com\/wp-content\/uploads\/2026\/06\/SCH-250722-Proche-aidant-768x415.webp 768w, https:\/\/preprod.weasywyg.com\/wp-content\/uploads\/2026\/06\/SCH-250722-Proche-aidant-1536x830.webp 1536w, https:\/\/preprod.weasywyg.com\/wp-content\/uploads\/2026\/06\/SCH-250722-Proche-aidant-2048x1107.webp 2048w\" sizes=\"auto, (max-width: 1024px) 100vw, 1024px\" \/><\/figure>\n\n\n\n<p class=\"wp-block-paragraph\">Ce r\u00f4le, bien qu\u2019essentiel \u00e0 la solidarit\u00e9 nationale, ne repose encore sur aucun statut juridique. Pour les quelque <a href=\"https:\/\/solidarites.gouv.fr\/sites\/solidarite\/files\/2023-10\/Bilan-Strategie-Agir-pour-les-aidants-2020-2023_0.pdf\">8 millions d\u2019aidant\u2022es en France, dont 57% de femmes<\/a>, c\u2019est une double vie qui s\u2019op\u00e8re chaque jour, laquelle est reconnue progressivement par les institutions administratives et sociales principalement via un dossier aidant familial. Ils\u2022Elles ont notamment droit au <a href=\"https:\/\/www.service-public.fr\/particuliers\/vosdroits\/F16920\">cong\u00e9 proche aidant<\/a>, \u00e0 des aides financi\u00e8res, \u00e0 des dispositifs de r\u00e9pit, mais \u00e9galement \u00e0 des plateformes d\u2019informations.\u00a0<br><\/p>\n\n\n\n<h2 class=\"wp-block-heading\">\u00c9valuer la situation de la personne aid\u00e9e et du futur aidant<\/h2>\n\n\n\n<p class=\"wp-block-paragraph\">Avant d\u2019entamer la constitution d\u2019un dossier aidant familial ou pour d\u2019autres organismes, dans le but d\u2019obtenir des aides, il est tr\u00e8s important de proc\u00e9der \u00e0 une \u00e9valuation compl\u00e8te des besoins de la personne aid\u00e9e. Celle-ci permettra d\u2019identifier pr\u00e9cis\u00e9ment le niveau de d\u00e9pendance (via une <a href=\"https:\/\/www.pour-les-personnes-agees.gouv.fr\/preserver-son-autonomie\/perte-d-autonomie-evaluation-et-droits\/comment-fonctionne-la-grille-aggir\">grille AGGIR<\/a> pour d\u00e9terminer le <a href=\"https:\/\/www.pour-les-personnes-agees.gouv.fr\/preserver-son-autonomie\/perte-d-autonomie-evaluation-et-droits\/comment-le-gir-est-il-determine\">GIR<\/a>) ou de r\u00e9aliser un bilan avec la <a href=\"https:\/\/mdphenligne.cnsa.fr\/\">Maison d\u00e9partementale des personnes handicap\u00e9es<\/a>.\u00a0<\/p>\n\n\n\n<figure class=\"wp-block-pullquote has-medium-font-size\"><blockquote><p><strong>Le vocab\u2019 du poulpe <\/strong>\ud83d\udc19<strong> : GIR, k\u00e9zako ?<\/strong><br><br>Le Groupe iso-ressources (aussi appel\u00e9 GIR) est un outil utilis\u00e9 pour mesurer le niveau de d\u00e9pendance d\u2019une personne, notamment en ce qui concerne ses besoins d\u2019aide dans la vie quotidienne. Il va de 1 \u00e0 6, le GIR 1 \u00e9tant le plus haut niveau de d\u00e9pendance.<br><br>&#8211; GIR 1 : la personne est tr\u00e8s d\u00e9pendante, elle a besoin d\u2019aide pour presque tout.<br>&#8211; GIR 2 : la personne a besoin d\u2019une aide importante, surtout pour les gestes essentiels du quotidien.<br>&#8211; GIR 3 \u00e0 4 : la personne est partiellement autonome mais a besoin d\u2019aide pour certaines activit\u00e9s<br>&#8211; GIR 5 \u00e0 6 : la personne est plut\u00f4t autonome, elle peut vivre chez elle mais avec une aide ponctuelle.\u00a0<br><br>On \u00e9value le GIR avec une grille <a href=\"https:\/\/www.pour-les-personnes-agees.gouv.fr\/preserver-son-autonomie\/perte-d-autonomie-evaluation-et-droits\/comment-fonctionne-la-grille-aggir\">AGGIR<\/a> (Autonomie g\u00e9rontologique groupe iso-ressources). Cette \u00e9valuation est g\u00e9n\u00e9ralement r\u00e9alis\u00e9e par un professionnel de sant\u00e9 et consiste \u00e0 observer les capacit\u00e9s de la personne dans des situations les plus fid\u00e8les possibles au quotidien.\u00a0<br><br>\u00c0 noter que seuls les <a href=\"https:\/\/www.service-public.fr\/particuliers\/vosdroits\/F10009\">GIR 1 \u00e0 4 ouvrent droit \u00e0 l\u2019APA<\/a> (Allocation personnalis\u00e9e d\u2019autonomie).\u00a0<\/p><\/blockquote><\/figure>\n\n\n\n<p class=\"wp-block-paragraph\">Parall\u00e8lement, il est aussi important d\u2019\u00e9valuer la capacit\u00e9 de l\u2019aidan\u2022e \u00e0\u00a0<a href=\"https:\/\/jaidejemevalue.fr\/\">accompagner durablement<\/a>\u00a0la personne concern\u00e9e. R\u00e9aliser ce diagnostic ensemble contribue \u00e0 pr\u00e9parer le dossier d\u2019aidant familial et \u00e0 cibler plus efficacement les aides techniques ou financi\u00e8res souhait\u00e9es.<\/p>\n\n\n\n<h2 class=\"wp-block-heading\">Constitution du dossier d\u2019aidant familial : d\u00e9marches pas \u00e0 pas<\/h2>\n\n\n\n<h3 class=\"wp-block-heading\">La d\u00e9claration d\u2019aidant familial aupr\u00e8s des autorit\u00e9s locales<\/h3>\n\n\n\n<p class=\"wp-block-paragraph\">Pour obtenir une reconnaissance officielle de la MDPH en tant qu\u2019aidant familial, il est fondamental d\u2019entamer des d\u00e9marches administratives. Il vous faudra fournir ces pi\u00e8ces ci-dessous\u00a0 :<\/p>\n\n\n\n<ul class=\"wp-block-list\">\n<li>Une <a href=\"https:\/\/www.alsace.eu\/media\/8393\/cea-attestation-honneur-proche-aidant.pdf\">d\u00e9claration sur l\u2019honneur<\/a> indiquant que vous aidez r\u00e9guli\u00e8rement et b\u00e9n\u00e9volement un\u2022e proche.\u00a0<\/li>\n\n\n\n<li>Un <a href=\"https:\/\/www.monparcourshandicap.gouv.fr\/sites\/default\/files\/2022-05\/notice_Comprendre%20et%20bien%20remplir%20le%20certificat%20medical%20MDPH-accessible.pdf\">certificat m\u00e9dical<\/a> ou un document attestant la perte d\u2019autonomie de la personne aid\u00e9e, de pr\u00e9f\u00e9rence de moins de 6 mois.\u00a0<\/li>\n\n\n\n<li>Une pi\u00e8ce d\u2019identit\u00e9 de la personne aid\u00e9e et de l\u2019aidant\u2022e.<\/li>\n\n\n\n<li>Un justificatif de domicile des deux parties.<\/li>\n<\/ul>\n\n\n\n<p class=\"wp-block-paragraph\">Cette reconnaissance ne donne pas automatiquement droit \u00e0 des aides mais elle peut \u00eatre tr\u00e8s utile pour justifier son r\u00f4le dans le cadre d&rsquo;autres d\u00e9marches comme le <a href=\"https:\/\/www.service-public.fr\/particuliers\/vosdroits\/F16920\">cong\u00e9 proche aidant<\/a> ou des demandes \u00e0 la CAF. Cela peut \u00e9galement vous servir pour appuyer une demande d\u2019am\u00e9nagement du temps de travail ou d\u2019aide au r\u00e9pit.\u00a0<\/p>\n\n\n\n<h3 class=\"wp-block-heading\"><strong>La reconnaissance salariale : devenir aidant familial salari\u00e9<\/strong><\/h3>\n\n\n\n<p class=\"wp-block-paragraph\">Il est possible dans certains cas de devenir aidant familial salari\u00e9\u2022e et d\u2019\u00eatre r\u00e9mun\u00e9r\u00e9\u2022e pour l\u2019aide apport\u00e9e \u00e0 un\u2022e proche tout en cumulant un salaire. Pour cela, il convient que la personne aid\u00e9e dispose d\u2019une aide publique comme l\u2019<a href=\"https:\/\/www.service-public.fr\/particuliers\/vosdroits\/F10009\">APA<\/a> (Allocation personnalis\u00e9e d\u2019autonomie) ou la <a href=\"https:\/\/www.service-public.fr\/particuliers\/vosdroits\/F14202\">PCH<\/a> (Prestation de compensation du handicap). La personne aid\u00e9e devient ensuite employeur\u2022e, elle doit <a href=\"https:\/\/www.urssaf.fr\/accueil\/services\/services-particuliers\/service-cesu\/creer-compte-cesu.html\">s\u2019inscrire<\/a> aupr\u00e8s du <a href=\"https:\/\/www.cesu.urssaf.fr\/\">CESU<\/a> via l\u2019URSSAF et verser un salaire net \u00e0 l\u2019aidant, avec d\u00e9claration des cotisations sociales. Bien s\u00fbr, pour encadrer cela, il est requis qu\u2019un contrat de travail soit \u00e9tabli entre les deux parties avec des horaires de travail, un <a href=\"https:\/\/www.cesu.urssaf.fr\/decla\/index.html?page=page_estimer&amp;LANG=FR\">salaire minimum<\/a> et des cong\u00e9s pay\u00e9s.\u00a0<\/p>\n\n\n\n<blockquote class=\"wp-block-quote is-layout-flow wp-block-quote-is-layout-flow\">\n<p class=\"wp-block-paragraph\"><strong>\u00c0 noter que tous\u2022tes les proches ne peuvent pas \u00eatre r\u00e9mun\u00e9r\u00e9\u2022es en tant qu\u2019aidant familial. Sont exclus, les conjoint\u2022es, partenaires de PACS ou concubin\u2022es.\u00a0<\/strong><\/p>\n<\/blockquote>\n\n\n\n<figure class=\"wp-block-table\"><table class=\"has-fixed-layout\"><tbody><tr><td><strong>D\u00e9marche<\/strong><\/td><td><strong>O\u00f9 s\u2019adresser ?<\/strong><\/td><td><strong>Documents \u00e0 fournir<\/strong><\/td><\/tr><tr><td>D\u00e9claration d\u2019aidant familial<\/td><td>Conseil d\u00e9partemental, MDPH<\/td><td>D\u00e9claration sur l\u2019honneur, justificatifs m\u00e9dicaux<\/td><\/tr><tr><td>Statut salari\u00e9 (APA\/PCH)<\/td><td><a href=\"https:\/\/www.urssaf.fr\/accueil.html\">URSSAF<\/a>\/CESU<\/td><td>Contrat de travail, d\u00e9claration d\u2019embauche<\/td><\/tr><tr><td><a href=\"https:\/\/www.caf.fr\/allocataires\/aides-et-demarches\/droits-et-prestations\/handicap\/l-allocation-journaliere-du-proche-aidant-ajpa\">AJPA<\/a> (Allocation journali\u00e8re du proche aidant)<\/td><td><a href=\"https:\/\/www.caf.fr\/\">CAF<\/a> ou <a href=\"https:\/\/www.msa.fr\/lfp\">MSA<\/a><\/td><td>Formulaire, justificatifs, demande de cong\u00e9 (si salari\u00e9.e)<\/td><\/tr><tr><td>Cong\u00e9 proche aidant<\/td><td>Employeur\u2022e<\/td><td>Demande \u00e9crite, justificatifs<\/td><\/tr><\/tbody><\/table><\/figure>\n\n\n\n<h2 class=\"wp-block-heading\">Les aides financi\u00e8res disponibles pour les aidants familiaux<\/h2>\n\n\n\n<h3 class=\"wp-block-heading\"><strong>L\u2019Allocation journali\u00e8re du proche aidant (AJPA)<\/strong><\/h3>\n\n\n\n<p class=\"wp-block-paragraph\">L\u2019AJPA (Allocation journali\u00e8re du proche aidant) est une aide financi\u00e8re vers\u00e9e par la CAF ou la MSA, elle est destin\u00e9e aux aidant\u2022es qui prennent un cong\u00e9 de proche aidant pour s\u2019occuper d\u2019un\u2022e proche en situation de perte d\u2019autonomie ou de handicap. Afin d\u2019\u00eatre \u00e9ligible \u00e0 l\u2019AJPA vous devez :\u00a0<\/p>\n\n\n\n<ul class=\"wp-block-list\">\n<li>\u00catre : salari\u00e9\u2022e, ind\u00e9pendant\u2022e, fonctionnaire ou demandeur\u2022euse d\u2019emploi.<\/li>\n\n\n\n<li>Avoir un lien \u00e9troit avec la personne aid\u00e9e.\u00a0<\/li>\n\n\n\n<li>Prendre un cong\u00e9 de proche aidant officiellement reconnu par votre employeur\u2022e ou \u00eatre en interruption d\u2019activit\u00e9 si vous \u00eates ind\u00e9pendant\u2022e.<\/li>\n\n\n\n<li>Ne pas percevoir d\u2019autres prestations incompatibles comme l\u2019<a href=\"https:\/\/www.service-public.fr\/particuliers\/vosdroits\/N178\">Aide au retour \u00e0 l\u2019emploi<\/a>.<\/li>\n<\/ul>\n\n\n\n<p class=\"wp-block-paragraph\">Au 1er janvier 2025, le montant de l\u2019AJPA est de <strong>65.80\u20ac par jour et de 32.90\u20ac par demi-journ\u00e9e<\/strong>. Le d\u00e9dommagement est fix\u00e9 \u00e0 une limite de <strong>66 jours par personne aid\u00e9e sur l\u2019ensemble de la carri\u00e8re professionnelle<\/strong>. Afin de pouvoir toucher l\u2019indemnisation, vous devez effectuer une demande aupr\u00e8s de la CAF ou de la MSA, selon votre r\u00e9gime, et remplir le formulaire <a href=\"https:\/\/allocation-chomage.fr\/wp-content\/uploads\/2020\/11\/demande-ajpa-80.pdf\">CERFA N\u00b016108*01<\/a>. La d\u00e9marche est possible en ligne ou par courrier et doit \u00eatre accompagn\u00e9e des justificatifs indispensables \u00e0 votre demande.<\/p>\n\n\n\n<h3 class=\"wp-block-heading\"><strong>Les autres dispositifs de soutien (APA, PCH, cong\u00e9 proche aidant, droit au r\u00e9pit)<\/strong><\/h3>\n\n\n\n<p class=\"wp-block-paragraph\">En compl\u00e9ment de l\u2019AJPA (Allocation journali\u00e8re de proche aidant) plusieurs dispositifs d\u2019aide et de soutien aux aidants familiaux existent en France. Ceux-ci peuvent favoriser l\u2019all\u00e8gement de la charge mentale, financi\u00e8re ou physique li\u00e9e \u00e0 l\u2019accompagnement d\u2019un proche. Les principales solutions sont :<\/p>\n\n\n\n<ul class=\"wp-block-list\">\n<li>L\u2019<a href=\"https:\/\/www.service-public.fr\/particuliers\/vosdroits\/F10009\">APA<\/a> (Allocation personnalis\u00e9e d\u2019autonomie)<br>\u27a1\ufe0f Destin\u00e9e aux personnes \u00e2g\u00e9es de 60 ans ou plus et \u00eatre en perte d\u2019autonomie (GIR 1 \u00e0 4)<br>\u27a1\ufe0f Peut servir \u00e0 rembourser des d\u00e9penses li\u00e9es \u00e0 l\u2019aide \u00e0 domicil<br>\u27a1\ufe0f Possibilit\u00e9 de r\u00e9mun\u00e9rer un aidant familial ( hors conjoint\u2022e, partenaire de PACS ou concubin)<br>\u27a1\ufe0f Vers\u00e9e par la Conseil d\u00e9partemental\u00a0<\/li>\n<\/ul>\n\n\n\n<ul class=\"wp-block-list\">\n<li>La <a href=\"https:\/\/www.monparcourshandicap.gouv.fr\/glossaire\/pch\">PCH<\/a> (Prestation de compensation du handicap)<br>\u27a1\ufe0f Destin\u00e9e aux personnes en situation de handicap, quel que soit l\u2019\u00e2ge<br>\u27a1\ufe0f Donne mati\u00e8re \u00e0 financer une aide humaine, y compris la r\u00e9mun\u00e9ration d\u2019un aidant familial (montant variable selon la situation du ou de la demandeur\u2022euse)<br>\u27a1\ufe0fDemande \u00e0 effectuer aupr\u00e8s de la MDPH<\/li>\n<\/ul>\n\n\n\n<ul class=\"wp-block-list\">\n<li>Le <a href=\"https:\/\/www.pour-les-personnes-agees.gouv.fr\/solutions-pour-les-aidants\/travailler-et-aider-un-proche\/le-conge-de-proche-aidant\">cong\u00e9 de proche aidant<\/a>\u00a0<br>\u27a1\ufe0fPermet de s\u2019absenter temporairement de son travail pour accompagner un.e proche en situation de handicap ou de perte d\u2019autonomie<br>\u27a1\ufe0fPossibilit\u00e9 d\u2019effectuer le cong\u00e9 jusqu\u2019\u00e0 3 mois renouvelables dans la limite de 1 an sur l\u2019ensemble de la carri\u00e8re<br>\u27a1\ufe0fDemande \u00e0 effectuer aupr\u00e8s de l\u2019employeur\u2022e avec des justificatifs.<\/li>\n<\/ul>\n\n\n\n<ul class=\"wp-block-list\">\n<li>Le <a href=\"https:\/\/www.pour-les-personnes-agees.gouv.fr\/solutions-pour-les-aidants\/soutien-financier\/l-aide-au-repit-dans-le-cadre-de-l-apa\">droit au r\u00e9pit<\/a> pour les aidant\u2022es<br>\u27a1\ufe0fInt\u00e9gr\u00e9 \u00e0 l\u2019APA, ce droit contribue \u00e0 financer un accueil temporaire de la personne aid\u00e9e<br>\u27a1\ufe0fPlafond limit\u00e9 \u00e0 573.77\u20ac par an<br>\u27a1\ufe0fVersement par le Conseil d\u00e9partemental<\/li>\n<\/ul>\n\n\n\n<figure class=\"wp-block-table\"><table class=\"has-fixed-layout\"><tbody><tr><td><strong>Aide \/ Dispositif<\/strong><\/td><td><strong>Montant indicatif (2025)<\/strong><\/td><td><strong>Dur\u00e9e \/ Plafond<\/strong><\/td><td><strong>Cumul possible<\/strong><\/td><td><strong>Organisme comp\u00e9tent<\/strong><\/td><td><strong>Conditions principales<\/strong><\/td><\/tr><tr><td><a href=\"https:\/\/www.caf.fr\/allocataires\/aides-et-demarches\/droits-et-prestations\/handicap\/l-allocation-journaliere-du-proche-aidant-ajpa\"><strong>AJPA<\/strong><\/a><\/td><td>65,80 \u20ac par jour ou de 32.90\u20ac par demi-journ\u00e9e<\/td><td>66 jours sur totalit\u00e9 de la carri\u00e8re professionnelle<\/td><td>Non<\/td><td><a href=\"https:\/\/www.caf.fr\/\">CAF<\/a> \/ <a href=\"https:\/\/www.msa.fr\/lfp\">MSA<\/a><\/td><td>Interruption d\u2019activit\u00e9, proche en perte d\u2019autonomie<\/td><\/tr><tr><td><a href=\"https:\/\/www.service-public.fr\/particuliers\/vosdroits\/F10009\"><strong>APA<\/strong><\/a><\/td><td>Variable selon d\u00e9pendance<\/td><td>Selon plan d\u2019aide<\/td><td>Oui (avec <a href=\"https:\/\/www.service-public.fr\/particuliers\/vosdroits\/F14202\">PCH<\/a>)<\/td><td>Conseil d\u00e9partemental<\/td><td>Personne \u00e2g\u00e9e d\u00e9pendante, \u00e9valuation GIR<\/td><\/tr><tr><td><a href=\"https:\/\/www.service-public.fr\/particuliers\/vosdroits\/F14202\"><strong>PCH<\/strong><\/a><\/td><td>Variable selon besoins<\/td><td>Selon plan d\u2019aide<\/td><td>Oui (avec <a href=\"https:\/\/www.service-public.fr\/particuliers\/vosdroits\/F10009\">APA<\/a> sous conditions)<\/td><td><a href=\"https:\/\/mdphenligne.cnsa.fr\/\">MDPH<\/a> \/ Conseil d\u00e9partemental<\/td><td>Personne en situation de handicap<\/td><\/tr><tr><td><a href=\"https:\/\/www.service-public.fr\/particuliers\/vosdroits\/F16920\"><strong>Cong\u00e9 proche aidant<\/strong><\/a><\/td><td>Non r\u00e9mun\u00e9r\u00e9 (hors <a href=\"https:\/\/www.caf.fr\/allocataires\/aides-et-demarches\/droits-et-prestations\/handicap\/l-allocation-journaliere-du-proche-aidant-ajpa\">AJPA<\/a>)<\/td><td>Jusqu\u2019\u00e0 1 an, renouvelable et fractionnable<\/td><td>Oui (avec <a href=\"https:\/\/www.caf.fr\/allocataires\/aides-et-demarches\/droits-et-prestations\/handicap\/l-allocation-journaliere-du-proche-aidant-ajpa\">AJPA<\/a>)<\/td><td>Employeur\u2022e, <a href=\"https:\/\/www.caf.fr\/\">CAF<\/a>\/<a href=\"https:\/\/www.msa.fr\/lfp\">MSA<\/a> pour <a href=\"https:\/\/www.caf.fr\/allocataires\/aides-et-demarches\/droits-et-prestations\/handicap\/l-allocation-journaliere-du-proche-aidant-ajpa\">AJPA<\/a><\/td><td>Aidant\u2022e d\u2019un\u2022e proche en perte d\u2019autonomie<\/td><\/tr><tr><td><strong>Droit au r\u00e9pit<\/strong><\/td><td>Jusqu\u2019\u00e0 573.77 \u20ac\/an (<a href=\"https:\/\/www.service-public.fr\/particuliers\/vosdroits\/F10009\">APA<\/a>)<\/td><td>Selon situation<\/td><td>Oui<\/td><td>Conseil d\u00e9partemental<\/td><td>Aidant\u2022e principal\u2022e, proche tr\u00e8s d\u00e9pendant\u2022e<\/td><\/tr><\/tbody><\/table><\/figure>\n\n\n\n<h2 class=\"wp-block-heading\">Les cons\u00e9quences de l\u2019engagement aidant sur la vie personnelle et professionnelle<\/h2>\n\n\n\n<p class=\"wp-block-paragraph\">S\u2019engager comme aidant familial est un acte de solidarit\u00e9 noble mais qui peut aussi avoir des r\u00e9percussions importantes sur la sant\u00e9, le quotidien et la carri\u00e8re professionnelle de celui-ci. \u00catre aidant\u2022e c\u2019est cumuler une double fatigue physique et psychologique, d\u2019autant plus si vous \u00eates salari\u00e9\u2022e. L\u2019engagement se distingue souvent aussi par un isolement social partag\u00e9. Pour offrir des solutions possibles et des soutiens aux aidants familiaux, plusieurs organismes mettent en place des <a href=\"https:\/\/formation.aidants.fr\/\">formations<\/a>, <a href=\"https:\/\/www.francealzheimer.org\/\">des soutiens psychologiques<\/a> et administratifs, et des structures d\u2019information (<a href=\"https:\/\/mdphenligne.cnsa.fr\/\">MDPH<\/a>, CCAS, <a href=\"https:\/\/www.pour-les-personnes-agees.gouv.fr\/preserver-son-autonomie\/a-qui-s-adresser\/les-plateformes-d-accompagnement-et-de-repit\">plateformes de r\u00e9pit<\/a>).<\/p>\n\n\n\n<h2 class=\"wp-block-heading\">Mise \u00e0 jour, renouvellement ou fin du dossier d\u2019aidant familial<\/h2>\n\n\n\n<p class=\"wp-block-paragraph\">Une fois le dossier aidant familial constitu\u00e9 et pass\u00e9 en commission, il est n\u00e9cessaire de le maintenir \u00e0 jour pour garantir la continuit\u00e9 des droits et des aides. Plusieurs situations peuvent n\u00e9cessiter une actualisation, un renouvellement ou une cl\u00f4ture du dossier :\u00a0<\/p>\n\n\n\n<ul class=\"wp-block-list\">\n<li>Les changements sont li\u00e9s \u00e0 la personne aid\u00e9e :\u00a0<br>\u27a1\ufe0f Hospitalisation longue ou durable\u00a0<br>\u27a1\ufe0f Aggravation ou am\u00e9lioration de l\u2019\u00e9tat de sant\u00e9<br>\u27a1\ufe0f Entr\u00e9e en \u00e9tablissement sp\u00e9cialis\u00e9<br>\u27a1\ufe0f D\u00e9m\u00e9nagement dans un autre d\u00e9partement<\/li>\n<\/ul>\n\n\n\n<ul class=\"wp-block-list\">\n<li>Les changements sont li\u00e9s \u00e0 l\u2019aidant\u2022e :\u00a0<br>\u27a1\ufe0f D\u00e9c\u00e8s de l\u2019aidant.e ou de la personne aid\u00e9e<br>\u27a1\ufe0f S\u00e9paration, divorce ou rupture du lien affectif entre l\u2019aidant\u2022e et l\u2019aid\u00e9\u2022e<br>\u27a1\ufe0f Remplacement de l\u2019aidant\u2022e par un\u2022e autre proche.<\/li>\n<\/ul>\n\n\n\n<figure class=\"wp-block-image size-large\"><img loading=\"lazy\" decoding=\"async\" width=\"1024\" height=\"576\" src=\"https:\/\/preprod.weasywyg.com\/wp-content\/uploads\/2026\/06\/SCH-250814-Frise-etape-a-suivre-procedure-dossier-aidant-1024x576.webp\" alt=\"\" class=\"wp-image-18969\" srcset=\"https:\/\/preprod.weasywyg.com\/wp-content\/uploads\/2026\/06\/SCH-250814-Frise-etape-a-suivre-procedure-dossier-aidant-1024x576.webp 1024w, https:\/\/preprod.weasywyg.com\/wp-content\/uploads\/2026\/06\/SCH-250814-Frise-etape-a-suivre-procedure-dossier-aidant-300x169.webp 300w, https:\/\/preprod.weasywyg.com\/wp-content\/uploads\/2026\/06\/SCH-250814-Frise-etape-a-suivre-procedure-dossier-aidant-768x432.webp 768w, https:\/\/preprod.weasywyg.com\/wp-content\/uploads\/2026\/06\/SCH-250814-Frise-etape-a-suivre-procedure-dossier-aidant-1536x864.webp 1536w, https:\/\/preprod.weasywyg.com\/wp-content\/uploads\/2026\/06\/SCH-250814-Frise-etape-a-suivre-procedure-dossier-aidant-2048x1152.webp 2048w\" sizes=\"auto, (max-width: 1024px) 100vw, 1024px\" \/><\/figure>\n\n\n\n<figure class=\"wp-block-pullquote has-medium-font-size\"><blockquote><p><strong>Le coup de pouce du poulpe <\/strong>\ud83d\udc19<strong> : Comment actualiser ou renouveler son dossier ?<\/strong><br>Si vous voulez renouveler votre dossier aidant familial ou l\u2019actualiser avant la date limite des aides per\u00e7ues, il est possible de le faire de trois fa\u00e7ons diff\u00e9rentes :\u00a0<br>En cas de renouvellement de dossier qui concerne l\u2019<a href=\"https:\/\/www.service-public.fr\/particuliers\/vosdroits\/F10009\">APA<\/a> ou la <a href=\"https:\/\/www.service-public.fr\/particuliers\/vosdroits\/F14202\">PCH<\/a>, un nouveau dossier aidant familial complet peut \u00eatre exig\u00e9.<br>Informer la <a href=\"https:\/\/mdphenligne.cnsa.fr\/\">MDPH<\/a> &#8211; ou la\u00a0 <a href=\"https:\/\/www.caf.fr\/\">CAF<\/a>\/<a href=\"https:\/\/www.msa.fr\/lfp\">MSA<\/a> si votre dossier s\u2019\u00e9tend \u00e0 plusieurs organismes &#8211; par courrier ou via un formulaire sp\u00e9cifique.<br>Joignez les justificatifs r\u00e9cents comme de nouvelles \u00e9valuations m\u00e9dicales, un changement d\u2019adresse ou un acte de d\u00e9c\u00e8s.<\/p><\/blockquote><\/figure>\n\n\n\n<h2 class=\"wp-block-heading\">FAQ : les questions pratiques essentielles sur le dossier d\u2019aidant familial<\/h2>\n\n\n\n<h3 class=\"wp-block-heading\"><strong>Peut-on \u00eatre plusieurs aidants familiaux pour une m\u00eame personne ?<\/strong><\/h3>\n\n\n\n<p class=\"wp-block-paragraph\">Oui, il est possible d\u2019\u00eatre plusieurs aidants familiaux pour une m\u00eame personne en perte d\u2019autonomie ou en situation de handicap. Chaque aidant\u2022e peut \u00eatre reconnu selon son implication dans l\u2019accompagnement. Cela donne l\u2019occasion de mieux r\u00e9partir la charge et d\u2019officialiser plusieurs r\u00f4les dans les d\u00e9marches (cong\u00e9s, <a href=\"https:\/\/www.service-public.fr\/particuliers\/vosdroits\/F14202\">PCH<\/a>, suivi m\u00e9dical,etc.). Point bonus parce que vous avez des coll\u00e8gues.<\/p>\n\n\n\n<h3 class=\"wp-block-heading\"><strong>Quelles sont les conditions pour \u00eatre r\u00e9mun\u00e9r\u00e9 comme aidant familial ?<\/strong><\/h3>\n\n\n\n<p class=\"wp-block-paragraph\">Pour \u00eatre r\u00e9mun\u00e9r\u00e9\u2022e comme aidant familial, il est indispensable que :<\/p>\n\n\n\n<ul class=\"wp-block-list\">\n<li>La personne aid\u00e9e per\u00e7oive l\u2019<a href=\"https:\/\/www.service-public.fr\/particuliers\/vosdroits\/F10009\">APA<\/a> ou la <a href=\"https:\/\/www.service-public.fr\/particuliers\/vosdroits\/F14202\">PCH<\/a><\/li>\n\n\n\n<li>Elle soit d\u00e9clar\u00e9e employeur\u2022e via le <a href=\"https:\/\/www.cesu.urssaf.fr\/\">CESU\/Urssaf<\/a><\/li>\n\n\n\n<li>Un contrat de travail soit \u00e9tabli<\/li>\n<\/ul>\n\n\n\n<p class=\"wp-block-paragraph\">Attention : la r\u00e9mun\u00e9ration est exclue pour le ou la conjoint\u2022e, le ou la partenaire de PACS ou le ou la concubin\u2022e dans la majorit\u00e9 des cas (sauf exceptions sp\u00e9cifiques avec la PCH).<\/p>\n\n\n\n<h3 class=\"wp-block-heading\"><strong>Quelles sont les cons\u00e9quences sur la vie professionnelle et personnelle ?<\/strong><\/h3>\n\n\n\n<p class=\"wp-block-paragraph\">\u00catre aidant\u2022e a des impacts concrets :<\/p>\n\n\n\n<ul class=\"wp-block-list\">\n<li>Sur l\u2019emploi : r\u00e9duction du temps de travail, <a href=\"https:\/\/www.service-public.fr\/particuliers\/vosdroits\/F16920\">cong\u00e9 proche aidant<\/a>, r\u00e9am\u00e9nagements d\u2019horaires, etc.<\/li>\n\n\n\n<li>Sur la vie personnelle : fatigue, isolement, stress, n\u00e9cessit\u00e9 d\u2019un soutien psychologique.<\/li>\n<\/ul>\n\n\n\n<p class=\"wp-block-paragraph\">Des dispositifs existent pour accompagner l\u2019aidant\u2022e dans son quotidien (<a href=\"https:\/\/www.aidants.fr\/\">r\u00e9seau d\u2019aidants<\/a>, <a href=\"https:\/\/www.pour-les-personnes-agees.gouv.fr\/solutions-pour-les-aidants\/soutien-financier\/l-aide-au-repit-dans-le-cadre-de-l-apa\">droit au r\u00e9pit<\/a>, <a href=\"https:\/\/www.pour-les-personnes-agees.gouv.fr\/solutions-pour-les-aidants\/trouver-du-soutien\/formation-des-aidants-en-presentiel-ou-en-ligne\">formations<\/a>, etc.).<\/p>\n\n\n\n<h3 class=\"wp-block-heading\"><strong>Comment renouveler ou actualiser son dossier d\u2019aidant familial ?<\/strong><\/h3>\n\n\n\n<p class=\"wp-block-paragraph\">Le dossier doit \u00eatre actualis\u00e9 en cas de :<\/p>\n\n\n\n<ul class=\"wp-block-list\">\n<li>Changement de situation de la personne aid\u00e9e (d\u00e9m\u00e9nagement, hospitalisation, d\u00e9c\u00e8s, etc.).<\/li>\n\n\n\n<li>Changement dans le lien familial (s\u00e9paration, nouveau r\u00e9f\u00e9rent, etc.).<\/li>\n<\/ul>\n\n\n\n<p class=\"wp-block-paragraph\">Il faut informer l\u2019organisme concern\u00e9 (<a href=\"https:\/\/www.caf.fr\/\">CAF<\/a>, <a href=\"https:\/\/mdphenligne.cnsa.fr\/\">MDPH<\/a>, Conseil d\u00e9partemental) et fournir les pi\u00e8ces justificatives \u00e0 jour. Dans certains cas, un nouveau dossier est requis.<\/p>\n\n\n\n<h3 class=\"wp-block-heading\"><strong>Que faut-il savoir sur les jeunes aidant\u2022es ou aidant\u2022es mineur\u2022es ?<\/strong><\/h3>\n\n\n\n<p class=\"wp-block-paragraph\">Les jeunes aidant\u2022es sont des personnes de moins de 18 ans qui apportent une aide r\u00e9guli\u00e8re \u00e0 un\u2022e proche (parent, fr\u00e8re, s\u0153ur, voisin\u2022e). Bien qu\u2019il n\u2019existe pas encore de statut officiel, leur r\u00f4le est reconnu par :<\/p>\n\n\n\n<ul class=\"wp-block-list\">\n<li>Certaines collectivit\u00e9s<\/li>\n\n\n\n<li>Des associations sp\u00e9cialis\u00e9es (par exemple : <a href=\"https:\/\/jeunes-aidants.com\/\">Association des Jeunes aidants ensemble<\/a>)<\/li>\n\n\n\n<li>Des \u00e9tablissements scolaires, qui peuvent proposer des am\u00e9nagements<\/li>\n\n\n\n<li>Ils rencontrent souvent des difficult\u00e9s sp\u00e9cifiques : charge mentale, d\u00e9crochage scolaire, isolement. Un accompagnement renforc\u00e9 est recommand\u00e9.<\/li>\n<\/ul>\n\n\n\n<figure class=\"wp-block-pullquote has-small-font-size\"><blockquote><p><strong>Le coup de pouce du poulpe <\/strong>\ud83d\udc19<strong> : Quelques liens utiles<\/strong><br><strong>R\u00e9seaux et associations de soutien :<\/strong>\u00a0<br><a href=\"https:\/\/jeunes-aidants.com\/\">Association des Jeunes aidants ensemble<\/a> (JADE)<br><a href=\"https:\/\/www.aidants.fr\/\">Association fran\u00e7aise des aidants<\/a><br><a href=\"https:\/\/www.repit-bulledair.fr\/\">Bulle d\u2019air<\/a><br><strong>\u00c9coute et accompagnement :\u00a0<\/strong><br>Avec nos proches : 01 84 72 94 72<br><strong>Ressources \u00e9ducatives :<\/strong>\u00a0<br>Vid\u00e9o : <a href=\"https:\/\/youtu.be\/plQ6wO9x9-E\">Qu\u2019est-ce qu\u2019un jeune aidant<\/a> &#8211; JADE<\/p><\/blockquote><\/figure>\n\n\n\n<h3 class=\"wp-block-heading\"><strong>Quelles sont les d\u00e9marches de protection juridique \u00e0 envisager en parall\u00e8le du r\u00f4le d\u2019aidant familial ?<\/strong><\/h3>\n\n\n\n<p class=\"wp-block-paragraph\">Lorsque la personne aid\u00e9e n\u2019est plus en capacit\u00e9 de g\u00e9rer ses affaires (financi\u00e8res, administratives, m\u00e9dicales), il est souvent primordial d\u2019envisager <a href=\"https:\/\/www.monparcourshandicap.gouv.fr\/actualite\/aidants-quelles-mesures-de-protection-pour-votre-proche\">une mesure de protection juridique<\/a>. Ces mesures peuvent s\u00e9curiser les d\u00e9cisions et donner un cadre l\u00e9gal \u00e0 l\u2019action de l\u2019aidant\u2022e.<br><br>Les principales mesures de protection sont :\u00a0<\/p>\n\n\n\n<ul class=\"wp-block-list\">\n<li><a href=\"https:\/\/www.service-public.fr\/particuliers\/vosdroits\/F33367\">L\u2019habilitation familiale<\/a> &#8211; 5 ans maximum, r\u00e9vocable et renouvelable si n\u00e9cessaire.<br>\u27a1\ufe0f Pour qui ? Un membre de la famille qui agit au nom de la personne concern\u00e9e.<br>\u27a1\ufe0f Quel avantage ? La proc\u00e9dure est simplifi\u00e9e, sans contr\u00f4le judiciaire continu.<br>\u27a1\ufe0f Quelles d\u00e9marches ? Il faut effectuer une demande aupr\u00e8s du.de la juge des contentieux de la protection avec un certificat m\u00e9dical et des pi\u00e8ces justificatives.<\/li>\n<\/ul>\n\n\n\n<ul class=\"wp-block-list\">\n<li><a href=\"https:\/\/www.justice.fr\/themes\/tutelle-curatelle\">La curatelle<\/a> &#8211; 5 ans maximum, renouvellement possible jusqu\u2019\u00e0 20 ans cumul\u00e9s.<br>\u27a1\ufe0f Pour qui ? Une personne ayant besoin d\u2019une aide partielle pour certains actes comme g\u00e9rer ses comptes, etc.<br>\u27a1\ufe0f Type de curatelle :\u00a0Simple : assistance pour les actes importants \/ Renforc\u00e9e : gestion compl\u00e8te du budget.<br>\u27a1\ufe0f Quelles d\u00e9marches ? Il est requis de saisir le juge, d\u2019apporter un certificat m\u00e9dical circonstanci\u00e9 et une audition de la personne concern\u00e9e.<\/li>\n<\/ul>\n\n\n\n<ul class=\"wp-block-list\">\n<li><a href=\"https:\/\/www.justice.fr\/themes\/tutelle-curatelle\">La tutelle<\/a> &#8211; 5 ans maximum, renouvellement possible jusqu\u2019\u00e0 20 ans cumul\u00e9s.<br>\u27a1\ufe0f Pour qui ? Une personne qui n\u2019est pas en capacit\u00e9 de d\u00e9fendre ses int\u00e9r\u00eats.<br>\u27a1\ufe0f Fonctionnement de la tutelle : le mandataire judiciaire \u00e0 la protection des majeurs (ou tuteur) prend toutes les d\u00e9cisions avec un contr\u00f4le judiciaire pour les actes majeurs.<br>\u27a1\ufe0f Quelles d\u00e9marches ? Pour faire une demande de mesure de protection, vous devez saisir le juge des tutelles.<\/li>\n<\/ul>\n\n\n\n<ul class=\"wp-block-list\">\n<li><a href=\"https:\/\/www.service-public.fr\/particuliers\/vosdroits\/F16670\">Le mandat de protection future<\/a>, validit\u00e9 aussi longue que l\u2019\u00e9tat de la personne l\u2019exige.<br>\u27a1\ufe0f Pour qui ? Une personne qui anticipe sa perte d\u2019autonomie.<br>\u27a1\ufe0f Quel avantage ? Elle choisit \u00e0 l\u2019avance qui la repr\u00e9sentera, cela peut \u00eatre un\u2022e notaire, un\u2022e proche, etc.<br>\u27a1\ufe0f Quelles d\u00e9marches ? Il s\u2019agit d\u2019un simple acte notari\u00e9 avec une activation par certificat m\u00e9dical.<\/li>\n<\/ul>\n\n\n\n<p class=\"wp-block-paragraph\">Pour tous ces dispositifs, les d\u00e9marches administratives restent communes :\u00a0<\/p>\n\n\n\n<ul class=\"wp-block-list\">\n<li>Saisit d\u2019un juge (souvent celui des contentieux de la protection).<\/li>\n\n\n\n<li>Fournir un certificat m\u00e9dical de la personne \u00e0 placer sous le dispositif.<\/li>\n\n\n\n<li>Joindre une lettre de motivation, des pi\u00e8ces d\u2019identit\u00e9 et des justificatifs de lien familial.<\/li>\n<\/ul>\n\n\n\n<blockquote class=\"wp-block-quote is-layout-flow wp-block-quote-is-layout-flow\">\n<p class=\"wp-block-paragraph\">L\u2019aidant\u2022e peut \u00eatre assist\u00e9\u2022e ou orient\u00e9\u2022e par des organismes comme l\u2019Union d\u00e9partementale des associations familiales (UDAF) ou le Service d\u2019accompagnement tut\u00e9laire familial (SATF).<\/p>\n<\/blockquote>\n\n\n\n<h3 class=\"wp-block-heading\"><strong>Quel est le traitement fiscal des r\u00e9mun\u00e9rations per\u00e7ues en tant qu\u2019aidant familial ?<\/strong><\/h3>\n\n\n\n<p class=\"wp-block-paragraph\">Le statut d\u2019aidant familial peut donner lieu \u00e0 une r\u00e9mun\u00e9ration, mais ces sommes ne sont pas toujours exon\u00e9r\u00e9es d\u2019imp\u00f4t. Le traitement fiscal d\u00e9pend principalement du mode de r\u00e9mun\u00e9ration et du lien de parent\u00e9 entre l\u2019aidant.e et la personne aid\u00e9e.<\/p>\n\n\n\n<p class=\"wp-block-paragraph\">Lorsque l\u2019aidant.e est r\u00e9mun\u00e9r\u00e9.e via la <a href=\"https:\/\/www.monparcourshandicap.gouv.fr\/aides\/la-prestation-de-compensation-du-handicap-pch\">Prestation de compensation du handicap<\/a> (PCH) ou par l\u2019<a href=\"https:\/\/www.pour-les-personnes-agees.gouv.fr\/preserver-son-autonomie\/perte-d-autonomie-evaluation-et-droits\/l-allocation-personnalisee-d-autonomie-apa\">Allocation personnalis\u00e9e d\u2019autonomie<\/a> (APA), les sommes per\u00e7ues sont consid\u00e9r\u00e9es comme des revenus imposables, elles doivent \u00eatre d\u00e9clar\u00e9es dans la cat\u00e9gorie des traitements et salaires lors de la d\u00e9claration de revenus, surtout si l\u2019aidant.e est un membre de la famille mais qu\u2019il n\u2019appartient pas au m\u00eame foyer fiscal. Il en va de m\u00eame pour une r\u00e9mun\u00e9ration via le CESU. Il est tr\u00e8s important de savoir que le lien de parent\u00e9 est un facteur d\u00e9terminant dans votre fiscalit\u00e9. <strong>De fait, l\u2019aide fournie entre les membres d\u2019un m\u00eame foyer fiscal n\u2019est pas d\u00e9ductible et donc non imposable<\/strong>.\u00a0<\/p>\n\n\n\n<p class=\"wp-block-paragraph\">Pour ce qui est du cr\u00e9dit d\u2019imp\u00f4t, une personne aid\u00e9e qui emploie un aidant familial d\u00e9clar\u00e9 peut b\u00e9n\u00e9ficier de celui-ci \u00e0 50% sur les d\u00e9penses engag\u00e9es pour l\u2019emploi d\u2019un salari\u00e9 \u00e0 domicile. Ce cr\u00e9dit peut cependant r\u00e9duire significativement le co\u00fbt global de la r\u00e9mun\u00e9ration.\u00a0<\/p>\n\n\n\n<figure class=\"wp-block-table\"><table class=\"has-fixed-layout\"><tbody><tr><td>Mode r\u00e9mun\u00e9ration<\/td><td>Imposable ?<\/td><td>Cr\u00e9dit d\u2019imp\u00f4t pour la personne aid\u00e9e ?<\/td><td>Remarques<\/td><\/tr><tr><td>PCH ou APA (hors foyer fiscal)<\/td><td>Oui<\/td><td>Non<\/td><td>\u00c0 d\u00e9clarer comme un revenu<\/td><\/tr><tr><td>PCH ou APA (m\u00eame foyer fiscal)<\/td><td>Non<\/td><td>Non<\/td><td>Pas de d\u00e9claration requise<\/td><\/tr><tr><td>CESU &#8211; salari\u00e9\u2022e d\u00e9clar\u00e9\u2022e<\/td><td>Oui<\/td><td>Oui (50% des d\u00e9penses)<\/td><td>Bulletin de paie requis<\/td><\/tr><tr><td>B\u00e9n\u00e9volat ou entraide familiale<\/td><td>Non<\/td><td>Non<\/td><td>Pas de r\u00e9mun\u00e9ration<\/td><\/tr><\/tbody><\/table><\/figure>\n\n\n\n<p class=\"wp-block-paragraph\">Chaque situation d\u2019aidant familial est unique. Pour \u00e9viter toute erreur ou omission fiscale, il est vivement conseill\u00e9 de consulter un\u2022e conseiller\u2022\u00e8re fiscal ou un centre des imp\u00f4ts d\u00e8s la cr\u00e9ation de votre dossier aidant familial. Une expertise personnalis\u00e9e contribue \u00e0 s&rsquo;assurer d\u2019\u00eatre en conformit\u00e9 avec la l\u00e9gislation en vigueur.<\/p>\n\n\n\n<h3 class=\"wp-block-heading\">Sources<\/h3>\n\n\n\n<ul class=\"wp-block-list\">\n<li><a href=\"https:\/\/www.centraider.fr\/etre-aidant\/definitions-et-donnees\/#:~:text=Aidante%20et%20aidant%20%3A%20quelle%20d%C3%A9finition,aussi%20%C3%AAtre%20utile%2C%20faire%20plaisir\">https:\/\/www.centraider.fr\/etre-aidant\/definitions-et-donnees\/#:~:text=Aidante%20et%20aidant%20%3A%20quelle%20d%C3%A9finition,aussi%20%C3%AAtre%20utile%2C%20faire%20plaisir<\/a>.\u00a0<\/li>\n\n\n\n<li><a href=\"https:\/\/www.aidonslesnotres.fr\/le-role-de-laidant\/histoire-de-laidance\/\">https:\/\/www.aidonslesnotres.fr\/le-role-de-laidant\/histoire-de-laidance\/<\/a>\u00a0<\/li>\n\n\n\n<li><a href=\"https:\/\/www.pour-les-personnes-agees.gouv.fr\/preserver-son-autonomie\/perte-d-autonomie-evaluation-et-droits\/comment-fonctionne-la-grille-aggir\">https:\/\/www.pour-les-personnes-agees.gouv.fr\/preserver-son-autonomie\/perte-d-autonomie-evaluation-et-droits\/comment-fonctionne-la-grille-aggir<\/a>\u00a0<\/li>\n\n\n\n<li><a href=\"https:\/\/www.pour-les-personnes-agees.gouv.fr\/preserver-son-autonomie\/perte-d-autonomie-evaluation-et-droits\/comment-le-gir-est-il-determine\">https:\/\/www.pour-les-personnes-agees.gouv.fr\/preserver-son-autonomie\/perte-d-autonomie-evaluation-et-droits\/comment-le-gir-est-il-determine<\/a>\u00a0<\/li>\n\n\n\n<li><a href=\"https:\/\/www.service-public.fr\/particuliers\/vosdroits\/F10009\">https:\/\/www.service-public.fr\/particuliers\/vosdroits\/F10009<\/a>\u00a0<\/li>\n\n\n\n<li><a href=\"https:\/\/jaidejemevalue.fr\/\">https:\/\/jaidejemevalue.fr\/<\/a>\u00a0<\/li>\n\n\n\n<li><a href=\"https:\/\/www.alsace.eu\/media\/8393\/cea-attestation-honneur-proche-aidant.pdf\">https:\/\/www.alsace.eu\/media\/8393\/cea-attestation-honneur-proche-aidant.pdf<\/a><\/li>\n\n\n\n<li><a href=\"https:\/\/www.monparcourshandicap.gouv.fr\/sites\/default\/files\/2022-05\/notice_Comprendre%20et%20bien%20remplir%20le%20certificat%20medical%20MDPH-accessible.pdf\">https:\/\/www.monparcourshandicap.gouv.fr\/sites\/default\/files\/2022-05\/notice_Comprendre%20et%20bien%20remplir%20le%20certificat%20medical%20MDPH-accessible.pdf<\/a>\u00a0<\/li>\n\n\n\n<li><a href=\"https:\/\/www.service-public.fr\/particuliers\/vosdroits\/F16920\">https:\/\/www.service-public.fr\/particuliers\/vosdroits\/F16920<\/a>\u00a0<\/li>\n\n\n\n<li><a href=\"https:\/\/www.service-public.fr\/particuliers\/vosdroits\/F10009\">https:\/\/www.service-public.fr\/particuliers\/vosdroits\/F10009<\/a>\u00a0<\/li>\n\n\n\n<li><a href=\"https:\/\/www.service-public.fr\/particuliers\/vosdroits\/F14202\">https:\/\/www.service-public.fr\/particuliers\/vosdroits\/F14202<\/a>\u00a0<\/li>\n\n\n\n<li><a href=\"https:\/\/www.cesu.urssaf.fr\/decla\/index.html?page=page_estimer&amp;LANG=FR\">https:\/\/www.cesu.urssaf.fr\/decla\/index.html?page=page_estimer&amp;LANG=FR<\/a>\u00a0<\/li>\n\n\n\n<li><a href=\"https:\/\/www.caf.fr\/allocataires\/aides-et-demarches\/droits-et-prestations\/handicap\/l-allocation-journaliere-du-proche-aidant-ajpa\">https:\/\/www.caf.fr\/allocataires\/aides-et-demarches\/droits-et-prestations\/handicap\/l-allocation-journaliere-du-proche-aidant-ajpa<\/a>\u00a0<\/li>\n\n\n\n<li><a href=\"https:\/\/allocation-chomage.fr\/wp-content\/uploads\/2020\/11\/demande-ajpa-80.pdf\">https:\/\/allocation-chomage.fr\/wp-content\/uploads\/2020\/11\/demande-ajpa-80.pdf<\/a>\u00a0<\/li>\n\n\n\n<li><a href=\"https:\/\/www.pour-les-personnes-agees.gouv.fr\/solutions-pour-les-aidants\/soutien-financier\/l-aide-au-repit-dans-le-cadre-de-l-apa\">https:\/\/www.pour-les-personnes-agees.gouv.fr\/solutions-pour-les-aidants\/soutien-financier\/l-aide-au-repit-dans-le-cadre-de-l-apa<\/a>\u00a0<\/li>\n\n\n\n<li><a href=\"https:\/\/www.caf.fr\/allocataires\/aides-et-demarches\/droits-et-prestations\/handicap\/l-allocation-journaliere-du-proche-aidant-ajpa\">https:\/\/www.caf.fr\/allocataires\/aides-et-demarches\/droits-et-prestations\/handicap\/l-allocation-journaliere-du-proche-aidant-ajpa<\/a>\u00a0<\/li>\n\n\n\n<li><a href=\"https:\/\/jeunes-aidants.com\/\">https:\/\/jeunes-aidants.com\/<\/a>\u00a0<\/li>\n\n\n\n<li><a href=\"https:\/\/youtu.be\/plQ6wO9x9-E\">https:\/\/youtu.be\/plQ6wO9x9-E<\/a>\u00a0<\/li>\n\n\n\n<li><a href=\"https:\/\/www.monparcourshandicap.gouv.fr\/actualite\/aidants-quelles-mesures-de-protection-pour-votre-proche\">https:\/\/www.monparcourshandicap.gouv.fr\/actualite\/aidants-quelles-mesures-de-protection-pour-votre-proche<\/a><\/li>\n<\/ul>\n","protected":false},"excerpt":{"rendered":"<p>Le terme \u00ab\u00a0aidant familial\u00a0\u00bb provient du latin \u201cad juvare\u201d qui signifie secourir, seconder, \u00eatre utile ou encore faire plaisir. Pourtant, ce terme n&rsquo;a pas toujours \u00e9t\u00e9 compris tel que nous le connaissons<\/p>\n","protected":false},"author":2,"featured_media":18973,"comment_status":"open","ping_status":"open","sticky":false,"template":"","format":"standard","meta":{"_kad_blocks_custom_css":"","_kad_blocks_head_custom_js":"","_kad_blocks_body_custom_js":"","_kad_blocks_footer_custom_js":"","footnotes":""},"categories":[235,236],"tags":[],"class_list":["post-18938","post","type-post","status-publish","format-standard","has-post-thumbnail","hentry","category-aidants","category-dispositifs-aide"],"yoast_head":"<!-- This site is optimized with the Yoast SEO plugin v28.4 - https:\/\/yoast.com\/product\/yoast-seo-wordpress\/ -->\n<title>Aidant familial 2025 : droits, d\u00e9marches et aides disponibles - Orthopus<\/title>\n<meta name=\"description\" content=\"D\u00e9couvrez le guide complet 2025 sur le statut d\u2019aidant familial : d\u00e9marches, r\u00e9mun\u00e9ration, aides, fiscalit\u00e9, jeunes aidants et protection juridique.\" \/>\n<meta name=\"robots\" content=\"noindex, follow, max-snippet:-1, max-image-preview:large, max-video-preview:-1\" \/>\n<meta property=\"og:locale\" content=\"fr_FR\" \/>\n<meta property=\"og:type\" content=\"article\" \/>\n<meta property=\"og:title\" content=\"Aidant familial 2025 : droits, d\u00e9marches et aides disponibles - Orthopus\" \/>\n<meta property=\"og:description\" content=\"D\u00e9couvrez le guide complet 2025 sur le statut d\u2019aidant familial : d\u00e9marches, r\u00e9mun\u00e9ration, aides, fiscalit\u00e9, jeunes aidants et protection juridique.\" \/>\n<meta property=\"og:url\" content=\"https:\/\/preprod.weasywyg.com\/fr\/2025\/06\/30\/dossier-aidant-familial\/\" \/>\n<meta property=\"og:site_name\" content=\"Orthopus\" \/>\n<meta property=\"article:published_time\" content=\"2025-06-30T09:53:00+00:00\" \/>\n<meta property=\"article:modified_time\" content=\"2026-07-28T08:16:36+00:00\" \/>\n<meta property=\"og:image\" content=\"https:\/\/preprod.weasywyg.com\/wp-content\/uploads\/2026\/06\/IMG-250718-Dowager-in-a-wheelchair.webp\" \/>\n\t<meta property=\"og:image:width\" content=\"894\" \/>\n\t<meta property=\"og:image:height\" content=\"1200\" \/>\n\t<meta property=\"og:image:type\" content=\"image\/webp\" \/>\n<meta name=\"author\" content=\"Mona Jamois\" \/>\n<meta name=\"twitter:card\" content=\"summary_large_image\" \/>\n<meta name=\"twitter:label1\" content=\"\u00c9crit par\" \/>\n\t<meta name=\"twitter:data1\" content=\"Mona Jamois\" \/>\n\t<meta name=\"twitter:label2\" content=\"Dur\u00e9e de lecture estim\u00e9e\" \/>\n\t<meta name=\"twitter:data2\" content=\"14 minutes\" \/>\n<script type=\"application\/ld+json\" class=\"yoast-schema-graph\">{\"@context\":\"https:\\\/\\\/schema.org\",\"@graph\":[{\"@type\":\"Article\",\"@id\":\"https:\\\/\\\/preprod.weasywyg.com\\\/fr\\\/2025\\\/06\\\/30\\\/dossier-aidant-familial\\\/#article\",\"isPartOf\":{\"@id\":\"https:\\\/\\\/preprod.weasywyg.com\\\/fr\\\/2025\\\/06\\\/30\\\/dossier-aidant-familial\\\/\"},\"author\":{\"name\":\"Mona Jamois\",\"@id\":\"https:\\\/\\\/preprod.weasywyg.com\\\/fr\\\/#\\\/schema\\\/person\\\/a7dcb2c9da462fd59f13f2258699ba9e\"},\"headline\":\"Aidant familial 2025 : droits, d\u00e9marches et aides disponibles\",\"datePublished\":\"2025-06-30T09:53:00+00:00\",\"dateModified\":\"2026-07-28T08:16:36+00:00\",\"mainEntityOfPage\":{\"@id\":\"https:\\\/\\\/preprod.weasywyg.com\\\/fr\\\/2025\\\/06\\\/30\\\/dossier-aidant-familial\\\/\"},\"wordCount\":3495,\"commentCount\":0,\"publisher\":{\"@id\":\"https:\\\/\\\/preprod.weasywyg.com\\\/fr\\\/#organization\"},\"image\":{\"@id\":\"https:\\\/\\\/preprod.weasywyg.com\\\/fr\\\/2025\\\/06\\\/30\\\/dossier-aidant-familial\\\/#primaryimage\"},\"thumbnailUrl\":\"https:\\\/\\\/preprod.weasywyg.com\\\/wp-content\\\/uploads\\\/2026\\\/06\\\/IMG-250718-Dowager-in-a-wheelchair.webp\",\"articleSection\":[\"Aidants\",\"Dispositifs d'aide\"],\"inLanguage\":\"fr-FR\",\"potentialAction\":[{\"@type\":\"CommentAction\",\"name\":\"Comment\",\"target\":[\"https:\\\/\\\/preprod.weasywyg.com\\\/fr\\\/2025\\\/06\\\/30\\\/dossier-aidant-familial\\\/#respond\"]}]},{\"@type\":\"WebPage\",\"@id\":\"https:\\\/\\\/preprod.weasywyg.com\\\/fr\\\/2025\\\/06\\\/30\\\/dossier-aidant-familial\\\/\",\"url\":\"https:\\\/\\\/preprod.weasywyg.com\\\/fr\\\/2025\\\/06\\\/30\\\/dossier-aidant-familial\\\/\",\"name\":\"Aidant familial 2025 : droits, d\u00e9marches et aides disponibles - Orthopus\",\"isPartOf\":{\"@id\":\"https:\\\/\\\/preprod.weasywyg.com\\\/fr\\\/#website\"},\"primaryImageOfPage\":{\"@id\":\"https:\\\/\\\/preprod.weasywyg.com\\\/fr\\\/2025\\\/06\\\/30\\\/dossier-aidant-familial\\\/#primaryimage\"},\"image\":{\"@id\":\"https:\\\/\\\/preprod.weasywyg.com\\\/fr\\\/2025\\\/06\\\/30\\\/dossier-aidant-familial\\\/#primaryimage\"},\"thumbnailUrl\":\"https:\\\/\\\/preprod.weasywyg.com\\\/wp-content\\\/uploads\\\/2026\\\/06\\\/IMG-250718-Dowager-in-a-wheelchair.webp\",\"datePublished\":\"2025-06-30T09:53:00+00:00\",\"dateModified\":\"2026-07-28T08:16:36+00:00\",\"description\":\"D\u00e9couvrez le guide complet 2025 sur le statut d\u2019aidant familial : d\u00e9marches, r\u00e9mun\u00e9ration, aides, fiscalit\u00e9, jeunes aidants et protection juridique.\",\"breadcrumb\":{\"@id\":\"https:\\\/\\\/preprod.weasywyg.com\\\/fr\\\/2025\\\/06\\\/30\\\/dossier-aidant-familial\\\/#breadcrumb\"},\"inLanguage\":\"fr-FR\",\"potentialAction\":[{\"@type\":\"ReadAction\",\"target\":[\"https:\\\/\\\/preprod.weasywyg.com\\\/fr\\\/2025\\\/06\\\/30\\\/dossier-aidant-familial\\\/\"]}]},{\"@type\":\"ImageObject\",\"inLanguage\":\"fr-FR\",\"@id\":\"https:\\\/\\\/preprod.weasywyg.com\\\/fr\\\/2025\\\/06\\\/30\\\/dossier-aidant-familial\\\/#primaryimage\",\"url\":\"https:\\\/\\\/preprod.weasywyg.com\\\/wp-content\\\/uploads\\\/2026\\\/06\\\/IMG-250718-Dowager-in-a-wheelchair.webp\",\"contentUrl\":\"https:\\\/\\\/preprod.weasywyg.com\\\/wp-content\\\/uploads\\\/2026\\\/06\\\/IMG-250718-Dowager-in-a-wheelchair.webp\",\"width\":894,\"height\":1200,\"caption\":\"Dowager in a Wheelchair, Philip Evergood (1952) - huile sur toile conserv\u00e9e au Smithsonian American Art Museum.\"},{\"@type\":\"BreadcrumbList\",\"@id\":\"https:\\\/\\\/preprod.weasywyg.com\\\/fr\\\/2025\\\/06\\\/30\\\/dossier-aidant-familial\\\/#breadcrumb\",\"itemListElement\":[{\"@type\":\"ListItem\",\"position\":1,\"name\":\"Accueil\",\"item\":\"https:\\\/\\\/preprod.weasywyg.com\\\/fr\\\/\"},{\"@type\":\"ListItem\",\"position\":2,\"name\":\"Aidant familial 2025 : droits, d\u00e9marches et aides disponibles\"}]},{\"@type\":\"WebSite\",\"@id\":\"https:\\\/\\\/preprod.weasywyg.com\\\/fr\\\/#website\",\"url\":\"https:\\\/\\\/preprod.weasywyg.com\\\/fr\\\/\",\"name\":\"Orthopus\",\"description\":\"Handitech solutions for everyone\",\"publisher\":{\"@id\":\"https:\\\/\\\/preprod.weasywyg.com\\\/fr\\\/#organization\"},\"potentialAction\":[{\"@type\":\"SearchAction\",\"target\":{\"@type\":\"EntryPoint\",\"urlTemplate\":\"https:\\\/\\\/preprod.weasywyg.com\\\/fr\\\/?s={search_term_string}\"},\"query-input\":{\"@type\":\"PropertyValueSpecification\",\"valueRequired\":true,\"valueName\":\"search_term_string\"}}],\"inLanguage\":\"fr-FR\"},{\"@type\":\"Organization\",\"@id\":\"https:\\\/\\\/preprod.weasywyg.com\\\/fr\\\/#organization\",\"name\":\"Orthopus\",\"url\":\"https:\\\/\\\/preprod.weasywyg.com\\\/fr\\\/\",\"logo\":{\"@type\":\"ImageObject\",\"inLanguage\":\"fr-FR\",\"@id\":\"https:\\\/\\\/preprod.weasywyg.com\\\/fr\\\/#\\\/schema\\\/logo\\\/image\\\/\",\"url\":\"https:\\\/\\\/preprod.weasywyg.com\\\/wp-content\\\/uploads\\\/2026\\\/05\\\/logo.svg\",\"contentUrl\":\"https:\\\/\\\/preprod.weasywyg.com\\\/wp-content\\\/uploads\\\/2026\\\/05\\\/logo.svg\",\"caption\":\"Orthopus\"},\"image\":{\"@id\":\"https:\\\/\\\/preprod.weasywyg.com\\\/fr\\\/#\\\/schema\\\/logo\\\/image\\\/\"}},{\"@type\":\"Person\",\"@id\":\"https:\\\/\\\/preprod.weasywyg.com\\\/fr\\\/#\\\/schema\\\/person\\\/a7dcb2c9da462fd59f13f2258699ba9e\",\"name\":\"Mona Jamois\",\"image\":{\"@type\":\"ImageObject\",\"inLanguage\":\"fr-FR\",\"@id\":\"https:\\\/\\\/secure.gravatar.com\\\/avatar\\\/b5b462af4cf5722fbd017ef55b474709ff34d6030941c8c793bf9edf5d82b670?s=96&d=mm&r=g\",\"url\":\"https:\\\/\\\/secure.gravatar.com\\\/avatar\\\/b5b462af4cf5722fbd017ef55b474709ff34d6030941c8c793bf9edf5d82b670?s=96&d=mm&r=g\",\"contentUrl\":\"https:\\\/\\\/secure.gravatar.com\\\/avatar\\\/b5b462af4cf5722fbd017ef55b474709ff34d6030941c8c793bf9edf5d82b670?s=96&d=mm&r=g\",\"caption\":\"Mona Jamois\"},\"url\":\"https:\\\/\\\/preprod.weasywyg.com\\\/fr\\\/author\\\/orthopus-mona-26\\\/\"}]}<\/script>\n<!-- \/ Yoast SEO plugin. -->","yoast_head_json":{"title":"Aidant familial 2025 : droits, d\u00e9marches et aides disponibles - Orthopus","description":"D\u00e9couvrez le guide complet 2025 sur le statut d\u2019aidant familial : d\u00e9marches, r\u00e9mun\u00e9ration, aides, fiscalit\u00e9, jeunes aidants et protection juridique.","robots":{"index":"noindex","follow":"follow","max-snippet":"max-snippet:-1","max-image-preview":"max-image-preview:large","max-video-preview":"max-video-preview:-1"},"og_locale":"fr_FR","og_type":"article","og_title":"Aidant familial 2025 : droits, d\u00e9marches et aides disponibles - Orthopus","og_description":"D\u00e9couvrez le guide complet 2025 sur le statut d\u2019aidant familial : d\u00e9marches, r\u00e9mun\u00e9ration, aides, fiscalit\u00e9, jeunes aidants et protection juridique.","og_url":"https:\/\/preprod.weasywyg.com\/fr\/2025\/06\/30\/dossier-aidant-familial\/","og_site_name":"Orthopus","article_published_time":"2025-06-30T09:53:00+00:00","article_modified_time":"2026-07-28T08:16:36+00:00","og_image":[{"width":894,"height":1200,"url":"https:\/\/preprod.weasywyg.com\/wp-content\/uploads\/2026\/06\/IMG-250718-Dowager-in-a-wheelchair.webp","type":"image\/webp"}],"author":"Mona Jamois","twitter_card":"summary_large_image","twitter_misc":{"\u00c9crit par":"Mona Jamois","Dur\u00e9e de lecture estim\u00e9e":"14 minutes"},"schema":{"@context":"https:\/\/schema.org","@graph":[{"@type":"Article","@id":"https:\/\/preprod.weasywyg.com\/fr\/2025\/06\/30\/dossier-aidant-familial\/#article","isPartOf":{"@id":"https:\/\/preprod.weasywyg.com\/fr\/2025\/06\/30\/dossier-aidant-familial\/"},"author":{"name":"Mona Jamois","@id":"https:\/\/preprod.weasywyg.com\/fr\/#\/schema\/person\/a7dcb2c9da462fd59f13f2258699ba9e"},"headline":"Aidant familial 2025 : droits, d\u00e9marches et aides disponibles","datePublished":"2025-06-30T09:53:00+00:00","dateModified":"2026-07-28T08:16:36+00:00","mainEntityOfPage":{"@id":"https:\/\/preprod.weasywyg.com\/fr\/2025\/06\/30\/dossier-aidant-familial\/"},"wordCount":3495,"commentCount":0,"publisher":{"@id":"https:\/\/preprod.weasywyg.com\/fr\/#organization"},"image":{"@id":"https:\/\/preprod.weasywyg.com\/fr\/2025\/06\/30\/dossier-aidant-familial\/#primaryimage"},"thumbnailUrl":"https:\/\/preprod.weasywyg.com\/wp-content\/uploads\/2026\/06\/IMG-250718-Dowager-in-a-wheelchair.webp","articleSection":["Aidants","Dispositifs d'aide"],"inLanguage":"fr-FR","potentialAction":[{"@type":"CommentAction","name":"Comment","target":["https:\/\/preprod.weasywyg.com\/fr\/2025\/06\/30\/dossier-aidant-familial\/#respond"]}]},{"@type":"WebPage","@id":"https:\/\/preprod.weasywyg.com\/fr\/2025\/06\/30\/dossier-aidant-familial\/","url":"https:\/\/preprod.weasywyg.com\/fr\/2025\/06\/30\/dossier-aidant-familial\/","name":"Aidant familial 2025 : droits, d\u00e9marches et aides disponibles - Orthopus","isPartOf":{"@id":"https:\/\/preprod.weasywyg.com\/fr\/#website"},"primaryImageOfPage":{"@id":"https:\/\/preprod.weasywyg.com\/fr\/2025\/06\/30\/dossier-aidant-familial\/#primaryimage"},"image":{"@id":"https:\/\/preprod.weasywyg.com\/fr\/2025\/06\/30\/dossier-aidant-familial\/#primaryimage"},"thumbnailUrl":"https:\/\/preprod.weasywyg.com\/wp-content\/uploads\/2026\/06\/IMG-250718-Dowager-in-a-wheelchair.webp","datePublished":"2025-06-30T09:53:00+00:00","dateModified":"2026-07-28T08:16:36+00:00","description":"D\u00e9couvrez le guide complet 2025 sur le statut d\u2019aidant familial : d\u00e9marches, r\u00e9mun\u00e9ration, aides, fiscalit\u00e9, jeunes aidants et protection juridique.","breadcrumb":{"@id":"https:\/\/preprod.weasywyg.com\/fr\/2025\/06\/30\/dossier-aidant-familial\/#breadcrumb"},"inLanguage":"fr-FR","potentialAction":[{"@type":"ReadAction","target":["https:\/\/preprod.weasywyg.com\/fr\/2025\/06\/30\/dossier-aidant-familial\/"]}]},{"@type":"ImageObject","inLanguage":"fr-FR","@id":"https:\/\/preprod.weasywyg.com\/fr\/2025\/06\/30\/dossier-aidant-familial\/#primaryimage","url":"https:\/\/preprod.weasywyg.com\/wp-content\/uploads\/2026\/06\/IMG-250718-Dowager-in-a-wheelchair.webp","contentUrl":"https:\/\/preprod.weasywyg.com\/wp-content\/uploads\/2026\/06\/IMG-250718-Dowager-in-a-wheelchair.webp","width":894,"height":1200,"caption":"Dowager in a Wheelchair, Philip Evergood (1952) - huile sur toile conserv\u00e9e au Smithsonian American Art Museum."},{"@type":"BreadcrumbList","@id":"https:\/\/preprod.weasywyg.com\/fr\/2025\/06\/30\/dossier-aidant-familial\/#breadcrumb","itemListElement":[{"@type":"ListItem","position":1,"name":"Accueil","item":"https:\/\/preprod.weasywyg.com\/fr\/"},{"@type":"ListItem","position":2,"name":"Aidant familial 2025 : droits, d\u00e9marches et aides disponibles"}]},{"@type":"WebSite","@id":"https:\/\/preprod.weasywyg.com\/fr\/#website","url":"https:\/\/preprod.weasywyg.com\/fr\/","name":"Orthopus","description":"Handitech solutions for everyone","publisher":{"@id":"https:\/\/preprod.weasywyg.com\/fr\/#organization"},"potentialAction":[{"@type":"SearchAction","target":{"@type":"EntryPoint","urlTemplate":"https:\/\/preprod.weasywyg.com\/fr\/?s={search_term_string}"},"query-input":{"@type":"PropertyValueSpecification","valueRequired":true,"valueName":"search_term_string"}}],"inLanguage":"fr-FR"},{"@type":"Organization","@id":"https:\/\/preprod.weasywyg.com\/fr\/#organization","name":"Orthopus","url":"https:\/\/preprod.weasywyg.com\/fr\/","logo":{"@type":"ImageObject","inLanguage":"fr-FR","@id":"https:\/\/preprod.weasywyg.com\/fr\/#\/schema\/logo\/image\/","url":"https:\/\/preprod.weasywyg.com\/wp-content\/uploads\/2026\/05\/logo.svg","contentUrl":"https:\/\/preprod.weasywyg.com\/wp-content\/uploads\/2026\/05\/logo.svg","caption":"Orthopus"},"image":{"@id":"https:\/\/preprod.weasywyg.com\/fr\/#\/schema\/logo\/image\/"}},{"@type":"Person","@id":"https:\/\/preprod.weasywyg.com\/fr\/#\/schema\/person\/a7dcb2c9da462fd59f13f2258699ba9e","name":"Mona Jamois","image":{"@type":"ImageObject","inLanguage":"fr-FR","@id":"https:\/\/secure.gravatar.com\/avatar\/b5b462af4cf5722fbd017ef55b474709ff34d6030941c8c793bf9edf5d82b670?s=96&d=mm&r=g","url":"https:\/\/secure.gravatar.com\/avatar\/b5b462af4cf5722fbd017ef55b474709ff34d6030941c8c793bf9edf5d82b670?s=96&d=mm&r=g","contentUrl":"https:\/\/secure.gravatar.com\/avatar\/b5b462af4cf5722fbd017ef55b474709ff34d6030941c8c793bf9edf5d82b670?s=96&d=mm&r=g","caption":"Mona Jamois"},"url":"https:\/\/preprod.weasywyg.com\/fr\/author\/orthopus-mona-26\/"}]}},"taxonomy_info":{"category":[{"value":235,"label":"Aidants"},{"value":236,"label":"Dispositifs d'aide"}]},"featured_image_src_large":["https:\/\/preprod.weasywyg.com\/wp-content\/uploads\/2026\/06\/IMG-250718-Dowager-in-a-wheelchair-763x1024.webp",763,1024,true],"author_info":{"display_name":"Mona Jamois","author_link":"https:\/\/preprod.weasywyg.com\/fr\/author\/orthopus-mona-26\/"},"comment_info":0,"category_info":[{"term_id":235,"name":"Aidants","slug":"aidants","term_group":0,"term_taxonomy_id":235,"taxonomy":"category","description":"","parent":0,"count":9,"filter":"raw","cat_ID":235,"category_count":9,"category_description":"","cat_name":"Aidants","category_nicename":"aidants","category_parent":0},{"term_id":236,"name":"Dispositifs d'aide","slug":"dispositifs-aide","term_group":0,"term_taxonomy_id":236,"taxonomy":"category","description":"","parent":0,"count":9,"filter":"raw","cat_ID":236,"category_count":9,"category_description":"","cat_name":"Dispositifs d'aide","category_nicename":"dispositifs-aide","category_parent":0}],"tag_info":false,"_links":{"self":[{"href":"https:\/\/preprod.weasywyg.com\/fr\/wp-json\/wp\/v2\/posts\/18938","targetHints":{"allow":["GET"]}}],"collection":[{"href":"https:\/\/preprod.weasywyg.com\/fr\/wp-json\/wp\/v2\/posts"}],"about":[{"href":"https:\/\/preprod.weasywyg.com\/fr\/wp-json\/wp\/v2\/types\/post"}],"author":[{"embeddable":true,"href":"https:\/\/preprod.weasywyg.com\/fr\/wp-json\/wp\/v2\/users\/2"}],"replies":[{"embeddable":true,"href":"https:\/\/preprod.weasywyg.com\/fr\/wp-json\/wp\/v2\/comments?post=18938"}],"version-history":[{"count":10,"href":"https:\/\/preprod.weasywyg.com\/fr\/wp-json\/wp\/v2\/posts\/18938\/revisions"}],"predecessor-version":[{"id":19755,"href":"https:\/\/preprod.weasywyg.com\/fr\/wp-json\/wp\/v2\/posts\/18938\/revisions\/19755"}],"wp:featuredmedia":[{"embeddable":true,"href":"https:\/\/preprod.weasywyg.com\/fr\/wp-json\/wp\/v2\/media\/18973"}],"wp:attachment":[{"href":"https:\/\/preprod.weasywyg.com\/fr\/wp-json\/wp\/v2\/media?parent=18938"}],"wp:term":[{"taxonomy":"category","embeddable":true,"href":"https:\/\/preprod.weasywyg.com\/fr\/wp-json\/wp\/v2\/categories?post=18938"},{"taxonomy":"post_tag","embeddable":true,"href":"https:\/\/preprod.weasywyg.com\/fr\/wp-json\/wp\/v2\/tags?post=18938"}],"curies":[{"name":"wp","href":"https:\/\/api.w.org\/{rel}","templated":true}]}}