{"id":18987,"date":"2024-07-09T12:21:19","date_gmt":"2024-07-09T10:21:19","guid":{"rendered":"https:\/\/preprod.weasywyg.com\/?p=18987"},"modified":"2026-07-20T17:09:17","modified_gmt":"2026-07-20T15:09:17","slug":"traitement-maladie-neuromusculaire","status":"publish","type":"post","link":"https:\/\/preprod.weasywyg.com\/fr\/2024\/07\/09\/traitement-maladie-neuromusculaire\/","title":{"rendered":"Traitement des maladies neuromusculaires : approches actuelles, innovations et accompagnement global"},"content":{"rendered":"\n<h2 class=\"wp-block-heading\">Comprendre les maladies neuromusculaires pour mieux soigner<\/h2>\n\n\n\n<h3 class=\"wp-block-heading\">D\u00e9finition et typologie des maladies neuromusculaires<\/h3>\n\n\n\n<p class=\"wp-block-paragraph\">N\u00e9e au Qatar avec une dystrophie musculaire de Duchenne,\u00a0<a href=\"https:\/\/www.instagram.com\/nawaalakram\/?hl=fr\" target=\"_blank\" rel=\"noreferrer noopener\">Nawaal Akram<\/a>\u00a0fait partie de celles et ceux dont la simple existence d\u00e9range les cadres normatifs. Diagnostiqu\u00e9e \u00e0 l\u2019\u00e2ge de six ans, elle se heurte tr\u00e8s jeune \u00e0 une soci\u00e9t\u00e9 qui pr\u00e9f\u00e8re cacher les corps malades plut\u00f4t que les inclure. Refusant ce silence impos\u00e9, elle s\u2019engage dans la mode et la parole militante pour rendre visible les r\u00e9alit\u00e9s du handicap.<\/p>\n\n\n\n<figure class=\"wp-block-image size-large\"><img loading=\"lazy\" decoding=\"async\" width=\"1024\" height=\"683\" src=\"https:\/\/preprod.weasywyg.com\/wp-content\/uploads\/2026\/06\/IMG-250722-Nawaal-Akram-1024x683.webp\" alt=\"\" class=\"wp-image-18988\" srcset=\"https:\/\/preprod.weasywyg.com\/wp-content\/uploads\/2026\/06\/IMG-250722-Nawaal-Akram-1024x683.webp 1024w, https:\/\/preprod.weasywyg.com\/wp-content\/uploads\/2026\/06\/IMG-250722-Nawaal-Akram-300x200.webp 300w, https:\/\/preprod.weasywyg.com\/wp-content\/uploads\/2026\/06\/IMG-250722-Nawaal-Akram-768x512.webp 768w, https:\/\/preprod.weasywyg.com\/wp-content\/uploads\/2026\/06\/IMG-250722-Nawaal-Akram.webp 1081w\" sizes=\"auto, (max-width: 1024px) 100vw, 1024px\" \/><figcaption class=\"wp-element-caption\">Photographie de Nawaal Akram<\/figcaption><\/figure>\n\n\n\n<p class=\"wp-block-paragraph\">Les\u00a0<a href=\"https:\/\/preprod.weasywyg.com\/2026\/07\/06\/tout-savoir-sur-les-maladies-neuromusculaires\/\">maladies neuromusculaires<\/a>\u00a0restent encore largement m\u00e9connues du grand public. Parfois complexes \u00e0 identifier, elles touchent pourtant des milliers de personnes dans le monde, souvent d\u00e8s l\u2019enfance. Leur point commun : elles affectent, de mani\u00e8re progressive, la capacit\u00e9 du corps \u00e0 bouger, \u00e0 se maintenir et parfois \u00e0 respirer. \u00c0 travers le parcours de personnes comme Nawaal Akram, on comprend mieux ce que sont ces maladies et les combats quotidiens qu\u2019elles impliquent.<\/p>\n\n\n\n<p class=\"wp-block-paragraph\">Ces pathologies rares touchent le syst\u00e8me moteur, qu\u2019il s\u2019agisse des muscles, des nerfs p\u00e9riph\u00e9riques ou de la jonction des deux. Elles entra\u00eenent une perte progressive de force musculaire, une fatigue inhabituelle, des troubles de la marche ou de la motricit\u00e9 fine. Souvent invisibles aux premiers stades, elles \u00e9voluent lentement ou rapidement, selon leur nature, avec des r\u00e9percussions majeures sur l\u2019autonomie. Elles peuvent \u00eatre classifi\u00e9es en\u00a0<a href=\"https:\/\/www.mda.org\/disease\/list\" target=\"_blank\" rel=\"noreferrer noopener\">six grandes familles<\/a>\u00a0:<\/p>\n\n\n\n<figure class=\"wp-block-table\"><table class=\"has-fixed-layout\"><tbody><tr><td><strong>Famille<\/strong><\/td><td><strong>Exemples<\/strong><\/td><\/tr><tr><td><strong>Dystrophies musculaires<\/strong><\/td><td><a href=\"https:\/\/preprod.weasywyg.com\/2026\/07\/02\/comprendre-la-dystrophie-musculaire-de-duchenne\/\">Duchenne<\/a>,\u00a0<a href=\"https:\/\/preprod.weasywyg.com\/2026\/07\/02\/dystrophie-musculaire-de-becker\/\">Becker<\/a>,\u00a0<a href=\"https:\/\/www.afm-telethon.fr\/fr\/fiches-maladies\/myopathie-facio-scapulo-humerale\" target=\"_blank\" rel=\"noreferrer noopener\">myopathie facio-scapulo-hum\u00e9rale<\/a>,\u00a0<a href=\"https:\/\/www.msdmanuals.com\/fr\/accueil\/probl%C3%A8mes-de-sant%C3%A9-infantiles\/dystrophies-musculaires-et-troubles-associ%C3%A9s\/dystrophie-myotonique\" target=\"_blank\" rel=\"noreferrer noopener\">dystrophie myotonique<\/a><\/td><\/tr><tr><td><strong>Maladies du motoneurone<\/strong><\/td><td><a href=\"https:\/\/www.inserm.fr\/dossier\/sclerose-laterale-amyotrophique-sla-maladie-charcot\/\" target=\"_blank\" rel=\"noreferrer noopener\">Scl\u00e9rose lat\u00e9rale amyotrophique<\/a>\u00a0(SLA)<\/td><\/tr><tr><td><strong>Neuropathies p\u00e9riph\u00e9riques<\/strong><\/td><td><a href=\"https:\/\/preprod.weasywyg.com\/2026\/07\/10\/maladies-neuromusculaires-charcot-marie-tooth\/\">Charcot-Marie-Tooth<\/a>,\u00a0<a href=\"https:\/\/www.msdmanuals.com\/fr\/accueil\/troubles-du-cerveau-de-la-moelle-%C3%A9pini%C3%A8re-et-des-nerfs\/troubles-du-syst%C3%A8me-nerveux-autonome\/neuropathies-autonomes\" target=\"_blank\" rel=\"noreferrer noopener\">neuropathies auto-immunes<\/a><\/td><\/tr><tr><td><strong>Maladies de la jonction neuromusculaire<\/strong><\/td><td><a href=\"https:\/\/www.revmed.ch\/revue-medicale-suisse\/2007\/revue-medicale-suisse-110\/myasthenie-grave-traitements-et-remissions\" target=\"_blank\" rel=\"noreferrer noopener\">Myasth\u00e9nie grave<\/a>,\u00a0<a href=\"https:\/\/www.msdmanuals.com\/fr\/accueil\/troubles-du-cerveau-de-la-moelle-%C3%A9pini%C3%A8re-et-des-nerfs\/maladies-des-nerfs-p%C3%A9riph%C3%A9riques-et-maladies-apparent%C3%A9es\/syndrome-de-lambert-eaton\" target=\"_blank\" rel=\"noreferrer noopener\">syndr\u00f4me myasth\u00e9nique de Lambert-Eaton<\/a>,\u00a0<a href=\"https:\/\/myasthenia.org\/fr\/understanding-mg\/mg-related-disorders\/#:~:text=Syndromes%20myasth%C3%A9niques%20cong%C3%A9nitaux%20(CMS)%20%3A,sp%C3%A9cifique%20de%20la%20jonction%20neuromusculaire.\" target=\"_blank\" rel=\"noreferrer noopener\">syndr\u00f4mes myasth\u00e9niques cong\u00e9nitaux<\/a><\/td><\/tr><tr><td><strong>Myopathies m\u00e9taboliques et mitochondriales<\/strong><\/td><td><a href=\"https:\/\/fr.wikipedia.org\/wiki\/Maladie_de_Pompe\" target=\"_blank\" rel=\"noreferrer noopener\">Maladie de Pompe<\/a><\/td><\/tr><tr><td><strong>Canalopathies (troubles des canaux ioniques)<\/strong><\/td><td>Paralysie p\u00e9riodique,\u00a0<a href=\"https:\/\/www.msdmanuals.com\/fr\/accueil\/probl%C3%A8mes-de-sant%C3%A9-infantiles\/dystrophies-musculaires-et-troubles-associ%C3%A9s\/myotonie-cong%C3%A9nitale\" target=\"_blank\" rel=\"noreferrer noopener\">myotonie cong\u00e9nitale<\/a><\/td><\/tr><\/tbody><\/table><\/figure>\n\n\n\n<p class=\"wp-block-paragraph\">Il existe actuellement quelques traitements pour les\u00a0<a href=\"https:\/\/preprod.weasywyg.com\/2026\/07\/06\/tout-savoir-sur-les-maladies-neuromusculaires\/\">maladies neuromusculaires<\/a>\u00a0mais ils sont tr\u00e8s r\u00e9glement\u00e9s et ne soignent pas d\u00e9finitivement, ils offrent simplement un soulagement temporaire.<\/p>\n\n\n\n<h3 class=\"wp-block-heading\">M\u00e9canismes pathologiques et impacts sur la qualit\u00e9 de vie<\/h3>\n\n\n\n<p class=\"wp-block-paragraph\">Les maladies neuromusculaires regroupent un ensemble de pathologies qui perturbent le bon fonctionnement du syst\u00e8me moteur. Qu\u2019elles touchent directement le muscle, les nerfs p\u00e9riph\u00e9riques ou la jonction neuromusculaire, elles entra\u00eenent une d\u00e9gradation progressive des capacit\u00e9s physiques.<\/p>\n\n\n\n<p class=\"wp-block-paragraph\">Le m\u00e9canisme pathologique repose g\u00e9n\u00e9ralement sur une d\u00e9faillance de la transmission entre le cerveau et les muscles, ou sur une alt\u00e9ration du tissu musculaire lui-m\u00eame.&nbsp;<strong>R\u00e9sultat : les signaux nerveux ne sont plus correctement transmis ou bien les muscles ne peuvent plus y r\u00e9pondre efficacement.<\/strong><\/p>\n\n\n\n<figure class=\"wp-block-embed is-type-video is-provider-youtube wp-block-embed-youtube wp-embed-aspect-16-9 wp-has-aspect-ratio\"><div class=\"wp-block-embed__wrapper\">\n<iframe loading=\"lazy\" title=\"La synapse ou jonction neuromusculaire\" width=\"1480\" height=\"833\" src=\"https:\/\/www.youtube.com\/embed\/WKW3NZ12Up0?feature=oembed\" frameborder=\"0\" allow=\"accelerometer; autoplay; clipboard-write; encrypted-media; gyroscope; picture-in-picture; web-share\" referrerpolicy=\"strict-origin-when-cross-origin\" allowfullscreen><\/iframe>\n<\/div><\/figure>\n\n\n\n<p class=\"wp-block-paragraph\">Parmi les sympt\u00f4mes les plus fr\u00e9quents, on retrouve :<\/p>\n\n\n\n<ul class=\"wp-block-list\">\n<li>Faiblesse musculaire progressive<\/li>\n\n\n\n<li>Fatigue chronique<\/li>\n\n\n\n<li>Troubles respiratoires et cardiaques<\/li>\n\n\n\n<li>Douleurs musculaires et articulaires<\/li>\n\n\n\n<li>Myotonie (difficult\u00e9 \u00e0 rel\u00e2cher un muscle apr\u00e8s l\u2019avoir contract\u00e9)<\/li>\n<\/ul>\n\n\n\n<p class=\"wp-block-paragraph\">Ces manifestations ont un impact majeur sur la qualit\u00e9 de vie : r\u00e9duction de la mobilit\u00e9, situation de d\u00e9pendance aux proches, isolement social et surcharge \u00e9motionnelle. C\u2019est pourquoi la prise en charge est n\u00e9cessairement pluridisciplinaire, combinant :<\/p>\n\n\n\n<ul class=\"wp-block-list\">\n<li>La r\u00e9\u00e9ducation fonctionnelle<\/li>\n\n\n\n<li>L\u2019assistance respiratoire<\/li>\n\n\n\n<li>Des traitements m\u00e9dicamenteux ou g\u00e9niques selon les cas<\/li>\n\n\n\n<li>L\u2019usage d\u2019<a href=\"https:\/\/orthopus.com\/fr\/aide-technique\/robot-assistance-compensation\/\">aides techniques<\/a>, comme les orth\u00e8ses ou les exosquelettes<\/li>\n<\/ul>\n\n\n\n<h2 class=\"wp-block-heading\">Les traitements symptomatiques pour am\u00e9liorer le quotidien<\/h2>\n\n\n\n<h3 class=\"wp-block-heading\">Soulager la douleur, la fatigue et les troubles moteurs<\/h3>\n\n\n\n<p class=\"wp-block-paragraph\">Certains traitements, dits \u201c<a href=\"https:\/\/www.msdmanuals.com\/fr\/accueil\/troubles-du-cerveau-de-la-moelle-%C3%A9pini%C3%A8re-et-des-nerfs\/douleur\/douleur-chronique#Traitement_v25186170_fr\" target=\"_blank\" rel=\"noreferrer noopener\">symptomatiques<\/a>\u201d, ne gu\u00e9rissent pas la maladie mais soulagent la douleur et am\u00e9liorent le confort de vie. Ils comprennent :<\/p>\n\n\n\n<ul class=\"wp-block-list\">\n<li>Des&nbsp;<a href=\"https:\/\/fr.wikipedia.org\/wiki\/Antalgique\">antalgiques<\/a>&nbsp;sous forme de parac\u00e9tamol ou d\u2019opio\u00efdes (comme la morphine).<\/li>\n\n\n\n<li>Des relaxants musculaires utilis\u00e9s en cas de spasmes ou de contractures douloureuses.<\/li>\n\n\n\n<li>Des\u00a0<a href=\"https:\/\/www.ameli.fr\/assure\/sante\/medicaments\/utiliser-recycler-medicaments\/utiliser-anti-inflammatoires\" target=\"_blank\" rel=\"noreferrer noopener\">anti-inflammatoires<\/a>\u00a0pour traiter les douleurs musculaires ou articulaires li\u00e9es \u00e0 l\u2019inflammation.<\/li>\n<\/ul>\n\n\n\n<p class=\"wp-block-paragraph\">Le corps m\u00e9dical adapte ces traitements en fonction de la nature de la douleur. Ce travail du cas par cas vise \u00e0 r\u00e9duire les effets ind\u00e9sirables. Votre m\u00e9decin est bien \u00e9videmment le\u00b7la seul\u00b7e capable de vous prescrire un traitement qu\u2019il soit symptomatique ou non.<\/p>\n\n\n\n<h3 class=\"wp-block-heading\">R\u00e9\u00e9ducation fonctionnelle et aides \u00e0 la mobilit\u00e9<\/h3>\n\n\n\n<p class=\"wp-block-paragraph\">Un autre des traitements qui peut soulager une personne vivant avec une\u00a0<a href=\"https:\/\/preprod.weasywyg.com\/2026\/07\/06\/tout-savoir-sur-les-maladies-neuromusculaires\/\">maladie neuromusculaire<\/a>\u00a0est probablement la\u00a0<a href=\"https:\/\/sante.journaldesfemmes.fr\/fiches-sante-du-quotidien\/2902381-reeducation-fonctionnelle-c-est-quoi-ou-la-faire\/\" target=\"_blank\" rel=\"noreferrer noopener\">r\u00e9\u00e9ducation fonctionnelle<\/a>. Technique non invasive, elle a pour objectif de restaurer ou au moins de maintenir les fonctions corporelles au meilleur des capacit\u00e9s de la personne. Elle comprend :<\/p>\n\n\n\n<ul class=\"wp-block-list\">\n<li>La&nbsp;<a href=\"https:\/\/orthopus.com\/fr\/professionnels-de-sante\/kine-pour-neuropathie\/\">kin\u00e9sith\u00e9rapie<\/a>&nbsp;et la r\u00e9\u00e9ducation respiratoire qui jouent sur le renforcement musculaire et la coordination.<\/li>\n\n\n\n<li>L\u2019orthophonie qui prend un r\u00f4le majeur en cas de troubles de la parole, de la d\u00e9glutition, etc.<\/li>\n\n\n\n<li>Les&nbsp;<a href=\"https:\/\/orthopus.com\/fr\/aide-technique\/robot-assistance-compensation\/\">aides techniques<\/a>&nbsp;peuvent dans certains cas aider \u00e0 soulager des douleurs et \u00e0 faciliter l\u2019autonomie des personnes via des exosquelettes, des dispositifs robotiques ou des fauteuils roulants par exemple.<\/li>\n<\/ul>\n\n\n\n<h2 class=\"wp-block-heading\">Les traitements de fond : agir sur les causes de la maladie<\/h2>\n\n\n\n<h3 class=\"wp-block-heading\">Les traitements de fond : agir sur les causes de la maladie<\/h3>\n\n\n\n<p class=\"wp-block-paragraph\">Les th\u00e9rapies g\u00e9niques et cellulaires repr\u00e9sentent une avanc\u00e9e majeure visant \u00e0 traiter la racine des maladies, en corrigeant ou en rempla\u00e7ant les g\u00e8nes ou cellules d\u00e9fectueux :<\/p>\n\n\n\n<ul class=\"wp-block-list\">\n<li><a href=\"https:\/\/fr.wikipedia.org\/wiki\/Th%C3%A9rapie_g%C3%A9nique\" target=\"_blank\" rel=\"noreferrer noopener\">Th\u00e9rapie g\u00e9nique<\/a>\u00a0: transfert d\u2019un g\u00e8ne fonctionnel (ex.\u202f:\u00a0<a href=\"https:\/\/www.afm-telethon.fr\/fr\/vivre-avec-la-maladie\/mon-parcours-de-soins\/les-medicaments\/le-zolgensmar-dans-la-sma\" target=\"_blank\" rel=\"noreferrer noopener\">Zolgensma<\/a>,\u00a0<a href=\"https:\/\/www.afm-telethon.fr\/fr\/vivre-avec-la-maladie\/mon-parcours-de-soins\/les-medicaments\/le-spinrazar-dans-la-sma\" target=\"_blank\" rel=\"noreferrer noopener\">Spinraza<\/a>) pour compenser une mutation, comme dans l\u2019<a href=\"https:\/\/preprod.weasywyg.com\/2026\/07\/07\/amyotrophie-spinale-proximale\/\">amyotrophie spinale<\/a><\/li>\n\n\n\n<li><a href=\"https:\/\/www.inserm.fr\/dossier\/therapie-cellulaire\/\" target=\"_blank\" rel=\"noreferrer noopener\">Th\u00e9rapie cellulaire<\/a>\u00a0: greffes de cellules souches ou manipulation de cellules du patient, encore en stade pr\u00e9liminaire dans les maladies neurologiques<\/li>\n\n\n\n<li><a href=\"https:\/\/www.afm-telethon.fr\/fr\/essais\/sma-les-essais-et-etudes-cliniques-en-france\" target=\"_blank\" rel=\"noreferrer noopener\">Essais cliniques en cours<\/a>\u00a0: de nombreux projets, en France et \u00e0 l\u2019\u00e9tranger, testent ces approches sur des pathologies rares ou g\u00e9n\u00e9tiques.<\/li>\n<\/ul>\n\n\n\n<h2 class=\"wp-block-heading\">La prise en charge pluridisciplinaire et les soins de support<\/h2>\n\n\n\n<h3 class=\"wp-block-heading\">Coordination des professionnels et du parcours de soins<\/h3>\n\n\n\n<p class=\"wp-block-paragraph\">La prise en charge des\u00a0<a href=\"https:\/\/preprod.weasywyg.com\/2026\/07\/06\/tout-savoir-sur-les-maladies-neuromusculaires\/\">maladies neuromusculaires<\/a>\u00a0repose sur une coordination rigoureuse entre professionnels de sant\u00e9. Cette approche\u00a0<a href=\"https:\/\/www.afm-telethon.fr\/fr\/vivre-avec-la-maladie\/mon-parcours-de-soins\/les-soins\/consultations-pluridisciplinaires-dediees-aux\">multid<\/a><a href=\"https:\/\/www.afm-telethon.fr\/fr\/vivre-avec-la-maladie\/mon-parcours-de-soins\/les-soins\/consultations-pluridisciplinaires-dediees-aux\" target=\"_blank\" rel=\"noreferrer noopener\">i<\/a><a href=\"https:\/\/www.afm-telethon.fr\/fr\/vivre-avec-la-maladie\/mon-parcours-de-soins\/les-soins\/consultations-pluridisciplinaires-dediees-aux\">sciplinaire<\/a>\u00a0permet d\u2019assurer un suivi global, personnalis\u00e9 et \u00e9volutif, centr\u00e9 sur les besoins du patient. Le parcours coordonn\u00e9 implique notamment plusieurs professionnels :<\/p>\n\n\n\n<ul class=\"wp-block-list\">\n<li>Neurologue ou g\u00e9n\u00e9ticien : il ou elle pilote le suivi m\u00e9dical.<\/li>\n\n\n\n<li><a href=\"https:\/\/preprod.weasywyg.com\/2026\/07\/06\/kine-pour-neuropathie\/\">Kin\u00e9sith\u00e9rapeute<\/a>\u00a0: il ou elle s\u2019occupe de la r\u00e9\u00e9ducation motrice et parfois respiratoire.<\/li>\n\n\n\n<li><a href=\"https:\/\/preprod.weasywyg.com\/2026\/07\/06\/ergotherapeute-neuromusculaire-une-assistance-indispensable\/\">Ergoth\u00e9rapeute<\/a>\u00a0: il ou elle se charge de l\u2019am\u00e9nagement de l\u2019environnement et de l\u2019\u00e9quipement des aides techniques.<\/li>\n\n\n\n<li>Orthophoniste : le ou la sp\u00e9cialiste porte une attention particuli\u00e8re aux troubles de la parole ou de la d\u00e9glutition.<\/li>\n\n\n\n<li>Psychologue et\/ou assistant\u2022e social\u2022e : il ou elle offre un accompagnement psychologique et social (n\u00e9cessaire \u00e0 toute maladie aussi grave que celles neuromusculaires).<\/li>\n<\/ul>\n\n\n\n<p class=\"wp-block-paragraph\"><strong>Un suivi r\u00e9gulier est indispensable pour ajuster les traitements des maladies neuromusculaires, anticiper les complications et am\u00e9liorer la qualit\u00e9 de vie.<\/strong><\/p>\n\n\n\n<p class=\"wp-block-paragraph\">Les\u00a0<a href=\"https:\/\/www.afm-telethon.fr\/sites\/default\/files\/media\/documents\/organisation_des_soins_et_maladies_neuromusculaires_0809.pdf\" target=\"_blank\" rel=\"noreferrer noopener\">centres de r\u00e9f\u00e9rence maladies rares<\/a>\u00a0jouent \u00e9galement un r\u00f4le cl\u00e9 dans l\u2019organisation du parcours de soins. Ils assurent :<\/p>\n\n\n\n<ul class=\"wp-block-list\">\n<li>Le diagnostic initial et l\u2019orientation vers des traitements adapt\u00e9s.<\/li>\n\n\n\n<li>La mise en r\u00e9seau des sp\u00e9cialistes (m\u00e9decins, param\u00e9dicaux, psychologues).<\/li>\n\n\n\n<li>Le lien avec les plateformes d\u2019essais cliniques ou de r\u00e9\u00e9ducation sp\u00e9cialis\u00e9e.<\/li>\n<\/ul>\n\n\n\n<h3 class=\"wp-block-heading\">Soutien psychologique, social et familial<\/h3>\n\n\n\n<p class=\"wp-block-paragraph\">Les maladies neuromusculaires entra\u00eenent non seulement des d\u00e9fis physiques, mais aussi une\u00a0<a href=\"https:\/\/www.afm-telethon.fr\/sites\/default\/files\/media\/documents\/AFM_VLM_MAG_211_BD_Monsoutienpsy_0.pdf\">forte charge \u00e9mot<\/a><a href=\"https:\/\/www.afm-telethon.fr\/sites\/default\/files\/media\/documents\/AFM_VLM_MAG_211_BD_Monsoutienpsy_0.pdf\" target=\"_blank\" rel=\"noreferrer noopener\">i<\/a><a href=\"https:\/\/www.afm-telethon.fr\/sites\/default\/files\/media\/documents\/AFM_VLM_MAG_211_BD_Monsoutienpsy_0.pdf\">onnelle<\/a>, aussi bien pour les principaux concern\u00e9s que leur entourage. Un soutien global, \u00e0 la fois psychologique, social et familial, est donc recommand\u00e9 pour am\u00e9liorer d\u2019une part la qualit\u00e9 de vie mais aussi accompagner les diff\u00e9rents parcours m\u00e9dicaux.<\/p>\n\n\n\n<p class=\"wp-block-paragraph\">L\u2019accompagnement psychologique peut s\u2019effectuer dans le cadre du programme\u00a0<a href=\"https:\/\/www.info.gouv.fr\/actualite\/mon-soutien-psy-12-seances-remboursees-par-an\" target=\"_blank\" rel=\"noreferrer noopener\">Mon Soutien Psy<\/a>, mis en place par l\u2019<a href=\"https:\/\/www.ameli.fr\/assure\" target=\"_blank\" rel=\"noreferrer noopener\">Assurance maladie<\/a>. Cet accompagnement est rembours\u00e9 selon certain\u2022es psychologues. Il donne droit \u00e0 12 s\u00e9ances annuelles par personne avec un praticien conventionn\u00e9. L\u2019aide sociale, quant \u00e0 elle, peut aussi \u00eatre administrative notamment via des assistants sociaux, lesquels g\u00e8rent les demandes \u00e0 la\u00a0<a href=\"https:\/\/mdphenligne.cnsa.fr\/\">MDPH<\/a>\u00a0(Maison d\u00e9partementale des personnes handicap\u00e9es), mais aussi l\u2019<a href=\"https:\/\/www.service-public.fr\/particuliers\/vosdroits\/F10009\" target=\"_blank\" rel=\"noreferrer noopener\">Allocation personnalis\u00e9e d\u2019autonomie<\/a>\u00a0ou encore ils peuvent orienter vers des services de r\u00e9pit si besoin. Il peut \u00e9galement y avoir des participations lors de groupes de paroles, de temps de formation ou aupr\u00e8s de conseillers\u2022\u00e8res en vie sociale. Les\u00a0<a href=\"https:\/\/www.fsma.fr\/\" target=\"_blank\" rel=\"noreferrer noopener\">associations<\/a>\u00a0de personnes vivant avec des maladies neuromusculaires peuvent aussi \u00eatre d\u2019un grand r\u00e9confort pour les deux parties.<\/p>\n\n\n\n<h2 class=\"wp-block-heading\">Financer les traitements : aides publiques, associatives et sociales<\/h2>\n\n\n\n<h3 class=\"wp-block-heading\">Aides financi\u00e8res et prises en charge par l\u2019\u00c9tat<\/h3>\n\n\n\n<p class=\"wp-block-paragraph\">Le financement des traitements et des \u00e9quipements m\u00e9dicaux peut repr\u00e9senter un v\u00e9ritable d\u00e9fi pour les personnes vivant avec une maladie neuromusculaire et leurs proches. Fort heureusement, plusieurs dispositifs financiers permettent une prise en charge partielle ou totale, selon les ressources du demandeur et de sa pathologie :<\/p>\n\n\n\n<ul class=\"wp-block-list\">\n<li>La\u00a0<a href=\"https:\/\/www.securite-sociale.fr\/accueil\" target=\"_blank\" rel=\"noreferrer noopener\">S\u00e9curit\u00e9 sociale<\/a>\u00a0rembourse \u00e0 100% les soins en lien avec une pathologie si la personne est reconnue comme poss\u00e9dant une\u00a0<a href=\"https:\/\/www.ameli.fr\/assure\/droits-demarches\/maladie-accident-hospitalisation\/affection-longue-duree-ald\/affection-longue-duree-maladie-chronique\" target=\"_blank\" rel=\"noreferrer noopener\">Affection longue dur\u00e9e<\/a>\u00a0(ALD).<br>\u27a1\ufe0f La demande ALD se fait par le m\u00e9decin traitant via un protocole de soins particulier.<\/li>\n\n\n\n<li>Les aides de la\u00a0<a href=\"https:\/\/preprod.weasywyg.com\/2026\/07\/17\/ouverture-droits-mdph-dossier-en-ligne\/\">MDPH\u00a0<\/a>(Maison d\u00e9partementale des personnes handicap\u00e9es) peuvent aussi prendre en charge un certain montant :<br>\u27a1\ufe0f La\u00a0<a href=\"https:\/\/www.service-public.fr\/particuliers\/vosdroits\/F14202\" target=\"_blank\" rel=\"noreferrer noopener\">Prestation de compensation du handicap<\/a>\u00a0(PCH) est accessible pour les adultes comme pour les enfants en situation de handicap et qui n\u00e9cessitent des aides humaines, techniques ou l\u2019am\u00e9nagement du foyer de r\u00e9sidence.<br>\u27a1\ufe0f Si la PCH ne suffit pas \u00e0 couvrir tous vos frais, un\u00a0<a href=\"https:\/\/www.monparcourshandicap.gouv.fr\/glossaire\/fdc\" target=\"_blank\" rel=\"noreferrer noopener\">Fond de compensation<\/a>\u00a0(FDC) pourra \u00eatre d\u00e9bloqu\u00e9 sur condition de revenus.<br>\u27a1\ufe0f L\u2019<a href=\"https:\/\/www.service-public.fr\/particuliers\/vosdroits\/F14809\" target=\"_blank\" rel=\"noreferrer noopener\">Allocation d\u2019\u00e9ducation de l\u2019enfant handicap\u00e9<\/a>\u00a0(AEEH)<\/li>\n\n\n\n<li>L\u2019<a href=\"https:\/\/www.service-public.fr\/particuliers\/vosdroits\/F10009\" target=\"_blank\" rel=\"noreferrer noopener\">Allocation personnalis\u00e9e d\u2019autonomie<\/a>\u00a0est une solution de financement pour les seniors en perte d\u2019autonomie. Elle peut couvrir les frais d\u2019h\u00e9bergement en \u00e9tablissement et les prestations de maintien \u00e0 domicile.<\/li>\n<\/ul>\n\n\n\n<p class=\"wp-block-paragraph\"><strong>Voici un tableau r\u00e9capitulatif des aides selon les tranches d\u2019\u00e2ges des principaux concern\u00e9s :<\/strong><\/p>\n\n\n\n<figure class=\"wp-block-table\"><table class=\"has-fixed-layout\"><tbody><tr><td><strong>Profil<\/strong><\/td><td><strong>Dispositifs<\/strong><\/td><td><strong>Organisme concern\u00e9<\/strong><\/td><\/tr><tr><td><strong>Enfant<\/strong><\/td><td><a href=\"https:\/\/www.service-public.fr\/particuliers\/vosdroits\/F14809\" target=\"_blank\" rel=\"noreferrer noopener\">AEEH<\/a>,\u00a0<a href=\"https:\/\/www.service-public.fr\/particuliers\/vosdroits\/F14202\" target=\"_blank\" rel=\"noreferrer noopener\">PCH<\/a>,\u00a0<a href=\"https:\/\/www.monparcourshandicap.gouv.fr\/glossaire\/fdc\" target=\"_blank\" rel=\"noreferrer noopener\">FDC<\/a><\/td><td><a href=\"https:\/\/mdphenligne.cnsa.fr\/\" target=\"_blank\" rel=\"noreferrer noopener\">MDPH<\/a><\/td><\/tr><tr><td><strong>Adulte<\/strong><\/td><td><a href=\"https:\/\/www.ameli.fr\/assure\/droits-demarches\/maladie-accident-hospitalisation\/affection-longue-duree-ald\" target=\"_blank\" rel=\"noreferrer noopener\">ALD<\/a>,\u00a0<a href=\"https:\/\/www.service-public.fr\/particuliers\/vosdroits\/F14202\" target=\"_blank\" rel=\"noreferrer noopener\">PCH<\/a>,\u00a0<a href=\"https:\/\/www.monparcourshandicap.gouv.fr\/glossaire\/fdc\" target=\"_blank\" rel=\"noreferrer noopener\">FDC<\/a><\/td><td><a href=\"https:\/\/mdphenligne.cnsa.fr\/\" target=\"_blank\" rel=\"noreferrer noopener\">MDPH<\/a>,\u00a0<a href=\"https:\/\/www.ameli.fr\/assure\" target=\"_blank\" rel=\"noreferrer noopener\">Assurance maladie<\/a><\/td><\/tr><tr><td><strong>Senior<\/strong><\/td><td><a href=\"https:\/\/www.ameli.fr\/assure\/droits-demarches\/maladie-accident-hospitalisation\/affection-longue-duree-ald\" target=\"_blank\" rel=\"noreferrer noopener\">ALD<\/a>,\u00a0<a href=\"https:\/\/www.service-public.fr\/particuliers\/vosdroits\/F14202\" target=\"_blank\" rel=\"noreferrer noopener\">PCH<\/a>,\u00a0<a href=\"https:\/\/www.monparcourshandicap.gouv.fr\/glossaire\/fdc\" target=\"_blank\" rel=\"noreferrer noopener\">FDC<\/a>,\u00a0<a href=\"https:\/\/www.pour-les-personnes-agees.gouv.fr\/preserver-son-autonomie\/perte-d-autonomie-evaluation-et-droits\/l-allocation-personnalisee-d-autonomie-apa\" target=\"_blank\" rel=\"noreferrer noopener\">APA<\/a><\/td><td><a href=\"https:\/\/mdphenligne.cnsa.fr\/\" target=\"_blank\" rel=\"noreferrer noopener\">MDPH<\/a>,\u00a0<a href=\"https:\/\/www.ameli.fr\/assure\" target=\"_blank\" rel=\"noreferrer noopener\">Assurance maladie<\/a>, Conseil D\u00e9partemental<\/td><\/tr><\/tbody><\/table><\/figure>\n\n\n\n<blockquote class=\"wp-block-quote is-layout-flow wp-block-quote-is-layout-flow\"><div class=\"orthopus-poulpe-tip wp-block-orthopus-poulpe-tip\">\n\t\t<div class=\"poulpe-tip__icon\" aria-hidden=\"true\">\n\t\t<span class=\"poulpe-tip__icon-placeholder\">\ud83d\udc19<\/span>\n\t<\/div>\n\n\t<div class=\"poulpe-tip__content\">\n\t\t\t\t\t<p class=\"poulpe-tip__title\"><strong>Le tuto du poulpe\u200b : faire reconna\u00eetre une maladie neuromusculaire<\/strong><\/p>\n\t\t\t\t\t\t\t<p class=\"poulpe-tip__body\">Pour b\u00e9n\u00e9ficier d\u2019aides financi\u00e8res, il faut tout d\u2019abord faire reconna\u00eetre sa maladie. C\u2019est pour cela que la d\u00e9marche \u00e0 suivre est surtout justificative, vous aurez besoin :<br>&#8211; Des pi\u00e8ces justificatives comme des comptes-rendus m\u00e9dicaux, des certificats ou encore des bilans fonctionnels.<br>&#8211; D\u2019un diagnostic m\u00e9dical pr\u00e9cis \u00e9tabli par un\u2022e sp\u00e9cialiste.<br>&#8211; D\u2019une demande formalis\u00e9e aupr\u00e8s des organismes comp\u00e9tents comme l\u2019<a href=\"https:\/\/www.ameli.fr\/assure\" target=\"_blank\" rel=\"noreferrer noopener\">Assurance maladie<\/a>, la\u00a0<a href=\"https:\/\/mdphenligne.cnsa.fr\/\" target=\"_blank\" rel=\"noreferrer noopener\">MDPH<\/a>\u00a0ou le Conseil D\u00e9partemental.<\/p>\n\t\t\t<\/div>\n<\/div>\n<\/blockquote>\n\n\n\n<h3 class=\"wp-block-heading\">Soutien associatif et compl\u00e9ments mutualistes<\/h3>\n\n\n\n<p class=\"wp-block-paragraph\">Au-del\u00e0 des aides publiques, les personnes vivant avec des maladies neuromusculaires peuvent b\u00e9n\u00e9ficier d\u2019un accompagnement pr\u00e9cieux de la part d\u2019associations sp\u00e9cialis\u00e9es et de leur compl\u00e9mentaire sant\u00e9. Ces soutiens jouent un r\u00f4le cl\u00e9 dans l\u2019am\u00e9lioration de la qualit\u00e9 de vie, l\u2019acc\u00e8s \u00e0 l\u2019information et le parcours de soins personnalis\u00e9.<\/p>\n\n\n\n<p class=\"wp-block-paragraph\">Des structures comme l\u2019<a href=\"https:\/\/www.afm-telethon.fr\/fr\" target=\"_blank\" rel=\"noreferrer noopener\">AFM-T\u00e9l\u00e9thon<\/a>\u00a0ou des associations locales proposent un accompagnement global pour les concern\u00e9s et leurs proches. Leurs missions incluent :<\/p>\n\n\n\n<ul class=\"wp-block-list\">\n<li>Informations sur la maladie et les traitements en cours<\/li>\n\n\n\n<li>Orientation vers les professionnels de sant\u00e9 sp\u00e9cialis\u00e9s<\/li>\n\n\n\n<li>Soutien psychologique individuel ou en groupe<\/li>\n\n\n\n<li>Pr\u00eat de mat\u00e9riel m\u00e9dical adapt\u00e9 (lits, fauteuils roulants, aides techniques)<\/li>\n\n\n\n<li>Participation aux essais cliniques et acc\u00e8s \u00e0 l\u2019innovation th\u00e9rapeutique<\/li>\n<\/ul>\n\n\n\n<p class=\"wp-block-paragraph\">Ces associations sont souvent en lien direct avec les\u00a0<a href=\"https:\/\/www.filieresmaladiesrares.fr\/annuaires-des-centres\/*\" target=\"_blank\" rel=\"noreferrer noopener\">centres de r\u00e9f\u00e9rence maladies rares<\/a>, facilitant l\u2019acc\u00e8s \u00e0 une expertise m\u00e9dicale pluridisciplinaire.<\/p>\n\n\n\n<p class=\"wp-block-paragraph\">D\u2019un autre c\u00f4t\u00e9, les mutuelles sant\u00e9 compl\u00e8tent les remboursements de la\u00a0<a href=\"https:\/\/www.securite-sociale.fr\/accueil\" target=\"_blank\" rel=\"noreferrer noopener\">S\u00e9curit\u00e9 sociale<\/a>\u00a0et peuvent couvrir :<\/p>\n\n\n\n<ul class=\"wp-block-list\">\n<li>Les d\u00e9passements d\u2019honoraires m\u00e9dicaux<\/li>\n\n\n\n<li>L\u2019achat ou la location de mat\u00e9riel m\u00e9dical (fauteuils, orth\u00e8ses)<\/li>\n\n\n\n<li>Les frais de transport m\u00e9dicalis\u00e9 ou adapt\u00e9<\/li>\n\n\n\n<li>Certains soins non pris en charge \u00e0 100 % (ergoth\u00e9rapie, psychomotricit\u00e9<\/li>\n<\/ul>\n\n\n\n<p class=\"wp-block-paragraph\">Le niveau de prise en charge d\u00e9pend du contrat mutuelle souscrit. Il est donc important de comparer les garanties et de s\u2019assurer que la pathologie est bien couverte.<\/p>\n\n\n\n<p class=\"wp-block-paragraph\">En dernier recours, il existe des dispositifs pour faciliter la mobilit\u00e9 des personnes en situation de handicap, notamment :<\/p>\n\n\n\n<ul class=\"wp-block-list\">\n<li>Aides au financement de v\u00e9hicules adapt\u00e9s<\/li>\n\n\n\n<li>Prise en charge de frais de transport sp\u00e9cialis\u00e9<\/li>\n\n\n\n<li>Soutien des collectivit\u00e9s locales pour l\u2019am\u00e9nagement du logement ou du v\u00e9hicule<\/li>\n<\/ul>\n\n\n\n<figure class=\"wp-block-table\"><table class=\"has-fixed-layout\"><tbody><tr><td><strong>Type d\u2019aide<\/strong><\/td><td><strong>Exemples concrets<\/strong><\/td><td><strong>Pour qui ?<\/strong><\/td><\/tr><tr><td><a href=\"https:\/\/www.securite-sociale.fr\/accueil\" target=\"_blank\" rel=\"noreferrer noopener\">S\u00e9curit\u00e9 sociale<\/a><\/td><td>Remboursement m\u00e9dicaments, kin\u00e9sith\u00e9rapie, orth\u00e8ses, fauteuils<\/td><td>Tous les assur\u00e9s<\/td><\/tr><tr><td><a href=\"https:\/\/www.ameli.fr\/assure\/droits-demarches\/maladie-accident-hospitalisation\/affection-longue-duree-ald\">ALD<\/a><\/td><td>Exon\u00e9ration ticket mod\u00e9rateur<\/td><td>Personnes disposant d\u2019une ALD<\/td><\/tr><tr><td><a href=\"https:\/\/mdphenligne.cnsa.fr\/\">MDPH<\/a><\/td><td><a href=\"https:\/\/www.service-public.fr\/particuliers\/vosdroits\/F14202\">PCH<\/a>, <a href=\"https:\/\/www.service-public.fr\/particuliers\/vosdroits\/F14809\">AEEH<\/a>, orientation, compensation handicap<\/td><td>Personnes en situation de handicap<\/td><\/tr><tr><td><a href=\"https:\/\/www.service-public.fr\/particuliers\/vosdroits\/F10009\">APA<\/a><\/td><td>Aide \u00e0 domicile<\/td><td>Personnes en situation de d\u00e9pendance<\/td><\/tr><tr><td><a href=\"https:\/\/www.afm-telethon.fr\/fr\">AFM-T\u00e9l\u00e9thon<\/a><\/td><td>Soutien recherche, information, orientation<\/td><td>Concern\u00e9\u2022es et leurs familles<\/td><\/tr><tr><td>Associations<\/td><td>Soutien psychologique, groupes de parole, mat\u00e9riel<\/td><td>Concern\u00e9\u2022es et leurs familles<\/td><\/tr><tr><td>Centres de r\u00e9f\u00e9rence<\/td><td>Parcours de soins, expertise multidisciplinaire<\/td><td>Personnes vivant avec des maladies rares<\/td><\/tr><tr><td>Mutuelle<\/td><td>D\u00e9passements, \u00e9quipements, transport<\/td><td>Selon contrat<\/td><\/tr><\/tbody><\/table><\/figure>\n\n\n\n<h2 class=\"wp-block-heading\"><strong>L\u2019innovation open source et technologique au service des patients<\/strong><\/h2>\n\n\n\n<h3 class=\"wp-block-heading\"><strong>Vers des dispositifs robotiques accessibles et personnalisables<\/strong><\/h3>\n\n\n\n<p class=\"wp-block-paragraph\">Les avanc\u00e9es technologiques r\u00e9centes, inspir\u00e9es par une dynamique <a href=\"https:\/\/www.redhat.com\/fr\/topics\/open-source\/what-is-open-source\">open source<\/a> et centr\u00e9es sur l\u2019humain, transforment profond\u00e9ment la mani\u00e8re d\u2019aborder le handicap moteur. Chez ORTHOPUS, nos <a href=\"https:\/\/preprod.weasywyg.com\/assistants-robotiques\/\">innovations<\/a>, en partie\u00a0 imprim\u00e9es en 3D ou fabriqu\u00e9es \u00e0 partir de composants standardis\u00e9s, permettent de :<\/p>\n\n\n\n<ul class=\"wp-block-list\">\n<li>Personnaliser les dispositifs selon les besoins moteurs sp\u00e9cifiques de chaque patient.<\/li>\n\n\n\n<li><a href=\"https:\/\/preprod.weasywyg.com\/supporter\/\">R\u00e9duire les co\u00fbts de production<\/a> et faciliter la diffusion \u00e0 grande \u00e9chelle.<\/li>\n\n\n\n<li>Favoriser l\u2019autonomie au quotidien (prise de repas, manipulation d\u2019objets, d\u00e9placements).<\/li>\n<\/ul>\n\n\n\n<p class=\"wp-block-paragraph\"><strong>Le point fort de cette approche :<\/strong> l\u2019implication directe des principaux concern\u00e9s dans la co-conception. Gr\u00e2ce \u00e0 des ateliers participatifs ou des rencontres comme les <a href=\"https:\/\/www.afm-telethon.fr\/fr\/actualites\/rendez-vous-aux-journees-des-familles-2025\" target=\"_blank\" rel=\"noreferrer noopener\">Journ\u00e9es des familles de l\u2019AFM-T\u00e9l\u00e9thon<\/a>, les utilisateur\u2022rices deviennent acteur\u2022rices du d\u00e9veloppement de leurs propres solutions, avec des retours d\u2019usage int\u00e9gr\u00e9s d\u00e8s les premi\u00e8res phases de prototypage ou durant des essais cliniques.<\/p>\n\n\n\n<h3 class=\"wp-block-heading\"><strong>R\u00e9duction des in\u00e9galit\u00e9s d\u2019acc\u00e8s gr\u00e2ce \u00e0 l\u2019innovation sociale<\/strong><\/h3>\n\n\n\n<p class=\"wp-block-paragraph\">Chez <a href=\"https:\/\/preprod.weasywyg.com\/a-propos\/notre-histoire\/\">ORTHOPUS<\/a>, l\u2019une de nos valeurs est de permettre l\u2019accessibilit\u00e9 \u00e0 toutes et \u00e0 tous, et ce en gardant une transparence des prix autant que possible. Nos dispositifs sont pens\u00e9s pour leur efficacit\u00e9 et pour leur praticit\u00e9. Leurs mat\u00e9riaux doivent \u00eatre simples et adapt\u00e9s aux r\u00e9alit\u00e9s du terrain, c\u2019est pour \u00e7a que l\u2019<a href=\"https:\/\/preprod.weasywyg.com\/supporter\/\">ORTHOPUS Supporter<\/a>, est con\u00e7u avec de l\u2019aluminium, de l\u2019acier inoxydable, diff\u00e9rents types de plastiques (<a href=\"https:\/\/www.filimprimante3d.fr\/pages\/pla-cest-quoi-comment-choisir-son-filament-pla#:~:text=Le%20PLA%2C%20ou%20acide%20polylactique,le%20filament%20le%20plus%20utilis%C3%A9.\" target=\"_blank\" rel=\"noreferrer noopener\">PLA<\/a>, <a href=\"https:\/\/fr.wikipedia.org\/wiki\/Acrylonitrile_styr%C3%A8ne_acrylate\" target=\"_blank\" rel=\"noreferrer noopener\">ASA<\/a>, <a href=\"https:\/\/www.thyssenkrupp-plastics.be\/fr\/industrie\/produits-semi-finis-en-plastique\/plaques-en-plastiques\/plaque-pa\" target=\"_blank\" rel=\"noreferrer noopener\">PA<\/a>) et du tissu orthop\u00e9dique. Ces mat\u00e9riaux sont moins co\u00fbteux que d\u2019autres utilis\u00e9s dans la robotique d\u2019assistance, ils baissent donc significativement le prix du dispositif. Tous nos dispositifs sont ou seront test\u00e9s en amont de leur commercialisation afin de v\u00e9rifier leur efficacit\u00e9 en conditions r\u00e9elles. La co-conception est une probl\u00e9matique dans laquelle nous nous engageons activement afin de garantir le meilleur pour toutes et tous.\u00a0<\/p>\n\n\n<div class=\"orthopus-poulpe-tip wp-block-orthopus-poulpe-tip\">\n\t\t<div class=\"poulpe-tip__icon\" aria-hidden=\"true\">\n\t\t<span class=\"poulpe-tip__icon-placeholder\">\ud83d\udc19<\/span>\n\t<\/div>\n\n\t<div class=\"poulpe-tip__content\">\n\t\t\t\t\t<p class=\"poulpe-tip__title\"><strong>Le poulpe \u00e0 la loupe\u00a0\ud83d\udd0d\u00a0: d\u00e9couvrir la gamme d\u2019assistants robotique d\u2019ORTHOPUS<\/strong><\/p>\n\t\t\t\t\t\t\t<p class=\"poulpe-tip__body\"><a href=\"https:\/\/preprod.weasywyg.com\/assistants-robotiques\/\">Notre gamme<\/a>\u00a0se compose de trois assistants robotiques pour la mobilit\u00e9 du bras : l\u2019ORTHOPUS Supporter, l\u2019ORTHOPUS Partner, et l\u2019ORTHOPUS Explorer.<br><br>\ud83d\udc49 L\u2019<a href=\"https:\/\/preprod.weasywyg.com\/supporter\/\">ORTHOPUS Supporter<\/a>\u00a0est notre seul produit commercialis\u00e9 actuellement.<br><br>Disponible \u00e0 la vente en France via notre distributrice\u00a0<a href=\"https:\/\/www.ergo-diffusion.com\/\" target=\"_blank\" rel=\"noreferrer noopener\">ERGO-DIFFUSION<\/a>, il assiste le membre sup\u00e9rieur sur la direction verticale.<br><br>Il dispose de deux modes : le mode\u00a0<strong>FIXE<\/strong>\u00a0qui aide votre bras \u00e0 bouger \u00e0 l\u2019aide de boutons + et \u2013 d\u2019une t\u00e9l\u00e9commande ; et le mode\u00a0<strong>LIBRE<\/strong>\u00a0qui accompagne le mouvement du membre sup\u00e9rieur.<br><br>\ud83d\udc49 L\u2019<a href=\"https:\/\/preprod.weasywyg.com\/partner\/\">ORTHOPUS Partner<\/a>\u00a0est encore au stade de prototype. Il assiste le bras sur trois directions :\u00a0<strong>droite-gauche, haut-bas et avant-arri\u00e8re<\/strong>.<br><br>\ud83d\udc49 L\u2019<a href=\"https:\/\/preprod.weasywyg.com\/explorer\/\">ORTHOPUS Explorer<\/a>, \u00e9galement au stade de prototype, est un assistant robotique qui\u00a0<strong>effectue les gestes du bras et de la main pour attraper et manipuler<\/strong>\u00a0ce qui vous ferait plaisir \u00e0 l\u2019aide de son gripper.<\/p>\n\t\t\t<\/div>\n<\/div>\n\n\n\n<h2 class=\"wp-block-heading\"><strong>Recherches et perspectives th\u00e9rapeutiques \u00e0 l\u2019horizon<\/strong><\/h2>\n\n\n\n<h3 class=\"wp-block-heading\"><strong>Avanc\u00e9es r\u00e9centes et traitements en cours d\u2019homologation<\/strong><\/h3>\n\n\n\n<p class=\"wp-block-paragraph\">La recherche sur les maladies neuromusculaires avance \u00e0 un rythme sans pr\u00e9c\u00e9dent depuis deux d\u00e9cennies, lequel est rendu possible gr\u00e2ce \u00e0 des strat\u00e9gies innovantes et \u00e0 l\u2019engagement actif des principaux concern\u00e9s. Ces progr\u00e8s ouvrent de nouvelles perspectives en termes de prise en charge et de traitement.<\/p>\n\n\n\n<p class=\"wp-block-paragraph\"><strong>Plusieurs axes prometteurs sont en d\u00e9veloppement\u202f:<\/strong><\/p>\n\n\n\n<ul class=\"wp-block-list\">\n<li><strong>Th\u00e9rapies g\u00e9niques \u00e0 base de <\/strong><a href=\"https:\/\/jbiomedsci.biomedcentral.com\/articles\/10.1186\/s12929-025-01123-z\" target=\"_blank\" rel=\"noreferrer noopener\"><strong>virus ad\u00e9no-associ\u00e9s AAV<\/strong><\/a> (AAV, virus modifi\u00e9 utilis\u00e9 pour transporter du mat\u00e9riel g\u00e9n\u00e9tique dans les cellules). Des m\u00e9dicaments comme <a href=\"https:\/\/www.has-sante.fr\/jcms\/p_3224937\/fr\/zolgensma-onasemnogene-abeparvovec\" target=\"_blank\" rel=\"noreferrer noopener\">onosemnogene abeparvovec<\/a> (traitement pour l\u2019Amyotrophie Spinale, maladie g\u00e9n\u00e9tique qui entra\u00eene une faiblesse musculaire progressive) et <a href=\"https:\/\/www.institut-myologie.org\/2023\/06\/29\/elevidys-un-premier-medicament-de-therapie-genique-microdystrophine-autorise-dans-la-dmd-sous-conditions\/\" target=\"_blank\" rel=\"noreferrer noopener\">delandistrogene moxeparvovec<\/a> (traitement pour la Dystrophie Musculaire de Duchenne, maladie g\u00e9n\u00e9tique qui provoque une d\u00e9g\u00e9n\u00e9rescence musculaire), sont en cours d\u2019approbation par la <a href=\"https:\/\/www.fda.gov\/\">FDA<\/a> (Agence Am\u00e9ricaine des M\u00e9dicaments).\u00a0<\/li>\n\n\n\n<li><a href=\"https:\/\/www.medecinesciences.org\/en\/articles\/medsci\/full_html\/2023\/09\/medsci230136s\/medsci230136s.html\" target=\"_blank\" rel=\"noreferrer noopener\"><strong>Innovations multi-omiques<\/strong><\/a><strong> :<\/strong> la recherche utilise la g\u00e9nomique (\u00e9tude des g\u00e8nes), la prot\u00e9omique (analyse des prot\u00e9ines) et la transcriptomique (\u00e9tude des ARN messagers) pour d\u00e9velopper des th\u00e9rapies cibl\u00e9es, identifier de nouveaux biomarqueurs (indicateurs biologiques) et personnaliser les soins.\u00a0<\/li>\n\n\n\n<li><a href=\"https:\/\/jbiomedsci.biomedcentral.com\/articles\/10.1186\/s12929-025-01123-z\" target=\"_blank\" rel=\"noreferrer noopener\"><strong>Essais combin\u00e9s<\/strong><\/a><strong> :<\/strong> des \u00e9tudes testent l\u2019association de la th\u00e9rapie g\u00e9nique avec des mol\u00e9cules modulatrices (m\u00e9dicaments qui r\u00e9gulent l\u2019activit\u00e9 cellulaire), notamment en SMA, pour augmenter l\u2019efficacit\u00e9 des traitements.\u00a0<\/li>\n<\/ul>\n\n\n\n<h3 class=\"wp-block-heading\"><strong>R\u00f4le cl\u00e9 des patients dans les essais cliniques<\/strong><\/h3>\n\n\n\n<p class=\"wp-block-paragraph\">Les <a href=\"https:\/\/www.afm-telethon.fr\/fr\/vivre-avec-la-maladie\/mon-parcours-de-soins\/les-essais-cliniques-en-pratique\" target=\"_blank\" rel=\"noreferrer noopener\">essais cliniques<\/a> ; vitaux pour v\u00e9rifier les b\u00e9n\u00e9fices apport\u00e9s et la s\u00e9curit\u00e9 des dispositifs, ne seraient rien sans ses participant\u2022es. Participer \u00e0 un essai clinique est bien plus qu\u2019un engagement solidaire, c\u2019est un acte individuel noble pour contribuer \u00e0 l\u2019innovation de technologies au service des personnes en situation de handicap.\u00a0<\/p>\n\n\n\n<p class=\"wp-block-paragraph\">Les participant\u2022es disposent de droits fondamentaux : leur consentement est libre et \u00e9clair\u00e9, ils ont un droit de retrait \u00e0 tout moment, et leur donn\u00e9es personnelles sont prot\u00e9g\u00e9es dans le cadre de l\u2019essai.&nbsp;<\/p>\n\n\n\n<p class=\"wp-block-paragraph\">Qui veut participer \u00e0 un essai clinique, ne le fait pas en se pr\u00e9sentant au premier h\u00f4pital ou centre de soins venu. Certaines structures recrutent pr\u00e9cis\u00e9ment en ce but, certaines d\u2019entre elles sont d\u2019ailleurs sp\u00e9cialis\u00e9es dans le traitement des maladies neuromusculaires :&nbsp;<\/p>\n\n\n\n<ul class=\"wp-block-list\">\n<li><a href=\"https:\/\/www.genethon.fr\/\" target=\"_blank\" rel=\"noreferrer noopener\">G\u00e9n\u00e9thon<\/a> a \u00e9t\u00e9 cr\u00e9\u00e9 par l\u2019AFM-T\u00e9l\u00e9thon et m\u00e8ne plusieurs essais via un centre de r\u00e9seau partenaires.\u00a0<\/li>\n\n\n\n<li>L\u2019<a href=\"https:\/\/www.institut-myologie.org\/\" target=\"_blank\" rel=\"noreferrer noopener\">Institut de Myologie<\/a> de Paris coordonne la plateforme <a href=\"https:\/\/www.institut-myologie.org\/imotion\/\">I-Motion<\/a> des essais pour les pathologies neuromusculaires avec des informations claires sur le recrutement, les crit\u00e8res d\u2019inclusion et les contacts m\u00e9dicaux.<\/li>\n<\/ul>\n\n\n\n<h2 class=\"wp-block-heading\"><strong>Foire aux questions sur le traitement des maladies neuromusculaires<\/strong><\/h2>\n\n\n\n<h3 class=\"wp-block-heading\"><strong>Les maladies neuromusculaires peuvent-elles \u00eatre gu\u00e9ries ?<\/strong><\/h3>\n\n\n\n<p class=\"wp-block-paragraph\">\u00c0 ce jour, la majorit\u00e9 des maladies neuromusculaires ne peuvent pas \u00eatre gu\u00e9ries. Toutefois, les progr\u00e8s de la recherche ont permis l\u2019apparition de traitements innovants, notamment les th\u00e9rapies g\u00e9niques, qui peuvent ralentir la progression de certaines pathologies ou am\u00e9liorer significativement la qualit\u00e9 de vie. Par exemple, dans l\u2019<a href=\"https:\/\/fr.wikipedia.org\/wiki\/Amyotrophie_spinale\" target=\"_blank\" rel=\"noreferrer noopener\">amyotrophie spinale<\/a> (SMA), des m\u00e9dicaments comme <a href=\"https:\/\/www.afm-telethon.fr\/fr\/vivre-avec-la-maladie\/mon-parcours-de-soins\/les-medicaments\/le-zolgensmar-dans-la-sma\" target=\"_blank\" rel=\"noreferrer noopener\">Zolgensma<\/a> ou <a href=\"https:\/\/www.afm-telethon.fr\/fr\/vivre-avec-la-maladie\/mon-parcours-de-soins\/les-medicaments\/le-spinrazar-dans-la-sma\" target=\"_blank\" rel=\"noreferrer noopener\">Spinraza<\/a> permettent aujourd\u2019hui une stabilisation, voire un regain fonctionnel dans certains cas.<\/p>\n\n\n\n<h3 class=\"wp-block-heading\"><strong>Comment soulager les douleurs musculaires et neuropathiques ?<\/strong><\/h3>\n\n\n\n<p class=\"wp-block-paragraph\">La douleur est fr\u00e9quente dans les maladies neuromusculaires. Elle peut \u00eatre musculaire, inflammatoire ou neuropathique. Voici les principales options th\u00e9rapeutiques :<\/p>\n\n\n\n<ul class=\"wp-block-list\">\n<li>Antalgiques classiques (parac\u00e9tamol, morphine)<\/li>\n\n\n\n<li>Anti-inflammatoires (pour les douleurs inflammatoires)<\/li>\n\n\n\n<li>Relaxants musculaires (en cas de spasmes)<\/li>\n<\/ul>\n\n\n\n<p class=\"wp-block-paragraph\"><strong>Ces traitements sont \u00e0 adapter au cas par cas et n\u00e9cessitent un suivi m\u00e9dical strict.<\/strong><\/p>\n\n\n\n<h3 class=\"wp-block-heading\"><strong>Quels sont les effets secondaires des traitements ?<\/strong><\/h3>\n\n\n\n<p class=\"wp-block-paragraph\">Les effets secondaires varient selon le type de traitement utilis\u00e9 :<\/p>\n\n\n\n<ul class=\"wp-block-list\">\n<li><strong>M\u00e9dicaments : <\/strong>naus\u00e9es, somnolence, troubles digestifs, fatigue, etc.<\/li>\n\n\n\n<li><strong>Appareillages :<\/strong> douleurs posturales, inconfort, pression sur la peau, etc.<\/li>\n\n\n\n<li><strong>Chirurgies : <\/strong>complications li\u00e9es \u00e0 l\u2019anesth\u00e9sie, infections, perte de mobilit\u00e9, etc.<\/li>\n<\/ul>\n\n\n\n<blockquote class=\"wp-block-quote is-layout-flow wp-block-quote-is-layout-flow\">\n<p class=\"wp-block-paragraph\"><strong>\u26a0\ufe0f Il est essentiel de signaler tout effet ind\u00e9sirable \u00e0 l\u2019\u00e9quipe soignante. Un suivi m\u00e9dical r\u00e9gulier est indispensable pour ajuster les traitements et anticiper les complications.<\/strong><\/p>\n<\/blockquote>\n\n\n\n<h3 class=\"wp-block-heading\"><strong>Quels professionnels consulter et o\u00f9 s\u2019adresser ?<\/strong><\/h3>\n\n\n\n<p class=\"wp-block-paragraph\">La prise en charge repose sur une \u00e9quipe pluridisciplinaire :<\/p>\n\n\n\n<ul class=\"wp-block-list\">\n<li>Neurologue \/ g\u00e9n\u00e9ticien : diagnostic, traitement<\/li>\n\n\n\n<li>Kin\u00e9sith\u00e9rapeute \/ ergoth\u00e9rapeute \/ orthophoniste<\/li>\n\n\n\n<li>Psychologue \/ assistant\u2022e social\u2022e<\/li>\n<\/ul>\n\n\n\n<p class=\"wp-block-paragraph\">Les <a href=\"https:\/\/www.filieresmaladiesrares.fr\/annuaires-des-centres\/*\">centres de r\u00e9f\u00e9rence maladies rares<\/a> sont les points d\u2019entr\u00e9e recommand\u00e9s. Ils assurent un diagnostic, une coordination des soins, un acc\u00e8s aux essais cliniques et un accompagnement global pour les personnes qui recherchent un traitement maladie neuromusculaire.<\/p>\n\n\n\n<h3 class=\"wp-block-heading\"><strong>Sources :&nbsp;<\/strong><\/h3>\n\n\n\n<ul class=\"wp-block-list\">\n<li><a href=\"https:\/\/www.instagram.com\/nawaalakram\/?hl=fr\">https:\/\/www.instagram.com\/nawaalakram\/?hl=fr<\/a>&nbsp;<\/li>\n\n\n\n<li><a href=\"https:\/\/fr.wikipedia.org\/wiki\/Nawaal_Akram\">https:\/\/fr.wikipedia.org\/wiki\/Nawaal_Akram<\/a>&nbsp;<\/li>\n\n\n\n<li><a href=\"https:\/\/www.mda.org\/disease\/list\">https:\/\/www.mda.org\/disease\/list<\/a>&nbsp;<\/li>\n\n\n\n<li><a href=\"https:\/\/www.youtube.com\/watch?v=WKW3NZ12Up0\">https:\/\/www.youtube.com\/watch?v=WKW3NZ12Up0<\/a>&nbsp;<\/li>\n\n\n\n<li><a href=\"https:\/\/www.msdmanuals.com\/fr\/accueil\/troubles-du-cerveau-de-la-moelle-%C3%A9pini%C3%A8re-et-des-nerfs\/douleur\/douleur-chronique#Traitement_v25186170_fr\">https:\/\/www.msdmanuals.com\/fr\/accueil\/troubles-du-cerveau-de-la-moelle-%C3%A9pini%C3%A8re-et-des-nerfs\/douleur\/douleur-chronique#Traitement_v25186170_fr<\/a>&nbsp;<\/li>\n\n\n\n<li><a href=\"https:\/\/fr.wikipedia.org\/wiki\/Antalgique\">https:\/\/fr.wikipedia.org\/wiki\/Antalgique<\/a>&nbsp;<\/li>\n\n\n\n<li><a href=\"https:\/\/www.ameli.fr\/assure\/sante\/medicaments\/utiliser-recycler-medicaments\/utiliser-anti-inflammatoires\">https:\/\/www.ameli.fr\/assure\/sante\/medicaments\/utiliser-recycler-medicaments\/utiliser-anti-inflammatoires<\/a>&nbsp;<\/li>\n\n\n\n<li><a href=\"https:\/\/www.elsan.care\/fr\/pathologie-et-traitement\/maladies-neurologiques\/nevralgie-definition-traitements#:~:text=Dans%20un%20premier%20temps%2C%20la,ou%20si%20les%20sympt%C3%B4mes%20persistent\">https:\/\/www.elsan.care\/fr\/pathologie-et-traitement\/maladies-neurologiques\/nevralgie-definition-traitements#:~:text=Dans%20un%20premier%20temps%2C%20la,ou%20si%20les%20sympt%C3%B4mes%20persistent<\/a>.&nbsp;<\/li>\n\n\n\n<li><a href=\"https:\/\/fr.wikipedia.org\/wiki\/Th%C3%A9rapie_g%C3%A9nique\">https:\/\/fr.wikipedia.org\/wiki\/Th%C3%A9rapie_g%C3%A9nique<\/a>&nbsp;<\/li>\n\n\n\n<li><a href=\"https:\/\/www.afm-telethon.fr\/fr\/vivre-avec-la-maladie\/mon-parcours-de-soins\/les-medicaments\/le-zolgensmar-dans-la-sma\">https:\/\/www.afm-telethon.fr\/fr\/vivre-avec-la-maladie\/mon-parcours-de-soins\/les-medicaments\/le-zolgensmar-dans-la-sma<\/a>&nbsp;<\/li>\n\n\n\n<li><a href=\"https:\/\/www.afm-telethon.fr\/fr\/vivre-avec-la-maladie\/mon-parcours-de-soins\/les-medicaments\/le-spinrazar-dans-la-sma\">https:\/\/www.afm-telethon.fr\/fr\/vivre-avec-la-maladie\/mon-parcours-de-soins\/les-medicaments\/le-spinrazar-dans-la-sma<\/a>&nbsp;<\/li>\n\n\n\n<li><a href=\"https:\/\/www.inserm.fr\/dossier\/therapie-cellulaire\/\">https:\/\/www.inserm.fr\/dossier\/therapie-cellulaire\/<\/a>&nbsp;<\/li>\n\n\n\n<li><a href=\"https:\/\/www.afm-telethon.fr\/fr\/essais\/sma-les-essais-et-etudes-cliniques-en-france\">https:\/\/www.afm-telethon.fr\/fr\/essais\/sma-les-essais-et-etudes-cliniques-en-france<\/a>&nbsp;<\/li>\n\n\n\n<li><a href=\"https:\/\/www.myobase.org\/index.php\">https:\/\/www.myobase.org\/index.php<\/a>&nbsp;<\/li>\n\n\n\n<li><a href=\"https:\/\/www.afm-telethon.fr\/fr\/vivre-avec-la-maladie\/mon-parcours-de-soins\/les-soins\/consultations-pluridisciplinaires-dediees-aux\">https:\/\/www.afm-telethon.fr\/fr\/vivre-avec-la-maladie\/mon-parcours-de-soins\/les-soins\/consultations-pluridisciplinaires-dediees-aux<\/a>&nbsp;<\/li>\n\n\n\n<li><a href=\"https:\/\/www.afm-telethon.fr\/sites\/default\/files\/media\/documents\/organisation_des_soins_et_maladies_neuromusculaires_0809.pdf\">https:\/\/www.afm-telethon.fr\/sites\/default\/files\/media\/documents\/organisation_des_soins_et_maladies_neuromusculaires_0809.pdf<\/a>&nbsp;<\/li>\n\n\n\n<li><a href=\"https:\/\/www.afm-telethon.fr\/sites\/default\/files\/media\/documents\/AFM_VLM_MAG_211_BD_Monsoutienpsy_0.pdf\">https:\/\/www.afm-telethon.fr\/sites\/default\/files\/media\/documents\/AFM_VLM_MAG_211_BD_Monsoutienpsy_0.pdf<\/a>&nbsp;<\/li>\n\n\n\n<li><a href=\"https:\/\/www.info.gouv.fr\/actualite\/mon-soutien-psy-12-seances-remboursees-par-an\">https:\/\/www.info.gouv.fr\/actualite\/mon-soutien-psy-12-seances-remboursees-par-an<\/a>&nbsp;<\/li>\n\n\n\n<li><a href=\"https:\/\/www.filieresmaladiesrares.fr\/annuaires-des-centres\/\">https:\/\/www.filieresmaladiesrares.fr\/annuaires-des-centres\/<\/a>&nbsp;<\/li>\n\n\n\n<li><a href=\"https:\/\/jbiomedsci.biomedcentral.com\/articles\/10.1186\/s12929-025-01123-z\">https:\/\/jbiomedsci.biomedcentral.com\/articles\/10.1186\/s12929-025-01123-z<\/a>&nbsp;<\/li>\n\n\n\n<li><a href=\"https:\/\/fr.wikipedia.org\/wiki\/Amyotrophie_spinale\">https:\/\/fr.wikipedia.org\/wiki\/Amyotrophie_spinale<\/a>&nbsp;<\/li>\n\n\n\n<li><a href=\"https:\/\/www.medecinesciences.org\/en\/articles\/medsci\/full_html\/2023\/09\/medsci230136s\/medsci230136s.html\">https:\/\/www.medecinesciences.org\/en\/articles\/medsci\/full_html\/2023\/09\/medsci230136s\/medsci230136s.html<\/a>&nbsp;<\/li>\n\n\n\n<li><a href=\"https:\/\/www.afm-telethon.fr\/fr\/vivre-avec-la-maladie\/mon-parcours-de-soins\/les-essais-cliniques-en-pratique\">https:\/\/www.afm-telethon.fr\/fr\/vivre-avec-la-maladie\/mon-parcours-de-soins\/les-essais-cliniques-en-pratique<\/a>&nbsp;<\/li>\n\n\n\n<li><a href=\"https:\/\/youtu.be\/s5PElTV5Pq8\">https:\/\/youtu.be\/s5PElTV5Pq8<\/a><\/li>\n<\/ul>\n","protected":false},"excerpt":{"rendered":"<p>D\u00e9couvrez les traitements des maladies neuromusculaires : solutions symptomatiques, th\u00e9rapies de fond, aides financi\u00e8res et innovations m\u00e9dicales.<\/p>\n","protected":false},"author":2,"featured_media":18988,"comment_status":"open","ping_status":"open","sticky":false,"template":"","format":"standard","meta":{"_kad_blocks_custom_css":"","_kad_blocks_head_custom_js":"","_kad_blocks_body_custom_js":"","_kad_blocks_footer_custom_js":"","footnotes":""},"categories":[8],"tags":[],"class_list":["post-18987","post","type-post","status-publish","format-standard","has-post-thumbnail","hentry","category-sante"],"yoast_head":"<!-- This site is optimized with the Yoast SEO plugin v28.4 - https:\/\/yoast.com\/product\/yoast-seo-wordpress\/ -->\n<title>Traitement des maladies neuromusculaires : approches actuelles, innovations et accompagnement global - Orthopus<\/title>\n<meta name=\"description\" content=\"D\u00e9couvrez les traitements des maladies neuromusculaires : solutions symptomatiques, th\u00e9rapies de fond, aides financi\u00e8res et innovations m\u00e9dicales.\" \/>\n<meta name=\"robots\" content=\"noindex, follow, max-snippet:-1, max-image-preview:large, max-video-preview:-1\" \/>\n<meta property=\"og:locale\" content=\"fr_FR\" \/>\n<meta property=\"og:type\" content=\"article\" \/>\n<meta property=\"og:title\" content=\"Traitement des maladies neuromusculaires : approches actuelles, innovations et accompagnement global - Orthopus\" \/>\n<meta property=\"og:description\" content=\"D\u00e9couvrez les traitements des maladies neuromusculaires : solutions symptomatiques, th\u00e9rapies de fond, aides financi\u00e8res et innovations m\u00e9dicales.\" \/>\n<meta property=\"og:url\" content=\"https:\/\/preprod.weasywyg.com\/fr\/2024\/07\/09\/traitement-maladie-neuromusculaire\/\" \/>\n<meta property=\"og:site_name\" content=\"Orthopus\" \/>\n<meta property=\"article:published_time\" content=\"2024-07-09T10:21:19+00:00\" \/>\n<meta property=\"article:modified_time\" content=\"2026-07-20T15:09:17+00:00\" \/>\n<meta property=\"og:image\" content=\"https:\/\/preprod.weasywyg.com\/wp-content\/uploads\/2026\/06\/IMG-250722-Nawaal-Akram.webp\" \/>\n\t<meta property=\"og:image:width\" content=\"1081\" \/>\n\t<meta property=\"og:image:height\" content=\"721\" \/>\n\t<meta property=\"og:image:type\" content=\"image\/webp\" \/>\n<meta name=\"author\" content=\"Mona Jamois\" \/>\n<meta name=\"twitter:card\" content=\"summary_large_image\" \/>\n<meta name=\"twitter:label1\" content=\"\u00c9crit par\" \/>\n\t<meta name=\"twitter:data1\" content=\"Mona Jamois\" \/>\n\t<meta name=\"twitter:label2\" content=\"Dur\u00e9e de lecture estim\u00e9e\" \/>\n\t<meta name=\"twitter:data2\" content=\"15 minutes\" \/>\n<script type=\"application\/ld+json\" class=\"yoast-schema-graph\">{\"@context\":\"https:\\\/\\\/schema.org\",\"@graph\":[{\"@type\":\"Article\",\"@id\":\"https:\\\/\\\/preprod.weasywyg.com\\\/fr\\\/2024\\\/07\\\/09\\\/traitement-maladie-neuromusculaire\\\/#article\",\"isPartOf\":{\"@id\":\"https:\\\/\\\/preprod.weasywyg.com\\\/fr\\\/2024\\\/07\\\/09\\\/traitement-maladie-neuromusculaire\\\/\"},\"author\":{\"name\":\"Mona Jamois\",\"@id\":\"https:\\\/\\\/preprod.weasywyg.com\\\/fr\\\/#\\\/schema\\\/person\\\/a7dcb2c9da462fd59f13f2258699ba9e\"},\"headline\":\"Traitement des maladies neuromusculaires : approches actuelles, innovations et accompagnement global\",\"datePublished\":\"2024-07-09T10:21:19+00:00\",\"dateModified\":\"2026-07-20T15:09:17+00:00\",\"mainEntityOfPage\":{\"@id\":\"https:\\\/\\\/preprod.weasywyg.com\\\/fr\\\/2024\\\/07\\\/09\\\/traitement-maladie-neuromusculaire\\\/\"},\"wordCount\":3414,\"commentCount\":0,\"publisher\":{\"@id\":\"https:\\\/\\\/preprod.weasywyg.com\\\/fr\\\/#organization\"},\"image\":{\"@id\":\"https:\\\/\\\/preprod.weasywyg.com\\\/fr\\\/2024\\\/07\\\/09\\\/traitement-maladie-neuromusculaire\\\/#primaryimage\"},\"thumbnailUrl\":\"https:\\\/\\\/preprod.weasywyg.com\\\/wp-content\\\/uploads\\\/2026\\\/06\\\/IMG-250722-Nawaal-Akram.webp\",\"articleSection\":[\"Sant\u00e9\"],\"inLanguage\":\"fr-FR\",\"potentialAction\":[{\"@type\":\"CommentAction\",\"name\":\"Comment\",\"target\":[\"https:\\\/\\\/preprod.weasywyg.com\\\/fr\\\/2024\\\/07\\\/09\\\/traitement-maladie-neuromusculaire\\\/#respond\"]}]},{\"@type\":\"WebPage\",\"@id\":\"https:\\\/\\\/preprod.weasywyg.com\\\/fr\\\/2024\\\/07\\\/09\\\/traitement-maladie-neuromusculaire\\\/\",\"url\":\"https:\\\/\\\/preprod.weasywyg.com\\\/fr\\\/2024\\\/07\\\/09\\\/traitement-maladie-neuromusculaire\\\/\",\"name\":\"Traitement des maladies neuromusculaires : approches actuelles, innovations et accompagnement global - Orthopus\",\"isPartOf\":{\"@id\":\"https:\\\/\\\/preprod.weasywyg.com\\\/fr\\\/#website\"},\"primaryImageOfPage\":{\"@id\":\"https:\\\/\\\/preprod.weasywyg.com\\\/fr\\\/2024\\\/07\\\/09\\\/traitement-maladie-neuromusculaire\\\/#primaryimage\"},\"image\":{\"@id\":\"https:\\\/\\\/preprod.weasywyg.com\\\/fr\\\/2024\\\/07\\\/09\\\/traitement-maladie-neuromusculaire\\\/#primaryimage\"},\"thumbnailUrl\":\"https:\\\/\\\/preprod.weasywyg.com\\\/wp-content\\\/uploads\\\/2026\\\/06\\\/IMG-250722-Nawaal-Akram.webp\",\"datePublished\":\"2024-07-09T10:21:19+00:00\",\"dateModified\":\"2026-07-20T15:09:17+00:00\",\"description\":\"D\u00e9couvrez les traitements des maladies neuromusculaires : solutions symptomatiques, th\u00e9rapies de fond, aides financi\u00e8res et innovations m\u00e9dicales.\",\"breadcrumb\":{\"@id\":\"https:\\\/\\\/preprod.weasywyg.com\\\/fr\\\/2024\\\/07\\\/09\\\/traitement-maladie-neuromusculaire\\\/#breadcrumb\"},\"inLanguage\":\"fr-FR\",\"potentialAction\":[{\"@type\":\"ReadAction\",\"target\":[\"https:\\\/\\\/preprod.weasywyg.com\\\/fr\\\/2024\\\/07\\\/09\\\/traitement-maladie-neuromusculaire\\\/\"]}]},{\"@type\":\"ImageObject\",\"inLanguage\":\"fr-FR\",\"@id\":\"https:\\\/\\\/preprod.weasywyg.com\\\/fr\\\/2024\\\/07\\\/09\\\/traitement-maladie-neuromusculaire\\\/#primaryimage\",\"url\":\"https:\\\/\\\/preprod.weasywyg.com\\\/wp-content\\\/uploads\\\/2026\\\/06\\\/IMG-250722-Nawaal-Akram.webp\",\"contentUrl\":\"https:\\\/\\\/preprod.weasywyg.com\\\/wp-content\\\/uploads\\\/2026\\\/06\\\/IMG-250722-Nawaal-Akram.webp\",\"width\":1081,\"height\":721,\"caption\":\"Photographie de Nawaal Akram\"},{\"@type\":\"BreadcrumbList\",\"@id\":\"https:\\\/\\\/preprod.weasywyg.com\\\/fr\\\/2024\\\/07\\\/09\\\/traitement-maladie-neuromusculaire\\\/#breadcrumb\",\"itemListElement\":[{\"@type\":\"ListItem\",\"position\":1,\"name\":\"Accueil\",\"item\":\"https:\\\/\\\/preprod.weasywyg.com\\\/fr\\\/\"},{\"@type\":\"ListItem\",\"position\":2,\"name\":\"Traitement des maladies neuromusculaires : approches actuelles, innovations et accompagnement global\"}]},{\"@type\":\"WebSite\",\"@id\":\"https:\\\/\\\/preprod.weasywyg.com\\\/fr\\\/#website\",\"url\":\"https:\\\/\\\/preprod.weasywyg.com\\\/fr\\\/\",\"name\":\"Orthopus\",\"description\":\"Handitech solutions for everyone\",\"publisher\":{\"@id\":\"https:\\\/\\\/preprod.weasywyg.com\\\/fr\\\/#organization\"},\"potentialAction\":[{\"@type\":\"SearchAction\",\"target\":{\"@type\":\"EntryPoint\",\"urlTemplate\":\"https:\\\/\\\/preprod.weasywyg.com\\\/fr\\\/?s={search_term_string}\"},\"query-input\":{\"@type\":\"PropertyValueSpecification\",\"valueRequired\":true,\"valueName\":\"search_term_string\"}}],\"inLanguage\":\"fr-FR\"},{\"@type\":\"Organization\",\"@id\":\"https:\\\/\\\/preprod.weasywyg.com\\\/fr\\\/#organization\",\"name\":\"Orthopus\",\"url\":\"https:\\\/\\\/preprod.weasywyg.com\\\/fr\\\/\",\"logo\":{\"@type\":\"ImageObject\",\"inLanguage\":\"fr-FR\",\"@id\":\"https:\\\/\\\/preprod.weasywyg.com\\\/fr\\\/#\\\/schema\\\/logo\\\/image\\\/\",\"url\":\"https:\\\/\\\/preprod.weasywyg.com\\\/wp-content\\\/uploads\\\/2026\\\/05\\\/logo.svg\",\"contentUrl\":\"https:\\\/\\\/preprod.weasywyg.com\\\/wp-content\\\/uploads\\\/2026\\\/05\\\/logo.svg\",\"caption\":\"Orthopus\"},\"image\":{\"@id\":\"https:\\\/\\\/preprod.weasywyg.com\\\/fr\\\/#\\\/schema\\\/logo\\\/image\\\/\"}},{\"@type\":\"Person\",\"@id\":\"https:\\\/\\\/preprod.weasywyg.com\\\/fr\\\/#\\\/schema\\\/person\\\/a7dcb2c9da462fd59f13f2258699ba9e\",\"name\":\"Mona Jamois\",\"image\":{\"@type\":\"ImageObject\",\"inLanguage\":\"fr-FR\",\"@id\":\"https:\\\/\\\/secure.gravatar.com\\\/avatar\\\/b5b462af4cf5722fbd017ef55b474709ff34d6030941c8c793bf9edf5d82b670?s=96&d=mm&r=g\",\"url\":\"https:\\\/\\\/secure.gravatar.com\\\/avatar\\\/b5b462af4cf5722fbd017ef55b474709ff34d6030941c8c793bf9edf5d82b670?s=96&d=mm&r=g\",\"contentUrl\":\"https:\\\/\\\/secure.gravatar.com\\\/avatar\\\/b5b462af4cf5722fbd017ef55b474709ff34d6030941c8c793bf9edf5d82b670?s=96&d=mm&r=g\",\"caption\":\"Mona Jamois\"},\"url\":\"https:\\\/\\\/preprod.weasywyg.com\\\/fr\\\/author\\\/orthopus-mona-26\\\/\"}]}<\/script>\n<!-- \/ Yoast SEO plugin. -->","yoast_head_json":{"title":"Traitement des maladies neuromusculaires : approches actuelles, innovations et accompagnement global - Orthopus","description":"D\u00e9couvrez les traitements des maladies neuromusculaires : solutions symptomatiques, th\u00e9rapies de fond, aides financi\u00e8res et innovations m\u00e9dicales.","robots":{"index":"noindex","follow":"follow","max-snippet":"max-snippet:-1","max-image-preview":"max-image-preview:large","max-video-preview":"max-video-preview:-1"},"og_locale":"fr_FR","og_type":"article","og_title":"Traitement des maladies neuromusculaires : approches actuelles, innovations et accompagnement global - Orthopus","og_description":"D\u00e9couvrez les traitements des maladies neuromusculaires : solutions symptomatiques, th\u00e9rapies de fond, aides financi\u00e8res et innovations m\u00e9dicales.","og_url":"https:\/\/preprod.weasywyg.com\/fr\/2024\/07\/09\/traitement-maladie-neuromusculaire\/","og_site_name":"Orthopus","article_published_time":"2024-07-09T10:21:19+00:00","article_modified_time":"2026-07-20T15:09:17+00:00","og_image":[{"width":1081,"height":721,"url":"https:\/\/preprod.weasywyg.com\/wp-content\/uploads\/2026\/06\/IMG-250722-Nawaal-Akram.webp","type":"image\/webp"}],"author":"Mona Jamois","twitter_card":"summary_large_image","twitter_misc":{"\u00c9crit par":"Mona Jamois","Dur\u00e9e de lecture estim\u00e9e":"15 minutes"},"schema":{"@context":"https:\/\/schema.org","@graph":[{"@type":"Article","@id":"https:\/\/preprod.weasywyg.com\/fr\/2024\/07\/09\/traitement-maladie-neuromusculaire\/#article","isPartOf":{"@id":"https:\/\/preprod.weasywyg.com\/fr\/2024\/07\/09\/traitement-maladie-neuromusculaire\/"},"author":{"name":"Mona Jamois","@id":"https:\/\/preprod.weasywyg.com\/fr\/#\/schema\/person\/a7dcb2c9da462fd59f13f2258699ba9e"},"headline":"Traitement des maladies neuromusculaires : approches actuelles, innovations et accompagnement global","datePublished":"2024-07-09T10:21:19+00:00","dateModified":"2026-07-20T15:09:17+00:00","mainEntityOfPage":{"@id":"https:\/\/preprod.weasywyg.com\/fr\/2024\/07\/09\/traitement-maladie-neuromusculaire\/"},"wordCount":3414,"commentCount":0,"publisher":{"@id":"https:\/\/preprod.weasywyg.com\/fr\/#organization"},"image":{"@id":"https:\/\/preprod.weasywyg.com\/fr\/2024\/07\/09\/traitement-maladie-neuromusculaire\/#primaryimage"},"thumbnailUrl":"https:\/\/preprod.weasywyg.com\/wp-content\/uploads\/2026\/06\/IMG-250722-Nawaal-Akram.webp","articleSection":["Sant\u00e9"],"inLanguage":"fr-FR","potentialAction":[{"@type":"CommentAction","name":"Comment","target":["https:\/\/preprod.weasywyg.com\/fr\/2024\/07\/09\/traitement-maladie-neuromusculaire\/#respond"]}]},{"@type":"WebPage","@id":"https:\/\/preprod.weasywyg.com\/fr\/2024\/07\/09\/traitement-maladie-neuromusculaire\/","url":"https:\/\/preprod.weasywyg.com\/fr\/2024\/07\/09\/traitement-maladie-neuromusculaire\/","name":"Traitement des maladies neuromusculaires : approches actuelles, innovations et accompagnement global - Orthopus","isPartOf":{"@id":"https:\/\/preprod.weasywyg.com\/fr\/#website"},"primaryImageOfPage":{"@id":"https:\/\/preprod.weasywyg.com\/fr\/2024\/07\/09\/traitement-maladie-neuromusculaire\/#primaryimage"},"image":{"@id":"https:\/\/preprod.weasywyg.com\/fr\/2024\/07\/09\/traitement-maladie-neuromusculaire\/#primaryimage"},"thumbnailUrl":"https:\/\/preprod.weasywyg.com\/wp-content\/uploads\/2026\/06\/IMG-250722-Nawaal-Akram.webp","datePublished":"2024-07-09T10:21:19+00:00","dateModified":"2026-07-20T15:09:17+00:00","description":"D\u00e9couvrez les traitements des maladies neuromusculaires : solutions symptomatiques, th\u00e9rapies de fond, aides financi\u00e8res et innovations m\u00e9dicales.","breadcrumb":{"@id":"https:\/\/preprod.weasywyg.com\/fr\/2024\/07\/09\/traitement-maladie-neuromusculaire\/#breadcrumb"},"inLanguage":"fr-FR","potentialAction":[{"@type":"ReadAction","target":["https:\/\/preprod.weasywyg.com\/fr\/2024\/07\/09\/traitement-maladie-neuromusculaire\/"]}]},{"@type":"ImageObject","inLanguage":"fr-FR","@id":"https:\/\/preprod.weasywyg.com\/fr\/2024\/07\/09\/traitement-maladie-neuromusculaire\/#primaryimage","url":"https:\/\/preprod.weasywyg.com\/wp-content\/uploads\/2026\/06\/IMG-250722-Nawaal-Akram.webp","contentUrl":"https:\/\/preprod.weasywyg.com\/wp-content\/uploads\/2026\/06\/IMG-250722-Nawaal-Akram.webp","width":1081,"height":721,"caption":"Photographie de Nawaal Akram"},{"@type":"BreadcrumbList","@id":"https:\/\/preprod.weasywyg.com\/fr\/2024\/07\/09\/traitement-maladie-neuromusculaire\/#breadcrumb","itemListElement":[{"@type":"ListItem","position":1,"name":"Accueil","item":"https:\/\/preprod.weasywyg.com\/fr\/"},{"@type":"ListItem","position":2,"name":"Traitement des maladies neuromusculaires : approches actuelles, innovations et accompagnement global"}]},{"@type":"WebSite","@id":"https:\/\/preprod.weasywyg.com\/fr\/#website","url":"https:\/\/preprod.weasywyg.com\/fr\/","name":"Orthopus","description":"Handitech solutions for everyone","publisher":{"@id":"https:\/\/preprod.weasywyg.com\/fr\/#organization"},"potentialAction":[{"@type":"SearchAction","target":{"@type":"EntryPoint","urlTemplate":"https:\/\/preprod.weasywyg.com\/fr\/?s={search_term_string}"},"query-input":{"@type":"PropertyValueSpecification","valueRequired":true,"valueName":"search_term_string"}}],"inLanguage":"fr-FR"},{"@type":"Organization","@id":"https:\/\/preprod.weasywyg.com\/fr\/#organization","name":"Orthopus","url":"https:\/\/preprod.weasywyg.com\/fr\/","logo":{"@type":"ImageObject","inLanguage":"fr-FR","@id":"https:\/\/preprod.weasywyg.com\/fr\/#\/schema\/logo\/image\/","url":"https:\/\/preprod.weasywyg.com\/wp-content\/uploads\/2026\/05\/logo.svg","contentUrl":"https:\/\/preprod.weasywyg.com\/wp-content\/uploads\/2026\/05\/logo.svg","caption":"Orthopus"},"image":{"@id":"https:\/\/preprod.weasywyg.com\/fr\/#\/schema\/logo\/image\/"}},{"@type":"Person","@id":"https:\/\/preprod.weasywyg.com\/fr\/#\/schema\/person\/a7dcb2c9da462fd59f13f2258699ba9e","name":"Mona Jamois","image":{"@type":"ImageObject","inLanguage":"fr-FR","@id":"https:\/\/secure.gravatar.com\/avatar\/b5b462af4cf5722fbd017ef55b474709ff34d6030941c8c793bf9edf5d82b670?s=96&d=mm&r=g","url":"https:\/\/secure.gravatar.com\/avatar\/b5b462af4cf5722fbd017ef55b474709ff34d6030941c8c793bf9edf5d82b670?s=96&d=mm&r=g","contentUrl":"https:\/\/secure.gravatar.com\/avatar\/b5b462af4cf5722fbd017ef55b474709ff34d6030941c8c793bf9edf5d82b670?s=96&d=mm&r=g","caption":"Mona Jamois"},"url":"https:\/\/preprod.weasywyg.com\/fr\/author\/orthopus-mona-26\/"}]}},"taxonomy_info":{"category":[{"value":8,"label":"Sant\u00e9"}]},"featured_image_src_large":["https:\/\/preprod.weasywyg.com\/wp-content\/uploads\/2026\/06\/IMG-250722-Nawaal-Akram-1024x683.webp",1024,683,true],"author_info":{"display_name":"Mona Jamois","author_link":"https:\/\/preprod.weasywyg.com\/fr\/author\/orthopus-mona-26\/"},"comment_info":0,"category_info":[{"term_id":8,"name":"Sant\u00e9","slug":"sante","term_group":0,"term_taxonomy_id":8,"taxonomy":"category","description":"","parent":0,"count":12,"filter":"raw","cat_ID":8,"category_count":12,"category_description":"","cat_name":"Sant\u00e9","category_nicename":"sante","category_parent":0}],"tag_info":false,"_links":{"self":[{"href":"https:\/\/preprod.weasywyg.com\/fr\/wp-json\/wp\/v2\/posts\/18987","targetHints":{"allow":["GET"]}}],"collection":[{"href":"https:\/\/preprod.weasywyg.com\/fr\/wp-json\/wp\/v2\/posts"}],"about":[{"href":"https:\/\/preprod.weasywyg.com\/fr\/wp-json\/wp\/v2\/types\/post"}],"author":[{"embeddable":true,"href":"https:\/\/preprod.weasywyg.com\/fr\/wp-json\/wp\/v2\/users\/2"}],"replies":[{"embeddable":true,"href":"https:\/\/preprod.weasywyg.com\/fr\/wp-json\/wp\/v2\/comments?post=18987"}],"version-history":[{"count":5,"href":"https:\/\/preprod.weasywyg.com\/fr\/wp-json\/wp\/v2\/posts\/18987\/revisions"}],"predecessor-version":[{"id":19420,"href":"https:\/\/preprod.weasywyg.com\/fr\/wp-json\/wp\/v2\/posts\/18987\/revisions\/19420"}],"wp:featuredmedia":[{"embeddable":true,"href":"https:\/\/preprod.weasywyg.com\/fr\/wp-json\/wp\/v2\/media\/18988"}],"wp:attachment":[{"href":"https:\/\/preprod.weasywyg.com\/fr\/wp-json\/wp\/v2\/media?parent=18987"}],"wp:term":[{"taxonomy":"category","embeddable":true,"href":"https:\/\/preprod.weasywyg.com\/fr\/wp-json\/wp\/v2\/categories?post=18987"},{"taxonomy":"post_tag","embeddable":true,"href":"https:\/\/preprod.weasywyg.com\/fr\/wp-json\/wp\/v2\/tags?post=18987"}],"curies":[{"name":"wp","href":"https:\/\/api.w.org\/{rel}","templated":true}]}}