{"id":19008,"date":"2024-10-17T15:04:44","date_gmt":"2024-10-17T13:04:44","guid":{"rendered":"https:\/\/preprod.weasywyg.com\/?p=19008"},"modified":"2026-07-20T17:15:58","modified_gmt":"2026-07-20T15:15:58","slug":"dystrophie-musculaire-de-becker","status":"publish","type":"post","link":"https:\/\/preprod.weasywyg.com\/fr\/2024\/10\/17\/dystrophie-musculaire-de-becker\/","title":{"rendered":"Dystrophie musculaire de Becker : comprendre, traiter et vivre avec la maladie"},"content":{"rendered":"\n<p class=\"wp-block-paragraph\">La <strong>dystrophie musculaire de Becker (DMB)<\/strong> est une maladie g\u00e9n\u00e9tique rare touchant le plus souvent les muscles squelettiques et le c\u0153ur. Cette pathologie provoque une faiblesse musculaire progressive, qui entra\u00eene une diminution de l\u2019autonomie et de la capacit\u00e9 \u00e0 se mouvoir, ce qui engendre un besoin d\u2019assistance technique ou m\u00e9dicale.<\/p>\n\n\n\n<p class=\"wp-block-paragraph\">La dystrophie musculaire de Becker est li\u00e9e \u00e0 une mutation de l\u2019adn du g\u00e8ne DMD, responsable de la production d\u2019une prot\u00e9ine appel\u00e9e dystrophine. Des parties de la s\u00e9quence d&rsquo;ADN du g\u00e8ne, appel\u00e9s nucl\u00e9otides, vont \u00eatre modifi\u00e9es. Cela va entra\u00eener une modifications des s\u00e9quences codantes de l&rsquo;ADN, appel\u00e9s exon.\u00a0Le complexe permettant de lire l&rsquo;ADN et de synth\u00e9tiser la prot\u00e9ine ne va alors plus reconnaitre certaines s\u00e9quences \u00e0 l&rsquo;origine de la production de la dystrophine. Dans le cas de la dystrophie de Becker, une version partiellement fonctionnelle de cette prot\u00e9ine est produite, ce qui explique une progression plus lente que dans la dystrophie de Duchenne, une forme plus grave de myopathie.<\/p>\n\n\n\n<p class=\"wp-block-paragraph\">Bien que les sympt\u00f4mes varient d\u2019une personne \u00e0 l\u2019autre, la DMB n\u00e9cessite une prise en charge multidisciplinaire, allant des traitements m\u00e9dicamenteux \u00e0 des solutions technologiques. Vivre avec la dystrophie musculaire de Becker, c\u2019est aussi apprendre \u00e0 anticiper les besoins, \u00e0 s\u2019adapter et \u00e0 s\u2019appuyer sur les nombreuses solutions aujourd\u2019hui disponibles.<\/p>\n\n\n\n<h2 class=\"wp-block-heading\">Qu\u2019est-ce que la dystrophie musculaire de Becker ?<\/h2>\n\n\n\n<p class=\"wp-block-paragraph\">La dystrophie musculaire de Becker est une <strong>maladie neuromusculaire g\u00e9n\u00e9tique rare<\/strong> qui touche environ 1 gar\u00e7on sur 18000 \u00e0 30000 naissances. Elle appartient au groupe des dystrophies musculaires dues \u00e0 une anomalie du g\u00e8ne DMD localis\u00e9 sur le chromosome X.&nbsp;<\/p>\n\n\n\n<p class=\"wp-block-paragraph\">La dystrophine, prot\u00e9ine structurale qui maintient la stabilit\u00e9 des cellules musculaires , voit alors sa structure ou sa quantit\u00e9 modifi\u00e9es.&nbsp;<\/p>\n\n\n\n<p class=\"wp-block-paragraph\">Ce g\u00e8ne produit pour la <strong>dystrophine<\/strong>, une prot\u00e9ine structurale qui maintient la stabilit\u00e9 des cellules musculaires. En cas de DMB, une forme <strong>tronqu\u00e9e mais encore partiellement fonctionnelle de cette prot\u00e9ine<\/strong> est produite. La Dystrophie musculaire de Duchenne, quant \u00e0 elle, ne produit \u00e9galement pas ou peu de dystrophine. Les deux sont ce que l\u2019on appelle des dystrophinopathies.<\/p>\n\n\n\n<p class=\"wp-block-paragraph\">Cette pathologie est transmise selon un mode <strong>r\u00e9cessif li\u00e9 au sexe<\/strong>, c\u2019est-\u00e0-dire qu\u2019il faut deux copies du g\u00e8ne pour que la maladie s\u2019exprime. Les femmes peuvent \u00eatre porteuses sans pr\u00e9senter de sympt\u00f4mes, car elles ne poss\u00e8dent qu\u2019un chromosome X et le chromosome Y est souvent dominant. \u00c0 l\u2019inverse, les gar\u00e7ons d\u00e9veloppent la maladie s\u2019ils h\u00e9ritent des chromosomes X mut\u00e9s.<\/p>\n\n\n\n<p class=\"wp-block-paragraph\">Le d\u00e9but des sympt\u00f4mes est variable : g\u00e9n\u00e9ralement entre 5 et 15 ans. Certains cas peuvent appara\u00eetre plus tard, \u00e0 l\u2019\u00e2ge adulte, ce qui peut rendre le diagnostic parfois difficile.<\/p>\n\n\n\n<p class=\"wp-block-paragraph\">L\u2019\u00e9volution de la maladie est lente mais continue, contrairement \u00e0 la dystrophie musculaire de Duchenne, qui est beaucoup plus rapide. Tout d\u2019abord, les muscles du bassin et des membres inf\u00e9rieurs sont affect\u00e9s, puis ils sont suivis progressivement par d\u2019autres groupes musculaires. <strong>Le c\u0153ur<\/strong> est \u00e9galement concern\u00e9, ce qui peut entra\u00eener des complications cardiaques \u00e0 surveiller.<\/p>\n\n\n\n<figure class=\"wp-block-image size-full\"><img decoding=\"async\" src=\"https:\/\/preprod.weasywyg.com\/wp-content\/uploads\/2026\/07\/SCH-250806-Schema-dystrophies.webp\" alt=\"\" class=\"wp-image-19012\"\/><\/figure>\n\n\n\n<p class=\"wp-block-paragraph\"><em>\ud83d\udccc <strong>Sch\u00e9ma explicatif comparant une cellule musculaire saine, une cellule atteinte de DMD et une cellule atteinte de DMB.<\/strong><\/em><\/p>\n\n\n\n<p class=\"wp-block-paragraph\">Chez les personnes vivant avec la Dystrophie musculaire de Duchenne, la production de dystrophine est impossible \u00e0 cause de la mutation g\u00e9n\u00e9tique. Cela fragilise la membrane musculaire et provoque des d\u00e9g\u00e2ts plus importants \u00e0 chaque mouvement. Dans le cas de la Dystrophie musculaire de Becker, la dystrophine est produite, mais en faible quantit\u00e9 ou de fa\u00e7on tronqu\u00e9, ce qui permet de maintenir la membrane musculaire partiellement intacte.<\/p>\n\n\n\n<h2 class=\"wp-block-heading\">Quels sont les sympt\u00f4mes et l\u2019\u00e9volution de la dystrophie musculaire de Becker ?<\/h2>\n\n\n\n<p class=\"wp-block-paragraph\">Les premiers signes de la DMB sont souvent peu sp\u00e9cifiques. Les parents ou enseignants peuvent remarquer que l\u2019enfant se fatigue rapidement, court moins vite ou a du mal \u00e0 monter les escaliers.<\/p>\n\n\n\n<h3 class=\"wp-block-heading\">Principaux sympt\u00f4mes observ\u00e9s :<\/h3>\n\n\n\n<ul class=\"wp-block-list\">\n<li><strong>Fatigue musculaire anormale<\/strong>, surtout apr\u00e8s l\u2019effort<\/li>\n\n\n\n<li><strong>Crampes fr\u00e9quentes<\/strong>, souvent douloureuses<\/li>\n\n\n\n<li><strong>Faiblesse musculaire progressive<\/strong><\/li>\n\n\n\n<li>Difficult\u00e9s \u00e0 courir, sauter ou \u00e0 se relever du sol<\/li>\n\n\n\n<li>Modifications de la d\u00e9marche ou chutes fr\u00e9quentes<\/li>\n<\/ul>\n\n\n\n<blockquote class=\"wp-block-quote is-layout-flow wp-block-quote-is-layout-flow\">\n<p class=\"wp-block-paragraph\"><em>\u00ab Elle [la dystrophie musculaire de Becker] se manifeste par une faiblesse musculaire pr\u00e9dominant aux membres inf\u00e9rieurs (fatigue \u00e0 la marche, g\u00eane pour courir, sauter, monter des escaliers) qui appara\u00eet dans l&rsquo;enfance ou l&rsquo;adolescence, voire plus tard. S&rsquo;y associent souvent des douleurs musculaires et des crampes. \u00bb<\/em> \u2014 <a href=\"https:\/\/www.afm-telethon.fr\/fr\/fiches-maladies\/dystrophie-musculaire-de-becker\" target=\"_blank\" rel=\"noreferrer noopener\">AFM-T\u00e9l\u00e9thon<\/a><\/p>\n<\/blockquote>\n\n\n\n<figure class=\"wp-block-embed is-type-video is-provider-tiktok wp-block-embed-tiktok\"><div class=\"wp-block-embed__wrapper\">\n<blockquote class=\"tiktok-embed\" cite=\"https:\/\/www.tiktok.com\/@medecinsconnaisseurs\/video\/7264365188063841538\" data-video-id=\"7264365188063841538\" data-embed-from=\"oembed\" style=\"max-width:605px; min-width:325px;\"> <section> <a target=\"_blank\" title=\"@medecinsconnaisseurs\" href=\"https:\/\/www.tiktok.com\/@medecinsconnaisseurs?refer=embed\">@medecinsconnaisseurs<\/a> <p>\ud83c\udfa5 Une vid\u00e9o sp\u00e9ciale sur la Dystrophie Musculaire de Becker vous attend ! \ud83d\udcaa\ud83d\udc99 Tags: <a title=\"medicalstudents\" target=\"_blank\" href=\"https:\/\/www.tiktok.com\/tag\/medicalstudents?refer=embed\">#medicalstudents<\/a> <a title=\"selfcare\" target=\"_blank\" href=\"https:\/\/www.tiktok.com\/tag\/selfcare?refer=embed\">#selfcare<\/a> <a title=\"lifestyle\" target=\"_blank\" href=\"https:\/\/www.tiktok.com\/tag\/lifestyle?refer=embed\">#lifestyle<\/a> <a title=\"healthy\" target=\"_blank\" href=\"https:\/\/www.tiktok.com\/tag\/healthy?refer=embed\">#healthy<\/a> <a title=\"etudiant\" target=\"_blank\" href=\"https:\/\/www.tiktok.com\/tag\/etudiant?refer=embed\">#etudiant<\/a> <a title=\"students\" target=\"_blank\" href=\"https:\/\/www.tiktok.com\/tag\/students?refer=embed\">#students<\/a> <a title=\"vlog\" target=\"_blank\" href=\"https:\/\/www.tiktok.com\/tag\/vlog?refer=embed\">#vlog<\/a> <a title=\"university\" target=\"_blank\" href=\"https:\/\/www.tiktok.com\/tag\/university?refer=embed\">#university<\/a> <a title=\"medco\" target=\"_blank\" href=\"https:\/\/www.tiktok.com\/tag\/medco?refer=embed\">#medco<\/a> <a title=\"hospital\" target=\"_blank\" href=\"https:\/\/www.tiktok.com\/tag\/hospital?refer=embed\">#hospital<\/a> <a title=\"medstudent\" target=\"_blank\" href=\"https:\/\/www.tiktok.com\/tag\/medstudent?refer=embed\">#medstudent<\/a> <a title=\"sensibilisation\" target=\"_blank\" href=\"https:\/\/www.tiktok.com\/tag\/sensibilisation?refer=embed\">#Sensibilisation<\/a> <a title=\"comprendreetsoutenir\" target=\"_blank\" href=\"https:\/\/www.tiktok.com\/tag\/comprendreetsoutenir?refer=embed\">#ComprendreEtSoutenir<\/a> <a title=\"viral\" target=\"_blank\" href=\"https:\/\/www.tiktok.com\/tag\/viral?refer=embed\">#viral<\/a> <a title=\"foryou\" target=\"_blank\" href=\"https:\/\/www.tiktok.com\/tag\/foryou?refer=embed\">#foryou<\/a> <a title=\"sensibilisation\" target=\"_blank\" href=\"https:\/\/www.tiktok.com\/tag\/sensibilisation?refer=embed\">#Sensibilisation<\/a> <a title=\"solidarit\u00e9\" target=\"_blank\" href=\"https:\/\/www.tiktok.com\/tag\/solidarit%C3%A9?refer=embed\">#Solidarit\u00e9<\/a> <a title=\"dystrophiemusculairedebecker\" target=\"_blank\" href=\"https:\/\/www.tiktok.com\/tag\/dystrophiemusculairedebecker?refer=embed\">#DystrophieMusculaireDeBecker<\/a> <a title=\"espoir\" target=\"_blank\" href=\"https:\/\/www.tiktok.com\/tag\/espoir?refer=embed\">#Espoir<\/a> <a title=\"foryou\" target=\"_blank\" href=\"https:\/\/www.tiktok.com\/tag\/foryou?refer=embed\">#foryou<\/a> <a title=\"pourtoi\" target=\"_blank\" href=\"https:\/\/www.tiktok.com\/tag\/pourtoi?refer=embed\">#pourtoi<\/a> <\/p> <a target=\"_blank\" title=\"\u266c All Eyes On Me - Instrumental - Dj Belite\" href=\"https:\/\/www.tiktok.com\/music\/All-Eyes-On-Me-Instrumental-7182781797455890434?refer=embed\">\u266c All Eyes On Me &#8211; Instrumental &#8211; Dj Belite<\/a> <\/section> <\/blockquote> <script async src=\"https:\/\/www.tiktok.com\/embed.js\"><\/script>\n<\/div><\/figure>\n\n\n\n<p class=\"has-text-align-center wp-block-paragraph\"><em>\ud83d\udccc <strong>Vid\u00e9o expliquant les premiers sympt\u00f4mes et la progression de la maladie.<\/strong><\/em><\/p>\n\n\n\n<h3 class=\"wp-block-heading\">Impact sur la mobilit\u00e9 et les fonctions cardiaques<\/h3>\n\n\n\n<p class=\"wp-block-paragraph\">Au fur et \u00e0 mesure que la myopathie progresse, la faiblesse musculaire entra\u00eene une <strong>perte d\u2019autonomie motrice<\/strong>. Ce sont d\u2019abord les muscles du bassin et des jambes qui sont affect\u00e9s, puis ils sont suivis par ceux des bras et du tronc.<\/p>\n\n\n\n<p class=\"wp-block-paragraph\">L\u2019atteinte cardiaque est \u00e9galement fr\u00e9quente. On parle alors de <strong>cardiomyopathie<\/strong>, une pathologie qui fragilise les parois du c\u0153ur, pouvant entra\u00eener une insuffisance cardiaque si elle n\u2019est pas prise en charge.<\/p>\n\n\n\n<p class=\"wp-block-paragraph\">Les sympt\u00f4mes cardiaques peuvent inclure :<\/p>\n\n\n\n<ul class=\"wp-block-list\">\n<li>Essoufflement \u00e0 l\u2019effort<\/li>\n\n\n\n<li>Palpitations<\/li>\n\n\n\n<li>Baisse de la tol\u00e9rance \u00e0 l\u2019effort<\/li>\n\n\n\n<li>Fatigue g\u00e9n\u00e9rale<\/li>\n<\/ul>\n\n\n\n<h3 class=\"wp-block-heading\">Dystrophie de Becker vs Dystrophie de Duchenne : quelles diff\u00e9rences ?<\/h3>\n\n\n\n<figure class=\"wp-block-table\"><table class=\"has-fixed-layout\"><tbody><tr><td><strong>Caract\u00e9ristiques<\/strong><\/td><td><strong>Dystrophie de Duchenne (DMD)<\/strong><\/td><td><strong>Dystrophie de Becker (DMB)<\/strong><\/td><\/tr><tr><td>\u00c2ge d\u2019apparition des sympt\u00f4mes<\/td><td><a href=\"https:\/\/www.msdmanuals.com\/fr\/professional\/p%C3%A9diatrie\/troubles-musculaires-h%C3%A9r%C3%A9ditaires\/dystrophie-musculaire-de-duchenne-et-de-becker#Diagnostic_v12784698_fr\" target=\"_blank\" rel=\"noreferrer noopener\">Avant 5 ans<\/a><\/td><td><a href=\"https:\/\/www.has-sante.fr\/upload\/docs\/application\/pdf\/2019-11\/pnds_becker_def.pdf\" target=\"_blank\" rel=\"noreferrer noopener\">G\u00e9n\u00e9ralement \u00e0 partir de 12 ans<\/a><\/td><\/tr><tr><td><a href=\"https:\/\/www.msdmanuals.com\/fr\/professional\/p%C3%A9diatrie\/troubles-musculaires-h%C3%A9r%C3%A9ditaires\/dystrophie-musculaire-de-duchenne-et-de-becker#Diagnostic_v12784698_fr\" target=\"_blank\" rel=\"noreferrer noopener\">Production de dystrophine<\/a><\/td><td>Absente<\/td><td>Partielle mais fonctionnelle<\/td><\/tr><tr><td><a href=\"https:\/\/www.msdmanuals.com\/fr\/professional\/p%C3%A9diatrie\/troubles-musculaires-h%C3%A9r%C3%A9ditaires\/dystrophie-musculaire-de-duchenne-et-de-becker#Diagnostic_v12784698_fr\" target=\"_blank\" rel=\"noreferrer noopener\">Perte de la marche<\/a><\/td><td>Avant l\u2019\u00e2ge de 12 ans<\/td><td>Apr\u00e8s l\u2019adolescence, parfois jamais<\/td><\/tr><\/tbody><\/table><\/figure>\n\n\n\n<h2 class=\"wp-block-heading\">Causes g\u00e9n\u00e9tiques et transmission<\/h2>\n\n\n\n<p class=\"wp-block-paragraph\">La <strong>dystrophie musculaire de Becker<\/strong> est caus\u00e9e par une mutation du <strong>g\u00e8ne DMD<\/strong>, situ\u00e9 sur le chromosome X. Ce g\u00e8ne est responsable de la production de <strong>dystrophine<\/strong>, une prot\u00e9ine impliqu\u00e9e dans la structure et la protection des fibres musculaires.<\/p>\n\n\n\n<p class=\"wp-block-paragraph\">Chez les personnes concern\u00e9es, la mutation ne bloque pas totalement la fabrication de la dystrophine, mais elle la rend un peu moins efficace : elle n\u2019est pas totalement absente comme dans la dystrophie musculaire de Duchenne. La dystrophie musculaire de Becker, elle,&nbsp; permet une production <strong>r\u00e9siduelle de dystrophine<\/strong>, d\u2019o\u00f9 une atteinte plus mod\u00e9r\u00e9e. C\u2019est-\u00e0-dire que plus il y a de dystrophine moins il y a de sympt\u00f4mes.<\/p>\n\n\n\n<h3 class=\"wp-block-heading\">Transmission g\u00e9n\u00e9tique :<\/h3>\n\n\n\n<ul class=\"wp-block-list\">\n<li>La DMB suit un <strong>mode r\u00e9cessif li\u00e9 \u00e0 l\u2019X<\/strong>.<\/li>\n\n\n\n<li>Les <strong>femmes porteuses<\/strong> peuvent transmettre le g\u00e8ne mut\u00e9 \u00e0 leurs enfants<\/li>\n\n\n\n<li>Les <strong>gar\u00e7ons<\/strong> ayant h\u00e9rit\u00e9 du chromosome X mut\u00e9 seront atteints<\/li>\n<\/ul>\n\n\n\n<p class=\"wp-block-paragraph\">Un <a href=\"https:\/\/www.afm-telethon.fr\/fr\/vivre-avec-la-maladie\/je-m-informe-sur-les-maladies\/comprendre-les-maladies-genetiques\/consultation-genetique\" target=\"_blank\" rel=\"noreferrer noopener\"><strong>conseil g\u00e9n\u00e9tique<\/strong><\/a> est fortement souhaitable pour les familles concern\u00e9es. Il permet d\u2019\u00e9valuer les risques de transmission et de proposer un diagnostic pr\u00e9natal ou un d\u00e9pistage g\u00e9n\u00e9tique familial.<\/p>\n\n\n<div class=\"orthopus-poulpe-tip wp-block-orthopus-poulpe-tip\">\n\t\t<div class=\"poulpe-tip__icon\" aria-hidden=\"true\">\n\t\t<span class=\"poulpe-tip__icon-placeholder\">\ud83d\udc19<\/span>\n\t<\/div>\n\n\t<div class=\"poulpe-tip__content\">\n\t\t\t\t\t<p class=\"poulpe-tip__title\">Le point vocab&rsquo; du poulpe :<\/p>\n\t\t\t\t\t\t\t<p class=\"poulpe-tip__body\">Un conseil g\u00e9n\u00e9tique est un accompagnement m\u00e9dical et psychologique propos\u00e9 aux personnes ou familles \u00e0 risque de d\u00e9velopper une maladie g\u00e9n\u00e9tique (par exemple, la dystrophie musculaire de Becker). Son objectif est d\u2019informer, d\u2019\u00e9valuer les risques de transmission, et d\u2019\u00eatre aid\u00e9 \u00e0 prendre des d\u00e9cisions \u00e9clair\u00e9es en mati\u00e8re de sant\u00e9 ou de reproduction.<br><br><strong>Qu&rsquo;est-ce que \u00e7a implique ? <\/strong><br><br>Lors d\u2019un conseil g\u00e9n\u00e9tique, on peut :<br>\u2022 \u00c9tudier l\u2019histoire familiale.<br>\u2022 \u00c9valuer les risques de transmission de la maladie \u00e0 la descendance.<br>\u2022 Expliquer les options disponibles, comme :<br>\u27a1\ufe0f Le diagnostic pr\u00e9natal (DPN) : test r\u00e9alis\u00e9 durant la grossesse afin de savoir si le f\u0153tus est atteint.<br>\u27a1\ufe0f Le diagnostic pr\u00e9implantatoire (DPI) : utilis\u00e9 lors d\u2019une f\u00e9condation in vitro (FIV), pour implanter uniquement des embryons non porteurs.<br>\u27a1\ufe0f Le d\u00e9pistage g\u00e9n\u00e9tique familial : tests propos\u00e9s \u00e0 d\u2019autres membres de la famille pour savoir s\u2019ils sont porteurs.<br><br><strong>Qui r\u00e9alis\u00e9 \u00e7a en France ? <\/strong><br><br>Ce sont les centres de g\u00e9n\u00e9tique m\u00e9dicale ou centres de r\u00e9f\u00e9rence des maladies rares qui s\u2019en occupent. Ils regroupent :<br>\u2022\u00a0Des g\u00e9n\u00e9ticiens m\u00e9dicaux<br>\u2022\u00a0Des conseillers en g\u00e9n\u00e9tique<br>\u2022 Des psychologues, pour accompagner l\u2019annonce et les d\u00e9cisions<br>En r\u00e8gle g\u00e9n\u00e9rale, ils sont rattach\u00e9s \u00e0 des h\u00f4pitaux universitaires (CHU) ou \u00e0 des \u00e9tablissements sp\u00e9cialis\u00e9s. L\u2019<a href=\"https:\/\/www.afm-telethon.fr\/fr\" target=\"_blank\" rel=\"noreferrer noopener\">AFM-T\u00e9l\u00e9thon<\/a>\u00a0peut \u00e9galement orienter les familles vers les bons services ou les accompagner dans leurs d\u00e9marches.<\/p>\n\t\t\t<\/div>\n<\/div>\n\n\n\n<h2 class=\"wp-block-heading\">Quels sont les traitements existants pour la dystrophie musculaire de Becker ?<\/h2>\n\n\n\n<p class=\"wp-block-paragraph\">\u00c0 ce jour, <strong>aucun traitement ne permet de gu\u00e9rir<\/strong> la dystrophie musculaire de Becker. Toutefois, des approches combin\u00e9es permettent de ralentir l\u2019\u00e9volution de la maladie, de pr\u00e9server la mobilit\u00e9, et d&rsquo;am\u00e9liorer la qualit\u00e9 de vie.<\/p>\n\n\n\n<p class=\"wp-block-paragraph\">La prise en charge repose sur une <strong>approche pluridisciplinaire<\/strong>, associant traitements m\u00e9dicamenteux, r\u00e9\u00e9ducation, surveillance cardiaque, et aides techniques.<\/p>\n\n\n\n<h3 class=\"wp-block-heading\">Approche m\u00e9dicamenteuse et traitements actuels<\/h3>\n\n\n\n<figure class=\"wp-block-table\"><table class=\"has-fixed-layout\"><tbody><tr><td><strong>Traitement<\/strong><\/td><td><strong>Objectif principal<\/strong><\/td><td><strong>Statut actuel<\/strong><\/td><\/tr><tr><td><a href=\"https:\/\/www.msdmanuals.com\/fr\/accueil\/multimedia\/table\/cortico%C3%AFdes-utilisations-et-effets-secondaires\" target=\"_blank\" rel=\"noreferrer noopener\"><strong>Corticost\u00e9ro\u00efdes<\/strong><\/a><\/td><td>Ralentir la perte de force musculaire<\/td><td>Utilis\u00e9s couramment<\/td><\/tr><tr><td><a href=\"https:\/\/fr.wikipedia.org\/wiki\/Inhibiteur_de_l%27enzyme_de_conversion\" target=\"_blank\" rel=\"noreferrer noopener\"><strong>Inhibiteurs de l\u2019enzyme de conversion (IEC)<\/strong><\/a><\/td><td>Pr\u00e9server la fonction cardiaque<\/td><td>Prescrits en cas de cardiomyopathie<\/td><\/tr><tr><td><a href=\"https:\/\/www.cbip.be\/fr\/chapters\/2?frag=570\" target=\"_blank\" rel=\"noreferrer noopener\"><strong>B\u00eata-bloquants<\/strong><\/a><\/td><td>R\u00e9duire les risques cardiaques<\/td><td>Utilis\u00e9s selon le profil<\/td><\/tr><tr><td><a href=\"https:\/\/www.medecinesciences.org\/en\/articles\/medsci\/full_html\/2004\/10\/medsci20042012p1163\/medsci20042012p1163.html\" target=\"_blank\" rel=\"noreferrer noopener\"><strong>Saut d&rsquo;exon<\/strong><\/a><\/td><td>Corriger la lecture du g\u00e8ne DMD<\/td><td>En d\u00e9veloppement<\/td><\/tr><tr><td><a href=\"https:\/\/www.afm-telethon.fr\/fr\/termes\/therapie-genique#:~:text=La%20th%C3%A9rapie%20g%C3%A9nique%20repose%20sur,plus%20fr%C3%A9quentes%20comme%20les%20cancers.\" target=\"_blank\" rel=\"noreferrer noopener\"><strong>Th\u00e9rapie g\u00e9nique<\/strong><\/a><\/td><td>Restaurer la production de dystrophine<\/td><td>En phase d\u2019essais<\/td><\/tr><\/tbody><\/table><\/figure>\n\n\n\n<p class=\"wp-block-paragraph\">Ces traitements permettent, dans certains cas, de stabiliser les fonctions musculaires ou cardiaques sur plusieurs ann\u00e9es. Leur efficacit\u00e9 d\u00e9pend du <strong>stade de la maladie<\/strong> et des caract\u00e9ristiques g\u00e9n\u00e9tiques de la personne ayant un handicap.<\/p>\n\n\n\n<h3 class=\"wp-block-heading\">Suivi m\u00e9dical et prise en charge pluridisciplinaire<\/h3>\n\n\n\n<p class=\"wp-block-paragraph\">Le suivi de la DMB repose sur une \u00e9quipe m\u00e9dicale coordonn\u00e9e, qui adapte au mieux le parcours en fonction de l\u2019\u00e9volution. Cela comprend :<\/p>\n\n\n\n<ul class=\"wp-block-list\">\n<li><strong>Kin\u00e9sith\u00e9rapie r\u00e9guli\u00e8re<\/strong><\/li>\n\n\n\n<li><strong>Orthophonie<\/strong><\/li>\n\n\n\n<li><strong>Cardiologie<\/strong><\/li>\n\n\n\n<li><strong>Pneumologie<\/strong><\/li>\n<\/ul>\n\n\n\n<p class=\"wp-block-paragraph\">La fr\u00e9quence et l\u2019intensit\u00e9 des soins sont ajust\u00e9es \u00e0 chaque \u00e9tape de la maladie.<\/p>\n\n\n\n<figure class=\"wp-block-image size-full\"><img decoding=\"async\" src=\"https:\/\/preprod.weasywyg.com\/wp-content\/uploads\/2026\/07\/SCH-250806-parcours-de-soins-dystrophie-musculaire-becker-1.webp\" alt=\"\" class=\"wp-image-19016\"\/><\/figure>\n\n\n\n<p class=\"wp-block-paragraph\"><em><strong>\ud83d\udccc Sch\u00e9ma du parcours de soins avec les diff\u00e9rents sp\u00e9cialistes impliqu\u00e9s.<\/strong><\/em><\/p>\n\n\n\n<h3 class=\"wp-block-heading\">Innovations technologiques dans le traitement<\/h3>\n\n\n\n<p class=\"wp-block-paragraph\">Les solutions technologiques prennent une place importante dans la prise en charge de la Dystrophie musculaire de Becker. Plusieurs innovations facilitent le quotidien :<\/p>\n\n\n\n<ul class=\"wp-block-list\">\n<li><a href=\"https:\/\/preprod.weasywyg.com\/assistants-robotiques\/\"><strong>Dispositifs robotiques d\u2019assistance<\/strong><\/a><\/li>\n\n\n\n<li><strong>Exosquelettes<\/strong><\/li>\n\n\n\n<li><strong>Interfaces num\u00e9riques<\/strong><\/li>\n<\/ul>\n\n\n\n<h4 class=\"wp-block-heading\">Avantages des technologies d\u2019assistance :<\/h4>\n\n\n\n<ul class=\"wp-block-list\">\n<li>Compensation des pertes fonctionnelles<\/li>\n\n\n\n<li>R\u00e9duction de l\u2019effort musculaire<\/li>\n\n\n\n<li><strong>Maintien de l\u2019autonomie dans les gestes du quotidien<\/strong><\/li>\n\n\n\n<li>Adaptation \u00e9volutive selon le stade de la maladie<\/li>\n<\/ul>\n\n\n\n<p class=\"wp-block-paragraph\">Ces innovations ne remplacent pas les traitements m\u00e9dicaux, mais elles les <strong>compl\u00e8tent efficacement<\/strong> et am\u00e9liorent consid\u00e9rablement la qualit\u00e9 de vie.<\/p>\n\n\n\n<p class=\"wp-block-paragraph\">\u00c0 <a href=\"https:\/\/preprod.weasywyg.com\/a-propos\/\">ORTHOPUS<\/a>, nous concevons des <a href=\"https:\/\/preprod.weasywyg.com\/assistants-robotiques\/\">solutions robotiques<\/a> qui permettent aux personnes en situation de handicap de retrouver une certaine partie de leur autonomie : manger seul, travailler sur un ordinateur ou interagir plus facilement avec leur environnement et leur entourage.<\/p>\n\n\n\n<h2 class=\"wp-block-heading\">Perspectives futures et recherche sur la dystrophie musculaire de Becker<\/h2>\n\n\n\n<p class=\"wp-block-paragraph\">La recherche sur la <strong>dystrophie musculaire de Becker<\/strong> a fait des avanc\u00e9es consid\u00e9rables. Si l\u2019on parvient actuellement \u00e0 freiner l\u2019\u00e9volution de la maladie avec les traitements disponibles, l\u2019objectif des \u00e9quipes de chercheur\u2022euses est de corriger la cause g\u00e9n\u00e9tique, afin de restaurer la fonction du muscle.<\/p>\n\n\n\n<p class=\"wp-block-paragraph\">Les progr\u00e8s des derni\u00e8res ann\u00e9es sont remarquables, comme le montre le travail sur la g\u00e9nomique (\u00e9tude du patrimoine g\u00e9n\u00e9tique d\u2019un organisme), la biotechnologie (qui consiste \u00e0 exploiter des cellules pour la fabrication de produits m\u00e9dicaux utiles \u00e0 l\u2019Homme) ou encore l\u2019intelligence artificielle.<\/p>\n\n\n\n<figure class=\"wp-block-image size-full\"><img decoding=\"async\" src=\"https:\/\/preprod.weasywyg.com\/wp-content\/uploads\/2026\/07\/SCH-250806-Progres-des-dernieres-annees.webp\" alt=\"\" class=\"wp-image-19017\"\/><\/figure>\n\n\n\n<h3 class=\"wp-block-heading\">Avanc\u00e9es en recherche g\u00e9n\u00e9tique et m\u00e9dicamenteuse<\/h3>\n\n\n\n<p class=\"wp-block-paragraph\">Les laboratoires sp\u00e9cialis\u00e9s dans les maladies neuromusculaires travaillent sur diff\u00e9rentes approches innovantes :<\/p>\n\n\n\n<ul class=\"wp-block-list\">\n<li><strong>Th\u00e9rapie g\u00e9nique<\/strong> : introduire une copie fonctionnelle du g\u00e8ne DMD dans les cellules musculaires par l\u2019interm\u00e9diaire d\u2019un vecteur viral (virus modifi\u00e9, servant \u00e0 transporter un g\u00e8ne \u00e0 l\u2019int\u00e9rieur des cellules). Cela permet la production d\u2019une dystrophine miniature, mais fonctionnelle.<br><\/li>\n\n\n\n<li><strong>Exon skipping<\/strong> : technique qui masque une partie d\u2019un g\u00e8ne mut\u00e9 pour r\u00e9tablir une lecture partielle correcte du g\u00e8ne. Cela permet la synth\u00e8se d\u2019une dystrophine plus stable.<br><\/li>\n\n\n\n<li><strong>\u00c9dition du g\u00e9nome (CRISPR-Cas9)<\/strong> : modification directe de l\u2019ADN d\u00e9fectueux. Bien que prometteuse, cette technique n\u00e9cessite des validations suppl\u00e9mentaires pour garantir sa s\u00e9curit\u00e9. En effet, parfois, CRISPR coupe au mauvais endroit dans l\u2019ADN, ce qui pourrait provoquer d\u2019autres probl\u00e8mes (ou mutations non voulues : effets \u00ab\u00a0hors cible\u00a0\u00bb). De plus, une fois l\u2019ADN sectionn\u00e9, le corps doit le r\u00e9parer, mais cette \u00e9tape peut \u00eatre impr\u00e9visible et ne pas toujours bien fonctionner. On ne sait pas encore comment les cellules modifi\u00e9es vont r\u00e9agir avec le temps. Il faut s\u2019assurer qu\u2019il n\u2019y ait ni inflammation, ni cancer, ni autres complications des ann\u00e9es plus tard. Sur un registre similaire, on ne sait pas si la modification touche des cellules reproductrices (spermatozo\u00efdes ou ovules), les changements pourraient \u00eatre transmis aux enfants, ce qui pose des questions \u00e9thiques importantes.<br><\/li>\n\n\n\n<li><strong>Mol\u00e9cules pharmacologiques cibl\u00e9es<\/strong> : certains m\u00e9dicaments visent \u00e0 stimuler la production naturelle de dystrophine ou \u00e0 prot\u00e9ger les muscles des processus d\u00e9g\u00e9n\u00e9ratifs.<\/li>\n<\/ul>\n\n\n\n<p class=\"wp-block-paragraph\">Ces recherches ouvrent de r\u00e9elles perspectives, malgr\u00e9 l\u2019absence actuelle de traitements curatifs disponibles sur le march\u00e9.&nbsp;<\/p>\n\n\n\n<h2 class=\"wp-block-heading\">Quelles aides financi\u00e8res pour les personnes atteintes de la DMB ?<\/h2>\n\n\n\n<p class=\"wp-block-paragraph\">Les co\u00fbts des soins, des \u00e9quipements sp\u00e9cialis\u00e9s ou encore des adaptations du logement ou du v\u00e9hicule peuvent \u00eatre \u00e9lev\u00e9s. Plusieurs dispositifs existent pour accompagner les familles dans cette gestion financi\u00e8re.<\/p>\n\n\n\n<h3 class=\"wp-block-heading\">Prise en charge m\u00e9dicale et allocations<\/h3>\n\n\n\n<p class=\"wp-block-paragraph\">Les personnes vivant avec une Dystrophie musculaire de Becker peuvent b\u00e9n\u00e9ficier d\u2019aides sp\u00e9cifiques :<\/p>\n\n\n\n<figure class=\"wp-block-table\"><table class=\"has-fixed-layout\"><tbody><tr><td><strong>Aide \/ dispositif<\/strong><\/td><td><strong>D\u00e9tail<\/strong><\/td><td><strong>Organisme concern\u00e9<\/strong><\/td><\/tr><tr><td><a href=\"https:\/\/www.ameli.fr\/assure\"><strong>ALD<\/strong><\/a><strong> (affection longue dur\u00e9e)<\/strong><\/td><td>Remboursement \u00e0 100 % des soins li\u00e9s \u00e0 la DMB<\/td><td><a href=\"https:\/\/www.ameli.fr\/assure\" target=\"_blank\" rel=\"noreferrer noopener\">S\u00e9curit\u00e9 Sociale<\/a><\/td><\/tr><tr><td><a href=\"https:\/\/caf.fr\/\"><strong>AAH <\/strong><\/a><strong>(Allocation Adulte Handicap\u00e9)<\/strong><\/td><td>Soutien mensuel pour les adultes avec perte d\u2019autonomie<\/td><td><a href=\"https:\/\/caf.fr\/\" target=\"_blank\" rel=\"noreferrer noopener\">CAF<\/a><\/td><\/tr><tr><td><a href=\"https:\/\/mdphenligne.cnsa.fr\/\"><strong>PCH <\/strong><\/a><strong>(Prestation de Compensation du Handicap)<\/strong><\/td><td>Aide pour financer les \u00e9quipements, aides humaines, logement<\/td><td><a href=\"https:\/\/mdphenligne.cnsa.fr\/\" target=\"_blank\" rel=\"noreferrer noopener\">MDPH<\/a><\/td><\/tr><tr><td><a href=\"https:\/\/www.service-public.fr\/particuliers\/vosdroits\/F34049\"><strong>Carte Mobilit\u00e9 Inclusion<\/strong><\/a><\/td><td>Priorit\u00e9 dans les transports, stationnement facilit\u00e9<\/td><td>Conseil d\u00e9partemental<\/td><\/tr><\/tbody><\/table><\/figure>\n\n\n\n<p class=\"wp-block-paragraph\">Ces dispositifs sont soumis \u00e0 conditions d\u2019\u00e9ligibilit\u00e9, bas\u00e9es sur le <strong>niveau de handicap<\/strong>, l\u2019<strong>\u00e2ge<\/strong> et sa <strong>situation familiale<\/strong>.<\/p>\n\n\n\n<h3 class=\"wp-block-heading\">Financement des \u00e9quipements et aides techniques<\/h3>\n\n\n\n<p class=\"wp-block-paragraph\">Les dispositifs d\u2019\u00e9quipements tels que les <strong>fauteuils roulants \u00e9lectriques<\/strong>, les <strong>lits m\u00e9dicalis\u00e9s<\/strong>, les<strong> bras robotiques<\/strong> ou les <strong>logiciels de commande vocale<\/strong> peuvent b\u00e9n\u00e9ficier d\u2019une prise en charge partielle.<\/p>\n\n\n\n<p class=\"wp-block-paragraph\">Sources de financement possibles :<\/p>\n\n\n\n<ul class=\"wp-block-list\">\n<li><strong>Compl\u00e9mentaire sant\u00e9 \/ mutuelle<\/strong><\/li>\n\n\n\n<li><strong>Fonds d\u00e9partementaux<\/strong> (dans le cadre de la MDPH)<\/li>\n\n\n\n<li><strong>Associations<\/strong> : comme<a href=\"https:\/\/www.afm-telethon.fr\/fr\" target=\"_blank\" rel=\"noreferrer noopener\"> l\u2019AFM-T\u00e9l\u00e9thon<\/a>, <a href=\"https:\/\/www.apf-francehandicap.org\/\" target=\"_blank\" rel=\"noreferrer noopener\">APF France Handicap<\/a>, etc.<\/li>\n\n\n\n<li><strong>Crowdfunding solidaire<\/strong> : plateformes comme <a href=\"http:\/\/leetchi.com\/?utm_source=google&amp;utm_medium=cpc&amp;utm_campaign=lca_marque_leetchi&amp;utm_term=search_brand&amp;gad_source=1&amp;gbraid=0AAAAADxO86qWVNFm7ph7KSY3S3BuJstB4&amp;gclid=Cj0KCQjw_JzABhC2ARIsAPe3ynrpR-sH87-3D3yTZ7FXYcQkiUl_ZFmidfjksS32xOk2_B3mr0IGhBoaAlRIEALw_wcB\" target=\"_blank\" rel=\"noreferrer noopener\">Leetchi <\/a>ou <a href=\"https:\/\/www.gofundme.com\/fr-fr\" target=\"_blank\" rel=\"noreferrer noopener\">GoFundMe<\/a><\/li>\n<\/ul>\n\n\n\n<p class=\"wp-block-paragraph\">La <strong>dystrophie musculaire de Becker<\/strong> est une condition musculaire sp\u00e9cifique, les progr\u00e8s scientifiques et technologiques ouvrent de nouvelles perspectives. Une prise en charge globale,&nbsp; un accompagnement personnalis\u00e9 et l\u2019acc\u00e8s \u00e0 des aides techniques et financi\u00e8res, am\u00e9liorent concr\u00e8tement la qualit\u00e9 de vie.<\/p>\n\n\n\n<p class=\"wp-block-paragraph\">Les recherches en cours sur la dystrophine, la th\u00e9rapie g\u00e9nique et la robotique sont prometteuses. Elles laissent entrevoir un avenir plus autonome, plus confortable et plus apais\u00e9.<\/p>\n\n\n\n<p class=\"wp-block-paragraph\">Vivre avec la dystrophie musculaire de Becker, ne consiste pas seulement \u00e0 s&rsquo;adapter \u00e0 une pathologie \u00e9volutive. C\u2019est aussi pouvoir compter sur une cha\u00eene de soins, d\u2019innovations et de soutiens humains pour avancer jour apr\u00e8s jour.<\/p>\n\n\n<div style=\"--cta-bg-color:#B399FF;color:#212233\" class=\"orthopus-cta-inline is-bg-color wp-block-orthopus-cta-inline\">\n\t\n\t<div\n\t\tclass=\"cta-inline__overlay\"\n\t\tstyle=\"background-color:#212233;opacity:0;\"\n\t\taria-hidden=\"true\"\n\t><\/div>\n\n\t<div class=\"cta-inline__inner\">\n\t\t<div class=\"cta-inline__content\">\n\t\t\t\t\t\t\t<p class=\"cta-inline__title\">Des solutions de financement existent<\/p>\n\t\t\t\t\t\t\t\t\t\t<p class=\"cta-inline__text\">Selon votre situation, diff\u00e9rentes aides peuvent contribuer au financement de votre aide technique \u00e0 la mobilit\u00e9 des bras.<\/p>\n\t\t\t\t\t\t\t\t\t\t<div class=\"wp-block-button cta-inline__button\">\n\t\t\t\t\t<a class=\"wp-block-button__link wp-element-button\" href=\"https:\/\/preprod.weasywyg.com\/financements\/\" style=\"--cta-btn-bg:#92FFAC;--cta-btn-color:#212233;--cta-btn-border:0px solid #92FFAC;--cta-btn-hover-bg:#B399FF\">\n\t\t\t\t\t\tFinancer son aide technique pour le bras\t\t\t\t\t<\/a>\n\t\t\t\t<\/div>\n\t\t\t\t\t<\/div>\n\t\t\t<\/div>\n<\/div>\n\n\n\n<h2 class=\"wp-block-heading\">FAQ<\/h2>\n\n\n\n<div data-wp-context=\"{ &quot;autoclose&quot;: false, &quot;accordionItems&quot;: [] }\" data-wp-interactive=\"core\/accordion\" role=\"group\" class=\"wp-block-accordion is-layout-flow wp-block-accordion-is-layout-flow\">\n<div data-wp-class--is-open=\"state.isOpen\" data-wp-context=\"{ &quot;id&quot;: &quot;accordion-item-1&quot;, &quot;openByDefault&quot;: false }\" data-wp-init=\"callbacks.initAccordionItems\" data-wp-on-window--hashchange=\"callbacks.hashChange\" class=\"wp-block-accordion-item is-layout-flow wp-block-accordion-item-is-layout-flow\">\n<h3 class=\"wp-block-accordion-heading\"><button aria-expanded=\"false\" aria-controls=\"accordion-item-1-panel\" data-wp-bind--aria-expanded=\"state.isOpen\" data-wp-on--click=\"actions.toggle\" id=\"accordion-item-1\" type=\"button\" class=\"wp-block-accordion-heading__toggle\"><span class=\"wp-block-accordion-heading__toggle-title\"><strong>Comment la myopathie de Becker affecte-t-elle la qualit\u00e9 de vie ?<\/strong><\/span><span class=\"wp-block-accordion-heading__toggle-icon\" aria-hidden=\"true\">+<\/span><\/button><\/h3>\n\n\n\n<div aria-labelledby=\"accordion-item-1\" data-wp-bind--hidden=\"state.isHidden\" data-wp-on--beforematch=\"actions.handleBeforeMatch\" id=\"accordion-item-1-panel\" role=\"region\" class=\"wp-block-accordion-panel is-layout-flow wp-block-accordion-panel-is-layout-flow\">\n<p class=\"wp-block-paragraph\">La maladie entra\u00eene une perte progressive de la force musculaire et de la mobilit\u00e9. Toutefois, avec une prise en charge adapt\u00e9e, les personnes peuvent pr\u00e9server une bonne qualit\u00e9 de vie et une autonomie pendant plusieurs ann\u00e9es.<\/p>\n<\/div>\n<\/div>\n\n\n\n<div data-wp-class--is-open=\"state.isOpen\" data-wp-context=\"{ &quot;id&quot;: &quot;accordion-item-2&quot;, &quot;openByDefault&quot;: false }\" data-wp-init=\"callbacks.initAccordionItems\" data-wp-on-window--hashchange=\"callbacks.hashChange\" class=\"wp-block-accordion-item is-layout-flow wp-block-accordion-item-is-layout-flow\">\n<h3 class=\"wp-block-accordion-heading\"><button aria-expanded=\"false\" aria-controls=\"accordion-item-2-panel\" data-wp-bind--aria-expanded=\"state.isOpen\" data-wp-on--click=\"actions.toggle\" id=\"accordion-item-2\" type=\"button\" class=\"wp-block-accordion-heading__toggle\"><span class=\"wp-block-accordion-heading__toggle-title\"><strong>Quelles sont les options de traitement pour la myopathie de Becker ?<\/strong><\/span><span class=\"wp-block-accordion-heading__toggle-icon\" aria-hidden=\"true\">+<\/span><\/button><\/h3>\n\n\n\n<div aria-labelledby=\"accordion-item-2\" data-wp-bind--hidden=\"state.isHidden\" data-wp-on--beforematch=\"actions.handleBeforeMatch\" id=\"accordion-item-2-panel\" role=\"region\" class=\"wp-block-accordion-panel is-layout-flow wp-block-accordion-panel-is-layout-flow\">\n<p class=\"wp-block-paragraph\">Les traitements incluent des m\u00e9dicaments comme les corticost\u00e9ro\u00efdes, un suivi cardiologique, la r\u00e9\u00e9ducation fonctionnelle, ainsi que des dispositifs d&rsquo;assistance robotique.<\/p>\n<\/div>\n<\/div>\n\n\n\n<div data-wp-class--is-open=\"state.isOpen\" data-wp-context=\"{ &quot;id&quot;: &quot;accordion-item-3&quot;, &quot;openByDefault&quot;: false }\" data-wp-init=\"callbacks.initAccordionItems\" data-wp-on-window--hashchange=\"callbacks.hashChange\" class=\"wp-block-accordion-item is-layout-flow wp-block-accordion-item-is-layout-flow\">\n<h3 class=\"wp-block-accordion-heading\"><button aria-expanded=\"false\" aria-controls=\"accordion-item-3-panel\" data-wp-bind--aria-expanded=\"state.isOpen\" data-wp-on--click=\"actions.toggle\" id=\"accordion-item-3\" type=\"button\" class=\"wp-block-accordion-heading__toggle\"><span class=\"wp-block-accordion-heading__toggle-title\">Existe-t-il des th\u00e9rapies innovantes pour la myopathie de Becker ?<\/span><span class=\"wp-block-accordion-heading__toggle-icon\" aria-hidden=\"true\">+<\/span><\/button><\/h3>\n\n\n\n<div aria-labelledby=\"accordion-item-3\" data-wp-bind--hidden=\"state.isHidden\" data-wp-on--beforematch=\"actions.handleBeforeMatch\" id=\"accordion-item-3-panel\" role=\"region\" class=\"wp-block-accordion-panel is-layout-flow wp-block-accordion-panel-is-layout-flow\">\n<p class=\"wp-block-paragraph\">Oui. La th\u00e9rapie g\u00e9nique, l\u2019exon skipping, et l\u2019\u00e9dition du g\u00e9nome font partie des pistes actuellement en cours de d\u00e9veloppement.<\/p>\n<\/div>\n<\/div>\n\n\n\n<div data-wp-class--is-open=\"state.isOpen\" data-wp-context=\"{ &quot;id&quot;: &quot;accordion-item-4&quot;, &quot;openByDefault&quot;: false }\" data-wp-init=\"callbacks.initAccordionItems\" data-wp-on-window--hashchange=\"callbacks.hashChange\" class=\"wp-block-accordion-item is-layout-flow wp-block-accordion-item-is-layout-flow\">\n<h3 class=\"wp-block-accordion-heading\"><button aria-expanded=\"false\" aria-controls=\"accordion-item-4-panel\" data-wp-bind--aria-expanded=\"state.isOpen\" data-wp-on--click=\"actions.toggle\" id=\"accordion-item-4\" type=\"button\" class=\"wp-block-accordion-heading__toggle\"><span class=\"wp-block-accordion-heading__toggle-title\"><strong>Comment diff\u00e9rencier la myopathie de Becker de la dystrophie musculaire de Duchenne (DMD) ?<\/strong><\/span><span class=\"wp-block-accordion-heading__toggle-icon\" aria-hidden=\"true\">+<\/span><\/button><\/h3>\n\n\n\n<div aria-labelledby=\"accordion-item-4\" data-wp-bind--hidden=\"state.isHidden\" data-wp-on--beforematch=\"actions.handleBeforeMatch\" id=\"accordion-item-4-panel\" role=\"region\" class=\"wp-block-accordion-panel is-layout-flow wp-block-accordion-panel-is-layout-flow\">\n<p class=\"wp-block-paragraph\">La dystrophie musculaire de Becker \u00e9volue plus lentement et la dystrophine est partiellement pr\u00e9sente, ce qui retarde l\u2019apparition des sympt\u00f4mes. La DMD, en revanche, est plus s\u00e9v\u00e8re et d\u00e9bute plus t\u00f4t.<\/p>\n<\/div>\n<\/div>\n\n\n\n<div data-wp-class--is-open=\"state.isOpen\" data-wp-context=\"{ &quot;id&quot;: &quot;accordion-item-5&quot;, &quot;openByDefault&quot;: false }\" data-wp-init=\"callbacks.initAccordionItems\" data-wp-on-window--hashchange=\"callbacks.hashChange\" class=\"wp-block-accordion-item is-layout-flow wp-block-accordion-item-is-layout-flow\">\n<h3 class=\"wp-block-accordion-heading\"><button aria-expanded=\"false\" aria-controls=\"accordion-item-5-panel\" data-wp-bind--aria-expanded=\"state.isOpen\" data-wp-on--click=\"actions.toggle\" id=\"accordion-item-5\" type=\"button\" class=\"wp-block-accordion-heading__toggle\"><span class=\"wp-block-accordion-heading__toggle-title\"><strong>Quels sont les premiers signes de la dystrophie musculaire de Becker ?<\/strong><\/span><span class=\"wp-block-accordion-heading__toggle-icon\" aria-hidden=\"true\">+<\/span><\/button><\/h3>\n\n\n\n<div aria-labelledby=\"accordion-item-5\" data-wp-bind--hidden=\"state.isHidden\" data-wp-on--beforematch=\"actions.handleBeforeMatch\" id=\"accordion-item-5-panel\" role=\"region\" class=\"wp-block-accordion-panel is-layout-flow wp-block-accordion-panel-is-layout-flow\">\n<p class=\"wp-block-paragraph\">Fatigue musculaire, crampes, difficult\u00e9s \u00e0 courir ou \u00e0 monter les escaliers sont les sympt\u00f4mes les plus fr\u00e9quents au d\u00e9but.<\/p>\n<\/div>\n<\/div>\n<\/div>\n\n\n\n<h2 class=\"wp-block-heading\">Sources : <\/h2>\n\n\n\n<ol class=\"wp-block-list\">\n<li>Dystrophie musculaire de Becker | AFM T\u00e9l\u00e9thon [Internet]. 2024 [cit\u00e9 2 mai 2025]. Disponible sur: <a href=\"https:\/\/www.afm-telethon.fr\/fr\/fiches-maladies\/dystrophie-musculaire-de-becker\" target=\"_blank\" rel=\"noreferrer noopener\">https:\/\/www.afm-telethon.fr\/fr\/fiches-maladies\/dystrophie-musculaire-de-becker<\/a><\/li>\n\n\n\n<li>Manuels MSD pour le grand public [Internet]. [cit\u00e9 2 mai 2025]. Dystrophie musculaire de Duchenne et dystrophie musculaire de Becker &#8211; Probl\u00e8mes de sant\u00e9 infantiles. Disponible sur: <a href=\"https:\/\/www.msdmanuals.com\/fr\/accueil\/probl\u00e8mes-de-sant\u00e9-infantiles\/dystrophies-musculaires-et-troubles-associ\u00e9s\/dystrophie-musculaire-de-duchenne-et-dystrophie-musculaire-de-becker\" target=\"_blank\" rel=\"noreferrer noopener\">https:\/\/www.msdmanuals.com\/fr\/accueil\/probl\u00e8mes-de-sant\u00e9-infantiles\/dystrophies-musculaires-et-troubles-associ\u00e9s\/dystrophie-musculaire-de-duchenne-et-dystrophie-musculaire-de-becker<\/a><\/li>\n\n\n\n<li>DMDB G. Groupe d\u2019Int\u00e9r\u00eat DMDB de l\u2019AFM-T\u00e9l\u00e9thon. 2020 [cit\u00e9 2 mai 2025]. La Dystrophie Musculaire de Becker. Disponible sur: <a href=\"https:\/\/dmdb.afm-telethon.fr\/la-dystrophie-musculaire-de-becker\/\" target=\"_blank\" rel=\"noreferrer noopener\">https:\/\/dmdb.afm-telethon.fr\/la-dystrophie-musculaire-de-becker\/<\/a><\/li>\n\n\n\n<li>\u00c9dition professionnelle du Manuel MSD [Internet]. [cit\u00e9 2 mai 2025]. Dystrophie musculaire de Duchenne et de Becker &#8211; P\u00e9diatrie. Disponible sur: <a href=\"https:\/\/www.msdmanuals.com\/fr\/professional\/p\u00e9diatrie\/troubles-musculaires-h\u00e9r\u00e9ditaires\/dystrophie-musculaire-de-duchenne-et-de-becker\" target=\"_blank\" rel=\"noreferrer noopener\">https:\/\/www.msdmanuals.com\/fr\/professional\/p\u00e9diatrie\/troubles-musculaires-h\u00e9r\u00e9ditaires\/dystrophie-musculaire-de-duchenne-et-de-becker<\/a><\/li>\n\n\n\n<li>Orphanet: Dystrophie musculaire de Duchenne et Becker [Internet]. [cit\u00e9 2 mai 2025]. Disponible sur: <a href=\"http:\/\/www.orpha.net\/fr\/disease\/detail\/262\" target=\"_blank\" rel=\"noreferrer noopener\">http:\/\/www.orpha.net\/fr\/disease\/detail\/262<\/a><\/li>\n\n\n\n<li>La consultation de conseil g\u00e9n\u00e9tique | AFM T\u00e9l\u00e9thon [Internet]. 2014 [cit\u00e9 2 mai 2025]. Disponible sur: <a href=\"https:\/\/www.afm-telethon.fr\/fr\/vivre-avec-la-maladie\/je-m-informe-sur-les-maladies\/comprendre-les-maladies-genetiques\/consultation-genetique\" target=\"_blank\" rel=\"noreferrer noopener\">https:\/\/www.afm-telethon.fr\/fr\/vivre-avec-la-maladie\/je-m-informe-sur-les-maladies\/comprendre-les-maladies-genetiques\/consultation-genetique<\/a><\/li>\n\n\n\n<li>CBIP [Internet]. [cit\u00e9 2 mai 2025]. CBIP. Disponible sur: <a href=\"https:\/\/www.cbip.be\/fr\/chapters\/2?frag=570\" target=\"_blank\" rel=\"noreferrer noopener\">https:\/\/www.cbip.be\/fr\/chapters\/2?frag=570<\/a><\/li>\n\n\n\n<li>Goyenvalle A, Vulin A, Fougerousse F, Leturcq F, Kaplan JC, Garcia L, et al. Le saut d\u2019exon th\u00e9rapeutique\u202f: un espoir pour les dystrophinopathies. m\u00e9decine\/sciences. 1 d\u00e9c 2004;20(12):1163\u20115. <a href=\"https:\/\/www.medecinesciences.org\/en\/articles\/medsci\/full_html\/2004\/10\/medsci20042012p1163\/medsci20042012p1163.html\" target=\"_blank\" rel=\"noreferrer noopener\">https:\/\/www.medecinesciences.org\/en\/articles\/medsci\/full_html\/2004\/10\/medsci20042012p1163\/medsci20042012p1163.html<\/a><\/li>\n\n\n\n<li>Inhibiteur de l\u2019enzyme de conversion. In: Wikip\u00e9dia [Internet]. 2025 [cit\u00e9 2 mai 2025]. Disponible sur: <a href=\"https:\/\/fr.wikipedia.org\/w\/index.php?title=Inhibiteur_de_l%27enzyme_de_conversion&amp;oldid=223651554\" target=\"_blank\" rel=\"noreferrer noopener\">https:\/\/fr.wikipedia.org\/w\/index.php?title=Inhibiteur_de_l%27enzyme_de_conversion&amp;oldid=223651554<\/a><\/li>\n\n\n\n<li>Th\u00e9rapie g\u00e9nique | AFM T\u00e9l\u00e9thon [Internet]. 2024 [cit\u00e9 2 mai 2025]. Disponible sur: <a href=\"https:\/\/www.afm-telethon.fr\/fr\/termes\/therapie-genique\" target=\"_blank\" rel=\"noreferrer noopener\">https:\/\/www.afm-telethon.fr\/fr\/termes\/therapie-genique<\/a><\/li>\n\n\n\n<li>Manuels MSD pour le grand public [Internet]. [cit\u00e9 2 mai 2025]. Table:Cortico\u00efdes\u202f: Utilisations et effets secondaires. Disponible sur: <a href=\"https:\/\/www.msdmanuals.com\/fr\/accueil\/multimedia\/table\/cortico\u00efdes-utilisations-et-effets-secondaires\" target=\"_blank\" rel=\"noreferrer noopener\">https:\/\/www.msdmanuals.com\/fr\/accueil\/multimedia\/table\/cortico\u00efdes-utilisations-et-effets-secondaires<\/a><\/li>\n\n\n\n<li>CRISPR-Cas9\u202f: une avanc\u00e9e pour les maladies g\u00e9n\u00e9tiques | AFM T\u00e9l\u00e9thon [Internet]. 2025 [cit\u00e9 2 mai 2025]. Disponible sur: <a href=\"https:\/\/www.afm-telethon.fr\/fr\/termes\/crisprca\" target=\"_blank\" rel=\"noreferrer noopener\">https:\/\/www.afm-telethon.fr\/fr\/termes\/crisprca<\/a>s9<\/li>\n\n\n\n<li>Orphanet: Dystrophie musculaire de Becker [Internet]. [cit\u00e9 2 mai 2025]. Disponible sur: <a href=\"http:\/\/www.orpha.net\/fr\/disease\/detail\/98895\" target=\"_blank\" rel=\"noreferrer noopener\">http:\/\/www.orpha.net\/fr\/disease\/detail\/98895<\/a><\/li>\n<\/ol>\n","protected":false},"excerpt":{"rendered":"<p>Tout sur la dystrophie musculaire de Becker : sympt\u00f4mes, traitements, t\u00e9moignages, \u00e9volutions et solutions d&rsquo;assistance robotique.<\/p>\n","protected":false},"author":3,"featured_media":19009,"comment_status":"open","ping_status":"open","sticky":false,"template":"","format":"standard","meta":{"_kad_blocks_custom_css":"","_kad_blocks_head_custom_js":"","_kad_blocks_body_custom_js":"","_kad_blocks_footer_custom_js":"","footnotes":""},"categories":[8],"tags":[],"class_list":["post-19008","post","type-post","status-publish","format-standard","has-post-thumbnail","hentry","category-sante"],"yoast_head":"<!-- This site is optimized with the Yoast SEO plugin v28.4 - https:\/\/yoast.com\/product\/yoast-seo-wordpress\/ -->\n<title>Dystrophie musculaire de Becker - Traitements et Aide<\/title>\n<meta name=\"description\" content=\"Tout sur la dystrophie musculaire de Becker : sympt\u00f4mes, traitements, t\u00e9moignages, \u00e9volutions et solutions d&#039;assistance robotique.\" \/>\n<meta name=\"robots\" content=\"noindex, follow, max-snippet:-1, max-image-preview:large, max-video-preview:-1\" \/>\n<meta property=\"og:locale\" content=\"fr_FR\" \/>\n<meta property=\"og:type\" content=\"article\" \/>\n<meta property=\"og:title\" content=\"Dystrophie musculaire de Becker - Traitements et Aide\" \/>\n<meta property=\"og:description\" content=\"Tout sur la dystrophie musculaire de Becker : sympt\u00f4mes, traitements, t\u00e9moignages, \u00e9volutions et solutions d&#039;assistance robotique.\" \/>\n<meta property=\"og:url\" content=\"https:\/\/preprod.weasywyg.com\/fr\/2024\/10\/17\/dystrophie-musculaire-de-becker\/\" \/>\n<meta property=\"og:site_name\" content=\"Orthopus\" \/>\n<meta property=\"article:published_time\" content=\"2024-10-17T13:04:44+00:00\" \/>\n<meta property=\"article:modified_time\" content=\"2026-07-20T15:15:58+00:00\" \/>\n<meta property=\"og:image\" content=\"https:\/\/preprod.weasywyg.com\/wp-content\/uploads\/2026\/07\/ILL-250806-orthopus-dystrophie-musculaire-de-duchenne.webp\" \/>\n\t<meta property=\"og:image:width\" content=\"1536\" \/>\n\t<meta property=\"og:image:height\" content=\"1024\" \/>\n\t<meta property=\"og:image:type\" content=\"image\/webp\" \/>\n<meta name=\"author\" content=\"Pierre Murzeau\" \/>\n<meta name=\"twitter:card\" content=\"summary_large_image\" \/>\n<meta name=\"twitter:label1\" content=\"\u00c9crit par\" \/>\n\t<meta name=\"twitter:data1\" content=\"Pierre Murzeau\" \/>\n\t<meta name=\"twitter:label2\" content=\"Dur\u00e9e de lecture estim\u00e9e\" \/>\n\t<meta name=\"twitter:data2\" content=\"14 minutes\" \/>\n<script type=\"application\/ld+json\" class=\"yoast-schema-graph\">{\"@context\":\"https:\\\/\\\/schema.org\",\"@graph\":[{\"@type\":\"Article\",\"@id\":\"https:\\\/\\\/preprod.weasywyg.com\\\/fr\\\/2024\\\/10\\\/17\\\/dystrophie-musculaire-de-becker\\\/#article\",\"isPartOf\":{\"@id\":\"https:\\\/\\\/preprod.weasywyg.com\\\/fr\\\/2024\\\/10\\\/17\\\/dystrophie-musculaire-de-becker\\\/\"},\"author\":{\"name\":\"Pierre Murzeau\",\"@id\":\"https:\\\/\\\/preprod.weasywyg.com\\\/fr\\\/#\\\/schema\\\/person\\\/8b4382f5e6156ac0dec30415bb591535\"},\"headline\":\"Dystrophie musculaire de Becker : comprendre, traiter et vivre avec la maladie\",\"datePublished\":\"2024-10-17T13:04:44+00:00\",\"dateModified\":\"2026-07-20T15:15:58+00:00\",\"mainEntityOfPage\":{\"@id\":\"https:\\\/\\\/preprod.weasywyg.com\\\/fr\\\/2024\\\/10\\\/17\\\/dystrophie-musculaire-de-becker\\\/\"},\"wordCount\":2850,\"commentCount\":0,\"publisher\":{\"@id\":\"https:\\\/\\\/preprod.weasywyg.com\\\/fr\\\/#organization\"},\"image\":{\"@id\":\"https:\\\/\\\/preprod.weasywyg.com\\\/fr\\\/2024\\\/10\\\/17\\\/dystrophie-musculaire-de-becker\\\/#primaryimage\"},\"thumbnailUrl\":\"https:\\\/\\\/preprod.weasywyg.com\\\/wp-content\\\/uploads\\\/2026\\\/07\\\/ILL-250806-orthopus-dystrophie-musculaire-de-duchenne.webp\",\"articleSection\":[\"Sant\u00e9\"],\"inLanguage\":\"fr-FR\",\"potentialAction\":[{\"@type\":\"CommentAction\",\"name\":\"Comment\",\"target\":[\"https:\\\/\\\/preprod.weasywyg.com\\\/fr\\\/2024\\\/10\\\/17\\\/dystrophie-musculaire-de-becker\\\/#respond\"]}]},{\"@type\":\"WebPage\",\"@id\":\"https:\\\/\\\/preprod.weasywyg.com\\\/fr\\\/2024\\\/10\\\/17\\\/dystrophie-musculaire-de-becker\\\/\",\"url\":\"https:\\\/\\\/preprod.weasywyg.com\\\/fr\\\/2024\\\/10\\\/17\\\/dystrophie-musculaire-de-becker\\\/\",\"name\":\"Dystrophie musculaire de Becker - Traitements et Aide\",\"isPartOf\":{\"@id\":\"https:\\\/\\\/preprod.weasywyg.com\\\/fr\\\/#website\"},\"primaryImageOfPage\":{\"@id\":\"https:\\\/\\\/preprod.weasywyg.com\\\/fr\\\/2024\\\/10\\\/17\\\/dystrophie-musculaire-de-becker\\\/#primaryimage\"},\"image\":{\"@id\":\"https:\\\/\\\/preprod.weasywyg.com\\\/fr\\\/2024\\\/10\\\/17\\\/dystrophie-musculaire-de-becker\\\/#primaryimage\"},\"thumbnailUrl\":\"https:\\\/\\\/preprod.weasywyg.com\\\/wp-content\\\/uploads\\\/2026\\\/07\\\/ILL-250806-orthopus-dystrophie-musculaire-de-duchenne.webp\",\"datePublished\":\"2024-10-17T13:04:44+00:00\",\"dateModified\":\"2026-07-20T15:15:58+00:00\",\"description\":\"Tout sur la dystrophie musculaire de Becker : sympt\u00f4mes, traitements, t\u00e9moignages, \u00e9volutions et solutions d'assistance robotique.\",\"breadcrumb\":{\"@id\":\"https:\\\/\\\/preprod.weasywyg.com\\\/fr\\\/2024\\\/10\\\/17\\\/dystrophie-musculaire-de-becker\\\/#breadcrumb\"},\"inLanguage\":\"fr-FR\",\"potentialAction\":[{\"@type\":\"ReadAction\",\"target\":[\"https:\\\/\\\/preprod.weasywyg.com\\\/fr\\\/2024\\\/10\\\/17\\\/dystrophie-musculaire-de-becker\\\/\"]}]},{\"@type\":\"ImageObject\",\"inLanguage\":\"fr-FR\",\"@id\":\"https:\\\/\\\/preprod.weasywyg.com\\\/fr\\\/2024\\\/10\\\/17\\\/dystrophie-musculaire-de-becker\\\/#primaryimage\",\"url\":\"https:\\\/\\\/preprod.weasywyg.com\\\/wp-content\\\/uploads\\\/2026\\\/07\\\/ILL-250806-orthopus-dystrophie-musculaire-de-duchenne.webp\",\"contentUrl\":\"https:\\\/\\\/preprod.weasywyg.com\\\/wp-content\\\/uploads\\\/2026\\\/07\\\/ILL-250806-orthopus-dystrophie-musculaire-de-duchenne.webp\",\"width\":1536,\"height\":1024,\"caption\":\"Vintage anatomical illustration of a man showing the muscles and bones of an outstretched arm, alongside an octopus illustrating the biomimetic inspiration for the arm design.\"},{\"@type\":\"BreadcrumbList\",\"@id\":\"https:\\\/\\\/preprod.weasywyg.com\\\/fr\\\/2024\\\/10\\\/17\\\/dystrophie-musculaire-de-becker\\\/#breadcrumb\",\"itemListElement\":[{\"@type\":\"ListItem\",\"position\":1,\"name\":\"Accueil\",\"item\":\"https:\\\/\\\/preprod.weasywyg.com\\\/fr\\\/\"},{\"@type\":\"ListItem\",\"position\":2,\"name\":\"Dystrophie musculaire de Becker : comprendre, traiter et vivre avec la maladie\"}]},{\"@type\":\"WebSite\",\"@id\":\"https:\\\/\\\/preprod.weasywyg.com\\\/fr\\\/#website\",\"url\":\"https:\\\/\\\/preprod.weasywyg.com\\\/fr\\\/\",\"name\":\"Orthopus\",\"description\":\"Handitech solutions for everyone\",\"publisher\":{\"@id\":\"https:\\\/\\\/preprod.weasywyg.com\\\/fr\\\/#organization\"},\"potentialAction\":[{\"@type\":\"SearchAction\",\"target\":{\"@type\":\"EntryPoint\",\"urlTemplate\":\"https:\\\/\\\/preprod.weasywyg.com\\\/fr\\\/?s={search_term_string}\"},\"query-input\":{\"@type\":\"PropertyValueSpecification\",\"valueRequired\":true,\"valueName\":\"search_term_string\"}}],\"inLanguage\":\"fr-FR\"},{\"@type\":\"Organization\",\"@id\":\"https:\\\/\\\/preprod.weasywyg.com\\\/fr\\\/#organization\",\"name\":\"Orthopus\",\"url\":\"https:\\\/\\\/preprod.weasywyg.com\\\/fr\\\/\",\"logo\":{\"@type\":\"ImageObject\",\"inLanguage\":\"fr-FR\",\"@id\":\"https:\\\/\\\/preprod.weasywyg.com\\\/fr\\\/#\\\/schema\\\/logo\\\/image\\\/\",\"url\":\"https:\\\/\\\/preprod.weasywyg.com\\\/wp-content\\\/uploads\\\/2026\\\/05\\\/logo.svg\",\"contentUrl\":\"https:\\\/\\\/preprod.weasywyg.com\\\/wp-content\\\/uploads\\\/2026\\\/05\\\/logo.svg\",\"caption\":\"Orthopus\"},\"image\":{\"@id\":\"https:\\\/\\\/preprod.weasywyg.com\\\/fr\\\/#\\\/schema\\\/logo\\\/image\\\/\"}},{\"@type\":\"Person\",\"@id\":\"https:\\\/\\\/preprod.weasywyg.com\\\/fr\\\/#\\\/schema\\\/person\\\/8b4382f5e6156ac0dec30415bb591535\",\"name\":\"Pierre Murzeau\",\"image\":{\"@type\":\"ImageObject\",\"inLanguage\":\"fr-FR\",\"@id\":\"https:\\\/\\\/secure.gravatar.com\\\/avatar\\\/9c3ed8fbf8227342dcec0e3c388c902ea09285b1b3c21e000bf3853a2729a85b?s=96&d=mm&r=g\",\"url\":\"https:\\\/\\\/secure.gravatar.com\\\/avatar\\\/9c3ed8fbf8227342dcec0e3c388c902ea09285b1b3c21e000bf3853a2729a85b?s=96&d=mm&r=g\",\"contentUrl\":\"https:\\\/\\\/secure.gravatar.com\\\/avatar\\\/9c3ed8fbf8227342dcec0e3c388c902ea09285b1b3c21e000bf3853a2729a85b?s=96&d=mm&r=g\",\"caption\":\"Pierre Murzeau\"},\"url\":\"https:\\\/\\\/preprod.weasywyg.com\\\/fr\\\/author\\\/orthopus-pierre-26\\\/\"}]}<\/script>\n<!-- \/ Yoast SEO plugin. -->","yoast_head_json":{"title":"Dystrophie musculaire de Becker - Traitements et Aide","description":"Tout sur la dystrophie musculaire de Becker : sympt\u00f4mes, traitements, t\u00e9moignages, \u00e9volutions et solutions d'assistance robotique.","robots":{"index":"noindex","follow":"follow","max-snippet":"max-snippet:-1","max-image-preview":"max-image-preview:large","max-video-preview":"max-video-preview:-1"},"og_locale":"fr_FR","og_type":"article","og_title":"Dystrophie musculaire de Becker - Traitements et Aide","og_description":"Tout sur la dystrophie musculaire de Becker : sympt\u00f4mes, traitements, t\u00e9moignages, \u00e9volutions et solutions d'assistance robotique.","og_url":"https:\/\/preprod.weasywyg.com\/fr\/2024\/10\/17\/dystrophie-musculaire-de-becker\/","og_site_name":"Orthopus","article_published_time":"2024-10-17T13:04:44+00:00","article_modified_time":"2026-07-20T15:15:58+00:00","og_image":[{"width":1536,"height":1024,"url":"https:\/\/preprod.weasywyg.com\/wp-content\/uploads\/2026\/07\/ILL-250806-orthopus-dystrophie-musculaire-de-duchenne.webp","type":"image\/webp"}],"author":"Pierre Murzeau","twitter_card":"summary_large_image","twitter_misc":{"\u00c9crit par":"Pierre Murzeau","Dur\u00e9e de lecture estim\u00e9e":"14 minutes"},"schema":{"@context":"https:\/\/schema.org","@graph":[{"@type":"Article","@id":"https:\/\/preprod.weasywyg.com\/fr\/2024\/10\/17\/dystrophie-musculaire-de-becker\/#article","isPartOf":{"@id":"https:\/\/preprod.weasywyg.com\/fr\/2024\/10\/17\/dystrophie-musculaire-de-becker\/"},"author":{"name":"Pierre Murzeau","@id":"https:\/\/preprod.weasywyg.com\/fr\/#\/schema\/person\/8b4382f5e6156ac0dec30415bb591535"},"headline":"Dystrophie musculaire de Becker : comprendre, traiter et vivre avec la maladie","datePublished":"2024-10-17T13:04:44+00:00","dateModified":"2026-07-20T15:15:58+00:00","mainEntityOfPage":{"@id":"https:\/\/preprod.weasywyg.com\/fr\/2024\/10\/17\/dystrophie-musculaire-de-becker\/"},"wordCount":2850,"commentCount":0,"publisher":{"@id":"https:\/\/preprod.weasywyg.com\/fr\/#organization"},"image":{"@id":"https:\/\/preprod.weasywyg.com\/fr\/2024\/10\/17\/dystrophie-musculaire-de-becker\/#primaryimage"},"thumbnailUrl":"https:\/\/preprod.weasywyg.com\/wp-content\/uploads\/2026\/07\/ILL-250806-orthopus-dystrophie-musculaire-de-duchenne.webp","articleSection":["Sant\u00e9"],"inLanguage":"fr-FR","potentialAction":[{"@type":"CommentAction","name":"Comment","target":["https:\/\/preprod.weasywyg.com\/fr\/2024\/10\/17\/dystrophie-musculaire-de-becker\/#respond"]}]},{"@type":"WebPage","@id":"https:\/\/preprod.weasywyg.com\/fr\/2024\/10\/17\/dystrophie-musculaire-de-becker\/","url":"https:\/\/preprod.weasywyg.com\/fr\/2024\/10\/17\/dystrophie-musculaire-de-becker\/","name":"Dystrophie musculaire de Becker - Traitements et Aide","isPartOf":{"@id":"https:\/\/preprod.weasywyg.com\/fr\/#website"},"primaryImageOfPage":{"@id":"https:\/\/preprod.weasywyg.com\/fr\/2024\/10\/17\/dystrophie-musculaire-de-becker\/#primaryimage"},"image":{"@id":"https:\/\/preprod.weasywyg.com\/fr\/2024\/10\/17\/dystrophie-musculaire-de-becker\/#primaryimage"},"thumbnailUrl":"https:\/\/preprod.weasywyg.com\/wp-content\/uploads\/2026\/07\/ILL-250806-orthopus-dystrophie-musculaire-de-duchenne.webp","datePublished":"2024-10-17T13:04:44+00:00","dateModified":"2026-07-20T15:15:58+00:00","description":"Tout sur la dystrophie musculaire de Becker : sympt\u00f4mes, traitements, t\u00e9moignages, \u00e9volutions et solutions d'assistance robotique.","breadcrumb":{"@id":"https:\/\/preprod.weasywyg.com\/fr\/2024\/10\/17\/dystrophie-musculaire-de-becker\/#breadcrumb"},"inLanguage":"fr-FR","potentialAction":[{"@type":"ReadAction","target":["https:\/\/preprod.weasywyg.com\/fr\/2024\/10\/17\/dystrophie-musculaire-de-becker\/"]}]},{"@type":"ImageObject","inLanguage":"fr-FR","@id":"https:\/\/preprod.weasywyg.com\/fr\/2024\/10\/17\/dystrophie-musculaire-de-becker\/#primaryimage","url":"https:\/\/preprod.weasywyg.com\/wp-content\/uploads\/2026\/07\/ILL-250806-orthopus-dystrophie-musculaire-de-duchenne.webp","contentUrl":"https:\/\/preprod.weasywyg.com\/wp-content\/uploads\/2026\/07\/ILL-250806-orthopus-dystrophie-musculaire-de-duchenne.webp","width":1536,"height":1024,"caption":"Vintage anatomical illustration of a man showing the muscles and bones of an outstretched arm, alongside an octopus illustrating the biomimetic inspiration for the arm design."},{"@type":"BreadcrumbList","@id":"https:\/\/preprod.weasywyg.com\/fr\/2024\/10\/17\/dystrophie-musculaire-de-becker\/#breadcrumb","itemListElement":[{"@type":"ListItem","position":1,"name":"Accueil","item":"https:\/\/preprod.weasywyg.com\/fr\/"},{"@type":"ListItem","position":2,"name":"Dystrophie musculaire de Becker : comprendre, traiter et vivre avec la maladie"}]},{"@type":"WebSite","@id":"https:\/\/preprod.weasywyg.com\/fr\/#website","url":"https:\/\/preprod.weasywyg.com\/fr\/","name":"Orthopus","description":"Handitech solutions for everyone","publisher":{"@id":"https:\/\/preprod.weasywyg.com\/fr\/#organization"},"potentialAction":[{"@type":"SearchAction","target":{"@type":"EntryPoint","urlTemplate":"https:\/\/preprod.weasywyg.com\/fr\/?s={search_term_string}"},"query-input":{"@type":"PropertyValueSpecification","valueRequired":true,"valueName":"search_term_string"}}],"inLanguage":"fr-FR"},{"@type":"Organization","@id":"https:\/\/preprod.weasywyg.com\/fr\/#organization","name":"Orthopus","url":"https:\/\/preprod.weasywyg.com\/fr\/","logo":{"@type":"ImageObject","inLanguage":"fr-FR","@id":"https:\/\/preprod.weasywyg.com\/fr\/#\/schema\/logo\/image\/","url":"https:\/\/preprod.weasywyg.com\/wp-content\/uploads\/2026\/05\/logo.svg","contentUrl":"https:\/\/preprod.weasywyg.com\/wp-content\/uploads\/2026\/05\/logo.svg","caption":"Orthopus"},"image":{"@id":"https:\/\/preprod.weasywyg.com\/fr\/#\/schema\/logo\/image\/"}},{"@type":"Person","@id":"https:\/\/preprod.weasywyg.com\/fr\/#\/schema\/person\/8b4382f5e6156ac0dec30415bb591535","name":"Pierre Murzeau","image":{"@type":"ImageObject","inLanguage":"fr-FR","@id":"https:\/\/secure.gravatar.com\/avatar\/9c3ed8fbf8227342dcec0e3c388c902ea09285b1b3c21e000bf3853a2729a85b?s=96&d=mm&r=g","url":"https:\/\/secure.gravatar.com\/avatar\/9c3ed8fbf8227342dcec0e3c388c902ea09285b1b3c21e000bf3853a2729a85b?s=96&d=mm&r=g","contentUrl":"https:\/\/secure.gravatar.com\/avatar\/9c3ed8fbf8227342dcec0e3c388c902ea09285b1b3c21e000bf3853a2729a85b?s=96&d=mm&r=g","caption":"Pierre Murzeau"},"url":"https:\/\/preprod.weasywyg.com\/fr\/author\/orthopus-pierre-26\/"}]}},"taxonomy_info":{"category":[{"value":8,"label":"Sant\u00e9"}]},"featured_image_src_large":["https:\/\/preprod.weasywyg.com\/wp-content\/uploads\/2026\/07\/ILL-250806-orthopus-dystrophie-musculaire-de-duchenne-1024x683.webp",1024,683,true],"author_info":{"display_name":"Pierre Murzeau","author_link":"https:\/\/preprod.weasywyg.com\/fr\/author\/orthopus-pierre-26\/"},"comment_info":0,"category_info":[{"term_id":8,"name":"Sant\u00e9","slug":"sante","term_group":0,"term_taxonomy_id":8,"taxonomy":"category","description":"","parent":0,"count":12,"filter":"raw","cat_ID":8,"category_count":12,"category_description":"","cat_name":"Sant\u00e9","category_nicename":"sante","category_parent":0}],"tag_info":false,"_links":{"self":[{"href":"https:\/\/preprod.weasywyg.com\/fr\/wp-json\/wp\/v2\/posts\/19008","targetHints":{"allow":["GET"]}}],"collection":[{"href":"https:\/\/preprod.weasywyg.com\/fr\/wp-json\/wp\/v2\/posts"}],"about":[{"href":"https:\/\/preprod.weasywyg.com\/fr\/wp-json\/wp\/v2\/types\/post"}],"author":[{"embeddable":true,"href":"https:\/\/preprod.weasywyg.com\/fr\/wp-json\/wp\/v2\/users\/3"}],"replies":[{"embeddable":true,"href":"https:\/\/preprod.weasywyg.com\/fr\/wp-json\/wp\/v2\/comments?post=19008"}],"version-history":[{"count":5,"href":"https:\/\/preprod.weasywyg.com\/fr\/wp-json\/wp\/v2\/posts\/19008\/revisions"}],"predecessor-version":[{"id":19375,"href":"https:\/\/preprod.weasywyg.com\/fr\/wp-json\/wp\/v2\/posts\/19008\/revisions\/19375"}],"wp:featuredmedia":[{"embeddable":true,"href":"https:\/\/preprod.weasywyg.com\/fr\/wp-json\/wp\/v2\/media\/19009"}],"wp:attachment":[{"href":"https:\/\/preprod.weasywyg.com\/fr\/wp-json\/wp\/v2\/media?parent=19008"}],"wp:term":[{"taxonomy":"category","embeddable":true,"href":"https:\/\/preprod.weasywyg.com\/fr\/wp-json\/wp\/v2\/categories?post=19008"},{"taxonomy":"post_tag","embeddable":true,"href":"https:\/\/preprod.weasywyg.com\/fr\/wp-json\/wp\/v2\/tags?post=19008"}],"curies":[{"name":"wp","href":"https:\/\/api.w.org\/{rel}","templated":true}]}}