{"id":19068,"date":"2024-11-14T16:07:00","date_gmt":"2024-11-14T15:07:00","guid":{"rendered":"https:\/\/preprod.weasywyg.com\/?p=19068"},"modified":"2026-07-20T17:14:41","modified_gmt":"2026-07-20T15:14:41","slug":"dedommagement-aidant-familial-non-salarie","status":"publish","type":"post","link":"https:\/\/preprod.weasywyg.com\/fr\/2024\/11\/14\/dedommagement-aidant-familial-non-salarie\/","title":{"rendered":"Tout savoir sur le d\u00e9dommagement des aidants familiaux non salari\u00e9s"},"content":{"rendered":"\n<h2 class=\"wp-block-heading\">D\u00e9finition d&rsquo;un aidant familial non salari\u00e9<\/h2>\n\n\n\n<p class=\"wp-block-paragraph\">Un\u2022e aidant\u2022e familial\u2022e apporte r\u00e9guli\u00e8rement une aide non professionnelle \u00e0 une personne handicap\u00e9e, malade ou en perte d\u2019autonomie. Cette aide peut \u00eatre physique, morale ou m\u00e9dicale. En France, la reconnaissance du statut d\u2019aidant familial est effective depuis 2005(2), gr\u00e2ce \u00e0 la Loi pour <a href=\"https:\/\/www.legifrance.gouv.fr\/jorf\/id\/JORFTEXT000000809647\" target=\"_blank\" rel=\"noreferrer noopener\">l\u2019\u00e9galit\u00e9 des droits et des chances, la participation et la citoyennet\u00e9 des personnes handicap\u00e9es<\/a>.\u00a0 L\u2019aidant\u2022e est tr\u00e8s souvent une personne de la famille : il s\u2019agit d\u2019un parent, enfant, conjoint\u2022e, ou fr\u00e8re\/s\u0153ur(1).<\/p>\n\n\n\n<p class=\"wp-block-paragraph\">Le statut d\u2019aidant\u2022e familial\u2022e non salari\u00e9\u2022e diff\u00e8re de celui du proche aidant r\u00e9mun\u00e9r\u00e9. L\u2019aidant familial apporte une aide gratuite m\u00eame si cela est possible dans certains cas d\u2019\u00eatre b\u00e9n\u00e9ficiaire de compensations financi\u00e8res. \u00c0 l\u2019inverse, un proche aidant r\u00e9mun\u00e9r\u00e9 &#8211; qui n\u2019est donc pas un membre de la famille de l\u2019aid\u00e9.e &#8211; est sp\u00e9cifiquement pay\u00e9 pour son activit\u00e9 d\u2019aide dans un cadre contractuel pr\u00e9cis(1, 3). <strong>De nos jours, \u201caidant.e familial.e\u201d et \u201cproche aidant.e\u201d d\u00e9signent le m\u00eame engagement, ils sont simplement reconnus \u00e0 diff\u00e9rentes dates par la l\u00e9gislation fran\u00e7aise.&nbsp;<\/strong><\/p>\n\n\n\n<h3 class=\"wp-block-heading\">Le statut d\u2019aidant familial non salari\u00e9<\/h3>\n\n\n\n<p class=\"wp-block-paragraph\">Le <a href=\"https:\/\/www.legifrance.gouv.fr\/codes\/texte_lc\/LEGITEXT000006074069\/\" target=\"_blank\" rel=\"noreferrer noopener\">Code de l&rsquo;action sociale et des familles<\/a> donne une d\u00e9finition pr\u00e9cise de qui peut \u00eatre reconnu comme un aidant familial(4) dans le cadre du chapitre sur la prestation de compensation du handicap (PCH).\u00a0<\/p>\n\n\n\n<p class=\"wp-block-paragraph\"><a href=\"https:\/\/www.capretraite.fr\/aide-a-domicile\/maintien-a-domicile\/aidant-familial-statut-aides-et-salaire\/\" target=\"_blank\" rel=\"noreferrer noopener\">L\u2019article R.245-7 stipule que ce statut est attribu\u00e9 aux personnes entretenant un lien familial avec la personne en situation de handicap<\/a> (1) :<\/p>\n\n\n\n<ul class=\"wp-block-list\">\n<li>Le\u2022la conjoint\u2022e, concubin\u2022e ou partenaire de pacs.&nbsp;<\/li>\n\n\n\n<li>L\u2019ascendant\u2022 : personne plus \u00e2g\u00e9e et en lien direct avec la personne dans le besoin, ce qui fait d\u2019elle un\u2022e descendant\u2022e (par exemple : l\u2019aidant\u2022e est le parent de l\u2019aid\u00e9\u2022e)<\/li>\n\n\n\n<li>Le\u2022la descendant\u2022e : personne moins \u00e2g\u00e9e et en lien direct avec la personne dans le besoin ce qui fait d\u2019elle un\u2022e ascendant\u2022e (par exemple : un enfant est aidant pour l\u2019un de ses parents)<\/li>\n\n\n\n<li>Une personne collat\u00e9rale jusqu\u2019au 4e degr\u00e9 : l\u2019un des grands-parents de l\u2019aidant\u2022e est issu de la m\u00eame fratrie que celle de la personne aid\u00e9e.<\/li>\n\n\n\n<li>Une personne ascendante, descendante ou collat\u00e9rale jusqu\u2019au 4e degr\u00e9 de la personne avec laquelle l\u2019aidant\u2022e vit.&nbsp;<\/li>\n\n\n\n<li>Le ou la partenaire du parent d\u2019un enfant handicap\u00e9 qui re\u00e7oit la PCH (prestation de compensation du handicap) et r\u00e9side avec lui.&nbsp;<\/li>\n<\/ul>\n\n\n\n<p class=\"wp-block-paragraph\">Aider un proche limite souvent le temps consacr\u00e9 \u00e0 une activit\u00e9 professionnelle et donc \u00e0 l\u2019obtention d\u2019un revenu pour pouvoir subvenir \u00e0 ses propres besoins(1, 5).<\/p>\n\n\n\n<p class=\"wp-block-paragraph\">Il est possible de recevoir un d\u00e9dommagement pour aider un proche(1, 6). Cela donne des droits mais aussi des devoirs l\u00e9gaux. Ces r\u00e8gles varient selon la situation de l\u2019aidant\u2022e et le type d\u2019aide re\u00e7ue. Par exemple, si il \/ elle s\u2019arr\u00eate de travailler pour s&rsquo;occuper d\u2019une personne handicap\u00e9e ou \u00e2g\u00e9e, il \/ elle peut b\u00e9n\u00e9ficier en France d\u2019allocations attribu\u00e9es par la <a href=\"https:\/\/caf.fr\/\" target=\"_blank\" rel=\"noreferrer noopener\">CAF<\/a> ou la <a href=\"https:\/\/www.msa.fr\/lfp\" target=\"_blank\" rel=\"noreferrer noopener\">MSA<\/a>.<\/p>\n\n\n\n<p class=\"wp-block-paragraph\">Pour recevoir ces d\u00e9dommagements, il faut bien souvent ne pas cumuler d\u2019activit\u00e9 annexe ou obtenir un double revenu (en plus de la compensation per\u00e7ue)(1). En effet, l\u2019aidant\u2022e devra bien souvent choisir entre travailler \u00e0 c\u00f4t\u00e9 ou recevoir un d\u00e9dommagement.<\/p>\n\n\n\n<h3 class=\"wp-block-heading\">Le statut de proche aidant<\/h3>\n\n\n\n<p class=\"wp-block-paragraph\">De nombreux Fran\u00e7ais aident spontan\u00e9ment un\u2022e a\u00een\u00e9\u2022e de leur entourage <strong>sans pour autant \u00eatre un membre de sa famille<\/strong>. Il peut s\u2019agir d\u2019accompagnement dans les actes de la vie quotidienne, de soutien moral ou d\u2019assistance administrative(1, 3, 5).<\/p>\n\n\n\n<p class=\"wp-block-paragraph\">Si la loi pour <a href=\"https:\/\/www.legifrance.gouv.fr\/jorf\/id\/JORFTEXT000000809647\" target=\"_blank\" rel=\"noreferrer noopener\">l\u2019\u00e9galit\u00e9 des droits et des chances, la participation et la citoyennet\u00e9 des personnes handicap\u00e9es<\/a>, a permis une premi\u00e8re d\u00e9termination de qui peut \u00eatre reconnu aidant familial(2), la loi relative \u00e0 <a href=\"https:\/\/www.legifrance.gouv.fr\/loda\/id\/JORFTEXT000031700731\" target=\"_blank\" rel=\"noreferrer noopener\">l\u2019adaptation de la soci\u00e9t\u00e9 au vieillissement de 2015<\/a> a \u00e9largi le statut d\u2019aidant aux personnes qui assistent une personne \u00e2g\u00e9e en perte d\u2019autonomie(7). <a href=\"https:\/\/www.legifrance.gouv.fr\/codes\/article_lc\/LEGIARTI000049391296\" target=\"_blank\" rel=\"noreferrer noopener\">L\u2019article L113-2<\/a> du Code de l\u2019action sociale et des familles(8) stipule que le statut de proche aidant peut \u00eatre attribu\u00e9 \u00e0 :<\/p>\n\n\n\n<ul class=\"wp-block-list\">\n<li>Un\u2022e conjoint\u2022e, concubin.e ou partenaire de pacs<\/li>\n\n\n\n<li>Un parent, qu\u2019il soit ascendant ou descendant, ou encore membre de la m\u00eame famille.&nbsp;<\/li>\n\n\n\n<li>Un alli\u00e9 ou une personne habitant avec la personne \u00e2g\u00e9e et\/ou entretenant des liens \u00e9troits et stables avec elle (voisin\u2022e, ami\u2022e, etc.)<\/li>\n<\/ul>\n\n\n\n<p class=\"wp-block-paragraph\"><strong>Ainsi donc, un\u2022e proche aidant\u2022e et un\u2022e aidant\u2022e familial\u2022e n\u2019ont plus de distinctions l\u00e9gales de nos jours. Ce sont deux variantes qui d\u00e9signent un m\u00eame travail.&nbsp;<\/strong><\/p>\n\n\n\n<p class=\"wp-block-paragraph\">Les personnes aid\u00e9es peuvent avoir tous les \u00e2ges et une vari\u00e9t\u00e9 de besoins diff\u00e9rents. La loi inclut donc de nombreux profils d\u2019aidants pour reconna\u00eetre chaque situation(7). Lorsqu\u2019un aidant familial est r\u00e9mun\u00e9r\u00e9 en France, il est consid\u00e9r\u00e9 comme un professionnel qui exerce un travail aupr\u00e8s d\u2019un employeur (g\u00e9n\u00e9ralement la personne aid\u00e9e donc). Dans ce cadre, l\u2019aidant per\u00e7oit une r\u00e9mun\u00e9ration et est li\u00e9 par un contrat de travail.&nbsp;<\/p>\n\n\n\n<p class=\"wp-block-paragraph\">Cependant, qu\u2019en est-il du d\u00e9dommagement aidant familial non salari\u00e9 ? M\u00eame en l&rsquo;absence de ce cadre \u201cemployeur-salari\u00e9\u201d, il existe des dispositifs financiers permettant de compenser leur engagement. Ceux-ci ne sont pas d\u00e9sign\u00e9s comme des \u201csalaires\u201d \u00e0 proprement parler : ils visent cependant \u00e0 reconna\u00eetre la contribution de la prestation de compensation apport\u00e9e \u00e0 l\u2019aidant.e et \u00e0 l\u2019aider \u00e0 subvenir \u00e0 ses propres besoins(1).&nbsp;<\/p>\n\n\n\n<p class=\"wp-block-paragraph\">Pour que l\u2019aidant\u2022e puisse en b\u00e9n\u00e9ficier, il est souvent n\u00e9cessaire que la personne aid\u00e9e dispose d\u00e9j\u00e0 de l\u2019une de ces aides :<\/p>\n\n\n\n<ul class=\"wp-block-list\">\n<li>La <a href=\"https:\/\/www.service-public.fr\/particuliers\/vosdroits\/F14202\" target=\"_blank\" rel=\"noreferrer noopener\">PCH <\/a>(prestation de compensation du handicap) attribu\u00e9e par la <a href=\"https:\/\/preprod.weasywyg.com\/2026\/07\/17\/ouverture-droits-mdph-dossier-en-ligne\/\">MDPH<\/a>(9).<\/li>\n\n\n\n<li><a href=\"https:\/\/www.service-public.fr\/particuliers\/vosdroits\/F10009\" target=\"_blank\" rel=\"noreferrer noopener\">L\u2019APA <\/a>(L\u2019allocation personnalis\u00e9e d\u2019autonomie) attribu\u00e9e par le Conseil d\u00e9partemental(10).<\/li>\n<\/ul>\n\n\n\n<h2 class=\"wp-block-heading\">\u00c0 quels d\u00e9dommagements peut pr\u00e9tendre un aidant familial non salari\u00e9 ?<\/h2>\n\n\n\n<p class=\"wp-block-paragraph\">Plusieurs r\u00e9mun\u00e9rations ou aides financi\u00e8res selon certains crit\u00e8res et certaines obligations de travail, sont envisageables dans le cadre d\u2019un d\u00e9dommagement aidant familial non salari\u00e9.<\/p>\n\n\n\n<h3 class=\"wp-block-heading\">L\u2019AJPA (allocation journali\u00e8re du proche aidant)<\/h3>\n\n\n\n<p class=\"wp-block-paragraph\">L\u2019allocation journali\u00e8re du proche aidant (<a href=\"https:\/\/www.service-public.fr\/particuliers\/vosdroits\/F706\/personnalisation\/resultat?lang=&amp;quest0=0&amp;quest1=0&amp;quest=\" target=\"_blank\" rel=\"noreferrer noopener\">AJPA<\/a>) est une aide financi\u00e8re fournie par le Conseil d\u00e9partemental. Elle est possible une fois que le cong\u00e9 de solidarit\u00e9 familial pour la fin de vie d\u2019un proche est d\u00e9clar\u00e9. Cela concerne particuli\u00e8rement les proches dont l\u2019autonomie est r\u00e9duite(1, 11).<\/p>\n\n\n\n<p class=\"wp-block-paragraph\">Pour pouvoir b\u00e9n\u00e9ficier de l\u2019AJPA, il faut :&nbsp;<\/p>\n\n\n\n<ul class=\"wp-block-list\">\n<li>\u00catre un\u2022e ascendant\u2022e, ou un\u2022e descendant\u2022e, ou un fr\u00e8re ou une s\u0153ur, ou une personne de confiance de la personne accompagn\u00e9e, ou partager le m\u00eame domicile que cette personne.&nbsp;<\/li>\n\n\n\n<li>Accompagner la personne en fin de vie doit \u00eatre effectu\u00e9 \u00e0 domicile et non \u00e0 l&rsquo;h\u00f4pital pour que l\u2019AJPA soit effective.<\/li>\n<\/ul>\n\n\n\n<p class=\"wp-block-paragraph\">\u00c0 dater du 1er janvier 2025, le montant de l\u2019allocation est fix\u00e9 \u00e0 65.80\u20ac par jour(11). Il est possible de faire les d\u00e9marches pour obtenir l\u2019AJAP via le <a href=\"https:\/\/www.service-public.fr\/particuliers\/vosdroits\/R19466\" target=\"_blank\" rel=\"noreferrer noopener\">Centre national de gestion des demandes d&rsquo;allocations journali\u00e8res d&rsquo;accompagnement d&rsquo;une personne en fin de vie (Cnajap)<\/a>.\u00a0<\/p>\n\n\n\n<h3 class=\"wp-block-heading\">L&rsquo;aide au r\u00e9pit<\/h3>\n\n\n\n<p class=\"wp-block-paragraph\">Le droit au r\u00e9pit permet aux proches aidants de recourir \u00e0 des solutions de relais pour souffler(1,1 2). Il est ouvert aux accompagnants des b\u00e9n\u00e9ficiaires de <a href=\"https:\/\/www.pour-les-personnes-agees.gouv.fr\/solutions-pour-les-aidants\/soutien-financier\/l-aide-au-repit-dans-le-cadre-de-l-apa\" target=\"_blank\" rel=\"noreferrer noopener\">l\u2019APA <\/a>(allocation personnalis\u00e9e d&rsquo;autonomie), dont la pr\u00e9sence ou le soutien est indispensable. Le montant de la majoration offerte par l\u2019APA est limit\u00e9e \u00e0 <a href=\"https:\/\/www.pour-les-personnes-agees.gouv.fr\/solutions-pour-les-aidants\/soutien-financier\/l-aide-au-repit-dans-le-cadre-de-l-apa\" target=\"_blank\" rel=\"noreferrer noopener\">573.77\u20ac par an en 2025<\/a>(12).\u00a0<\/p>\n\n\n\n<h3 class=\"wp-block-heading\">Le d\u00e9dommagement via la PCH (prestation de compensation du handicap)<\/h3>\n\n\n\n<p class=\"wp-block-paragraph\">La PCH (prestation de compensation du handicap) est un dispositif financier pens\u00e9 pour aider aux d\u00e9penses li\u00e9es \u00e0 une perte d\u2019autonomie(9). Elle est vers\u00e9e par le Conseil d\u00e9partemental et permet de couvrir<a href=\"https:\/\/www.capretraite.fr\/obtenir-aides-seniors\/aides-financieres\/prestation-de-compensation-du-handicap-pch\/\" target=\"_blank\" rel=\"noreferrer noopener\"> divers frais<\/a> li\u00e9s aux <a href=\"https:\/\/preprod.weasywyg.com\/financements\/\">aides techniques<\/a>, aux am\u00e9nagements du logement mais \u00e9galement \u00e0 l\u2019aide humaine exerc\u00e9e par un aidant familial(13). Ce.tte dernier.\u00e8re est r\u00e9mun\u00e9r\u00e9.e <a href=\"https:\/\/www.capretraite.fr\/aide-a-domicile\/maintien-a-domicile\/aidant-familial-statut-aides-et-salaire\/\" target=\"_blank\" rel=\"noreferrer noopener\">18.96\u20ac<\/a> de l\u2019heure en 2025(1). On peut r\u00e9mun\u00e9rer un aidant familial avec la PCH, \u00e0 condition de ne pas \u00eatre en relation amoureuse avec le.la b\u00e9n\u00e9ficiaire ou \u00eatre un oblig\u00e9 alimentaire du 1er degr\u00e9 (c\u2019est-\u00e0-dire un.e ascendant.e, descendant.e, gendre, belle-fille, etc.). De plus, l\u2019aidant ne doit pas \u00eatre \u00e0 la retraite ou exercer une activit\u00e9 professionnelle \u00e0 plein temps.\u00a0<\/p>\n\n\n\n<h3 class=\"wp-block-heading\">H3 : Les aides de l\u2019\u00c9tat (r\u00e9duction d\u2019imp\u00f4t, droit au ch\u00f4mage, etc.)&nbsp;<\/h3>\n\n\n\n<p class=\"wp-block-paragraph\">Les aidants familiaux avec une obligation alimentaire envers l\u2019ascendant (parents, grands-parents, etc.) disposent de plusieurs avantages fiscaux pour pouvoir subvenir \u00e0 leurs besoins en plus de ceux de la personne aid\u00e9e(1). Il est possible de b\u00e9n\u00e9ficier d\u2019une d\u00e9duction de la pension alimentaire ou des co\u00fbts d\u2019accueil en maison de retraite selon les besoins de l\u2019aid\u00e9\u2022e et les ressources de l\u2019aidant\u2022e. Une d\u00e9duction d\u2019une somme forfaitaire pour l\u2019accueil au domicile de l\u2019aidant est \u00e9galement possible (<a href=\"https:\/\/www.capretraite.fr\/aide-a-domicile\/maintien-a-domicile\/aidant-familial-statut-aides-et-salaire\/\" target=\"_blank\" rel=\"noreferrer noopener\">3968\u20ac par ascendant accueilli<\/a>)(1). En revanche, le statut d\u2019aidant.e familial.e ne donne pas droit au ch\u00f4mage.<\/p>\n\n\n\n<h3 class=\"wp-block-heading\">Le cong\u00e9 de proche aidant<\/h3>\n\n\n\n<p class=\"wp-block-paragraph\">L\u2019accompagnant peut interrompre ses activit\u00e9s professionnelles pour apporter son soutien \u00e0 un parent ou \u00e0 un proche dans le besoin. Le cong\u00e9 de proche aidant peut durer 3 mois et \u00eatre renouvel\u00e9 jusqu\u2019\u00e0 un an sur l\u2019ensemble de la carri\u00e8re du b\u00e9n\u00e9ficiaire(14). Durant cette p\u00e9riode, l\u2019aidant ne peut pas exercer une autre activit\u00e9 qu\u2019aide \u00e0 domicile employ\u00e9e par son proche qui b\u00e9n\u00e9ficie de l\u2019APA ou de la PCH. Ce cong\u00e9 est sans solde mais ouvre droit \u00e0 l\u2019AJPA (allocation journali\u00e8re du proche aidant)(11, 15).&nbsp;<\/p>\n\n\n\n<h2 class=\"wp-block-heading\">Comment devenir aidant familial non salari\u00e9\u202f?<\/h2>\n\n\n\n<p class=\"wp-block-paragraph\">Est aidant\u2022e familial\u2022e non salari\u00e9\u2022e qui veut : il n\u2019y a pas de dipl\u00f4mes ou de d\u00e9marches sp\u00e9cifiques \u00e0 r\u00e9aliser. Cependant, cette situation est tr\u00e8s souvent subie plus que choisie, au regard du temps consacr\u00e9 \u00e0 cette t\u00e2che, des aides, des arrangements salariaux et des d\u00e9dommagements existants(1,3,5). Le but est de permettre aux accompagnants d\u2019accomplir cette action sociale dans de meilleures conditions. L\u2019aidant peut, \u00e0 l\u2019inverse, refuser de percevoir un salaire pour des raisons qui lui sont propres.<\/p>\n\n\n\n<h2 class=\"wp-block-heading\">Salaire ou d\u00e9dommagement\u2009? Que toucherez-vous pour l\u2019aide apport\u00e9e \u00e0 votre proche ?<\/h2>\n\n\n\n<p class=\"wp-block-paragraph\">L\u2019aidant familial peut \u00eatre reconnu sans d\u00e9marches formelles \u00e0 travers les notions de \u201cstatut d\u2019aidant familial\u201d et de \u201cproche aidant\u201d. Il peut percevoir un d\u00e9dommagement ou une r\u00e9mun\u00e9ration, selon les dispositifs utilis\u00e9s (PCH, APA, etc.), m\u00eame en tant qu\u2019\u201caidant non professionnel\u201d(1,6,15).<\/p>\n\n\n\n<h3 class=\"wp-block-heading\">D\u00e9marches pour obtenir le statut d\u2019aidant familial salari\u00e9\u2009?<\/h3>\n\n\n\n<p class=\"wp-block-paragraph\">L\u2019aidant familial peut obtenir le statut de salari\u00e9, lorsque le proche aid\u00e9 le r\u00e9mun\u00e8re pour les services qu\u2019il lui octroie(1). Les d\u00e9marches \u00e0 effectuer sont alors <a href=\"https:\/\/www.capretraite.fr\/aide-a-domicile\/maintien-a-domicile\/aidant-familial-statut-aides-et-salaire\/\" target=\"_blank\" rel=\"noreferrer noopener\">les suivantes<\/a> :\u00a0<\/p>\n\n\n\n<ul class=\"wp-block-list\">\n<li>La personne \u00e2g\u00e9e ou en situation de handicap doit s\u2019inscrire \u00e0 l\u2019Urssaf et se faire immatriculer en tant que particulier employeur, en utilisant le service <a href=\"https:\/\/www.cesu.urssaf.fr\/info\/accueil.html\">Cesu <\/a>(ch\u00e8que emploi service universel)<\/li>\n\n\n\n<li>Elle enregistre ensuite son nouvel employ\u00e9, sur le site <a href=\"https:\/\/www.cesu.urssaf.fr\/info\/accueil.html\" target=\"_blank\" rel=\"noreferrer noopener\">https:\/\/www.cesu.urssaf.fr\/info\/accueil.html<\/a>\u00a0<\/li>\n\n\n\n<li>Puis, chaque mois ou ponctuellement, elle d\u00e9clare en ligne la r\u00e9mun\u00e9ration de son employ\u00e9.<\/li>\n<\/ul>\n\n\n\n<h3 class=\"wp-block-heading\">Est-ce possible d\u2019utiliser ses aides financi\u00e8res (APA ou PCH) pour r\u00e9mun\u00e9rer un aidant familial salari\u00e9\u2009?<\/h3>\n\n\n\n<h4 class=\"wp-block-heading\">B\u00e9n\u00e9ficiaire de l\u2019allocation personnalis\u00e9e d\u2019autonomie (APA)<\/h4>\n\n\n\n<p class=\"wp-block-paragraph\">Le ou la b\u00e9n\u00e9ficiaire de l\u2019APA \u00e0 domicile peut r\u00e9mun\u00e9rer un aidant familial \u00e0 l\u2019exception de son ou sa conjoint\u2022e, concubin\u2022e, ou partenaire de PACS(15).<\/p>\n\n\n\n<h4 class=\"wp-block-heading\">B\u00e9n\u00e9ficiaire de la prestation de compensation du handicap (PCH)<\/h4>\n\n\n\n<p class=\"wp-block-paragraph\">Le ou la b\u00e9n\u00e9ficiaire de la PCH, peut se servir de ce dispositif financier pour r\u00e9tribuer un proche aidant \u00e0 l\u2019exception de son ou sa conjoint\u2022e, concubin\u2022e, ou partenaire de PACS ; et d\u2019un oblig\u00e9 alimentaire du 1er degr\u00e9 (enfants, parents, grands-parents, gendres, belles-filles)(9, 13, 15).&nbsp;<br><br>L\u2019aidant ne doit pas \u00eatre retrait\u00e9 ou salari\u00e9 d\u2019une autre activit\u00e9 professionnelle \u00e0 plein temps. La majoration de l\u2019aide humaine en emploi direct s\u2019\u00e9l\u00e8ve \u00e0 18.96\u20ac par heure en 2025(1, 9) et peut varier selon les besoins d\u2019accompagnement et les prestations r\u00e9alis\u00e9es par l\u2019aidant.&nbsp;<\/p>\n\n\n\n<h4 class=\"wp-block-heading\">D\u00e9dommagement de l\u2019aidant familial et retraite<\/h4>\n\n\n\n<p class=\"wp-block-paragraph\">La PCH ne couvre pas tous les aidants comme aides \u00e0 domicile. Mais elle pr\u00e9voit un d\u00e9dommagement pour certains cas : <a href=\"https:\/\/www.capretraite.fr\/aide-a-domicile\/maintien-a-domicile\/aidant-familial-statut-aides-et-salaire\/\" target=\"_blank\" rel=\"noreferrer noopener\">4.69 \u20ac de l\u2019heure, ou 7.04 \u20ac<\/a> si l\u2019aidant\u2022e a r\u00e9duit ou cess\u00e9 son activit\u00e9 professionnelle(1).<\/p>\n\n\n\n<h2 class=\"wp-block-heading\">D\u00e9marches administratives pour obtenir un d\u00e9dommagement<\/h2>\n\n\n\n<h3 class=\"wp-block-heading\">Documents n\u00e9cessaires pour la demande<\/h3>\n\n\n\n<p class=\"wp-block-paragraph\">Pour pouvoir faire une demande de d\u00e9dommagement, il vous faudra dans la plupart des d\u00e9marches ces documents suivants, r\u00e9cents et sign\u00e9s si n\u00e9cessaire(9, 10, 15, 16) :&nbsp;<\/p>\n\n\n\n<ul class=\"wp-block-list\">\n<li>Formulaire de demande :<br>&#8211; Pour la <a href=\"https:\/\/www.service-public.fr\/particuliers\/vosdroits\/R67285\" target=\"_blank\" rel=\"noreferrer noopener\">PCH<\/a>, le formulaire est d\u00e9livr\u00e9 par la <a href=\"https:\/\/mdphenligne.cnsa.fr\/\" target=\"_blank\" rel=\"noreferrer noopener\">MDPH<\/a>.<br>&#8211; Pour l\u2019<a href=\"https:\/\/www.service-public.fr\/particuliers\/vosdroits\/R66317\" target=\"_blank\" rel=\"noreferrer noopener\">APA<\/a>, le formulaire est disponible aupr\u00e8s du <a href=\"https:\/\/demande-autonomie.gouv.fr\/?service=DUAPA&amp;portail=3177&amp;modeOuverture=onglet\" target=\"_blank\" rel=\"noreferrer noopener\">Conseil d\u00e9partemental<\/a>.\u00a0<\/li>\n\n\n\n<li>Certificat m\u00e9dical r\u00e9cent :<br>&#8211; D\u00e9livr\u00e9 par un <a href=\"https:\/\/www.doctolib.fr\/\" target=\"_blank\" rel=\"noreferrer noopener\">m\u00e9decin<\/a> et r\u00e9cemment sign\u00e9.<br>&#8211; D\u00e9crivant la perte d\u2019autonomie ou le handicap de la personne en besoin d\u2019aide.<\/li>\n\n\n\n<li>Justificatif d\u2019identit\u00e9 et de domicile : <br>&#8211; De l\u2019aidant\u2022e et de l\u2019aid\u00e9.e, au nom de chacune des deux parties.&nbsp;<\/li>\n\n\n\n<li>Avis d\u2019imposition et relev\u00e9 bancaire : <br>&#8211; De la personne aid\u00e9e pour le versement et le calcul de la participation financi\u00e8re.<\/li>\n<\/ul>\n\n\n\n<h3 class=\"wp-block-heading\">Proc\u00e9dures de soumission et suivi<\/h3>\n\n\n\n<p class=\"wp-block-paragraph\">Une fois tous les documents r\u00e9unis et v\u00e9rifi\u00e9s, vous pouvez les envoyer \u00e0 l\u2019organisme qui va se charger de votre demande. Pour la PCH, ce sera la MDPH de votre d\u00e9partement de r\u00e9sidence et pour l\u2019APA, ce sera aupr\u00e8s de votre Conseil d\u00e9partemental (service autonomie ou personnes \u00e2g\u00e9es).<\/p>\n\n\n\n<p class=\"wp-block-paragraph\">Une fois votre dossier r\u00e9ceptionn\u00e9 par l\u2019administration, cette derni\u00e8re envoie un accus\u00e9 de r\u00e9ception qu\u2019il soit papier ou par email qui pr\u00e9cise g\u00e9n\u00e9ralement un d\u00e9lai indicatif du traitement de votre dossier.&nbsp;<\/p>\n\n\n\n<ul class=\"wp-block-list\">\n<li>La demande de PCH prend environ <a href=\"https:\/\/www.service-public.fr\/particuliers\/vosdroits\/R67285\" target=\"_blank\" rel=\"noreferrer noopener\">4 mois<\/a> apr\u00e8s le d\u00e9p\u00f4t du dossier complet pour \u00eatre trait\u00e9e(16).<\/li>\n\n\n\n<li>Le demande d\u2019APA, elle, prend environ <a href=\"https:\/\/www.xn--cfdt-retraits-mhb.fr\/Comment-demander-l-APA#:~:text=Le%20conseil%20d%C3%A9partemental%20dispose%20d,la%20d%C3%A9cision%20du%20conseil%20g%C3%A9n%C3%A9ral.\" target=\"_blank\" rel=\"noreferrer noopener\">2 mois<\/a> apr\u00e8s r\u00e9ception du dossier complet pour \u00eatre r\u00e9pondue(17).\u00a0<\/li>\n<\/ul>\n\n\n\n<p class=\"wp-block-paragraph\">Pour suivre l\u2019avancement du dossier, vous pouvez contacter les organismes sollicit\u00e9s par mail ou par t\u00e9l\u00e9phone (ou sur votre espace num\u00e9rique si l\u2019organisme en dispose d\u2019un).<\/p>\n\n\n\n<h3 class=\"wp-block-heading\">Cons\u00e9quences fiscales et l\u00e9gales du d\u00e9dommagement<\/h3>\n\n\n\n<p class=\"wp-block-paragraph\">Toucher un d\u00e9dommagement, qu\u2019il soit pour un\u2022e aid\u00e9\u2022e ou un\u2022e aidant\u2022e n\u00e9cessite d\u2019\u00eatre d\u00e9clar\u00e9 aux imp\u00f4ts comme une source de revenus, peu importe qu\u2019elle soit consid\u00e9r\u00e9e comme des b\u00e9n\u00e9fices commerciaux ou non(1). Il n\u2019existe pas d\u2019exon\u00e9ration d\u2019imp\u00f4ts sp\u00e9cifiques aux personnes handicap\u00e9es ou en perte d\u2019autonomie. D\u2019un autre c\u00f4t\u00e9, des r\u00e9ductions ou des avantages fiscaux sont possibles pour aidants et aid\u00e9\u2022es :<\/p>\n\n\n\n<ul class=\"wp-block-list\">\n<li>D\u00e9duction de la pension alimentaire ou des co\u00fbts d\u2019accueil en maison de retraite, variable selon les besoins de l\u2019aid\u00e9\u2022e et les ressources de l\u2019aidant\u2022e.&nbsp;<\/li>\n\n\n\n<li>D\u00e9duction d\u2019une somme forfaitaire pour l\u2019accueil au domicile de l\u2019aidant (environ <a href=\"https:\/\/www.capretraite.fr\/aide-a-domicile\/maintien-a-domicile\/aidant-familial-statut-aides-et-salaire\/\" target=\"_blank\" rel=\"noreferrer noopener\">3968\u20ac <\/a>par parent ou grand-parent accueilli).\u00a0<\/li>\n<\/ul>\n\n\n\n<h3 class=\"wp-block-heading\">Impact du d\u00e9dommagement sur les imp\u00f4ts<\/h3>\n\n\n\n<p class=\"wp-block-paragraph\">Dans le cas du d\u00e9dommagement aidant familial non salari\u00e9, vous devez d\u00e9clarer les revenus obtenus comme des <a href=\"https:\/\/www.ouihelp.fr\/conseils\/aidant\/role-droits-aidant-familial\/\" target=\"_blank\" rel=\"noreferrer noopener\">b\u00e9n\u00e9fices non-commerciaux<\/a> aux imp\u00f4ts(18). Si vous \u00eates un aidant familial salari\u00e9, alors, comme toute personne employ\u00e9e, vous d\u00e9clarez vos revenus normalement aux imp\u00f4ts.\u00a0<\/p>\n\n\n\n<p class=\"wp-block-paragraph\">Pour la personne qui re\u00e7oit les aides comme la PCH et l\u2019APA, <a href=\"https:\/\/www.ouihelp.fr\/conseils\/aidant\/role-droits-aidant-familial\/\" target=\"_blank\" rel=\"noreferrer noopener\">une r\u00e9duction d\u2019imp\u00f4ts est valable et \u00e9gale \u00e0 50% des d\u00e9penses engag\u00e9es et plafonn\u00e9e \u00e0 12000 euros<\/a>(18).<\/p>\n\n\n\n<h2 class=\"wp-block-heading\">FAQ : Questions fr\u00e9quentes sur le d\u00e9dommagement des aidants<\/h2>\n\n\n\n<div data-wp-context=\"{ &quot;autoclose&quot;: false, &quot;accordionItems&quot;: [] }\" data-wp-interactive=\"core\/accordion\" role=\"group\" class=\"wp-block-accordion is-layout-flow wp-block-accordion-is-layout-flow\">\n<div data-wp-class--is-open=\"state.isOpen\" data-wp-context=\"{ &quot;id&quot;: &quot;accordion-item-1&quot;, &quot;openByDefault&quot;: false }\" data-wp-init=\"callbacks.initAccordionItems\" data-wp-on-window--hashchange=\"callbacks.hashChange\" class=\"wp-block-accordion-item is-layout-flow wp-block-accordion-item-is-layout-flow\">\n<h3 class=\"wp-block-accordion-heading\"><button aria-expanded=\"false\" aria-controls=\"accordion-item-1-panel\" data-wp-bind--aria-expanded=\"state.isOpen\" data-wp-on--click=\"actions.toggle\" id=\"accordion-item-1\" type=\"button\" class=\"wp-block-accordion-heading__toggle\"><span class=\"wp-block-accordion-heading__toggle-title\">Peut-on cumuler plusieurs aides ?\u00a0<\/span><span class=\"wp-block-accordion-heading__toggle-icon\" aria-hidden=\"true\">+<\/span><\/button><\/h3>\n\n\n\n<div aria-labelledby=\"accordion-item-1\" data-wp-bind--hidden=\"state.isHidden\" data-wp-on--beforematch=\"actions.handleBeforeMatch\" id=\"accordion-item-1-panel\" role=\"region\" class=\"wp-block-accordion-panel is-layout-flow wp-block-accordion-panel-is-layout-flow\">\n<p class=\"wp-block-paragraph\">Oui, il est possible de cumuler plusieurs aides sous certaines conditions. La PCH (prestation de compensation du handicap), notamment, <a href=\"https:\/\/www.service-public.fr\/particuliers\/vosdroits\/F14764\" target=\"_blank\" rel=\"noreferrer noopener\">peut \u00eatre cumul\u00e9e avec d\u2019autres aides comme l\u2019AAH<\/a> (allocation adultes handicap\u00e9s)(19). Sur un plan moins financier, il est \u00e9galement possible dans le cas de l\u2019aidant, de <a href=\"https:\/\/www.service-public.fr\/particuliers\/vosdroits\/F16920\" target=\"_blank\" rel=\"noreferrer noopener\">cumuler le cong\u00e9 de proche aidant et l\u2019AJPA<\/a> (allocation journali\u00e8re du proche aidant)(14) si l\u2019on est salari\u00e9 d\u2019une entreprise (22 jours par mois par personne aid\u00e9e et 65.80\u20ac par jour).<\/p>\n<\/div>\n<\/div>\n\n\n\n<div data-wp-class--is-open=\"state.isOpen\" data-wp-context=\"{ &quot;id&quot;: &quot;accordion-item-2&quot;, &quot;openByDefault&quot;: false }\" data-wp-init=\"callbacks.initAccordionItems\" data-wp-on-window--hashchange=\"callbacks.hashChange\" class=\"wp-block-accordion-item is-layout-flow wp-block-accordion-item-is-layout-flow\">\n<h3 class=\"wp-block-accordion-heading\"><button aria-expanded=\"false\" aria-controls=\"accordion-item-2-panel\" data-wp-bind--aria-expanded=\"state.isOpen\" data-wp-on--click=\"actions.toggle\" id=\"accordion-item-2\" type=\"button\" class=\"wp-block-accordion-heading__toggle\"><span class=\"wp-block-accordion-heading__toggle-title\">Que faire en cas de refus de d\u00e9dommagement ?<\/span><span class=\"wp-block-accordion-heading__toggle-icon\" aria-hidden=\"true\">+<\/span><\/button><\/h3>\n\n\n\n<div aria-labelledby=\"accordion-item-2\" data-wp-bind--hidden=\"state.isHidden\" data-wp-on--beforematch=\"actions.handleBeforeMatch\" id=\"accordion-item-2-panel\" role=\"region\" class=\"wp-block-accordion-panel is-layout-flow wp-block-accordion-panel-is-layout-flow\">\n<p class=\"wp-block-paragraph\">En cas de refus de d\u00e9dommagement, plusieurs recours sont possibles :\u00a0<\/p>\n\n\n\n<ul class=\"wp-block-list\">\n<li>V\u00e9rifier la raison du refus si vous l\u2019avez et corriger votre dossier ou tenter une autre aide en fonction de la justification.<\/li>\n\n\n\n<li>Si la PCH (prestation de compensation du handicap) est refus\u00e9e \u00e0 l\u2019aid\u00e9.e, il est possible de <a href=\"https:\/\/place-handicap.fr\/IMG\/pdf\/cnsa_17-09_fiches-facilealire_voies-recours_mdph-refuse.pdf\" target=\"_blank\" rel=\"noreferrer noopener\">contester la d\u00e9cision aupr\u00e8s de la CDAPH<\/a> (commission des droits et de l\u2019autonomie des personnes handicap\u00e9es)(20). Apr\u00e8s 4 mois sans r\u00e9ponse, le dossier est en effet, consid\u00e9r\u00e9 comme rejet\u00e9.<br>&#8211; Il est \u00e9galement possible de demander un recours gracieux, c\u2019est-\u00e0-dire, exposer les motifs de la contestation et demander le renouvellement de l\u2019\u00e9tude de votre dossier.<br>&#8211; \u00c0 l\u2019inverse, il existe le recours contentieux, o\u00f9 il sera ici question de saisir un tribunal comp\u00e9tent et de contester la d\u00e9cision.\u00a0<\/li>\n\n\n\n<li>Une demande AAH (allocation aux adultes handicap\u00e9s) <a href=\"https:\/\/mon-handicap.fr\/ma-demande-mdph-refusee\/\" target=\"_blank\" rel=\"noreferrer noopener\">peut suivre le m\u00eame mode de contestation que la PCH s\u2019il y a refus<\/a>(21).\u00a0<\/li>\n<\/ul>\n\n\n\n<p class=\"wp-block-paragraph\">En r\u00e9sum\u00e9, les aidants familiaux peuvent, sous certaines conditions, cumuler plusieurs aides financi\u00e8res telles que la PCH, l&rsquo;APA ou encore l&rsquo;AJPA, tout en respectant les r\u00e9glementations sp\u00e9cifiques \u00e0 chaque dispositif. Pour pr\u00e9server ses droits et assurer une juste reconnaissance de son engagement, chaque aidant doit bien s\u2019informer sur les d\u00e9marches et recours possibles li\u00e9s au d\u00e9dommagement aidant familial non salari\u00e9.<\/p>\n<\/div>\n<\/div>\n\n\n\n<div data-wp-class--is-open=\"state.isOpen\" data-wp-context=\"{ &quot;id&quot;: &quot;accordion-item-3&quot;, &quot;openByDefault&quot;: false }\" data-wp-init=\"callbacks.initAccordionItems\" data-wp-on-window--hashchange=\"callbacks.hashChange\" class=\"wp-block-accordion-item is-layout-flow wp-block-accordion-item-is-layout-flow\">\n<h3 class=\"wp-block-accordion-heading\"><button aria-expanded=\"false\" aria-controls=\"accordion-item-3-panel\" data-wp-bind--aria-expanded=\"state.isOpen\" data-wp-on--click=\"actions.toggle\" id=\"accordion-item-3\" type=\"button\" class=\"wp-block-accordion-heading__toggle\"><span class=\"wp-block-accordion-heading__toggle-title\">Des questions ?\u00a0<\/span><span class=\"wp-block-accordion-heading__toggle-icon\" aria-hidden=\"true\">+<\/span><\/button><\/h3>\n\n\n\n<div aria-labelledby=\"accordion-item-3\" data-wp-bind--hidden=\"state.isHidden\" data-wp-on--beforematch=\"actions.handleBeforeMatch\" id=\"accordion-item-3-panel\" role=\"region\" class=\"wp-block-accordion-panel is-layout-flow wp-block-accordion-panel-is-layout-flow\">\n<p class=\"wp-block-paragraph\">Si vous aidez une personne quotidiennement, vous \u00eates d\u00e9dommag\u00e9 pour votre engagement seulement si la personne aid\u00e9e est b\u00e9n\u00e9ficiaire de la PCH.&nbsp;<\/p>\n\n\n\n<p class=\"wp-block-paragraph\">En 2025 :<\/p>\n\n\n\n<ul class=\"wp-block-list\">\n<li>Si vous avez r\u00e9duit votre activit\u00e9 professionnelle, le d\u00e9dommagement est de 7.04\u20ac de l\u2019heure,&nbsp;<\/li>\n\n\n\n<li>Sinon, il est de 4.69\u20ac de l\u2019heure<\/li>\n<\/ul>\n\n\n\n<p class=\"wp-block-paragraph\">Si vous accompagnez un\u2022e proche en perte d\u2019autonomie, vous pouvez prendre un cong\u00e9 de proche aidant\u2022e.&nbsp;<\/p>\n\n\n\n<p class=\"wp-block-paragraph\">C\u2019est un cong\u00e9 qui peut durer jusqu\u2019\u00e0 un an au total, sur l\u2019ensemble de votre carri\u00e8re et \u00eatre pris par p\u00e9riodes de 3 mois renouvelables.&nbsp;<\/p>\n\n\n\n<p class=\"wp-block-paragraph\">Et pendant ce cong\u00e9, vous b\u00e9n\u00e9ficiez d\u2019une aide financi\u00e8re : l\u2019<strong>Allocation Journali\u00e8re du Proche Aidant (AJPA) <\/strong>qui s\u2019\u00e9l\u00e8ve \u00e0 <strong>65.80\u20ac<\/strong> par jour (2025).<\/p>\n\n\n\n<p class=\"wp-block-paragraph\">Selon le <strong>Code de l\u2019Action Sociale et des Familles<\/strong>, un\u2022e membre de la famille qui apporte une aide r\u00e9guli\u00e8re \u00e0 une personne en situation de handicap peut obtenir le statut d\u2019aidant\u2022e familial\u2022e non salari\u00e9\u2022e. Si la personne aid\u00e9e est <strong>b\u00e9n\u00e9ficiaire de la PCH<\/strong>, vous pouvez potentiellement obtenir un d\u00e9dommagement.<\/p>\n<\/div>\n<\/div>\n<\/div>\n\n\n\n<h2 class=\"wp-block-heading\">Sources<\/h2>\n\n\n\n<ol class=\"wp-block-list\">\n<li>Aidant familial\u202f: statut, aides et salaire &#8211; Cap Retraite [Internet]. 2022 [cit\u00e9 6 mai 2025]. Disponible sur: <a href=\"https:\/\/www.capretraite.fr\/aide-a-domicile\/maintien-a-domicile\/aidant-familial-statut-aides-et-salaire\/\" target=\"_blank\" rel=\"noreferrer noopener\">https:\/\/www.capretraite.fr\/aide-a-domicile\/maintien-a-domicile\/aidant-familial-statut-aides-et-salaire\/<\/a><\/li>\n\n\n\n<li>L\u00e9gifrance. Loi n\u00b0 2005-102 du 11 f\u00e9vrier 2005 pour l\u2019\u00e9galit\u00e9 des droits et des chances, la participation et la citoyennet\u00e9 des personnes handicap\u00e9es (1) [Internet]. Disponible sur: <a href=\"https:\/\/www.legifrance.gouv.fr\/loda\/id\/JORFTEXT000000809647\" target=\"_blank\" rel=\"noreferrer noopener\">https:\/\/www.legifrance.gouv.fr\/loda\/id\/JORFTEXT000000809647<\/a><\/li>\n\n\n\n<li>Qu\u2019est-ce qu\u2019un aidant\u202f? D\u00e9finition, r\u00f4le, aides et reconnaissance [Internet]. [cit\u00e9 6 mai 2025]. Disponible sur: <a href=\"https:\/\/www.ea-lateleassistance.com\/aidant-familial\/quest-ce-quun-aidant-definition-role-aides-et-reconnaissance?srsltid=AfmBOooZb_xSVijEBOF0TTJVlz9Ml77-yQIC9C6_jEZ1ObRT9fjIDMQ1\" target=\"_blank\" rel=\"noreferrer noopener\">https:\/\/www.ea-lateleassistance.com\/aidant-familial\/quest-ce-quun-aidant-definition-role-aides-et-reconnaissance?srsltid=AfmBOooZb_xSVijEBOF0TTJVlz9Ml77-yQIC9C6_jEZ1ObRT9fjIDMQ1<\/a><\/li>\n\n\n\n<li>L\u00e9gifrance. Code de l\u2019action sociale et des familles: Chapitre V\u202f: Prestation de compensatio &#8230; (Articles L245-1 \u00e0 L245-14) [Internet]. Disponible sur: <a href=\"https:\/\/www.legifrance.gouv.fr\/codes\/id\/LEGIARTI000006797117\/2005-02-12\" target=\"_blank\" rel=\"noreferrer noopener\">https:\/\/www.legifrance.gouv.fr\/codes\/id\/LEGIARTI000006797117\/2005-02-12<\/a><\/li>\n\n\n\n<li>Calvarin M. Devenir aidant familial\u202f: 5 conseils pour bien d\u00e9buter [Internet]. Senior-Compagnie.fr. 2024 [cit\u00e9 6 mai 2025]. Disponible sur: <a href=\"https:\/\/senior-compagnie.fr\/devenir-aidant-familial\/\" target=\"_blank\" rel=\"noreferrer noopener\">https:\/\/senior-compagnie.fr\/devenir-aidant-familial\/<\/a><\/li>\n\n\n\n<li>Fiche pratique \u00ab\u00a0Etre d\u00e9dommag\u00e9 en tant qu\u2019aidant\u00a0\u00bb [Internet]. Association Fran\u00e7aise des aidants. 2025 [cit\u00e9 6 mai 2025]. Disponible sur: <a href=\"https:\/\/www.aidants.fr\/fiche-pratique-etre-dedommage-en-tant-quaidant\/\" target=\"_blank\" rel=\"noreferrer noopener\">https:\/\/www.aidants.fr\/fiche-pratique-etre-dedommage-en-tant-quaidant\/<\/a><\/li>\n\n\n\n<li>L\u00e9gifrance. LOI n\u00b0 2015-1776 du 28 d\u00e9cembre 2015 relative \u00e0 l\u2019adaptation de la soci\u00e9t\u00e9 au vieillissement (1) [Internet]. Disponible sur: <a href=\"https:\/\/www.legifrance.gouv.fr\/loda\/id\/JORFTEXT000031700731\" target=\"_blank\" rel=\"noreferrer noopener\">https:\/\/www.legifrance.gouv.fr\/loda\/id\/JORFTEXT000031700731<\/a><\/li>\n\n\n\n<li>L\u00e9gifrance. Code de l\u2019action sociale et des familles: Chapitre III\u202f: Personnes \u00e2g\u00e9es. [Internet]. Disponible sur: <a href=\"https:\/\/www.legifrance.gouv.fr\/codes\/article_lc\/LEGIARTI000049391296\" target=\"_blank\" rel=\"noreferrer noopener\">https:\/\/www.legifrance.gouv.fr\/codes\/article_lc\/LEGIARTI000049391296<\/a><\/li>\n\n\n\n<li>Prestation de compensation du handicap (PCH) [Internet]. [cit\u00e9 2 mai 2025]. Disponible sur: <a href=\"https:\/\/www.service-public.fr\/particuliers\/vosdroits\/F14202\" target=\"_blank\" rel=\"noreferrer noopener\">https:\/\/www.service-public.fr\/particuliers\/vosdroits\/F14202<\/a><\/li>\n\n\n\n<li>Allocation personnalis\u00e9e d\u2019autonomie (Apa) [Internet]. [cit\u00e9 6 mai 2025]. Disponible sur: <a href=\"https:\/\/www.service-public.fr\/particuliers\/vosdroits\/F10009\">https:\/\/www.service-public.fr\/particuliers\/vosdroits\/F10009<\/a><\/li>\n\n\n\n<li>Allocation journali\u00e8re d\u2019accompagnement d\u2019une personne en fin de vie [Internet]. [cit\u00e9 6 mai 2025]. Disponible sur: <a href=\"https:\/\/www.service-public.fr\/particuliers\/vosdroits\/F706\" target=\"_blank\" rel=\"noreferrer noopener\">https:\/\/www.service-public.fr\/particuliers\/vosdroits\/F706<\/a><\/li>\n\n\n\n<li>L\u2019aide au r\u00e9pit dans le cadre de l\u2019APA [Internet]. 2025 [cit\u00e9 6 mai 2025]. Disponible sur: <a href=\"https:\/\/www.pour-les-personnes-agees.gouv.fr\/solutions-pour-les-aidants\/soutien-financier\/l-aide-au-repit-dans-le-cadre-de-l-apa\" target=\"_blank\" rel=\"noreferrer noopener\">https:\/\/www.pour-les-personnes-agees.gouv.fr\/solutions-pour-les-aidants\/soutien-financier\/l-aide-au-repit-dans-le-cadre-de-l-apa<\/a><\/li>\n\n\n\n<li>Tout sur la prestation de compensation du handicap (PCH) | Cap Retraite [Internet]. 2016 [cit\u00e9 6 mai 2025]. Disponible sur: <a href=\"https:\/\/www.capretraite.fr\/obtenir-aides-seniors\/aides-financieres\/prestation-de-compensation-du-handicap-pch\/\" target=\"_blank\" rel=\"noreferrer noopener\">https:\/\/www.capretraite.fr\/obtenir-aides-seniors\/aides-financieres\/prestation-de-compensation-du-handicap-pch\/<\/a><\/li>\n\n\n\n<li>Cong\u00e9 de proche aidant [Internet]. [cit\u00e9 6 mai 2025]. Disponible sur: <a href=\"https:\/\/www.service-public.fr\/particuliers\/vosdroits\/F16920\" target=\"_blank\" rel=\"noreferrer noopener\">https:\/\/www.service-public.fr\/particuliers\/vosdroits\/F16920<\/a><\/li>\n\n\n\n<li>Peut-on utiliser l\u2019Apa ou la PCH pour payer un salari\u00e9 ou un aidant familial\u202f? [Internet]. [cit\u00e9 6 mai 2025]. Disponible sur: <a href=\"https:\/\/www.service-public.fr\/particuliers\/vosdroits\/F32794\" target=\"_blank\" rel=\"noreferrer noopener\">https:\/\/www.service-public.fr\/particuliers\/vosdroits\/F32794<\/a><\/li>\n\n\n\n<li>Demande de prestations MDPH (AAH, PCH &#8230;) et renouvellement [Internet]. [cit\u00e9 6 mai 2025]. Disponible sur: <a href=\"https:\/\/www.service-public.fr\/particuliers\/vosdroits\/R67285\" target=\"_blank\" rel=\"noreferrer noopener\">https:\/\/www.service-public.fr\/particuliers\/vosdroits\/R67285<\/a><\/li>\n\n\n\n<li>CFDT Retrait\u00e9s [Internet]. [cit\u00e9 6 mai 2025]. 13 Comment demander l\u2019APA\u202f? Disponible sur: <a href=\"https:\/\/www.xn--cfdt-retraits-mhb.fr\/Comment-demander-l-APA\">https:\/\/www.xn--cfdt-retraits-mhb.fr\/Comment-demander-l-AP<\/a><a href=\"https:\/\/www.xn--cfdt-retraits-mhb.fr\/Comment-demander-l-APA\" target=\"_blank\" rel=\"noreferrer noopener\">A<\/a><\/li>\n\n\n\n<li>Nouvelle loi 2022\u202f: Les droits de l\u2019aidant familial [Internet]. [cit\u00e9 6 mai 2025]. Disponible sur: <a href=\"https:\/\/www.ouihelp.fr\/conseils\/aidant\/role-droits-aidant-familial\/\" target=\"_blank\" rel=\"noreferrer noopener\">https:\/\/www.ouihelp.fr\/conseils\/aidant\/role-droits-aidant-familial\/<\/a><\/li>\n\n\n\n<li>Handicap\u202f: peut-on cumuler la PCH avec d\u2019autres allocations\u202f? [Internet]. [cit\u00e9 6 mai 2025]. Disponible sur: <a href=\"https:\/\/www.service-public.fr\/particuliers\/vosdroits\/F14764\" target=\"_blank\" rel=\"noreferrer noopener\">https:\/\/www.service-public.fr\/particuliers\/vosdroits\/F14764<\/a><\/li>\n\n\n\n<li>CNSA. Votre demande d\u2019aide \u00e0 la MDPH a \u00e9t\u00e9 refus\u00e9e\u202f: comment dire que vous n\u2019\u00eates pas d\u2019accord\u202f? [Internet]. Disponible sur: <a href=\"https:\/\/place-handicap.fr\/IMG\/pdf\/cnsa_17-09_fiches-facilealire_voies-recours_mdph-refuse.pdf\" target=\"_blank\" rel=\"noreferrer noopener\">https:\/\/place-handicap.fr\/IMG\/pdf\/cnsa_17-09_fiches-facilealire_voies-recours_mdph-refuse.pdf<\/a><\/li>\n\n\n\n<li>Ma demande MDPH a \u00e9t\u00e9 refus\u00e9e &#8211; Refus AAH RQTH ou PCH [Internet]. Mon handicap. [cit\u00e9 6 mai 2025]. Disponible sur: <a href=\"https:\/\/mon-handicap.fr\/ma-demande-mdph-refusee\/\" target=\"_blank\" rel=\"noreferrer noopener\">https:\/\/mon-handicap.fr\/ma-demande-mdph-refusee\/<\/a><\/li>\n<\/ol>\n","protected":false},"excerpt":{"rendered":"<p>Avec le vieillissement de la population entra\u00eenant une hausse des pertes d\u2019autonomie, le r\u00f4le de l\u2019aidant familial devient central. L\u2019implication demand\u00e9e se fait alors \u00e0 tous les niveaux pour les aidants : familial, professionnel et financier. Afin de valoriser cet engagement, cette tierce personne au service d\u2019une autre, peut b\u00e9n\u00e9ficier d\u2019un d\u00e9dommagement aidant familial non salari\u00e9 ou salari\u00e9, en \u00e9change de l\u2019aide qu\u2019elle fournit \u00e0 la personne en situation de handicap, de maladie ou en perte d\u2019autonomie(1). <\/p>\n","protected":false},"author":3,"featured_media":19070,"comment_status":"open","ping_status":"open","sticky":false,"template":"","format":"standard","meta":{"_kad_blocks_custom_css":"","_kad_blocks_head_custom_js":"","_kad_blocks_body_custom_js":"","_kad_blocks_footer_custom_js":"","footnotes":""},"categories":[235,236],"tags":[],"class_list":["post-19068","post","type-post","status-publish","format-standard","has-post-thumbnail","hentry","category-aidants","category-dispositifs-aide"],"yoast_head":"<!-- This site is optimized with the Yoast SEO plugin v28.4 - https:\/\/yoast.com\/product\/yoast-seo-wordpress\/ -->\n<title>D\u00e9dommagement aidant familial non salari\u00e9<\/title>\n<meta name=\"description\" content=\"D\u00e9couvrez vos droits au d\u00e9dommagement en tant qu&#039;aidant familial non salari\u00e9. Guide complet sur les aides financi\u00e8res et les d\u00e9marches \u00e0 suivre.\" \/>\n<meta name=\"robots\" content=\"noindex, follow, max-snippet:-1, max-image-preview:large, max-video-preview:-1\" \/>\n<meta property=\"og:locale\" content=\"fr_FR\" \/>\n<meta property=\"og:type\" content=\"article\" \/>\n<meta property=\"og:title\" content=\"D\u00e9dommagement aidant familial non salari\u00e9\" \/>\n<meta property=\"og:description\" content=\"D\u00e9couvrez vos droits au d\u00e9dommagement en tant qu&#039;aidant familial non salari\u00e9. Guide complet sur les aides financi\u00e8res et les d\u00e9marches \u00e0 suivre.\" \/>\n<meta property=\"og:url\" content=\"https:\/\/preprod.weasywyg.com\/fr\/2024\/11\/14\/dedommagement-aidant-familial-non-salarie\/\" \/>\n<meta property=\"og:site_name\" content=\"Orthopus\" \/>\n<meta property=\"article:published_time\" content=\"2024-11-14T15:07:00+00:00\" \/>\n<meta property=\"article:modified_time\" content=\"2026-07-20T15:14:41+00:00\" \/>\n<meta property=\"og:image\" content=\"https:\/\/preprod.weasywyg.com\/wp-content\/uploads\/2026\/07\/IMG-250625-Couv-Dedommagement-aidant-familial-non-salarie-scaled.jpg\" \/>\n\t<meta property=\"og:image:width\" content=\"2560\" \/>\n\t<meta property=\"og:image:height\" content=\"1109\" \/>\n\t<meta property=\"og:image:type\" content=\"image\/jpeg\" \/>\n<meta name=\"author\" content=\"Pierre Murzeau\" \/>\n<meta name=\"twitter:card\" content=\"summary_large_image\" \/>\n<meta name=\"twitter:label1\" content=\"\u00c9crit par\" \/>\n\t<meta name=\"twitter:data1\" content=\"Pierre Murzeau\" \/>\n\t<meta name=\"twitter:label2\" content=\"Dur\u00e9e de lecture estim\u00e9e\" \/>\n\t<meta name=\"twitter:data2\" content=\"17 minutes\" \/>\n<script type=\"application\/ld+json\" class=\"yoast-schema-graph\">{\"@context\":\"https:\\\/\\\/schema.org\",\"@graph\":[{\"@type\":\"Article\",\"@id\":\"https:\\\/\\\/preprod.weasywyg.com\\\/fr\\\/2024\\\/11\\\/14\\\/dedommagement-aidant-familial-non-salarie\\\/#article\",\"isPartOf\":{\"@id\":\"https:\\\/\\\/preprod.weasywyg.com\\\/fr\\\/2024\\\/11\\\/14\\\/dedommagement-aidant-familial-non-salarie\\\/\"},\"author\":{\"name\":\"Pierre Murzeau\",\"@id\":\"https:\\\/\\\/preprod.weasywyg.com\\\/fr\\\/#\\\/schema\\\/person\\\/8b4382f5e6156ac0dec30415bb591535\"},\"headline\":\"Tout savoir sur le d\u00e9dommagement des aidants familiaux non salari\u00e9s\",\"datePublished\":\"2024-11-14T15:07:00+00:00\",\"dateModified\":\"2026-07-20T15:14:41+00:00\",\"mainEntityOfPage\":{\"@id\":\"https:\\\/\\\/preprod.weasywyg.com\\\/fr\\\/2024\\\/11\\\/14\\\/dedommagement-aidant-familial-non-salarie\\\/\"},\"wordCount\":3780,\"commentCount\":0,\"publisher\":{\"@id\":\"https:\\\/\\\/preprod.weasywyg.com\\\/fr\\\/#organization\"},\"image\":{\"@id\":\"https:\\\/\\\/preprod.weasywyg.com\\\/fr\\\/2024\\\/11\\\/14\\\/dedommagement-aidant-familial-non-salarie\\\/#primaryimage\"},\"thumbnailUrl\":\"https:\\\/\\\/preprod.weasywyg.com\\\/wp-content\\\/uploads\\\/2026\\\/07\\\/IMG-250625-Couv-Dedommagement-aidant-familial-non-salarie-scaled.jpg\",\"articleSection\":[\"Aidants\",\"Dispositifs d'aide\"],\"inLanguage\":\"fr-FR\",\"potentialAction\":[{\"@type\":\"CommentAction\",\"name\":\"Comment\",\"target\":[\"https:\\\/\\\/preprod.weasywyg.com\\\/fr\\\/2024\\\/11\\\/14\\\/dedommagement-aidant-familial-non-salarie\\\/#respond\"]}]},{\"@type\":\"WebPage\",\"@id\":\"https:\\\/\\\/preprod.weasywyg.com\\\/fr\\\/2024\\\/11\\\/14\\\/dedommagement-aidant-familial-non-salarie\\\/\",\"url\":\"https:\\\/\\\/preprod.weasywyg.com\\\/fr\\\/2024\\\/11\\\/14\\\/dedommagement-aidant-familial-non-salarie\\\/\",\"name\":\"D\u00e9dommagement aidant familial non salari\u00e9\",\"isPartOf\":{\"@id\":\"https:\\\/\\\/preprod.weasywyg.com\\\/fr\\\/#website\"},\"primaryImageOfPage\":{\"@id\":\"https:\\\/\\\/preprod.weasywyg.com\\\/fr\\\/2024\\\/11\\\/14\\\/dedommagement-aidant-familial-non-salarie\\\/#primaryimage\"},\"image\":{\"@id\":\"https:\\\/\\\/preprod.weasywyg.com\\\/fr\\\/2024\\\/11\\\/14\\\/dedommagement-aidant-familial-non-salarie\\\/#primaryimage\"},\"thumbnailUrl\":\"https:\\\/\\\/preprod.weasywyg.com\\\/wp-content\\\/uploads\\\/2026\\\/07\\\/IMG-250625-Couv-Dedommagement-aidant-familial-non-salarie-scaled.jpg\",\"datePublished\":\"2024-11-14T15:07:00+00:00\",\"dateModified\":\"2026-07-20T15:14:41+00:00\",\"description\":\"D\u00e9couvrez vos droits au d\u00e9dommagement en tant qu'aidant familial non salari\u00e9. Guide complet sur les aides financi\u00e8res et les d\u00e9marches \u00e0 suivre.\",\"breadcrumb\":{\"@id\":\"https:\\\/\\\/preprod.weasywyg.com\\\/fr\\\/2024\\\/11\\\/14\\\/dedommagement-aidant-familial-non-salarie\\\/#breadcrumb\"},\"inLanguage\":\"fr-FR\",\"potentialAction\":[{\"@type\":\"ReadAction\",\"target\":[\"https:\\\/\\\/preprod.weasywyg.com\\\/fr\\\/2024\\\/11\\\/14\\\/dedommagement-aidant-familial-non-salarie\\\/\"]}]},{\"@type\":\"ImageObject\",\"inLanguage\":\"fr-FR\",\"@id\":\"https:\\\/\\\/preprod.weasywyg.com\\\/fr\\\/2024\\\/11\\\/14\\\/dedommagement-aidant-familial-non-salarie\\\/#primaryimage\",\"url\":\"https:\\\/\\\/preprod.weasywyg.com\\\/wp-content\\\/uploads\\\/2026\\\/07\\\/IMG-250625-Couv-Dedommagement-aidant-familial-non-salarie-scaled.jpg\",\"contentUrl\":\"https:\\\/\\\/preprod.weasywyg.com\\\/wp-content\\\/uploads\\\/2026\\\/07\\\/IMG-250625-Couv-Dedommagement-aidant-familial-non-salarie-scaled.jpg\",\"width\":2560,\"height\":1109},{\"@type\":\"BreadcrumbList\",\"@id\":\"https:\\\/\\\/preprod.weasywyg.com\\\/fr\\\/2024\\\/11\\\/14\\\/dedommagement-aidant-familial-non-salarie\\\/#breadcrumb\",\"itemListElement\":[{\"@type\":\"ListItem\",\"position\":1,\"name\":\"Accueil\",\"item\":\"https:\\\/\\\/preprod.weasywyg.com\\\/fr\\\/\"},{\"@type\":\"ListItem\",\"position\":2,\"name\":\"Tout savoir sur le d\u00e9dommagement des aidants familiaux non salari\u00e9s\"}]},{\"@type\":\"WebSite\",\"@id\":\"https:\\\/\\\/preprod.weasywyg.com\\\/fr\\\/#website\",\"url\":\"https:\\\/\\\/preprod.weasywyg.com\\\/fr\\\/\",\"name\":\"Orthopus\",\"description\":\"Handitech solutions for everyone\",\"publisher\":{\"@id\":\"https:\\\/\\\/preprod.weasywyg.com\\\/fr\\\/#organization\"},\"potentialAction\":[{\"@type\":\"SearchAction\",\"target\":{\"@type\":\"EntryPoint\",\"urlTemplate\":\"https:\\\/\\\/preprod.weasywyg.com\\\/fr\\\/?s={search_term_string}\"},\"query-input\":{\"@type\":\"PropertyValueSpecification\",\"valueRequired\":true,\"valueName\":\"search_term_string\"}}],\"inLanguage\":\"fr-FR\"},{\"@type\":\"Organization\",\"@id\":\"https:\\\/\\\/preprod.weasywyg.com\\\/fr\\\/#organization\",\"name\":\"Orthopus\",\"url\":\"https:\\\/\\\/preprod.weasywyg.com\\\/fr\\\/\",\"logo\":{\"@type\":\"ImageObject\",\"inLanguage\":\"fr-FR\",\"@id\":\"https:\\\/\\\/preprod.weasywyg.com\\\/fr\\\/#\\\/schema\\\/logo\\\/image\\\/\",\"url\":\"https:\\\/\\\/preprod.weasywyg.com\\\/wp-content\\\/uploads\\\/2026\\\/05\\\/logo.svg\",\"contentUrl\":\"https:\\\/\\\/preprod.weasywyg.com\\\/wp-content\\\/uploads\\\/2026\\\/05\\\/logo.svg\",\"caption\":\"Orthopus\"},\"image\":{\"@id\":\"https:\\\/\\\/preprod.weasywyg.com\\\/fr\\\/#\\\/schema\\\/logo\\\/image\\\/\"}},{\"@type\":\"Person\",\"@id\":\"https:\\\/\\\/preprod.weasywyg.com\\\/fr\\\/#\\\/schema\\\/person\\\/8b4382f5e6156ac0dec30415bb591535\",\"name\":\"Pierre Murzeau\",\"image\":{\"@type\":\"ImageObject\",\"inLanguage\":\"fr-FR\",\"@id\":\"https:\\\/\\\/secure.gravatar.com\\\/avatar\\\/9c3ed8fbf8227342dcec0e3c388c902ea09285b1b3c21e000bf3853a2729a85b?s=96&d=mm&r=g\",\"url\":\"https:\\\/\\\/secure.gravatar.com\\\/avatar\\\/9c3ed8fbf8227342dcec0e3c388c902ea09285b1b3c21e000bf3853a2729a85b?s=96&d=mm&r=g\",\"contentUrl\":\"https:\\\/\\\/secure.gravatar.com\\\/avatar\\\/9c3ed8fbf8227342dcec0e3c388c902ea09285b1b3c21e000bf3853a2729a85b?s=96&d=mm&r=g\",\"caption\":\"Pierre Murzeau\"},\"url\":\"https:\\\/\\\/preprod.weasywyg.com\\\/fr\\\/author\\\/orthopus-pierre-26\\\/\"}]}<\/script>\n<!-- \/ Yoast SEO plugin. -->","yoast_head_json":{"title":"D\u00e9dommagement aidant familial non salari\u00e9","description":"D\u00e9couvrez vos droits au d\u00e9dommagement en tant qu'aidant familial non salari\u00e9. Guide complet sur les aides financi\u00e8res et les d\u00e9marches \u00e0 suivre.","robots":{"index":"noindex","follow":"follow","max-snippet":"max-snippet:-1","max-image-preview":"max-image-preview:large","max-video-preview":"max-video-preview:-1"},"og_locale":"fr_FR","og_type":"article","og_title":"D\u00e9dommagement aidant familial non salari\u00e9","og_description":"D\u00e9couvrez vos droits au d\u00e9dommagement en tant qu'aidant familial non salari\u00e9. Guide complet sur les aides financi\u00e8res et les d\u00e9marches \u00e0 suivre.","og_url":"https:\/\/preprod.weasywyg.com\/fr\/2024\/11\/14\/dedommagement-aidant-familial-non-salarie\/","og_site_name":"Orthopus","article_published_time":"2024-11-14T15:07:00+00:00","article_modified_time":"2026-07-20T15:14:41+00:00","og_image":[{"width":2560,"height":1109,"url":"https:\/\/preprod.weasywyg.com\/wp-content\/uploads\/2026\/07\/IMG-250625-Couv-Dedommagement-aidant-familial-non-salarie-scaled.jpg","type":"image\/jpeg"}],"author":"Pierre Murzeau","twitter_card":"summary_large_image","twitter_misc":{"\u00c9crit par":"Pierre Murzeau","Dur\u00e9e de lecture estim\u00e9e":"17 minutes"},"schema":{"@context":"https:\/\/schema.org","@graph":[{"@type":"Article","@id":"https:\/\/preprod.weasywyg.com\/fr\/2024\/11\/14\/dedommagement-aidant-familial-non-salarie\/#article","isPartOf":{"@id":"https:\/\/preprod.weasywyg.com\/fr\/2024\/11\/14\/dedommagement-aidant-familial-non-salarie\/"},"author":{"name":"Pierre Murzeau","@id":"https:\/\/preprod.weasywyg.com\/fr\/#\/schema\/person\/8b4382f5e6156ac0dec30415bb591535"},"headline":"Tout savoir sur le d\u00e9dommagement des aidants familiaux non salari\u00e9s","datePublished":"2024-11-14T15:07:00+00:00","dateModified":"2026-07-20T15:14:41+00:00","mainEntityOfPage":{"@id":"https:\/\/preprod.weasywyg.com\/fr\/2024\/11\/14\/dedommagement-aidant-familial-non-salarie\/"},"wordCount":3780,"commentCount":0,"publisher":{"@id":"https:\/\/preprod.weasywyg.com\/fr\/#organization"},"image":{"@id":"https:\/\/preprod.weasywyg.com\/fr\/2024\/11\/14\/dedommagement-aidant-familial-non-salarie\/#primaryimage"},"thumbnailUrl":"https:\/\/preprod.weasywyg.com\/wp-content\/uploads\/2026\/07\/IMG-250625-Couv-Dedommagement-aidant-familial-non-salarie-scaled.jpg","articleSection":["Aidants","Dispositifs d'aide"],"inLanguage":"fr-FR","potentialAction":[{"@type":"CommentAction","name":"Comment","target":["https:\/\/preprod.weasywyg.com\/fr\/2024\/11\/14\/dedommagement-aidant-familial-non-salarie\/#respond"]}]},{"@type":"WebPage","@id":"https:\/\/preprod.weasywyg.com\/fr\/2024\/11\/14\/dedommagement-aidant-familial-non-salarie\/","url":"https:\/\/preprod.weasywyg.com\/fr\/2024\/11\/14\/dedommagement-aidant-familial-non-salarie\/","name":"D\u00e9dommagement aidant familial non salari\u00e9","isPartOf":{"@id":"https:\/\/preprod.weasywyg.com\/fr\/#website"},"primaryImageOfPage":{"@id":"https:\/\/preprod.weasywyg.com\/fr\/2024\/11\/14\/dedommagement-aidant-familial-non-salarie\/#primaryimage"},"image":{"@id":"https:\/\/preprod.weasywyg.com\/fr\/2024\/11\/14\/dedommagement-aidant-familial-non-salarie\/#primaryimage"},"thumbnailUrl":"https:\/\/preprod.weasywyg.com\/wp-content\/uploads\/2026\/07\/IMG-250625-Couv-Dedommagement-aidant-familial-non-salarie-scaled.jpg","datePublished":"2024-11-14T15:07:00+00:00","dateModified":"2026-07-20T15:14:41+00:00","description":"D\u00e9couvrez vos droits au d\u00e9dommagement en tant qu'aidant familial non salari\u00e9. Guide complet sur les aides financi\u00e8res et les d\u00e9marches \u00e0 suivre.","breadcrumb":{"@id":"https:\/\/preprod.weasywyg.com\/fr\/2024\/11\/14\/dedommagement-aidant-familial-non-salarie\/#breadcrumb"},"inLanguage":"fr-FR","potentialAction":[{"@type":"ReadAction","target":["https:\/\/preprod.weasywyg.com\/fr\/2024\/11\/14\/dedommagement-aidant-familial-non-salarie\/"]}]},{"@type":"ImageObject","inLanguage":"fr-FR","@id":"https:\/\/preprod.weasywyg.com\/fr\/2024\/11\/14\/dedommagement-aidant-familial-non-salarie\/#primaryimage","url":"https:\/\/preprod.weasywyg.com\/wp-content\/uploads\/2026\/07\/IMG-250625-Couv-Dedommagement-aidant-familial-non-salarie-scaled.jpg","contentUrl":"https:\/\/preprod.weasywyg.com\/wp-content\/uploads\/2026\/07\/IMG-250625-Couv-Dedommagement-aidant-familial-non-salarie-scaled.jpg","width":2560,"height":1109},{"@type":"BreadcrumbList","@id":"https:\/\/preprod.weasywyg.com\/fr\/2024\/11\/14\/dedommagement-aidant-familial-non-salarie\/#breadcrumb","itemListElement":[{"@type":"ListItem","position":1,"name":"Accueil","item":"https:\/\/preprod.weasywyg.com\/fr\/"},{"@type":"ListItem","position":2,"name":"Tout savoir sur le d\u00e9dommagement des aidants familiaux non salari\u00e9s"}]},{"@type":"WebSite","@id":"https:\/\/preprod.weasywyg.com\/fr\/#website","url":"https:\/\/preprod.weasywyg.com\/fr\/","name":"Orthopus","description":"Handitech solutions for everyone","publisher":{"@id":"https:\/\/preprod.weasywyg.com\/fr\/#organization"},"potentialAction":[{"@type":"SearchAction","target":{"@type":"EntryPoint","urlTemplate":"https:\/\/preprod.weasywyg.com\/fr\/?s={search_term_string}"},"query-input":{"@type":"PropertyValueSpecification","valueRequired":true,"valueName":"search_term_string"}}],"inLanguage":"fr-FR"},{"@type":"Organization","@id":"https:\/\/preprod.weasywyg.com\/fr\/#organization","name":"Orthopus","url":"https:\/\/preprod.weasywyg.com\/fr\/","logo":{"@type":"ImageObject","inLanguage":"fr-FR","@id":"https:\/\/preprod.weasywyg.com\/fr\/#\/schema\/logo\/image\/","url":"https:\/\/preprod.weasywyg.com\/wp-content\/uploads\/2026\/05\/logo.svg","contentUrl":"https:\/\/preprod.weasywyg.com\/wp-content\/uploads\/2026\/05\/logo.svg","caption":"Orthopus"},"image":{"@id":"https:\/\/preprod.weasywyg.com\/fr\/#\/schema\/logo\/image\/"}},{"@type":"Person","@id":"https:\/\/preprod.weasywyg.com\/fr\/#\/schema\/person\/8b4382f5e6156ac0dec30415bb591535","name":"Pierre Murzeau","image":{"@type":"ImageObject","inLanguage":"fr-FR","@id":"https:\/\/secure.gravatar.com\/avatar\/9c3ed8fbf8227342dcec0e3c388c902ea09285b1b3c21e000bf3853a2729a85b?s=96&d=mm&r=g","url":"https:\/\/secure.gravatar.com\/avatar\/9c3ed8fbf8227342dcec0e3c388c902ea09285b1b3c21e000bf3853a2729a85b?s=96&d=mm&r=g","contentUrl":"https:\/\/secure.gravatar.com\/avatar\/9c3ed8fbf8227342dcec0e3c388c902ea09285b1b3c21e000bf3853a2729a85b?s=96&d=mm&r=g","caption":"Pierre Murzeau"},"url":"https:\/\/preprod.weasywyg.com\/fr\/author\/orthopus-pierre-26\/"}]}},"taxonomy_info":{"category":[{"value":235,"label":"Aidants"},{"value":236,"label":"Dispositifs d'aide"}]},"featured_image_src_large":["https:\/\/preprod.weasywyg.com\/wp-content\/uploads\/2026\/07\/IMG-250625-Couv-Dedommagement-aidant-familial-non-salarie-1024x444.jpg",1024,444,true],"author_info":{"display_name":"Pierre Murzeau","author_link":"https:\/\/preprod.weasywyg.com\/fr\/author\/orthopus-pierre-26\/"},"comment_info":0,"category_info":[{"term_id":235,"name":"Aidants","slug":"aidants","term_group":0,"term_taxonomy_id":235,"taxonomy":"category","description":"","parent":0,"count":9,"filter":"raw","cat_ID":235,"category_count":9,"category_description":"","cat_name":"Aidants","category_nicename":"aidants","category_parent":0},{"term_id":236,"name":"Dispositifs d'aide","slug":"dispositifs-aide","term_group":0,"term_taxonomy_id":236,"taxonomy":"category","description":"","parent":0,"count":9,"filter":"raw","cat_ID":236,"category_count":9,"category_description":"","cat_name":"Dispositifs d'aide","category_nicename":"dispositifs-aide","category_parent":0}],"tag_info":false,"_links":{"self":[{"href":"https:\/\/preprod.weasywyg.com\/fr\/wp-json\/wp\/v2\/posts\/19068","targetHints":{"allow":["GET"]}}],"collection":[{"href":"https:\/\/preprod.weasywyg.com\/fr\/wp-json\/wp\/v2\/posts"}],"about":[{"href":"https:\/\/preprod.weasywyg.com\/fr\/wp-json\/wp\/v2\/types\/post"}],"author":[{"embeddable":true,"href":"https:\/\/preprod.weasywyg.com\/fr\/wp-json\/wp\/v2\/users\/3"}],"replies":[{"embeddable":true,"href":"https:\/\/preprod.weasywyg.com\/fr\/wp-json\/wp\/v2\/comments?post=19068"}],"version-history":[{"count":3,"href":"https:\/\/preprod.weasywyg.com\/fr\/wp-json\/wp\/v2\/posts\/19068\/revisions"}],"predecessor-version":[{"id":19398,"href":"https:\/\/preprod.weasywyg.com\/fr\/wp-json\/wp\/v2\/posts\/19068\/revisions\/19398"}],"wp:featuredmedia":[{"embeddable":true,"href":"https:\/\/preprod.weasywyg.com\/fr\/wp-json\/wp\/v2\/media\/19070"}],"wp:attachment":[{"href":"https:\/\/preprod.weasywyg.com\/fr\/wp-json\/wp\/v2\/media?parent=19068"}],"wp:term":[{"taxonomy":"category","embeddable":true,"href":"https:\/\/preprod.weasywyg.com\/fr\/wp-json\/wp\/v2\/categories?post=19068"},{"taxonomy":"post_tag","embeddable":true,"href":"https:\/\/preprod.weasywyg.com\/fr\/wp-json\/wp\/v2\/tags?post=19068"}],"curies":[{"name":"wp","href":"https:\/\/api.w.org\/{rel}","templated":true}]}}