{"id":19129,"date":"2025-02-04T12:14:21","date_gmt":"2025-02-04T11:14:21","guid":{"rendered":"https:\/\/preprod.weasywyg.com\/?p=19129"},"modified":"2026-07-20T17:12:51","modified_gmt":"2026-07-20T15:12:51","slug":"halte-repit","status":"publish","type":"post","link":"https:\/\/preprod.weasywyg.com\/fr\/2025\/02\/04\/halte-repit\/","title":{"rendered":"Halte r\u00e9pit : tout ce qu&rsquo;il faut savoir pour soulager les aidants"},"content":{"rendered":"\n<h2 class=\"wp-block-heading\">Qu&rsquo;est-ce qu&rsquo;une halte r\u00e9pit et \u00e0 qui s&rsquo;adresse-t-elle ? <\/h2>\n\n\n\n<h3 class=\"wp-block-heading\">D\u00e9finition et missions des haltes r\u00e9pit<\/h3>\n\n\n\n<p class=\"wp-block-paragraph\">Dans les l\u00e9gendes arthuriennes, il est souvent fait mention d\u2019un lieu mythique : l\u2019<a href=\"https:\/\/fr.wikipedia.org\/wiki\/Avalon\" target=\"_blank\" rel=\"noreferrer noopener\">\u00eele d\u2019Avalon<\/a>. Si ce nom ne vous dit rien, c\u2019est peut-\u00eatre parce qu\u2019il \u00e9voque un aspect m\u00e9connu de l\u2019\u00e9pop\u00e9e du roi Arthur, le repos. Et il faut bien l\u2019avouer, c\u2019est tout de suite moins palpitant que les combats et les qu\u00eates. Selon les versions, l\u2019arriv\u00e9e sur l\u2019\u00eele varie, mais certains th\u00e8mes reviennent toujours : une barque myst\u00e9rieuse, un lieu de gu\u00e9rison et de paix, o\u00f9 Arthur se retire pour reprendre des forces. Avalon n\u2019est pas une fin : c\u2019est une parenth\u00e8se r\u00e9paratrice.<\/p>\n\n\n\n<p class=\"wp-block-paragraph\">Nos temps modernes ont cess\u00e9 de conter les merveilles d\u2019Avalon, mais nous en avons toutefois retrouv\u00e9 une certaine forme appel\u00e9e halte r\u00e9pit. Il s\u2019agit de centres d\u2019accueil pour les personnes qui n\u00e9cessitent la pr\u00e9sence quasi constante d\u2019un\u2022e aidant\u2022e dans leur quotidien. Ces lieux sont non m\u00e9dicalis\u00e9s o\u00f9 des activit\u00e9s sont organis\u00e9es pour stimuler les occupants temporaires. Cela permet aux aidant\u2022es de prendre du temps pour eux. Les haltes r\u00e9pit sont utiles pour leurs r\u00e9sidents d\u2019un jour, car ils rompent l\u2019isolement dans un cadre s\u00e9curis\u00e9 avec un v\u00e9ritable objectif.<\/p>\n\n\n\n<p class=\"wp-block-paragraph\">Les haltes r\u00e9pit se distinguent des solutions d\u2019accueil plus longues. Les haltes sont des temps limit\u00e9s avec un objectif clair et un public d\u00e9fini. Il est important d\u2019adapter l\u2019accompagnement aux profils sp\u00e9cifiques. Il est impossible&nbsp; de proposer la m\u00eame chose \u00e0 un enfant en situation de handicap moteur qu\u2019\u00e0 un adulte qui vit avec Alzheimer.<\/p>\n\n\n\n<p class=\"wp-block-paragraph\">Pour des solutions plus longues, il existe des centres d\u2019accueil sp\u00e9cialis\u00e9s. Ceux-ci regroupent plusieurs tranches d\u2019\u00e2ges. De plus, il est possible d\u2019y r\u00e9sider quelques jours et d\u2019y dormir \u2014 contrairement aux haltes r\u00e9pit. Les deux dispositifs ont un objectif principal :\u00a0<a href=\"https:\/\/preprod.weasywyg.com\/2026\/07\/06\/amenagement-temps-de-travail-aidant-familial\/\">offrir un moment de r\u00e9pit<\/a>\u00a0\u00e0 l\u2019aidant\u2022e.<\/p>\n\n\n\n<h3 class=\"wp-block-heading\">\u00c0 qui s&rsquo;adressent-elles ? <\/h3>\n\n\n\n<p class=\"wp-block-paragraph\">Elles s\u2019adressent en priorit\u00e9 aux aidants familiaux qui peuvent rel\u00e2cher une partie de la charge mentale qu\u2019ils portent au quotidien. Surtout lorsque la personne aid\u00e9e vit sous le m\u00eame toit. Aujourd\u2019hui,\u00a0<a href=\"https:\/\/www.carenews.com\/fondation-swiss-life\/news\/barometre-de-l-aidance-2024-les-grands-chiffres\" target=\"_blank\" rel=\"noreferrer noopener\">1 Fran\u00e7ais\u2022e sur 4 est aidant\u2022e<\/a>. Un quart de la population est engag\u00e9 dans le soin d\u2019un proche qui vit avec une pathologie complexe ou avec une perte d\u2019autonomie.<\/p>\n\n\n\n<p class=\"wp-block-paragraph\">Les\u00a0<a href=\"https:\/\/www.pour-les-personnes-agees.gouv.fr\/preserver-son-autonomie\/a-qui-s-adresser\/les-plateformes-d-accompagnement-et-de-repit\" target=\"_blank\" rel=\"noreferrer noopener\">220 haltes r\u00e9pit fran\u00e7aises<\/a>\u00a0accueillent des personnes aux profils tr\u00e8s vari\u00e9s : maladies neurod\u00e9g\u00e9n\u00e9ratives, isolement social, situations de d\u00e9pendance, etc. Ces plateformes proposent des activit\u00e9s collectives \u00e0 vis\u00e9e stimulante et soulagent \u00e0 la fois l\u2019aidant\u2022e et l\u2019aid\u00e9\u2022e. Chacun\u2022e retrouve un moment pour soi, pour souffler et se reposer.<\/p>\n\n\n\n<figure class=\"wp-block-image size-large\"><img loading=\"lazy\" decoding=\"async\" width=\"1024\" height=\"653\" src=\"https:\/\/preprod.weasywyg.com\/wp-content\/uploads\/2026\/07\/SCH-250716-A-quoi-sert-une-halte-au-repit-1024x653.webp\" alt=\"\" class=\"wp-image-19131\" srcset=\"https:\/\/preprod.weasywyg.com\/wp-content\/uploads\/2026\/07\/SCH-250716-A-quoi-sert-une-halte-au-repit-1024x653.webp 1024w, https:\/\/preprod.weasywyg.com\/wp-content\/uploads\/2026\/07\/SCH-250716-A-quoi-sert-une-halte-au-repit-300x191.webp 300w, https:\/\/preprod.weasywyg.com\/wp-content\/uploads\/2026\/07\/SCH-250716-A-quoi-sert-une-halte-au-repit-768x489.webp 768w\" sizes=\"auto, (max-width: 1024px) 100vw, 1024px\" \/><\/figure>\n\n\n\n<h2 class=\"wp-block-heading\">O\u00f9 trouver une halte r\u00e9pit pr\u00e8s de chez soi ?<\/h2>\n\n\n\n<h3 class=\"wp-block-heading\">Comment identifier les structures disponibles ?<\/h3>\n\n\n\n<p class=\"wp-block-paragraph\">Les haltes r\u00e9pit sont pr\u00e9sentes dans de nombreux d\u00e9partements \u2013 donc potentiellement \u00e0 quelques heures de votre domicile. Pour en trouver une proche de chez vous, vous pouvez consulter l\u2019<a href=\"https:\/\/www.pour-les-personnes-agees.gouv.fr\/preserver-son-autonomie\/a-qui-s-adresser\/les-plateformes-d-accompagnement-et-de-repit\" target=\"_blank\" rel=\"noreferrer noopener\">annuaire des plateformes d\u2019accompagnement et de r\u00e9pit<\/a>\u00a0et entrer votre num\u00e9ro de d\u00e9partement \/ code postale \/ commune.<\/p>\n\n\n\n<h4 class=\"wp-block-heading\">\ud83d\udc19 Le tuto du poulpe&nbsp;: naviguer sur l\u2019annuaire des plateformes d\u2019accompagnement et de r\u00e9pit<\/h4>\n\n\n\n<div data-wp-context=\"{ &quot;autoclose&quot;: false, &quot;accordionItems&quot;: [] }\" data-wp-interactive=\"core\/accordion\" role=\"group\" class=\"wp-block-accordion is-layout-flow wp-block-accordion-is-layout-flow\">\n<div data-wp-class--is-open=\"state.isOpen\" data-wp-context=\"{ &quot;id&quot;: &quot;accordion-item-1&quot;, &quot;openByDefault&quot;: false }\" data-wp-init=\"callbacks.initAccordionItems\" data-wp-on-window--hashchange=\"callbacks.hashChange\" class=\"wp-block-accordion-item is-layout-flow wp-block-accordion-item-is-layout-flow\">\n<h3 class=\"wp-block-accordion-heading\"><button aria-expanded=\"false\" aria-controls=\"accordion-item-1-panel\" data-wp-bind--aria-expanded=\"state.isOpen\" data-wp-on--click=\"actions.toggle\" id=\"accordion-item-1\" type=\"button\" class=\"wp-block-accordion-heading__toggle\"><span class=\"wp-block-accordion-heading__toggle-title\">\u00c9tape 1<\/span><span class=\"wp-block-accordion-heading__toggle-icon\" aria-hidden=\"true\">+<\/span><\/button><\/h3>\n\n\n\n<div aria-labelledby=\"accordion-item-1\" data-wp-bind--hidden=\"state.isHidden\" data-wp-on--beforematch=\"actions.handleBeforeMatch\" id=\"accordion-item-1-panel\" role=\"region\" class=\"wp-block-accordion-panel is-layout-flow wp-block-accordion-panel-is-layout-flow\">\n<p class=\"wp-block-paragraph\">Cliquez sur ce lien :\u00a0<a href=\"https:\/\/urls.fr\/RU4yhV\" target=\"_blank\" rel=\"noreferrer noopener\">https:\/\/urls.fr\/RU4yhV<\/a><\/p>\n<\/div>\n<\/div>\n\n\n\n<div data-wp-class--is-open=\"state.isOpen\" data-wp-context=\"{ &quot;id&quot;: &quot;accordion-item-2&quot;, &quot;openByDefault&quot;: false }\" data-wp-init=\"callbacks.initAccordionItems\" data-wp-on-window--hashchange=\"callbacks.hashChange\" class=\"wp-block-accordion-item is-layout-flow wp-block-accordion-item-is-layout-flow\">\n<h3 class=\"wp-block-accordion-heading\"><button aria-expanded=\"false\" aria-controls=\"accordion-item-2-panel\" data-wp-bind--aria-expanded=\"state.isOpen\" data-wp-on--click=\"actions.toggle\" id=\"accordion-item-2\" type=\"button\" class=\"wp-block-accordion-heading__toggle\"><span class=\"wp-block-accordion-heading__toggle-title\">\u00c9tape 2<\/span><span class=\"wp-block-accordion-heading__toggle-icon\" aria-hidden=\"true\">+<\/span><\/button><\/h3>\n\n\n\n<div aria-labelledby=\"accordion-item-2\" data-wp-bind--hidden=\"state.isHidden\" data-wp-on--beforematch=\"actions.handleBeforeMatch\" id=\"accordion-item-2-panel\" role=\"region\" class=\"wp-block-accordion-panel is-layout-flow wp-block-accordion-panel-is-layout-flow\">\n<p class=\"wp-block-paragraph\">Allez tout en bas ou sur le c\u00f4t\u00e9 de la page \u2013 selon votre navigateur et la taille de votre \u00e9cran (\u00e9cran de t\u00e9l\u00e9phone, de tablette ou d\u2019ordinateur portable ou fixe). Rentrez vos coordonn\u00e9es, puis cliquez sur \u201c<strong>Chercher<\/strong>\u201d.<\/p>\n\n\n\n<figure class=\"wp-block-image\"><img decoding=\"async\" fetchpriority=\"low\" src=\"https:\/\/orthopus.com\/wp-content\/uploads\/2025\/07\/IMG-250625-TUTO-trouver-une-plateforme-de-repit-1-1024x484.webp\" alt=\"\" class=\"wp-image-16851\"\/><\/figure>\n<\/div>\n<\/div>\n\n\n\n<div data-wp-class--is-open=\"state.isOpen\" data-wp-context=\"{ &quot;id&quot;: &quot;accordion-item-3&quot;, &quot;openByDefault&quot;: false }\" data-wp-init=\"callbacks.initAccordionItems\" data-wp-on-window--hashchange=\"callbacks.hashChange\" class=\"wp-block-accordion-item is-layout-flow wp-block-accordion-item-is-layout-flow\">\n<h3 class=\"wp-block-accordion-heading\"><button aria-expanded=\"false\" aria-controls=\"accordion-item-3-panel\" data-wp-bind--aria-expanded=\"state.isOpen\" data-wp-on--click=\"actions.toggle\" id=\"accordion-item-3\" type=\"button\" class=\"wp-block-accordion-heading__toggle\"><span class=\"wp-block-accordion-heading__toggle-title\">\u00c9tape 3<\/span><span class=\"wp-block-accordion-heading__toggle-icon\" aria-hidden=\"true\">+<\/span><\/button><\/h3>\n\n\n\n<div aria-labelledby=\"accordion-item-3\" data-wp-bind--hidden=\"state.isHidden\" data-wp-on--beforematch=\"actions.handleBeforeMatch\" id=\"accordion-item-3-panel\" role=\"region\" class=\"wp-block-accordion-panel is-layout-flow wp-block-accordion-panel-is-layout-flow\">\n<p class=\"wp-block-paragraph\">Une autre page s\u2019ouvre, v\u00e9rifiez bien que l\u2019annuaire qui est affich\u00e9 est celui de \u201c<strong>Plateforme d\u2019accompagnement et de r\u00e9pit (PFR)<\/strong>\u201d.<\/p>\n\n\n\n<p class=\"wp-block-paragraph\">Si ce n\u2019est pas le cas, vous pouvez le modifier en cliquant sur l\u2019encadr\u00e9 blanc en dessous de \u201c<strong>Je choisis un annuaire*<\/strong>\u201d, cela vous ouvre un menu d\u00e9roulant, il vous suffit de cliquer sur le bon annuaire.<\/p>\n\n\n\n<p class=\"wp-block-paragraph\">V\u00e9rifiez que votre localisation est bonne dans l\u2019encadr\u00e9 blanc en dessous de \u201c<strong>Je pr\u00e9cise ma localisation*<\/strong>\u201d, puis cliquez sur \u201c<strong>Rechercher<\/strong>\u201d.<\/p>\n\n\n\n<figure class=\"wp-block-image\"><img decoding=\"async\" fetchpriority=\"low\" src=\"https:\/\/orthopus.com\/wp-content\/uploads\/2025\/07\/IMG-250625-TUTO-trouver-une-plateforme-de-repit-2-1024x432.webp\" alt=\"\" class=\"wp-image-16853\"\/><\/figure>\n<\/div>\n<\/div>\n\n\n\n<div data-wp-class--is-open=\"state.isOpen\" data-wp-context=\"{ &quot;id&quot;: &quot;accordion-item-4&quot;, &quot;openByDefault&quot;: false }\" data-wp-init=\"callbacks.initAccordionItems\" data-wp-on-window--hashchange=\"callbacks.hashChange\" class=\"wp-block-accordion-item is-layout-flow wp-block-accordion-item-is-layout-flow\">\n<h3 class=\"wp-block-accordion-heading\"><button aria-expanded=\"false\" aria-controls=\"accordion-item-4-panel\" data-wp-bind--aria-expanded=\"state.isOpen\" data-wp-on--click=\"actions.toggle\" id=\"accordion-item-4\" type=\"button\" class=\"wp-block-accordion-heading__toggle\"><span class=\"wp-block-accordion-heading__toggle-title\">\u00c9tape 4<\/span><span class=\"wp-block-accordion-heading__toggle-icon\" aria-hidden=\"true\">+<\/span><\/button><\/h3>\n\n\n\n<div aria-labelledby=\"accordion-item-4\" data-wp-bind--hidden=\"state.isHidden\" data-wp-on--beforematch=\"actions.handleBeforeMatch\" id=\"accordion-item-4-panel\" role=\"region\" class=\"wp-block-accordion-panel is-layout-flow wp-block-accordion-panel-is-layout-flow\">\n<p class=\"wp-block-paragraph\">Et voil\u00e0 ! Vous voil\u00e0 arriv\u00e9s \u00e0 bon port pour trouver votre halte au r\u00e9pit !<\/p>\n<\/div>\n<\/div>\n<\/div>\n\n\n\n<h3 class=\"wp-block-heading\">Panorama des r\u00e9gions proposant des haltes r\u00e9pit<\/h3>\n\n\n\n<p class=\"wp-block-paragraph\">S\u2019il y a bien 220 haltes r\u00e9pit r\u00e9parties sur le territoire fran\u00e7ais, certains d\u00e9partements en sont d\u00e9pourvus tandis que d\u2019autres en poss\u00e8dent une large partie. La r\u00e9gion des Hauts-de-France concentre \u00e0 elle seule 10% des centres d\u2019accueil. Les d\u00e9partements C\u00f4te-d\u2019Or, Haute-Garonne et Pas-de-Calais se d\u00e9marquent \u00e0 l\u2019\u00e9chelle nationale gr\u00e2ce \u00e0 leurs initiatives marqu\u00e9es pour mettre en place des accueils de jour, de nuit, des points d\u2019information (aussi appel\u00e9s CLIC : Centre Local d\u2019Information et de Coordination).<\/p>\n\n\n\n<h3 class=\"wp-block-heading\">D\u00e9marches d&rsquo;inscription et contacts utiles<\/h3>\n\n\n\n<p class=\"wp-block-paragraph\">Ces structures ind\u00e9pendantes sont souvent propos\u00e9es par des associations ou des Centres Communaux d\u2019Action Sociale (CCAS). Les haltes r\u00e9pit sont tr\u00e8s simples \u00e0 contacter : un \u00e9change au t\u00e9l\u00e9phone suffit pour fixer un rendez-vous. Pour obtenir davantage de renseignements avant de les contacter, vous pouvez vous renseigner aupr\u00e8s d\u2019<strong>un Centre Local d\u2019Information et de Coordination (CLIC)<\/strong>&nbsp;ou d\u2019<strong>un Centre Communal d\u2019Action Social (CCAS)<\/strong>. Ces derniers sont des guichets de proximit\u00e9 qui fournissent des coordonn\u00e9es sp\u00e9cifiques \u00e0 votre situation. Elles permettent d\u2019initier le premier contact.<\/p>\n\n\n\n<p class=\"wp-block-paragraph\">Pour la plupart des haltes r\u00e9pit, il vous faudra fournir la pi\u00e8ce d\u2019identit\u00e9 et le justificatif de domicile de la personne qui fr\u00e9quentera la halte. \u00c9galement, il peut \u00eatre utile de fournir une fiche de renseignements de sant\u00e9 : le type de maladie, les traitements et besoins sp\u00e9cifiques de l\u2019aid\u00e9. Si votre proche aid\u00e9 est handicap\u00e9 et reconnu par la\u00a0<a href=\"https:\/\/mdphenligne.cnsa.fr\/\" target=\"_blank\" rel=\"noreferrer noopener\">MDPH<\/a>, pensez \u00e0 rajouter la\u00a0<a href=\"https:\/\/preprod.weasywyg.com\/2026\/07\/17\/ouverture-droits-mdph-dossier-en-ligne\/\">notification de la MDPH \u00e0 votre dossier<\/a>. Il en va de m\u00eame pour les notifications d\u2019aides que vous percevez comme\u00a0<a href=\"https:\/\/www.service-public.fr\/particuliers\/vosdroits\/F10009\">l\u2019APA<\/a>\u00a0ou\u00a0<a href=\"https:\/\/www.caf.fr\/allocataires\/aides-et-demarches\/droits-et-prestations\/handicap\/l-allocation-journaliere-du-proche-aidant-ajpa\">l\u2019AJPA<\/a>. Elles peuvent pousser votre dossier dans la pile comme une partie du financement est d\u00e9j\u00e0 prise en charge.<\/p>\n\n\n\n<p class=\"wp-block-paragraph\">Certaines haltes r\u00e9pit demandent\u00a0<a href=\"https:\/\/www.saintsebastien.fr\/solidarites\/les-seniors\/la-halte-repit-les-trois-moulins\/\" target=\"_blank\" rel=\"noreferrer noopener\">un rendez-vous avec l\u2019un\u2022e des aidant\u2022es de la structure d\u2019accueil<\/a>. Il sert \u00e0 se pr\u00e9senter et \u00e0 effectuer une \u00e9valuation pr\u00e9alable. Si la personne aid\u00e9e a des comportements violents, li\u00e9s \u00e0 une d\u00e9mence s\u00e9nile par exemple, cela peut troubler les temps d\u2019accueil collectifs.<\/p>\n\n\n\n<p class=\"wp-block-paragraph\">Comme les structures ne peuvent souvent pas accueillir beaucoup de personnes en m\u00eame temps, les places sont dures \u00e0 obtenir et les d\u00e9lais courts. D\u2019une semaine \u00e0 l\u2019autre, l\u2019enti\u00e8ret\u00e9 du public re\u00e7u peut changer. Il faut donc constituer un tr\u00e8s bon dossier d\u2019embl\u00e9e et s\u2019assurer qu\u2019il soit complet aupr\u00e8s de la halte directement.<\/p>\n\n\n\n<h2 class=\"wp-block-heading\">Quelles sont les conditions d&rsquo;acc\u00e8s et les aides disponibles ? <\/h2>\n\n\n\n<h3 class=\"wp-block-heading\">Conditions d&rsquo;admission dans une halte r\u00e9pit<\/h3>\n\n\n\n<p class=\"wp-block-paragraph\">Afin que votre proche aid\u00e9 soit admis dans une halte r\u00e9pit, la condition principale et uniforme, peu importe le centre, c\u2019est qu\u2019il dispose d\u2019un ou d\u2019une aidant\u2022e non salari\u00e9\u2022e \u2013\u00a0<a href=\"https:\/\/preprod.weasywyg.com\/2026\/07\/17\/justificatif-aidant-familial\/\">si possible reconnu\u2022e par la MDPH<\/a>. L\u2019aid\u00e9.e ne peut pas \u00eatre accueilli s\u2019il ne dispose pas\u00a0<a href=\"https:\/\/preprod.weasywyg.com\/2026\/07\/17\/justificatif-aidant-familial\/\">d\u2019un ou d\u2019une aidant.e familial.le<\/a>, cela exclut donc les personnes r\u00e9sidant en institution ou aid\u00e9es par des aidant.e.s professionnel.le.s. Les autres crit\u00e8res d\u2019\u00e9ligibilit\u00e9 sont propres \u00e0 chaque structure d\u2019accueil, notamment m\u00e9dicaux.<\/p>\n\n\n\n<p class=\"wp-block-paragraph\"><strong>Il est possible d\u2019\u00eatre accueilli selon diverses modalit\u00e9s :<\/strong><\/p>\n\n\n\n<ul class=\"wp-block-list\">\n<li><strong>Ponctuelle :<\/strong>&nbsp;comme un atelier collectif sur le scrapbooking.<\/li>\n\n\n\n<li><strong>R\u00e9guli\u00e8re :<\/strong>&nbsp;l\u2019aidant\u2022e met en place avec la structure un accueil tous les premiers mercredis du mois par exemple.<\/li>\n\n\n\n<li><strong>Urgence :<\/strong>&nbsp;l\u2019aidant\u2022e ne se sent plus en capacit\u00e9 imm\u00e9diate de continuer son engagement avec l\u2019aid\u00e9 et peut le ou la confier \u00e0 un centre le temps d\u2019un apr\u00e8s-midi ou d\u2019une matin\u00e9e pour souffler.<br>Il est possible qu\u2019exceptionnellement un centre aux environs dispose d\u2019une place libre mais ce cas reste rare.<\/li>\n<\/ul>\n\n\n\n<h3 class=\"wp-block-heading\">Aides financi\u00e8res pour les aidants<\/h3>\n\n\n\n<p class=\"wp-block-paragraph\">Afin de financer le trajet, l\u2019accueil et les autres d\u00e9penses qui entoure la mise en place des haltes r\u00e9pit, il existe des aides \u00e0 destination des aidant\u2022es, qui souvent assurent la prise en charge financi\u00e8re des soins de la personne aid\u00e9e.<\/p>\n\n\n\n<figure class=\"wp-block-table\"><table class=\"has-fixed-layout\"><tbody><tr><td><strong>Dispositif<\/strong><\/td><td><strong>B\u00e9n\u00e9ficiaires<\/strong><\/td><td><strong>Comment l&rsquo;obtenir ?<\/strong><\/td><td><strong>Versement<\/strong><\/td><td><strong>Utilisations principales<\/strong><\/td><\/tr><tr><td><a href=\"https:\/\/www.service-public.fr\/particuliers\/vosdroits\/F10009\" target=\"_blank\" rel=\"noreferrer noopener\">APA (Allocation Personnalis\u00e9e d\u2019Autonomie) \u00e0 domicile<\/a><\/td><td>lus de 60 ans ayant un taux d\u2019invalidit\u00e9 <a href=\"https:\/\/www.service-public.fr\/particuliers\/vosdroits\/F1229\" target=\"_blank\" rel=\"noreferrer noopener\">GIR (=\u00e9valuer la perte d\u2019autonomie d\u2019une personne \u00e2g\u00e9e) entre 1 et 4<\/a>, r\u00e9sidant \u00e0 un domicile fixe dans le territoire fran\u00e7ais<\/td><td>Dossier \u00e0 faire aupr\u00e8s du service <a href=\"https:\/\/www.pour-les-personnes-agees.gouv.fr\/vivre-a-domicile\/beneficier-d-aide-a-domicile\/faire-une-demande-d-aides-a-l-autonomie-a-domicile\" target=\"_blank\" rel=\"noreferrer noopener\">APA du d\u00e9partement<\/a><\/td><td>Par le Conseil d\u00e9partemental<\/td><td>Aide \u00e0 domicile, r\u00e9pit, mat\u00e9riel m\u00e9dical<\/td><\/tr><tr><td><a href=\"https:\/\/www.service-public.fr\/particuliers\/vosdroits\/F14202\" target=\"_blank\" rel=\"noreferrer noopener\">PCH (Prestation de Compensation du Handicap)<\/a><\/td><td>Perte d\u2019autonomie s\u2019aggravant avec le temps<\/td><td>Dossier \u00e0 faire aupr\u00e8s de la MDPH<\/td><td>Par la <a href=\"https:\/\/mdphenligne.cnsa.fr\/\" target=\"_blank\" rel=\"noreferrer noopener\">MDPH<\/a><\/td><td>R\u00e9mun\u00e9ration d\u2019aidant, adaptation du foyer, transport<\/td><\/tr><tr><td>Caisses retraites<\/td><td>Retrait\u00e9s et proches aidants<\/td><td>Dossier \u00e0 faire aupr\u00e8s de la caisse \u00e0 laquelle vous \u00eates associ\u00e9<\/td><td>Par la caisse \u00e0 laquelle vous avez souscrite<\/td><td>Aide \u00e0 domicile, services m\u00e9nagers, retour \u00e0 domicile apr\u00e8s une hospitalisation<\/td><\/tr><tr><td>D\u00e9partements<\/td><td>R\u00e9sidents du d\u00e9partement<\/td><td>Dossier \u00e0 fournir au Conseil D\u00e9partemental ou au CLIC\/CCAS<\/td><td>Par le Conseil D\u00e9partemental<\/td><td>Transport, r\u00e9mun\u00e9ration aux aidants<\/td><\/tr><\/tbody><\/table><\/figure>\n\n\n<div class=\"orthopus-poulpe-tip wp-block-orthopus-poulpe-tip\">\n\t\t<div class=\"poulpe-tip__icon\" aria-hidden=\"true\">\n\t\t<span class=\"poulpe-tip__icon-placeholder\">\ud83d\udc19<\/span>\n\t<\/div>\n\n\t<div class=\"poulpe-tip__content\">\n\t\t\t\t\t<p class=\"poulpe-tip__title\">Les conseils du poulpe<\/p>\n\t\t\t\t\t\t\t<p class=\"poulpe-tip__body\">Avant de faire vos d\u00e9marches, vous pouvez utiliser un simulateur de droits sociaux propos\u00e9 gratuitement par l\u2019\u00c9tat :\u00a0<a href=\"https:\/\/www.mesdroitssociaux.gouv.fr\/votre-simulateur\/accueil\" target=\"_blank\" rel=\"noreferrer noopener\">https:\/\/www.mesdroitssociaux.gouv.fr\/votre-simulateur\/accueil<\/a><\/p>\n\t\t\t<\/div>\n<\/div>\n\n\n\n<h3 class=\"wp-block-heading\">Cadre l\u00e9gal et \u00e9volutions r\u00e9centes<\/h3>\n\n\n\n<p class=\"wp-block-paragraph\">Le droit au r\u00e9pit est un droit encore jeune, officiellement reconnu avec l\u2019adoption de la <a href=\"https:\/\/www.legifrance.gouv.fr\/loda\/id\/JORFTEXT000031700731\" target=\"_blank\" rel=\"noreferrer noopener\">loi sur l\u2019adaptation de la soci\u00e9t\u00e9 au vieillissement de 2015<\/a> &#8211; dite loi ASV. Cette l\u00e9gislation apporte deux grands droits pour les aidants : le <strong>cong\u00e9 proche aidant<\/strong> et <strong>le droit au r\u00e9pit<\/strong> . Tous les deux offrent des solutions de pause pour permettre aux aidants de souffler par rapport \u00e0 une situation qui peut \u00eatre tr\u00e8s complexe \u00e0 vivre au quotidien.\u00a0<\/p>\n\n\n\n<ul class=\"wp-block-list\">\n<li><a href=\"https:\/\/www.service-public.fr\/particuliers\/vosdroits\/F16920\" target=\"_blank\" rel=\"noreferrer noopener\">Le cong\u00e9 proche aidant\u2022e :<\/a>\u00a0permet de prendre une pause lorsque l\u2019aidant\u2022e entretient une activit\u00e9 professionnelle en plus de son engagement. Ce cong\u00e9 est indemnis\u00e9 par la S\u00e9curit\u00e9 sociale (via\u00a0<a href=\"https:\/\/www.caf.fr\/allocataires\/aides-et-demarches\/droits-et-prestations\/handicap\/l-allocation-journaliere-du-proche-aidant-ajpa\" target=\"_blank\" rel=\"noreferrer noopener\">l\u2019AJPA<\/a>\u00a0qu\u2019il faut demander) \u00e0 hauteur de 64.54\u20ac par jour et ne peut cumuler la compensation financi\u00e8re plus de 66 jours par proche aid\u00e9 sur la totalit\u00e9 de la carri\u00e8re professionnelle.<\/li>\n\n\n\n<li><a href=\"http:\/\/xn--le%20droit%20au%20rpit-t8b\/\" target=\"_blank\" rel=\"noreferrer noopener\">Le droit au r\u00e9pit<\/a>\u00a0: met en place des solutions d\u2019accueil temporaire pour la personne aid\u00e9e dans des centres adapt\u00e9s avec un personnel qualifi\u00e9 et un environnement s\u00e9curis\u00e9. L\u2019aidant\u2022e et l\u2019aid\u00e9\u2022e peuvent chacun\u2022e prendre un temps pour eux, avant de retrouver un quotidien plus apais\u00e9.<\/li>\n<\/ul>\n\n\n\n<p class=\"wp-block-paragraph\">En 2020, le <a href=\"https:\/\/travail-emploi.gouv.fr\/\" target=\"_blank\" rel=\"noreferrer noopener\">Minist\u00e8re du Travail, de la Sant\u00e9, des Solidarit\u00e9s et des Familles<\/a> lance le plan <a href=\"https:\/\/solidarites.gouv.fr\/agir-pour-les-aidants\">\u201cAgir pour les aidants\u201d<\/a> qui vise \u00e0 reconna\u00eetre et \u00e0 soutenir les principaux concern\u00e9s notamment en privil\u00e9giant leur bien-\u00eatre mental. Cela a permis, \u00e0 ce jour, \u00e0 plusieurs dispositifs d\u2019\u00e9clore comme :\u00a0<\/p>\n\n\n\n<ul class=\"wp-block-list\">\n<li>Le num\u00e9ro unique :&nbsp;<strong>0 800 360 360<\/strong>, \u00e0 destination des personnes en situation de handicap et de leurs aidant\u2022es.<\/li>\n\n\n\n<li>La cr\u00e9ation du guide\u00a0<a href=\"https:\/\/solidarites.gouv.fr\/node\/1422\" target=\"_blank\" rel=\"noreferrer noopener\">\u201cBesoin de r\u00e9pit : 17 fiches-rep\u00e8re\u201d<\/a>\u00a0pour pr\u00e9senter des formes de r\u00e9pit existantes.<\/li>\n\n\n\n<li>Le lancement d\u2019une mission conduite par\u00a0<a href=\"https:\/\/solidarites.gouv.fr\/node\/1542\" target=\"_blank\" rel=\"noreferrer noopener\">France Strat\u00e9gie<\/a>\u00a0qui encourage les entreprises \u00e0 mettre en place des disponibilit\u00e9s d\u2019am\u00e9nagements du temps de travail et de formation pour les salari\u00e9\u2022es aidant\u2022es.<\/li>\n\n\n\n<li>L\u2019ouverture du\u00a0<a href=\"https:\/\/www.service-public.fr\/particuliers\/vosdroits\/F16920\" target=\"_blank\" rel=\"noreferrer noopener\">cong\u00e9 proche aidant<\/a>\u00a0aux agents publics et la suppression de la condition d\u2019anciennet\u00e9 pour y avoir acc\u00e8s.<\/li>\n<\/ul>\n\n\n\n<p class=\"wp-block-paragraph\">Les d\u00e9bats actuels, malgr\u00e9 de telles avanc\u00e9es, t\u00e9moignent d\u2019une insatisfaction profonde vis-\u00e0-vis du droit au r\u00e9pit. Les aidants familiaux d\u00e9noncent un acc\u00e8s in\u00e9gal aux dispositifs selon les territoires, des plafonds de financement jug\u00e9s insuffisants et un manque de structures d\u2019accueil temporaire consid\u00e9rable. Une loi a \u00e9t\u00e9 propos\u00e9e depuis novembre 2024 pour\u00a0<a href=\"https:\/\/www.assemblee-nationale.fr\/dyn\/16\/dossiers\/DLR5L16N48498\" target=\"_blank\" rel=\"noreferrer noopener\">am\u00e9liorer le rep\u00e9rage et l\u2019accompagnement des personnes qui pr\u00e9sentent des troubles du neuro-d\u00e9veloppement et \u00e0 favoriser le r\u00e9pit des proches aidants<\/a>. Cette loi est toujours en attente de validation \u00e0 ce jour, mais si elle est adopt\u00e9e, elle devrait significativement am\u00e9liorer le quotidien des aidant\u2022es.<\/p>\n\n\n\n<h2 class=\"wp-block-heading\">Nous r\u00e9pondons \u00e0 vos questions<\/h2>\n\n\n\n<h3 class=\"wp-block-heading\">Qu&rsquo;est-ce qu&rsquo;une demi-journ\u00e9e type dans une halte r\u00e9pit ? <\/h3>\n\n\n\n<p class=\"wp-block-paragraph\">Une demi-journ\u00e9e type dans une halte r\u00e9pit \u00e7a ressemble \u00e0 quoi concr\u00e8tement ?&nbsp;\ud83d\ude09<\/p>\n\n\n\n<p class=\"wp-block-paragraph\"><strong>Petit aper\u00e7u (qui peut varier selon les haltes r\u00e9pit) :<br><\/strong><br><strong>14H30 \u2013 15H | Accueil et installation<\/strong><br>Les participants arrivent en d\u00e9but d\u2019apr\u00e8s-midi vers 14h30. Ils partagent une boisson et on fait un tour de table pour que chacun puisse se pr\u00e9senter et que les encadrant\u2022es donnent le d\u00e9roul\u00e9 de l\u2019apr\u00e8s-midi.<\/p>\n\n\n\n<p class=\"wp-block-paragraph\"><strong>15H \u2013 16h | Premi\u00e8re activit\u00e9<\/strong><br>Tout le monde se met en place pour le lancement de la premi\u00e8re activit\u00e9 au choix.<br>Les activit\u00e9s propos\u00e9es sont diverses : ateliers de m\u00e9moire, jeux de soci\u00e9t\u00e9, activit\u00e9s manuelles, chant, lecture, jardinage, etc. Bien s\u00fbr tout cela est r\u00e9alis\u00e9 avec la prise en compte des limitations physiques et mentales de chacun\u2022e des participant\u2022es afin qu\u2019ils\u2022elles b\u00e9n\u00e9ficient d\u2019un temps privil\u00e9gi\u00e9 et satisfaisant. Le but est de stimuler les personnes pr\u00e9sentes et de changer le quotidien auquel ils\u2022elles ont l\u2019habitude.<\/p>\n\n\n\n<p class=\"wp-block-paragraph\"><strong>16h \u2013 16h15 | Collation et hydratation<\/strong><br>Un petit temps de repos est pr\u00e9vu pour se rafra\u00eechir entre deux activit\u00e9s.<\/p>\n\n\n\n<p class=\"wp-block-paragraph\"><strong>16h15 \u2013 16h45 | Deuxi\u00e8me activit\u00e9<\/strong><br>Apr\u00e8s ce temps de pause, la deuxi\u00e8me activit\u00e9 peut commencer. Toujours au choix des participant\u2022es !<\/p>\n\n\n\n<p class=\"wp-block-paragraph\"><strong>16h45 \u2013 17h | D\u00e9part et accueil des proches aidant<\/strong><br>Ca y est le gong de fin sonne, c\u2019est la fin de la demi-journ\u00e9e. Les proches aidant\u2022es reviennent pour raccompagner les participant\u2022es vers leur domicile. Si l\u2019aidant\u2022e n\u2019est pas disponible pour raccompagner l\u2019aid\u00e9\u2022e, un service de transport peut \u00e9galement \u00eatre mis en place et financ\u00e9 par les aides mentionn\u00e9es plus haut.<\/p>\n\n\n\n<h3 class=\"wp-block-heading\">Pourquoi les haltes r\u00e9pit sont essentielles pour les aidants ?<\/h3>\n\n\n\n<p class=\"wp-block-paragraph\">C\u2019est un peu la question \u00e0 2 millions : pourquoi les haltes r\u00e9pit sont-elles si importantes pour les aidant\u2022es et les aid\u00e9\u2022es ? Parce qu\u2019elles ont des b\u00e9n\u00e9fices concrets pour les deux parties :<\/p>\n\n\n\n<ul class=\"wp-block-list\">\n<li><strong>C\u2019est une bouff\u00e9e d\u2019oxyg\u00e8ne indispensable pour les aidant\u2022es.<\/strong><br>\u27a1\ufe0f Les haltes r\u00e9pit peuvent permettre d\u2019\u00e9viter ce que l\u2019on appelle le \u201csyndr\u00f4me de l\u2019aidant\u2022e\u201d : c\u2019est l\u2019impact mental et physique que l\u2019engagement a sur l\u2019aidant\u2022e (perte de poids, stress chronique, palpitations, etc.).<br>\u27a1\ufe0f D\u2019apr\u00e8s une enqu\u00eate Ipsos 2020,\u00a0<a href=\"https:\/\/www.vidal.fr\/actualites\/30155-le-syndrome-de-l-aidant-les-signes-qui-doivent-alerter.html\" target=\"_blank\" rel=\"noreferrer noopener\">74% des aidants ressentent le besoin d\u2019avoir du repos<\/a>. Gr\u00e2ce \u00e0 l\u2019halte r\u00e9pit ils mettent ce temps \u00e0 profit pour dormir un peu plus ou faire des activit\u00e9s qui stimulent leur bien-\u00eatre.<\/li>\n\n\n\n<li><strong>Bienfaits pour la personne accompagn\u00e9e.<\/strong><br>\u27a1\ufe0f Durant les temps qu\u2019ils passent \u00e0 la halte, les aid\u00e9s peuvent d\u00e9velopper leurs liens sociaux dans un endroit diff\u00e9rent et s\u00e9curis\u00e9.<\/li>\n<\/ul>\n\n\n\n<figure class=\"wp-block-embed is-type-video is-provider-youtube wp-block-embed-youtube wp-embed-aspect-16-9 wp-has-aspect-ratio\"><div class=\"wp-block-embed__wrapper\">\n<iframe loading=\"lazy\" title=\"Un temps de pause pour les aidants\" width=\"1480\" height=\"833\" src=\"https:\/\/www.youtube.com\/embed\/wPyfD09OF6E?feature=oembed\" frameborder=\"0\" allow=\"accelerometer; autoplay; clipboard-write; encrypted-media; gyroscope; picture-in-picture; web-share\" referrerpolicy=\"strict-origin-when-cross-origin\" allowfullscreen><\/iframe>\n<\/div><\/figure>\n\n\n\n<h3 class=\"wp-block-heading\">Quelles sont les contraintes li\u00e9es aux haltes r\u00e9pit ?<\/h3>\n\n\n\n<p class=\"wp-block-paragraph\">Bien que n\u00e9cessaire pour les aidant\u2022es et les aid\u00e9\u2022es, ce service de repos temporaire reste tr\u00e8s difficile d\u2019acc\u00e8s. Leur mise en place demande d\u2019importantes ressources \u00e9conomiques et humaines. D\u00e8s lors, les structures sont in\u00e9galement r\u00e9parties sur le territoire. Du fait de leur nombre limit\u00e9, les places le sont \u00e9galement. En moyenne une halte accueille un groupe d\u2019une dizaine de personnes sur une demi-journ\u00e9e. Des aspects plus techniques freinent aussi les aidants. Les horaires d\u2019ouverture des centres sont des horaires de bureau classiques. Cela peut \u00eatre compliqu\u00e9 \u00e0 mettre en parall\u00e8le si l\u2019aidant\u2022e travaille en pr\u00e9sentiel. Dans ce cas, il ou elle peut faire appel \u00e0 un service de transport mais cela engendre des co\u00fbts pas toujours rembours\u00e9s pour diverses raisons.<\/p>\n\n\n\n<p class=\"wp-block-paragraph\">Le prix pour une demi-journ\u00e9e reste en revanche largement accessible au vu des moyens engendr\u00e9s : environ 10\u20ac par personne. Cependant, chaque halte r\u00e9pit fixe son propre prix. Le principal frein reste donc l\u2019accessibilit\u00e9 g\u00e9ographique aux centres. Cela peut \u00eatre compens\u00e9 si l\u2019on postule pour des aides, ou \u00e0 minima, une partie peut \u00eatre prise en charge afin de faciliter l\u2019accueil temporaire d\u2019un ou d\u2019une aid\u00e9\u2022e.<\/p>\n\n\n\n<p class=\"wp-block-paragraph\">Le gouvernement a mis en place\u00a0<a href=\"https:\/\/handicap.gouv.fr\/sites\/handicap\/files\/2023-10\/Dossier-de-presse-strategie-des-aidants-2023-2027.pdf\" target=\"_blank\" rel=\"noreferrer noopener\">un second plan d\u2019action<\/a>\u00a0apr\u00e8s celui de 2020-2022 pour couvrir la p\u00e9riode de 2023 \u00e0 2027. Dans celui-ci, il pr\u00e9voit six engagements :<\/p>\n\n\n\n<ul class=\"wp-block-list\">\n<li>Cr\u00e9ation de 5000 nouvelles solutions de r\u00e9pit, soit 6000 places suppl\u00e9mentaires.<\/li>\n\n\n\n<li>Mise en place d\u2019un interlocuteur unique dans chaque d\u00e9partement qui propose un ensemble de services pour les aidant\u2022es et les aid\u00e9\u2022es.<\/li>\n\n\n\n<li>Faciliter l\u2019acc\u00e8s au cong\u00e9 proche aidant, \u00e0 l\u2019allocation journali\u00e8re (AJPA) et \u00e0 l\u2019assurance vieillesse (AVA), pour garantir un recours syst\u00e9matique \u00e0 ces droits.<\/li>\n\n\n\n<li>Ouverture \u00e0 la reconnaissance des comp\u00e9tences des aidant\u2022es dans le cadre d\u2019une recherche d\u2019emploi.<\/li>\n\n\n\n<li>Am\u00e9lioration de l\u2019acc\u00e8s aux bourses sur crit\u00e8res sociaux aux \u00e9tudiant\u2022es aidant\u2022es.<\/li>\n\n\n\n<li>Lancement d\u2019un plan de rep\u00e9rage des aidant\u2022es sur le territoire fran\u00e7ais.<\/li>\n<\/ul>\n\n\n\n<p class=\"wp-block-paragraph\">Les haltes r\u00e9pit incarnent une belle id\u00e9e : celle de reconna\u00eetre enfin la place des aidant\u2022es dans notre soci\u00e9t\u00e9 et de leur offrir un souffle dans leur quotidien. Mais une id\u00e9e, aussi n\u00e9cessaire soit-elle, ne suffit pas si elle ne s\u2019accompagne pas de moyens \u00e0 la hauteur des besoins. Tant que l\u2019\u00e9galit\u00e9 d\u2019acc\u00e8s ne sera pas garantie, le droit au r\u00e9pit reste un privil\u00e8ge g\u00e9ographique ou administratif, et non un droit effectif. Le v\u00e9ritable d\u00e9fi est donc de passer d\u2019un soutien ponctuel \u00e0 une politique structurelle. Le r\u00e9pit doit \u00eatre consid\u00e9r\u00e9 et par extension la halte r\u00e9pit, non pas comme une aide secondaire, mais comme un pilier essentiel de la solidarit\u00e9.<\/p>\n\n\n\n<h2 class=\"wp-block-heading\">Sources<\/h2>\n\n\n\n<ol class=\"wp-block-list\">\n<li><a href=\"https:\/\/fr.wikipedia.org\/wiki\/Avalon\" target=\"_blank\" rel=\"noreferrer noopener\">https:\/\/fr.wikipedia.org\/wiki\/Avalon<\/a><\/li>\n\n\n\n<li><a href=\"https:\/\/www.sicoval.fr\/vivre-ensemble\/personnes-en-perte-dautonomie\/halte-repit-detente\/\" target=\"_blank\" rel=\"noreferrer noopener\">https:\/\/www.sicoval.fr\/vivre-ensemble\/personnes-en-perte-dautonomie\/halte-repit-detente\/<\/a><\/li>\n\n\n\n<li><a href=\"https:\/\/www.pour-les-personnes-agees.gouv.fr\/preserver-son-autonomie\/a-qui-s-adresser\/les-plateformes-d-accompagnement-et-de-repit\" target=\"_blank\" rel=\"noreferrer noopener\">https:\/\/www.pour-les-personnes-agees.gouv.fr\/preserver-son-autonomie\/a-qui-s-adresser\/les-plateformes-d-accompagnement-et-de-repit<\/a><\/li>\n\n\n\n<li><a href=\"https:\/\/www.carenews.com\/fondation-swiss-life\/news\/barometre-de-l-aidance-2024-les-grands-chiffres\" target=\"_blank\" rel=\"noreferrer noopener\">https:\/\/www.carenews.com\/fondation-swiss-life\/news\/barometre-de-l-aidance-2024-les-grands-chiffres<\/a><\/li>\n\n\n\n<li><a href=\"https:\/\/igas.gouv.fr\/sites\/igas\/files\/2024-03\/Soutenir%20les%20aidants%20en%20levant%20les%20freins%20au%20d%C3%A9veloppement%20de%20solutions%20de%20r%C3%A9pit.pdf\" target=\"_blank\" rel=\"noreferrer noopener\">https:\/\/igas.gouv.fr\/sites\/igas\/files\/2024-03\/Soutenir%20les%20aidants%20en%20levant%20les%20freins%20au%20d%C3%A9veloppement%20de%20solutions%20de%20r%C3%A9pit.pdf<\/a><\/li>\n\n\n\n<li><a href=\"https:\/\/handicap.gouv.fr\/sites\/handicap\/files\/2022-02\/Guide%20des%20solutions_r%C3%A9pit_maquette_vDEF_10022022.pdf\" target=\"_blank\" rel=\"noreferrer noopener\">https:\/\/handicap.gouv.fr\/sites\/handicap\/files\/2022-02\/Guide%20des%20solutions_r%C3%A9pit_maquette_vDEF_10022022.pdf<\/a><\/li>\n\n\n\n<li><a href=\"https:\/\/www.saintsebastien.fr\/solidarites\/les-seniors\/la-halte-repit-les-trois-moulins\/\" target=\"_blank\" rel=\"noreferrer noopener\">https:\/\/www.saintsebastien.fr\/solidarites\/les-seniors\/la-halte-repit-les-trois-moulins\/<\/a><\/li>\n\n\n\n<li><a href=\"https:\/\/www.pour-les-personnes-agees.gouv.fr\/vivre-a-domicile\/beneficier-d-aide-a-domicile\/faire-une-demande-d-aides-a-l-autonomie-a-domicile\" target=\"_blank\" rel=\"noreferrer noopener\">https:\/\/www.pour-les-personnes-agees.gouv.fr\/vivre-a-domicile\/beneficier-d-aide-a-domicile\/faire-une-demande-d-aides-a-l-autonomie-a-domicile<\/a><\/li>\n\n\n\n<li><a href=\"https:\/\/www.legifrance.gouv.fr\/loda\/id\/JORFTEXT000031700731\" target=\"_blank\" rel=\"noreferrer noopener\">https:\/\/www.legifrance.gouv.fr\/loda\/id\/JORFTEXT000031700731<\/a><\/li>\n\n\n\n<li><a href=\"https:\/\/www.service-public.fr\/particuliers\/vosdroits\/F16920\" target=\"_blank\" rel=\"noreferrer noopener\">https:\/\/www.service-public.fr\/particuliers\/vosdroits\/F16920<\/a><\/li>\n\n\n\n<li><a href=\"https:\/\/www.monparcourshandicap.gouv.fr\/aidant\/les-solutions-de-repit-pour-les-aidants\" target=\"_blank\" rel=\"noreferrer noopener\">https:\/\/www.monparcourshandicap.gouv.fr\/aidant\/les-solutions-de-repit-pour-les-aidants<\/a><\/li>\n\n\n\n<li><a href=\"https:\/\/solidarites.gouv.fr\/agir-pour-les-aidants\" target=\"_blank\" rel=\"noreferrer noopener\">https:\/\/solidarites.gouv.fr\/agir-pour-les-aidants<\/a><\/li>\n\n\n\n<li><a href=\"https:\/\/solidarites.gouv.fr\/node\/1422\" target=\"_blank\" rel=\"noreferrer noopener\">https:\/\/solidarites.gouv.fr\/node\/1422<\/a><\/li>\n\n\n\n<li><a href=\"https:\/\/www.assemblee-nationale.fr\/dyn\/16\/dossiers\/DLR5L16N48498\" target=\"_blank\" rel=\"noreferrer noopener\">https:\/\/www.assemblee-nationale.fr\/dyn\/16\/dossiers\/DLR5L16N48498<\/a><\/li>\n\n\n\n<li><a href=\"https:\/\/www.vidal.fr\/actualites\/30155-le-syndrome-de-l-aidant-les-signes-qui-doivent-alerter.html\" target=\"_blank\" rel=\"noreferrer noopener\">https:\/\/www.vidal.fr\/actualites\/30155-le-syndrome-de-l-aidant-les-signes-qui-doivent-alerter.html<\/a><\/li>\n\n\n\n<li><a href=\"https:\/\/handicap.gouv.fr\/sites\/handicap\/files\/2023-10\/Dossier-de-presse-strategie-des-aidants-2023-2027.pdf\" target=\"_blank\" rel=\"noreferrer noopener\">https:\/\/handicap.gouv.fr\/sites\/handicap\/files\/2023-10\/Dossier-de-presse-strategie-des-aidants-2023-2027.pdf<\/a><\/li>\n<\/ol>\n","protected":false},"excerpt":{"rendered":"<p>D\u00e9couvrez ce qu\u2019est une halte r\u00e9pit, comment en b\u00e9n\u00e9ficier et pourquoi elle est essentielle pour soulager les aidants au quotidien.<\/p>\n","protected":false},"author":3,"featured_media":19130,"comment_status":"open","ping_status":"open","sticky":false,"template":"","format":"standard","meta":{"_kad_blocks_custom_css":"","_kad_blocks_head_custom_js":"","_kad_blocks_body_custom_js":"","_kad_blocks_footer_custom_js":"","footnotes":""},"categories":[235,236],"tags":[],"class_list":["post-19129","post","type-post","status-publish","format-standard","has-post-thumbnail","hentry","category-aidants","category-dispositifs-aide"],"yoast_head":"<!-- This site is optimized with the Yoast SEO plugin v28.4 - https:\/\/yoast.com\/product\/yoast-seo-wordpress\/ -->\n<title>Halte r\u00e9pit : soutien pour aidants<\/title>\n<meta name=\"description\" content=\"D\u00e9couvrez ce qu\u2019est une halte r\u00e9pit, comment en b\u00e9n\u00e9ficier et pourquoi elle est essentielle pour soulager les aidants au quotidien.\" \/>\n<meta name=\"robots\" content=\"noindex, follow, max-snippet:-1, max-image-preview:large, max-video-preview:-1\" \/>\n<meta property=\"og:locale\" content=\"fr_FR\" \/>\n<meta property=\"og:type\" content=\"article\" \/>\n<meta property=\"og:title\" content=\"Halte r\u00e9pit : soutien pour aidants\" \/>\n<meta property=\"og:description\" content=\"D\u00e9couvrez ce qu\u2019est une halte r\u00e9pit, comment en b\u00e9n\u00e9ficier et pourquoi elle est essentielle pour soulager les aidants au quotidien.\" \/>\n<meta property=\"og:url\" content=\"https:\/\/preprod.weasywyg.com\/fr\/2025\/02\/04\/halte-repit\/\" \/>\n<meta property=\"og:site_name\" content=\"Orthopus\" \/>\n<meta property=\"article:published_time\" content=\"2025-02-04T11:14:21+00:00\" \/>\n<meta property=\"article:modified_time\" content=\"2026-07-20T15:12:51+00:00\" \/>\n<meta property=\"og:image\" content=\"https:\/\/preprod.weasywyg.com\/wp-content\/uploads\/2026\/07\/IMG-250625-Le-Sommeil-dArthur.webp\" \/>\n\t<meta property=\"og:image:width\" content=\"1200\" \/>\n\t<meta property=\"og:image:height\" content=\"505\" \/>\n\t<meta property=\"og:image:type\" content=\"image\/webp\" \/>\n<meta name=\"author\" content=\"Pierre Murzeau\" \/>\n<meta name=\"twitter:card\" content=\"summary_large_image\" \/>\n<meta name=\"twitter:label1\" content=\"\u00c9crit par\" \/>\n\t<meta name=\"twitter:data1\" content=\"Pierre Murzeau\" \/>\n\t<meta name=\"twitter:label2\" content=\"Dur\u00e9e de lecture estim\u00e9e\" \/>\n\t<meta name=\"twitter:data2\" content=\"15 minutes\" \/>\n<script type=\"application\/ld+json\" class=\"yoast-schema-graph\">{\"@context\":\"https:\\\/\\\/schema.org\",\"@graph\":[{\"@type\":\"Article\",\"@id\":\"https:\\\/\\\/preprod.weasywyg.com\\\/fr\\\/2025\\\/02\\\/04\\\/halte-repit\\\/#article\",\"isPartOf\":{\"@id\":\"https:\\\/\\\/preprod.weasywyg.com\\\/fr\\\/2025\\\/02\\\/04\\\/halte-repit\\\/\"},\"author\":{\"name\":\"Pierre Murzeau\",\"@id\":\"https:\\\/\\\/preprod.weasywyg.com\\\/fr\\\/#\\\/schema\\\/person\\\/8b4382f5e6156ac0dec30415bb591535\"},\"headline\":\"Halte r\u00e9pit : tout ce qu&rsquo;il faut savoir pour soulager les aidants\",\"datePublished\":\"2025-02-04T11:14:21+00:00\",\"dateModified\":\"2026-07-20T15:12:51+00:00\",\"mainEntityOfPage\":{\"@id\":\"https:\\\/\\\/preprod.weasywyg.com\\\/fr\\\/2025\\\/02\\\/04\\\/halte-repit\\\/\"},\"wordCount\":3222,\"commentCount\":0,\"publisher\":{\"@id\":\"https:\\\/\\\/preprod.weasywyg.com\\\/fr\\\/#organization\"},\"image\":{\"@id\":\"https:\\\/\\\/preprod.weasywyg.com\\\/fr\\\/2025\\\/02\\\/04\\\/halte-repit\\\/#primaryimage\"},\"thumbnailUrl\":\"https:\\\/\\\/preprod.weasywyg.com\\\/wp-content\\\/uploads\\\/2026\\\/07\\\/IMG-250625-Le-Sommeil-dArthur.webp\",\"articleSection\":[\"Aidants\",\"Dispositifs d'aide\"],\"inLanguage\":\"fr-FR\",\"potentialAction\":[{\"@type\":\"CommentAction\",\"name\":\"Comment\",\"target\":[\"https:\\\/\\\/preprod.weasywyg.com\\\/fr\\\/2025\\\/02\\\/04\\\/halte-repit\\\/#respond\"]}]},{\"@type\":\"WebPage\",\"@id\":\"https:\\\/\\\/preprod.weasywyg.com\\\/fr\\\/2025\\\/02\\\/04\\\/halte-repit\\\/\",\"url\":\"https:\\\/\\\/preprod.weasywyg.com\\\/fr\\\/2025\\\/02\\\/04\\\/halte-repit\\\/\",\"name\":\"Halte r\u00e9pit : soutien pour aidants\",\"isPartOf\":{\"@id\":\"https:\\\/\\\/preprod.weasywyg.com\\\/fr\\\/#website\"},\"primaryImageOfPage\":{\"@id\":\"https:\\\/\\\/preprod.weasywyg.com\\\/fr\\\/2025\\\/02\\\/04\\\/halte-repit\\\/#primaryimage\"},\"image\":{\"@id\":\"https:\\\/\\\/preprod.weasywyg.com\\\/fr\\\/2025\\\/02\\\/04\\\/halte-repit\\\/#primaryimage\"},\"thumbnailUrl\":\"https:\\\/\\\/preprod.weasywyg.com\\\/wp-content\\\/uploads\\\/2026\\\/07\\\/IMG-250625-Le-Sommeil-dArthur.webp\",\"datePublished\":\"2025-02-04T11:14:21+00:00\",\"dateModified\":\"2026-07-20T15:12:51+00:00\",\"description\":\"D\u00e9couvrez ce qu\u2019est une halte r\u00e9pit, comment en b\u00e9n\u00e9ficier et pourquoi elle est essentielle pour soulager les aidants au quotidien.\",\"breadcrumb\":{\"@id\":\"https:\\\/\\\/preprod.weasywyg.com\\\/fr\\\/2025\\\/02\\\/04\\\/halte-repit\\\/#breadcrumb\"},\"inLanguage\":\"fr-FR\",\"potentialAction\":[{\"@type\":\"ReadAction\",\"target\":[\"https:\\\/\\\/preprod.weasywyg.com\\\/fr\\\/2025\\\/02\\\/04\\\/halte-repit\\\/\"]}]},{\"@type\":\"ImageObject\",\"inLanguage\":\"fr-FR\",\"@id\":\"https:\\\/\\\/preprod.weasywyg.com\\\/fr\\\/2025\\\/02\\\/04\\\/halte-repit\\\/#primaryimage\",\"url\":\"https:\\\/\\\/preprod.weasywyg.com\\\/wp-content\\\/uploads\\\/2026\\\/07\\\/IMG-250625-Le-Sommeil-dArthur.webp\",\"contentUrl\":\"https:\\\/\\\/preprod.weasywyg.com\\\/wp-content\\\/uploads\\\/2026\\\/07\\\/IMG-250625-Le-Sommeil-dArthur.webp\",\"width\":1200,\"height\":505,\"caption\":\"Le Sommeil d\u2019Arthur \u00e0 Avalon, peinture r\u00e9alis\u00e9e par Edward Burne-Jones de 1881 \u00e0 1898. Elle est actuellement conserv\u00e9e au Mus\u00e9e d\u2019art de Ponce \u00e0 Porto Rico.\"},{\"@type\":\"BreadcrumbList\",\"@id\":\"https:\\\/\\\/preprod.weasywyg.com\\\/fr\\\/2025\\\/02\\\/04\\\/halte-repit\\\/#breadcrumb\",\"itemListElement\":[{\"@type\":\"ListItem\",\"position\":1,\"name\":\"Accueil\",\"item\":\"https:\\\/\\\/preprod.weasywyg.com\\\/fr\\\/\"},{\"@type\":\"ListItem\",\"position\":2,\"name\":\"Halte r\u00e9pit : tout ce qu&rsquo;il faut savoir pour soulager les aidants\"}]},{\"@type\":\"WebSite\",\"@id\":\"https:\\\/\\\/preprod.weasywyg.com\\\/fr\\\/#website\",\"url\":\"https:\\\/\\\/preprod.weasywyg.com\\\/fr\\\/\",\"name\":\"Orthopus\",\"description\":\"Handitech solutions for everyone\",\"publisher\":{\"@id\":\"https:\\\/\\\/preprod.weasywyg.com\\\/fr\\\/#organization\"},\"potentialAction\":[{\"@type\":\"SearchAction\",\"target\":{\"@type\":\"EntryPoint\",\"urlTemplate\":\"https:\\\/\\\/preprod.weasywyg.com\\\/fr\\\/?s={search_term_string}\"},\"query-input\":{\"@type\":\"PropertyValueSpecification\",\"valueRequired\":true,\"valueName\":\"search_term_string\"}}],\"inLanguage\":\"fr-FR\"},{\"@type\":\"Organization\",\"@id\":\"https:\\\/\\\/preprod.weasywyg.com\\\/fr\\\/#organization\",\"name\":\"Orthopus\",\"url\":\"https:\\\/\\\/preprod.weasywyg.com\\\/fr\\\/\",\"logo\":{\"@type\":\"ImageObject\",\"inLanguage\":\"fr-FR\",\"@id\":\"https:\\\/\\\/preprod.weasywyg.com\\\/fr\\\/#\\\/schema\\\/logo\\\/image\\\/\",\"url\":\"https:\\\/\\\/preprod.weasywyg.com\\\/wp-content\\\/uploads\\\/2026\\\/05\\\/logo.svg\",\"contentUrl\":\"https:\\\/\\\/preprod.weasywyg.com\\\/wp-content\\\/uploads\\\/2026\\\/05\\\/logo.svg\",\"caption\":\"Orthopus\"},\"image\":{\"@id\":\"https:\\\/\\\/preprod.weasywyg.com\\\/fr\\\/#\\\/schema\\\/logo\\\/image\\\/\"}},{\"@type\":\"Person\",\"@id\":\"https:\\\/\\\/preprod.weasywyg.com\\\/fr\\\/#\\\/schema\\\/person\\\/8b4382f5e6156ac0dec30415bb591535\",\"name\":\"Pierre Murzeau\",\"image\":{\"@type\":\"ImageObject\",\"inLanguage\":\"fr-FR\",\"@id\":\"https:\\\/\\\/secure.gravatar.com\\\/avatar\\\/9c3ed8fbf8227342dcec0e3c388c902ea09285b1b3c21e000bf3853a2729a85b?s=96&d=mm&r=g\",\"url\":\"https:\\\/\\\/secure.gravatar.com\\\/avatar\\\/9c3ed8fbf8227342dcec0e3c388c902ea09285b1b3c21e000bf3853a2729a85b?s=96&d=mm&r=g\",\"contentUrl\":\"https:\\\/\\\/secure.gravatar.com\\\/avatar\\\/9c3ed8fbf8227342dcec0e3c388c902ea09285b1b3c21e000bf3853a2729a85b?s=96&d=mm&r=g\",\"caption\":\"Pierre Murzeau\"},\"url\":\"https:\\\/\\\/preprod.weasywyg.com\\\/fr\\\/author\\\/orthopus-pierre-26\\\/\"}]}<\/script>\n<!-- \/ Yoast SEO plugin. -->","yoast_head_json":{"title":"Halte r\u00e9pit : soutien pour aidants","description":"D\u00e9couvrez ce qu\u2019est une halte r\u00e9pit, comment en b\u00e9n\u00e9ficier et pourquoi elle est essentielle pour soulager les aidants au quotidien.","robots":{"index":"noindex","follow":"follow","max-snippet":"max-snippet:-1","max-image-preview":"max-image-preview:large","max-video-preview":"max-video-preview:-1"},"og_locale":"fr_FR","og_type":"article","og_title":"Halte r\u00e9pit : soutien pour aidants","og_description":"D\u00e9couvrez ce qu\u2019est une halte r\u00e9pit, comment en b\u00e9n\u00e9ficier et pourquoi elle est essentielle pour soulager les aidants au quotidien.","og_url":"https:\/\/preprod.weasywyg.com\/fr\/2025\/02\/04\/halte-repit\/","og_site_name":"Orthopus","article_published_time":"2025-02-04T11:14:21+00:00","article_modified_time":"2026-07-20T15:12:51+00:00","og_image":[{"width":1200,"height":505,"url":"https:\/\/preprod.weasywyg.com\/wp-content\/uploads\/2026\/07\/IMG-250625-Le-Sommeil-dArthur.webp","type":"image\/webp"}],"author":"Pierre Murzeau","twitter_card":"summary_large_image","twitter_misc":{"\u00c9crit par":"Pierre Murzeau","Dur\u00e9e de lecture estim\u00e9e":"15 minutes"},"schema":{"@context":"https:\/\/schema.org","@graph":[{"@type":"Article","@id":"https:\/\/preprod.weasywyg.com\/fr\/2025\/02\/04\/halte-repit\/#article","isPartOf":{"@id":"https:\/\/preprod.weasywyg.com\/fr\/2025\/02\/04\/halte-repit\/"},"author":{"name":"Pierre Murzeau","@id":"https:\/\/preprod.weasywyg.com\/fr\/#\/schema\/person\/8b4382f5e6156ac0dec30415bb591535"},"headline":"Halte r\u00e9pit : tout ce qu&rsquo;il faut savoir pour soulager les aidants","datePublished":"2025-02-04T11:14:21+00:00","dateModified":"2026-07-20T15:12:51+00:00","mainEntityOfPage":{"@id":"https:\/\/preprod.weasywyg.com\/fr\/2025\/02\/04\/halte-repit\/"},"wordCount":3222,"commentCount":0,"publisher":{"@id":"https:\/\/preprod.weasywyg.com\/fr\/#organization"},"image":{"@id":"https:\/\/preprod.weasywyg.com\/fr\/2025\/02\/04\/halte-repit\/#primaryimage"},"thumbnailUrl":"https:\/\/preprod.weasywyg.com\/wp-content\/uploads\/2026\/07\/IMG-250625-Le-Sommeil-dArthur.webp","articleSection":["Aidants","Dispositifs d'aide"],"inLanguage":"fr-FR","potentialAction":[{"@type":"CommentAction","name":"Comment","target":["https:\/\/preprod.weasywyg.com\/fr\/2025\/02\/04\/halte-repit\/#respond"]}]},{"@type":"WebPage","@id":"https:\/\/preprod.weasywyg.com\/fr\/2025\/02\/04\/halte-repit\/","url":"https:\/\/preprod.weasywyg.com\/fr\/2025\/02\/04\/halte-repit\/","name":"Halte r\u00e9pit : soutien pour aidants","isPartOf":{"@id":"https:\/\/preprod.weasywyg.com\/fr\/#website"},"primaryImageOfPage":{"@id":"https:\/\/preprod.weasywyg.com\/fr\/2025\/02\/04\/halte-repit\/#primaryimage"},"image":{"@id":"https:\/\/preprod.weasywyg.com\/fr\/2025\/02\/04\/halte-repit\/#primaryimage"},"thumbnailUrl":"https:\/\/preprod.weasywyg.com\/wp-content\/uploads\/2026\/07\/IMG-250625-Le-Sommeil-dArthur.webp","datePublished":"2025-02-04T11:14:21+00:00","dateModified":"2026-07-20T15:12:51+00:00","description":"D\u00e9couvrez ce qu\u2019est une halte r\u00e9pit, comment en b\u00e9n\u00e9ficier et pourquoi elle est essentielle pour soulager les aidants au quotidien.","breadcrumb":{"@id":"https:\/\/preprod.weasywyg.com\/fr\/2025\/02\/04\/halte-repit\/#breadcrumb"},"inLanguage":"fr-FR","potentialAction":[{"@type":"ReadAction","target":["https:\/\/preprod.weasywyg.com\/fr\/2025\/02\/04\/halte-repit\/"]}]},{"@type":"ImageObject","inLanguage":"fr-FR","@id":"https:\/\/preprod.weasywyg.com\/fr\/2025\/02\/04\/halte-repit\/#primaryimage","url":"https:\/\/preprod.weasywyg.com\/wp-content\/uploads\/2026\/07\/IMG-250625-Le-Sommeil-dArthur.webp","contentUrl":"https:\/\/preprod.weasywyg.com\/wp-content\/uploads\/2026\/07\/IMG-250625-Le-Sommeil-dArthur.webp","width":1200,"height":505,"caption":"Le Sommeil d\u2019Arthur \u00e0 Avalon, peinture r\u00e9alis\u00e9e par Edward Burne-Jones de 1881 \u00e0 1898. Elle est actuellement conserv\u00e9e au Mus\u00e9e d\u2019art de Ponce \u00e0 Porto Rico."},{"@type":"BreadcrumbList","@id":"https:\/\/preprod.weasywyg.com\/fr\/2025\/02\/04\/halte-repit\/#breadcrumb","itemListElement":[{"@type":"ListItem","position":1,"name":"Accueil","item":"https:\/\/preprod.weasywyg.com\/fr\/"},{"@type":"ListItem","position":2,"name":"Halte r\u00e9pit : tout ce qu&rsquo;il faut savoir pour soulager les aidants"}]},{"@type":"WebSite","@id":"https:\/\/preprod.weasywyg.com\/fr\/#website","url":"https:\/\/preprod.weasywyg.com\/fr\/","name":"Orthopus","description":"Handitech solutions for everyone","publisher":{"@id":"https:\/\/preprod.weasywyg.com\/fr\/#organization"},"potentialAction":[{"@type":"SearchAction","target":{"@type":"EntryPoint","urlTemplate":"https:\/\/preprod.weasywyg.com\/fr\/?s={search_term_string}"},"query-input":{"@type":"PropertyValueSpecification","valueRequired":true,"valueName":"search_term_string"}}],"inLanguage":"fr-FR"},{"@type":"Organization","@id":"https:\/\/preprod.weasywyg.com\/fr\/#organization","name":"Orthopus","url":"https:\/\/preprod.weasywyg.com\/fr\/","logo":{"@type":"ImageObject","inLanguage":"fr-FR","@id":"https:\/\/preprod.weasywyg.com\/fr\/#\/schema\/logo\/image\/","url":"https:\/\/preprod.weasywyg.com\/wp-content\/uploads\/2026\/05\/logo.svg","contentUrl":"https:\/\/preprod.weasywyg.com\/wp-content\/uploads\/2026\/05\/logo.svg","caption":"Orthopus"},"image":{"@id":"https:\/\/preprod.weasywyg.com\/fr\/#\/schema\/logo\/image\/"}},{"@type":"Person","@id":"https:\/\/preprod.weasywyg.com\/fr\/#\/schema\/person\/8b4382f5e6156ac0dec30415bb591535","name":"Pierre Murzeau","image":{"@type":"ImageObject","inLanguage":"fr-FR","@id":"https:\/\/secure.gravatar.com\/avatar\/9c3ed8fbf8227342dcec0e3c388c902ea09285b1b3c21e000bf3853a2729a85b?s=96&d=mm&r=g","url":"https:\/\/secure.gravatar.com\/avatar\/9c3ed8fbf8227342dcec0e3c388c902ea09285b1b3c21e000bf3853a2729a85b?s=96&d=mm&r=g","contentUrl":"https:\/\/secure.gravatar.com\/avatar\/9c3ed8fbf8227342dcec0e3c388c902ea09285b1b3c21e000bf3853a2729a85b?s=96&d=mm&r=g","caption":"Pierre Murzeau"},"url":"https:\/\/preprod.weasywyg.com\/fr\/author\/orthopus-pierre-26\/"}]}},"taxonomy_info":{"category":[{"value":235,"label":"Aidants"},{"value":236,"label":"Dispositifs d'aide"}]},"featured_image_src_large":["https:\/\/preprod.weasywyg.com\/wp-content\/uploads\/2026\/07\/IMG-250625-Le-Sommeil-dArthur-1024x431.webp",1024,431,true],"author_info":{"display_name":"Pierre Murzeau","author_link":"https:\/\/preprod.weasywyg.com\/fr\/author\/orthopus-pierre-26\/"},"comment_info":0,"category_info":[{"term_id":235,"name":"Aidants","slug":"aidants","term_group":0,"term_taxonomy_id":235,"taxonomy":"category","description":"","parent":0,"count":9,"filter":"raw","cat_ID":235,"category_count":9,"category_description":"","cat_name":"Aidants","category_nicename":"aidants","category_parent":0},{"term_id":236,"name":"Dispositifs d'aide","slug":"dispositifs-aide","term_group":0,"term_taxonomy_id":236,"taxonomy":"category","description":"","parent":0,"count":9,"filter":"raw","cat_ID":236,"category_count":9,"category_description":"","cat_name":"Dispositifs d'aide","category_nicename":"dispositifs-aide","category_parent":0}],"tag_info":false,"_links":{"self":[{"href":"https:\/\/preprod.weasywyg.com\/fr\/wp-json\/wp\/v2\/posts\/19129","targetHints":{"allow":["GET"]}}],"collection":[{"href":"https:\/\/preprod.weasywyg.com\/fr\/wp-json\/wp\/v2\/posts"}],"about":[{"href":"https:\/\/preprod.weasywyg.com\/fr\/wp-json\/wp\/v2\/types\/post"}],"author":[{"embeddable":true,"href":"https:\/\/preprod.weasywyg.com\/fr\/wp-json\/wp\/v2\/users\/3"}],"replies":[{"embeddable":true,"href":"https:\/\/preprod.weasywyg.com\/fr\/wp-json\/wp\/v2\/comments?post=19129"}],"version-history":[{"count":3,"href":"https:\/\/preprod.weasywyg.com\/fr\/wp-json\/wp\/v2\/posts\/19129\/revisions"}],"predecessor-version":[{"id":19416,"href":"https:\/\/preprod.weasywyg.com\/fr\/wp-json\/wp\/v2\/posts\/19129\/revisions\/19416"}],"wp:featuredmedia":[{"embeddable":true,"href":"https:\/\/preprod.weasywyg.com\/fr\/wp-json\/wp\/v2\/media\/19130"}],"wp:attachment":[{"href":"https:\/\/preprod.weasywyg.com\/fr\/wp-json\/wp\/v2\/media?parent=19129"}],"wp:term":[{"taxonomy":"category","embeddable":true,"href":"https:\/\/preprod.weasywyg.com\/fr\/wp-json\/wp\/v2\/categories?post=19129"},{"taxonomy":"post_tag","embeddable":true,"href":"https:\/\/preprod.weasywyg.com\/fr\/wp-json\/wp\/v2\/tags?post=19129"}],"curies":[{"name":"wp","href":"https:\/\/api.w.org\/{rel}","templated":true}]}}