{"id":19142,"date":"2024-08-28T16:28:15","date_gmt":"2024-08-28T14:28:15","guid":{"rendered":"https:\/\/preprod.weasywyg.com\/?p=19142"},"modified":"2026-07-20T17:14:20","modified_gmt":"2026-07-20T15:14:20","slug":"cumul-pch-aidant-familiale-et-retraite","status":"publish","type":"post","link":"https:\/\/preprod.weasywyg.com\/fr\/2024\/08\/28\/cumul-pch-aidant-familiale-et-retraite\/","title":{"rendered":"Cumul PCH aidant familial et retraite : entre engagement solidaire, droits reconnus et complexit\u00e9s administratives"},"content":{"rendered":"\n<h2 class=\"wp-block-heading\">Comprendre la PCH et le r\u00f4le d\u2019aidant familial retrait\u00e9<\/h2>\n\n\n\n<p class=\"wp-block-paragraph\">Imaginez un instant : vous \u00eates Charlie Bucket. Vous vivez dans une petite maison bringuebalante avec toute votre famille, vous mangez de la soupe au chou tous les soirs, et votre plus grand r\u00eave ? Une tablette de chocolat. Puis, un jour, jackpot : un ticket dor\u00e9. Une promesse d\u2019aventure pour aller visiter la chocolaterie du myst\u00e9rieux Willy Wonka et rencontrer les fameux Oompa Loompas.<\/p>\n\n\n\n<p class=\"wp-block-paragraph\">Maintenant, changeons de d\u00e9cor. Pas de rivi\u00e8res de chocolat ni de chewing-gum repas complet. Pour beaucoup de personnes en situation de handicap, ce \u201cticket d\u2019or\u201d change la donne et existe de mani\u00e8re moins sucr\u00e9e.\u00a0Il s\u2019appelle la\u00a0<a href=\"https:\/\/www.service-public.fr\/particuliers\/vosdroits\/F14202\" target=\"_blank\" rel=\"noreferrer noopener\">Prestation de compensation du handicap<\/a>, ou PCH. C\u2019est un levier bien r\u00e9el pour acc\u00e9der \u00e0 plus d\u2019autonomie, d\u2019\u00e9galit\u00e9 et de libert\u00e9. Aide humaine, am\u00e9nagement du logement, transport adapt\u00e9, mat\u00e9riel sp\u00e9cialis\u00e9\u2026 la PCH, c\u2019est un peu la machine de Willy Wonka, mais au service de l\u2019inclusion. Pas besoin de magie, juste de justice.<\/p>\n\n\n\n<p class=\"wp-block-paragraph\">Cr\u00e9\u00e9e par la loi du 11 f\u00e9vrier 2005 pour l\u2019<a href=\"https:\/\/www.legifrance.gouv.fr\/jorf\/id\/JORFTEXT000000809647\" target=\"_blank\" rel=\"noreferrer noopener\">\u00e9galit\u00e9 des droits et des chances, la participation et la citoyennet\u00e9 des personnes handicap\u00e9es<\/a>, la Prestation de compensation du handicap est une aide financi\u00e8re vers\u00e9e par le Conseil D\u00e9partemental.\u00a0<strong>Son objectif est clair : permettre \u00e0 une personne en situation de handicap de financer les\u00a0<a href=\"https:\/\/preprod.weasywyg.com\/2026\/07\/10\/aides-financieres-handicap\/\">aides n\u00e9cessaires \u00e0 sa vie quotidienne<\/a>, selon son degr\u00e9 d\u2019autonomie, ses besoins et son projet de vie.<\/strong>\u00a0Cela permet notamment de financer une assistance dans les gestes essentiels du quotidien : aide \u00e0 la toilette, aux repas, aux d\u00e9placements, ou encore pour assurer une pr\u00e9sence r\u00e9guli\u00e8re. L\u2019aide peut \u00eatre r\u00e9alis\u00e9e par\u00a0un\u2022e professionnel\u2022le\u00a0et\/ou par un\u2022e aidant\u2022e familial\u2022e. Parmi les volets couverts par la Prestation de compensation du handicap, l\u2019aide humaine est l\u2019une des plus sollicit\u00e9s.<\/p>\n\n\n<div class=\"orthopus-poulpe-tip wp-block-orthopus-poulpe-tip\">\n\t\t<div class=\"poulpe-tip__icon\" aria-hidden=\"true\">\n\t\t<span class=\"poulpe-tip__icon-placeholder\">\ud83d\udc19<\/span>\n\t<\/div>\n\n\t<div class=\"poulpe-tip__content\">\n\t\t\t\t\t<p class=\"poulpe-tip__title\"><strong>Point vocab\u2019 du poulpe : c\u2019est quoi un aidant familial ?<\/strong><\/p>\n\t\t\t\t\t\t\t<p class=\"poulpe-tip__body\">Un aidant familial est un proche non professionnel (conjoint\u2022e, parent, enfant, fr\u00e8re ou s\u0153ur, etc.) qui apporte une aide r\u00e9guli\u00e8re. Il ou elle peut \u00eatre r\u00e9mun\u00e9r\u00e9 via des aides comme la PCH, en dehors du r\u00e9gime d\u2019emploi direct (il ou elle n\u2019est pas formellement employ\u00e9\u2022e par la personne aid\u00e9e mais per\u00e7oit une indemnisation forfaitaire). Cette situation diff\u00e8re du recours \u00e0 un\u2022e salari\u00e9\u2022e professionnel\u2022le ou \u00e0 un\u2022e intervenant\u2022e m\u00e9dico-social, car elle repose sur un lien affectif et souvent, une implication de longue dur\u00e9e. L\u2019aidant familial accompagne au quotidien pour : l\u2019aide \u00e0 l\u2019hygi\u00e8ne et \u00e0 l\u2019habillage, les repas, l\u2019entretien du logement, les d\u00e9marches administratives et le maintien de la vie sociale : sorties, rencontres, loisirs, etc.<\/p>\n\t\t\t<\/div>\n<\/div>\n\n\n\n<p class=\"wp-block-paragraph\">En raison d\u2019une population vieillissante, de plus en plus d\u2019aidant\u2022es sont eux-m\u00eames retrait\u00e9\u2022es. Ce sont des parents qui accompagnent un enfant adulte en situation de handicap ou des conjoints qui soutiennent leur partenaire.<\/p>\n\n\n\n<p class=\"wp-block-paragraph\">En France,\u00a0<a href=\"https:\/\/www.carenews.com\/fondation-swiss-life\/news\/barometre-de-l-aidance-2024-les-grands-chiffres\" target=\"_blank\" rel=\"noreferrer noopener\">1 Fran\u00e7ais\u2022e sur 4<\/a>\u00a0est aidant\u2022e, 23% de ceux-ci ont plus de 65 ans. Ces personnes jouent un r\u00f4le fondamental dans le maintien \u00e0 domicile et la qualit\u00e9 de vie de leurs proches. Souvent non form\u00e9\u2022es, peu reconnu\u2022es et peu soutenu\u2022es, ces aidant\u2022es retrait\u00e9\u2022es se trouvent \u00e0 la crois\u00e9e de plusieurs enjeux : solidarit\u00e9 interg\u00e9n\u00e9rationnelle,\u00a0<a href=\"https:\/\/preprod.weasywyg.com\/2026\/07\/08\/halte-repit\/\">fatigue physique et \u00e9motionnelle<\/a>, et pr\u00e9carisation potentielle en particulier s\u2019ils ne pensent pas \u00e0 cumuler la PCH aidant familial et leur retraite.<\/p>\n\n\n\n<h2 class=\"wp-block-heading\">Cumul PCH et retraite : un droit possible mais encadr\u00e9<\/h2>\n\n\n\n<p class=\"wp-block-paragraph\">Lorsqu\u2019un\u2022e proche retrait\u00e9\u2022e accompagne au quotidien une personne en situation de handicap, une question revient souvent :&nbsp;<strong>peut-il\u2022elle \u00eatre r\u00e9mun\u00e9r\u00e9\u2022e au titre de la PCH ?<\/strong>&nbsp;La r\u00e9ponse est&nbsp;<a href=\"https:\/\/www.service-public.fr\/particuliers\/vosdroits\/F32794\">oui<\/a>, mais ce droit est strictement encadr\u00e9.<\/p>\n\n\n\n<p class=\"wp-block-paragraph\">Il ne s\u2019agit pas d\u2019un salaire au sens classique, car il n\u2019y a ni contrat de travail, ni lien de subordination, ni cotisations sociales standards. C\u2019est donc un revenu d\u00e9clar\u00e9, mais non consid\u00e9r\u00e9 comme une activit\u00e9 professionnelle. Cela signifie que le versement\u00a0<a href=\"https:\/\/www.aidonslesnotres.fr\/aidants\/discussions\/legislation-cumul-retraite-et-salaire-aidant-familial\/\" target=\"_blank\" rel=\"noreferrer noopener\">n\u2019impacte pas la pension de retraite<\/a>, notamment dans le r\u00e9gime g\u00e9n\u00e9ral. Le ou la retrait\u00e9\u2022e peut donc \u00eatre indemnis\u00e9\u2022e par la\u00a0<a href=\"https:\/\/www.service-public.fr\/particuliers\/vosdroits\/F14202\" target=\"_blank\" rel=\"noreferrer noopener\">Prestation de compensation du handicap<\/a>\u00a0sans craindre de voir sa retraite suspendue ou r\u00e9duite.<\/p>\n\n\n\n<p class=\"wp-block-paragraph\">Il existe des diff\u00e9rences entre les r\u00e9gimes de retraite basiques et les compl\u00e9mentaires :<\/p>\n\n\n\n<ul class=\"wp-block-list\">\n<li>R\u00e9gime de base (Assurance retraite) : le cumul est autoris\u00e9 sans restriction, tant que la r\u00e9mun\u00e9ration PCH ne correspond pas \u00e0 un emploi d\u00e9clar\u00e9 (exemple : emploi direct via\u00a0<a href=\"https:\/\/www.pajemploi.urssaf.fr\/pajewebinfo\/cms\/sites\/pajewebinfo\/accueil.html\" target=\"_blank\" rel=\"noreferrer noopener\">Pajemploi<\/a>).<\/li>\n\n\n\n<li>R\u00e9gimes compl\u00e9mentaires (<a href=\"https:\/\/www.agirc-arrco.fr\/\" target=\"_blank\" rel=\"noreferrer noopener\">Agirc-Arrco<\/a>) : en principe, la r\u00e9mun\u00e9ration PCH n\u2019est pas consid\u00e9r\u00e9e comme un revenu d\u2019activit\u00e9 professionnelle, donc elle ne bloque pas\u00a0<a href=\"https:\/\/www.previssima.fr\/question-pratique\/comment-fonctionne-le-cumul-emploi-retraite-dans-les-regimes-complementaires-des-salaries.html\" target=\"_blank\" rel=\"noreferrer noopener\">les droits \u00e0 retraite compl\u00e9mentaire<\/a>. Mais chaque caisse peut avoir ses r\u00e8gles, donc il est recommand\u00e9 de v\u00e9rifier individuellement.<\/li>\n<\/ul>\n\n\n\n<p class=\"wp-block-paragraph\">Pour&nbsp;<strong>les retrait\u00e9\u2022es de la fonction publique ou ceux ou celles des r\u00e9gimes sp\u00e9ciaux comme les agriculteurs et agricultrices et les ind\u00e9pendant\u2022es<\/strong>, les r\u00e8gles sont plus strictes. Le versement de la PCH n\u2019est pas automatiquement compatible, il est recommand\u00e9 de contacter sa caisse de retraite pour v\u00e9rifier si le cumul PCH aidant familial et retraite est possible. Dans le cadre d\u2019un&nbsp;<a href=\"https:\/\/www.service-public.fr\/particuliers\/vosdroits\/F13243\">cumul emploi-retraite<\/a>&nbsp;ou d\u2019une retraite progressive, la situation est plus complexe. Si l\u2019aidant\u2022e retrait\u00e9\u2022e per\u00e7oit d\u00e9j\u00e0 un revenu d\u2019activit\u00e9, l\u2019indemnisation PCH peut \u00eatre requalifi\u00e9e selon le mode de d\u00e9claration. L\u00e0 encore, l\u2019absence de contrat de travail est un crit\u00e8re cl\u00e9.<\/p>\n\n\n\n<p class=\"wp-block-paragraph\">Enfin, les aidants familiaux peuvent b\u00e9n\u00e9ficier d\u2019une\u00a0<a href=\"https:\/\/www.klesia.fr\/vous-etes-aidant-vous-avez-le-droit-des-aides\" target=\"_blank\" rel=\"noreferrer noopener\">majoration de trimestres pour la retraite<\/a>, notamment s\u2019ils ont interrompu ou r\u00e9duit leur activit\u00e9 pour s\u2019occuper de leur proche. Cependant, la r\u00e9forme des retraites, encore \u00e0 l\u2019\u00e9tat de projet, tend \u00e0 remplacer ce m\u00e9canisme par un\u00a0<a href=\"https:\/\/www.faire-face.fr\/2020\/01\/24\/reforme-retraites-aidants-passent-points\/\">syst\u00e8me <\/a><a href=\"https:\/\/www.faire-face.fr\/2020\/01\/24\/reforme-retraites-aidants-passent-points\/\" target=\"_blank\" rel=\"noreferrer noopener\">d<\/a><a href=\"https:\/\/www.faire-face.fr\/2020\/01\/24\/reforme-retraites-aidants-passent-points\/\">e points<\/a>, moins favorable dans certains cas.<\/p>\n\n\n<div class=\"orthopus-poulpe-tip wp-block-orthopus-poulpe-tip\">\n\t\t<div class=\"poulpe-tip__icon\" aria-hidden=\"true\">\n\t\t<span class=\"poulpe-tip__icon-placeholder\">\ud83d\udc19<\/span>\n\t<\/div>\n\n\t<div class=\"poulpe-tip__content\">\n\t\t\t\t\t<p class=\"poulpe-tip__title\"><strong>Le coup de pouce du poulpe : attention aux erreurs de d\u00e9claratio<\/strong>n<\/p>\n\t\t\t\t\t\t\t<p class=\"poulpe-tip__body\">Mal d\u00e9clarer l\u2019indemnisation per\u00e7ue au titre de la Prestation de compensation du handicap peut entra\u00eener de nombreux malus comme des remboursements, des suspensions de retraite ou des sanctions fiscales.<br><br><strong>Nous vous conseillons donc vivement de conserver tous les justificatifs de versement PCH (attestations, relev\u00e9s, d\u00e9clarations CAF ou MDPH) et d\u2019informer votre caisse de retraite en cas de doute.<\/strong><\/p>\n\t\t\t<\/div>\n<\/div>\n\n\n\n<h2 class=\"wp-block-heading\">R\u00e9gime fiscal et social : ce qu\u2019il faut d\u00e9clarer, ce qu\u2019on peut conserver<\/h2>\n\n\n\n<p class=\"wp-block-paragraph\">Il faut prendre un maximum de pr\u00e9cautions, conserver tous les\u00a0<a href=\"https:\/\/preprod.weasywyg.com\/2026\/07\/17\/justificatif-aidant-familial\/\">justificatifs possibles<\/a>\u00a0et bien se renseigner pour d\u00e9clarer ses imp\u00f4ts. Lorsque vous \u00eates aidant familial et que vous \u00eates d\u00e9dommag\u00e9\u2022e par des aides, cette t\u00e2che peut s\u2019av\u00e9rer plus ardue ! Soit vous \u00eates salari\u00e9\u2022e de la personne que vous aidez, soit vous \u00eates d\u00e9dommag\u00e9\u2022e par les aides qu\u2019elle touche (comme la PCH).<\/p>\n\n\n\n<ul class=\"wp-block-list\">\n<li>Si vous \u00eates salari\u00e9\u2022e, vous d\u00e9clarez vos revenus normalement comme si vous travailliez encore pendant votre retraite. Cette somme n\u2019est pas\u00a0<a href=\"https:\/\/www.enfant-different.org\/vos-aides\/prestation-de-compensation-impots\/\" target=\"_blank\" rel=\"noreferrer noopener\">imposable<\/a>.<br>\u27a1\ufe0f Vous \u00eates \u00e9galement soumis\u2022e aux cotisations sociales au contraire d\u2019un aidant familial non salari\u00e9.<\/li>\n\n\n\n<li>Si vous \u00eates d\u00e9dommag\u00e9\u2022e (donc non soumis\u2022e \u00e0 un contrat de travail), vous d\u00e9clarez vos revenus comme des b\u00e9n\u00e9fices non commerciaux et ils ne sont pas imposables.<\/li>\n<\/ul>\n\n\n\n<p class=\"wp-block-paragraph\">Pour ce qui est des autres aides, comme l\u2019<a href=\"https:\/\/www.info-retraite.fr\/portail-info\/sites\/PortailInformationnel\/home\/mes-droits-a-la-retraite\/age-et-montant-de-ma-retraite\/montants-minimums\/allocations-de-solidarite-aspa-a.html\" target=\"_blank\" rel=\"noreferrer noopener\">Allocation de solidarit\u00e9 aux personnes \u00e2g\u00e9es<\/a>\u00a0(ASPA) ou l\u2019<a href=\"https:\/\/www.service-public.fr\/particuliers\/vosdroits\/F12006\" target=\"_blank\" rel=\"noreferrer noopener\">Aide personnalis\u00e9e au logement<\/a>\u00a0(APL), elles peuvent avoir un impact sur vos imp\u00f4ts.<\/p>\n\n\n\n<ul class=\"wp-block-list\">\n<li>L\u2019ASPA (Allocation de solidarit\u00e9 aux personnes \u00e2g\u00e9es) est soumise \u00e0 condition de ressources. Toute somme per\u00e7ue n\u2019est pas imposable mais elle peut \u00eatre prise en compte dans le calcul de vos ressources annuelles.<br>\u27a1\ufe0f Si vous percevez un montant qui d\u00e9passe le plafond de ressources, l\u2019ASPA diminuera voire dispara\u00eetra compl\u00e8tement.<\/li>\n\n\n\n<li>L\u2019APL (Aide personnalis\u00e9e au logement) est aussi calcul\u00e9e sur la base de vos ressources.<br>\u27a1\ufe0f Si vous \u00eates aidant\u2022e salari\u00e9\u2022e, votre salaire est pris en compte dans l\u2019\u00e9tude de vos droits \u00e0 l\u2019APL.<\/li>\n\n\n\n<li>Si vous \u00eates aidant\u2022e non salari\u00e9\u2022e mais d\u00e9dommag\u00e9\u2022e, la somme per\u00e7ue n\u2019est pas prise en compte dans le calcul de vos droits APL.<\/li>\n<\/ul>\n\n\n\n<p class=\"wp-block-paragraph\">Concernant les tranches d\u2019imposition et les successions, la l\u00e9gislation est la m\u00eame pour tous. Si vous touchez la PCH ou toute autre aide, cela ne change rien. \u00c9videment, ces aides s\u2019arr\u00eatent au d\u00e9c\u00e8s de la personne qui les per\u00e7oit.<\/p>\n\n\n\n<figure class=\"wp-block-table\"><table class=\"has-fixed-layout\"><tbody><tr><td><strong>Situation<\/strong><\/td><td><strong>D\u00e9claration aux imp\u00f4ts ?<\/strong><\/td><td><strong>Imposable ?<\/strong><\/td><td><strong>Cotisations sociales ?<\/strong><\/td><\/tr><tr><td>Aidant familial non salari\u00e9 mais d\u00e9dommag\u00e9 par la PCH<\/td><td>Oui, dans la cat\u00e9gorie b\u00e9n\u00e9fices non commerciaux<\/td><td>Non<\/td><td>Non<\/td><\/tr><tr><td>Aidant familial salari\u00e9 de la personne qu&rsquo;il aide<\/td><td>Oui, comme un revenu normal, il vient s&rsquo;ajouter \u00e0 vos revenus d\u00e9j\u00e0 existants comme la retraite notamment<\/td><td>Non<\/td><td>Oui, comme tout emploi<\/td><\/tr><\/tbody><\/table><\/figure>\n\n\n\n<blockquote class=\"wp-block-quote is-layout-flow wp-block-quote-is-layout-flow\">\n<p class=\"wp-block-paragraph\">\u26a0\ufe0f Il est fortement conseill\u00e9 si vous doutez de la v\u00e9racit\u00e9 de vos dires lorsque vous d\u00e9clarez vos revenus, de contacter un\u2022e assistant\u2022e social\u2022e, la MDPH, l\u2019URSSAF ou la caisse des imp\u00f4ts locale.&nbsp;<strong>Cela vous permettra d\u2019\u00e9viter de potentielles erreurs et des redressement fiscaux ou des r\u00e9gularisations de l\u2019URSSAF.<\/strong><\/p>\n<\/blockquote>\n\n\n\n<h2 class=\"wp-block-heading\">Focus : cumul PCH avec retraite progressive ou emploi-retraite<\/h2>\n\n\n\n<p class=\"wp-block-paragraph\">Certaines situations de retraite partielle ou diff\u00e9r\u00e9e soul\u00e8vent des questions sp\u00e9cifiques lorsqu\u2019elles sont combin\u00e9es avec le statut d\u2019aidant familial b\u00e9n\u00e9ficiant de la Prestation de Compensation du Handicap (PCH), c\u2019est pourquoi il est important de pouvoir y r\u00e9pondre.<\/p>\n\n\n\n<ul class=\"wp-block-list\">\n<li>La\u00a0<a href=\"https:\/\/www.lassuranceretraite.fr\/portail-info\/home\/actif\/je-souhaite-partir-plus-tot\/retraite-progressive.html\" target=\"_blank\" rel=\"noreferrer noopener\">retraite progressive<\/a>\u00a0permet \u00e0 une personne de percevoir une partie de sa pension tout en retraite tout en continuant \u00e0 exercer une activit\u00e9 professionnelle \u00e0 temps r\u00e9duit.<br>\u27a1\ufe0f Ce dispositif est accessible sous conditions d\u2019\u00e2ge et de trimestres obtenus, il est mis en place dans le secteur priv\u00e9 particuli\u00e8rement.<br>\u27a1\ufe0f Le temps total consacr\u00e9 aux activit\u00e9s du retrait\u00e9 ne doit pas d\u00e9passer 80% d\u2019un temps plein, sans quoi la retraite progressive est nulle.<\/li>\n\n\n\n<li>Le\u00a0<a href=\"https:\/\/www.service-public.fr\/particuliers\/vosdroits\/F13243\" target=\"_blank\" rel=\"noreferrer noopener\">cumul emploi-retraite<\/a>\u00a0permet \u00e0 un\u2022e retrait\u00e9\u2022e d\u2019exercer une activit\u00e9 r\u00e9mun\u00e9r\u00e9e apr\u00e8s la liquidation de ses droits \u00e0 la retraite (c\u2019est-\u00e0-dire que tous ses trimestres de cotisations sont compt\u00e9s et il.elle ne peut plus obtenir de nouveau trimestre ni un recalcul de pension).<\/li>\n<\/ul>\n\n\n\n<p class=\"wp-block-paragraph\">Cumuler l\u2019un des types de retraite susmentionn\u00e9s avec un statut d\u2019aidant familial peut soulever plusieurs interrogations l\u00e9gitimes.<\/p>\n\n\n\n<div data-wp-context=\"{ &quot;autoclose&quot;: false, &quot;accordionItems&quot;: [] }\" data-wp-interactive=\"core\/accordion\" role=\"group\" class=\"wp-block-accordion is-layout-flow wp-block-accordion-is-layout-flow\">\n<div data-wp-class--is-open=\"state.isOpen\" data-wp-context=\"{ &quot;id&quot;: &quot;accordion-item-1&quot;, &quot;openByDefault&quot;: false }\" data-wp-init=\"callbacks.initAccordionItems\" data-wp-on-window--hashchange=\"callbacks.hashChange\" class=\"wp-block-accordion-item is-layout-flow wp-block-accordion-item-is-layout-flow\">\n<h3 class=\"wp-block-accordion-heading\"><button aria-expanded=\"false\" aria-controls=\"accordion-item-1-panel\" data-wp-bind--aria-expanded=\"state.isOpen\" data-wp-on--click=\"actions.toggle\" id=\"accordion-item-1\" type=\"button\" class=\"wp-block-accordion-heading__toggle\"><span class=\"wp-block-accordion-heading__toggle-title\"><a>Suis<\/a>-je assimil\u00e9\u2022e \u00e0 une activit\u00e9 professionnelle si je suis aidant\u2022e \u00e0 la retraite ?<\/span><span class=\"wp-block-accordion-heading__toggle-icon\" aria-hidden=\"true\">+<\/span><\/button><\/h3>\n\n\n\n<div aria-labelledby=\"accordion-item-1\" data-wp-bind--hidden=\"state.isHidden\" data-wp-on--beforematch=\"actions.handleBeforeMatch\" id=\"accordion-item-1-panel\" role=\"region\" class=\"wp-block-accordion-panel is-layout-flow wp-block-accordion-panel-is-layout-flow\">\n<p class=\"wp-block-paragraph\"><strong>Oui<\/strong>, seulement si vous \u00eates aidant familial salari\u00e9\u2022e et qu\u2019il y a l\u2019\u00e9tablissement d\u2019un contrat de travail.<\/p>\n<\/div>\n<\/div>\n\n\n\n<div data-wp-class--is-open=\"state.isOpen\" data-wp-context=\"{ &quot;id&quot;: &quot;accordion-item-2&quot;, &quot;openByDefault&quot;: false }\" data-wp-init=\"callbacks.initAccordionItems\" data-wp-on-window--hashchange=\"callbacks.hashChange\" class=\"wp-block-accordion-item is-layout-flow wp-block-accordion-item-is-layout-flow\">\n<h3 class=\"wp-block-accordion-heading\"><button aria-expanded=\"false\" aria-controls=\"accordion-item-2-panel\" data-wp-bind--aria-expanded=\"state.isOpen\" data-wp-on--click=\"actions.toggle\" id=\"accordion-item-2\" type=\"button\" class=\"wp-block-accordion-heading__toggle\"><span class=\"wp-block-accordion-heading__toggle-title\">La r\u00e9mun\u00e9ration per\u00e7ue au titre de la Prestation de Compensation du Handicap (PCH) est-elle incluse dans les plafonds de ressources autoris\u00e9s pour la reprise d&rsquo;activit\u00e9 professionnelle ?<\/span><span class=\"wp-block-accordion-heading__toggle-icon\" aria-hidden=\"true\">+<\/span><\/button><\/h3>\n\n\n\n<div aria-labelledby=\"accordion-item-2\" data-wp-bind--hidden=\"state.isHidden\" data-wp-on--beforematch=\"actions.handleBeforeMatch\" id=\"accordion-item-2-panel\" role=\"region\" class=\"wp-block-accordion-panel is-layout-flow wp-block-accordion-panel-is-layout-flow\">\n<p class=\"wp-block-paragraph\"><strong>Oui, en partie.<\/strong>&nbsp;La r\u00e9mun\u00e9ration vers\u00e9e via la PCH est assimil\u00e9e \u00e0 un revenu d\u2019activit\u00e9 salariale, donc si vous faites un cumul PCH aidant familial et retraite vous ne devriez pas d\u00e9passer votre plafond de ressources.<\/p>\n<\/div>\n<\/div>\n\n\n\n<div data-wp-class--is-open=\"state.isOpen\" data-wp-context=\"{ &quot;id&quot;: &quot;accordion-item-3&quot;, &quot;openByDefault&quot;: false }\" data-wp-init=\"callbacks.initAccordionItems\" data-wp-on-window--hashchange=\"callbacks.hashChange\" class=\"wp-block-accordion-item is-layout-flow wp-block-accordion-item-is-layout-flow\">\n<h3 class=\"wp-block-accordion-heading\"><button aria-expanded=\"false\" aria-controls=\"accordion-item-3-panel\" data-wp-bind--aria-expanded=\"state.isOpen\" data-wp-on--click=\"actions.toggle\" id=\"accordion-item-3\" type=\"button\" class=\"wp-block-accordion-heading__toggle\"><span class=\"wp-block-accordion-heading__toggle-title\">Y a-t-il un impact sur la validation de trimestres ou le recalcul des droits \u00e0 pension, notamment pour ceux en retraite progressive ?<\/span><span class=\"wp-block-accordion-heading__toggle-icon\" aria-hidden=\"true\">+<\/span><\/button><\/h3>\n\n\n\n<div aria-labelledby=\"accordion-item-3\" data-wp-bind--hidden=\"state.isHidden\" data-wp-on--beforematch=\"actions.handleBeforeMatch\" id=\"accordion-item-3-panel\" role=\"region\" class=\"wp-block-accordion-panel is-layout-flow wp-block-accordion-panel-is-layout-flow\">\n<p class=\"wp-block-paragraph\"><strong>Oui<\/strong>, l\u2019aidant\u2022e r\u00e9mun\u00e9r\u00e9\u2022e via la PCH en retraite progressive cotise obligatoirement \u00e0 l\u2019Assurance vieillesse, donc il continue d\u2019acqu\u00e9rir des trimestres de retraite et d\u2019augmenter le montant final de sa pension de retraite.<\/p>\n<\/div>\n<\/div>\n\n\n\n<div data-wp-class--is-open=\"state.isOpen\" data-wp-context=\"{ &quot;id&quot;: &quot;accordion-item-4&quot;, &quot;openByDefault&quot;: false }\" data-wp-init=\"callbacks.initAccordionItems\" data-wp-on-window--hashchange=\"callbacks.hashChange\" class=\"wp-block-accordion-item is-layout-flow wp-block-accordion-item-is-layout-flow\">\n<h3 class=\"wp-block-accordion-heading\"><button aria-expanded=\"false\" aria-controls=\"accordion-item-4-panel\" data-wp-bind--aria-expanded=\"state.isOpen\" data-wp-on--click=\"actions.toggle\" id=\"accordion-item-4\" type=\"button\" class=\"wp-block-accordion-heading__toggle\"><span class=\"wp-block-accordion-heading__toggle-title\">Quelles d\u00e9marches faire si l&rsquo;aidant familial est r\u00e9mun\u00e9r\u00e9 via le CESU tout en \u00e9tant encore partiellement actif ?<\/span><span class=\"wp-block-accordion-heading__toggle-icon\" aria-hidden=\"true\">+<\/span><\/button><\/h3>\n\n\n\n<div aria-labelledby=\"accordion-item-4\" data-wp-bind--hidden=\"state.isHidden\" data-wp-on--beforematch=\"actions.handleBeforeMatch\" id=\"accordion-item-4-panel\" role=\"region\" class=\"wp-block-accordion-panel is-layout-flow wp-block-accordion-panel-is-layout-flow\">\n<ul class=\"wp-block-list\">\n<li>Pour l\u2019aid\u00e9 : il fait une demande de PCH aupr\u00e8s de la MDPH et embauche officiellement l\u2019aidant familial via le CESU \u201ctiers aidant\u201d de l\u2019URSSAF.<\/li>\n\n\n\n<li>Pour l\u2019aidant partiellement actif : il doit d\u00e9clarer son activit\u00e9 d\u2019aidant comme un emploi salari\u00e9 aupr\u00e8s de l\u2019URSSAF.<br>\u27a1\ufe0f S\u2019il est en retraite progressive, il faut s\u2019assurer que le cumul de toutes ses activit\u00e9s reste inf\u00e9rieur \u00e0 80% d\u2019un temps plein, sans quoi il perd le b\u00e9n\u00e9fice de la retraite progressive.<br>\u27a1\ufe0f S\u2019il est en cumul emploi-retraite, il doit d\u00e9clarer cette activit\u00e9 \u00e0 sa caisse de retraite et v\u00e9rifier que tout est en ordre aupr\u00e8s d\u2019un\u2022e conseiller\u2022\u00e8re.<\/li>\n<\/ul>\n<\/div>\n<\/div>\n<\/div>\n\n\n\n<h2 class=\"wp-block-heading\">Articulation avec la carte mobilit\u00e9 inclusion (CMI)<\/h2>\n\n\n\n<figure class=\"wp-block-image size-large\"><img loading=\"lazy\" decoding=\"async\" width=\"1024\" height=\"538\" src=\"https:\/\/preprod.weasywyg.com\/wp-content\/uploads\/2026\/07\/IMG-250630-CMI-1024x538.webp\" alt=\"\" class=\"wp-image-19144\" srcset=\"https:\/\/preprod.weasywyg.com\/wp-content\/uploads\/2026\/07\/IMG-250630-CMI-1024x538.webp 1024w, https:\/\/preprod.weasywyg.com\/wp-content\/uploads\/2026\/07\/IMG-250630-CMI-300x158.webp 300w, https:\/\/preprod.weasywyg.com\/wp-content\/uploads\/2026\/07\/IMG-250630-CMI-768x403.webp 768w, https:\/\/preprod.weasywyg.com\/wp-content\/uploads\/2026\/07\/IMG-250630-CMI.webp 1200w\" sizes=\"auto, (max-width: 1024px) 100vw, 1024px\" \/><\/figure>\n\n\n\n<p class=\"wp-block-paragraph\">La\u00a0<a href=\"https:\/\/orthopus.com\/fr\/dossier-mdph\/ouverture-droits-mdph-carte-mobilite-inclusion\/\">Carte Mobilit\u00e9 Inclusion<\/a>\u00a0(CMI) est une carte officielle d\u00e9livr\u00e9e par la\u00a0<a href=\"https:\/\/mdphenligne.cnsa.fr\/\" target=\"_blank\" rel=\"noreferrer noopener\">Maison D\u00e9partementale des Personnes Handicap\u00e9es<\/a>\u00a0(MDPH) de votre\u00a0<a href=\"https:\/\/view.genially.com\/684c22bdcbfcf59b8d269f0f\/interactive-content-cartemdph\" target=\"_blank\" rel=\"noreferrer noopener\">d\u00e9partement<\/a>. Elle permet \u00e0 une personne en situation de handicap ou dont la mobilit\u00e9 est r\u00e9duite de b\u00e9n\u00e9ficier de certains avantages au quotidien tels que :<\/p>\n\n\n\n<ul class=\"wp-block-list\">\n<li>Se&nbsp;<strong>garer sur les places handicap\u00e9es<\/strong>&nbsp;si elle porte la mention \u201cstationnement\u201d.<\/li>\n\n\n\n<li>Avoir des&nbsp;<strong>r\u00e9ductions ou des priorit\u00e9s<\/strong>&nbsp;dans les transports, les files d\u2019attente, les mus\u00e9es ou parcs d\u2019attraction etc.<\/li>\n\n\n\n<li>De&nbsp;<strong>faciliter les d\u00e9placements conjoints avec l\u2019aidant<\/strong>.<\/li>\n<\/ul>\n\n\n\n<p class=\"wp-block-paragraph\">Ces avantages ne sont possibles que si la CMI contient les mentions relatives \u00e0 ceux-ci : \u201cstationnement\u201d pour se garer sur les places r\u00e9serv\u00e9es, \u201cpriorit\u00e9\u201d pour couper les files, et \u201cinvalidit\u00e9\u201d pour ouvrir des droits sociaux comme les r\u00e9ductions SNCF, les places accompagnateurs gratuites, etc.<\/p>\n\n\n\n<figure class=\"wp-block-embed is-type-video is-provider-youtube wp-block-embed-youtube wp-embed-aspect-16-9 wp-has-aspect-ratio\"><div class=\"wp-block-embed__wrapper\">\n<iframe loading=\"lazy\" title=\"Tout savoir sur la carte mobilit\u00e9 inclusion (CMI)\" width=\"1480\" height=\"833\" src=\"https:\/\/www.youtube.com\/embed\/VXuthDRbpsI?feature=oembed\" frameborder=\"0\" allow=\"accelerometer; autoplay; clipboard-write; encrypted-media; gyroscope; picture-in-picture; web-share\" referrerpolicy=\"strict-origin-when-cross-origin\" allowfullscreen><\/iframe>\n<\/div><\/figure>\n\n\n\n<p class=\"wp-block-paragraph\"><strong>La CMI n\u2019impacte pas directement le cumul PCH aidant familial et retraite mais elle renforce la reconnaissance administrative du r\u00f4le d\u2019aidant\u2022e.<\/strong><\/p>\n\n\n<div class=\"orthopus-poulpe-tip wp-block-orthopus-poulpe-tip\">\n\t\t<div class=\"poulpe-tip__icon\" aria-hidden=\"true\">\n\t\t<span class=\"poulpe-tip__icon-placeholder\">\ud83d\udc19<\/span>\n\t<\/div>\n\n\t<div class=\"poulpe-tip__content\">\n\t\t\t\t\t<p class=\"poulpe-tip__title\"><strong>Le tuto du poulpe :\u00a0<a href=\"https:\/\/www.sep-ensemble.fr\/droits-demarches\/la-carte-mobilite-inclusion-cmi\">comment demander une carte mobilit\u00e9 inclusion ?<\/a><\/strong><\/p>\n\t\t\t\t\t\t\t<p class=\"poulpe-tip__body\">Afin d\u2019obtenir le pr\u00e9cieux s\u00e9same, vous devrez faire\u00a0<a href=\"https:\/\/preprod.weasywyg.com\/2026\/07\/17\/ouverture-droits-mdph-dossier-en-ligne\/\">votre demande aupr\u00e8s de la MDPH<\/a>\u00a0de votre r\u00e9gion via le\u00a0<a href=\"https:\/\/www.formulaires.service-public.fr\/gf\/cerfa_15692.do\">formulaire Cerfa n\u00b015692*01<\/a>, accompagn\u00e9 d\u2019un certificat m\u00e9dical de moins de six mois et d\u2019une photocopie de la pi\u00e8ce d\u2019identit\u00e9 du demandeur.<br>Votre dossier est ensuite \u00e9tudi\u00e9 par une \u00e9quipe pluridisciplinaire de la MDPH. S\u2019ensuit une autre \u00e9tude aupr\u00e8s de la Commission des droits (CDAPH) qui transmet sa d\u00e9cision au Pr\u00e9sident ou \u00e0 la Pr\u00e9sidente du Conseil d\u00e9partemental.<br>Si la r\u00e9ponse est positive, vous recevez un\u00a0<a href=\"https:\/\/www.mdph13.fr\/Lists\/FAQ\/DispForm.aspx?ID=58&amp;ContentTypeId=0x01006DCF629E16A742D4B40AFAEE040E2D4F0018AB1BE324E93740B588685EF2F2537F\" target=\"_blank\" rel=\"noreferrer noopener\">courrier d\u2019appel-photo<\/a>\u00a0puis, sous r\u00e9ception de votre r\u00e9ponse \u00e0 ce courrier, la carte est envoy\u00e9e dans les 10 jours.<\/p>\n\t\t\t<\/div>\n<\/div>\n\n\n\n<h2 class=\"wp-block-heading\">Droits au r\u00e9pit, \u00e0 la formation et au soutien des aidants retrait\u00e9s<\/h2>\n\n\n\n<p class=\"wp-block-paragraph\">En plus d\u2019un cumul PCH aidant familial et retraite, les aidant\u2022es ont droit \u00e0 des aides compl\u00e9mentaires qu\u2019elles soient mises en place par l\u2019\u00c9tat ou par des associations. Elles visent en premier lieu \u00e0 limiter l\u2019\u00e9puisement des aidant\u2022es et \u00e0 leur offrir un peu de temps personnel afin de mieux g\u00e9rer leur r\u00f4le au quotidien.<\/p>\n\n\n\n<div data-wp-context=\"{ &quot;autoclose&quot;: false, &quot;accordionItems&quot;: [] }\" data-wp-interactive=\"core\/accordion\" role=\"group\" class=\"wp-block-accordion is-layout-flow wp-block-accordion-is-layout-flow\">\n<div data-wp-class--is-open=\"state.isOpen\" data-wp-context=\"{ &quot;id&quot;: &quot;accordion-item-5&quot;, &quot;openByDefault&quot;: false }\" data-wp-init=\"callbacks.initAccordionItems\" data-wp-on-window--hashchange=\"callbacks.hashChange\" class=\"wp-block-accordion-item is-layout-flow wp-block-accordion-item-is-layout-flow\">\n<h3 class=\"wp-block-accordion-heading\"><button aria-expanded=\"false\" aria-controls=\"accordion-item-5-panel\" data-wp-bind--aria-expanded=\"state.isOpen\" data-wp-on--click=\"actions.toggle\" id=\"accordion-item-5\" type=\"button\" class=\"wp-block-accordion-heading__toggle\"><span class=\"wp-block-accordion-heading__toggle-title\">Droit au r\u00e9pit (via l&rsquo;Allocation Personnalis\u00e9e d&rsquo;Autonomie (APA))<\/span><span class=\"wp-block-accordion-heading__toggle-icon\" aria-hidden=\"true\">+<\/span><\/button><\/h3>\n\n\n\n<div aria-labelledby=\"accordion-item-5\" data-wp-bind--hidden=\"state.isHidden\" data-wp-on--beforematch=\"actions.handleBeforeMatch\" id=\"accordion-item-5-panel\" role=\"region\" class=\"wp-block-accordion-panel is-layout-flow wp-block-accordion-panel-is-layout-flow\">\n<ul class=\"wp-block-list\">\n<li>Les aidant\u2022es d\u2019une personne \u00e2g\u00e9e en situation de d\u00e9pendance et correspondant aux crit\u00e8res\u00a0<a href=\"https:\/\/www.service-public.fr\/particuliers\/vosdroits\/F1229\" target=\"_blank\" rel=\"noreferrer noopener\">GIR 1 \u00e0 4<\/a>, peuvent profiter d\u2019un\u00a0<a href=\"https:\/\/preprod.weasywyg.com\/2026\/07\/08\/halte-repit\/\">droit de r\u00e9pit<\/a>\u00a0encadr\u00e9 par l\u2019APA.<\/li>\n\n\n\n<li>Ce dispositif permet de financer des solutions de r\u00e9pit comme l\u2019accueil de jour, l\u2019h\u00e9bergement temporaire, les haltes r\u00e9pit, etc.<\/li>\n\n\n\n<li>Le montant est fix\u00e9 jusqu\u2019\u00e0\u00a0<a href=\"https:\/\/www.pour-les-personnes-agees.gouv.fr\/solutions-pour-les-aidants\/soutien-financier\/l-aide-au-repit-dans-le-cadre-de-l-apa\" target=\"_blank\" rel=\"noreferrer noopener\">573.77\u20ac par an en 2025<\/a>.<\/li>\n<\/ul>\n<\/div>\n<\/div>\n\n\n\n<div data-wp-class--is-open=\"state.isOpen\" data-wp-context=\"{ &quot;id&quot;: &quot;accordion-item-6&quot;, &quot;openByDefault&quot;: false }\" data-wp-init=\"callbacks.initAccordionItems\" data-wp-on-window--hashchange=\"callbacks.hashChange\" class=\"wp-block-accordion-item is-layout-flow wp-block-accordion-item-is-layout-flow\">\n<h3 class=\"wp-block-accordion-heading\"><button aria-expanded=\"false\" aria-controls=\"accordion-item-6-panel\" data-wp-bind--aria-expanded=\"state.isOpen\" data-wp-on--click=\"actions.toggle\" id=\"accordion-item-6\" type=\"button\" class=\"wp-block-accordion-heading__toggle\"><span class=\"wp-block-accordion-heading__toggle-title\">Ch\u00e8que r\u00e9pit, relais \u00e0 domicile et s\u00e9jours aidants-aid\u00e9s<\/span><span class=\"wp-block-accordion-heading__toggle-icon\" aria-hidden=\"true\">+<\/span><\/button><\/h3>\n\n\n\n<div aria-labelledby=\"accordion-item-6\" data-wp-bind--hidden=\"state.isHidden\" data-wp-on--beforematch=\"actions.handleBeforeMatch\" id=\"accordion-item-6-panel\" role=\"region\" class=\"wp-block-accordion-panel is-layout-flow wp-block-accordion-panel-is-layout-flow\">\n<p class=\"wp-block-paragraph\">Certains conseils d\u00e9partementaux, caisses de retraites et associations \u2013 comme\u00a0<a href=\"https:\/\/www.apf-francehandicap.org\/\" target=\"_blank\" rel=\"noreferrer noopener\">APF France Handicap<\/a>\u00a0\u2013 proposent des ch\u00e8ques r\u00e9pit qui financent des interventions ponctuelles \u00e0 domicile, des s\u00e9jours aidant\u2022es-aid\u00e9\u2022es, etc.<\/p>\n<\/div>\n<\/div>\n\n\n\n<div data-wp-class--is-open=\"state.isOpen\" data-wp-context=\"{ &quot;id&quot;: &quot;accordion-item-7&quot;, &quot;openByDefault&quot;: false }\" data-wp-init=\"callbacks.initAccordionItems\" data-wp-on-window--hashchange=\"callbacks.hashChange\" class=\"wp-block-accordion-item is-layout-flow wp-block-accordion-item-is-layout-flow\">\n<h3 class=\"wp-block-accordion-heading\"><button aria-expanded=\"false\" aria-controls=\"accordion-item-7-panel\" data-wp-bind--aria-expanded=\"state.isOpen\" data-wp-on--click=\"actions.toggle\" id=\"accordion-item-7\" type=\"button\" class=\"wp-block-accordion-heading__toggle\"><span class=\"wp-block-accordion-heading__toggle-title\">Formations pour aidant\u2022es<\/span><span class=\"wp-block-accordion-heading__toggle-icon\" aria-hidden=\"true\">+<\/span><\/button><\/h3>\n\n\n\n<div aria-labelledby=\"accordion-item-7\" data-wp-bind--hidden=\"state.isHidden\" data-wp-on--beforematch=\"actions.handleBeforeMatch\" id=\"accordion-item-7-panel\" role=\"region\" class=\"wp-block-accordion-panel is-layout-flow wp-block-accordion-panel-is-layout-flow\">\n<p class=\"wp-block-paragraph\">Plusieurs\u00a0<a href=\"https:\/\/preprod.weasywyg.com\/2026\/07\/17\/aidant-formation-aidant-familial\/\">organismes<\/a>, notamment associatifs, proposent des\u00a0<a href=\"https:\/\/formation.aidants.fr\/\">formations gratuites<\/a>\u00a0\u00e0 destination des aidant\u2022es.<\/p>\n<\/div>\n<\/div>\n\n\n\n<div data-wp-class--is-open=\"state.isOpen\" data-wp-context=\"{ &quot;id&quot;: &quot;accordion-item-8&quot;, &quot;openByDefault&quot;: false }\" data-wp-init=\"callbacks.initAccordionItems\" data-wp-on-window--hashchange=\"callbacks.hashChange\" class=\"wp-block-accordion-item is-layout-flow wp-block-accordion-item-is-layout-flow\">\n<h3 class=\"wp-block-accordion-heading\"><button aria-expanded=\"false\" aria-controls=\"accordion-item-8-panel\" data-wp-bind--aria-expanded=\"state.isOpen\" data-wp-on--click=\"actions.toggle\" id=\"accordion-item-8\" type=\"button\" class=\"wp-block-accordion-heading__toggle\"><span class=\"wp-block-accordion-heading__toggle-title\">Soutien psychologique<\/span><span class=\"wp-block-accordion-heading__toggle-icon\" aria-hidden=\"true\">+<\/span><\/button><\/h3>\n\n\n\n<div aria-labelledby=\"accordion-item-8\" data-wp-bind--hidden=\"state.isHidden\" data-wp-on--beforematch=\"actions.handleBeforeMatch\" id=\"accordion-item-8-panel\" role=\"region\" class=\"wp-block-accordion-panel is-layout-flow wp-block-accordion-panel-is-layout-flow\">\n<p class=\"wp-block-paragraph\">Des plateformes comme\u00a0<a href=\"https:\/\/handicap.gouv.fr\/communautes-360-structuration-dun-reseau-de-professionnels-soutenant-les-parcours-de-vie-des\" target=\"_blank\" rel=\"noreferrer noopener\">Plateforme 360 Handicap<\/a>\u00a0ou\u00a0<a href=\"https:\/\/www.allo-alzheimer.fr\/\" target=\"_blank\" rel=\"noreferrer noopener\">Allo Alzheimer<\/a>\u00a0offrent des lignes d\u2019\u00e9coute t\u00e9l\u00e9phonique et des groupes de parole destin\u00e9s aux aidants familiaux.<\/p>\n<\/div>\n<\/div>\n<\/div>\n\n\n\n<h2 class=\"wp-block-heading\">Aspects internationaux : aidants retrait\u00e9s \u00e0 l\u2019\u00e9tranger ou avec carri\u00e8res internationales<\/h2>\n\n\n\n<p class=\"wp-block-paragraph\">Les retrait\u00e9\u2022es expatri\u00e9\u2022es ou ayant des carri\u00e8res internationales peuvent se heurter \u00e0 des difficult\u00e9s pour acc\u00e9der \u00e0 la\u00a0<a href=\"https:\/\/www.service-public.fr\/particuliers\/vosdroits\/F14202\" target=\"_blank\" rel=\"noreferrer noopener\">Prestation de compensation du handicap<\/a>\u00a0car celle-ci est vers\u00e9e par les d\u00e9partements fran\u00e7ais et est soumise \u00e0 des conditions strictes de r\u00e9sidence en France.<\/p>\n\n\n\n<ul class=\"wp-block-list\">\n<li><strong>Si l\u2019aidant\u2022e vit en France mais que l\u2019aid\u00e9\u2022e vit \u00e0 l\u2019\u00e9tranger<\/strong>, la PCH est nulle et ne peut plus \u00eatre accord\u00e9e car le principal demandeur ne r\u00e9side plus de fa\u00e7on stable en France.<\/li>\n\n\n\n<li><strong>Si l\u2019aid\u00e9\u2022e vit en France mais que l\u2019aidant\u2022e vit \u00e0 l\u2019\u00e9tranger<\/strong>, la PCH est active puisque le principal demandeur vit en France mais il faudra que l\u2019aidant\u2022e puisse t\u00e9moigner d\u2019une aide active et r\u00e9guli\u00e8re pour \u00eatre d\u00e9dommag\u00e9\u2022e par la PCH et que le dossier soit accept\u00e9 en commission.<\/li>\n<\/ul>\n\n\n\n<p class=\"wp-block-paragraph\">Si la personne a cotis\u00e9 \u00e0 l\u2019\u00e9tranger, cela n\u2019emp\u00eache pas d\u2019avoir droit \u00e0 la PCH, \u00e0 condition qu\u2019elle r\u00e9side de mani\u00e8re stable et r\u00e9guli\u00e8re en France au moment de la demande. Cependant des impacts fiscaux sont potentiellement \u00e0 prendre en compte selon les conventions internationales et les r\u00e9glementations.<\/p>\n\n\n<div class=\"orthopus-poulpe-tip wp-block-orthopus-poulpe-tip\">\n\t\t<div class=\"poulpe-tip__icon\" aria-hidden=\"true\">\n\t\t<span class=\"poulpe-tip__icon-placeholder\">\ud83d\udc19<\/span>\n\t<\/div>\n\n\t<div class=\"poulpe-tip__content\">\n\t\t\t\t\t<p class=\"poulpe-tip__title\"><strong>Le coup de pouce du poulpe : o\u00f9 se renseigner ?<\/strong><\/p>\n\t\t\t\t\t\t\t<p class=\"poulpe-tip__body\">Pour les d\u00e9marches sp\u00e9cifiques et les situations complexes comme des doubles r\u00e9sidence ou les expatriations, vous pouvez vous renseignez aupr\u00e8s des interlocuteurs suivants :<br><br>\u2022 Les consulats et les services sociaux des postes diplomatiques<br>\u27a1\ufe0f <a href=\"https:\/\/www.diplomatie.gouv.fr\/fr\/le-ministere-et-son-reseau\/organisation-et-annuaires\/ambassades-et-consulats-francais-a-l-etranger\/\" target=\"_blank\" rel=\"noreferrer noopener\">Trouver mon consulat<\/a><br>\u2022 La\u00a0<a href=\"https:\/\/www.cfe.fr\/\" target=\"_blank\" rel=\"noreferrer noopener\">Caisse des Fran\u00e7ais \u00e0 l\u2019\u00c9tranger<\/a><br>\u2022\u00a0La\u00a0<a href=\"https:\/\/mdphenligne.cnsa.fr\/\" target=\"_blank\" rel=\"noreferrer noopener\">MDPH<\/a>\u00a0(si l\u2019aidant r\u00e9side \u00e0 l\u2019\u00e9tranger et l\u2019aid\u00e9 en France)<\/p>\n\t\t\t<\/div>\n<\/div>\n\n\n\n<h2 class=\"wp-block-heading\">Impact successoral : r\u00e9cup\u00e9ration sur succession et pr\u00e9cautions \u00e0 prendre<\/h2>\n\n\n\n<p class=\"wp-block-paragraph\">La PCH n\u2019est pas une aide successorale, c\u2019est-\u00e0-dire qu\u2019elle ne s\u2019h\u00e9rite pas et ne se transmet pas de personnes en personnes. Il faut ainsi faire tr\u00e8s attention \u00e0 avertir la\u00a0<a href=\"https:\/\/mdphenligne.cnsa.fr\/\" target=\"_blank\" rel=\"noreferrer noopener\">Maison D\u00e9partementale des Personnes Handicap\u00e9es<\/a>\u00a0(MDPH) du d\u00e9c\u00e8s de la personne aid\u00e9e, car si les sommes continuent \u00e0 \u00eatre per\u00e7ues par un tiers, ce tiers devra rembourser int\u00e9gralement le trop-plein.<\/p>\n\n\n\n<p class=\"wp-block-paragraph\">Dans un cas inverse, si, du vivant du demandeur ou de la demandeuse, il y a eu un trop per\u00e7u ou une erreur, le\u2022la conjoint\u2022e ou les enfants du b\u00e9n\u00e9ficiaire devront rembourser ou pourront toucher \u00e0 posteriori la somme PCH d\u00fbe.<\/p>\n\n\n\n<p class=\"wp-block-paragraph\">Pour l\u2019aidant\u2022e d\u2019une personne d\u00e9c\u00e9d\u00e9e, il n\u2019y a \u00e9videmment aucun remboursement \u00e0 faire aux organismes si les aides ont \u00e9t\u00e9 per\u00e7ues l\u00e9galement. Nous vous conseillons quand m\u00eame de conserver tous les documents et justificatifs re\u00e7us pendant la p\u00e9riode d\u2019aide fournie afin de pouvoir les fournir si les imp\u00f4ts ou les finances vous les demandent.<\/p>\n\n\n\n<h2 class=\"wp-block-heading\">Enjeux politiques et perspectives d\u2019\u00e9volution du droit au cumul<\/h2>\n\n\n\n<p class=\"wp-block-paragraph\">Depuis la mise en place de la strat\u00e9gie\u00a0<a href=\"https:\/\/handicap.gouv.fr\/sites\/handicap\/files\/2023-10\/Dossier-de-presse-strategie-des-aidants-2023-2027.pdf\" target=\"_blank\" rel=\"noreferrer noopener\">\u201cAgir pour les aidants\u201d qui s\u2019\u00e9tale de 2023 \u00e0 2027<\/a>, le gouvernement vise \u00e0 structurer les droits des aidant\u2022es sur tout le territoire en accentuant le rep\u00e9rage sur le territoire. Sont \u00e9galement mis en place de fa\u00e7on intensive des plateformes de r\u00e9pit et des interlocuteurs uniques pour chaque d\u00e9partement \u2013 simplifiant les d\u00e9marches en un seul point. Toutefois, les moyens mis en \u0153uvre varient selon les d\u00e9partements, ce qui bouscule ce plan d\u2019harmonisation nationale, notamment en ce qui concerne les modalit\u00e9s de cumul d\u2019aides avec un emploi en \u00e9tant retrait\u00e9\u2022e. C\u2019\u00e9tait d\u00e9j\u00e0 l\u2019une des revendications du bilan de la strat\u00e9gie nationale\u00a0<a href=\"https:\/\/solidarites.gouv.fr\/sites\/solidarite\/files\/2023-10\/Bilan-Strategie-Agir-pour-les-aidants-2020-2023_0.pdf\" target=\"_blank\" rel=\"noreferrer noopener\">\u201cAgir pour les aidants\u201d de 2020 \u00e0 2022<\/a>, menant de fait \u00e0 un souhait global de cr\u00e9ation d\u2019un\u00a0<strong>statut clair d\u2019aidant familial retrait\u00e9<\/strong>.<\/p>\n\n\n\n<p class=\"wp-block-paragraph\">Dans ce m\u00eame bilan, on retrouve \u00e9galement une demande de simplification administrative et d\u2019une meilleure prise en compte dans le calcul des retraites. C\u2019est notamment le cas pour les dispositifs les plus complexes comme l\u2019<a href=\"https:\/\/www.la-retraite-en-clair.fr\/parcours-professionnel-regimes-retraite\/periode-inactivite-retraite\/assurance-vieillesse-parents-foyer-droits-conditions\" target=\"_blank\" rel=\"noreferrer noopener\">Assurance Vieillesse des Parents au Foyer<\/a>\u00a0(AVPF) et de l\u2019<a href=\"https:\/\/www.monparcourshandicap.gouv.fr\/aidant\/l-assurance-vieillesse-des-aidants-AVA\" target=\"_blank\" rel=\"noreferrer noopener\">Assurance Vieillesse des Aidants<\/a>\u00a0(AVA). Ceux-ci valident des trimestres de retraites aux aidant\u2022es en contrepartie de leur engagement humain, mais ils sont encore peu connus et complexes \u00e0 activer. \u00c0 cela s\u2019ajoutent des d\u00e9marches longues et fastidieuses pour obtenir des aides comme l\u2019<a href=\"https:\/\/www.caf.fr\/allocataires\/aides-et-demarches\/droits-et-prestations\/handicap\/l-allocation-journaliere-du-proche-aidant-ajpa\" target=\"_blank\" rel=\"noreferrer noopener\">Allocation Journali\u00e8re du Proche Aidant<\/a>\u00a0(AJPA).<\/p>\n\n\n\n<p class=\"wp-block-paragraph\">Afin d\u2019obtenir ce statut d\u2019aidant familial retrait\u00e9 et de faciliter l\u2019acc\u00e8s \u00e0 des dispositifs d\u2019aides, il est essentiel que les aidant\u2022es ne restent pas isol\u00e9s et travaillent main dans la main pour d\u00e9fendre leurs droits et se soutenir mutuellement face aux d\u00e9marches administratives.<\/p>\n\n\n\n<h2 class=\"wp-block-heading\">Foire aux questions<\/h2>\n\n\n\n<div data-wp-context=\"{ &quot;autoclose&quot;: false, &quot;accordionItems&quot;: [] }\" data-wp-interactive=\"core\/accordion\" role=\"group\" class=\"wp-block-accordion is-layout-flow wp-block-accordion-is-layout-flow\">\n<div data-wp-class--is-open=\"state.isOpen\" data-wp-context=\"{ &quot;id&quot;: &quot;accordion-item-9&quot;, &quot;openByDefault&quot;: false }\" data-wp-init=\"callbacks.initAccordionItems\" data-wp-on-window--hashchange=\"callbacks.hashChange\" class=\"wp-block-accordion-item is-layout-flow wp-block-accordion-item-is-layout-flow\">\n<h3 class=\"wp-block-accordion-heading\"><button aria-expanded=\"false\" aria-controls=\"accordion-item-9-panel\" data-wp-bind--aria-expanded=\"state.isOpen\" data-wp-on--click=\"actions.toggle\" id=\"accordion-item-9\" type=\"button\" class=\"wp-block-accordion-heading__toggle\"><span class=\"wp-block-accordion-heading__toggle-title\">Peut-on cumuler la PCH (Prestation de Compensation du Handicap) et une pension de retraite en tant qu\u2019aidant familial ?<\/span><span class=\"wp-block-accordion-heading__toggle-icon\" aria-hidden=\"true\">+<\/span><\/button><\/h3>\n\n\n\n<div aria-labelledby=\"accordion-item-9\" data-wp-bind--hidden=\"state.isHidden\" data-wp-on--beforematch=\"actions.handleBeforeMatch\" id=\"accordion-item-9-panel\" role=\"region\" class=\"wp-block-accordion-panel is-layout-flow wp-block-accordion-panel-is-layout-flow\">\n<p class=\"wp-block-paragraph\">Oui, la PCH peut \u00eatre cumul\u00e9e avec une pension de retraite, sans suspendre cette derni\u00e8re.<\/p>\n<\/div>\n<\/div>\n\n\n\n<div data-wp-class--is-open=\"state.isOpen\" data-wp-context=\"{ &quot;id&quot;: &quot;accordion-item-10&quot;, &quot;openByDefault&quot;: false }\" data-wp-init=\"callbacks.initAccordionItems\" data-wp-on-window--hashchange=\"callbacks.hashChange\" class=\"wp-block-accordion-item is-layout-flow wp-block-accordion-item-is-layout-flow\">\n<h3 class=\"wp-block-accordion-heading\"><button aria-expanded=\"false\" aria-controls=\"accordion-item-10-panel\" data-wp-bind--aria-expanded=\"state.isOpen\" data-wp-on--click=\"actions.toggle\" id=\"accordion-item-10\" type=\"button\" class=\"wp-block-accordion-heading__toggle\"><span class=\"wp-block-accordion-heading__toggle-title\">Quelles sont les conditions pour b\u00e9n\u00e9ficier du cumul entre la PCH et la retraite ?<\/span><span class=\"wp-block-accordion-heading__toggle-icon\" aria-hidden=\"true\">+<\/span><\/button><\/h3>\n\n\n\n<div aria-labelledby=\"accordion-item-10\" data-wp-bind--hidden=\"state.isHidden\" data-wp-on--beforematch=\"actions.handleBeforeMatch\" id=\"accordion-item-10-panel\" role=\"region\" class=\"wp-block-accordion-panel is-layout-flow wp-block-accordion-panel-is-layout-flow\">\n<p class=\"wp-block-paragraph\">Afin de b\u00e9n\u00e9ficier du cumul entre la PCH et la retraite, il faut :<\/p>\n\n\n\n<ul class=\"wp-block-list\">\n<li>Que l\u2019aid\u00e9\u2022e soit reconnu.e par la MDPH (sans condition d\u2019\u00e2ge).<\/li>\n\n\n\n<li>Que l\u2019aid\u00e9\u2022e ait une incapacit\u00e9 \u00e9valu\u00e9e \u00e0 au moins 80% et pr\u00e9sente de fait, des limitations dans les actes de la vie quotidienne.<\/li>\n<\/ul>\n\n\n\n<p class=\"wp-block-paragraph\">Aucun plafond de ressources n\u2019emp\u00eache le cumul PCH avec la retraite, mais le taux de prise en charge peut varier suivant les revenus de la personne aid\u00e9e.<\/p>\n\n\n\n<p class=\"wp-block-paragraph\">Quelle est la diff\u00e9rence entre le d\u00e9dommagement d\u2019aidant familial et le salaire d\u2019aidant familial pour un retrait\u00e9 ?<\/p>\n\n\n\n<p class=\"wp-block-paragraph\">Le&nbsp;<a href=\"https:\/\/orthopus.com\/fr\/aidant\/dedommagement-aidant-familial-non-salarie\/dedommagement-aidant-familial-non-salarie\/\"><strong>d\u00e9dommagement<\/strong>&nbsp;<\/a>au titre de la PCH est une aide financi\u00e8re vers\u00e9e \u00e0 la personne aid\u00e9e pour compenser la pr\u00e9sence de son aidant et renouvelable tous les dix ans.<\/p>\n\n\n\n<p class=\"wp-block-paragraph\">Percevoir un&nbsp;<strong>salaire d\u2019aidant familial<\/strong>&nbsp;signifie que vous \u00eates employ\u00e9\u2022e par la personne que vous aidez, il y a donc un contrat de travail avec les r\u00e9glementations qui y sont li\u00e9es. Comme cela est per\u00e7u comme un emploi, vous pouvez obtenir le statut d\u2019emploi-retraite et ainsi cumuler les deux revenus, \u00e0 condition d\u2019avoir liquid\u00e9 votre pension auparavant.<\/p>\n<\/div>\n<\/div>\n\n\n\n<div data-wp-class--is-open=\"state.isOpen\" data-wp-context=\"{ &quot;id&quot;: &quot;accordion-item-11&quot;, &quot;openByDefault&quot;: false }\" data-wp-init=\"callbacks.initAccordionItems\" data-wp-on-window--hashchange=\"callbacks.hashChange\" class=\"wp-block-accordion-item is-layout-flow wp-block-accordion-item-is-layout-flow\">\n<h3 class=\"wp-block-accordion-heading\"><button aria-expanded=\"false\" aria-controls=\"accordion-item-11-panel\" data-wp-bind--aria-expanded=\"state.isOpen\" data-wp-on--click=\"actions.toggle\" id=\"accordion-item-11\" type=\"button\" class=\"wp-block-accordion-heading__toggle\"><span class=\"wp-block-accordion-heading__toggle-title\">Y a-t-il un plafond de revenus \u00e0 ne pas d\u00e9passer pour cumuler la PCH et la retraite ?<\/span><span class=\"wp-block-accordion-heading__toggle-icon\" aria-hidden=\"true\">+<\/span><\/button><\/h3>\n\n\n\n<div aria-labelledby=\"accordion-item-11\" data-wp-bind--hidden=\"state.isHidden\" data-wp-on--beforematch=\"actions.handleBeforeMatch\" id=\"accordion-item-11-panel\" role=\"region\" class=\"wp-block-accordion-panel is-layout-flow wp-block-accordion-panel-is-layout-flow\">\n<p class=\"wp-block-paragraph\">Non, aucun plafond de revenus n\u2019est \u00e0 d\u00e9passer pour cumuler la PCH et la retraite. Cependant, la prise en charge de certaines composantes de la PCH d\u00e9pend des revenus de la personne aid\u00e9e et peut&nbsp;<a href=\"https:\/\/www.monparcourshandicap.gouv.fr\/aides\/la-prestation-de-compensation-du-handicap-pch\">faire varier la prise en charge<\/a>&nbsp;:<\/p>\n\n\n\n<p class=\"wp-block-paragraph\">80% de prise en charge si les ressources annuelles sont sup\u00e9rieures \u00e0 30 915\u20ac par an.<\/p>\n\n\n\n<p class=\"wp-block-paragraph\">100% de prise en charge si les ressources annuelles sont inf\u00e9rieures \u00e0 30 915\u20ac par an.<\/p>\n<\/div>\n<\/div>\n\n\n\n<div data-wp-class--is-open=\"state.isOpen\" data-wp-context=\"{ &quot;id&quot;: &quot;accordion-item-12&quot;, &quot;openByDefault&quot;: false }\" data-wp-init=\"callbacks.initAccordionItems\" data-wp-on-window--hashchange=\"callbacks.hashChange\" class=\"wp-block-accordion-item is-layout-flow wp-block-accordion-item-is-layout-flow\">\n<h3 class=\"wp-block-accordion-heading\"><button aria-expanded=\"false\" aria-controls=\"accordion-item-12-panel\" data-wp-bind--aria-expanded=\"state.isOpen\" data-wp-on--click=\"actions.toggle\" id=\"accordion-item-12\" type=\"button\" class=\"wp-block-accordion-heading__toggle\"><span class=\"wp-block-accordion-heading__toggle-title\">Comment d\u00e9clarer les sommes per\u00e7ues au titre de la PCH quand on est retrait\u00e9 ? Sont-elles imposables ?<\/span><span class=\"wp-block-accordion-heading__toggle-icon\" aria-hidden=\"true\">+<\/span><\/button><\/h3>\n\n\n\n<div aria-labelledby=\"accordion-item-12\" data-wp-bind--hidden=\"state.isHidden\" data-wp-on--beforematch=\"actions.handleBeforeMatch\" id=\"accordion-item-12-panel\" role=\"region\" class=\"wp-block-accordion-panel is-layout-flow wp-block-accordion-panel-is-layout-flow\">\n<p class=\"wp-block-paragraph\">Les sommes per\u00e7ues au titre de la PCH quand on est retrait\u00e9\u2022e ne sont pas imposables. La PCH est exon\u00e9r\u00e9e d\u2019imp\u00f4ts sur le revenu et n\u2019est pas d\u00e9compt\u00e9e pour les prestations successorales, que vous soyez d\u00e9dommag\u00e9\u2022e ou salari\u00e9\u2022e.<\/p>\n<\/div>\n<\/div>\n\n\n\n<div data-wp-class--is-open=\"state.isOpen\" data-wp-context=\"{ &quot;id&quot;: &quot;accordion-item-13&quot;, &quot;openByDefault&quot;: false }\" data-wp-init=\"callbacks.initAccordionItems\" data-wp-on-window--hashchange=\"callbacks.hashChange\" class=\"wp-block-accordion-item is-layout-flow wp-block-accordion-item-is-layout-flow\">\n<h3 class=\"wp-block-accordion-heading\"><button aria-expanded=\"false\" aria-controls=\"accordion-item-13-panel\" data-wp-bind--aria-expanded=\"state.isOpen\" data-wp-on--click=\"actions.toggle\" id=\"accordion-item-13\" type=\"button\" class=\"wp-block-accordion-heading__toggle\"><span class=\"wp-block-accordion-heading__toggle-title\">Quelles sont les conditions pour toucher l\u2019allocation journali\u00e8re de proche aidant (AJPA) en \u00e9tant \u00e0 la retraite ?<\/span><span class=\"wp-block-accordion-heading__toggle-icon\" aria-hidden=\"true\">+<\/span><\/button><\/h3>\n\n\n\n<div aria-labelledby=\"accordion-item-13\" data-wp-bind--hidden=\"state.isHidden\" data-wp-on--beforematch=\"actions.handleBeforeMatch\" id=\"accordion-item-13-panel\" role=\"region\" class=\"wp-block-accordion-panel is-layout-flow wp-block-accordion-panel-is-layout-flow\">\n<p class=\"wp-block-paragraph\">Si vous \u00eates \u00e0 la retraite et ne cumulez pas un emploi \u00e0 c\u00f4t\u00e9, vous ne pouvez pas b\u00e9n\u00e9ficier de l\u2019<a href=\"https:\/\/www.pour-les-personnes-agees.gouv.fr\/solutions-pour-les-aidants\/soutien-financier\/l-allocation-journaliere-du-proche-aidant-qu-est-ce-que-c-est\">Allocation journali\u00e8re de proche aidant<\/a>&nbsp;(AJPA), car elle est destin\u00e9e aux actifs. En revanche, si vous cumulez bien un emploi avec votre retraite, vous pouvez bien la toucher si vous remplissez les conditions suivantes :<\/p>\n\n\n\n<ul class=\"wp-block-list\">\n<li>R\u00e9sidence stable en France<\/li>\n\n\n\n<li>Lien \u00e9troit et r\u00e9gulier avec la personne aid\u00e9e<\/li>\n\n\n\n<li>Reconnaissance d\u2019un handicap par la&nbsp;<a href=\"https:\/\/mdphenligne.cnsa.fr\/\">MDPH<\/a>&nbsp;\u00e0 80% d\u2019incapacit\u00e9 ou de&nbsp;<a href=\"https:\/\/www.service-public.fr\/particuliers\/vosdroits\/F1229\">perte d\u2019autonomie GIR 1 \u00e0 4<\/a><\/li>\n\n\n\n<li>Demande de&nbsp;<a href=\"https:\/\/www.service-public.fr\/particuliers\/vosdroits\/F16920\">cong\u00e9 proche aidant<\/a>&nbsp;pr\u00e9alable aupr\u00e8s de l\u2019employeur\u2022e, sauf cas exceptionnel d\u2019ind\u00e9pendant.<\/li>\n<\/ul>\n\n\n\n<p class=\"wp-block-paragraph\">Concr\u00e8tement, si vous b\u00e9n\u00e9ficiez d\u2019un cumul PCH aidant familial et retraite, vous pouvez toucher l\u2019AJPA (\u00e0 la condition que vous \u00eates salari\u00e9 bien \u00e9videmment).<\/p>\n<\/div>\n<\/div>\n<\/div>\n\n\n\n<h2 class=\"wp-block-heading\">Sources<\/h2>\n\n\n\n<ol class=\"wp-block-list\">\n<li><a href=\"https:\/\/www.service-public.fr\/particuliers\/vosdroits\/F14202\">https:\/\/www.service-public.fr\/particuliers\/vosdroits\/F14202<\/a><\/li>\n\n\n\n<li><a href=\"https:\/\/www.legifrance.gouv.fr\/jorf\/id\/JORFTEXT000000809647\">https:\/\/www.legifrance.gouv.fr\/jorf\/id\/JORFTEXT000000809647<\/a><\/li>\n\n\n\n<li><a href=\"https:\/\/www.carenews.com\/fondation-swiss-life\/news\/barometre-de-l-aidance-2024-les-grands-chiffres\">https:\/\/www.carenews.com\/fondation-swiss-life\/news\/barometre-de-l-aidance-2024-les-grands-chiffres<\/a><\/li>\n\n\n\n<li><a href=\"https:\/\/www.service-public.fr\/particuliers\/vosdroits\/F32794\">https:\/\/www.service-public.fr\/particuliers\/vosdroits\/F32794<\/a><\/li>\n\n\n\n<li><a href=\"https:\/\/www.aidonslesnotres.fr\/aidants\/discussions\/legislation-cumul-retraite-et-salaire-aidant-familial\/\">https:\/\/www.aidonslesnotres.fr\/aidants\/discussions\/legislation-cumul-retraite-et-salaire-aidant-familial\/<\/a><\/li>\n\n\n\n<li><a href=\"https:\/\/www.previssima.fr\/question-pratique\/comment-fonctionne-le-cumul-emploi-retraite-dans-les-regimes-complementaires-des-salaries.html\">https:\/\/www.previssima.fr\/question-pratique\/comment-fonctionne-le-cumul-emploi-retraite-dans-les-regimes-complementaires-des-salaries.html<\/a><\/li>\n\n\n\n<li><a href=\"https:\/\/www.service-public.fr\/particuliers\/vosdroits\/F13243\">https:\/\/www.service-public.fr\/particuliers\/vosdroits\/F13243<\/a><\/li>\n\n\n\n<li><a href=\"https:\/\/www.klesia.fr\/vous-etes-aidant-vous-avez-le-droit-des-aides\">https:\/\/www.klesia.fr\/vous-etes-aidant-vous-avez-le-droit-des-aides<\/a><\/li>\n\n\n\n<li><a href=\"https:\/\/www.faire-face.fr\/2020\/01\/24\/reforme-retraites-aidants-passent-points\/\">https:\/\/www.faire-face.fr\/2020\/01\/24\/reforme-retraites-aidants-passent-points\/<\/a><\/li>\n\n\n\n<li><a href=\"https:\/\/www.enfant-different.org\/vos-aides\/prestation-de-compensation-impots\/\">https:\/\/www.enfant-different.org\/vos-aides\/prestation-de-compensation-impots\/<\/a><\/li>\n\n\n\n<li><a href=\"https:\/\/www.info-retraite.fr\/portail-info\/sites\/PortailInformationnel\/home\/mes-droits-a-la-retraite\/age-et-montant-de-ma-retraite\/montants-minimums\/allocations-de-solidarite-aspa-a.html\">https:\/\/www.info-retraite.fr\/portail-info\/sites\/PortailInformationnel\/home\/mes-droits-a-la-retraite\/age-et-montant-de-ma-retraite\/montants-minimums\/allocations-de-solidarite-aspa-a.html<\/a><\/li>\n\n\n\n<li><a href=\"https:\/\/www.service-public.fr\/particuliers\/vosdroits\/F12006\">https:\/\/www.service-public.fr\/particuliers\/vosdroits\/F12006<\/a><\/li>\n\n\n\n<li><a href=\"https:\/\/www.lassuranceretraite.fr\/portail-info\/home\/actif\/je-souhaite-partir-plus-tot\/retraite-progressive.html\">https:\/\/www.lassuranceretraite.fr\/portail-info\/home\/actif\/je-souhaite-partir-plus-tot\/retraite-progressive.html<\/a><\/li>\n\n\n\n<li><a href=\"https:\/\/www.monparcourshandicap.gouv.fr\/aides\/la-prestation-de-compensation-du-handicap-pch\">https:\/\/www.monparcourshandicap.gouv.fr\/aides\/la-prestation-de-compensation-du-handicap-pch<\/a><\/li>\n\n\n\n<li><a href=\"https:\/\/retraitesdeletat.gouv.fr\/actif\/lage-de-depart\/la-retraite-progressive\">https:\/\/retraitesdeletat.gouv.fr\/actif\/lage-de-depart\/la-retraite-progressive<\/a><\/li>\n\n\n\n<li><a href=\"https:\/\/www.service-public.fr\/particuliers\/vosdroits\/F34049\">https:\/\/www.service-public.fr\/particuliers\/vosdroits\/F34049<\/a><\/li>\n\n\n\n<li><a href=\"https:\/\/www.sep-ensemble.fr\/droits-demarches\/la-carte-mobilite-inclusion-cmi\">https:\/\/www.sep-ensemble.fr\/droits-demarches\/la-carte-mobilite-inclusion-cmi<\/a><\/li>\n\n\n\n<li><a href=\"https:\/\/www.service-public.fr\/particuliers\/vosdroits\/F10009\">https:\/\/www.service-public.fr\/particuliers\/vosdroits\/F10009<\/a><\/li>\n\n\n\n<li><a href=\"https:\/\/www.pour-les-personnes-agees.gouv.fr\/solutions-pour-les-aidants\/soutien-financier\/l-aide-au-repit-dans-le-cadre-de-l-apa\">https:\/\/www.pour-les-personnes-agees.gouv.fr\/solutions-pour-les-aidants\/soutien-financier\/l-aide-au-repit-dans-le-cadre-de-l-apa<\/a><\/li>\n\n\n\n<li><a href=\"https:\/\/handicap.gouv.fr\/sites\/handicap\/files\/2023-10\/Dossier-de-presse-strategie-des-aidants-2023-2027.pdf\">https:\/\/handicap.gouv.fr\/sites\/handicap\/files\/2023-10\/Dossier-de-presse-strategie-des-aidants-2023-2027.pdf<\/a><\/li>\n\n\n\n<li><a href=\"https:\/\/solidarites.gouv.fr\/sites\/solidarite\/files\/2023-10\/Bilan-Strategie-Agir-pour-les-aidants-2020-2023_0.pdf\">https:\/\/solidarites.gouv.fr\/sites\/solidarite\/files\/2023-10\/Bilan-Strategie-Agir-pour-les-aidants-2020-2023_0.pdf<\/a><\/li>\n\n\n\n<li><a href=\"https:\/\/www.la-retraite-en-clair.fr\/parcours-professionnel-regimes-retraite\/periode-inactivite-retraite\/assurance-vieillesse-parents-foyer-droits-conditions\">https:\/\/www.la-retraite-en-clair.fr\/parcours-professionnel-regimes-retraite\/periode-inactivite-retraite\/assurance-vieillesse-parents-foyer-droits-conditions<\/a><\/li>\n\n\n\n<li><a href=\"https:\/\/www.monparcourshandicap.gouv.fr\/aidant\/l-assurance-vieillesse-des-aidants-AVA\">https:\/\/www.monparcourshandicap.gouv.fr\/aidant\/l-assurance-vieillesse-des-aidants-AVA<\/a><\/li>\n<\/ol>\n","protected":false},"excerpt":{"rendered":"<p>Comprendre la PCH et le r\u00f4le d\u2019aidant familial retrait\u00e9 Imaginez un instant : vous \u00eates Charlie Bucket. Vous vivez dans une petite maison bringuebalante avec toute votre famille, vous mangez de la soupe au chou tous les soirs, et votre plus grand r\u00eave ? Une tablette de chocolat. Puis, un jour, jackpot : un ticket [&hellip;]<\/p>\n","protected":false},"author":3,"featured_media":19143,"comment_status":"open","ping_status":"open","sticky":false,"template":"","format":"standard","meta":{"_kad_blocks_custom_css":"","_kad_blocks_head_custom_js":"","_kad_blocks_body_custom_js":"","_kad_blocks_footer_custom_js":"","footnotes":""},"categories":[235],"tags":[],"class_list":["post-19142","post","type-post","status-publish","format-standard","has-post-thumbnail","hentry","category-aidants"],"yoast_head":"<!-- This site is optimized with the Yoast SEO plugin v28.4 - https:\/\/yoast.com\/product\/yoast-seo-wordpress\/ -->\n<title>Cumul PCH aidant familial et retraite : Guide Complet<\/title>\n<meta name=\"description\" content=\"Peut-on cumuler PCH et retraite en tant qu\u2019aidant familial ? D\u00e9couvrez les conditions, impacts fiscaux, exceptions et d\u00e9marches \u00e0 conna\u00eetre en 2025.\" \/>\n<meta name=\"robots\" content=\"noindex, follow, max-snippet:-1, max-image-preview:large, max-video-preview:-1\" \/>\n<meta property=\"og:locale\" content=\"fr_FR\" \/>\n<meta property=\"og:type\" content=\"article\" \/>\n<meta property=\"og:title\" content=\"Cumul PCH aidant familial et retraite : Guide Complet\" \/>\n<meta property=\"og:description\" content=\"Peut-on cumuler PCH et retraite en tant qu\u2019aidant familial ? D\u00e9couvrez les conditions, impacts fiscaux, exceptions et d\u00e9marches \u00e0 conna\u00eetre en 2025.\" \/>\n<meta property=\"og:url\" content=\"https:\/\/preprod.weasywyg.com\/fr\/2024\/08\/28\/cumul-pch-aidant-familiale-et-retraite\/\" \/>\n<meta property=\"og:site_name\" content=\"Orthopus\" \/>\n<meta property=\"article:published_time\" content=\"2024-08-28T14:28:15+00:00\" \/>\n<meta property=\"article:modified_time\" content=\"2026-07-20T15:14:20+00:00\" \/>\n<meta property=\"og:image\" content=\"https:\/\/preprod.weasywyg.com\/wp-content\/uploads\/2026\/07\/IMG-250630-Charlie-et-la-chocolaterie.webp\" \/>\n\t<meta property=\"og:image:width\" content=\"960\" \/>\n\t<meta property=\"og:image:height\" content=\"671\" \/>\n\t<meta property=\"og:image:type\" content=\"image\/webp\" \/>\n<meta name=\"author\" content=\"Pierre Murzeau\" \/>\n<meta name=\"twitter:card\" content=\"summary_large_image\" \/>\n<meta name=\"twitter:label1\" content=\"\u00c9crit par\" \/>\n\t<meta name=\"twitter:data1\" content=\"Pierre Murzeau\" \/>\n\t<meta name=\"twitter:label2\" content=\"Dur\u00e9e de lecture estim\u00e9e\" \/>\n\t<meta name=\"twitter:data2\" content=\"17 minutes\" \/>\n<script type=\"application\/ld+json\" class=\"yoast-schema-graph\">{\"@context\":\"https:\\\/\\\/schema.org\",\"@graph\":[{\"@type\":\"Article\",\"@id\":\"https:\\\/\\\/preprod.weasywyg.com\\\/fr\\\/2024\\\/08\\\/28\\\/cumul-pch-aidant-familiale-et-retraite\\\/#article\",\"isPartOf\":{\"@id\":\"https:\\\/\\\/preprod.weasywyg.com\\\/fr\\\/2024\\\/08\\\/28\\\/cumul-pch-aidant-familiale-et-retraite\\\/\"},\"author\":{\"name\":\"Pierre Murzeau\",\"@id\":\"https:\\\/\\\/preprod.weasywyg.com\\\/fr\\\/#\\\/schema\\\/person\\\/8b4382f5e6156ac0dec30415bb591535\"},\"headline\":\"Cumul PCH aidant familial et retraite : entre engagement solidaire, droits reconnus et complexit\u00e9s administratives\",\"datePublished\":\"2024-08-28T14:28:15+00:00\",\"dateModified\":\"2026-07-20T15:14:20+00:00\",\"mainEntityOfPage\":{\"@id\":\"https:\\\/\\\/preprod.weasywyg.com\\\/fr\\\/2024\\\/08\\\/28\\\/cumul-pch-aidant-familiale-et-retraite\\\/\"},\"wordCount\":3795,\"commentCount\":0,\"publisher\":{\"@id\":\"https:\\\/\\\/preprod.weasywyg.com\\\/fr\\\/#organization\"},\"image\":{\"@id\":\"https:\\\/\\\/preprod.weasywyg.com\\\/fr\\\/2024\\\/08\\\/28\\\/cumul-pch-aidant-familiale-et-retraite\\\/#primaryimage\"},\"thumbnailUrl\":\"https:\\\/\\\/preprod.weasywyg.com\\\/wp-content\\\/uploads\\\/2026\\\/07\\\/IMG-250630-Charlie-et-la-chocolaterie.webp\",\"articleSection\":[\"Aidants\"],\"inLanguage\":\"fr-FR\",\"potentialAction\":[{\"@type\":\"CommentAction\",\"name\":\"Comment\",\"target\":[\"https:\\\/\\\/preprod.weasywyg.com\\\/fr\\\/2024\\\/08\\\/28\\\/cumul-pch-aidant-familiale-et-retraite\\\/#respond\"]}]},{\"@type\":\"WebPage\",\"@id\":\"https:\\\/\\\/preprod.weasywyg.com\\\/fr\\\/2024\\\/08\\\/28\\\/cumul-pch-aidant-familiale-et-retraite\\\/\",\"url\":\"https:\\\/\\\/preprod.weasywyg.com\\\/fr\\\/2024\\\/08\\\/28\\\/cumul-pch-aidant-familiale-et-retraite\\\/\",\"name\":\"Cumul PCH aidant familial et retraite : Guide Complet\",\"isPartOf\":{\"@id\":\"https:\\\/\\\/preprod.weasywyg.com\\\/fr\\\/#website\"},\"primaryImageOfPage\":{\"@id\":\"https:\\\/\\\/preprod.weasywyg.com\\\/fr\\\/2024\\\/08\\\/28\\\/cumul-pch-aidant-familiale-et-retraite\\\/#primaryimage\"},\"image\":{\"@id\":\"https:\\\/\\\/preprod.weasywyg.com\\\/fr\\\/2024\\\/08\\\/28\\\/cumul-pch-aidant-familiale-et-retraite\\\/#primaryimage\"},\"thumbnailUrl\":\"https:\\\/\\\/preprod.weasywyg.com\\\/wp-content\\\/uploads\\\/2026\\\/07\\\/IMG-250630-Charlie-et-la-chocolaterie.webp\",\"datePublished\":\"2024-08-28T14:28:15+00:00\",\"dateModified\":\"2026-07-20T15:14:20+00:00\",\"description\":\"Peut-on cumuler PCH et retraite en tant qu\u2019aidant familial ? D\u00e9couvrez les conditions, impacts fiscaux, exceptions et d\u00e9marches \u00e0 conna\u00eetre en 2025.\",\"breadcrumb\":{\"@id\":\"https:\\\/\\\/preprod.weasywyg.com\\\/fr\\\/2024\\\/08\\\/28\\\/cumul-pch-aidant-familiale-et-retraite\\\/#breadcrumb\"},\"inLanguage\":\"fr-FR\",\"potentialAction\":[{\"@type\":\"ReadAction\",\"target\":[\"https:\\\/\\\/preprod.weasywyg.com\\\/fr\\\/2024\\\/08\\\/28\\\/cumul-pch-aidant-familiale-et-retraite\\\/\"]}]},{\"@type\":\"ImageObject\",\"inLanguage\":\"fr-FR\",\"@id\":\"https:\\\/\\\/preprod.weasywyg.com\\\/fr\\\/2024\\\/08\\\/28\\\/cumul-pch-aidant-familiale-et-retraite\\\/#primaryimage\",\"url\":\"https:\\\/\\\/preprod.weasywyg.com\\\/wp-content\\\/uploads\\\/2026\\\/07\\\/IMG-250630-Charlie-et-la-chocolaterie.webp\",\"contentUrl\":\"https:\\\/\\\/preprod.weasywyg.com\\\/wp-content\\\/uploads\\\/2026\\\/07\\\/IMG-250630-Charlie-et-la-chocolaterie.webp\",\"width\":960,\"height\":671,\"caption\":\"Charlie Bucket tenant le pr\u00e9cieux ticket d\u2019or - Charlie et la Chocolaterie (2005), r\u00e9alis\u00e9 par Tim Burton.\"},{\"@type\":\"BreadcrumbList\",\"@id\":\"https:\\\/\\\/preprod.weasywyg.com\\\/fr\\\/2024\\\/08\\\/28\\\/cumul-pch-aidant-familiale-et-retraite\\\/#breadcrumb\",\"itemListElement\":[{\"@type\":\"ListItem\",\"position\":1,\"name\":\"Accueil\",\"item\":\"https:\\\/\\\/preprod.weasywyg.com\\\/fr\\\/\"},{\"@type\":\"ListItem\",\"position\":2,\"name\":\"Cumul PCH aidant familial et retraite : entre engagement solidaire, droits reconnus et complexit\u00e9s administratives\"}]},{\"@type\":\"WebSite\",\"@id\":\"https:\\\/\\\/preprod.weasywyg.com\\\/fr\\\/#website\",\"url\":\"https:\\\/\\\/preprod.weasywyg.com\\\/fr\\\/\",\"name\":\"Orthopus\",\"description\":\"Handitech solutions for everyone\",\"publisher\":{\"@id\":\"https:\\\/\\\/preprod.weasywyg.com\\\/fr\\\/#organization\"},\"potentialAction\":[{\"@type\":\"SearchAction\",\"target\":{\"@type\":\"EntryPoint\",\"urlTemplate\":\"https:\\\/\\\/preprod.weasywyg.com\\\/fr\\\/?s={search_term_string}\"},\"query-input\":{\"@type\":\"PropertyValueSpecification\",\"valueRequired\":true,\"valueName\":\"search_term_string\"}}],\"inLanguage\":\"fr-FR\"},{\"@type\":\"Organization\",\"@id\":\"https:\\\/\\\/preprod.weasywyg.com\\\/fr\\\/#organization\",\"name\":\"Orthopus\",\"url\":\"https:\\\/\\\/preprod.weasywyg.com\\\/fr\\\/\",\"logo\":{\"@type\":\"ImageObject\",\"inLanguage\":\"fr-FR\",\"@id\":\"https:\\\/\\\/preprod.weasywyg.com\\\/fr\\\/#\\\/schema\\\/logo\\\/image\\\/\",\"url\":\"https:\\\/\\\/preprod.weasywyg.com\\\/wp-content\\\/uploads\\\/2026\\\/05\\\/logo.svg\",\"contentUrl\":\"https:\\\/\\\/preprod.weasywyg.com\\\/wp-content\\\/uploads\\\/2026\\\/05\\\/logo.svg\",\"caption\":\"Orthopus\"},\"image\":{\"@id\":\"https:\\\/\\\/preprod.weasywyg.com\\\/fr\\\/#\\\/schema\\\/logo\\\/image\\\/\"}},{\"@type\":\"Person\",\"@id\":\"https:\\\/\\\/preprod.weasywyg.com\\\/fr\\\/#\\\/schema\\\/person\\\/8b4382f5e6156ac0dec30415bb591535\",\"name\":\"Pierre Murzeau\",\"image\":{\"@type\":\"ImageObject\",\"inLanguage\":\"fr-FR\",\"@id\":\"https:\\\/\\\/secure.gravatar.com\\\/avatar\\\/9c3ed8fbf8227342dcec0e3c388c902ea09285b1b3c21e000bf3853a2729a85b?s=96&d=mm&r=g\",\"url\":\"https:\\\/\\\/secure.gravatar.com\\\/avatar\\\/9c3ed8fbf8227342dcec0e3c388c902ea09285b1b3c21e000bf3853a2729a85b?s=96&d=mm&r=g\",\"contentUrl\":\"https:\\\/\\\/secure.gravatar.com\\\/avatar\\\/9c3ed8fbf8227342dcec0e3c388c902ea09285b1b3c21e000bf3853a2729a85b?s=96&d=mm&r=g\",\"caption\":\"Pierre Murzeau\"},\"url\":\"https:\\\/\\\/preprod.weasywyg.com\\\/fr\\\/author\\\/orthopus-pierre-26\\\/\"}]}<\/script>\n<!-- \/ Yoast SEO plugin. -->","yoast_head_json":{"title":"Cumul PCH aidant familial et retraite : Guide Complet","description":"Peut-on cumuler PCH et retraite en tant qu\u2019aidant familial ? D\u00e9couvrez les conditions, impacts fiscaux, exceptions et d\u00e9marches \u00e0 conna\u00eetre en 2025.","robots":{"index":"noindex","follow":"follow","max-snippet":"max-snippet:-1","max-image-preview":"max-image-preview:large","max-video-preview":"max-video-preview:-1"},"og_locale":"fr_FR","og_type":"article","og_title":"Cumul PCH aidant familial et retraite : Guide Complet","og_description":"Peut-on cumuler PCH et retraite en tant qu\u2019aidant familial ? D\u00e9couvrez les conditions, impacts fiscaux, exceptions et d\u00e9marches \u00e0 conna\u00eetre en 2025.","og_url":"https:\/\/preprod.weasywyg.com\/fr\/2024\/08\/28\/cumul-pch-aidant-familiale-et-retraite\/","og_site_name":"Orthopus","article_published_time":"2024-08-28T14:28:15+00:00","article_modified_time":"2026-07-20T15:14:20+00:00","og_image":[{"width":960,"height":671,"url":"https:\/\/preprod.weasywyg.com\/wp-content\/uploads\/2026\/07\/IMG-250630-Charlie-et-la-chocolaterie.webp","type":"image\/webp"}],"author":"Pierre Murzeau","twitter_card":"summary_large_image","twitter_misc":{"\u00c9crit par":"Pierre Murzeau","Dur\u00e9e de lecture estim\u00e9e":"17 minutes"},"schema":{"@context":"https:\/\/schema.org","@graph":[{"@type":"Article","@id":"https:\/\/preprod.weasywyg.com\/fr\/2024\/08\/28\/cumul-pch-aidant-familiale-et-retraite\/#article","isPartOf":{"@id":"https:\/\/preprod.weasywyg.com\/fr\/2024\/08\/28\/cumul-pch-aidant-familiale-et-retraite\/"},"author":{"name":"Pierre Murzeau","@id":"https:\/\/preprod.weasywyg.com\/fr\/#\/schema\/person\/8b4382f5e6156ac0dec30415bb591535"},"headline":"Cumul PCH aidant familial et retraite : entre engagement solidaire, droits reconnus et complexit\u00e9s administratives","datePublished":"2024-08-28T14:28:15+00:00","dateModified":"2026-07-20T15:14:20+00:00","mainEntityOfPage":{"@id":"https:\/\/preprod.weasywyg.com\/fr\/2024\/08\/28\/cumul-pch-aidant-familiale-et-retraite\/"},"wordCount":3795,"commentCount":0,"publisher":{"@id":"https:\/\/preprod.weasywyg.com\/fr\/#organization"},"image":{"@id":"https:\/\/preprod.weasywyg.com\/fr\/2024\/08\/28\/cumul-pch-aidant-familiale-et-retraite\/#primaryimage"},"thumbnailUrl":"https:\/\/preprod.weasywyg.com\/wp-content\/uploads\/2026\/07\/IMG-250630-Charlie-et-la-chocolaterie.webp","articleSection":["Aidants"],"inLanguage":"fr-FR","potentialAction":[{"@type":"CommentAction","name":"Comment","target":["https:\/\/preprod.weasywyg.com\/fr\/2024\/08\/28\/cumul-pch-aidant-familiale-et-retraite\/#respond"]}]},{"@type":"WebPage","@id":"https:\/\/preprod.weasywyg.com\/fr\/2024\/08\/28\/cumul-pch-aidant-familiale-et-retraite\/","url":"https:\/\/preprod.weasywyg.com\/fr\/2024\/08\/28\/cumul-pch-aidant-familiale-et-retraite\/","name":"Cumul PCH aidant familial et retraite : Guide Complet","isPartOf":{"@id":"https:\/\/preprod.weasywyg.com\/fr\/#website"},"primaryImageOfPage":{"@id":"https:\/\/preprod.weasywyg.com\/fr\/2024\/08\/28\/cumul-pch-aidant-familiale-et-retraite\/#primaryimage"},"image":{"@id":"https:\/\/preprod.weasywyg.com\/fr\/2024\/08\/28\/cumul-pch-aidant-familiale-et-retraite\/#primaryimage"},"thumbnailUrl":"https:\/\/preprod.weasywyg.com\/wp-content\/uploads\/2026\/07\/IMG-250630-Charlie-et-la-chocolaterie.webp","datePublished":"2024-08-28T14:28:15+00:00","dateModified":"2026-07-20T15:14:20+00:00","description":"Peut-on cumuler PCH et retraite en tant qu\u2019aidant familial ? D\u00e9couvrez les conditions, impacts fiscaux, exceptions et d\u00e9marches \u00e0 conna\u00eetre en 2025.","breadcrumb":{"@id":"https:\/\/preprod.weasywyg.com\/fr\/2024\/08\/28\/cumul-pch-aidant-familiale-et-retraite\/#breadcrumb"},"inLanguage":"fr-FR","potentialAction":[{"@type":"ReadAction","target":["https:\/\/preprod.weasywyg.com\/fr\/2024\/08\/28\/cumul-pch-aidant-familiale-et-retraite\/"]}]},{"@type":"ImageObject","inLanguage":"fr-FR","@id":"https:\/\/preprod.weasywyg.com\/fr\/2024\/08\/28\/cumul-pch-aidant-familiale-et-retraite\/#primaryimage","url":"https:\/\/preprod.weasywyg.com\/wp-content\/uploads\/2026\/07\/IMG-250630-Charlie-et-la-chocolaterie.webp","contentUrl":"https:\/\/preprod.weasywyg.com\/wp-content\/uploads\/2026\/07\/IMG-250630-Charlie-et-la-chocolaterie.webp","width":960,"height":671,"caption":"Charlie Bucket tenant le pr\u00e9cieux ticket d\u2019or - Charlie et la Chocolaterie (2005), r\u00e9alis\u00e9 par Tim Burton."},{"@type":"BreadcrumbList","@id":"https:\/\/preprod.weasywyg.com\/fr\/2024\/08\/28\/cumul-pch-aidant-familiale-et-retraite\/#breadcrumb","itemListElement":[{"@type":"ListItem","position":1,"name":"Accueil","item":"https:\/\/preprod.weasywyg.com\/fr\/"},{"@type":"ListItem","position":2,"name":"Cumul PCH aidant familial et retraite : entre engagement solidaire, droits reconnus et complexit\u00e9s administratives"}]},{"@type":"WebSite","@id":"https:\/\/preprod.weasywyg.com\/fr\/#website","url":"https:\/\/preprod.weasywyg.com\/fr\/","name":"Orthopus","description":"Handitech solutions for everyone","publisher":{"@id":"https:\/\/preprod.weasywyg.com\/fr\/#organization"},"potentialAction":[{"@type":"SearchAction","target":{"@type":"EntryPoint","urlTemplate":"https:\/\/preprod.weasywyg.com\/fr\/?s={search_term_string}"},"query-input":{"@type":"PropertyValueSpecification","valueRequired":true,"valueName":"search_term_string"}}],"inLanguage":"fr-FR"},{"@type":"Organization","@id":"https:\/\/preprod.weasywyg.com\/fr\/#organization","name":"Orthopus","url":"https:\/\/preprod.weasywyg.com\/fr\/","logo":{"@type":"ImageObject","inLanguage":"fr-FR","@id":"https:\/\/preprod.weasywyg.com\/fr\/#\/schema\/logo\/image\/","url":"https:\/\/preprod.weasywyg.com\/wp-content\/uploads\/2026\/05\/logo.svg","contentUrl":"https:\/\/preprod.weasywyg.com\/wp-content\/uploads\/2026\/05\/logo.svg","caption":"Orthopus"},"image":{"@id":"https:\/\/preprod.weasywyg.com\/fr\/#\/schema\/logo\/image\/"}},{"@type":"Person","@id":"https:\/\/preprod.weasywyg.com\/fr\/#\/schema\/person\/8b4382f5e6156ac0dec30415bb591535","name":"Pierre Murzeau","image":{"@type":"ImageObject","inLanguage":"fr-FR","@id":"https:\/\/secure.gravatar.com\/avatar\/9c3ed8fbf8227342dcec0e3c388c902ea09285b1b3c21e000bf3853a2729a85b?s=96&d=mm&r=g","url":"https:\/\/secure.gravatar.com\/avatar\/9c3ed8fbf8227342dcec0e3c388c902ea09285b1b3c21e000bf3853a2729a85b?s=96&d=mm&r=g","contentUrl":"https:\/\/secure.gravatar.com\/avatar\/9c3ed8fbf8227342dcec0e3c388c902ea09285b1b3c21e000bf3853a2729a85b?s=96&d=mm&r=g","caption":"Pierre Murzeau"},"url":"https:\/\/preprod.weasywyg.com\/fr\/author\/orthopus-pierre-26\/"}]}},"taxonomy_info":{"category":[{"value":235,"label":"Aidants"}]},"featured_image_src_large":["https:\/\/preprod.weasywyg.com\/wp-content\/uploads\/2026\/07\/IMG-250630-Charlie-et-la-chocolaterie.webp",960,671,false],"author_info":{"display_name":"Pierre Murzeau","author_link":"https:\/\/preprod.weasywyg.com\/fr\/author\/orthopus-pierre-26\/"},"comment_info":0,"category_info":[{"term_id":235,"name":"Aidants","slug":"aidants","term_group":0,"term_taxonomy_id":235,"taxonomy":"category","description":"","parent":0,"count":9,"filter":"raw","cat_ID":235,"category_count":9,"category_description":"","cat_name":"Aidants","category_nicename":"aidants","category_parent":0}],"tag_info":false,"_links":{"self":[{"href":"https:\/\/preprod.weasywyg.com\/fr\/wp-json\/wp\/v2\/posts\/19142","targetHints":{"allow":["GET"]}}],"collection":[{"href":"https:\/\/preprod.weasywyg.com\/fr\/wp-json\/wp\/v2\/posts"}],"about":[{"href":"https:\/\/preprod.weasywyg.com\/fr\/wp-json\/wp\/v2\/types\/post"}],"author":[{"embeddable":true,"href":"https:\/\/preprod.weasywyg.com\/fr\/wp-json\/wp\/v2\/users\/3"}],"replies":[{"embeddable":true,"href":"https:\/\/preprod.weasywyg.com\/fr\/wp-json\/wp\/v2\/comments?post=19142"}],"version-history":[{"count":4,"href":"https:\/\/preprod.weasywyg.com\/fr\/wp-json\/wp\/v2\/posts\/19142\/revisions"}],"predecessor-version":[{"id":19424,"href":"https:\/\/preprod.weasywyg.com\/fr\/wp-json\/wp\/v2\/posts\/19142\/revisions\/19424"}],"wp:featuredmedia":[{"embeddable":true,"href":"https:\/\/preprod.weasywyg.com\/fr\/wp-json\/wp\/v2\/media\/19143"}],"wp:attachment":[{"href":"https:\/\/preprod.weasywyg.com\/fr\/wp-json\/wp\/v2\/media?parent=19142"}],"wp:term":[{"taxonomy":"category","embeddable":true,"href":"https:\/\/preprod.weasywyg.com\/fr\/wp-json\/wp\/v2\/categories?post=19142"},{"taxonomy":"post_tag","embeddable":true,"href":"https:\/\/preprod.weasywyg.com\/fr\/wp-json\/wp\/v2\/tags?post=19142"}],"curies":[{"name":"wp","href":"https:\/\/api.w.org\/{rel}","templated":true}]}}