{"id":19146,"date":"2024-09-08T17:11:15","date_gmt":"2024-09-08T15:11:15","guid":{"rendered":"https:\/\/preprod.weasywyg.com\/?p=19146"},"modified":"2026-07-20T17:09:35","modified_gmt":"2026-07-20T15:09:35","slug":"traitement-systeme-nerveux","status":"publish","type":"post","link":"https:\/\/preprod.weasywyg.com\/fr\/2024\/09\/08\/traitement-systeme-nerveux\/","title":{"rendered":"Traitement du syst\u00e8me nerveux : toutes les approches pour agir, soulager et accompagner efficacement"},"content":{"rendered":"\n<p class=\"wp-block-paragraph\">Imaginez le m\u00e9tro \u00e0 l\u2019heure de pointe. Des milliers de trains circulent, des millions de passagers montent, descendent, changent de ligne. Des annonces fusent, des signaux lumineux guident les flux, et tout semble fonctionner dans un enchev\u00eatrement contr\u00f4l\u00e9, presque miraculeux. Aucun\u2022e passager\u2022\u00e8re ne conna\u00eet l\u2019ensemble du r\u00e9seau, et pourtant, chacun arrive, plus ou moins \u00e0 l\u2019heure, \u00e0 destination.<\/p>\n\n\n\n<p class=\"wp-block-paragraph\">Le syst\u00e8me nerveux humain fonctionne de mani\u00e8re \u00e9tonnamment similaire. C\u2019est un immense r\u00e9seau o\u00f9 des milliards de \u00ab passagers\u2022\u00e8res \u00bb (les signaux nerveux) voyagent \u00e0 grande vitesse, transport\u00e9s par des \u00ab trains \u00bb : les neurones. Ces messages partent du cerveau, traversent la moelle \u00e9pini\u00e8re, atteignent les muscles, les organes ou la peau\u2026 puis reviennent parfois en une fraction de seconde.<\/p>\n\n\n\n<p class=\"wp-block-paragraph\">Le cerveau, chef d\u2019orchestre invisible de ce trafic, coordonne les lignes, priorise les urgences, r\u00e9agit aux impr\u00e9vus. Une simple sensation, comme une br\u00fblure sur la main par exemple, d\u00e9clenche un branle-bas de combat comparable \u00e0 une alerte dans une station bond\u00e9e : r\u00e9action r\u00e9flexe, douleur, prise de d\u00e9cision. Sans ce r\u00e9seau incroyablement structur\u00e9, notre corps serait un train sans rails. C\u2019est lui qui nous permet de percevoir, de bouger, de ressentir, de penser. Mais que se passe-t-il lorsqu\u2019un aiguillage tombe en panne ? Lorsqu\u2019une station est endommag\u00e9e ou qu\u2019un train ne r\u00e9pond plus ? C\u2019est ce qui se d\u00e9roule quand le syst\u00e8me nerveux est touch\u00e9, que ce soit par une maladie d\u00e9g\u00e9n\u00e9rative, auto-immune, un traumatisme ou un trouble fonctionnel. Dans ces cas-l\u00e0, il n\u2019y a pas un seul traitement du syst\u00e8me nerveux, mais plusieurs solutions \u00e0 combiner pour aider au mieux.<\/p>\n\n\n\n<h2 class=\"wp-block-heading\">Panorama des troubles neurologiques n\u00e9cessitant un traitement<\/h2>\n\n\n\n<h3 class=\"wp-block-heading\">Comprendre l\u2019organisation et le r\u00f4le du syst\u00e8me nerveux<\/h3>\n\n\n\n<p class=\"wp-block-paragraph\">Le\u00a0<a href=\"https:\/\/www.msdmanuals.com\/fr\/accueil\/troubles-du-cerveau-de-la-moelle-%C3%A9pini%C3%A8re-et-des-nerfs\/biologie-du-syst%C3%A8me-nerveux\/cerveau\" target=\"_blank\" rel=\"noreferrer noopener\">syst\u00e8me nerveux<\/a>\u00a0se divise en deux grandes composantes :<\/p>\n\n\n\n<ul class=\"wp-block-list\">\n<li><strong>Le syst\u00e8me nerveux central (SNC) :<\/strong>&nbsp;cerveau et moelle \u00e9pini\u00e8re, centres de commande essentiels.<\/li>\n\n\n\n<li><strong>Le syst\u00e8me nerveux p\u00e9riph\u00e9rique :<\/strong>&nbsp;nerfs moteurs, sensitifs et autonomes, qui transmettent les informations entre le corps et le syst\u00e8me nerveux central.<\/li>\n<\/ul>\n\n\n\n<figure class=\"wp-block-image size-full\"><img loading=\"lazy\" decoding=\"async\" width=\"800\" height=\"450\" src=\"https:\/\/preprod.weasywyg.com\/wp-content\/uploads\/2026\/07\/schema-systeme-nerveux.jpg\" alt=\"\" class=\"wp-image-19148\" srcset=\"https:\/\/preprod.weasywyg.com\/wp-content\/uploads\/2026\/07\/schema-systeme-nerveux.jpg 800w, https:\/\/preprod.weasywyg.com\/wp-content\/uploads\/2026\/07\/schema-systeme-nerveux-300x169.jpg 300w, https:\/\/preprod.weasywyg.com\/wp-content\/uploads\/2026\/07\/schema-systeme-nerveux-768x432.jpg 768w\" sizes=\"auto, (max-width: 800px) 100vw, 800px\" \/><\/figure>\n\n\n\n<p class=\"wp-block-paragraph\">\u00c0 l\u2019int\u00e9rieur du syst\u00e8me nerveux, on trouve le syst\u00e8me nerveux autonome, lequel s\u2019occupe des fonctions automatiques : respirer, dig\u00e9rer, transpirer, battre du c\u0153ur, etc. sans qu\u2019on ait besoin d\u2019y penser. Il est divis\u00e9 en deux branches :<\/p>\n\n\n\n<ul class=\"wp-block-list\">\n<li><strong>Le syst\u00e8me sympathique<\/strong>, qui s\u2019active quand on est stress\u00e9\u2022e ou en danger (il acc\u00e9l\u00e8re le c\u0153ur, dilate les pupilles, etc.)<\/li>\n\n\n\n<li>Et&nbsp;<strong>le parasympathique<\/strong>, qui fait exactement l\u2019inverse pour calmer le jeu<\/li>\n<\/ul>\n\n\n\n<figure class=\"wp-block-image size-full\"><img decoding=\"async\" src=\"https:\/\/preprod.weasywyg.com\/wp-content\/uploads\/2026\/07\/SCH-250813-Syteme-parasympathique-et-sympathique.webp\" alt=\"\" class=\"wp-image-19149\"\/><\/figure>\n\n\n\n<p class=\"wp-block-paragraph\">Quand tout fonctionne bien, des signaux \u00e9lectriques voyagent dans les nerfs \u00e0 toute vitesse. Mais quand il y a un souci ; une inflammation, une blessure, une maladie, ces signaux sont ralentis, d\u00e9form\u00e9s, ou m\u00eame compl\u00e8tement bloqu\u00e9s.&nbsp;<strong>R\u00e9sultat :<\/strong>&nbsp;des troubles moteurs (comme une faiblesse ou une paralysie), sensoriels (fourmillements, douleurs), cognitifs (perte de m\u00e9moire), ou encore des troubles automatiques (probl\u00e8mes digestifs, chute de tension, etc.).<\/p>\n\n\n\n<p class=\"wp-block-paragraph\">Dans toutes ces situations, on dispose aujourd\u2019hui de nombreux traitements du syst\u00e8me nerveux pour calmer les sympt\u00f4mes, r\u00e9cup\u00e9rer certaines fonctions et ralentir la progression des pathologies.<\/p>\n\n\n\n<h3 class=\"wp-block-heading\">Principales pathologies et traitements associ\u00e9s du syst\u00e8me nerveux<\/h3>\n\n\n\n<p class=\"wp-block-paragraph\">De nombreuses\u00a0<a href=\"https:\/\/preprod.weasywyg.com\/2026\/07\/06\/tout-savoir-sur-les-maladies-neuromusculaires\/\">maladies<\/a>, aux causes parfois tr\u00e8s diff\u00e9rentes, sont \u00e0 m\u00eame de toucher le syst\u00e8me nerveux. Elles ont toutes un point commun : elles g\u00eanent la transmission des messages nerveux, ce qui peut provoquer des troubles moteurs, sensoriels, cognitifs ou automatiques. Heureusement, il existe aujourd\u2019hui plusieurs options de traitement du syst\u00e8me nerveux, adapt\u00e9es \u00e0 chaque situation. Voici un tour d\u2019horizon des principales affections neurologiques, leurs m\u00e9canismes et les traitements propos\u00e9s :<\/p>\n\n\n\n<div data-wp-context=\"{ &quot;autoclose&quot;: false, &quot;accordionItems&quot;: [] }\" data-wp-interactive=\"core\/accordion\" role=\"group\" class=\"wp-block-accordion is-layout-flow wp-block-accordion-is-layout-flow\">\n<div data-wp-class--is-open=\"state.isOpen\" data-wp-context=\"{ &quot;id&quot;: &quot;accordion-item-1&quot;, &quot;openByDefault&quot;: false }\" data-wp-init=\"callbacks.initAccordionItems\" data-wp-on-window--hashchange=\"callbacks.hashChange\" class=\"wp-block-accordion-item is-layout-flow wp-block-accordion-item-is-layout-flow\">\n<h3 class=\"wp-block-accordion-heading\"><button aria-expanded=\"false\" aria-controls=\"accordion-item-1-panel\" data-wp-bind--aria-expanded=\"state.isOpen\" data-wp-on--click=\"actions.toggle\" id=\"accordion-item-1\" type=\"button\" class=\"wp-block-accordion-heading__toggle\"><span class=\"wp-block-accordion-heading__toggle-title\">Scl\u00e9rose en plaques (SEP)<\/span><span class=\"wp-block-accordion-heading__toggle-icon\" aria-hidden=\"true\">+<\/span><\/button><\/h3>\n\n\n\n<div aria-labelledby=\"accordion-item-1\" data-wp-bind--hidden=\"state.isHidden\" data-wp-on--beforematch=\"actions.handleBeforeMatch\" id=\"accordion-item-1-panel\" role=\"region\" class=\"wp-block-accordion-panel is-layout-flow wp-block-accordion-panel-is-layout-flow\">\n<p class=\"wp-block-paragraph\">Maladie auto-immune du syst\u00e8me nerveux central, la SEP attaque la\u00a0<a href=\"https:\/\/fr.wikipedia.org\/wiki\/My%C3%A9line\" target=\"_blank\" rel=\"noreferrer noopener\">gaine de my\u00e9line<\/a>, perturbant la transmission des signaux.<\/p>\n\n\n\n<p class=\"wp-block-paragraph\"><strong>Traitement :<\/strong><\/p>\n\n\n\n<ul class=\"wp-block-list\">\n<li>Immunomodulateurs<\/li>\n\n\n\n<li>Cortico\u00efdes<\/li>\n\n\n\n<li>R\u00e9\u00e9ducation<\/li>\n\n\n\n<li>Soutien cognitif<\/li>\n<\/ul>\n<\/div>\n<\/div>\n\n\n\n<div data-wp-class--is-open=\"state.isOpen\" data-wp-context=\"{ &quot;id&quot;: &quot;accordion-item-2&quot;, &quot;openByDefault&quot;: false }\" data-wp-init=\"callbacks.initAccordionItems\" data-wp-on-window--hashchange=\"callbacks.hashChange\" class=\"wp-block-accordion-item is-layout-flow wp-block-accordion-item-is-layout-flow\">\n<h3 class=\"wp-block-accordion-heading\"><button aria-expanded=\"false\" aria-controls=\"accordion-item-2-panel\" data-wp-bind--aria-expanded=\"state.isOpen\" data-wp-on--click=\"actions.toggle\" id=\"accordion-item-2\" type=\"button\" class=\"wp-block-accordion-heading__toggle\"><span class=\"wp-block-accordion-heading__toggle-title\">Neuropathies diab\u00e9tiques<\/span><span class=\"wp-block-accordion-heading__toggle-icon\" aria-hidden=\"true\">+<\/span><\/button><\/h3>\n\n\n\n<div aria-labelledby=\"accordion-item-2\" data-wp-bind--hidden=\"state.isHidden\" data-wp-on--beforematch=\"actions.handleBeforeMatch\" id=\"accordion-item-2-panel\" role=\"region\" class=\"wp-block-accordion-panel is-layout-flow wp-block-accordion-panel-is-layout-flow\">\n<p class=\"wp-block-paragraph\">Li\u00e9es \u00e0 une hyperglyc\u00e9mie chronique, elles affectent les nerfs p\u00e9riph\u00e9riques et\/ou autonomes.<\/p>\n\n\n\n<p class=\"wp-block-paragraph\"><strong>Traitement : <\/strong><\/p>\n\n\n\n<ul class=\"wp-block-list\">\n<li>Contr\u00f4le du diab\u00e8te<\/li>\n\n\n\n<li>Antalgiques sp\u00e9cifiques<\/li>\n\n\n\n<li>Soins de support<\/li>\n<\/ul>\n<\/div>\n<\/div>\n\n\n\n<div data-wp-class--is-open=\"state.isOpen\" data-wp-context=\"{ &quot;id&quot;: &quot;accordion-item-3&quot;, &quot;openByDefault&quot;: false }\" data-wp-init=\"callbacks.initAccordionItems\" data-wp-on-window--hashchange=\"callbacks.hashChange\" class=\"wp-block-accordion-item is-layout-flow wp-block-accordion-item-is-layout-flow\">\n<h3 class=\"wp-block-accordion-heading\"><button aria-expanded=\"false\" aria-controls=\"accordion-item-3-panel\" data-wp-bind--aria-expanded=\"state.isOpen\" data-wp-on--click=\"actions.toggle\" id=\"accordion-item-3\" type=\"button\" class=\"wp-block-accordion-heading__toggle\"><span class=\"wp-block-accordion-heading__toggle-title\">Douleurs neuropathiques<\/span><span class=\"wp-block-accordion-heading__toggle-icon\" aria-hidden=\"true\">+<\/span><\/button><\/h3>\n\n\n\n<div aria-labelledby=\"accordion-item-3\" data-wp-bind--hidden=\"state.isHidden\" data-wp-on--beforematch=\"actions.handleBeforeMatch\" id=\"accordion-item-3-panel\" role=\"region\" class=\"wp-block-accordion-panel is-layout-flow wp-block-accordion-panel-is-layout-flow\">\n<p class=\"wp-block-paragraph\">Caus\u00e9es par une l\u00e9sion nerveuse, elles se traduisent par des br\u00fblures, chocs \u00e9lectriques ou engourdissements.<\/p>\n\n\n\n<p class=\"wp-block-paragraph\"><strong>Traitement :<\/strong><\/p>\n\n\n\n<ul class=\"wp-block-list\">\n<li>Anti\u00e9pileptiques<\/li>\n\n\n\n<li>Antid\u00e9presseurs<\/li>\n\n\n\n<li><a href=\"https:\/\/www.sfetd-douleur.org\/tens-en-pratique\/\" target=\"_blank\" rel=\"noreferrer noopener\">TENS<\/a><\/li>\n\n\n\n<li>Hypnose<\/li>\n<\/ul>\n<\/div>\n<\/div>\n\n\n\n<div data-wp-class--is-open=\"state.isOpen\" data-wp-context=\"{ &quot;id&quot;: &quot;accordion-item-4&quot;, &quot;openByDefault&quot;: false }\" data-wp-init=\"callbacks.initAccordionItems\" data-wp-on-window--hashchange=\"callbacks.hashChange\" class=\"wp-block-accordion-item is-layout-flow wp-block-accordion-item-is-layout-flow\">\n<h3 class=\"wp-block-accordion-heading\"><button aria-expanded=\"false\" aria-controls=\"accordion-item-4-panel\" data-wp-bind--aria-expanded=\"state.isOpen\" data-wp-on--click=\"actions.toggle\" id=\"accordion-item-4\" type=\"button\" class=\"wp-block-accordion-heading__toggle\"><span class=\"wp-block-accordion-heading__toggle-title\"><a>S\u00e9quelles d\u2019un accident vasculaire c\u00e9r\u00e9bral (AVC)<\/a><\/span><span class=\"wp-block-accordion-heading__toggle-icon\" aria-hidden=\"true\">+<\/span><\/button><\/h3>\n\n\n\n<div aria-labelledby=\"accordion-item-4\" data-wp-bind--hidden=\"state.isHidden\" data-wp-on--beforematch=\"actions.handleBeforeMatch\" id=\"accordion-item-4-panel\" role=\"region\" class=\"wp-block-accordion-panel is-layout-flow wp-block-accordion-panel-is-layout-flow\">\n<p class=\"wp-block-paragraph\">Un AVC peut entra\u00eener la destruction irr\u00e9versible d\u2019une partie du cerveau, provoquant paralysies, troubles cognitifs ou du langage.<\/p>\n\n\n\n<p class=\"wp-block-paragraph\"><strong>Traitement :<\/strong><\/p>\n\n\n\n<ul class=\"wp-block-list\">\n<li>R\u00e9\u00e9ducation multidisciplinaire<\/li>\n\n\n\n<li>Pr\u00e9vention secondaire<\/li>\n\n\n\n<li>Soutien psychologique<\/li>\n<\/ul>\n<\/div>\n<\/div>\n\n\n\n<div data-wp-class--is-open=\"state.isOpen\" data-wp-context=\"{ &quot;id&quot;: &quot;accordion-item-5&quot;, &quot;openByDefault&quot;: false }\" data-wp-init=\"callbacks.initAccordionItems\" data-wp-on-window--hashchange=\"callbacks.hashChange\" class=\"wp-block-accordion-item is-layout-flow wp-block-accordion-item-is-layout-flow\">\n<h3 class=\"wp-block-accordion-heading\"><button aria-expanded=\"false\" aria-controls=\"accordion-item-5-panel\" data-wp-bind--aria-expanded=\"state.isOpen\" data-wp-on--click=\"actions.toggle\" id=\"accordion-item-5\" type=\"button\" class=\"wp-block-accordion-heading__toggle\"><span class=\"wp-block-accordion-heading__toggle-title\">Maladie de Parkinson<\/span><span class=\"wp-block-accordion-heading__toggle-icon\" aria-hidden=\"true\">+<\/span><\/button><\/h3>\n\n\n\n<div aria-labelledby=\"accordion-item-5\" data-wp-bind--hidden=\"state.isHidden\" data-wp-on--beforematch=\"actions.handleBeforeMatch\" id=\"accordion-item-5-panel\" role=\"region\" class=\"wp-block-accordion-panel is-layout-flow wp-block-accordion-panel-is-layout-flow\">\n<p class=\"wp-block-paragraph\">Maladie neurod\u00e9g\u00e9n\u00e9rative qui touche les neurones producteurs de dopamine.<\/p>\n\n\n\n<p class=\"wp-block-paragraph\"><strong>Traitement :<\/strong><\/p>\n\n\n\n<ul class=\"wp-block-list\">\n<li>M\u00e9dicaments dopaminergiques<\/li>\n\n\n\n<li>Kin\u00e9<\/li>\n\n\n\n<li>Stimulation c\u00e9r\u00e9brale profonde<\/li>\n<\/ul>\n<\/div>\n<\/div>\n\n\n\n<div data-wp-class--is-open=\"state.isOpen\" data-wp-context=\"{ &quot;id&quot;: &quot;accordion-item-6&quot;, &quot;openByDefault&quot;: false }\" data-wp-init=\"callbacks.initAccordionItems\" data-wp-on-window--hashchange=\"callbacks.hashChange\" class=\"wp-block-accordion-item is-layout-flow wp-block-accordion-item-is-layout-flow\">\n<h3 class=\"wp-block-accordion-heading\"><button aria-expanded=\"false\" aria-controls=\"accordion-item-6-panel\" data-wp-bind--aria-expanded=\"state.isOpen\" data-wp-on--click=\"actions.toggle\" id=\"accordion-item-6\" type=\"button\" class=\"wp-block-accordion-heading__toggle\"><span class=\"wp-block-accordion-heading__toggle-title\">Neuropathies autonomes<\/span><span class=\"wp-block-accordion-heading__toggle-icon\" aria-hidden=\"true\">+<\/span><\/button><\/h3>\n\n\n\n<div aria-labelledby=\"accordion-item-6\" data-wp-bind--hidden=\"state.isHidden\" data-wp-on--beforematch=\"actions.handleBeforeMatch\" id=\"accordion-item-6-panel\" role=\"region\" class=\"wp-block-accordion-panel is-layout-flow wp-block-accordion-panel-is-layout-flow\">\n<p class=\"wp-block-paragraph\">Elles perturbent les fonctions involontaires (digestion, pression art\u00e9rielle, etc.), souvent en lien avec un diab\u00e8te ou une maladie auto-immune.<\/p>\n\n\n\n<p class=\"wp-block-paragraph\"><strong>Traitement :<\/strong><\/p>\n\n\n\n<ul class=\"wp-block-list\">\n<li>R\u00e9gimes adapt\u00e9s<\/li>\n\n\n\n<li>Traitement de la cause<\/li>\n<\/ul>\n<\/div>\n<\/div>\n<\/div>\n\n\n\n<h2 class=\"wp-block-heading\">Tous les traitements du syst\u00e8me nerveux, en pratique<\/h2>\n\n\n\n<h3 class=\"wp-block-heading\">M\u00e9dicaments neurologiques : m\u00e9canismes, usages et pr\u00e9cautions<\/h3>\n\n\n\n<p class=\"wp-block-paragraph\"><strong>Les principales classes de m\u00e9dicaments en neurologie sont les suivantes <\/strong>:<\/p>\n\n\n\n<ul class=\"wp-block-list\">\n<li><a href=\"https:\/\/www.vidal.fr\/maladies\/systeme-nerveux\/epilepsie\/medicaments.html\" target=\"_blank\" rel=\"noreferrer noopener\"><strong>Anti\u00e9pileptiques<\/strong><\/a><br>\u27a1\ufe0f Ils sont utilis\u00e9s pour traiter l\u2019\u00e9pilepsie, mais aussi certaines douleurs nerveuses, les migraines ou quelques troubles psychiatriques.<\/li>\n\n\n\n<li><a href=\"https:\/\/www.revmed.ch\/revue-medicale-suisse\/2015\/revue-medicale-suisse-480\/prescription-d-antidepresseurs-dans-le-traitement-de-la-douleur-role-de-la-pharmacogenetique\" target=\"_blank\" rel=\"noreferrer noopener\"><strong>Antid\u00e9presseurs contre la douleur<\/strong><\/a><br>\u27a1\ufe0f Certains antid\u00e9presseurs peuvent calmer des douleurs nerveuses persistantes.<\/li>\n\n\n\n<li><strong>M\u00e9dicaments qui modifient ou bloquent l\u2019activit\u00e9 du syst\u00e8me immunitaire\u00a0<\/strong>(<a href=\"https:\/\/pharmacomedicale.org\/medicaments\/par-specialites\/item\/immunosuppresseurs-les-points-essentiels\" target=\"_blank\" rel=\"noreferrer noopener\">immunomodulateurs ou immunosuppresseurs<\/a>)<br>\u27a1\ufe0f Ils sont indiqu\u00e9s dans des pathologies comme la\u00a0<a href=\"https:\/\/www.inserm.fr\/dossier\/sclerose-en-plaques-sep\/\">scl\u00e9rose en plaques<\/a>\u00a0ou la\u00a0<a href=\"https:\/\/fr.wikipedia.org\/wiki\/Myasth%C3%A9nie\">myasth\u00e9nie<\/a>.<\/li>\n\n\n\n<li><a href=\"https:\/\/bonusagedumedicament.com\/wp-content\/uploads\/2021\/07\/46-Utilisation-corticoides-en-neurologie-juin-2020.pdf\" target=\"_blank\" rel=\"noreferrer noopener\"><strong>Cortico\u00efdes<\/strong><\/a><br>\u27a1\ufe0f Ils sont prescrits pour r\u00e9duire un gonflement du cerveau ou calmer une forte inflammation.<\/li>\n\n\n\n<li><strong>Traitements symptomatiques des troubles moteurs<\/strong><br>\u27a1\ufe0f <a href=\"https:\/\/medipedia.be\/fr\/spasticite\/traitements\/antispastiques-oraux-pour-traiter-la-spasticite\" target=\"_blank\" rel=\"noreferrer noopener\">Antispastiques<\/a>\u00a0comme le\u00a0<a href=\"https:\/\/www.vidal.fr\/medicaments\/substances\/baclofene-482.html\" target=\"_blank\" rel=\"noreferrer noopener\">baclof\u00e8ne<\/a>\u00a0pour les spasmes musculaires.<br>\u27a1\ufe0f <a href=\"https:\/\/sante.gouv.fr\/IMG\/pdf\/med-dopaminergiques-edition-2016.pdf\" target=\"_blank\" rel=\"noreferrer noopener\">Dopaminergiques<\/a>\u00a0comme la\u00a0<a href=\"https:\/\/www.vidal.fr\/medicaments\/substances\/levodopa-2083.html\" target=\"_blank\" rel=\"noreferrer noopener\">l\u00e9vodopa<\/a>\u00a0dans la maladie de Parkinson.<\/li>\n<\/ul>\n\n\n\n<blockquote class=\"wp-block-quote is-layout-flow wp-block-quote-is-layout-flow\">\n<p class=\"wp-block-paragraph\"><strong>\ud83d\udc9c Votre m\u00e9decin est le\u00b7la seul\u00b7e capable de vous prescrire le bon m\u00e9dicament pour votre sant\u00e9. R\u00e9f\u00e9rez-vous \u00e0 lui\u00b7elle en cas de doutes sur la prise des m\u00e9dicaments.<\/strong><\/p>\n<\/blockquote>\n\n\n\n<p class=\"wp-block-paragraph\">Ces m\u00e9dicament sont susceptibles d\u2019entra\u00eener des effets secondaires ind\u00e9sirables ou des pr\u00e9cautions d\u2019emploi \u00e0 prendre au pr\u00e9alable tels que :<\/p>\n\n\n\n<div data-wp-context=\"{ &quot;autoclose&quot;: false, &quot;accordionItems&quot;: [] }\" data-wp-interactive=\"core\/accordion\" role=\"group\" class=\"wp-block-accordion is-layout-flow wp-block-accordion-is-layout-flow\">\n<div data-wp-class--is-open=\"state.isOpen\" data-wp-context=\"{ &quot;id&quot;: &quot;accordion-item-7&quot;, &quot;openByDefault&quot;: false }\" data-wp-init=\"callbacks.initAccordionItems\" data-wp-on-window--hashchange=\"callbacks.hashChange\" class=\"wp-block-accordion-item is-layout-flow wp-block-accordion-item-is-layout-flow\">\n<h3 class=\"wp-block-accordion-heading\"><button aria-expanded=\"false\" aria-controls=\"accordion-item-7-panel\" data-wp-bind--aria-expanded=\"state.isOpen\" data-wp-on--click=\"actions.toggle\" id=\"accordion-item-7\" type=\"button\" class=\"wp-block-accordion-heading__toggle\"><span class=\"wp-block-accordion-heading__toggle-title\">Antipileptiques<\/span><span class=\"wp-block-accordion-heading__toggle-icon\" aria-hidden=\"true\">+<\/span><\/button><\/h3>\n\n\n\n<div aria-labelledby=\"accordion-item-7\" data-wp-bind--hidden=\"state.isHidden\" data-wp-on--beforematch=\"actions.handleBeforeMatch\" id=\"accordion-item-7-panel\" role=\"region\" class=\"wp-block-accordion-panel is-layout-flow wp-block-accordion-panel-is-layout-flow\">\n<p class=\"wp-block-paragraph\"><strong>\u00c0 quoi \u00e7a sert ?<\/strong><br>Traiter l\u2019\u00e9pilepsie, calmer les douleurs nerveuses, migraines<br><br><strong>Pr\u00e9cautions \u00e0 prendre :<\/strong><br>Bien surveiller en cas de grossesse ou maladie des reins<br><br><strong>Effets secondaires fr\u00e9quents :<\/strong>&nbsp;somnolence, fatigue, troubles de m\u00e9moire<\/p>\n<\/div>\n<\/div>\n\n\n\n<div data-wp-class--is-open=\"state.isOpen\" data-wp-context=\"{ &quot;id&quot;: &quot;accordion-item-8&quot;, &quot;openByDefault&quot;: false }\" data-wp-init=\"callbacks.initAccordionItems\" data-wp-on-window--hashchange=\"callbacks.hashChange\" class=\"wp-block-accordion-item is-layout-flow wp-block-accordion-item-is-layout-flow\">\n<h3 class=\"wp-block-accordion-heading\"><button aria-expanded=\"false\" aria-controls=\"accordion-item-8-panel\" data-wp-bind--aria-expanded=\"state.isOpen\" data-wp-on--click=\"actions.toggle\" id=\"accordion-item-8\" type=\"button\" class=\"wp-block-accordion-heading__toggle\"><span class=\"wp-block-accordion-heading__toggle-title\">Antid\u00e9presseurs (pour la douleur)<\/span><span class=\"wp-block-accordion-heading__toggle-icon\" aria-hidden=\"true\">+<\/span><\/button><\/h3>\n\n\n\n<div aria-labelledby=\"accordion-item-8\" data-wp-bind--hidden=\"state.isHidden\" data-wp-on--beforematch=\"actions.handleBeforeMatch\" id=\"accordion-item-8-panel\" role=\"region\" class=\"wp-block-accordion-panel is-layout-flow wp-block-accordion-panel-is-layout-flow\">\n<p class=\"wp-block-paragraph\"><strong>\u00c0 quoi \u00e7a sert ?<\/strong><br>Soulager les douleurs chroniques (nerveuses,\u00a0<a href=\"https:\/\/www.ameli.fr\/assure\/sante\/themes\/fibromyalgie\/comprendre-fibromyalgie\" target=\"_blank\" rel=\"noreferrer noopener\">fibromyalgie<\/a>)<br><br><strong>Pr\u00e9cautions \u00e0 prendre :\u00a0<\/strong>Attention aux m\u00e9langes avec d\u2019autres m\u00e9dicaments<br><br><strong>Effets secondaires fr\u00e9quents :<\/strong>\u00a0s\u00e9cheresse de la bouche, prise de poids, somnolence<\/p>\n<\/div>\n<\/div>\n\n\n\n<div data-wp-class--is-open=\"state.isOpen\" data-wp-context=\"{ &quot;id&quot;: &quot;accordion-item-9&quot;, &quot;openByDefault&quot;: false }\" data-wp-init=\"callbacks.initAccordionItems\" data-wp-on-window--hashchange=\"callbacks.hashChange\" class=\"wp-block-accordion-item is-layout-flow wp-block-accordion-item-is-layout-flow\">\n<h3 class=\"wp-block-accordion-heading\"><button aria-expanded=\"false\" aria-controls=\"accordion-item-9-panel\" data-wp-bind--aria-expanded=\"state.isOpen\" data-wp-on--click=\"actions.toggle\" id=\"accordion-item-9\" type=\"button\" class=\"wp-block-accordion-heading__toggle\"><span class=\"wp-block-accordion-heading__toggle-title\">Immunomodulateurs \/ immunosuppresseurs<\/span><span class=\"wp-block-accordion-heading__toggle-icon\" aria-hidden=\"true\">+<\/span><\/button><\/h3>\n\n\n\n<div aria-labelledby=\"accordion-item-9\" data-wp-bind--hidden=\"state.isHidden\" data-wp-on--beforematch=\"actions.handleBeforeMatch\" id=\"accordion-item-9-panel\" role=\"region\" class=\"wp-block-accordion-panel is-layout-flow wp-block-accordion-panel-is-layout-flow\">\n<p class=\"wp-block-paragraph\"><strong>\u00c0 quoi \u00e7a sert ?<\/strong><br>Ralentir certaines maladies comme la\u00a0<a href=\"https:\/\/www.inserm.fr\/dossier\/sclerose-en-plaques-sep\/\" target=\"_blank\" rel=\"noreferrer noopener\">scl\u00e9rose en plaques<\/a><br><br><strong>Pr\u00e9cautions \u00e0 prendre :\u00a0<\/strong>Risque accru d\u2019infections, contr\u00f4le sanguin r\u00e9gulier<br><br><strong>Effets secondaires fr\u00e9quents :<\/strong>\u00a0Naus\u00e9es, fatigue, baisse des d\u00e9fenses immunitaires<\/p>\n<\/div>\n<\/div>\n\n\n\n<div data-wp-class--is-open=\"state.isOpen\" data-wp-context=\"{ &quot;id&quot;: &quot;accordion-item-10&quot;, &quot;openByDefault&quot;: false }\" data-wp-init=\"callbacks.initAccordionItems\" data-wp-on-window--hashchange=\"callbacks.hashChange\" class=\"wp-block-accordion-item is-layout-flow wp-block-accordion-item-is-layout-flow\">\n<h3 class=\"wp-block-accordion-heading\"><button aria-expanded=\"false\" aria-controls=\"accordion-item-10-panel\" data-wp-bind--aria-expanded=\"state.isOpen\" data-wp-on--click=\"actions.toggle\" id=\"accordion-item-10\" type=\"button\" class=\"wp-block-accordion-heading__toggle\"><span class=\"wp-block-accordion-heading__toggle-title\">Cortico\u00efdes<\/span><span class=\"wp-block-accordion-heading__toggle-icon\" aria-hidden=\"true\">+<\/span><\/button><\/h3>\n\n\n\n<div aria-labelledby=\"accordion-item-10\" data-wp-bind--hidden=\"state.isHidden\" data-wp-on--beforematch=\"actions.handleBeforeMatch\" id=\"accordion-item-10-panel\" role=\"region\" class=\"wp-block-accordion-panel is-layout-flow wp-block-accordion-panel-is-layout-flow\">\n<p class=\"wp-block-paragraph\"><strong>\u00c0 quoi \u00e7a sert ?<\/strong><br>R\u00e9duire une inflammation du cerveau ou des nerfs<br><br><strong>Pr\u00e9cautions \u00e0 prendre :&nbsp;<\/strong>Attention au sucre dans le sang, aux os fragiles<br><br><strong>Effets secondaires fr\u00e9quents :<\/strong>&nbsp;gonflement, insomnies, nervosit\u00e9, augmentation de l\u2019app\u00e9tit<\/p>\n<\/div>\n<\/div>\n\n\n\n<div data-wp-class--is-open=\"state.isOpen\" data-wp-context=\"{ &quot;id&quot;: &quot;accordion-item-11&quot;, &quot;openByDefault&quot;: false }\" data-wp-init=\"callbacks.initAccordionItems\" data-wp-on-window--hashchange=\"callbacks.hashChange\" class=\"wp-block-accordion-item is-layout-flow wp-block-accordion-item-is-layout-flow\">\n<h3 class=\"wp-block-accordion-heading\"><button aria-expanded=\"false\" aria-controls=\"accordion-item-11-panel\" data-wp-bind--aria-expanded=\"state.isOpen\" data-wp-on--click=\"actions.toggle\" id=\"accordion-item-11\" type=\"button\" class=\"wp-block-accordion-heading__toggle\"><span class=\"wp-block-accordion-heading__toggle-title\">Antispastiques \/ Dopaminergiques<\/span><span class=\"wp-block-accordion-heading__toggle-icon\" aria-hidden=\"true\">+<\/span><\/button><\/h3>\n\n\n\n<div aria-labelledby=\"accordion-item-11\" data-wp-bind--hidden=\"state.isHidden\" data-wp-on--beforematch=\"actions.handleBeforeMatch\" id=\"accordion-item-11-panel\" role=\"region\" class=\"wp-block-accordion-panel is-layout-flow wp-block-accordion-panel-is-layout-flow\">\n<p class=\"wp-block-paragraph\"><strong>\u00c0 quoi \u00e7a sert ?<\/strong><br>Am\u00e9liorer les mouvements dans la\u00a0<a href=\"https:\/\/www.franceparkinson.fr\/comprendre-la-maladie-de-parkinson\/\" target=\"_blank\" rel=\"noreferrer noopener\">maladie de Parkinson<\/a>\u00a0ou spasticit\u00e9<br><br><strong>Pr\u00e9cautions \u00e0 prendre :\u00a0<\/strong>Risque de chutes, surveillance de la tension<br><br><strong>Effets secondaires fr\u00e9quents :<\/strong>\u00a0mouvements involontaires, vertiges, somnolence<\/p>\n<\/div>\n<\/div>\n<\/div>\n\n\n\n<p class=\"wp-block-paragraph\">En neurologie, les m\u00e9dicaments agissent surtout sur les sympt\u00f4mes. Ils modifient l\u2019activit\u00e9 des\u00a0<a href=\"https:\/\/fr.wikipedia.org\/wiki\/Neurotransmetteur\" target=\"_blank\" rel=\"noreferrer noopener\">neurotransmetteurs<\/a>, bloquent certains\u00a0<a href=\"https:\/\/fr.wikipedia.org\/wiki\/Canal_ionique\" target=\"_blank\" rel=\"noreferrer noopener\">canaux ioniques<\/a>\u00a0ou r\u00e9duisent l\u2019inflammation li\u00e9e aux troubles du syst\u00e8me nerveux. Cette approche contribue \u00e0 un soulagement des sympt\u00f4mes, sans n\u00e9cessairement traiter la cause sous-jacente.<\/p>\n\n\n<div class=\"orthopus-poulpe-tip wp-block-orthopus-poulpe-tip\">\n\t\t<div class=\"poulpe-tip__icon\" aria-hidden=\"true\">\n\t\t<span class=\"poulpe-tip__icon-placeholder\">\ud83d\udc19<\/span>\n\t<\/div>\n\n\t<div class=\"poulpe-tip__content\">\n\t\t\t\t\t<p class=\"poulpe-tip__title\">Le vocab&rsquo; du poulpe : vulgarisation des termes<\/p>\n\t\t\t\t\t\t\t<p class=\"poulpe-tip__body\">Les\u00a0<strong>neurotransmetteurs<\/strong>\u00a0sont des mol\u00e9cules chimiques qui favorisent la transmission des messages entre neurones. Lors de cas d\u2019usage neurologiques (comme ci-dessus), ils contribuent \u00e0 emp\u00eacher certains\u00a0<strong>canaux ioniques<\/strong>\u00a0de fonctionner. C\u2019est-\u00e0-dire qu\u2019il bloquent l\u2019ouverture des points d\u2019entr\u00e9es dans la membrane cellulaire.<\/p>\n\t\t\t<\/div>\n<\/div>\n\n\n\n<p class=\"wp-block-paragraph\">Cependant, dans de nombreuses pathologies neurologiques, les traitements disponibles restent peu curatifs. Leur objectif principal est de ralentir la progression de la maladie, am\u00e9liorer la qualit\u00e9 de vie ou att\u00e9nuer les manifestations cliniques. Ils ne garantissent pas toujours de stopper ou de gu\u00e9rir la maladie.<\/p>\n\n\n\n<p class=\"wp-block-paragraph\"><strong>Ces approches th\u00e9rapeutiques pr\u00e9sentent aussi des limites importantes <\/strong>:<\/p>\n\n\n\n<ul class=\"wp-block-list\">\n<li>D\u00e9veloppement de tol\u00e9rance au traitement au fil du temps.<\/li>\n\n\n\n<li>Apparition d\u2019effets ind\u00e9sirables parfois invalidants.<\/li>\n\n\n\n<li>Risques d\u2019interactions m\u00e9dicamenteuses complexes.<\/li>\n\n\n\n<li>Impact potentiel sur les fonctions cognitives ou psychiques.<\/li>\n<\/ul>\n\n\n\n<h3 class=\"wp-block-heading\">Interventions chirurgicales et neuromodulation<\/h3>\n\n\n\n<p class=\"wp-block-paragraph\">Lorsque les traitements m\u00e9dicamenteux s\u2019av\u00e8rent inefficaces, des interventions chirurgicales cibl\u00e9es sont envisag\u00e9es, telles que :<\/p>\n\n\n\n<ul class=\"wp-block-list\">\n<li><a href=\"https:\/\/www.floridaspineinstitute.com\/treatments\/decompression-of-nerves\/#:~:text=Decompression%20is%20a%20surgical%20procedure,give%20the%20nerve%20more%20space.\" target=\"_blank\" rel=\"noreferrer noopener\">La chirurgie de d\u00e9compression nerveuse\u00a0<\/a>: utilis\u00e9e dans les neuropathies compressives avec des techniques pour soulager la pression sur les nerfs ou la moelle.<\/li>\n\n\n\n<li><a href=\"https:\/\/anadolumedicalcenter.fr\/la-chirurgie-oncologique-pour-soigner-les-tumeurs-cerebrales\/#:~:text=Pratiqu%C3%A9e%20sous%20anesth%C3%A9sie%20g%C3%A9n%C3%A9rale%2C%20il,plus%20utilis%C3%A9%20en%20oncologie%20c%C3%A9r%C3%A9brale.&amp;text=M%C3%A9thode%20peu%20invasive%2C%20l'ablation,c%C3%A9r%C3%A9brales%20avec%20une%20grande%20pr%C3%A9cision.\" target=\"_blank\" rel=\"noreferrer noopener\">L\u2019ablation tumorale\u00a0<\/a>: pour retirer des masses infiltrantes responsables de manifestations neurologiques, g\u00e9n\u00e9ralement apr\u00e8s confirmation radiologique.<\/li>\n<\/ul>\n\n\n\n<p class=\"wp-block-paragraph\">Lorsque la chirurgie classique ne suffit pas ou n\u2019est pas pr\u00e9f\u00e9rable, les m\u00e9decins optent souvent pour une\u00a0<a href=\"https:\/\/neurochirurgie-pitie-salpetriere.fr\/offre-de-soins\/neurochirurgie-fonctionnelle\/\" target=\"_blank\" rel=\"noreferrer noopener\">neurochirurgie fonctionnelle<\/a>. Elle consiste \u00e0 modifier le fonctionnement du cerveau ou du syst\u00e8me nerveux pour am\u00e9liorer les sympt\u00f4mes de certaines maladies. Cette pratique est utilis\u00e9e pour la maladie de Parkinson, des tremblements s\u00e9v\u00e8res ou encore des douleurs chroniques. La\u00a0<a href=\"https:\/\/fr.wikipedia.org\/wiki\/Neuromodulation_c%C3%A9r%C3%A9brale\" target=\"_blank\" rel=\"noreferrer noopener\">neuromodulation<\/a>\u00a0peut aussi \u00eatre pr\u00e9conis\u00e9e pour envoyer des signaux \u00e9lectriques pr\u00e9cis \u00e0 certaines zones c\u00e9r\u00e9brales pour calmer ou corriger des dysfonctionnements.<\/p>\n\n\n\n<p class=\"wp-block-paragraph\"><strong>Les principales techniques de neuromodulation sont :<\/strong><\/p>\n\n\n\n<ul class=\"wp-block-list\">\n<li>La\u00a0<a href=\"https:\/\/www.vidal.fr\/maladies\/systeme-nerveux\/maladie-parkinson\/stimulation-cerebrale-profonde.html\" target=\"_blank\" rel=\"noreferrer noopener\">stimulation c\u00e9r\u00e9brale profonde<\/a>, c\u2019est-\u00e0-dire que l\u2019on implante de minuscules \u00e9lectrodes dans le cerveau pour corriger des mouvements anormaux.<\/li>\n\n\n\n<li>La\u00a0<a href=\"https:\/\/neurochirurgie.insel.ch\/fr\/maladies-traitees-specialites\/techniques-speciales\/stimulation-de-la-moelle-epiniere\" target=\"_blank\" rel=\"noreferrer noopener\">stimulation de la moelle \u00e9pini\u00e8re<\/a>, notamment lors de douleurs chroniques qui ne r\u00e9pondent plus aux traitements du syst\u00e8me nerveux.<\/li>\n\n\n\n<li>La stimulation nerveuse p\u00e9riph\u00e9rique pour stimuler directement un nerf comme lors de migraines persistantes.<\/li>\n<\/ul>\n\n\n\n<p class=\"wp-block-paragraph\">Ces interventions sont propos\u00e9es seulement quand les traitements classiques \u00e9chouent. Elles sont toujours envisag\u00e9es apr\u00e8s une \u00e9valuation compl\u00e8te par une \u00e9quipe m\u00e9dicale sp\u00e9cialis\u00e9e. Elles ont de nombreux avantages mais cela reste de la chirurgie. M\u00eame si elle est tr\u00e8s cibl\u00e9e et elle peut entra\u00eener des effets secondaires ou des complications. Elles ne sont pas curatives, elles aident simplement le corps humain \u00e0 mieux g\u00e9rer la pathologie.<\/p>\n\n\n\n<figure class=\"wp-block-pullquote\"><blockquote><p>&nbsp;<br><em>\u201cAu cours des ann\u00e9es suivantes, les doses de m\u00e9dicaments augmentant, mon neurologue, le Dr Hobson, m\u2019a sugg\u00e9r\u00e9 d\u2019envisager une intervention par stimulation c\u00e9r\u00e9brale profonde. \u00c7a m\u2019a sembl\u00e9 \u00eatre la bonne solution. [\u2026] Avec le temps, je me suis senti de plus en plus capable de faire les choses que je faisais auparavant. J\u2019ai aussi r\u00e9ussi \u00e0 r\u00e9duire ma m\u00e9dication de moiti\u00e9.\u201d<\/em><\/p><cite><em><strong>T\u00e9moignage de&nbsp;<a href=\"https:\/\/lactualiteparkinson.com\/la-vie-apres-la-stimulation-cerebrale-profonde\/\">David Toews<\/a>, canadien vivant avec la maladie de Parkinson depuis 2001.<\/strong><\/em><\/cite><\/blockquote><\/figure>\n\n\n\n<h3 class=\"wp-block-heading\">R\u00e9\u00e9ducation et soutien fonctionnel<\/h3>\n\n\n\n<p class=\"wp-block-paragraph\">La r\u00e9\u00e9ducation joue un r\u00f4le central dans la prise en charge des troubles neurologiques, notamment apr\u00e8s un\u00a0<a href=\"https:\/\/www.inserm.fr\/dossier\/accident-vasculaire-cerebral-avc\/\" target=\"_blank\" rel=\"noreferrer noopener\">accident vasculaire c\u00e9r\u00e9bral<\/a>\u00a0(AVC), une l\u00e9sion c\u00e9r\u00e9brale ou dans les maladies neurod\u00e9g\u00e9n\u00e9ratives. Elle regroupe plusieurs types d\u2019interventions, physiques ou techniques, visant \u00e0 restaurer la mobilit\u00e9, am\u00e9liorer l\u2019autonomie et favoriser la qualit\u00e9 de vie.<\/p>\n\n\n\n<p class=\"wp-block-paragraph\">La\u00a0<a href=\"https:\/\/preprod.weasywyg.com\/2026\/07\/06\/kine-pour-neuropathie\/\">kin\u00e9sith\u00e9rapie neurologique<\/a>\u00a0est essentielle pour am\u00e9liorer la motricit\u00e9, la coordination et l\u2019\u00e9quilibre. En s\u2019appuyant sur les capacit\u00e9s de plasticit\u00e9 du cerveau, elle donne l\u2019opportunit\u00e9 de renforcer les muscles, pr\u00e9venir les d\u00e9formations articulaires et favoriser une r\u00e9cup\u00e9ration fonctionnelle, notamment apr\u00e8s un AVC. L\u2019<a href=\"https:\/\/preprod.weasywyg.com\/2026\/07\/06\/ergotherapeute-neuromusculaire-une-assistance-indispensable\/\">ergoth\u00e9rapie<\/a>\u00a0compl\u00e8te cet accompagnement en aidant le principal concern\u00e9 \u00e0 favoriser une autonomie dans les gestes de la vie quotidienne : s\u2019habiller, se laver, utiliser des objets ou encore pr\u00e9parer ses repas. Elle peut aussi inclure l\u2019adaptation \u00e0 domicile pour faciliter la vie au quotidien. La r\u00e9\u00e9ducation cognitive et fonctionnelle, quant \u00e0 elle, cible les troubles de l\u2019attention, de la m\u00e9moire, du langage ou des fonctions ex\u00e9cutives. Elle est souvent propos\u00e9e apr\u00e8s une atteinte c\u00e9r\u00e9brale et s\u2019appuie sur des exercices personnalis\u00e9s, souvent assist\u00e9s par des outils num\u00e9riques ou des logiciels sp\u00e9cialis\u00e9s.<\/p>\n\n\n\n<p class=\"wp-block-paragraph\">Au-del\u00e0 des th\u00e9rapeutes, des dispositifs technologiques d\u2019assistance sont en mesure d\u2019\u00eatre propos\u00e9s dans des cas de soutien fonctionnel.\u00a0<a href=\"https:\/\/preprod.weasywyg.com\/2026\/07\/07\/bras-robotique-handicap-orthopus\/\">Les bras robotiques<\/a>\u00a0et les\u00a0<a href=\"https:\/\/preprod.weasywyg.com\/2026\/07\/08\/robot-assistance-compensation\/\">exosquelettes<\/a>\u00a0sont des dispositifs motoris\u00e9s qui accompagnent les mouvements, notamment pour la marche ou la pr\u00e9hension. Ils repr\u00e9sentent une avanc\u00e9e majeure dans la r\u00e9\u00e9ducation motrice et favorisent pour certaines personnes le fait de refaire des gestes auparavant perdus. D\u2019autres outils, comme les\u00a0<a href=\"https:\/\/www.tousergo.com\/304-aide-a-la-prehension\" target=\"_blank\" rel=\"noreferrer noopener\">aides \u00e0 la pr\u00e9hension<\/a>\u00a0(pinces, stylos adapt\u00e9s, ustensiles ergonomiques), contribuent \u00e0 compenser la perte de force ou de pr\u00e9cision manuelle.<\/p>\n\n\n\n<p class=\"wp-block-paragraph\">Toutes ces approches contribuent \u00e0 renforcer l\u2019autonomie, \u00e0 am\u00e9liorer la qualit\u00e9 de vie et \u00e0 favoriser la participation sociale. Leur efficacit\u00e9 d\u00e9pend d\u2019une prise en charge pr\u00e9coce, personnalis\u00e9e et coordonn\u00e9e entre professionnel\u2022les de sant\u00e9.<\/p>\n\n\n\n<h3 class=\"wp-block-heading\">Prise en charge psychologique et neuropsychologique<\/h3>\n\n\n\n<p class=\"wp-block-paragraph\">La prise en charge psychologique et neuropsychologique est essentielle pour accompagner les personnes vivant avec une maladie li\u00e9e au syst\u00e8me nerveux. Elle donne l\u2019occasion \u00e0 la personne concern\u00e9e de mieux vivre sa pathologie, de se sentir \u00e9cout\u00e9e, et de retrouver de la motivation pour suivre ses traitements ou participer \u00e0 la r\u00e9\u00e9ducation. Cela aide aussi \u00e0 limiter l\u2019isolement ou la perte de confiance en soi, qui sont susceptibles d\u2019aggraver les sympt\u00f4mes. De leur c\u00f4t\u00e9, les neuropsychologues r\u00e9alisent des bilans cognitifs pour \u00e9valuer les fonctions du cerveau (comme la m\u00e9moire ou la concentration). Ils proposent ensuite des exercices ou des strat\u00e9gies pour compenser les difficult\u00e9s du quotidien, que ce soit \u00e0 la maison, au travail ou dans la vie sociale. M\u00eame si ces soins ne gu\u00e9rissent pas la maladie, ils font une vraie diff\u00e9rence : moins de souffrance mentale, plus d\u2019autonomie, et une meilleure qualit\u00e9 de vie. C\u2019est une \u00e9tape souvent m\u00e9connue mais essentielle du parcours de soins.<\/p>\n\n\n\n<h2 class=\"wp-block-heading\">Aides de l\u2019\u00c9tat et accompagnement associatif : un pilier essentiel du traitement<\/h2>\n\n\n\n<p class=\"wp-block-paragraph\">Lorsqu\u2019on vit avec une maladie neurologique comme la scl\u00e9rose en plaques, la maladie de Parkinson ou qu\u2019on se remet d\u2019un AVC, les traitements m\u00e9dicaux ne suffisent pas toujours. Il est essentiel de pouvoir compter sur un soutien humain, financier et social. En France, ce soutien repose sur deux piliers compl\u00e9mentaires : les dispositifs publics (<a href=\"https:\/\/www.ameli.fr\/assure\" target=\"_blank\" rel=\"noreferrer noopener\">Assurance Maladie<\/a>,\u00a0<a href=\"https:\/\/mdphenligne.cnsa.fr\/\" target=\"_blank\" rel=\"noreferrer noopener\">MDPH<\/a>, aides sociales) et le r\u00e9seau associatif, qui accompagne au quotidien les patients et leurs proches.<\/p>\n\n\n\n<h3 class=\"wp-block-heading\">Dispositifs publics de soutien<\/h3>\n\n\n\n<p class=\"wp-block-paragraph\">Le syst\u00e8me de sant\u00e9 fran\u00e7ais propose plusieurs aides administratives et financi\u00e8res pour les personnes vivant avec des pathologies neurologiques graves. La plus connue est le dispositif des\u00a0<a href=\"https:\/\/www.ameli.fr\/assure\/droits-demarches\/maladie-accident-hospitalisation\/affection-longue-duree-ald\/affection-longue-duree-maladie-chronique\" target=\"_blank\" rel=\"noreferrer noopener\">Affections de longue dur\u00e9e<\/a>\u00a0(ALD). Lorsqu\u2019une maladie est reconnue comme ALD (comme la scl\u00e9rose en plaques, Parkinson ou un AVC avec des s\u00e9quelles), les soins en lien direct avec cette pathologie sont rembours\u00e9s \u00e0 100 % par l\u2019Assurance Maladie. Cela comprend les consultations, les examens, les m\u00e9dicaments et parfois m\u00eame les frais de transports m\u00e9dicaux.<\/p>\n\n\n\n<p class=\"wp-block-paragraph\">Au-del\u00e0 des soins, de nombreuses personnes ont besoin d\u2019aides pour vivre au quotidien. C\u2019est le r\u00f4le des Maisons d\u00e9partementales des personnes handicap\u00e9es (MDPH). En d\u00e9posant un\u00a0<a href=\"https:\/\/preprod.weasywyg.com\/2026\/07\/17\/ouverture-droits-mdph-dossier-en-ligne\/\">dossier aupr\u00e8s de la MDPH<\/a>, il est possible de demander la\u00a0<a href=\"https:\/\/www.service-public.fr\/particuliers\/vosdroits\/F14202\" target=\"_blank\" rel=\"noreferrer noopener\">Prestation de compensation du handicap\u00a0<\/a>(PCH), par exemple. Cette aide contribue \u00e0 financer une aide \u00e0 domicile, adapter un logement, ou encore acqu\u00e9rir du mat\u00e9riel sp\u00e9cialis\u00e9 : fauteuil roulant, dispositif de communication, etc.<\/p>\n\n\n\n<p class=\"wp-block-paragraph\"><strong>\u00c0 noter que si la PCH ne suffit pas, il est possible de demander un&nbsp;<a href=\"https:\/\/www.monparcourshandicap.gouv.fr\/glossaire\/fdc\">Fond de compensation<\/a>&nbsp;suppl\u00e9mentaire, toujours \u00e0 la MDPH et qui vous sera accord\u00e9 sur condition de revenus.<\/strong><\/p>\n\n\n\n<p class=\"wp-block-paragraph\">En fonction de la situation, d\u2019autres aides financi\u00e8res sont propos\u00e9es. L\u2019<a href=\"https:\/\/www.service-public.fr\/particuliers\/vosdroits\/F12242\" target=\"_blank\" rel=\"noreferrer noopener\">Allocation adulte handicap\u00e9<\/a>\u00a0(AAH) est vers\u00e9e aux personnes ayant un taux d\u2019incapacit\u00e9 d\u2019au moins 80 %. Pour les enfants, l\u2019AEEH (<a href=\"https:\/\/www.service-public.fr\/particuliers\/vosdroits\/F14809\" target=\"_blank\" rel=\"noreferrer noopener\">Allocation d\u2019\u00e9ducation de l\u2019enfant handicap\u00e9<\/a>) aide les familles \u00e0 couvrir les frais li\u00e9s au handicap. L\u2019inclusion scolaire et professionnelle est \u00e9galement prise en compte. \u00c0 l\u2019\u00e9cole, les enfants ont la possibilit\u00e9 de b\u00e9n\u00e9ficier d\u2019un accompagnement individuel via les\u00a0<a href=\"https:\/\/preprod.weasywyg.com\/2026\/07\/09\/accompagnement-educatif-et-social-handicape\/\">AESH (Accompagnant \u00e9ducatif social handicap\u00e9)<\/a>. Dans le monde du travail, des structures comme\u00a0<a href=\"https:\/\/www.capemploi.info\/\">Cap Emploi<\/a>\u00a0aident \u00e0 retrouver un emploi adapt\u00e9 ou \u00e0 maintenir l\u2019activit\u00e9 professionnelle malgr\u00e9 la maladie.<\/p>\n\n\n\n<h3 class=\"wp-block-heading\">Le r\u00f4le structurant des associations<\/h3>\n\n\n\n<p class=\"wp-block-paragraph\">En parall\u00e8le du soutien public, les associations jouent un r\u00f4le fondamental. Elles sont souvent les premi\u00e8res interlocutrices pour briser l\u2019isolement, informer et accompagner dans les d\u00e9marches. Des structures comme\u00a0<a href=\"https:\/\/www.franceparkinson.fr\/\" target=\"_blank\" rel=\"noreferrer noopener\">France Parkinson<\/a>,\u00a0<a href=\"https:\/\/www.france-sclerose-en-plaques.org\/\" target=\"_blank\" rel=\"noreferrer noopener\">France Scl\u00e9rose en Plaques<\/a>\u00a0ou\u00a0<a href=\"https:\/\/www.franceavc.com\/\" target=\"_blank\" rel=\"noreferrer noopener\">France AVC<\/a>\u00a0proposent :<\/p>\n\n\n\n<ul class=\"wp-block-list\">\n<li>Des groupes de parole pour partager son v\u00e9cu avec d\u2019autres personnes.<\/li>\n\n\n\n<li>Des permanences d\u2019\u00e9coute et de conseils pour les familles.<\/li>\n\n\n\n<li>Des ateliers pratiques (activit\u00e9s physiques adapt\u00e9es, nutrition, gestion du stress).<\/li>\n\n\n\n<li>De l\u2019aide administrative (remplir les dossiers MDPH, faire appel en cas de refus).<\/li>\n<\/ul>\n\n\n\n<p class=\"wp-block-paragraph\">Mais leur r\u00f4le ne s\u2019arr\u00eate pas l\u00e0. Ces associations sont aussi des acteurs cl\u00e9s du plaidoyer. Elles d\u00e9fendent les droits des concern\u00e9\u2022es aupr\u00e8s des pouvoirs publics, militent pour un meilleur acc\u00e8s \u00e0 l\u2019innovation th\u00e9rapeutique, et contribuent \u00e0 faire \u00e9voluer les politiques de sant\u00e9. Elles sont en premi\u00e8re ligne lorsqu\u2019il s\u2019agit d\u2019alerter sur les risques de r\u00e9duction des remboursements ou sur les d\u00e9lais de reconnaissance des handicaps. Ce r\u00e9seau de soutien public et associatif permet aux personnes concern\u00e9es de ne pas faire face seules \u00e0 la pathologie. Il all\u00e8ge la charge financi\u00e8re, facilite l\u2019autonomie \u00e0 domicile ou en mobilit\u00e9 et offre un soutien moral irrempla\u00e7able. C\u2019est gr\u00e2ce \u00e0 cette compl\u00e9mentarit\u00e9 que de nombreuses personnes peuvent maintenir leur qualit\u00e9 de vie, continuer \u00e0 travailler, \u00e9tudier, ou simplement vivre plus sereinement.<\/p>\n\n\n\n<figure class=\"wp-block-image size-large\"><img loading=\"lazy\" decoding=\"async\" width=\"1024\" height=\"509\" src=\"https:\/\/preprod.weasywyg.com\/wp-content\/uploads\/2026\/07\/SCH-250729-Infographie-aides-publiques-et-associations-1024x509.jpg\" alt=\"\" class=\"wp-image-19150\" srcset=\"https:\/\/preprod.weasywyg.com\/wp-content\/uploads\/2026\/07\/SCH-250729-Infographie-aides-publiques-et-associations-1024x509.jpg 1024w, https:\/\/preprod.weasywyg.com\/wp-content\/uploads\/2026\/07\/SCH-250729-Infographie-aides-publiques-et-associations-300x149.jpg 300w, https:\/\/preprod.weasywyg.com\/wp-content\/uploads\/2026\/07\/SCH-250729-Infographie-aides-publiques-et-associations-768x382.jpg 768w, https:\/\/preprod.weasywyg.com\/wp-content\/uploads\/2026\/07\/SCH-250729-Infographie-aides-publiques-et-associations.jpg 1452w\" sizes=\"auto, (max-width: 1024px) 100vw, 1024px\" \/><\/figure>\n\n\n\n<h2 class=\"wp-block-heading\">Recherches actuelles et innovations th\u00e9rapeutiques<\/h2>\n\n\n\n<h3 class=\"wp-block-heading\">Nouvelles pistes scientifiques pour le traitement des maladies neurologiques<\/h3>\n\n\n\n<p class=\"wp-block-paragraph\">Partout dans le monde, les chercheur\u2022euses travaillent \u00e0 d\u00e9velopper de nouveaux traitements pour le syst\u00e8me nerveux. Leur but : ne pas seulement soulager les sympt\u00f4mes, mais s\u2019attaquer directement aux causes de la maladie.<\/p>\n\n\n\n<p class=\"wp-block-paragraph\">Parmi les avanc\u00e9es les plus suivies, les\u00a0<a href=\"https:\/\/www.genethon.fr\/notre-science\/la-therapie-genique-de-demain\/comprendre-la-therapie-genique\/\" target=\"_blank\" rel=\"noreferrer noopener\">th\u00e9rapies g\u00e9niques<\/a>\u00a0ouvrent des perspectives in\u00e9dites. Elles consistent \u00e0 introduire dans les cellules des g\u00e8nes \u201cr\u00e9parateurs\u201d capables de corriger une anomalie g\u00e9n\u00e9tique. Cette approche a d\u00e9j\u00e0 montr\u00e9 des r\u00e9sultats encourageants dans des maladies rares, comme la\u00a0<a href=\"https:\/\/fr.wikipedia.org\/wiki\/Leucodystrophie_m%C3%A9tachromatique\" target=\"_blank\" rel=\"noreferrer noopener\">leucodystrophie m\u00e9tachromatique<\/a>, o\u00f9 elle peut stopper l\u2019\u00e9volution chez l\u2019enfant. D\u2019un autre c\u00f4t\u00e9, les\u00a0<a href=\"https:\/\/www.cellcan.com\/75\/Les_cellules_souches_a_l_essai_pour_traiter_la_sclerose_en_plaques.cellcan?id=113#:~:text=Le%20traitement%20consiste%20%C3%A0%20red%C3%A9marrer,pas%20atteintes%20par%20la%20maladie.\" target=\"_blank\" rel=\"noreferrer noopener\">cellules souches<\/a>\u00a0(des cellules sp\u00e9ciales capables de se multiplier et de se transformer notamment dans des maladies comme la scl\u00e9rose en plaques) sont en mesure d\u2019\u00eatre dirig\u00e9es pour remplacer des cellules nerveuses ab\u00eem\u00e9es. Elles semblent aussi capables de moduler l\u2019inflammation ou de soutenir la r\u00e9paration naturelle du cerveau.<\/p>\n\n\n\n<p class=\"wp-block-paragraph\">Les\u00a0<a href=\"https:\/\/bigmedia.bpifrance.fr\/nos-dossiers\/nanotechnologie-et-traitement-des-maladies-neurodegeneratives#:~:text=La%20nanotechnologie%20innove%20dans%20le,comme%20la%20barri%C3%A8re%20h%C3%A9mato%2Denc%C3%A9phalique.\" target=\"_blank\" rel=\"noreferrer noopener\">nanotechnologies<\/a>\u00a0sont une autre voie. Elles favorisent le fait de cibler tr\u00e8s pr\u00e9cis\u00e9ment le cerveau avec des m\u00e9dicaments ou des signaux de r\u00e9paration, tout en limitant les effets secondaires, c\u2019est ce que l\u2019on appelle une d\u00e9tection de biomarqueurs pr\u00e9coces. Toutes ces innovations sont particuli\u00e8rement pr\u00e9cieuses pour des pathologies comme la scl\u00e9rose lat\u00e9rale amyotrophique, la scl\u00e9rose en plaques progressive ou la maladie de\u00a0<a href=\"https:\/\/preprod.weasywyg.com\/2026\/07\/10\/maladies-neuromusculaires-charcot-marie-tooth\/\">Charcot-Marie-Tooth<\/a>, o\u00f9 les traitements actuels restent tr\u00e8s limit\u00e9s.<\/p>\n\n\n\n<h3 class=\"wp-block-heading\">Le co-design au service du traitement du syst\u00e8me nerveux<\/h3>\n\n\n\n<p class=\"wp-block-paragraph\">Au-del\u00e0 des grandes industries pharmaceutiques, une autre forme d\u2019innovation \u00e9merge : plus collaborative, plus humaine, et surtout plus proche des personnes concern\u00e9es.<br>Chez ORTHOPUS, nous concevons des&nbsp;<a href=\"https:\/\/orthopus.com\/fr\/gamme-assistants-robotiques-pour-la-mobilite-du-bras\/\">aides techniques accessibles et personnalisables<\/a>&nbsp;pour la mobilit\u00e9 du membre sup\u00e9rieur, en co-conception avec des utilisateurs et utilisatrices. Cette approche garantit que chaque dispositif soit adapt\u00e9, \u00e9volutif et r\u00e9ellement utile.<\/p>\n\n\n\n<p class=\"wp-block-paragraph\">Partout dans le monde, ing\u00e9nieur\u2022es, soignant\u2022es et personnes concern\u00e9es travaillent main dans la main : proth\u00e8ses sur mesure, outils de r\u00e9\u00e9ducation innovants, dispositifs d\u2019assistance personnalis\u00e9s\u2026 Cette collaboration permet de d\u00e9passer les limites des solutions standard, souvent mal adapt\u00e9es \u00e0 la diversit\u00e9 des besoins, des situations et \u00e0 l\u2019\u00e9volution des pathologies.<\/p>\n\n\n\n<p class=\"wp-block-paragraph\">Th\u00e9rapies g\u00e9niques, cellules souches, nanotechnologies, co-conception : autant de pistes prometteuses qui enrichissent et compl\u00e8tent les traitements actuels. Elles apportent des solutions concr\u00e8tes, nourrissent l\u2019espoir et ouvrent la voie \u00e0 un futur m\u00e9dical et social innovant pour le traitement du syst\u00e8me nerveux.<\/p>\n\n\n\n<h2 class=\"wp-block-heading\">Sources<\/h2>\n\n\n\n<ol class=\"wp-block-list\">\n<li><a href=\"https:\/\/www.msdmanuals.com\/fr\/accueil\/troubles-du-cerveau-de-la-moelle-%C3%A9pini%C3%A8re-et-des-nerfs\/biologie-du-syst%C3%A8me-nerveux\/cerveau\" target=\"_blank\" rel=\"noreferrer noopener\">https:\/\/www.msdmanuals.com\/fr\/accueil\/troubles-du-cerveau-de-la-moelle-%C3%A9pini%C3%A8re-et-des-nerfs\/biologie-du-syst%C3%A8me-nerveux\/cerveau<\/a><\/li>\n\n\n\n<li><a href=\"https:\/\/fr.wikipedia.org\/wiki\/Syst%C3%A8me_nerveux\" target=\"_blank\" rel=\"noreferrer noopener\">https:\/\/fr.wikipedia.org\/wiki\/Syst%C3%A8me_nerveux<\/a><\/li>\n\n\n\n<li><a href=\"https:\/\/www.inserm.fr\/dossier\/sclerose-en-plaques-sep\/\" target=\"_blank\" rel=\"noreferrer noopener\">https:\/\/www.inserm.fr\/dossier\/sclerose-en-plaques-sep\/<\/a><\/li>\n\n\n\n<li><a href=\"https:\/\/fr.wikipedia.org\/wiki\/My%C3%A9line\" target=\"_blank\" rel=\"noreferrer noopener\">https:\/\/fr.wikipedia.org\/wiki\/My%C3%A9line<\/a><\/li>\n\n\n\n<li><a href=\"https:\/\/www.ameli.fr\/assure\/sante\/themes\/diabete-adulte\/diabete-symptomes-evolution\/complications-nerfs\" target=\"_blank\" rel=\"noreferrer noopener\">https:\/\/www.ameli.fr\/assure\/sante\/themes\/diabete-adulte\/diabete-symptomes-evolution\/complications-nerfs<\/a><\/li>\n\n\n\n<li><a href=\"https:\/\/www.msdmanuals.com\/fr\/professional\/troubles-neurologiques\/douleur\/douleur-neuropathique#Traitement_v1033815_fr\" target=\"_blank\" rel=\"noreferrer noopener\">https:\/\/www.msdmanuals.com\/fr\/professional\/troubles-neurologiques\/douleur\/douleur-neuropathique#Traitement_v1033815_fr<\/a><\/li>\n\n\n\n<li><a href=\"https:\/\/www.ameli.fr\/assure\/sante\/themes\/accident-vasculaire-cerebral-avc\/avc-symptomes-evolution\" target=\"_blank\" rel=\"noreferrer noopener\">https:\/\/www.ameli.fr\/assure\/sante\/themes\/accident-vasculaire-cerebral-avc\/avc-symptomes-evolution<\/a><\/li>\n\n\n\n<li><a href=\"https:\/\/www.inserm.fr\/dossier\/parkinson-maladie\/\" target=\"_blank\" rel=\"noreferrer noopener\">https:\/\/www.inserm.fr\/dossier\/parkinson-maladie\/<\/a><\/li>\n\n\n\n<li><a href=\"https:\/\/www.msdmanuals.com\/fr\/accueil\/troubles-du-cerveau-de-la-moelle-%C3%A9pini%C3%A8re-et-des-nerfs\/troubles-du-syst%C3%A8me-nerveux-autonome\/neuropathies-autonomes\" target=\"_blank\" rel=\"noreferrer noopener\">https:\/\/www.msdmanuals.com\/fr\/accueil\/troubles-du-cerveau-de-la-moelle-%C3%A9pini%C3%A8re-et-des-nerfs\/troubles-du-syst%C3%A8me-nerveux-autonome\/neuropathies-autonomes<\/a><\/li>\n\n\n\n<li><a href=\"https:\/\/www.vidal.fr\/maladies\/systeme-nerveux\/epilepsie\/medicaments.html\" target=\"_blank\" rel=\"noreferrer noopener\">https:\/\/www.vidal.fr\/maladies\/systeme-nerveux\/epilepsie\/medicaments.html<\/a><\/li>\n\n\n\n<li><a href=\"https:\/\/www.revmed.ch\/revue-medicale-suisse\/2015\/revue-medicale-suisse-480\/prescription-d-antidepresseurs-dans-le-traitement-de-la-douleur-role-de-la-pharmacogenetique\" target=\"_blank\" rel=\"noreferrer noopener\">https:\/\/www.revmed.ch\/revue-medicale-suisse\/2015\/revue-medicale-suisse-480\/prescription-d-antidepresseurs-dans-le-traitement-de-la-douleur-role-de-la-pharmacogenetique<\/a><\/li>\n\n\n\n<li><a href=\"https:\/\/www.cochranelibrary.com\/cdsr\/doi\/10.1002\/14651858.CD008242.pub2\/fr\" target=\"_blank\" rel=\"noreferrer noopener\">https:\/\/www.cochranelibrary.com\/cdsr\/doi\/10.1002\/14651858.CD008242.pub2\/fr<\/a><\/li>\n\n\n\n<li><a href=\"https:\/\/www.vidal.fr\/medicaments\/substances\/duloxetine-22918.html\" target=\"_blank\" rel=\"noreferrer noopener\">https:\/\/www.vidal.fr\/medicaments\/substances\/duloxetine-22918.html<\/a><\/li>\n\n\n\n<li><a href=\"https:\/\/pharmacomedicale.org\/medicaments\/par-specialites\/item\/immunosuppresseurs-les-points-essentiels\" target=\"_blank\" rel=\"noreferrer noopener\">https:\/\/pharmacomedicale.org\/medicaments\/par-specialites\/item\/immunosuppresseurs-les-points-essentiels<\/a><\/li>\n\n\n\n<li><a href=\"https:\/\/www.inserm.fr\/dossier\/sclerose-en-plaques-sep\/\" target=\"_blank\" rel=\"noreferrer noopener\">https:\/\/www.inserm.fr\/dossier\/sclerose-en-plaques-sep\/<\/a><\/li>\n\n\n\n<li><a href=\"https:\/\/www.revmed.ch\/revue-medicale-suisse\/2012\/revue-medicale-suisse-337\/atteintes-neurologiques-centrales-du-lupus-erythemateux-systemique\" target=\"_blank\" rel=\"noreferrer noopener\">https:\/\/www.revmed.ch\/revue-medicale-suisse\/2012\/revue-medicale-suisse-337\/atteintes-neurologiques-centrales-du-lupus-erythemateux-systemique<\/a><\/li>\n\n\n\n<li><a href=\"https:\/\/fr.wikipedia.org\/wiki\/Myasth%C3%A9nie\">https:\/\/fr.wikipedia.org\/wiki\/Myasth%C3%A9nie<\/a><\/li>\n\n\n\n<li><a href=\"https:\/\/bonusagedumedicament.com\/wp-content\/uploads\/2021\/07\/46-Utilisation-corticoides-en-neurologie-juin-2020.pdf\">https:\/\/bonusagedumedicament.com\/wp-content\/uploads\/2021\/07\/46-Utilisation-corticoides-en-neurologie-juin-2020.pdf<\/a><\/li>\n\n\n\n<li><a href=\"https:\/\/medipedia.be\/fr\/spasticite\/traitements\/antispastiques-oraux-pour-traiter-la-spasticite\">https:\/\/medipedia.be\/fr\/spasticite\/traitements\/antispastiques-oraux-pour-traiter-la-spasticite<\/a><\/li>\n\n\n\n<li><a href=\"https:\/\/www.vidal.fr\/medicaments\/substances\/baclofene-482.html\">https:\/\/www.vidal.fr\/medicaments\/substances\/baclofene-482.html<\/a><\/li>\n\n\n\n<li><a href=\"https:\/\/sante.gouv.fr\/IMG\/pdf\/med-dopaminergiques-edition-2016.pdf\">https:\/\/sante.gouv.fr\/IMG\/pdf\/med-dopaminergiques-edition-2016.pdf<\/a><\/li>\n\n\n\n<li><a href=\"https:\/\/www.vidal.fr\/medicaments\/substances\/levodopa-2083.html\">https:\/\/www.vidal.fr\/medicaments\/substances\/levodopa-2083.html<\/a><\/li>\n\n\n\n<li><a href=\"https:\/\/www.ameli.fr\/assure\/sante\/themes\/fibromyalgie\/comprendre-fibromyalgie\">https:\/\/www.ameli.fr\/assure\/sante\/themes\/fibromyalgie\/comprendre-fibromyalgie<\/a><\/li>\n\n\n\n<li><a href=\"https:\/\/www.franceparkinson.fr\/comprendre-la-maladie-de-parkinson\/\" target=\"_blank\" rel=\"noreferrer noopener\">https:\/\/www.franceparkinson.fr\/comprendre-la-maladie-de-parkinson\/<\/a><\/li>\n\n\n\n<li><a href=\"https:\/\/fr.wikipedia.org\/wiki\/Neurotransmetteur\" target=\"_blank\" rel=\"noreferrer noopener\">https:\/\/fr.wikipedia.org\/wiki\/Neurotransmetteur<\/a><\/li>\n\n\n\n<li><a href=\"https:\/\/fr.wikipedia.org\/wiki\/Canal_ionique\" target=\"_blank\" rel=\"noreferrer noopener\">https:\/\/fr.wikipedia.org\/wiki\/Canal_ionique<\/a><\/li>\n\n\n\n<li><a href=\"https:\/\/www.floridaspineinstitute.com\/treatments\/decompression-of-nerves\/#:~:text=Decompression%20is%20a%20surgical%20procedure,give%20the%20nerve%20more%20space.\" target=\"_blank\" rel=\"noreferrer noopener\">https:\/\/www.floridaspineinstitute.com\/treatments\/decompression-of-nerves\/#:~:text=Decompression%20is%20a%20surgical%20procedure,give%20the%20nerve%20more%20space.<\/a><\/li>\n\n\n\n<li><a href=\"https:\/\/anadolumedicalcenter.fr\/la-chirurgie-oncologique-pour-soigner-les-tumeurs-cerebrales\/#:~:text=Pratiqu%C3%A9e%20sous%20anesth%C3%A9sie%20g%C3%A9n%C3%A9rale%2C%20il,plus%20utilis%C3%A9%20en%20oncologie%20c%C3%A9r%C3%A9brale.&amp;text=M%C3%A9thode%20peu%20invasive%2C%20l'ablation,c%C3%A9r%C3%A9brales%20avec%20une%20grande%20pr%C3%A9cision.\" target=\"_blank\" rel=\"noreferrer noopener\">https:\/\/anadolumedicalcenter.fr\/la-chirurgie-oncologique-pour-soigner-les-tumeurs-cerebrales\/\u2026<\/a><\/li>\n\n\n\n<li><a href=\"https:\/\/neurochirurgie-pitie-salpetriere.fr\/offre-de-soins\/neurochirurgie-fonctionnelle\/\" target=\"_blank\" rel=\"noreferrer noopener\">https:\/\/neurochirurgie-pitie-salpetriere.fr\/offre-de-soins\/neurochirurgie-fonctionnelle\/<\/a><\/li>\n\n\n\n<li><a href=\"https:\/\/fr.wikipedia.org\/wiki\/Neuromodulation_c%C3%A9r%C3%A9brale\">https:\/\/fr.wikipedia.org\/wiki\/Neuromodulation_c%C3%A9r%C3%A9brale<\/a><\/li>\n\n\n\n<li><a href=\"https:\/\/www.vidal.fr\/maladies\/systeme-nerveux\/maladie-parkinson\/stimulation-cerebrale-profonde.html\" target=\"_blank\" rel=\"noreferrer noopener\">https:\/\/www.vidal.fr\/maladies\/systeme-nerveux\/maladie-parkinson\/stimulation-cerebrale-profonde.html<\/a><\/li>\n\n\n\n<li><a href=\"https:\/\/neurochirurgie.insel.ch\/fr\/maladies-traitees-specialites\/techniques-speciales\/stimulation-de-la-moelle-epiniere\" target=\"_blank\" rel=\"noreferrer noopener\">https:\/\/neurochirurgie.insel.ch\/fr\/maladies-traitees-specialites\/techniques-speciales\/stimulation-de-la-moelle-epiniere<\/a><\/li>\n\n\n\n<li><a href=\"https:\/\/lactualiteparkinson.com\/la-vie-apres-la-stimulation-cerebrale-profonde\/\" target=\"_blank\" rel=\"noreferrer noopener\">https:\/\/lactualiteparkinson.com\/la-vie-apres-la-stimulation-cerebrale-profonde\/<\/a><\/li>\n\n\n\n<li><a href=\"https:\/\/www.inserm.fr\/dossier\/accident-vasculaire-cerebral-avc\/\" target=\"_blank\" rel=\"noreferrer noopener\">https:\/\/www.inserm.fr\/dossier\/accident-vasculaire-cerebral-avc\/<\/a><\/li>\n\n\n\n<li><a href=\"https:\/\/www.kinemedical.fr\/fr\/dossiers\/tous-les-dossiers\/kinesitherapie-neurologie?srsltid=AfmBOorwoYXZS5ScpQGJRxB490LIKgzF3oGTlkosHsI3PFuBeMwRK962\" target=\"_blank\" rel=\"noreferrer noopener\">https:\/\/www.kinemedical.fr\/fr\/dossiers\/tous-les-dossiers\/kinesitherapie-neurologie?srsltid=\u2026<\/a><\/li>\n\n\n\n<li><a href=\"https:\/\/www.ulaval.ca\/mon-equilibre-ul\/mes-habitudes-de-vie\/meditation-pleine-conscience\" target=\"_blank\" rel=\"noreferrer noopener\">https:\/\/www.ulaval.ca\/mon-equilibre-ul\/mes-habitudes-de-vie\/meditation-pleine-conscience<\/a><\/li>\n\n\n\n<li><a href=\"https:\/\/www.mangerbouger.fr\/manger-mieux\/se-faire-plaisir-en-mangeant-equilibre\/s-informer-sur-les-differentes-pratiques-alimentaires\/qu-est-ce-que-le-regime-mediterraneen\" target=\"_blank\" rel=\"noreferrer noopener\">https:\/\/www.mangerbouger.fr\/manger-mieux\/se-faire-plaisir-en-mangeant-equilibre\/\u2026<\/a><\/li>\n\n\n\n<li><a href=\"https:\/\/www.ameli.fr\/assure\/droits-demarches\/maladie-accident-hospitalisation\/affection-longue-duree-ald\/affection-longue-duree-maladie-chronique\" target=\"_blank\" rel=\"noreferrer noopener\">https:\/\/www.ameli.fr\/assure\/droits-demarches\/maladie-accident-hospitalisation\/affection-longue-duree-ald\/\u2026<\/a><\/li>\n\n\n\n<li><a href=\"https:\/\/www.inserm.fr\/dossier\/parkinson-maladie\/\" target=\"_blank\" rel=\"noreferrer noopener\">https:\/\/www.inserm.fr\/dossier\/parkinson-maladie\/<\/a><\/li>\n\n\n\n<li><a href=\"https:\/\/www.service-public.fr\/particuliers\/vosdroits\/F14202\" target=\"_blank\" rel=\"noreferrer noopener\">https:\/\/www.service-public.fr\/particuliers\/vosdroits\/F14202<\/a><\/li>\n\n\n\n<li><a href=\"https:\/\/www.monparcourshandicap.gouv.fr\/glossaire\/fdc\" target=\"_blank\" rel=\"noreferrer noopener\">https:\/\/www.monparcourshandicap.gouv.fr\/glossaire\/fdc<\/a><\/li>\n\n\n\n<li><a href=\"https:\/\/www.service-public.fr\/particuliers\/vosdroits\/F12242\" target=\"_blank\" rel=\"noreferrer noopener\">https:\/\/www.service-public.fr\/particuliers\/vosdroits\/F12242<\/a><\/li>\n\n\n\n<li><a href=\"https:\/\/www.service-public.fr\/particuliers\/vosdroits\/F14809\" target=\"_blank\" rel=\"noreferrer noopener\">https:\/\/www.service-public.fr\/particuliers\/vosdroits\/F14809<\/a><\/li>\n\n\n\n<li><a href=\"https:\/\/afsep.fr\/\" target=\"_blank\" rel=\"noreferrer noopener\">https:\/\/afsep.fr\/<\/a><\/li>\n\n\n\n<li><a href=\"https:\/\/www.franceparkinson.fr\/\" target=\"_blank\" rel=\"noreferrer noopener\">https:\/\/www.franceparkinson.fr\/<\/a><\/li>\n\n\n\n<li><a href=\"https:\/\/www.france-sclerose-en-plaques.org\/\" target=\"_blank\" rel=\"noreferrer noopener\">https:\/\/www.france-sclerose-en-plaques.org\/<\/a><\/li>\n\n\n\n<li><a href=\"https:\/\/www.franceavc.com\/\" target=\"_blank\" rel=\"noreferrer noopener\">https:\/\/www.franceavc.com\/<\/a><\/li>\n\n\n\n<li><a href=\"https:\/\/www.genethon.fr\/notre-science\/la-therapie-genique-de-demain\/comprendre-la-therapie-genique\/\" target=\"_blank\" rel=\"noreferrer noopener\">https:\/\/www.genethon.fr\/notre-science\/la-therapie-genique-de-demain\/comprendre-la-therapie-genique\/<\/a><\/li>\n\n\n\n<li><a href=\"https:\/\/fr.wikipedia.org\/wiki\/Leucodystrophie_m%C3%A9tachromatique\" target=\"_blank\" rel=\"noreferrer noopener\">https:\/\/fr.wikipedia.org\/wiki\/Leucodystrophie_m%C3%A9tachromatique<\/a><\/li>\n\n\n\n<li><a href=\"https:\/\/www.cellcan.com\/75\/Les_cellules_souches_a_l_essai_pour_traiter_la_sclerose_en_plaques.cellcan?id=113#:~:text=Le%20traitement%20consiste%20%C3%A0%20red%C3%A9marrer,pas%20atteintes%20par%20la%20maladie.\" target=\"_blank\" rel=\"noreferrer noopener\">https:\/\/www.cellcan.com\/75\/Les_cellules_souches_a_l_essai_pour_traiter_la_sclerose_en_plaques.cellcan?id=113<\/a><\/li>\n\n\n\n<li><a href=\"https:\/\/bigmedia.bpifrance.fr\/nos-dossiers\/nanotechnologie-et-traitement-des-maladies-neurodegeneratives#:~:text=La%20nanotechnologie%20innove%20dans%20le,comme%20la%20barri%C3%A8re%20h%C3%A9mato%2Denc%C3%A9phalique.\" target=\"_blank\" rel=\"noreferrer noopener\">https:\/\/bigmedia.bpifrance.fr\/nos-dossiers\/nanotechnologie-et-traitement-des-maladies-neurodegeneratives\u2026<\/a><\/li>\n\n\n\n<li><a href=\"https:\/\/www.frm.org\/fr\/actualites\/des-neuroprotheses-pour-restaurer-la-mobilite\" target=\"_blank\" rel=\"noreferrer noopener\">https:\/\/www.frm.org\/fr\/actualites\/des-neuroprotheses-pour-restaurer-la-mobilite<\/a><\/li>\n<\/ol>\n","protected":false},"excerpt":{"rendered":"<p>D\u00e9couvrez les traitements du syst\u00e8me nerveux : m\u00e9dicaments, chirurgie, r\u00e9\u00e9ducation, aides, et innovations pour mieux vivre avec une pathologie neurologique.<\/p>\n","protected":false},"author":3,"featured_media":19147,"comment_status":"open","ping_status":"open","sticky":false,"template":"","format":"standard","meta":{"_kad_blocks_custom_css":"","_kad_blocks_head_custom_js":"","_kad_blocks_body_custom_js":"","_kad_blocks_footer_custom_js":"","footnotes":""},"categories":[8],"tags":[],"class_list":["post-19146","post","type-post","status-publish","format-standard","has-post-thumbnail","hentry","category-sante"],"yoast_head":"<!-- This site is optimized with the Yoast SEO plugin v28.4 - https:\/\/yoast.com\/product\/yoast-seo-wordpress\/ -->\n<title>Traitement du syst\u00e8me nerveux : approches et innovations<\/title>\n<meta name=\"description\" content=\"D\u00e9couvrez les traitements du syst\u00e8me nerveux : m\u00e9dicaments, chirurgie, r\u00e9\u00e9ducation, aides, et innovations pour mieux vivre avec une pathologie neurologique.\" \/>\n<meta name=\"robots\" content=\"noindex, follow, max-snippet:-1, max-image-preview:large, max-video-preview:-1\" \/>\n<meta property=\"og:locale\" content=\"fr_FR\" \/>\n<meta property=\"og:type\" content=\"article\" \/>\n<meta property=\"og:title\" content=\"Traitement du syst\u00e8me nerveux : approches et innovations\" \/>\n<meta property=\"og:description\" content=\"D\u00e9couvrez les traitements du syst\u00e8me nerveux : m\u00e9dicaments, chirurgie, r\u00e9\u00e9ducation, aides, et innovations pour mieux vivre avec une pathologie neurologique.\" \/>\n<meta property=\"og:url\" content=\"https:\/\/preprod.weasywyg.com\/fr\/2024\/09\/08\/traitement-systeme-nerveux\/\" \/>\n<meta property=\"og:site_name\" content=\"Orthopus\" \/>\n<meta property=\"article:published_time\" content=\"2024-09-08T15:11:15+00:00\" \/>\n<meta property=\"article:modified_time\" content=\"2026-07-20T15:09:35+00:00\" \/>\n<meta property=\"og:image\" content=\"https:\/\/preprod.weasywyg.com\/wp-content\/uploads\/2026\/07\/carte-metro.jpg\" \/>\n\t<meta property=\"og:image:width\" content=\"800\" \/>\n\t<meta property=\"og:image:height\" content=\"418\" \/>\n\t<meta property=\"og:image:type\" content=\"image\/jpeg\" \/>\n<meta name=\"author\" content=\"Pierre Murzeau\" \/>\n<meta name=\"twitter:card\" content=\"summary_large_image\" \/>\n<meta name=\"twitter:label1\" content=\"\u00c9crit par\" \/>\n\t<meta name=\"twitter:data1\" content=\"Pierre Murzeau\" \/>\n\t<meta name=\"twitter:label2\" content=\"Dur\u00e9e de lecture estim\u00e9e\" \/>\n\t<meta name=\"twitter:data2\" content=\"16 minutes\" \/>\n<script type=\"application\/ld+json\" class=\"yoast-schema-graph\">{\"@context\":\"https:\\\/\\\/schema.org\",\"@graph\":[{\"@type\":\"Article\",\"@id\":\"https:\\\/\\\/preprod.weasywyg.com\\\/fr\\\/2024\\\/09\\\/08\\\/traitement-systeme-nerveux\\\/#article\",\"isPartOf\":{\"@id\":\"https:\\\/\\\/preprod.weasywyg.com\\\/fr\\\/2024\\\/09\\\/08\\\/traitement-systeme-nerveux\\\/\"},\"author\":{\"name\":\"Pierre Murzeau\",\"@id\":\"https:\\\/\\\/preprod.weasywyg.com\\\/fr\\\/#\\\/schema\\\/person\\\/8b4382f5e6156ac0dec30415bb591535\"},\"headline\":\"Traitement du syst\u00e8me nerveux : toutes les approches pour agir, soulager et accompagner efficacement\",\"datePublished\":\"2024-09-08T15:11:15+00:00\",\"dateModified\":\"2026-07-20T15:09:35+00:00\",\"mainEntityOfPage\":{\"@id\":\"https:\\\/\\\/preprod.weasywyg.com\\\/fr\\\/2024\\\/09\\\/08\\\/traitement-systeme-nerveux\\\/\"},\"wordCount\":3797,\"commentCount\":0,\"publisher\":{\"@id\":\"https:\\\/\\\/preprod.weasywyg.com\\\/fr\\\/#organization\"},\"image\":{\"@id\":\"https:\\\/\\\/preprod.weasywyg.com\\\/fr\\\/2024\\\/09\\\/08\\\/traitement-systeme-nerveux\\\/#primaryimage\"},\"thumbnailUrl\":\"https:\\\/\\\/preprod.weasywyg.com\\\/wp-content\\\/uploads\\\/2026\\\/07\\\/carte-metro.jpg\",\"articleSection\":[\"Sant\u00e9\"],\"inLanguage\":\"fr-FR\",\"potentialAction\":[{\"@type\":\"CommentAction\",\"name\":\"Comment\",\"target\":[\"https:\\\/\\\/preprod.weasywyg.com\\\/fr\\\/2024\\\/09\\\/08\\\/traitement-systeme-nerveux\\\/#respond\"]}]},{\"@type\":\"WebPage\",\"@id\":\"https:\\\/\\\/preprod.weasywyg.com\\\/fr\\\/2024\\\/09\\\/08\\\/traitement-systeme-nerveux\\\/\",\"url\":\"https:\\\/\\\/preprod.weasywyg.com\\\/fr\\\/2024\\\/09\\\/08\\\/traitement-systeme-nerveux\\\/\",\"name\":\"Traitement du syst\u00e8me nerveux : approches et innovations\",\"isPartOf\":{\"@id\":\"https:\\\/\\\/preprod.weasywyg.com\\\/fr\\\/#website\"},\"primaryImageOfPage\":{\"@id\":\"https:\\\/\\\/preprod.weasywyg.com\\\/fr\\\/2024\\\/09\\\/08\\\/traitement-systeme-nerveux\\\/#primaryimage\"},\"image\":{\"@id\":\"https:\\\/\\\/preprod.weasywyg.com\\\/fr\\\/2024\\\/09\\\/08\\\/traitement-systeme-nerveux\\\/#primaryimage\"},\"thumbnailUrl\":\"https:\\\/\\\/preprod.weasywyg.com\\\/wp-content\\\/uploads\\\/2026\\\/07\\\/carte-metro.jpg\",\"datePublished\":\"2024-09-08T15:11:15+00:00\",\"dateModified\":\"2026-07-20T15:09:35+00:00\",\"description\":\"D\u00e9couvrez les traitements du syst\u00e8me nerveux : m\u00e9dicaments, chirurgie, r\u00e9\u00e9ducation, aides, et innovations pour mieux vivre avec une pathologie neurologique.\",\"breadcrumb\":{\"@id\":\"https:\\\/\\\/preprod.weasywyg.com\\\/fr\\\/2024\\\/09\\\/08\\\/traitement-systeme-nerveux\\\/#breadcrumb\"},\"inLanguage\":\"fr-FR\",\"potentialAction\":[{\"@type\":\"ReadAction\",\"target\":[\"https:\\\/\\\/preprod.weasywyg.com\\\/fr\\\/2024\\\/09\\\/08\\\/traitement-systeme-nerveux\\\/\"]}]},{\"@type\":\"ImageObject\",\"inLanguage\":\"fr-FR\",\"@id\":\"https:\\\/\\\/preprod.weasywyg.com\\\/fr\\\/2024\\\/09\\\/08\\\/traitement-systeme-nerveux\\\/#primaryimage\",\"url\":\"https:\\\/\\\/preprod.weasywyg.com\\\/wp-content\\\/uploads\\\/2026\\\/07\\\/carte-metro.jpg\",\"contentUrl\":\"https:\\\/\\\/preprod.weasywyg.com\\\/wp-content\\\/uploads\\\/2026\\\/07\\\/carte-metro.jpg\",\"width\":800,\"height\":418,\"caption\":\"Carte du r\u00e9seau RATP m\u00e9tro de Paris\"},{\"@type\":\"BreadcrumbList\",\"@id\":\"https:\\\/\\\/preprod.weasywyg.com\\\/fr\\\/2024\\\/09\\\/08\\\/traitement-systeme-nerveux\\\/#breadcrumb\",\"itemListElement\":[{\"@type\":\"ListItem\",\"position\":1,\"name\":\"Accueil\",\"item\":\"https:\\\/\\\/preprod.weasywyg.com\\\/fr\\\/\"},{\"@type\":\"ListItem\",\"position\":2,\"name\":\"Traitement du syst\u00e8me nerveux : toutes les approches pour agir, soulager et accompagner efficacement\"}]},{\"@type\":\"WebSite\",\"@id\":\"https:\\\/\\\/preprod.weasywyg.com\\\/fr\\\/#website\",\"url\":\"https:\\\/\\\/preprod.weasywyg.com\\\/fr\\\/\",\"name\":\"Orthopus\",\"description\":\"Handitech solutions for everyone\",\"publisher\":{\"@id\":\"https:\\\/\\\/preprod.weasywyg.com\\\/fr\\\/#organization\"},\"potentialAction\":[{\"@type\":\"SearchAction\",\"target\":{\"@type\":\"EntryPoint\",\"urlTemplate\":\"https:\\\/\\\/preprod.weasywyg.com\\\/fr\\\/?s={search_term_string}\"},\"query-input\":{\"@type\":\"PropertyValueSpecification\",\"valueRequired\":true,\"valueName\":\"search_term_string\"}}],\"inLanguage\":\"fr-FR\"},{\"@type\":\"Organization\",\"@id\":\"https:\\\/\\\/preprod.weasywyg.com\\\/fr\\\/#organization\",\"name\":\"Orthopus\",\"url\":\"https:\\\/\\\/preprod.weasywyg.com\\\/fr\\\/\",\"logo\":{\"@type\":\"ImageObject\",\"inLanguage\":\"fr-FR\",\"@id\":\"https:\\\/\\\/preprod.weasywyg.com\\\/fr\\\/#\\\/schema\\\/logo\\\/image\\\/\",\"url\":\"https:\\\/\\\/preprod.weasywyg.com\\\/wp-content\\\/uploads\\\/2026\\\/05\\\/logo.svg\",\"contentUrl\":\"https:\\\/\\\/preprod.weasywyg.com\\\/wp-content\\\/uploads\\\/2026\\\/05\\\/logo.svg\",\"caption\":\"Orthopus\"},\"image\":{\"@id\":\"https:\\\/\\\/preprod.weasywyg.com\\\/fr\\\/#\\\/schema\\\/logo\\\/image\\\/\"}},{\"@type\":\"Person\",\"@id\":\"https:\\\/\\\/preprod.weasywyg.com\\\/fr\\\/#\\\/schema\\\/person\\\/8b4382f5e6156ac0dec30415bb591535\",\"name\":\"Pierre Murzeau\",\"image\":{\"@type\":\"ImageObject\",\"inLanguage\":\"fr-FR\",\"@id\":\"https:\\\/\\\/secure.gravatar.com\\\/avatar\\\/9c3ed8fbf8227342dcec0e3c388c902ea09285b1b3c21e000bf3853a2729a85b?s=96&d=mm&r=g\",\"url\":\"https:\\\/\\\/secure.gravatar.com\\\/avatar\\\/9c3ed8fbf8227342dcec0e3c388c902ea09285b1b3c21e000bf3853a2729a85b?s=96&d=mm&r=g\",\"contentUrl\":\"https:\\\/\\\/secure.gravatar.com\\\/avatar\\\/9c3ed8fbf8227342dcec0e3c388c902ea09285b1b3c21e000bf3853a2729a85b?s=96&d=mm&r=g\",\"caption\":\"Pierre Murzeau\"},\"url\":\"https:\\\/\\\/preprod.weasywyg.com\\\/fr\\\/author\\\/orthopus-pierre-26\\\/\"}]}<\/script>\n<!-- \/ Yoast SEO plugin. -->","yoast_head_json":{"title":"Traitement du syst\u00e8me nerveux : approches et innovations","description":"D\u00e9couvrez les traitements du syst\u00e8me nerveux : m\u00e9dicaments, chirurgie, r\u00e9\u00e9ducation, aides, et innovations pour mieux vivre avec une pathologie neurologique.","robots":{"index":"noindex","follow":"follow","max-snippet":"max-snippet:-1","max-image-preview":"max-image-preview:large","max-video-preview":"max-video-preview:-1"},"og_locale":"fr_FR","og_type":"article","og_title":"Traitement du syst\u00e8me nerveux : approches et innovations","og_description":"D\u00e9couvrez les traitements du syst\u00e8me nerveux : m\u00e9dicaments, chirurgie, r\u00e9\u00e9ducation, aides, et innovations pour mieux vivre avec une pathologie neurologique.","og_url":"https:\/\/preprod.weasywyg.com\/fr\/2024\/09\/08\/traitement-systeme-nerveux\/","og_site_name":"Orthopus","article_published_time":"2024-09-08T15:11:15+00:00","article_modified_time":"2026-07-20T15:09:35+00:00","og_image":[{"width":800,"height":418,"url":"https:\/\/preprod.weasywyg.com\/wp-content\/uploads\/2026\/07\/carte-metro.jpg","type":"image\/jpeg"}],"author":"Pierre Murzeau","twitter_card":"summary_large_image","twitter_misc":{"\u00c9crit par":"Pierre Murzeau","Dur\u00e9e de lecture estim\u00e9e":"16 minutes"},"schema":{"@context":"https:\/\/schema.org","@graph":[{"@type":"Article","@id":"https:\/\/preprod.weasywyg.com\/fr\/2024\/09\/08\/traitement-systeme-nerveux\/#article","isPartOf":{"@id":"https:\/\/preprod.weasywyg.com\/fr\/2024\/09\/08\/traitement-systeme-nerveux\/"},"author":{"name":"Pierre Murzeau","@id":"https:\/\/preprod.weasywyg.com\/fr\/#\/schema\/person\/8b4382f5e6156ac0dec30415bb591535"},"headline":"Traitement du syst\u00e8me nerveux : toutes les approches pour agir, soulager et accompagner efficacement","datePublished":"2024-09-08T15:11:15+00:00","dateModified":"2026-07-20T15:09:35+00:00","mainEntityOfPage":{"@id":"https:\/\/preprod.weasywyg.com\/fr\/2024\/09\/08\/traitement-systeme-nerveux\/"},"wordCount":3797,"commentCount":0,"publisher":{"@id":"https:\/\/preprod.weasywyg.com\/fr\/#organization"},"image":{"@id":"https:\/\/preprod.weasywyg.com\/fr\/2024\/09\/08\/traitement-systeme-nerveux\/#primaryimage"},"thumbnailUrl":"https:\/\/preprod.weasywyg.com\/wp-content\/uploads\/2026\/07\/carte-metro.jpg","articleSection":["Sant\u00e9"],"inLanguage":"fr-FR","potentialAction":[{"@type":"CommentAction","name":"Comment","target":["https:\/\/preprod.weasywyg.com\/fr\/2024\/09\/08\/traitement-systeme-nerveux\/#respond"]}]},{"@type":"WebPage","@id":"https:\/\/preprod.weasywyg.com\/fr\/2024\/09\/08\/traitement-systeme-nerveux\/","url":"https:\/\/preprod.weasywyg.com\/fr\/2024\/09\/08\/traitement-systeme-nerveux\/","name":"Traitement du syst\u00e8me nerveux : approches et innovations","isPartOf":{"@id":"https:\/\/preprod.weasywyg.com\/fr\/#website"},"primaryImageOfPage":{"@id":"https:\/\/preprod.weasywyg.com\/fr\/2024\/09\/08\/traitement-systeme-nerveux\/#primaryimage"},"image":{"@id":"https:\/\/preprod.weasywyg.com\/fr\/2024\/09\/08\/traitement-systeme-nerveux\/#primaryimage"},"thumbnailUrl":"https:\/\/preprod.weasywyg.com\/wp-content\/uploads\/2026\/07\/carte-metro.jpg","datePublished":"2024-09-08T15:11:15+00:00","dateModified":"2026-07-20T15:09:35+00:00","description":"D\u00e9couvrez les traitements du syst\u00e8me nerveux : m\u00e9dicaments, chirurgie, r\u00e9\u00e9ducation, aides, et innovations pour mieux vivre avec une pathologie neurologique.","breadcrumb":{"@id":"https:\/\/preprod.weasywyg.com\/fr\/2024\/09\/08\/traitement-systeme-nerveux\/#breadcrumb"},"inLanguage":"fr-FR","potentialAction":[{"@type":"ReadAction","target":["https:\/\/preprod.weasywyg.com\/fr\/2024\/09\/08\/traitement-systeme-nerveux\/"]}]},{"@type":"ImageObject","inLanguage":"fr-FR","@id":"https:\/\/preprod.weasywyg.com\/fr\/2024\/09\/08\/traitement-systeme-nerveux\/#primaryimage","url":"https:\/\/preprod.weasywyg.com\/wp-content\/uploads\/2026\/07\/carte-metro.jpg","contentUrl":"https:\/\/preprod.weasywyg.com\/wp-content\/uploads\/2026\/07\/carte-metro.jpg","width":800,"height":418,"caption":"Carte du r\u00e9seau RATP m\u00e9tro de Paris"},{"@type":"BreadcrumbList","@id":"https:\/\/preprod.weasywyg.com\/fr\/2024\/09\/08\/traitement-systeme-nerveux\/#breadcrumb","itemListElement":[{"@type":"ListItem","position":1,"name":"Accueil","item":"https:\/\/preprod.weasywyg.com\/fr\/"},{"@type":"ListItem","position":2,"name":"Traitement du syst\u00e8me nerveux : toutes les approches pour agir, soulager et accompagner efficacement"}]},{"@type":"WebSite","@id":"https:\/\/preprod.weasywyg.com\/fr\/#website","url":"https:\/\/preprod.weasywyg.com\/fr\/","name":"Orthopus","description":"Handitech solutions for everyone","publisher":{"@id":"https:\/\/preprod.weasywyg.com\/fr\/#organization"},"potentialAction":[{"@type":"SearchAction","target":{"@type":"EntryPoint","urlTemplate":"https:\/\/preprod.weasywyg.com\/fr\/?s={search_term_string}"},"query-input":{"@type":"PropertyValueSpecification","valueRequired":true,"valueName":"search_term_string"}}],"inLanguage":"fr-FR"},{"@type":"Organization","@id":"https:\/\/preprod.weasywyg.com\/fr\/#organization","name":"Orthopus","url":"https:\/\/preprod.weasywyg.com\/fr\/","logo":{"@type":"ImageObject","inLanguage":"fr-FR","@id":"https:\/\/preprod.weasywyg.com\/fr\/#\/schema\/logo\/image\/","url":"https:\/\/preprod.weasywyg.com\/wp-content\/uploads\/2026\/05\/logo.svg","contentUrl":"https:\/\/preprod.weasywyg.com\/wp-content\/uploads\/2026\/05\/logo.svg","caption":"Orthopus"},"image":{"@id":"https:\/\/preprod.weasywyg.com\/fr\/#\/schema\/logo\/image\/"}},{"@type":"Person","@id":"https:\/\/preprod.weasywyg.com\/fr\/#\/schema\/person\/8b4382f5e6156ac0dec30415bb591535","name":"Pierre Murzeau","image":{"@type":"ImageObject","inLanguage":"fr-FR","@id":"https:\/\/secure.gravatar.com\/avatar\/9c3ed8fbf8227342dcec0e3c388c902ea09285b1b3c21e000bf3853a2729a85b?s=96&d=mm&r=g","url":"https:\/\/secure.gravatar.com\/avatar\/9c3ed8fbf8227342dcec0e3c388c902ea09285b1b3c21e000bf3853a2729a85b?s=96&d=mm&r=g","contentUrl":"https:\/\/secure.gravatar.com\/avatar\/9c3ed8fbf8227342dcec0e3c388c902ea09285b1b3c21e000bf3853a2729a85b?s=96&d=mm&r=g","caption":"Pierre Murzeau"},"url":"https:\/\/preprod.weasywyg.com\/fr\/author\/orthopus-pierre-26\/"}]}},"taxonomy_info":{"category":[{"value":8,"label":"Sant\u00e9"}]},"featured_image_src_large":["https:\/\/preprod.weasywyg.com\/wp-content\/uploads\/2026\/07\/carte-metro.jpg",800,418,false],"author_info":{"display_name":"Pierre Murzeau","author_link":"https:\/\/preprod.weasywyg.com\/fr\/author\/orthopus-pierre-26\/"},"comment_info":0,"category_info":[{"term_id":8,"name":"Sant\u00e9","slug":"sante","term_group":0,"term_taxonomy_id":8,"taxonomy":"category","description":"","parent":0,"count":12,"filter":"raw","cat_ID":8,"category_count":12,"category_description":"","cat_name":"Sant\u00e9","category_nicename":"sante","category_parent":0}],"tag_info":false,"_links":{"self":[{"href":"https:\/\/preprod.weasywyg.com\/fr\/wp-json\/wp\/v2\/posts\/19146","targetHints":{"allow":["GET"]}}],"collection":[{"href":"https:\/\/preprod.weasywyg.com\/fr\/wp-json\/wp\/v2\/posts"}],"about":[{"href":"https:\/\/preprod.weasywyg.com\/fr\/wp-json\/wp\/v2\/types\/post"}],"author":[{"embeddable":true,"href":"https:\/\/preprod.weasywyg.com\/fr\/wp-json\/wp\/v2\/users\/3"}],"replies":[{"embeddable":true,"href":"https:\/\/preprod.weasywyg.com\/fr\/wp-json\/wp\/v2\/comments?post=19146"}],"version-history":[{"count":3,"href":"https:\/\/preprod.weasywyg.com\/fr\/wp-json\/wp\/v2\/posts\/19146\/revisions"}],"predecessor-version":[{"id":19418,"href":"https:\/\/preprod.weasywyg.com\/fr\/wp-json\/wp\/v2\/posts\/19146\/revisions\/19418"}],"wp:featuredmedia":[{"embeddable":true,"href":"https:\/\/preprod.weasywyg.com\/fr\/wp-json\/wp\/v2\/media\/19147"}],"wp:attachment":[{"href":"https:\/\/preprod.weasywyg.com\/fr\/wp-json\/wp\/v2\/media?parent=19146"}],"wp:term":[{"taxonomy":"category","embeddable":true,"href":"https:\/\/preprod.weasywyg.com\/fr\/wp-json\/wp\/v2\/categories?post=19146"},{"taxonomy":"post_tag","embeddable":true,"href":"https:\/\/preprod.weasywyg.com\/fr\/wp-json\/wp\/v2\/tags?post=19146"}],"curies":[{"name":"wp","href":"https:\/\/api.w.org\/{rel}","templated":true}]}}