{"id":19176,"date":"2024-02-27T15:38:06","date_gmt":"2024-02-27T14:38:06","guid":{"rendered":"https:\/\/preprod.weasywyg.com\/?p=19176"},"modified":"2026-07-20T17:11:18","modified_gmt":"2026-07-20T15:11:18","slug":"medecine-physique-et-de-readaptation-role-et-missions","status":"publish","type":"post","link":"https:\/\/preprod.weasywyg.com\/fr\/2024\/02\/27\/medecine-physique-et-de-readaptation-role-et-missions\/","title":{"rendered":"M\u00e9decine physique et de r\u00e9adaptation : au service des projets de vie"},"content":{"rendered":"\n<figure class=\"wp-block-image size-large\"><img loading=\"lazy\" decoding=\"async\" width=\"1024\" height=\"576\" src=\"https:\/\/preprod.weasywyg.com\/wp-content\/uploads\/2026\/07\/convun200608nyork_1280x720-1024x576.webp\" alt=\"Convention de l'ONU relative aux droits des personnes handicap\u00e9es - 2006\" class=\"wp-image-19177\" srcset=\"https:\/\/preprod.weasywyg.com\/wp-content\/uploads\/2026\/07\/convun200608nyork_1280x720-1024x576.webp 1024w, https:\/\/preprod.weasywyg.com\/wp-content\/uploads\/2026\/07\/convun200608nyork_1280x720-300x169.webp 300w, https:\/\/preprod.weasywyg.com\/wp-content\/uploads\/2026\/07\/convun200608nyork_1280x720-768x432.webp 768w, https:\/\/preprod.weasywyg.com\/wp-content\/uploads\/2026\/07\/convun200608nyork_1280x720.webp 1110w\" sizes=\"auto, (max-width: 1024px) 100vw, 1024px\" \/><\/figure>\n\n\n\n<p class=\"wp-block-paragraph\">13 d\u00e9cembre 2006. New York.<br>Dans l\u2019h\u00e9micycle des Nations Unies, les si\u00e8ges sont occup\u00e9s par des repr\u00e9sentants venus du monde entier. Ce jour-l\u00e0, tout le monde se met d\u2019accord sur l\u2019adoption de la&nbsp;<a href=\"https:\/\/www.inclusion-handicap.ch\/fr\/themes\/cdph-74.html#:~:text=La%20Convention%20de%20l'ONU,%C3%A0%20promouvoir%20une%20soci%C3%A9t%C3%A9%20inclusive.\" target=\"_blank\" rel=\"noreferrer noopener\">Convention relative aux droits des personnes handicap\u00e9es (CDPH)<\/a>. Pour la premi\u00e8re fois, le handicap n\u2019est plus pens\u00e9 sur le plan m\u00e9dical mais comme une question de droits humains, de dignit\u00e9 et de justice sociale. Cette perspective change tout. Le handicap ne d\u00e9finit pas une personne : ce sont surtout les barri\u00e8res sociales, physiques ou politiques qui limitent ses choix.<\/p>\n\n\n\n<p class=\"wp-block-paragraph\">C\u2019est l\u00e0 que la&nbsp;<a href=\"https:\/\/www.elsan.care\/fr\/cmc-tronquieres\/patients\/medecine-physique-et-de-readaptation#:~:text=La%20m%C3%A9decine%20physique%20et%20de%20r%C3%A9adaptation%20(MPR)%20est%20la%20sp%C3%A9cialit%C3%A9,des%20d%C3%A9ficiences%20et%20des%20incapacit%C3%A9s\" target=\"_blank\" rel=\"noreferrer noopener\">m\u00e9decine physique et de r\u00e9adaptation (MPR)<\/a>&nbsp;trouve toute sa place. Cette discipline accompagne les personnes en situation de handicap ou avec une maladie chronique, pour am\u00e9liorer des fonctions motrices mais aussi pour favoriser l\u2019autonomie, la participation et l\u2019inclusion. Autrement dit : donner \u00e0 toutes et tous les cl\u00e9s pour choisir, d\u00e9cider et agir dans sa vie quotidienne. Aujourd\u2019hui, l\u2019<a href=\"https:\/\/www.who.int\/fr\" target=\"_blank\" rel=\"noreferrer noopener\">Organisation Mondiale de la Sant\u00e9<\/a>&nbsp;estime que plus de&nbsp;<a href=\"https:\/\/www.who.int\/news-room\/fact-sheets\/detail\/rehabilitation\" target=\"_blank\" rel=\"noreferrer noopener\">2 milliards de personnes<\/a>&nbsp;auraient besoin de r\u00e9adaptation. Derri\u00e8re ce chiffre, il y a des vies, des parcours diff\u00e9rents, avec leurs espoirs, leurs combats et leurs r\u00e9ussites. La m\u00e9decine physique et de r\u00e9adaptation, c\u2019est avant tout une pratique tourn\u00e9e vers les gens, \u00e0 la rencontre de la sant\u00e9, des droits et de l\u2019inclusion.<\/p>\n\n\n\n<h2 class=\"wp-block-heading\">Qu\u2019est-ce que la m\u00e9decine physique et de r\u00e9adaptation (MPR) ?<\/h2>\n\n\n\n<p class=\"wp-block-paragraph\">La&nbsp;<a href=\"https:\/\/www.elsan.care\/fr\/cmc-tronquieres\/patients\/medecine-physique-et-de-readaptation#:~:text=La%20m%C3%A9decine%20physique%20et%20de%20r%C3%A9adaptation%20(MPR)%20est%20la%20sp%C3%A9cialit%C3%A9,des%20d%C3%A9ficiences%20et%20des%20incapacit%C3%A9s\" target=\"_blank\" rel=\"noreferrer noopener\">MPR<\/a>&nbsp;est une sp\u00e9cialit\u00e9 m\u00e9dicale qui vise \u00e0 :<\/p>\n\n\n\n<ul class=\"wp-block-list\">\n<li>Pr\u00e9venir les complications li\u00e9es \u00e0 une perte de mobilit\u00e9 ou de fonction<\/li>\n\n\n\n<li>R\u00e9\u00e9duquer certaines capacit\u00e9s quand cela est possible<\/li>\n\n\n\n<li>Compenser avec des aides techniques (orth\u00e8ses, proth\u00e8ses, fauteuils, technologies)<\/li>\n\n\n\n<li>Accompagner la personne dans ses projets de vie, c\u2019est-\u00e0-dire l\u2019aider \u00e0 retrouver une autonomie et \u00e0 construire un quotidien qui corresponde \u00e0 ses envies et \u00e0 ses objectifs (reprendre le travail ou les \u00e9tudes, pratiquer une activit\u00e9, am\u00e9nager son logement, participer \u00e0 la vie sociale, etc.).<\/li>\n<\/ul>\n\n\n\n<p class=\"wp-block-paragraph\">La m\u00e9decine physique et de r\u00e9adaptation est pluridisciplinaire et collaborative : elle implique la personne soign\u00e9e, ses proches et ses soignant\u2022es. De nombreux\u2022ses professionnel\u2022les sont impliqu\u00e9\u2022es comme les m\u00e9decins sp\u00e9cialistes en MPR, les\u00a0<a href=\"https:\/\/preprod.weasywyg.com\/2026\/07\/06\/kine-pour-neuropathie\/\">kin\u00e9sith\u00e9rapeutes<\/a>, les\u00a0<a href=\"https:\/\/preprod.weasywyg.com\/2026\/07\/06\/ergotherapeute-neuromusculaire-une-assistance-indispensable\/\">ergoth\u00e9rapeutes<\/a>, les neuropsychologues, les infirmi\u00e8re\u2022ers, etc.<\/p>\n\n\n\n<figure class=\"wp-block-embed is-type-video is-provider-youtube wp-block-embed-youtube wp-embed-aspect-16-9 wp-has-aspect-ratio\"><div class=\"wp-block-embed__wrapper\">\n<iframe loading=\"lazy\" title=\"Qu&amp;apos;est ce que la M\u00e9decine Physique et R\u00e9adaptation ? Le m\u00e9decin MPR (de r\u00e9\u00e9ducation)\" width=\"1480\" height=\"833\" src=\"https:\/\/www.youtube.com\/embed\/BXiBlod327k?feature=oembed\" frameborder=\"0\" allow=\"accelerometer; autoplay; clipboard-write; encrypted-media; gyroscope; picture-in-picture; web-share\" referrerpolicy=\"strict-origin-when-cross-origin\" allowfullscreen><\/iframe>\n<\/div><\/figure>\n\n\n\n<h2 class=\"wp-block-heading\">M\u00e9decins de MPR : rencontre avec Guy Letellier<\/h2>\n\n\n\n<div class=\"wp-block-media-text is-stacked-on-mobile\"><figure class=\"wp-block-media-text__media\"><img loading=\"lazy\" decoding=\"async\" width=\"512\" height=\"512\" src=\"https:\/\/preprod.weasywyg.com\/wp-content\/uploads\/2026\/07\/Guy-Letellier.webp\" alt=\"Dr Guy Letellier MPR\" class=\"wp-image-19178 size-full\" srcset=\"https:\/\/preprod.weasywyg.com\/wp-content\/uploads\/2026\/07\/Guy-Letellier.webp 512w, https:\/\/preprod.weasywyg.com\/wp-content\/uploads\/2026\/07\/Guy-Letellier-300x300.webp 300w, https:\/\/preprod.weasywyg.com\/wp-content\/uploads\/2026\/07\/Guy-Letellier-150x150.webp 150w\" sizes=\"auto, (max-width: 512px) 100vw, 512px\" \/><\/figure><div class=\"wp-block-media-text__content\">\n<p class=\"wp-block-paragraph\">Alors comment traduire tout \u00e7a dans la r\u00e9alit\u00e9 du terrain ? Pour le comprendre, nous avons pu poser quelques questions au&nbsp;<a href=\"https:\/\/www.linkedin.com\/in\/guy-letellier-84b176196\/?originalSubdomain=fr\" target=\"_blank\" rel=\"noreferrer noopener\">docteur Guy Letellier<\/a>, qui travaille au quotidien \u00e0 l\u2019<a href=\"https:\/\/esean.apf-francehandicap-pdl.com\/\" target=\"_blank\" rel=\"noreferrer noopener\">ESEAN APF France Handicap<\/a>, l\u2019\u00c9tablissement de sant\u00e9 pour enfants et adolescents de la r\u00e9gion nantaise.<\/p>\n\n\n\n<p class=\"wp-block-paragraph\">Fort de son exp\u00e9rience en tant que p\u00e9diatre et m\u00e9decin MPR, chef de service d\u2019un centre de r\u00e9adaptation pour enfants, il nous apporte un \u00e9clairage pr\u00e9cieux sur les enjeux concrets de la prise en charge et partage son regard de terrain.<\/p>\n<\/div><\/div>\n\n\n\n<p class=\"wp-block-paragraph\"><strong>Pouvez-vous pr\u00e9senter votre parcours en quelques mots, docteur Letellier ?<\/strong><\/p>\n\n\n\n<p class=\"wp-block-paragraph\">J\u2019ai commenc\u00e9 \u00e0 \u00e9tudier la m\u00e9decine \u00e0 Lille puis j\u2019ai suivi un parcours d\u2019interne de sp\u00e9cialit\u00e9 au CHU de Poitiers au cours duquel j\u2019ai r\u00e9alis\u00e9 un semestre en MPR et pass\u00e9 un Master II de recherche sur les maladies neuromusculaires et la recherche clinique. Apr\u00e8s un inter-CHU \u00e0 Paris, je me suis orient\u00e9 vers cette m\u00e9decine globale, technique et innovante. J\u2019ai compl\u00e9t\u00e9 ma formation par un fellowship de deux ans \u00e0 Montr\u00e9al et enfin un clinicat au CHU de Garches.<\/p>\n\n\n\n<p class=\"wp-block-paragraph\">Cette m\u00e9decine appelle beaucoup d\u2019autres comp\u00e9tences selon les champs m\u00e9dicaux et techniques que l\u2019on veut rencontrer, au travers de la recherche clinique, pour innover et ne pas que subir le handicap.<\/p>\n\n\n\n<p class=\"wp-block-paragraph\"><strong>En quoi consiste votre m\u00e9tier ?<\/strong><\/p>\n\n\n\n<p class=\"wp-block-paragraph\">Il consiste en la restauration d\u2019une certaine autonomie du patient, favoriser sa participation aux activit\u00e9s et, en p\u00e9diatrie assurer la croissance dans les meilleures conditions. C\u2019est ce qu\u2019on appelle la r\u00e9\u00e9ducation et\/ou la r\u00e9adaptation, comme pour un sportif qui s\u2019est bless\u00e9 et que l\u2019on aide \u00e0 retrouver son plus haut niveau ensuite. On ne gu\u00e9rit pas toujours, mais on peut am\u00e9liorer des situations compliqu\u00e9es et \u2026 vivre pleinement<\/p>\n\n\n\n<p class=\"wp-block-paragraph\"><strong>Quels types de patients accueillez-vous \u00e0 l\u2019ESEAN APF France Handicap?<\/strong><\/p>\n\n\n\n<p class=\"wp-block-paragraph\">Nous accueillons des patients de 0 \u00e0 18 ans et parfois m\u00eame un peu au-del\u00e0, dans le cadre de multiples situations de handicap provisoires ou complexes autour de l\u2019appareil locomoteur ou cognitifs. Nous prenons soin des patients qui viennent pour une affection oncologique, neurologique, nutritionnelle, respiratoire ou encore orthop\u00e9dique [\u2026].<\/p>\n\n\n\n<p class=\"wp-block-paragraph\"><strong>Quel est votre indispensable (must have) dans votre m\u00e9tier ?<\/strong><\/p>\n\n\n\n<p class=\"wp-block-paragraph\">Le sens du travail en \u00e9quipe et de l\u2019humilit\u00e9 ! Et aussi de la suite dans les id\u00e9es pour adapter ce qui ne semble pas l\u2019\u00eatre de prime abord.<\/p>\n\n\n\n<p class=\"wp-block-paragraph\"><strong>Comment consulter un m\u00e9decin MPR ?<\/strong><\/p>\n\n\n\n<p class=\"wp-block-paragraph\">Prendre rendez-vous aupr\u00e8s d\u2019un secr\u00e9tariat m\u00e9dical. Il n\u2019y a pas besoin d\u2019interm\u00e9diaire quand on est mineur\u2022e et expliquer au mieux son motif de consultation. On peut \u00e9galement \u00eatre orient\u00e9 par son m\u00e9decin traitant, un th\u00e9rapeute ou un autre m\u00e9decin sp\u00e9cialiste.<\/p>\n\n\n\n<p class=\"wp-block-paragraph\"><strong>Comment se d\u00e9roule une consultation type en MPR\u202f?<\/strong><\/p>\n\n\n\n<p class=\"wp-block-paragraph\">Comme toute consultation m\u00e9dicale, avec une pr\u00e9sentation des uns des autres, un interrogatoire minutieux pour comprendre un souci, une plainte ou (re)d\u00e9finir le motif de consultation. L\u2019examen physique se concentre sur la d\u00e9ficience, mais avec l\u2019id\u00e9e de \u00ab faire avec ce qu\u2019on a \u00bb, afin de travailler l\u2019autonomie et le plaisir de participer, selon le niveau d\u2019intensit\u00e9 de chacun. Ensemble avec le patient et ou ses parents nous d\u00e9finissons des objectifs et des axes de travail afin de de r\u00e9aliser les objectifs d\u00e9finis en commun.<\/p>\n\n\n\n<p class=\"wp-block-paragraph\"><strong>Comment travaillez-vous avec les autres professionnels de sant\u00e9 \u202f?<\/strong><\/p>\n\n\n\n<p class=\"wp-block-paragraph\">C\u2019est une participation collective comme dans un orchestre ou une \u00e9quipe de sport collectif o\u00f9 chacun \u00e0 sa place et va permettre de faire un bilan juste d\u2019une situation clinique. En consultation avec la famille ou en synth\u00e8se coll\u00e9giale, je propose une strat\u00e9gie en vue d\u2019un objectif que l\u2019on d\u00e9finit ensemble.<\/p>\n\n\n\n<p class=\"wp-block-paragraph\"><strong>Pouvez-vous donner un exemple d\u2019un programme de r\u00e9\u00e9ducation pour un patient avec une limitation des membres sup\u00e9rieurs ?<\/strong><\/p>\n\n\n\n<p class=\"wp-block-paragraph\">Une fracture du coude, une main par\u00e9tique, une \u00e9paule douloureuse, une paralysie n\u00e9onatale du plexus brachial \u2013 voici autant de situations que le programme de r\u00e9\u00e9ducation prend en compte pour aider chaque enfant \u00e0 retrouver des gestes fonctionnels et gagner en autonomie. Il y a une approche en kin\u00e9sith\u00e9rapie avec le travail autour des amplitudes articulaires, des modalit\u00e9s antalgiques, le travail des ergoth\u00e9rapeutes dans la motricit\u00e9 fine, le positionnement et l\u2019organisation du mouvement. On peut demander aux \u00e9ducateurs en activit\u00e9 physique adapt\u00e9e (APA) de coordonner les mouvements lors d\u2019une \u00e9preuve physique, ludique ou sportive. Toutes ces approches peuvent \u00eatre impl\u00e9ment\u00e9es avec des aides techniques robotis\u00e9es ou non, de mani\u00e8re \u00e0 compenser la perte de fonction, r\u00e9duire une douleur, recruter des fibres musculaires ou reprogrammer le mouvement.<\/p>\n\n\n\n<p class=\"wp-block-paragraph\"><strong>Quelles sont les avanc\u00e9es r\u00e9centes dans la r\u00e9\u00e9ducation et la mobilit\u00e9\u202f ?<\/strong><\/p>\n\n\n\n<p class=\"wp-block-paragraph\">Je trouve qu\u2019il y a beaucoup d\u2019avanc\u00e9es dans l\u2019utilisation de la robotique qu\u2019elle soit appliqu\u00e9e aux membres inf\u00e9rieurs ou aux membres sup\u00e9rieurs. Elle existe pour l\u2019aide \u00e0 la marche, l\u2019aide \u00e0 la compensation de perte de fonction et de force musculaire des bras.<br>Il y a beaucoup d\u2019int\u00e9r\u00eat \u00e9galement dans les mobilisations et recrutement des fibres musculaires qui peuvent se faire par vibroth\u00e9rapie des diff\u00e9rentes intensit\u00e9s fr\u00e9quences.<br>Il y a \u00e9galement des mobilisations actives et passives du rachis, mais m\u00e9canis\u00e9es et par des machines sous la guidance d\u2019un th\u00e9rapeute.<br>Il y a des projets de recherche \u00e9galement pour inclure la r\u00e9alit\u00e9 augment\u00e9e dans la g\u00e9n\u00e9ration de la motivation \u00e0 bouger ou encore des projets de recherche avanc\u00e9s pour \u201cr\u00e9g\u00e9n\u00e9rer\u201d certaines fonctions cellulaires.<br>L\u2019apport de l\u2019intelligence artificielle dans la conception de capteurs pour diriger une technique ou accompagner une activit\u00e9 motrice fine de pilotage ou de communication\u2026 Bref, on n\u2019arr\u00eate pas le progr\u00e8s et il faut rester curieux !<\/p>\n\n\n\n<p class=\"wp-block-paragraph\"><strong>Les aides techniques \u2013 comme les bras robotis\u00e9s, les exosquelettes, ou encore les fauteuils intelligents \u2013 changent-elles votre pratique\u202f?<\/strong><\/p>\n\n\n\n<p class=\"wp-block-paragraph\">Oui, ce sont des domaines \u00e0 explorer et \u00e0 utiliser correctement pour \u00e9viter les d\u00e9ceptions et le gaspillage d\u2019argent. Leur efficacit\u00e9 d\u00e9pend de la clart\u00e9 des objectifs fix\u00e9s et d\u2019un bon accompagnement pluridisciplinaire.<\/p>\n\n\n\n<p class=\"wp-block-paragraph\"><strong>Quels sont, selon vous, les plus grands d\u00e9fis pour l\u2019inclusion des personnes en situation de handicap dans la soci\u00e9t\u00e9\u202f?<\/strong><\/p>\n\n\n\n<p class=\"wp-block-paragraph\">Changer le regard de la soci\u00e9t\u00e9 sur ceux qu\u2019on qualifie trop souvent de \u2018faibles\u2019 et\/ou de \u2018vuln\u00e9rables\u2019.<br>Se rappeler que tout le monde peut \u00eatre en situation de handicap \u00e0 un moment de sa vie.<br>Comprendre et accompagner la vie des aidants<br>Adapter les emplois pour engager des personnes selon leurs comp\u00e9tences dans des domaines pr\u00e9cis.<\/p>\n\n\n\n<p class=\"wp-block-paragraph\"><strong>Comment voyez-vous votre m\u00e9tier \u00e9voluer dans dix ans ?<\/strong><br>Sans doute \u00e0 g\u00e9om\u00e9trie variable avec des vocations actuellement difficiles \u00e0 susciter en raison du faible nombre de m\u00e9decins form\u00e9s en MPR p\u00e9diatrique.<br>Je vois des m\u00e9decins toujours tr\u00e8s empathiques, avec un regard optimiste et n\u2019ayant pas peur d\u2019utiliser des technologies de rupture pour atteindre des objectifs audacieux. Cela est possible lorsque des th\u00e9rapeutes sont motiv\u00e9s et qu\u2019il y a un \u00e9cho dans la soci\u00e9t\u00e9 pour accompagner la r\u00e9silience des patient\u2022es et de leur famille.<\/p>\n\n\n\n<h2 class=\"wp-block-heading\">Pathologies trait\u00e9es par les m\u00e9decins MPR<\/h2>\n\n\n\n<p class=\"wp-block-paragraph\">Les services MPR accueillent des personnes qui vivent avec des&nbsp;<a href=\"https:\/\/www.elsan.care\/fr\/cmc-tronquieres\/patients\/medecine-physique-et-de-readaptation#:~:text=La%20m%C3%A9decine%20physique%20et%20de%20r%C3%A9adaptation%20(MPR)%20est%20la%20sp%C3%A9cialit%C3%A9,des%20d%C3%A9ficiences%20et%20des%20incapacit%C3%A9s\" target=\"_blank\" rel=\"noreferrer noopener\">probl\u00e9matiques de sant\u00e9 tr\u00e8s diverses<\/a>&nbsp;telles que :<\/p>\n\n\n\n<ul class=\"wp-block-list\">\n<li>Neurologiques :&nbsp;<a href=\"https:\/\/www.inserm.fr\/dossier\/accident-vasculaire-cerebral-avc\/\" target=\"_blank\" rel=\"noreferrer noopener\">AVC<\/a>,&nbsp;<a href=\"https:\/\/www.elsan.care\/fr\/pathologie-et-traitement\/maladies-neurologiques\/traumatismes-craniens-definition-traitements\" target=\"_blank\" rel=\"noreferrer noopener\">traumatismes cr\u00e2niens<\/a>,&nbsp;<a href=\"https:\/\/www.inserm.fr\/dossier\/sclerose-en-plaques-sep\/\" target=\"_blank\" rel=\"noreferrer noopener\">scl\u00e9rose en plaques<\/a>,&nbsp;<a href=\"https:\/\/sante.gouv.fr\/soins-et-maladies\/maladies\/maladies-neurodegeneratives\/article\/la-maladie-de-parkinson\" target=\"_blank\" rel=\"noreferrer noopener\">maladie de Parkinson<\/a>, etc.<\/li>\n\n\n\n<li>Orthop\u00e9diques : fractures s\u00e9v\u00e8res ou difficiles \u00e0 consolider, proth\u00e8ses de jambe, r\u00e9\u00e9ducation apr\u00e8s une chirurgie importante (comme une amputation), etc.<\/li>\n\n\n\n<li>Chroniques : douleurs persistantes,\u00a0<a href=\"https:\/\/preprod.weasywyg.com\/2026\/07\/06\/tout-savoir-sur-les-maladies-neuromusculaires\/\">maladies neuromusculaires<\/a>, insuffisances cardiaques ou respiratoires, etc.<\/li>\n<\/ul>\n\n\n\n<figure class=\"wp-block-embed is-type-video is-provider-youtube wp-block-embed-youtube wp-embed-aspect-16-9 wp-has-aspect-ratio\"><div class=\"wp-block-embed__wrapper\">\n<iframe loading=\"lazy\" title=\"MMS180 : le m\u00e9tier de M\u00e9decin, en M\u00e9decine Physique et R\u00e9adaptation (MPR)\" width=\"1480\" height=\"833\" src=\"https:\/\/www.youtube.com\/embed\/4p8Lq4r0Ugs?feature=oembed\" frameborder=\"0\" allow=\"accelerometer; autoplay; clipboard-write; encrypted-media; gyroscope; picture-in-picture; web-share\" referrerpolicy=\"strict-origin-when-cross-origin\" allowfullscreen><\/iframe>\n<\/div><\/figure>\n\n\n\n<h3 class=\"wp-block-heading\"><strong>\ud83d\udc19 Le vocab&rsquo; du poulpe <\/strong><\/h3>\n\n\n\n<div data-wp-context=\"{ &quot;autoclose&quot;: false, &quot;accordionItems&quot;: [] }\" data-wp-interactive=\"core\/accordion\" role=\"group\" class=\"wp-block-accordion is-layout-flow wp-block-accordion-is-layout-flow\">\n<div data-wp-class--is-open=\"state.isOpen\" data-wp-context=\"{ &quot;id&quot;: &quot;accordion-item-1&quot;, &quot;openByDefault&quot;: false }\" data-wp-init=\"callbacks.initAccordionItems\" data-wp-on-window--hashchange=\"callbacks.hashChange\" class=\"wp-block-accordion-item is-layout-flow wp-block-accordion-item-is-layout-flow\">\n<h3 class=\"wp-block-accordion-heading\"><button aria-expanded=\"false\" aria-controls=\"accordion-item-1-panel\" data-wp-bind--aria-expanded=\"state.isOpen\" data-wp-on--click=\"actions.toggle\" id=\"accordion-item-1\" type=\"button\" class=\"wp-block-accordion-heading__toggle\"><span class=\"wp-block-accordion-heading__toggle-title\">AVC, k\u00e9zako ?<\/span><span class=\"wp-block-accordion-heading__toggle-icon\" aria-hidden=\"true\">+<\/span><\/button><\/h3>\n\n\n\n<div aria-labelledby=\"accordion-item-1\" data-wp-bind--hidden=\"state.isHidden\" data-wp-on--beforematch=\"actions.handleBeforeMatch\" id=\"accordion-item-1-panel\" role=\"region\" class=\"wp-block-accordion-panel is-layout-flow wp-block-accordion-panel-is-layout-flow\">\n<p class=\"wp-block-paragraph\">Un AVC, ou accident vasculaire c\u00e9r\u00e9bral, c&rsquo;est quand une partie du cerveau n&rsquo;est plus correctement aliment\u00e9e en sang. Les raisons sont multiples (caillot, h\u00e9morragie, etc.) et provoquent des troubles comme une paralysie ou des difficult\u00e9s de mobilit\u00e9 ou de parole. <\/p>\n<\/div>\n<\/div>\n\n\n\n<div data-wp-class--is-open=\"state.isOpen\" data-wp-context=\"{ &quot;id&quot;: &quot;accordion-item-2&quot;, &quot;openByDefault&quot;: false }\" data-wp-init=\"callbacks.initAccordionItems\" data-wp-on-window--hashchange=\"callbacks.hashChange\" class=\"wp-block-accordion-item is-layout-flow wp-block-accordion-item-is-layout-flow\">\n<h3 class=\"wp-block-accordion-heading\"><button aria-expanded=\"false\" aria-controls=\"accordion-item-2-panel\" data-wp-bind--aria-expanded=\"state.isOpen\" data-wp-on--click=\"actions.toggle\" id=\"accordion-item-2\" type=\"button\" class=\"wp-block-accordion-heading__toggle\"><span class=\"wp-block-accordion-heading__toggle-title\">Traumatisme cr\u00e2nien, k\u00e9zako ?<\/span><span class=\"wp-block-accordion-heading__toggle-icon\" aria-hidden=\"true\">+<\/span><\/button><\/h3>\n\n\n\n<div aria-labelledby=\"accordion-item-2\" data-wp-bind--hidden=\"state.isHidden\" data-wp-on--beforematch=\"actions.handleBeforeMatch\" id=\"accordion-item-2-panel\" role=\"region\" class=\"wp-block-accordion-panel is-layout-flow wp-block-accordion-panel-is-layout-flow\">\n<p class=\"wp-block-paragraph\">Un traumatisme cr\u00e2nien survient apr\u00e8s un choc violent \u00e0 la t\u00eate, lequel endommage le cerveau peut entra\u00eener des pertes de la m\u00e9moire, des confusions ou encore des troubles moteurs.<\/p>\n<\/div>\n<\/div>\n\n\n\n<div data-wp-class--is-open=\"state.isOpen\" data-wp-context=\"{ &quot;id&quot;: &quot;accordion-item-3&quot;, &quot;openByDefault&quot;: false }\" data-wp-init=\"callbacks.initAccordionItems\" data-wp-on-window--hashchange=\"callbacks.hashChange\" class=\"wp-block-accordion-item is-layout-flow wp-block-accordion-item-is-layout-flow\">\n<h3 class=\"wp-block-accordion-heading\"><button aria-expanded=\"false\" aria-controls=\"accordion-item-3-panel\" data-wp-bind--aria-expanded=\"state.isOpen\" data-wp-on--click=\"actions.toggle\" id=\"accordion-item-3\" type=\"button\" class=\"wp-block-accordion-heading__toggle\"><span class=\"wp-block-accordion-heading__toggle-title\">Scl\u00e9rose en plaques (SEP), k\u00e9zako ?<\/span><span class=\"wp-block-accordion-heading__toggle-icon\" aria-hidden=\"true\">+<\/span><\/button><\/h3>\n\n\n\n<div aria-labelledby=\"accordion-item-3\" data-wp-bind--hidden=\"state.isHidden\" data-wp-on--beforematch=\"actions.handleBeforeMatch\" id=\"accordion-item-3-panel\" role=\"region\" class=\"wp-block-accordion-panel is-layout-flow wp-block-accordion-panel-is-layout-flow\">\n<p class=\"wp-block-paragraph\">C&rsquo;est une maladie chronique o\u00f9 le syst\u00e8me immunitaire attaque la gaine protectrice des nerfs, ce qui perturbe la communication entre le cerveau et le reste du corps entra\u00eenant des troubles de la vision, de l&rsquo;\u00e9quilibre, de la marche&#8230;<\/p>\n<\/div>\n<\/div>\n\n\n\n<div data-wp-class--is-open=\"state.isOpen\" data-wp-context=\"{ &quot;id&quot;: &quot;accordion-item-4&quot;, &quot;openByDefault&quot;: false }\" data-wp-init=\"callbacks.initAccordionItems\" data-wp-on-window--hashchange=\"callbacks.hashChange\" class=\"wp-block-accordion-item is-layout-flow wp-block-accordion-item-is-layout-flow\">\n<h3 class=\"wp-block-accordion-heading\"><button aria-expanded=\"false\" aria-controls=\"accordion-item-4-panel\" data-wp-bind--aria-expanded=\"state.isOpen\" data-wp-on--click=\"actions.toggle\" id=\"accordion-item-4\" type=\"button\" class=\"wp-block-accordion-heading__toggle\"><span class=\"wp-block-accordion-heading__toggle-title\">Maladie de Parkinson, k\u00e9zako ?<\/span><span class=\"wp-block-accordion-heading__toggle-icon\" aria-hidden=\"true\">+<\/span><\/button><\/h3>\n\n\n\n<div aria-labelledby=\"accordion-item-4\" data-wp-bind--hidden=\"state.isHidden\" data-wp-on--beforematch=\"actions.handleBeforeMatch\" id=\"accordion-item-4-panel\" role=\"region\" class=\"wp-block-accordion-panel is-layout-flow wp-block-accordion-panel-is-layout-flow\">\n<p class=\"wp-block-paragraph\">Maladie neurologique qui touche les zones du cerveau qui contr\u00f4lent les mouvements, elle entra\u00eene des tremblements, une lenteur des gestes et une rigidit\u00e9 musculaire.<\/p>\n<\/div>\n<\/div>\n\n\n\n<div data-wp-class--is-open=\"state.isOpen\" data-wp-context=\"{ &quot;id&quot;: &quot;accordion-item-5&quot;, &quot;openByDefault&quot;: false }\" data-wp-init=\"callbacks.initAccordionItems\" data-wp-on-window--hashchange=\"callbacks.hashChange\" class=\"wp-block-accordion-item is-layout-flow wp-block-accordion-item-is-layout-flow\">\n<h3 class=\"wp-block-accordion-heading\"><button aria-expanded=\"false\" aria-controls=\"accordion-item-5-panel\" data-wp-bind--aria-expanded=\"state.isOpen\" data-wp-on--click=\"actions.toggle\" id=\"accordion-item-5\" type=\"button\" class=\"wp-block-accordion-heading__toggle\"><span class=\"wp-block-accordion-heading__toggle-title\">Maladies neuromusculaires<\/span><span class=\"wp-block-accordion-heading__toggle-icon\" aria-hidden=\"true\">+<\/span><\/button><\/h3>\n\n\n\n<div aria-labelledby=\"accordion-item-5\" data-wp-bind--hidden=\"state.isHidden\" data-wp-on--beforematch=\"actions.handleBeforeMatch\" id=\"accordion-item-5-panel\" role=\"region\" class=\"wp-block-accordion-panel is-layout-flow wp-block-accordion-panel-is-layout-flow\">\n<p class=\"wp-block-paragraph\">Groupe de maladies rares qui affectent les muscles ou les nerfs qui les contr\u00f4lent et provoquent une faiblesse musculaire progressive et des difficult\u00e9s \u00e0 bouger, respirer ou m\u00eame parfois parler.<\/p>\n<\/div>\n<\/div>\n<\/div>\n\n\n\n<h2 class=\"wp-block-heading\">Comment acc\u00e9der \u00e0 un service PMR ?<\/h2>\n\n\n\n<p class=\"wp-block-paragraph\">Entrer dans un service de M\u00e9decine Physique et de R\u00e9adaptation, ce n\u2019est pas un parcours compliqu\u00e9\u2026 mais \u00e7a commence toujours par une&nbsp;<a href=\"https:\/\/raymondpoincare.aphp.fr\/medecine-physique-readaptation\/\" target=\"_blank\" rel=\"noreferrer noopener\">prescription m\u00e9dicale<\/a>.<\/p>\n\n\n\n<p class=\"wp-block-paragraph\"><strong>Par exemple :<\/strong><\/p>\n\n\n\n<ul class=\"wp-block-list\">\n<li>Apr\u00e8s un AVC, c\u2019est souvent l\u2019\u00e9quipe hospitali\u00e8re qui vous propose directement une admission en MPR pour encha\u00eener avec la r\u00e9\u00e9ducation sans perdre de temps<\/li>\n\n\n\n<li>Si vous vivez avec une maladie chronique (comme une scl\u00e9rose en plaques), c\u2019est plut\u00f4t votre neurologue ou votre m\u00e9decin traitant qui peut vous orienter vers un centre adapt\u00e9 \u00e0 vos besoins<\/li>\n\n\n\n<li>Suite \u00e0 un accident de la route ou une fracture compliqu\u00e9e (qui touche plusieurs os ou qui est difficile \u00e0 consolider), l\u2019orthop\u00e9diste peut recommander un s\u00e9jour en centre de r\u00e9\u00e9ducation pour retrouver force et mobilit\u00e9<\/li>\n<\/ul>\n\n\n\n<p class=\"wp-block-paragraph\"><strong>Selon votre situation, vous pouvez int\u00e9grer :<\/strong><\/p>\n\n\n\n<ul class=\"wp-block-list\">\n<li>Un CHU (centre hospitalier universitaire), souvent apr\u00e8s une hospitalisation.<br>\ud83d\udc49 Dans le cas de la MPR on distingue deux \u00e9tapes d\u2019hospitalisation : la premi\u00e8re pour la phase urgente, et la seconde o\u00f9 il y a le transfert dans le service MPR.<\/li>\n\n\n\n<li>Une clinique sp\u00e9cialis\u00e9e, plus cibl\u00e9e sur certaines pathologies.<\/li>\n\n\n\n<li>Un centre de r\u00e9\u00e9ducation fonctionnelle, avec ses plateaux techniques, c\u2019est-\u00e0-dire des espaces de soins regroupant diff\u00e9rents professionnels et mat\u00e9riels (kin\u00e9sith\u00e9rapie, ergoth\u00e9rapie, appareillage, baln\u00e9oth\u00e9rapie, simulateurs de marche, etc.) pour travailler la r\u00e9cup\u00e9ration et l\u2019autonomie<\/li>\n<\/ul>\n\n\n\n<p class=\"wp-block-paragraph\">C\u00f4t\u00e9 financement : la S\u00e9curit\u00e9 sociale prend en charge environ&nbsp;<a href=\"https:\/\/www.bonjoursenior.fr\/guides\/centre-de-reeducation\" target=\"_blank\" rel=\"noreferrer noopener\">80 % des frais<\/a>, et une mutuelle peut compl\u00e9ter. Certaines situations donnent m\u00eame droit \u00e0 un remboursement \u00e0 100 % (par exemple, en cas d\u2019Affection de Longue Dur\u00e9e ou d\u2019accident du travail).<\/p>\n\n\n\n<p class=\"wp-block-paragraph\">Pour l\u2019appareillage (fauteuil roulant, orth\u00e8se, proth\u00e8se\u2026), il peut y avoir une petite \u00e9tape administrative suppl\u00e9mentaire : une \u201c<a href=\"https:\/\/www.service-public.fr\/particuliers\/vosdroits\/F168\" target=\"_blank\" rel=\"noreferrer noopener\">accord pr\u00e9alable<\/a>\u201d. Dans la plupart des cas, les \u00e9quipes m\u00e9dicales et param\u00e9dicales vous aident \u00e0 constituer et \u00e0 transmettre ce dossier.<\/p>\n\n\n\n<p class=\"wp-block-paragraph\">En r\u00e9sum\u00e9, l\u2019acc\u00e8s \u00e0 la MPR est pens\u00e9 pour \u00eatre fluide : vous n\u2019\u00eates jamais seul\u2022e dans le processus, vos soignant\u2022es sont l\u00e0 pour vous orienter et vous guider vers la structure la plus adapt\u00e9e \u00e0 vos besoins.<\/p>\n\n\n\n<div data-wp-context=\"{ &quot;autoclose&quot;: false, &quot;accordionItems&quot;: [] }\" data-wp-interactive=\"core\/accordion\" role=\"group\" class=\"wp-block-accordion is-layout-flow wp-block-accordion-is-layout-flow\">\n<div data-wp-class--is-open=\"state.isOpen\" data-wp-context=\"{ &quot;id&quot;: &quot;accordion-item-6&quot;, &quot;openByDefault&quot;: false }\" data-wp-init=\"callbacks.initAccordionItems\" data-wp-on-window--hashchange=\"callbacks.hashChange\" class=\"wp-block-accordion-item is-layout-flow wp-block-accordion-item-is-layout-flow\">\n<h3 class=\"wp-block-accordion-heading\"><button aria-expanded=\"false\" aria-controls=\"accordion-item-6-panel\" data-wp-bind--aria-expanded=\"state.isOpen\" data-wp-on--click=\"actions.toggle\" id=\"accordion-item-6\" type=\"button\" class=\"wp-block-accordion-heading__toggle\"><span class=\"wp-block-accordion-heading__toggle-title\">Prescription m\u00e9dicale<\/span><span class=\"wp-block-accordion-heading__toggle-icon\" aria-hidden=\"true\">+<\/span><\/button><\/h3>\n\n\n\n<div aria-labelledby=\"accordion-item-6\" data-wp-bind--hidden=\"state.isHidden\" data-wp-on--beforematch=\"actions.handleBeforeMatch\" id=\"accordion-item-6-panel\" role=\"region\" class=\"wp-block-accordion-panel is-layout-flow wp-block-accordion-panel-is-layout-flow\">\n<p class=\"wp-block-paragraph\">D\u00e9livr\u00e9e par un\u2022e m\u00e9decin pour d\u00e9clencher la prise en charge de la personne concern\u00e9e.<\/p>\n<\/div>\n<\/div>\n\n\n\n<div data-wp-class--is-open=\"state.isOpen\" data-wp-context=\"{ &quot;id&quot;: &quot;accordion-item-7&quot;, &quot;openByDefault&quot;: false }\" data-wp-init=\"callbacks.initAccordionItems\" data-wp-on-window--hashchange=\"callbacks.hashChange\" class=\"wp-block-accordion-item is-layout-flow wp-block-accordion-item-is-layout-flow\">\n<h3 class=\"wp-block-accordion-heading\"><button aria-expanded=\"false\" aria-controls=\"accordion-item-7-panel\" data-wp-bind--aria-expanded=\"state.isOpen\" data-wp-on--click=\"actions.toggle\" id=\"accordion-item-7\" type=\"button\" class=\"wp-block-accordion-heading__toggle\"><span class=\"wp-block-accordion-heading__toggle-title\">Choix de la structure<\/span><span class=\"wp-block-accordion-heading__toggle-icon\" aria-hidden=\"true\">+<\/span><\/button><\/h3>\n\n\n\n<div aria-labelledby=\"accordion-item-7\" data-wp-bind--hidden=\"state.isHidden\" data-wp-on--beforematch=\"actions.handleBeforeMatch\" id=\"accordion-item-7-panel\" role=\"region\" class=\"wp-block-accordion-panel is-layout-flow wp-block-accordion-panel-is-layout-flow\">\n<p class=\"wp-block-paragraph\">CHU, clinique, centres de r\u00e9\u00e9ducation fonctionnelle<\/p>\n<\/div>\n<\/div>\n\n\n\n<div data-wp-class--is-open=\"state.isOpen\" data-wp-context=\"{ &quot;id&quot;: &quot;accordion-item-8&quot;, &quot;openByDefault&quot;: false }\" data-wp-init=\"callbacks.initAccordionItems\" data-wp-on-window--hashchange=\"callbacks.hashChange\" class=\"wp-block-accordion-item is-layout-flow wp-block-accordion-item-is-layout-flow\">\n<h3 class=\"wp-block-accordion-heading\"><button aria-expanded=\"false\" aria-controls=\"accordion-item-8-panel\" data-wp-bind--aria-expanded=\"state.isOpen\" data-wp-on--click=\"actions.toggle\" id=\"accordion-item-8\" type=\"button\" class=\"wp-block-accordion-heading__toggle\"><span class=\"wp-block-accordion-heading__toggle-title\">Admission<\/span><span class=\"wp-block-accordion-heading__toggle-icon\" aria-hidden=\"true\">+<\/span><\/button><\/h3>\n\n\n\n<div aria-labelledby=\"accordion-item-8\" data-wp-bind--hidden=\"state.isHidden\" data-wp-on--beforematch=\"actions.handleBeforeMatch\" id=\"accordion-item-8-panel\" role=\"region\" class=\"wp-block-accordion-panel is-layout-flow wp-block-accordion-panel-is-layout-flow\">\n<p class=\"wp-block-paragraph\">Automatique apr\u00e8s une hospitalisation si l&rsquo;h\u00f4pital en dispose d&rsquo;un. Sur dossier m\u00e9dical si la personne est ext\u00e9rieure \u00e0 l&rsquo;\u00e9tablissement.<\/p>\n<\/div>\n<\/div>\n\n\n\n<div data-wp-class--is-open=\"state.isOpen\" data-wp-context=\"{ &quot;id&quot;: &quot;accordion-item-9&quot;, &quot;openByDefault&quot;: false }\" data-wp-init=\"callbacks.initAccordionItems\" data-wp-on-window--hashchange=\"callbacks.hashChange\" class=\"wp-block-accordion-item is-layout-flow wp-block-accordion-item-is-layout-flow\">\n<h3 class=\"wp-block-accordion-heading\"><button aria-expanded=\"false\" aria-controls=\"accordion-item-9-panel\" data-wp-bind--aria-expanded=\"state.isOpen\" data-wp-on--click=\"actions.toggle\" id=\"accordion-item-9\" type=\"button\" class=\"wp-block-accordion-heading__toggle\"><span class=\"wp-block-accordion-heading__toggle-title\">Couverture des frais<\/span><span class=\"wp-block-accordion-heading__toggle-icon\" aria-hidden=\"true\">+<\/span><\/button><\/h3>\n\n\n\n<div aria-labelledby=\"accordion-item-9\" data-wp-bind--hidden=\"state.isHidden\" data-wp-on--beforematch=\"actions.handleBeforeMatch\" id=\"accordion-item-9-panel\" role=\"region\" class=\"wp-block-accordion-panel is-layout-flow wp-block-accordion-panel-is-layout-flow\">\n<p class=\"wp-block-paragraph\">Environ 80% par l&rsquo;Assurance Maladie avec possiblement une prise en charge \u00e0 100% selon les cas sp\u00e9ciaux (ALD, accident de travail, etc). Une mutuelle peut compenser le reste \u00e0 payer.<\/p>\n<\/div>\n<\/div>\n<\/div>\n\n\n\n<blockquote class=\"wp-block-quote is-layout-flow wp-block-quote-is-layout-flow\">\n<p class=\"wp-block-paragraph\">Pour en savoir plus, n&rsquo;h\u00e9sitez pas \u00e0 demander conseil \u00e0 votre m\u00e9decin traitant ou \u00e0 rechercher le centre MPR le plus proche de chez vous.<\/p>\n<\/blockquote>\n\n\n\n<h2 class=\"wp-block-heading\">FAQ<\/h2>\n\n\n\n<div data-wp-context=\"{ &quot;autoclose&quot;: false, &quot;accordionItems&quot;: [] }\" data-wp-interactive=\"core\/accordion\" role=\"group\" class=\"wp-block-accordion is-layout-flow wp-block-accordion-is-layout-flow\">\n<div data-wp-class--is-open=\"state.isOpen\" data-wp-context=\"{ &quot;id&quot;: &quot;accordion-item-10&quot;, &quot;openByDefault&quot;: false }\" data-wp-init=\"callbacks.initAccordionItems\" data-wp-on-window--hashchange=\"callbacks.hashChange\" class=\"wp-block-accordion-item is-layout-flow wp-block-accordion-item-is-layout-flow\">\n<h3 class=\"wp-block-accordion-heading\"><button aria-expanded=\"false\" aria-controls=\"accordion-item-10-panel\" data-wp-bind--aria-expanded=\"state.isOpen\" data-wp-on--click=\"actions.toggle\" id=\"accordion-item-10\" type=\"button\" class=\"wp-block-accordion-heading__toggle\"><span class=\"wp-block-accordion-heading__toggle-title\">Quelle est la diff\u00e9rence entre la m\u00e9decine physique et de r\u00e9adaptation (MPR) et la kin\u00e9sith\u00e9rapie ?<\/span><span class=\"wp-block-accordion-heading__toggle-icon\" aria-hidden=\"true\">+<\/span><\/button><\/h3>\n\n\n\n<div aria-labelledby=\"accordion-item-10\" data-wp-bind--hidden=\"state.isHidden\" data-wp-on--beforematch=\"actions.handleBeforeMatch\" id=\"accordion-item-10-panel\" role=\"region\" class=\"wp-block-accordion-panel is-layout-flow wp-block-accordion-panel-is-layout-flow\">\n<p class=\"wp-block-paragraph\">La kin\u00e9sith\u00e9rapie agit sur une fonction ou une articulation pr\u00e9cise, tandis que la MPR coordonne un programme global qui inclut plusieurs disciplines m\u00e9dicales.<\/p>\n<\/div>\n<\/div>\n\n\n\n<div data-wp-class--is-open=\"state.isOpen\" data-wp-context=\"{ &quot;id&quot;: &quot;accordion-item-11&quot;, &quot;openByDefault&quot;: false }\" data-wp-init=\"callbacks.initAccordionItems\" data-wp-on-window--hashchange=\"callbacks.hashChange\" class=\"wp-block-accordion-item is-layout-flow wp-block-accordion-item-is-layout-flow\">\n<h3 class=\"wp-block-accordion-heading\"><button aria-expanded=\"false\" aria-controls=\"accordion-item-11-panel\" data-wp-bind--aria-expanded=\"state.isOpen\" data-wp-on--click=\"actions.toggle\" id=\"accordion-item-11\" type=\"button\" class=\"wp-block-accordion-heading__toggle\"><span class=\"wp-block-accordion-heading__toggle-title\"><strong>Combien de temps dure une prise en charge en MPR ?<\/strong><\/span><span class=\"wp-block-accordion-heading__toggle-icon\" aria-hidden=\"true\">+<\/span><\/button><\/h3>\n\n\n\n<div aria-labelledby=\"accordion-item-11\" data-wp-bind--hidden=\"state.isHidden\" data-wp-on--beforematch=\"actions.handleBeforeMatch\" id=\"accordion-item-11-panel\" role=\"region\" class=\"wp-block-accordion-panel is-layout-flow wp-block-accordion-panel-is-layout-flow\">\n<p class=\"wp-block-paragraph\">Cela d\u00e9pend de la pathologie et des objectifs fix\u00e9s : de quelques semaines \u00e0 plusieurs mois, parfois plus pour les maladies chroniques.<\/p>\n<\/div>\n<\/div>\n\n\n\n<div data-wp-class--is-open=\"state.isOpen\" data-wp-context=\"{ &quot;id&quot;: &quot;accordion-item-12&quot;, &quot;openByDefault&quot;: false }\" data-wp-init=\"callbacks.initAccordionItems\" data-wp-on-window--hashchange=\"callbacks.hashChange\" class=\"wp-block-accordion-item is-layout-flow wp-block-accordion-item-is-layout-flow\">\n<h3 class=\"wp-block-accordion-heading\"><button aria-expanded=\"false\" aria-controls=\"accordion-item-12-panel\" data-wp-bind--aria-expanded=\"state.isOpen\" data-wp-on--click=\"actions.toggle\" id=\"accordion-item-12\" type=\"button\" class=\"wp-block-accordion-heading__toggle\"><span class=\"wp-block-accordion-heading__toggle-title\"><strong><strong>Est-ce que la MPR est rembours\u00e9e ?<\/strong><\/strong><\/span><span class=\"wp-block-accordion-heading__toggle-icon\" aria-hidden=\"true\">+<\/span><\/button><\/h3>\n\n\n\n<div aria-labelledby=\"accordion-item-12\" data-wp-bind--hidden=\"state.isHidden\" data-wp-on--beforematch=\"actions.handleBeforeMatch\" id=\"accordion-item-12-panel\" role=\"region\" class=\"wp-block-accordion-panel is-layout-flow wp-block-accordion-panel-is-layout-flow\">\n<p class=\"wp-block-paragraph\">Oui, la prise en charge est couverte par l\u2019Assurance Maladie \u00e0 hauteur de 80% et souvent compl\u00e9t\u00e9e par les mutuelles. Les personnes en affection de longue dur\u00e9e (ALD) ou en accident de travail peuvent obtenir un remboursement de 100%.<\/p>\n<\/div>\n<\/div>\n<\/div>\n\n\n\n<h2 class=\"wp-block-heading\">Sources<\/h2>\n\n\n\n<ul class=\"wp-block-list\">\n<li><a href=\"https:\/\/www.inclusion-handicap.ch\/fr\/themes\/cdph-74.html#:~:text=La%20Convention%20de%20l'ONU,%C3%A0%20promouvoir%20une%20soci%C3%A9t%C3%A9%20inclusive.\" target=\"_blank\" rel=\"noreferrer noopener\">https:\/\/www.inclusion-handicap.ch\/fr\/themes\/cdph-74.html#:~:text=La%20Convention%20de%20l\u2019ONU,%C3%A0%20promouvoir%20une%20soci%C3%A9t%C3%A9%20inclusive.<\/a><\/li>\n\n\n\n<li><a href=\"https:\/\/www.elsan.care\/fr\/cmc-tronquieres\/patients\/medecine-physique-et-de-readaptation#:~:text=La%20m%C3%A9decine%20physique%20et%20de%20r%C3%A9adaptation%20(MPR)%20est%20la%20sp%C3%A9cialit%C3%A9,des%20d%C3%A9ficiences%20et%20des%20incapacit%C3%A9s\" target=\"_blank\" rel=\"noreferrer noopener\">https:\/\/www.elsan.care\/fr\/cmc-tronquieres\/patients\/medecine-physique-et-de-readaptation#:~:text=La%20m%C3%A9decine%20physique%20et%20de%20r%C3%A9adaptation%20(MPR)%20est%20la%20sp%C3%A9cialit%C3%A9,des%20d%C3%A9ficiences%20et%20des%20incapacit%C3%A9s<\/a><\/li>\n\n\n\n<li><a href=\"https:\/\/www.who.int\/fr\" target=\"_blank\" rel=\"noreferrer noopener\">https:\/\/www.who.int\/fr<\/a><\/li>\n\n\n\n<li><a href=\"https:\/\/www.who.int\/news-room\/fact-sheets\/detail\/rehabilitation\" target=\"_blank\" rel=\"noreferrer noopener\">https:\/\/www.who.int\/news-room\/fact-sheets\/detail\/rehabilitation<\/a><\/li>\n\n\n\n<li><a href=\"https:\/\/www.inserm.fr\/dossier\/accident-vasculaire-cerebral-avc\/\" target=\"_blank\" rel=\"noreferrer noopener\">https:\/\/www.inserm.fr\/dossier\/accident-vasculaire-cerebral-avc\/<\/a><\/li>\n\n\n\n<li><a href=\"https:\/\/www.elsan.care\/fr\/pathologie-et-traitement\/maladies-neurologiques\/traumatismes-craniens-definition-traitements\" target=\"_blank\" rel=\"noreferrer noopener\">https:\/\/www.elsan.care\/fr\/pathologie-et-traitement\/maladies-neurologiques\/traumatismes-craniens-definition-traitements<\/a><\/li>\n\n\n\n<li><a href=\"https:\/\/www.inserm.fr\/dossier\/sclerose-en-plaques-sep\/\" target=\"_blank\" rel=\"noreferrer noopener\">https:\/\/www.inserm.fr\/dossier\/sclerose-en-plaques-sep\/<\/a><\/li>\n\n\n\n<li><a href=\"https:\/\/sante.gouv.fr\/soins-et-maladies\/maladies\/maladies-neurodegeneratives\/article\/la-maladie-de-parkinson\" target=\"_blank\" rel=\"noreferrer noopener\">https:\/\/sante.gouv.fr\/soins-et-maladies\/maladies\/maladies-neurodegeneratives\/article\/la-maladie-de-parkinson<\/a><\/li>\n\n\n\n<li><a href=\"https:\/\/raymondpoincare.aphp.fr\/medecine-physique-readaptation\/\" target=\"_blank\" rel=\"noreferrer noopener\">https:\/\/raymondpoincare.aphp.fr\/medecine-physique-readaptation\/<\/a><\/li>\n\n\n\n<li><a href=\"https:\/\/www.bonjoursenior.fr\/guides\/centre-de-reeducation\" target=\"_blank\" rel=\"noreferrer noopener\">https:\/\/www.bonjoursenior.fr\/guides\/centre-de-reeducation<\/a><\/li>\n\n\n\n<li><a href=\"https:\/\/www.service-public.fr\/particuliers\/vosdroits\/F168\" target=\"_blank\" rel=\"noreferrer noopener\">https:\/\/www.service-public.fr\/particuliers\/vosdroits\/F168<\/a><\/li>\n<\/ul>\n","protected":false},"excerpt":{"rendered":"<p>M\u00e9decine physique et de r\u00e9adaptation (MPR) : accompagne l\u2019autonomie et l\u2019inclusion des personnes en situation de handicap ou avec maladie chronique.<\/p>\n","protected":false},"author":2,"featured_media":19177,"comment_status":"open","ping_status":"open","sticky":false,"template":"","format":"standard","meta":{"_kad_blocks_custom_css":"","_kad_blocks_head_custom_js":"","_kad_blocks_body_custom_js":"","_kad_blocks_footer_custom_js":"","footnotes":""},"categories":[8],"tags":[],"class_list":["post-19176","post","type-post","status-publish","format-standard","has-post-thumbnail","hentry","category-sante"],"yoast_head":"<!-- This site is optimized with the Yoast SEO plugin v28.4 - https:\/\/yoast.com\/product\/yoast-seo-wordpress\/ -->\n<title>M\u00e9decine physique et de r\u00e9adaptation : au service des projets de vie - Orthopus<\/title>\n<meta name=\"description\" content=\"M\u00e9decine physique et de r\u00e9adaptation (MPR) : accompagne l\u2019autonomie et l\u2019inclusion des personnes en situation de handicap ou avec maladie chronique.\" \/>\n<meta name=\"robots\" content=\"noindex, follow, max-snippet:-1, max-image-preview:large, max-video-preview:-1\" \/>\n<meta property=\"og:locale\" content=\"fr_FR\" \/>\n<meta property=\"og:type\" content=\"article\" \/>\n<meta property=\"og:title\" content=\"M\u00e9decine physique et de r\u00e9adaptation : au service des projets de vie - Orthopus\" \/>\n<meta property=\"og:description\" content=\"M\u00e9decine physique et de r\u00e9adaptation (MPR) : accompagne l\u2019autonomie et l\u2019inclusion des personnes en situation de handicap ou avec maladie chronique.\" \/>\n<meta property=\"og:url\" content=\"https:\/\/preprod.weasywyg.com\/fr\/2024\/02\/27\/medecine-physique-et-de-readaptation-role-et-missions\/\" \/>\n<meta property=\"og:site_name\" content=\"Orthopus\" \/>\n<meta property=\"article:published_time\" content=\"2024-02-27T14:38:06+00:00\" \/>\n<meta property=\"article:modified_time\" content=\"2026-07-20T15:11:18+00:00\" \/>\n<meta property=\"og:image\" content=\"https:\/\/preprod.weasywyg.com\/wp-content\/uploads\/2026\/07\/convun200608nyork_1280x720.webp\" \/>\n\t<meta property=\"og:image:width\" content=\"1110\" \/>\n\t<meta property=\"og:image:height\" content=\"624\" \/>\n\t<meta property=\"og:image:type\" content=\"image\/webp\" \/>\n<meta name=\"author\" content=\"Mona Jamois\" \/>\n<meta name=\"twitter:card\" content=\"summary_large_image\" \/>\n<meta name=\"twitter:label1\" content=\"\u00c9crit par\" \/>\n\t<meta name=\"twitter:data1\" content=\"Mona Jamois\" \/>\n\t<meta name=\"twitter:label2\" content=\"Dur\u00e9e de lecture estim\u00e9e\" \/>\n\t<meta name=\"twitter:data2\" content=\"12 minutes\" \/>\n<script type=\"application\/ld+json\" class=\"yoast-schema-graph\">{\"@context\":\"https:\\\/\\\/schema.org\",\"@graph\":[{\"@type\":\"Article\",\"@id\":\"https:\\\/\\\/preprod.weasywyg.com\\\/fr\\\/2024\\\/02\\\/27\\\/medecine-physique-et-de-readaptation-role-et-missions\\\/#article\",\"isPartOf\":{\"@id\":\"https:\\\/\\\/preprod.weasywyg.com\\\/fr\\\/2024\\\/02\\\/27\\\/medecine-physique-et-de-readaptation-role-et-missions\\\/\"},\"author\":{\"name\":\"Mona Jamois\",\"@id\":\"https:\\\/\\\/preprod.weasywyg.com\\\/fr\\\/#\\\/schema\\\/person\\\/a7dcb2c9da462fd59f13f2258699ba9e\"},\"headline\":\"M\u00e9decine physique et de r\u00e9adaptation : au service des projets de vie\",\"datePublished\":\"2024-02-27T14:38:06+00:00\",\"dateModified\":\"2026-07-20T15:11:18+00:00\",\"mainEntityOfPage\":{\"@id\":\"https:\\\/\\\/preprod.weasywyg.com\\\/fr\\\/2024\\\/02\\\/27\\\/medecine-physique-et-de-readaptation-role-et-missions\\\/\"},\"wordCount\":2732,\"commentCount\":0,\"publisher\":{\"@id\":\"https:\\\/\\\/preprod.weasywyg.com\\\/fr\\\/#organization\"},\"image\":{\"@id\":\"https:\\\/\\\/preprod.weasywyg.com\\\/fr\\\/2024\\\/02\\\/27\\\/medecine-physique-et-de-readaptation-role-et-missions\\\/#primaryimage\"},\"thumbnailUrl\":\"https:\\\/\\\/preprod.weasywyg.com\\\/wp-content\\\/uploads\\\/2026\\\/07\\\/convun200608nyork_1280x720.webp\",\"articleSection\":[\"Sant\u00e9\"],\"inLanguage\":\"fr-FR\",\"potentialAction\":[{\"@type\":\"CommentAction\",\"name\":\"Comment\",\"target\":[\"https:\\\/\\\/preprod.weasywyg.com\\\/fr\\\/2024\\\/02\\\/27\\\/medecine-physique-et-de-readaptation-role-et-missions\\\/#respond\"]}]},{\"@type\":\"WebPage\",\"@id\":\"https:\\\/\\\/preprod.weasywyg.com\\\/fr\\\/2024\\\/02\\\/27\\\/medecine-physique-et-de-readaptation-role-et-missions\\\/\",\"url\":\"https:\\\/\\\/preprod.weasywyg.com\\\/fr\\\/2024\\\/02\\\/27\\\/medecine-physique-et-de-readaptation-role-et-missions\\\/\",\"name\":\"M\u00e9decine physique et de r\u00e9adaptation : au service des projets de vie - Orthopus\",\"isPartOf\":{\"@id\":\"https:\\\/\\\/preprod.weasywyg.com\\\/fr\\\/#website\"},\"primaryImageOfPage\":{\"@id\":\"https:\\\/\\\/preprod.weasywyg.com\\\/fr\\\/2024\\\/02\\\/27\\\/medecine-physique-et-de-readaptation-role-et-missions\\\/#primaryimage\"},\"image\":{\"@id\":\"https:\\\/\\\/preprod.weasywyg.com\\\/fr\\\/2024\\\/02\\\/27\\\/medecine-physique-et-de-readaptation-role-et-missions\\\/#primaryimage\"},\"thumbnailUrl\":\"https:\\\/\\\/preprod.weasywyg.com\\\/wp-content\\\/uploads\\\/2026\\\/07\\\/convun200608nyork_1280x720.webp\",\"datePublished\":\"2024-02-27T14:38:06+00:00\",\"dateModified\":\"2026-07-20T15:11:18+00:00\",\"description\":\"M\u00e9decine physique et de r\u00e9adaptation (MPR) : accompagne l\u2019autonomie et l\u2019inclusion des personnes en situation de handicap ou avec maladie chronique.\",\"breadcrumb\":{\"@id\":\"https:\\\/\\\/preprod.weasywyg.com\\\/fr\\\/2024\\\/02\\\/27\\\/medecine-physique-et-de-readaptation-role-et-missions\\\/#breadcrumb\"},\"inLanguage\":\"fr-FR\",\"potentialAction\":[{\"@type\":\"ReadAction\",\"target\":[\"https:\\\/\\\/preprod.weasywyg.com\\\/fr\\\/2024\\\/02\\\/27\\\/medecine-physique-et-de-readaptation-role-et-missions\\\/\"]}]},{\"@type\":\"ImageObject\",\"inLanguage\":\"fr-FR\",\"@id\":\"https:\\\/\\\/preprod.weasywyg.com\\\/fr\\\/2024\\\/02\\\/27\\\/medecine-physique-et-de-readaptation-role-et-missions\\\/#primaryimage\",\"url\":\"https:\\\/\\\/preprod.weasywyg.com\\\/wp-content\\\/uploads\\\/2026\\\/07\\\/convun200608nyork_1280x720.webp\",\"contentUrl\":\"https:\\\/\\\/preprod.weasywyg.com\\\/wp-content\\\/uploads\\\/2026\\\/07\\\/convun200608nyork_1280x720.webp\",\"width\":1110,\"height\":624,\"caption\":\"Convention de l'ONU relative aux droits des personnes handicap\u00e9es - 2006\"},{\"@type\":\"BreadcrumbList\",\"@id\":\"https:\\\/\\\/preprod.weasywyg.com\\\/fr\\\/2024\\\/02\\\/27\\\/medecine-physique-et-de-readaptation-role-et-missions\\\/#breadcrumb\",\"itemListElement\":[{\"@type\":\"ListItem\",\"position\":1,\"name\":\"Accueil\",\"item\":\"https:\\\/\\\/preprod.weasywyg.com\\\/fr\\\/\"},{\"@type\":\"ListItem\",\"position\":2,\"name\":\"M\u00e9decine physique et de r\u00e9adaptation : au service des projets de vie\"}]},{\"@type\":\"WebSite\",\"@id\":\"https:\\\/\\\/preprod.weasywyg.com\\\/fr\\\/#website\",\"url\":\"https:\\\/\\\/preprod.weasywyg.com\\\/fr\\\/\",\"name\":\"Orthopus\",\"description\":\"Handitech solutions for everyone\",\"publisher\":{\"@id\":\"https:\\\/\\\/preprod.weasywyg.com\\\/fr\\\/#organization\"},\"potentialAction\":[{\"@type\":\"SearchAction\",\"target\":{\"@type\":\"EntryPoint\",\"urlTemplate\":\"https:\\\/\\\/preprod.weasywyg.com\\\/fr\\\/?s={search_term_string}\"},\"query-input\":{\"@type\":\"PropertyValueSpecification\",\"valueRequired\":true,\"valueName\":\"search_term_string\"}}],\"inLanguage\":\"fr-FR\"},{\"@type\":\"Organization\",\"@id\":\"https:\\\/\\\/preprod.weasywyg.com\\\/fr\\\/#organization\",\"name\":\"Orthopus\",\"url\":\"https:\\\/\\\/preprod.weasywyg.com\\\/fr\\\/\",\"logo\":{\"@type\":\"ImageObject\",\"inLanguage\":\"fr-FR\",\"@id\":\"https:\\\/\\\/preprod.weasywyg.com\\\/fr\\\/#\\\/schema\\\/logo\\\/image\\\/\",\"url\":\"https:\\\/\\\/preprod.weasywyg.com\\\/wp-content\\\/uploads\\\/2026\\\/05\\\/logo.svg\",\"contentUrl\":\"https:\\\/\\\/preprod.weasywyg.com\\\/wp-content\\\/uploads\\\/2026\\\/05\\\/logo.svg\",\"caption\":\"Orthopus\"},\"image\":{\"@id\":\"https:\\\/\\\/preprod.weasywyg.com\\\/fr\\\/#\\\/schema\\\/logo\\\/image\\\/\"}},{\"@type\":\"Person\",\"@id\":\"https:\\\/\\\/preprod.weasywyg.com\\\/fr\\\/#\\\/schema\\\/person\\\/a7dcb2c9da462fd59f13f2258699ba9e\",\"name\":\"Mona Jamois\",\"image\":{\"@type\":\"ImageObject\",\"inLanguage\":\"fr-FR\",\"@id\":\"https:\\\/\\\/secure.gravatar.com\\\/avatar\\\/b5b462af4cf5722fbd017ef55b474709ff34d6030941c8c793bf9edf5d82b670?s=96&d=mm&r=g\",\"url\":\"https:\\\/\\\/secure.gravatar.com\\\/avatar\\\/b5b462af4cf5722fbd017ef55b474709ff34d6030941c8c793bf9edf5d82b670?s=96&d=mm&r=g\",\"contentUrl\":\"https:\\\/\\\/secure.gravatar.com\\\/avatar\\\/b5b462af4cf5722fbd017ef55b474709ff34d6030941c8c793bf9edf5d82b670?s=96&d=mm&r=g\",\"caption\":\"Mona Jamois\"},\"url\":\"https:\\\/\\\/preprod.weasywyg.com\\\/fr\\\/author\\\/orthopus-mona-26\\\/\"}]}<\/script>\n<!-- \/ Yoast SEO plugin. -->","yoast_head_json":{"title":"M\u00e9decine physique et de r\u00e9adaptation : au service des projets de vie - Orthopus","description":"M\u00e9decine physique et de r\u00e9adaptation (MPR) : accompagne l\u2019autonomie et l\u2019inclusion des personnes en situation de handicap ou avec maladie chronique.","robots":{"index":"noindex","follow":"follow","max-snippet":"max-snippet:-1","max-image-preview":"max-image-preview:large","max-video-preview":"max-video-preview:-1"},"og_locale":"fr_FR","og_type":"article","og_title":"M\u00e9decine physique et de r\u00e9adaptation : au service des projets de vie - Orthopus","og_description":"M\u00e9decine physique et de r\u00e9adaptation (MPR) : accompagne l\u2019autonomie et l\u2019inclusion des personnes en situation de handicap ou avec maladie chronique.","og_url":"https:\/\/preprod.weasywyg.com\/fr\/2024\/02\/27\/medecine-physique-et-de-readaptation-role-et-missions\/","og_site_name":"Orthopus","article_published_time":"2024-02-27T14:38:06+00:00","article_modified_time":"2026-07-20T15:11:18+00:00","og_image":[{"width":1110,"height":624,"url":"https:\/\/preprod.weasywyg.com\/wp-content\/uploads\/2026\/07\/convun200608nyork_1280x720.webp","type":"image\/webp"}],"author":"Mona Jamois","twitter_card":"summary_large_image","twitter_misc":{"\u00c9crit par":"Mona Jamois","Dur\u00e9e de lecture estim\u00e9e":"12 minutes"},"schema":{"@context":"https:\/\/schema.org","@graph":[{"@type":"Article","@id":"https:\/\/preprod.weasywyg.com\/fr\/2024\/02\/27\/medecine-physique-et-de-readaptation-role-et-missions\/#article","isPartOf":{"@id":"https:\/\/preprod.weasywyg.com\/fr\/2024\/02\/27\/medecine-physique-et-de-readaptation-role-et-missions\/"},"author":{"name":"Mona Jamois","@id":"https:\/\/preprod.weasywyg.com\/fr\/#\/schema\/person\/a7dcb2c9da462fd59f13f2258699ba9e"},"headline":"M\u00e9decine physique et de r\u00e9adaptation : au service des projets de vie","datePublished":"2024-02-27T14:38:06+00:00","dateModified":"2026-07-20T15:11:18+00:00","mainEntityOfPage":{"@id":"https:\/\/preprod.weasywyg.com\/fr\/2024\/02\/27\/medecine-physique-et-de-readaptation-role-et-missions\/"},"wordCount":2732,"commentCount":0,"publisher":{"@id":"https:\/\/preprod.weasywyg.com\/fr\/#organization"},"image":{"@id":"https:\/\/preprod.weasywyg.com\/fr\/2024\/02\/27\/medecine-physique-et-de-readaptation-role-et-missions\/#primaryimage"},"thumbnailUrl":"https:\/\/preprod.weasywyg.com\/wp-content\/uploads\/2026\/07\/convun200608nyork_1280x720.webp","articleSection":["Sant\u00e9"],"inLanguage":"fr-FR","potentialAction":[{"@type":"CommentAction","name":"Comment","target":["https:\/\/preprod.weasywyg.com\/fr\/2024\/02\/27\/medecine-physique-et-de-readaptation-role-et-missions\/#respond"]}]},{"@type":"WebPage","@id":"https:\/\/preprod.weasywyg.com\/fr\/2024\/02\/27\/medecine-physique-et-de-readaptation-role-et-missions\/","url":"https:\/\/preprod.weasywyg.com\/fr\/2024\/02\/27\/medecine-physique-et-de-readaptation-role-et-missions\/","name":"M\u00e9decine physique et de r\u00e9adaptation : au service des projets de vie - Orthopus","isPartOf":{"@id":"https:\/\/preprod.weasywyg.com\/fr\/#website"},"primaryImageOfPage":{"@id":"https:\/\/preprod.weasywyg.com\/fr\/2024\/02\/27\/medecine-physique-et-de-readaptation-role-et-missions\/#primaryimage"},"image":{"@id":"https:\/\/preprod.weasywyg.com\/fr\/2024\/02\/27\/medecine-physique-et-de-readaptation-role-et-missions\/#primaryimage"},"thumbnailUrl":"https:\/\/preprod.weasywyg.com\/wp-content\/uploads\/2026\/07\/convun200608nyork_1280x720.webp","datePublished":"2024-02-27T14:38:06+00:00","dateModified":"2026-07-20T15:11:18+00:00","description":"M\u00e9decine physique et de r\u00e9adaptation (MPR) : accompagne l\u2019autonomie et l\u2019inclusion des personnes en situation de handicap ou avec maladie chronique.","breadcrumb":{"@id":"https:\/\/preprod.weasywyg.com\/fr\/2024\/02\/27\/medecine-physique-et-de-readaptation-role-et-missions\/#breadcrumb"},"inLanguage":"fr-FR","potentialAction":[{"@type":"ReadAction","target":["https:\/\/preprod.weasywyg.com\/fr\/2024\/02\/27\/medecine-physique-et-de-readaptation-role-et-missions\/"]}]},{"@type":"ImageObject","inLanguage":"fr-FR","@id":"https:\/\/preprod.weasywyg.com\/fr\/2024\/02\/27\/medecine-physique-et-de-readaptation-role-et-missions\/#primaryimage","url":"https:\/\/preprod.weasywyg.com\/wp-content\/uploads\/2026\/07\/convun200608nyork_1280x720.webp","contentUrl":"https:\/\/preprod.weasywyg.com\/wp-content\/uploads\/2026\/07\/convun200608nyork_1280x720.webp","width":1110,"height":624,"caption":"Convention de l'ONU relative aux droits des personnes handicap\u00e9es - 2006"},{"@type":"BreadcrumbList","@id":"https:\/\/preprod.weasywyg.com\/fr\/2024\/02\/27\/medecine-physique-et-de-readaptation-role-et-missions\/#breadcrumb","itemListElement":[{"@type":"ListItem","position":1,"name":"Accueil","item":"https:\/\/preprod.weasywyg.com\/fr\/"},{"@type":"ListItem","position":2,"name":"M\u00e9decine physique et de r\u00e9adaptation : au service des projets de vie"}]},{"@type":"WebSite","@id":"https:\/\/preprod.weasywyg.com\/fr\/#website","url":"https:\/\/preprod.weasywyg.com\/fr\/","name":"Orthopus","description":"Handitech solutions for everyone","publisher":{"@id":"https:\/\/preprod.weasywyg.com\/fr\/#organization"},"potentialAction":[{"@type":"SearchAction","target":{"@type":"EntryPoint","urlTemplate":"https:\/\/preprod.weasywyg.com\/fr\/?s={search_term_string}"},"query-input":{"@type":"PropertyValueSpecification","valueRequired":true,"valueName":"search_term_string"}}],"inLanguage":"fr-FR"},{"@type":"Organization","@id":"https:\/\/preprod.weasywyg.com\/fr\/#organization","name":"Orthopus","url":"https:\/\/preprod.weasywyg.com\/fr\/","logo":{"@type":"ImageObject","inLanguage":"fr-FR","@id":"https:\/\/preprod.weasywyg.com\/fr\/#\/schema\/logo\/image\/","url":"https:\/\/preprod.weasywyg.com\/wp-content\/uploads\/2026\/05\/logo.svg","contentUrl":"https:\/\/preprod.weasywyg.com\/wp-content\/uploads\/2026\/05\/logo.svg","caption":"Orthopus"},"image":{"@id":"https:\/\/preprod.weasywyg.com\/fr\/#\/schema\/logo\/image\/"}},{"@type":"Person","@id":"https:\/\/preprod.weasywyg.com\/fr\/#\/schema\/person\/a7dcb2c9da462fd59f13f2258699ba9e","name":"Mona Jamois","image":{"@type":"ImageObject","inLanguage":"fr-FR","@id":"https:\/\/secure.gravatar.com\/avatar\/b5b462af4cf5722fbd017ef55b474709ff34d6030941c8c793bf9edf5d82b670?s=96&d=mm&r=g","url":"https:\/\/secure.gravatar.com\/avatar\/b5b462af4cf5722fbd017ef55b474709ff34d6030941c8c793bf9edf5d82b670?s=96&d=mm&r=g","contentUrl":"https:\/\/secure.gravatar.com\/avatar\/b5b462af4cf5722fbd017ef55b474709ff34d6030941c8c793bf9edf5d82b670?s=96&d=mm&r=g","caption":"Mona Jamois"},"url":"https:\/\/preprod.weasywyg.com\/fr\/author\/orthopus-mona-26\/"}]}},"taxonomy_info":{"category":[{"value":8,"label":"Sant\u00e9"}]},"featured_image_src_large":["https:\/\/preprod.weasywyg.com\/wp-content\/uploads\/2026\/07\/convun200608nyork_1280x720-1024x576.webp",1024,576,true],"author_info":{"display_name":"Mona Jamois","author_link":"https:\/\/preprod.weasywyg.com\/fr\/author\/orthopus-mona-26\/"},"comment_info":0,"category_info":[{"term_id":8,"name":"Sant\u00e9","slug":"sante","term_group":0,"term_taxonomy_id":8,"taxonomy":"category","description":"","parent":0,"count":12,"filter":"raw","cat_ID":8,"category_count":12,"category_description":"","cat_name":"Sant\u00e9","category_nicename":"sante","category_parent":0}],"tag_info":false,"_links":{"self":[{"href":"https:\/\/preprod.weasywyg.com\/fr\/wp-json\/wp\/v2\/posts\/19176","targetHints":{"allow":["GET"]}}],"collection":[{"href":"https:\/\/preprod.weasywyg.com\/fr\/wp-json\/wp\/v2\/posts"}],"about":[{"href":"https:\/\/preprod.weasywyg.com\/fr\/wp-json\/wp\/v2\/types\/post"}],"author":[{"embeddable":true,"href":"https:\/\/preprod.weasywyg.com\/fr\/wp-json\/wp\/v2\/users\/2"}],"replies":[{"embeddable":true,"href":"https:\/\/preprod.weasywyg.com\/fr\/wp-json\/wp\/v2\/comments?post=19176"}],"version-history":[{"count":4,"href":"https:\/\/preprod.weasywyg.com\/fr\/wp-json\/wp\/v2\/posts\/19176\/revisions"}],"predecessor-version":[{"id":19372,"href":"https:\/\/preprod.weasywyg.com\/fr\/wp-json\/wp\/v2\/posts\/19176\/revisions\/19372"}],"wp:featuredmedia":[{"embeddable":true,"href":"https:\/\/preprod.weasywyg.com\/fr\/wp-json\/wp\/v2\/media\/19177"}],"wp:attachment":[{"href":"https:\/\/preprod.weasywyg.com\/fr\/wp-json\/wp\/v2\/media?parent=19176"}],"wp:term":[{"taxonomy":"category","embeddable":true,"href":"https:\/\/preprod.weasywyg.com\/fr\/wp-json\/wp\/v2\/categories?post=19176"},{"taxonomy":"post_tag","embeddable":true,"href":"https:\/\/preprod.weasywyg.com\/fr\/wp-json\/wp\/v2\/tags?post=19176"}],"curies":[{"name":"wp","href":"https:\/\/api.w.org\/{rel}","templated":true}]}}