{"id":19184,"date":"2025-04-02T17:11:02","date_gmt":"2025-04-02T15:11:02","guid":{"rendered":"https:\/\/preprod.weasywyg.com\/?p=19184"},"modified":"2026-08-28T16:29:44","modified_gmt":"2026-08-28T14:29:44","slug":"ouverture-droits-mdph-carte-mobilite-inclusion","status":"publish","type":"post","link":"https:\/\/preprod.weasywyg.com\/fr\/2025\/04\/02\/ouverture-droits-mdph-carte-mobilite-inclusion\/","title":{"rendered":"MDPH Carte Mobilit\u00e9 Inclusion : d\u00e9marches, droits et conseils pratiques"},"content":{"rendered":"\n<p class=\"wp-block-paragraph\">Il fut un temps, dans les contes d\u2019Orient, o\u00f9 il suffisait d\u2019un mot pour ouvrir des portes scell\u00e9es par la magie :&nbsp;<em>\u201cS\u00e9same, ouvre-toi\u201d<\/em>. Une formule qui r\u00e9v\u00e9lait des tr\u00e9sors cach\u00e9s, des mondes ferm\u00e9s, des richesses inaccessibles.<\/p>\n\n\n\n<figure class=\"wp-block-image size-large\"><img loading=\"lazy\" decoding=\"async\" width=\"1024\" height=\"650\" src=\"https:\/\/preprod.weasywyg.com\/wp-content\/uploads\/2026\/07\/Robida_Alibaba_page8et9-1024x650.webp\" alt=\"Illustration par Albert Robidat (1848-1926) d\u2019Albi-Baba et les quarante voleurs (r\u00e9impression de 1945)\" class=\"wp-image-19185\" srcset=\"https:\/\/preprod.weasywyg.com\/wp-content\/uploads\/2026\/07\/Robida_Alibaba_page8et9-1024x650.webp 1024w, https:\/\/preprod.weasywyg.com\/wp-content\/uploads\/2026\/07\/Robida_Alibaba_page8et9-300x191.webp 300w, https:\/\/preprod.weasywyg.com\/wp-content\/uploads\/2026\/07\/Robida_Alibaba_page8et9-768x488.webp 768w, https:\/\/preprod.weasywyg.com\/wp-content\/uploads\/2026\/07\/Robida_Alibaba_page8et9-1536x975.webp 1536w, https:\/\/preprod.weasywyg.com\/wp-content\/uploads\/2026\/07\/Robida_Alibaba_page8et9.webp 1600w\" sizes=\"auto, (max-width: 1024px) 100vw, 1024px\" \/><figcaption class=\"wp-element-caption\">Illustration par Albert Robidat (1848-1926) d\u2019Albi-Baba et les quarante voleurs (r\u00e9impression de 1945)<\/figcaption><\/figure>\n\n\n\n<p class=\"wp-block-paragraph\">Aujourd\u2019hui, bien loin des&nbsp;<a href=\"https:\/\/fr.wikipedia.org\/wiki\/Les_Mille_et_Une_Nuits\" target=\"_blank\" rel=\"noreferrer noopener\">contes des Milles et Une Nuits<\/a>, d\u2019<a href=\"https:\/\/fr.wikipedia.org\/wiki\/Ali_Baba_et_les_Quarante_Voleurs\" target=\"_blank\" rel=\"noreferrer noopener\">Ali Baba et les Quarante voleurs<\/a>, il reste encore des passages bloqu\u00e9s. Des obstacles invisibles pour certains, compliqu\u00e9s pour d\u2019autres. C\u2019est pour pallier cela que la&nbsp;<a href=\"https:\/\/www.service-public.fr\/particuliers\/vosdroits\/F34049\" target=\"_blank\" rel=\"noreferrer noopener\">Carte mobilit\u00e9 inclusion (CMI)<\/a>&nbsp;a \u00e9t\u00e9 cr\u00e9\u00e9e. Certes, elle n\u2019ouvre pas des portes menant \u00e0 des tr\u00e9sors par milliers, mais elle promet des places de parking plus proches, des files prioritaires, des transports adapt\u00e9s et des droits fondamentaux aux personnes qui en ont besoin.<\/p>\n\n\n\n<p class=\"wp-block-paragraph\">Destin\u00e9e aux personnes en situation de handicap ou de perte d\u2019autonomie, la Carte Mobilit\u00e9 Inclusion a pour objectif de faciliter les d\u00e9placements, d\u2019all\u00e9ger certaines contraintes du quotidien et de garantir un acc\u00e8s plus \u00e9quitable aux services priv\u00e9s et publics.<\/p>\n\n\n\n<p class=\"wp-block-paragraph\"><strong>Il en existe trois types :<\/strong>&nbsp;stationnement, priorit\u00e9 et invalidit\u00e9 :<\/p>\n\n\n\n<ul class=\"wp-block-list\">\n<li><strong>\ud83d\ude97 La carte mobilit\u00e9 inclusion stationnement\u200b :<\/strong>&nbsp;pour se garer gratuitement et sans limitation de dur\u00e9e sur toutes les places r\u00e9serv\u00e9es aux personnes en situation de handicap.<\/li>\n\n\n\n<li><strong>\ud83c\udfaf La carte mobilit\u00e9 inclusion priorit\u00e9\u200b :<\/strong>&nbsp;pour donner un acc\u00e8s prioritaire aux files d\u2019attente dans les lieux publics, dans les transports en commun et pour l\u2019acc\u00e8s \u00e0 certains si\u00e8ges r\u00e9serv\u00e9s.<\/li>\n\n\n\n<li><strong>\u267f La carte mobilit\u00e9 inclusion invalidit\u00e9<\/strong>&nbsp;\u200best attribu\u00e9e aux personnes disposant d\u2019un&nbsp;<a href=\"https:\/\/place-handicap.fr\/Evaluation-et-Taux-d-incapacite\" target=\"_blank\" rel=\"noreferrer noopener\">taux d\u2019incapacit\u00e9 d\u2019au moins 80%<\/a>. Elle donne l\u2019acc\u00e8s aux places prioritaires (comme la carte priorit\u00e9), permet certains avantages fiscaux, des tarifs r\u00e9duits dans les transports publics, \u00e9v\u00e9nements culturels, sportifs, etc.<\/li>\n<\/ul>\n\n\n\n<blockquote class=\"wp-block-quote is-layout-flow wp-block-quote-is-layout-flow\">\n<figure class=\"wp-block-table\"><table class=\"has-kb-palette-5-background-color has-background has-fixed-layout\"><tbody><tr><td>\ud83d\udc4d <strong>Une m\u00eame personne peut, sous conditions, d\u00e9tenir plusieurs CMI simultan\u00e9ment.<\/strong><\/td><\/tr><\/tbody><\/table><\/figure>\n<\/blockquote>\n\n\n\n<figure class=\"wp-block-embed is-type-video is-provider-youtube wp-block-embed-youtube wp-embed-aspect-16-9 wp-has-aspect-ratio\"><div class=\"wp-block-embed__wrapper\">\n<iframe loading=\"lazy\" title=\"Tout savoir sur la carte mobilit\u00e9 inclusion (CMI)\" width=\"1480\" height=\"833\" src=\"https:\/\/www.youtube.com\/embed\/VXuthDRbpsI?feature=oembed\" frameborder=\"0\" allow=\"accelerometer; autoplay; clipboard-write; encrypted-media; gyroscope; picture-in-picture; web-share\" referrerpolicy=\"strict-origin-when-cross-origin\" allowfullscreen><\/iframe>\n<\/div><\/figure>\n\n\n\n<h2 class=\"wp-block-heading\">D\u00e9finition et fonctionnement de la Carte Mobilit\u00e9 Inclusion (CMI)<\/h2>\n\n\n\n<p class=\"wp-block-paragraph\">La Carte Mobilit\u00e9 Inclusion (CMI) est un document officiel, d\u00e9livr\u00e9 par la&nbsp;<a href=\"https:\/\/mdphenligne.cnsa.fr\/\" target=\"_blank\" rel=\"noreferrer noopener\">Maison D\u00e9partementale des Personnes Handicap\u00e9es (MDPH)<\/a>. Elle est destin\u00e9e \u00e0 faciliter le quotidien des personnes en situation de handicap ou en perte d\u2019autonomie. Elle remplace progressivement les anciennes cartes, telles que : la carte d\u2019invalidit\u00e9, la carte de priorit\u00e9 pour personne handicap\u00e9e et la carte de stationnement pour personnes en situation de handicap. Elles gardent le m\u00eame objectif : faire valoir leurs droits aux personnes concern\u00e9es.<\/p>\n\n\n\n<p class=\"wp-block-paragraph\"><strong>Chacune des trois cartes a un usage d\u00e9fini mais qui peut, sous conditions, se cumuler avec une autre carte :<\/strong><br>\u27a1\ufe0f une personne peut tr\u00e8s bien poss\u00e9der la carte invalidit\u00e9 et la carte stationnement, ce qui lui permet de stationner gratuitement sur certaines places r\u00e9serv\u00e9es tout en b\u00e9n\u00e9ficiant de tarifs pr\u00e9f\u00e9rentiels \u00e0 certains \u00e9v\u00e9nements et des acc\u00e8s prioritaires.<\/p>\n\n\n\n<h2 class=\"wp-block-heading\">Qui peut b\u00e9n\u00e9ficier de la Carte Mobilit\u00e9 Inclusion ?<\/h2>\n\n\n\n<p class=\"wp-block-paragraph\">La&nbsp;<a href=\"https:\/\/www.service-public.fr\/particuliers\/vosdroits\/F34049\" target=\"_blank\" rel=\"noreferrer noopener\">Carte Mobilit\u00e9 Inclusion<\/a>&nbsp;(CMI) s\u2019adresse \u00e0 toute personne dont l\u2019autonomie est r\u00e9duite en raison d\u2019un handicap ou de l\u2019\u00e2ge. Elle donne acc\u00e8s \u00e0 des droits sp\u00e9cifiques selon la mention attribu\u00e9e : invalidit\u00e9, priorit\u00e9 ou stationnement. Elle peut \u00eatre demand\u00e9e par toute personne vivant avec un handicap physique, sensoriel, psychique ou cognitif et par toute personne \u00e2g\u00e9e en perte d\u2019autonomie, quel que soit son lieu de r\u00e9sidence.<\/p>\n\n\n\n<p class=\"wp-block-paragraph\"><strong>Les crit\u00e8res d\u2019acceptation varient en fonction des mentions de la CMI :<\/strong><\/p>\n\n\n\n<ul class=\"wp-block-list\">\n<li><strong>CMI invalidit\u00e9 :<\/strong>&nbsp;personnes ayant un taux d\u2019incapacit\u00e9 \u00e9gal ou sup\u00e9rieur \u00e0 80% (permanent).<br>\u27a1\ufe0f Ce taux est \u00e9valu\u00e9 par la&nbsp;<a href=\"https:\/\/mdphenligne.cnsa.fr\/\" target=\"_blank\" rel=\"noreferrer noopener\">MDPH<\/a>&nbsp;apr\u00e8s examen&nbsp;<a href=\"https:\/\/preprod.weasywyg.com\/2026\/07\/17\/ouverture-droits-mdph-dossier-en-ligne\/\">de votre dossier<\/a>&nbsp;par la&nbsp;<a href=\"https:\/\/cdaph.fr\/\" target=\"_blank\" rel=\"noreferrer noopener\">CDAPH<\/a>&nbsp;(Commission des droits et de l\u2019autonomie des personnes handicap\u00e9es).<\/li>\n\n\n\n<li><strong>CMI priorit\u00e9 :<\/strong>&nbsp;personnes rencontrant des difficult\u00e9s majeures pour se tenir debout dans une p\u00e9riode prolong\u00e9e.<br>\u27a1\ufe0f Une personne vivant avec de l\u2019arthrite avanc\u00e9e et douloureuse pourra b\u00e9n\u00e9ficier de la CMI priorit\u00e9 si cela concerne ses jambes.<\/li>\n\n\n\n<li><strong>CMI stationnement :<\/strong>&nbsp;personnes poss\u00e9dant des difficult\u00e9s \u00e0 marcher ou n\u00e9cessitant une assistance lors de d\u00e9placements v\u00e9hicul\u00e9s.<br>\u27a1\ufe0fUne personne avec&nbsp;<a href=\"https:\/\/preprod.weasywyg.com\/2026\/07\/06\/tout-savoir-sur-les-maladies-neuromusculaires\/\">la scl\u00e9rose en plaques<\/a>&nbsp;entra\u00eenant des troubles de la marche pourra demander la CMI stationnement.<\/li>\n<\/ul>\n\n\n\n<h2 class=\"wp-block-heading\">Comment faire une demande de carte via la MDPH ?<\/h2>\n\n\n\n<p class=\"wp-block-paragraph\">Faire une demande de Carte mobilit\u00e9 inclusion (CMI) aupr\u00e8s de la&nbsp;<a href=\"https:\/\/preprod.weasywyg.com\/2026\/07\/17\/ouverture-droits-mdph-dossier-en-ligne\/\">MDPH<\/a>&nbsp;peut s\u2019av\u00e9rer \u00eatre un sacr\u00e9 parcours du combattant si l\u2019on n\u2019est pas tr\u00e8s \u00e0 l\u2019aise administrativement parlant. Pas de panique, la premi\u00e8re \u00e9tape est tr\u00e8s simple : il faut r\u00e9cup\u00e9rer le formulaire de demande soit en&nbsp;<a href=\"https:\/\/mdphenligne.cnsa.fr\/\">ligne<\/a>, soit en version&nbsp;<a href=\"https:\/\/www.formulaires.service-public.fr\/gf\/cerfa_15692.do\" target=\"_blank\" rel=\"noreferrer noopener\">papier<\/a>. Le formulaire est unique pour toutes les demandes comme l\u2019<a href=\"https:\/\/www.service-public.fr\/particuliers\/vosdroits\/F12242\" target=\"_blank\" rel=\"noreferrer noopener\">Allocation Adulte Handicap\u00e9<\/a>&nbsp;(AAH), la&nbsp;<a href=\"https:\/\/www.service-public.fr\/particuliers\/vosdroits\/F14202\" target=\"_blank\" rel=\"noreferrer noopener\">Prestation de Compensation du Handicap<\/a>, etc.<\/p>\n\n\n\n<p class=\"wp-block-paragraph\">Ensuite, il s\u2019agira de remplir correctement le dossier MDPH en d\u00e9taillant correctement les besoins li\u00e9s \u00e0 la mobilit\u00e9 et en fournissant des informations coh\u00e9rentes et pr\u00e9cises dans le formulaire de projet de vie.<\/p>\n\n\n<div class=\"orthopus-poulpe-tip wp-block-orthopus-poulpe-tip\">\n\t\t<div class=\"poulpe-tip__icon\" aria-hidden=\"true\">\n\t\t<span class=\"poulpe-tip__icon-placeholder\">\ud83d\udc19<\/span>\n\t<\/div>\n\n\t<div class=\"poulpe-tip__content\">\n\t\t\t\t\t<p class=\"poulpe-tip__title\"><strong>Le vocab\u2019 du poulpe\u00a0\u200b : Projet de vie k\u00e9zako ?<\/strong><\/p>\n\t\t\t\t\t\t\t<p class=\"poulpe-tip__body\">Un\u00a0<a href=\"https:\/\/mdph.meurthe-et-moselle.fr\/mes-besoins\/le-projet-de-vie\" target=\"_blank\" rel=\"noreferrer noopener\">projet de vie<\/a>, dans le cadre du dossier MDPH, est un texte libre o\u00f9 la personne handicap\u00e9e (ou son repr\u00e9sentant) explique ce qu\u2019elle vit au quotidien, ce dont elle a besoin et ce qu\u2019elle souhaite pour l\u2019avenir.<br><br>Concr\u00e8tement, c\u2019est l\u2019endroit o\u00f9 vous pouvez dire, avec vos mots :<br>\u2022 ce que votre handicap vous emp\u00eache de faire,<br>\u2022\u00a0ce qui vous aiderait \u00e0 mieux vivre,<br>\u2022\u00a0et quels sont vos projets (travail, logement, \u00e9tudes, autonomie\u2026).<br>L\u2019objectif est de faire comprendre \u00e0 la MDPH\u00a0<strong>votre situation pour accorder les aides les plus adapt\u00e9es<\/strong>.<\/p>\n\t\t\t<\/div>\n<\/div>\n\n\n\n<p class=\"wp-block-paragraph\">Assurez-vous de bien joindre les documents suivants \u00e0 votre dossier :<\/p>\n\n\n\n<ul class=\"wp-block-list\">\n<li>Un certificat m\u00e9dical de moins de six mois (plus il est r\u00e9cent mieux c\u2019est).<\/li>\n\n\n\n<li>Une photocopie d\u2019une pi\u00e8ce d\u2019identit\u00e9 (carte d\u2019identit\u00e9 ou passeport valide)<\/li>\n\n\n\n<li>Un justificatif de domicile<\/li>\n\n\n\n<li>Des attestations compl\u00e9mentaires concernant le transport, des d\u00e9marches m\u00e9dicales, les frais, les devis, etc.<\/li>\n<\/ul>\n\n\n<div style=\"--cta-bg-color:#B399FF;color:#212233\" class=\"orthopus-cta-inline is-bg-color wp-block-orthopus-cta-inline\">\n\t\n\t<div\n\t\tclass=\"cta-inline__overlay\"\n\t\tstyle=\"background-color:#212233;opacity:0;\"\n\t\taria-hidden=\"true\"\n\t><\/div>\n\n\t<div class=\"cta-inline__inner\">\n\t\t<div class=\"cta-inline__content\">\n\t\t\t\t\t\t\t<p class=\"cta-inline__title\">Ne laissez rien au hasard<\/p>\n\t\t\t\t\t\t\t\t\t\t<p class=\"cta-inline__text\">Suivez une checklist pratique pour pr\u00e9parer votre demande MDPH \u00e9tape par \u00e9tape.<\/p>\n\t\t\t\t\t\t\t\t\t\t<div class=\"wp-block-button cta-inline__button\">\n\t\t\t\t\t<a class=\"wp-block-button__link wp-element-button\" href=\"https:\/\/preprod.weasywyg.com\/wp-content\/uploads\/2026\/07\/CTT-250708-Check-list-_-Preparer-sa-demande-MDPH.docx.pdf\" target=\"_blank\" rel=\"noopener noreferrer\" style=\"--cta-btn-bg:#92FFAC;--cta-btn-color:#212233;--cta-btn-border:2px solid #212233;--cta-btn-hover-bg:#212233;--cta-btn-hover-color:#E1FFF9\">\n\t\t\t\t\t\tT\u00e9l\u00e9chargez la checklist du poulpe pour pr\u00e9parer sa demande MDPH\t\t\t\t\t<\/a>\n\t\t\t\t<\/div>\n\t\t\t\t\t<\/div>\n\t\t\t<\/div>\n<\/div>\n\n\n\n<p class=\"wp-block-paragraph\">Apr\u00e8s envoi de votre dossier \u00e0 la MDPH, vous avez un mois pour recevoir un accus\u00e9 de r\u00e9ception. C\u2019est \u00e0 partir de celui-ci que vous pourrez d\u00e9compter les 4 \u00e0 6 mois de d\u00e9lai de traitement de votre dossier par la&nbsp;<a href=\"https:\/\/cdaph.fr\/\" target=\"_blank\" rel=\"noreferrer noopener\">CDAPH<\/a>&nbsp;(Commission des droits et de l\u2019autonomie des personnes handicap\u00e9es). La dur\u00e9e de validit\u00e9 d\u2019une Carte mobilit\u00e9 inclusion allant de&nbsp;<a href=\"https:\/\/www.caf.fr\/allocataires\/vies-de-famille\/articles\/tout-savoir-sur-la-carte-mobilite-inclusion-invalidite#:~:text=Les%20CMI%20Invalidit%C3%A9%20correspondent%20%C3%A0,ans%2C%20en%20fonction%20des%20cas.\" target=\"_blank\" rel=\"noreferrer noopener\">1 \u00e0 20 ans maximum<\/a>,&nbsp;<strong>il est recommand\u00e9 de pr\u00e9voir 6 mois \u00e0 l\u2019avance son renouvellement afin de ne pas avoir une p\u00e9riode sans celle-ci<\/strong>.<\/p>\n\n\n\n<div data-wp-context=\"{ &quot;autoclose&quot;: false, &quot;accordionItems&quot;: [] }\" data-wp-interactive=\"core\/accordion\" role=\"group\" class=\"wp-block-accordion is-layout-flow wp-block-accordion-is-layout-flow\">\n<div data-wp-class--is-open=\"state.isOpen\" data-wp-context=\"{ &quot;id&quot;: &quot;accordion-item-1&quot;, &quot;openByDefault&quot;: false }\" data-wp-init=\"callbacks.initAccordionItems\" data-wp-on-window--hashchange=\"callbacks.hashChange\" class=\"wp-block-accordion-item is-layout-flow wp-block-accordion-item-is-layout-flow\">\n<h3 class=\"wp-block-accordion-heading has-icon has-icon-right\"><button aria-expanded=\"false\" aria-controls=\"accordion-item-1-panel\" data-wp-bind--aria-expanded=\"state.isOpen\" data-wp-on--click=\"actions.toggle\" id=\"accordion-item-1\" type=\"button\" class=\"wp-block-accordion-heading__toggle\"><span class=\"wp-block-accordion-heading__toggle-title\">Les tutos du poulpe : demander une Carte Mobilit\u00e9 Inclusion (CMI) dans un dossier MDPH<\/span><span class=\"wp-block-accordion-heading__toggle-icon\" aria-hidden=\"true\">+<\/span><\/button><\/h3>\n\n\n\n<div aria-labelledby=\"accordion-item-1\" data-wp-bind--hidden=\"state.isHidden\" data-wp-on--beforematch=\"actions.handleBeforeMatch\" id=\"accordion-item-1-panel\" role=\"region\" class=\"wp-block-accordion-panel is-layout-flow wp-block-accordion-panel-is-layout-flow\">\n<p class=\"wp-block-paragraph\">Si vous souhaitez demander une carte handicap MDPH \u2013 CMI \u2013 dans votre dossier MDPH, cela concerne les&nbsp;<strong>parties B (pages 5 \u00e0 8) et E (page 17)<\/strong>. Elles comportent de nombreux points de vigilance&nbsp;<strong>(encadr\u00e9s en rose)<\/strong>&nbsp;en particulier si vous cherchez \u00e0 obtenir un type pr\u00e9cis de CMI.<\/p>\n\n\n\n<figure class=\"wp-block-image size-large\"><img decoding=\"async\" width=\"1024\" height=\"724\" fetchpriority=\"low\" src=\"https:\/\/preprod.weasywyg.com\/wp-content\/uploads\/2026\/07\/IMG-250708-MDPH-pages-5-6-1024x724.webp\" alt=\"\" class=\"wp-image-19187\" srcset=\"https:\/\/preprod.weasywyg.com\/wp-content\/uploads\/2026\/07\/IMG-250708-MDPH-pages-5-6-1024x724.webp 1024w, https:\/\/preprod.weasywyg.com\/wp-content\/uploads\/2026\/07\/IMG-250708-MDPH-pages-5-6-300x212.webp 300w, https:\/\/preprod.weasywyg.com\/wp-content\/uploads\/2026\/07\/IMG-250708-MDPH-pages-5-6-768x543.webp 768w, https:\/\/preprod.weasywyg.com\/wp-content\/uploads\/2026\/07\/IMG-250708-MDPH-pages-5-6-1536x1086.webp 1536w, https:\/\/preprod.weasywyg.com\/wp-content\/uploads\/2026\/07\/IMG-250708-MDPH-pages-5-6.webp 2000w\" sizes=\"(max-width: 1024px) 100vw, 1024px\" \/><\/figure>\n\n\n\n<figure class=\"wp-block-image size-large\"><img decoding=\"async\" width=\"1024\" height=\"724\" fetchpriority=\"low\" src=\"https:\/\/preprod.weasywyg.com\/wp-content\/uploads\/2026\/07\/IMG-250708-MDPH-pages-7-8--1024x724.webp\" alt=\"Dossier MPDH pour demande Carte mobilit\u00e9 inclusion\" class=\"wp-image-19186\" srcset=\"https:\/\/preprod.weasywyg.com\/wp-content\/uploads\/2026\/07\/IMG-250708-MDPH-pages-7-8--1024x724.webp 1024w, https:\/\/preprod.weasywyg.com\/wp-content\/uploads\/2026\/07\/IMG-250708-MDPH-pages-7-8--300x212.webp 300w, https:\/\/preprod.weasywyg.com\/wp-content\/uploads\/2026\/07\/IMG-250708-MDPH-pages-7-8--768x543.webp 768w, https:\/\/preprod.weasywyg.com\/wp-content\/uploads\/2026\/07\/IMG-250708-MDPH-pages-7-8--1536x1086.webp 1536w, https:\/\/preprod.weasywyg.com\/wp-content\/uploads\/2026\/07\/IMG-250708-MDPH-pages-7-8-.webp 2000w\" sizes=\"(max-width: 1024px) 100vw, 1024px\" \/><\/figure>\n\n\n\n<figure class=\"wp-block-image size-large\"><img decoding=\"async\" width=\"1024\" height=\"887\" fetchpriority=\"low\" src=\"https:\/\/preprod.weasywyg.com\/wp-content\/uploads\/2026\/07\/IMG-250708-MDPH-page-17-1024x887.webp\" alt=\"\" class=\"wp-image-19188\" srcset=\"https:\/\/preprod.weasywyg.com\/wp-content\/uploads\/2026\/07\/IMG-250708-MDPH-page-17-1024x887.webp 1024w, https:\/\/preprod.weasywyg.com\/wp-content\/uploads\/2026\/07\/IMG-250708-MDPH-page-17-300x260.webp 300w, https:\/\/preprod.weasywyg.com\/wp-content\/uploads\/2026\/07\/IMG-250708-MDPH-page-17-768x665.webp 768w, https:\/\/preprod.weasywyg.com\/wp-content\/uploads\/2026\/07\/IMG-250708-MDPH-page-17-1536x1330.webp 1536w, https:\/\/preprod.weasywyg.com\/wp-content\/uploads\/2026\/07\/IMG-250708-MDPH-page-17.webp 1584w\" sizes=\"(max-width: 1024px) 100vw, 1024px\" \/><\/figure>\n<\/div>\n<\/div>\n<\/div>\n\n\n\n<h2 class=\"wp-block-heading\">Les trois types de Carte Mobilit\u00e9 Inclusion : quelles diff\u00e9rences et quels droits ?<\/h2>\n\n\n\n<p class=\"wp-block-paragraph\">La carte handicap inclusion, aussi appel\u00e9e Carte mobilit\u00e9 inclusion (CMI) est un dispositif essentiel pour les personnes en situation de handicap. Elle se d\u00e9cline en trois mentions distinctes : stationnement, invalidit\u00e9 et priorit\u00e9. Chacune de ces mentions donne des droits sp\u00e9cifiques selon la situation du b\u00e9n\u00e9ficiaire.<\/p>\n\n\n\n<h3 class=\"wp-block-heading\">CMI stationnement<\/h3>\n\n\n\n<figure class=\"wp-block-image size-full\"><img loading=\"lazy\" decoding=\"async\" width=\"720\" height=\"340\" src=\"https:\/\/preprod.weasywyg.com\/wp-content\/uploads\/2026\/07\/IMG-250710-cmi-stationnement.webp\" alt=\"CMI Stationnement\" class=\"wp-image-19189\" srcset=\"https:\/\/preprod.weasywyg.com\/wp-content\/uploads\/2026\/07\/IMG-250710-cmi-stationnement.webp 720w, https:\/\/preprod.weasywyg.com\/wp-content\/uploads\/2026\/07\/IMG-250710-cmi-stationnement-300x142.webp 300w\" sizes=\"auto, (max-width: 720px) 100vw, 720px\" \/><\/figure>\n\n\n\n<p class=\"wp-block-paragraph\">La CMI stationnement offre la possibilit\u00e9 \u00e0 son ou sa titulaire de stationner gratuitement et sans limitation de dur\u00e9e sur les places r\u00e9serv\u00e9es aux personnes handicap\u00e9es (aussi appel\u00e9es PMR), partout en France. Il n\u2019est pas n\u00e9cessaire d\u2019\u00eatre la personne qui conduit le v\u00e9hicule : il suffit d\u2019y \u00eatre en tant que passager. Toute personne qui d\u00e9tient la CMI stationnement peut en b\u00e9n\u00e9ficier, \u00e0 condition que la demande soit valid\u00e9e par la MDPH.<\/p>\n\n\n\n<figure class=\"wp-block-image size-full\"><img loading=\"lazy\" decoding=\"async\" width=\"1024\" height=\"713\" src=\"https:\/\/preprod.weasywyg.com\/wp-content\/uploads\/2026\/07\/IMG-250710-emplacementvoiturestationnement.webp\" alt=\"CMI \u00e0 placer sur le pare brise avant\" class=\"wp-image-19190\" srcset=\"https:\/\/preprod.weasywyg.com\/wp-content\/uploads\/2026\/07\/IMG-250710-emplacementvoiturestationnement.webp 1024w, https:\/\/preprod.weasywyg.com\/wp-content\/uploads\/2026\/07\/IMG-250710-emplacementvoiturestationnement-300x209.webp 300w, https:\/\/preprod.weasywyg.com\/wp-content\/uploads\/2026\/07\/IMG-250710-emplacementvoiturestationnement-768x535.webp 768w\" sizes=\"auto, (max-width: 1024px) 100vw, 1024px\" \/><\/figure>\n\n\n\n<p class=\"wp-block-paragraph\">Attention, la carte est \u00e0 disposer&nbsp;<strong>derri\u00e8re le pare-brise<\/strong>&nbsp;avant si le stationnement est effectu\u00e9. Sans cela, les autorit\u00e9s comp\u00e9tentes peuvent distribuer une amende sans restriction.<\/p>\n\n\n\n<h3 class=\"wp-block-heading\">CMI invalidit\u00e9<\/h3>\n\n\n\n<p class=\"wp-block-paragraph\">La CMI invalidit\u00e9 MDPH est destin\u00e9e aux personnes ayant un taux d\u2019incapacit\u00e9 d\u2019au moins 80% \u2013 ou b\u00e9n\u00e9ficiant d\u2019une&nbsp;<a href=\"https:\/\/www.aide-sociale.fr\/categorie-3-invalidite\/\" target=\"_blank\" rel=\"noreferrer noopener\">pension d\u2019invalidit\u00e9 de 3e cat\u00e9gorie<\/a>.<\/p>\n\n\n\n<p class=\"wp-block-paragraph\">Elle permet :<\/p>\n\n\n\n<ul class=\"wp-block-list\">\n<li>D\u2019avoir un acc\u00e8s prioritaire dans les lieux publics et dans les transports en commun (priorit\u00e9 pour l\u2019attribution de logements adapt\u00e9s, gratuit\u00e9 de certains parkings, etc.)<\/li>\n\n\n\n<li>Des avantages fiscaux (r\u00e9duction d\u2019imp\u00f4ts, etc.)<\/li>\n\n\n\n<li>Des tarifs pr\u00e9f\u00e9rentiels (carte de r\u00e9duction SNCF, etc.)<\/li>\n\n\n\n<li>Un droit sp\u00e9cial d\u2019accompagnant gratuit.<\/li>\n<\/ul>\n\n\n\n<figure class=\"wp-block-image size-full\"><img loading=\"lazy\" decoding=\"async\" width=\"700\" height=\"446\" src=\"https:\/\/preprod.weasywyg.com\/wp-content\/uploads\/2026\/07\/IMG-250710-cmiinvalidite.webp\" alt=\"CMI invalidit\u00e9\" class=\"wp-image-19191\" srcset=\"https:\/\/preprod.weasywyg.com\/wp-content\/uploads\/2026\/07\/IMG-250710-cmiinvalidite.webp 700w, https:\/\/preprod.weasywyg.com\/wp-content\/uploads\/2026\/07\/IMG-250710-cmiinvalidite-300x191.webp 300w\" sizes=\"auto, (max-width: 700px) 100vw, 700px\" \/><\/figure>\n\n\n\n<h3 class=\"wp-block-heading\">CMI priorit\u00e9<\/h3>\n\n\n\n<div class=\"wp-block-media-text is-stacked-on-mobile\"><figure class=\"wp-block-media-text__media\"><img loading=\"lazy\" decoding=\"async\" width=\"1024\" height=\"682\" src=\"https:\/\/preprod.weasywyg.com\/wp-content\/uploads\/2026\/07\/IMG-250710-cmi-priorite-1024x682.webp\" alt=\"CMI priorit\u00e9\" class=\"wp-image-19192 size-full\" srcset=\"https:\/\/preprod.weasywyg.com\/wp-content\/uploads\/2026\/07\/IMG-250710-cmi-priorite-1024x682.webp 1024w, https:\/\/preprod.weasywyg.com\/wp-content\/uploads\/2026\/07\/IMG-250710-cmi-priorite-300x200.webp 300w, https:\/\/preprod.weasywyg.com\/wp-content\/uploads\/2026\/07\/IMG-250710-cmi-priorite-768x512.webp 768w, https:\/\/preprod.weasywyg.com\/wp-content\/uploads\/2026\/07\/IMG-250710-cmi-priorite-1536x1023.webp 1536w, https:\/\/preprod.weasywyg.com\/wp-content\/uploads\/2026\/07\/IMG-250710-cmi-priorite.webp 1600w\" sizes=\"auto, (max-width: 1024px) 100vw, 1024px\" \/><\/figure><div class=\"wp-block-media-text__content\">\n<p class=\"wp-block-paragraph\">La CMI priorit\u00e9 est attribu\u00e9e aux personnes qui ne remplissent pas les crit\u00e8res de la CMI invalidit\u00e9 mais qui vivent avec une pathologie qui rend difficile le fait d\u2019\u00eatre debout.<\/p>\n<\/div><\/div>\n\n\n\n<p class=\"wp-block-paragraph\"><strong>Selon le&nbsp;<a href=\"https:\/\/www.legifrance.gouv.fr\/loda\/id\/JORFTEXT000033691882\" target=\"_blank\" rel=\"noreferrer noopener\">d\u00e9cret n\u00b02016-1848<\/a>&nbsp;du 23 d\u00e9cembre 2016 :<br><br><\/strong><em>\u201cLa carte de priorit\u00e9 est destin\u00e9e \u00e0 toute personne pour laquelle la station debout est p\u00e9nible, et ce, ind\u00e9pendamment du taux d\u2019incapacit\u00e9 reconnu.\u201d <\/em>Elle accorde un acc\u00e8s prioritaire dans certaines situations du quotidien, comme les files d\u2019attente, les transports en commun ou les \u00e9tablissements recevant du public (mairies, services sociaux, etc.).<\/p>\n\n\n\n<h2 class=\"wp-block-heading\">Avantages concrets de la Carte Mobilit\u00e9 Inclusion dans la vie quotidienne<\/h2>\n\n\n\n<p class=\"wp-block-paragraph\">La CMI ne se limite pas \u00e0 un simple document : elle formalise des droits et des mesures de compensation qui facilitent le quotidien des personnes en situation de handicap, ainsi que parfois celui de leurs aidant\u2022es, dans de nombreux aspects de la vie courante.<\/p>\n\n\n\n<figure class=\"wp-block-table\"><table class=\"has-fixed-layout\"><tbody><tr><td class=\"has-text-align-left\" data-align=\"left\"><strong>Avantages<\/strong><\/td><td><strong>CMI priorit\u00e9<\/strong><\/td><td><strong>CMI invalidit\u00e9<\/strong><\/td><td><strong>CMI stationnement<\/strong><\/td><\/tr><tr><td class=\"has-text-align-left\" data-align=\"left\"><strong>Priorit\u00e9 dans les files<\/strong><\/td><td>Oui<\/td><td>Oui<\/td><td>Non<\/td><\/tr><tr><td class=\"has-text-align-left\" data-align=\"left\"><strong>R\u00e9duction dans les transports (<a href=\"https:\/\/www.sncf-connect.com\/aide\/voyagez-avec-nous-quel-que-soit-votre-handicap\" target=\"_blank\" rel=\"noreferrer noopener\">SNCF<\/a>, etc.)<\/strong><\/td><td>Non<\/td><td>Oui et avec un\u2022e accompagnant\u2022e<\/td><td>Non<\/td><\/tr><tr><td class=\"has-text-align-left\" data-align=\"left\"><strong>Tarifs culturels r\u00e9duits (mus\u00e9es, parcs d\u2019attraction, etc.)<\/strong><\/td><td>Oui parfois<\/td><td>Oui et avec un\u2022e accompagnant\u2022e<\/td><td>Non<\/td><\/tr><tr><td class=\"has-text-align-left\" data-align=\"left\"><strong>Stationnement PMR<\/strong><\/td><td>Non<\/td><td>Non<\/td><td>Oui<\/td><\/tr><\/tbody><\/table><\/figure>\n\n\n\n<h2 class=\"wp-block-heading\">Validit\u00e9, renouvellement et perte de la carte : que faut-il savoir ?<\/h2>\n\n\n\n<p class=\"wp-block-paragraph\">La dur\u00e9e de validit\u00e9 des cartes peut varier de&nbsp;<a href=\"https:\/\/www.caf.fr\/allocataires\/vies-de-famille\/articles\/tout-savoir-sur-la-carte-mobilite-inclusion-invalidite#:~:text=Les%20CMI%20Invalidit%C3%A9%20correspondent%20%C3%A0,ans%2C%20en%20fonction%20des%20cas.\" target=\"_blank\" rel=\"noreferrer noopener\">1 \u00e0 20 ans<\/a>, voire, dans des cas exceptionnels, \u00eatre permanente. La validit\u00e9 change en fonction des types de handicap, plus il est \u00e9volutif, moins la dur\u00e9e de validit\u00e9 sera longue. Pour en profiter pleinement, il est important de&nbsp;<strong>bien commencer ses d\u00e9marches de renouvellement six mois avant la date de p\u00e9remption de la carte<\/strong>. Pour renouveler votre carte, il faudra soit remplir de nouveau tout un&nbsp;<a href=\"https:\/\/preprod.weasywyg.com\/2026\/07\/17\/ouverture-droits-mdph-dossier-en-ligne\/\">dossier MDPH<\/a>&nbsp;(si votre situation a \u00e9volu\u00e9e) ou simplement joindre un formulaire simplifi\u00e9 fourni par la MDPH (si votre situation est similaire \u00e0 la premi\u00e8re demande.<\/p>\n\n\n\n<p class=\"wp-block-paragraph\">Si vous avez perdu ou que votre carte a \u00e9t\u00e9 vol\u00e9e, il est possible de demander un duplicata ou un second exemplaire de votre carte en&nbsp;<a href=\"https:\/\/www.carte-mobilite-inclusion.fr\/authentification\" target=\"_blank\" rel=\"noreferrer noopener\">ligne<\/a>. Veillez bien \u00e0 vous munir de vos identifiants CMI pr\u00e9sents dans le courrier de demande d\u2019envoi photo (que vous recevez une fois votre dossier MDPH accept\u00e9). Si vous \u00eates le parent divorc\u00e9 d\u2019un enfant disposant d\u2019une CMI, vous pouvez tr\u00e8s bien demander un second exemplaire pour que chacun des v\u00e9hicules parentaux en dispose.<\/p>\n\n\n\n<h2 class=\"wp-block-heading\">Cas particuliers : enfants, mobilit\u00e9 \u00e0 l\u2019\u00e9tranger, v\u00e9hicules adapt\u00e9s<\/h2>\n\n\n\n<p class=\"wp-block-paragraph\">Si la Carte mobilit\u00e9 inclusion (CMI) s\u2019adresse \u00e0 un large public, une partie de celui-ci demeure cependant mal connue : les enfants en situation de handicap, les utilisateur\u2022rices qui voyagent \u00e0 l\u2019\u00e9tranger ou encore les cas de v\u00e9hicules am\u00e9nag\u00e9s jumel\u00e9s avec une CMI.<\/p>\n\n\n\n<h3 class=\"wp-block-heading\">CMI pour les enfants<\/h3>\n\n\n\n<p class=\"wp-block-paragraph\">Comme la CMI n\u2019a pas de limitation d\u2019\u00e2ge,&nbsp;<a href=\"https:\/\/www.enfant-different.org\/vos-aides\/vos-aides-cmi\/\" target=\"_blank\" rel=\"noreferrer noopener\">les enfants peuvent bien \u00e9videmment en b\u00e9n\u00e9ficier<\/a>. La demande est donc faite par les parents ou les repr\u00e9sentants l\u00e9gaux, aupr\u00e8s de la MDPH. Selon le type de CMI obtenu, l\u2019enfant peut, en lien avec sa scolarit\u00e9, obtenir :<\/p>\n\n\n\n<ul class=\"wp-block-list\">\n<li>Un accompagnement par un&nbsp;<a href=\"https:\/\/orthopus.com\/fr\/dossier-mdph\/accompagnement-educatif-et-social-handicape\/\" target=\"_blank\" rel=\"noreferrer noopener\">AESH (Accompagnant \u00e9ducatif et social handicap\u00e9)<\/a>.<\/li>\n\n\n\n<li>Un acc\u00e8s \u00e0 des services de transport scolaire adapt\u00e9s<\/li>\n\n\n\n<li>Une priorit\u00e9 d\u2019acc\u00e8s dans certains lieux \u00e9ducatifs et m\u00e9dicaux.<\/li>\n\n\n\n<li>Des facilit\u00e9s de stationnement pour les parents.<\/li>\n<\/ul>\n\n\n\n<h3 class=\"wp-block-heading\">Utilisation de la CMI \u00e0 l\u2019\u00e9tranger<\/h3>\n\n\n\n<p class=\"wp-block-paragraph\">La CMI est&nbsp;<a href=\"https:\/\/europa.eu\/youreurope\/citizens\/travel\/transport-disability\/parking-card-disabilities-people\/index_fr.htm\" target=\"_blank\" rel=\"noreferrer noopener\">reconnue dans l\u2019Union Europ\u00e9enne<\/a>, principalement sous sa mention \u201cstationnement\u201d. Elle permet d\u2019utiliser les places de stationnement PMR dans la plupart des pays membres. Les autres mentions \u2013 invalidit\u00e9 et priorit\u00e9 \u2013 ne sont pas toujours reconnues \u00e0 l\u2019\u00e9tranger. Afin de pallier cela, une carte europ\u00e9enne du handicap est en cours de discussion et d\u2019harmonisation. Si vous effectuez un voyage hors Union Europ\u00e9enne, il est recommand\u00e9 de se renseigner aupr\u00e8s de l\u2019ambassade et des consulats du pays dans lequel vous pr\u00e9voyez de s\u00e9journer.<\/p>\n\n\n\n<h3 class=\"wp-block-heading\">CMI et v\u00e9hicules am\u00e9nag\u00e9s<\/h3>\n\n\n\n<p class=\"wp-block-paragraph\">Les personnes titulaires d\u2019une CMI invalidit\u00e9 ou stationnement peuvent obtenir des avantages sp\u00e9cifiques li\u00e9s \u00e0 l\u2019utilisation d\u2019un&nbsp;<a href=\"https:\/\/www.loire.gouv.fr\/Actions-de-l-Etat\/Solidarite-et-cohesion-sociale\/Politiques-en-faveur-des-personnes-en-situation-de-handicap\/Carte-Mobilite-Inclusion-CMI-personnes-morales\/Categories-de-vehicules\" target=\"_blank\" rel=\"noreferrer noopener\">v\u00e9hicule adapt\u00e9 ou am\u00e9nag\u00e9<\/a>.<\/p>\n\n\n\n<p class=\"wp-block-paragraph\"><strong>Parmi ceux-ci, il est possible :<\/strong><\/p>\n\n\n\n<ul class=\"wp-block-list\">\n<li>D\u2019\u00eatre exon\u00e9r\u00e9 de la taxe sur la carte grise (cela varie avec les r\u00e9gions).<\/li>\n\n\n\n<li>De disposer d\u2019aides de la MDPH ou de l\u2019<a href=\"https:\/\/www.agefiph.fr\/\" target=\"_blank\" rel=\"noreferrer noopener\">AGEFIPH<\/a>&nbsp;pour l\u2019am\u00e9nagement du poste de conduite ou l\u2019adaptation li\u00e9 au transport de fauteuil roulant.<\/li>\n\n\n\n<li>D\u2019\u00eatre prioritaire pour les places de stationnement r\u00e9serv\u00e9es, y compris dans les copropri\u00e9t\u00e9s et les parkings priv\u00e9s.<\/li>\n<\/ul>\n\n\n\n<h2 class=\"wp-block-heading\">Que faire en cas de refus, de perte ou d\u2019abus ?<\/h2>\n\n\n\n<h3 class=\"wp-block-heading\">Recours en cas de refus<\/h3>\n\n\n\n<p class=\"wp-block-paragraph\">Si votre demande de carte a \u00e9t\u00e9&nbsp;<strong>refus\u00e9e par la MDPH<\/strong>, vous \u00eates en droit de contester cette d\u00e9cision par deux moyens :<\/p>\n\n\n\n<ul class=\"wp-block-list\">\n<li>Le recours administratif pr\u00e9alable obligatoire, \u00e0 adresser par lettre recommand\u00e9e avec accus\u00e9 de r\u00e9ception au pr\u00e9sident de la&nbsp;<a href=\"https:\/\/cdaph.fr\/\" target=\"_blank\" rel=\"noreferrer noopener\">CDAPH<\/a>&nbsp;(Commission des Droits et de l\u2019Autonomie des Personnes Handicap\u00e9es).<br>\u27a1\ufe0f D\u00e9lai : 2 mois \u00e0 compter de la notification de refus<a href=\"https:\/\/preprod.weasywyg.com\/wp-content\/uploads\/2026\/07\/Modele-de-lettre-pour-recours-en-cas-de-refus-CMI.pdf\"><br>\u27a1\ufe0f Un mod\u00e8le de lettre est disponible juste ici<\/a>&nbsp;\ud83d\ude09<br><\/li>\n\n\n\n<li>Le recours au tribunal si le recours administratif \u00e9choue.<br>\u27a1\ufe0f D\u00e9lai : 2 mois apr\u00e8s la r\u00e9ponse n\u00e9gative ou l\u2019absence de r\u00e9ponse du recours administratif.<\/li>\n<\/ul>\n\n\n\n<h3 class=\"wp-block-heading\">Renouvellement, duplicata et perte<\/h3>\n\n\n\n<p class=\"wp-block-paragraph\">Si vous avez besoin d\u2019un renouvellement de&nbsp;<a href=\"https:\/\/www.service-public.fr\/particuliers\/vosdroits\/F34049\" target=\"_blank\" rel=\"noreferrer noopener\">CMI<\/a>, il suffit de repasser par la&nbsp;<a href=\"https:\/\/mdphenligne.cnsa.fr\/\" target=\"_blank\" rel=\"noreferrer noopener\">Maison D\u00e9partementale des Personnes Handicap\u00e9es<\/a>&nbsp;(MDPH) avec un certificat m\u00e9dical actualis\u00e9 et un dossier complet si votre situation a \u00e9volu\u00e9 depuis votre dernier dossier. Si votre situation est la m\u00eame que lors de votre derni\u00e8re demande, la MDPH vous enverra un formulaire simplifi\u00e9 de renouvellement mais toujours \u00e0 renvoyer avec un certificat m\u00e9dical actualis\u00e9.<\/p>\n\n\n\n<blockquote class=\"wp-block-quote is-layout-flow wp-block-quote-is-layout-flow\">\n<figure class=\"wp-block-table\"><table class=\"has-kb-palette-5-background-color has-background has-fixed-layout\"><tbody><tr><td>\u26a0\ufe0f Attention \u00e0 bien&nbsp;<strong>pr\u00e9voir un renouvellement de carte six mois avant la date de p\u00e9remption marqu\u00e9 sur la CMI<\/strong>.<\/td><\/tr><\/tbody><\/table><\/figure>\n<\/blockquote>\n\n\n\n<p class=\"wp-block-paragraph\">Si vous avez perdu, d\u00e9t\u00e9rior\u00e9 ou vous vous \u00eates fait voler votre carte, il est possible de demander un duplicata directement en&nbsp;<a href=\"https:\/\/www.carte-mobilite-inclusion.fr\/authentification\" target=\"_blank\" rel=\"noreferrer noopener\">ligne<\/a>.&nbsp;<strong>En cas de vol \u2013 afin que personne n\u2019use de votre carte \u00e0 vos d\u00e9pens \u2013 pensez \u00e0 faire une d\u00e9claration aupr\u00e8s de la police ou de la gendarmerie.<\/strong><\/p>\n\n\n\n<h3 class=\"wp-block-heading\">Fraudes et sanctions<\/h3>\n\n\n\n<p class=\"wp-block-paragraph\"><strong>L\u2019usage abusif de la CMI est puni par la loi, parmi ceux-ci :<\/strong><\/p>\n\n\n\n<ul class=\"wp-block-list\">\n<li>Utilisation de la carte sans la pr\u00e9sence du ou de la b\u00e9n\u00e9ficiaire<\/li>\n\n\n\n<li>Photocopie ou modification de la carte<\/li>\n\n\n\n<li>Utilisation apr\u00e8s la fin de la validit\u00e9<\/li>\n<\/ul>\n\n\n\n<h2 class=\"wp-block-heading\">Accessibilit\u00e9 num\u00e9rique de la CMI : vers une carte intelligente et connect\u00e9e ?<\/h2>\n\n\n\n<p class=\"wp-block-paragraph\">Alors que la d\u00e9mat\u00e9rialisation des services publics s\u2019acc\u00e9l\u00e8re, la Carte mobilit\u00e9 inclusion entame elle aussi une transformation num\u00e9rique. Bien que son format reste aujourd\u2019hui principalement physique, plusieurs \u00e9volutions ouvrent la voie \u00e0 une CMI connect\u00e9e. Depuis quelques ann\u00e9es, des outils en ligne sont d\u00e9j\u00e0 disponibles pour la gestion et le suivi de la carte :<\/p>\n\n\n\n<ul class=\"wp-block-list\">\n<li>Acc\u00e8s \u00e0 un espace personnel s\u00e9curis\u00e9 :&nbsp;<a href=\"https:\/\/www.carte-mobilite-inclusion.fr\/authentification\" target=\"_blank\" rel=\"noreferrer noopener\">https:\/\/www.carte-mobilite-inclusion.fr\/authentification<\/a><\/li>\n\n\n\n<li>Consultation en ligne de la validit\u00e9 de la carte.<br>Commande de duplicata ou de seconde carte \u00e0 distance.<\/li>\n\n\n\n<li>QR code int\u00e9gr\u00e9 \u00e0 la carte physique pour v\u00e9rifier sa validit\u00e9 et ses mentions.<\/li>\n<\/ul>\n\n\n\n<p class=\"wp-block-paragraph\">\u00c0 ce jour, la CMI n\u2019est pas encore une carte \u201cintelligente\u201d au sens strict : elle ne dispose pas de&nbsp;<a href=\"https:\/\/sbedirect.com\/fr\/blog\/article\/comprendre-la-rfid-en-10-points.html?srsltid=AfmBOoqzBIZH2sE8ZRSXdkdcUUwwdVdWTKxVT8TDneSKZUWlJhM1Hgfk\" target=\"_blank\" rel=\"noreferrer noopener\">puce RFID<\/a>&nbsp;(petit composant \u00e9lectronique qui stocke des informations et peut les transmettre \u00e0 distance sans contact, gr\u00e2ce \u00e0 des ondes radio) ou de&nbsp;<a href=\"https:\/\/www.lesnumeriques.com\/informatique\/nfc-tout-savoir-sur-la-technologie-d-echange-de-donnees-a195061.html\" target=\"_blank\" rel=\"noreferrer noopener\">technologie NFC<\/a>&nbsp;(permet \u00e0 deux appareils proches de communiquer sans fil pour \u00e9changer des donn\u00e9es rapidement et en toute s\u00e9curit\u00e9), il n\u2019y pas d\u2019interaction directe avec des \u00e9quipements comme des bornes de transport, etc. Ces \u00e9volutions sont techniquement envisageables et d\u00e9j\u00e0 observ\u00e9es sur des cartes de ce m\u00eame format. Cette num\u00e9risation de la&nbsp;<a href=\"https:\/\/www.service-public.fr\/particuliers\/vosdroits\/F34049\" target=\"_blank\" rel=\"noreferrer noopener\">carte mobilit\u00e9 inclusion<\/a>&nbsp;pourrait am\u00e9liorer significativement l\u2019accessibilit\u00e9 r\u00e9elle aux droits, la lutte contre les fraudes, la simplification des contr\u00f4les et la mutation facile d\u2019une carte nationale \u00e0 une carte europ\u00e9enne.<\/p>\n\n\n\n<h2 class=\"wp-block-heading\">Foire aux questions<\/h2>\n\n\n\n<div data-wp-context=\"{ &quot;autoclose&quot;: false, &quot;accordionItems&quot;: [] }\" data-wp-interactive=\"core\/accordion\" role=\"group\" class=\"wp-block-accordion is-layout-flow wp-block-accordion-is-layout-flow\">\n<div data-wp-class--is-open=\"state.isOpen\" data-wp-context=\"{ &quot;id&quot;: &quot;accordion-item-2&quot;, &quot;openByDefault&quot;: false }\" data-wp-init=\"callbacks.initAccordionItems\" data-wp-on-window--hashchange=\"callbacks.hashChange\" class=\"wp-block-accordion-item is-layout-flow wp-block-accordion-item-is-layout-flow\">\n<h3 class=\"wp-block-accordion-heading has-icon has-icon-right\"><button aria-expanded=\"false\" aria-controls=\"accordion-item-2-panel\" data-wp-bind--aria-expanded=\"state.isOpen\" data-wp-on--click=\"actions.toggle\" id=\"accordion-item-2\" type=\"button\" class=\"wp-block-accordion-heading__toggle\"><span class=\"wp-block-accordion-heading__toggle-title\">Quels sont les handicaps reconnus pour la MDPH ?<\/span><span class=\"wp-block-accordion-heading__toggle-icon\" aria-hidden=\"true\">+<\/span><\/button><\/h3>\n\n\n\n<div aria-labelledby=\"accordion-item-2\" data-wp-bind--hidden=\"state.isHidden\" data-wp-on--beforematch=\"actions.handleBeforeMatch\" id=\"accordion-item-2-panel\" role=\"region\" class=\"wp-block-accordion-panel is-layout-flow wp-block-accordion-panel-is-layout-flow\">\n<p class=\"wp-block-paragraph\">Les handicaps reconnus par la MDPH couvrent un&nbsp;<strong>tr\u00e8s large spectre<\/strong>&nbsp;: handicaps moteurs, sensoriels, psychiques, intellectuels, maladies chroniques invalidantes et maladies rares.<\/p>\n<\/div>\n<\/div>\n\n\n\n<div data-wp-class--is-open=\"state.isOpen\" data-wp-context=\"{ &quot;id&quot;: &quot;accordion-item-3&quot;, &quot;openByDefault&quot;: false }\" data-wp-init=\"callbacks.initAccordionItems\" data-wp-on-window--hashchange=\"callbacks.hashChange\" class=\"wp-block-accordion-item is-layout-flow wp-block-accordion-item-is-layout-flow\">\n<h3 class=\"wp-block-accordion-heading has-icon has-icon-right\"><button aria-expanded=\"false\" aria-controls=\"accordion-item-3-panel\" data-wp-bind--aria-expanded=\"state.isOpen\" data-wp-on--click=\"actions.toggle\" id=\"accordion-item-3\" type=\"button\" class=\"wp-block-accordion-heading__toggle\"><span class=\"wp-block-accordion-heading__toggle-title\">Quel est le montant de la MPDH par mois ?<\/span><span class=\"wp-block-accordion-heading__toggle-icon\" aria-hidden=\"true\">+<\/span><\/button><\/h3>\n\n\n\n<div aria-labelledby=\"accordion-item-3\" data-wp-bind--hidden=\"state.isHidden\" data-wp-on--beforematch=\"actions.handleBeforeMatch\" id=\"accordion-item-3-panel\" role=\"region\" class=\"wp-block-accordion-panel is-layout-flow wp-block-accordion-panel-is-layout-flow\">\n<p class=\"wp-block-paragraph\">Le montant maximal de l\u2019aide MDPH est de 1 033,32\u20ac par mois depuis le 1er avril 2025 pour une personne seule sans autres revenus. Si l\u2019aide MDPH vient compl\u00e9ter d\u2019autres ressources, ce montant peut \u00eatre moins \u00e9lev\u00e9.<\/p>\n<\/div>\n<\/div>\n\n\n\n<div data-wp-class--is-open=\"state.isOpen\" data-wp-context=\"{ &quot;id&quot;: &quot;accordion-item-4&quot;, &quot;openByDefault&quot;: false }\" data-wp-init=\"callbacks.initAccordionItems\" data-wp-on-window--hashchange=\"callbacks.hashChange\" class=\"wp-block-accordion-item is-layout-flow wp-block-accordion-item-is-layout-flow\">\n<h3 class=\"wp-block-accordion-heading has-icon has-icon-right\"><button aria-expanded=\"false\" aria-controls=\"accordion-item-4-panel\" data-wp-bind--aria-expanded=\"state.isOpen\" data-wp-on--click=\"actions.toggle\" id=\"accordion-item-4\" type=\"button\" class=\"wp-block-accordion-heading__toggle\"><span class=\"wp-block-accordion-heading__toggle-title\">Quels sont les avantages \u00e0 \u00eatre inscrit \u00e0 la MDPH ?<\/span><span class=\"wp-block-accordion-heading__toggle-icon\" aria-hidden=\"true\">+<\/span><\/button><\/h3>\n\n\n\n<div aria-labelledby=\"accordion-item-4\" data-wp-bind--hidden=\"state.isHidden\" data-wp-on--beforematch=\"actions.handleBeforeMatch\" id=\"accordion-item-4-panel\" role=\"region\" class=\"wp-block-accordion-panel is-layout-flow wp-block-accordion-panel-is-layout-flow\">\n<p class=\"wp-block-paragraph\">L\u2019inscription \u00e0 la MDPH permet l\u2019acc\u00e8s \u00e0 des aides financi\u00e8res, la reconnaissance de la qualit\u00e9 de travailleur handicap\u00e9 avec droits sp\u00e9cifiques pour l\u2019emploi, l\u2019acc\u00e8s \u00e0 la Carte Mobilit\u00e9 Inclusion, des am\u00e9nagements\u2026<\/p>\n<\/div>\n<\/div>\n\n\n\n<div data-wp-class--is-open=\"state.isOpen\" data-wp-context=\"{ &quot;id&quot;: &quot;accordion-item-5&quot;, &quot;openByDefault&quot;: false }\" data-wp-init=\"callbacks.initAccordionItems\" data-wp-on-window--hashchange=\"callbacks.hashChange\" class=\"wp-block-accordion-item is-layout-flow wp-block-accordion-item-is-layout-flow\">\n<h3 class=\"wp-block-accordion-heading has-icon has-icon-right\"><button aria-expanded=\"false\" aria-controls=\"accordion-item-5-panel\" data-wp-bind--aria-expanded=\"state.isOpen\" data-wp-on--click=\"actions.toggle\" id=\"accordion-item-5\" type=\"button\" class=\"wp-block-accordion-heading__toggle\"><span class=\"wp-block-accordion-heading__toggle-title\">Est-ce qu\u2019un dossier MDPH compte pour la retraite ?<\/span><span class=\"wp-block-accordion-heading__toggle-icon\" aria-hidden=\"true\">+<\/span><\/button><\/h3>\n\n\n\n<div aria-labelledby=\"accordion-item-5\" data-wp-bind--hidden=\"state.isHidden\" data-wp-on--beforematch=\"actions.handleBeforeMatch\" id=\"accordion-item-5-panel\" role=\"region\" class=\"wp-block-accordion-panel is-layout-flow wp-block-accordion-panel-is-layout-flow\">\n<p class=\"wp-block-paragraph\"><strong>Oui<\/strong>. Sous conditions, la&nbsp;<a href=\"https:\/\/orthopus.com\/fr\/dossier-mdph\/ouverture-droits-mdph-dossier-en-ligne\/\">reconnaissance MDPH<\/a>&nbsp;permet de b\u00e9n\u00e9ficier d\u2019une retraite anticip\u00e9e d\u00e8s 55 ans, d\u2019une majoration de la dur\u00e9e d\u2019assurance et d\u2019obtenir souvent un calcul plus favorable du montant de la pension.<\/p>\n<\/div>\n<\/div>\n<\/div>\n\n\n\n<h2 class=\"wp-block-heading\">Sources<\/h2>\n\n\n\n<ul class=\"wp-block-list\">\n<li><a href=\"https:\/\/www.service-public.fr\/particuliers\/vosdroits\/F34049\" target=\"_blank\" rel=\"noreferrer noopener\">https:\/\/www.service-public.fr\/particuliers\/vosdroits\/F34049<\/a><\/li>\n\n\n\n<li><a href=\"https:\/\/place-handicap.fr\/Evaluation-et-Taux-d-incapacite\" target=\"_blank\" rel=\"noreferrer noopener\">https:\/\/place-handicap.fr\/Evaluation-et-Taux-d-incapacite<\/a><\/li>\n\n\n\n<li><a href=\"https:\/\/www.youtube.com\/watch?v=VXuthDRbpsI\" target=\"_blank\" rel=\"noreferrer noopener\">https:\/\/www.youtube.com\/watch?v=VXuthDRbpsI<\/a><\/li>\n\n\n\n<li><a href=\"https:\/\/envolisereautisme.fr\/wp-content\/uploads\/2019\/10\/CNSA-Technique-eligibilites.pdf\" target=\"_blank\" rel=\"noreferrer noopener\">https:\/\/envolisereautisme.fr\/wp-content\/uploads\/2019\/10\/CNSA-Technique-eligibilites.pdf<\/a><\/li>\n\n\n\n<li><a href=\"https:\/\/www.formulaires.service-public.fr\/gf\/cerfa_15692.do\" target=\"_blank\" rel=\"noreferrer noopener\">https:\/\/www.formulaires.service-public.fr\/gf\/cerfa_15692.do<\/a><\/li>\n\n\n\n<li><a href=\"https:\/\/mdph.meurthe-et-moselle.fr\/mes-besoins\/le-projet-de-vie\" target=\"_blank\" rel=\"noreferrer noopener\">https:\/\/mdph.meurthe-et-moselle.fr\/mes-besoins\/le-projet-de-vie<\/a><\/li>\n\n\n\n<li><a href=\"https:\/\/www.caf.fr\/allocataires\/vies-de-famille\/articles\/tout-savoir-sur-la-carte-mobilite-inclusion-invalidite#:~:text=Les%20CMI%20Invalidit%C3%A9%20correspondent%20%C3%A0,ans%2C%20en%20fonction%20des%20cas.\" target=\"_blank\" rel=\"noreferrer noopener\">https:\/\/www.caf.fr\/allocataires\/vies-de-famille\/articles\/tout-savoir-sur-la-carte-mobilite-inclusion-invalidite#:~:text=Les%20CMI%20Invalidit%C3%A9%20correspondent%20%C3%A0,ans%2C%20en%20fonction%20des%20cas.<\/a><\/li>\n\n\n\n<li><a href=\"https:\/\/www.aide-sociale.fr\/categorie-3-invalidite\/\" target=\"_blank\" rel=\"noreferrer noopener\">https:\/\/www.aide-sociale.fr\/categorie-3-invalidite\/<\/a><\/li>\n\n\n\n<li><a href=\"https:\/\/www.legifrance.gouv.fr\/loda\/id\/JORFTEXT000033691882\" target=\"_blank\" rel=\"noreferrer noopener\">https:\/\/www.legifrance.gouv.fr\/loda\/id\/JORFTEXT000033691882<\/a><\/li>\n\n\n\n<li><a href=\"https:\/\/www.sncf-connect.com\/aide\/voyagez-avec-nous-quel-que-soit-votre-handicap\" target=\"_blank\" rel=\"noreferrer noopener\">https:\/\/www.sncf-connect.com\/aide\/voyagez-avec-nous-quel-que-soit-votre-handicap<\/a><\/li>\n\n\n\n<li><a href=\"https:\/\/www.enfant-different.org\/vos-aides\/vos-aides-cmi\/\" target=\"_blank\" rel=\"noreferrer noopener\">https:\/\/www.enfant-different.org\/vos-aides\/vos-aides-cmi\/<\/a><\/li>\n\n\n\n<li><a href=\"https:\/\/europa.eu\/youreurope\/citizens\/travel\/transport-disability\/parking-card-disabilities-people\/index_fr.htm\" target=\"_blank\" rel=\"noreferrer noopener\">https:\/\/europa.eu\/youreurope\/citizens\/travel\/transport-disability\/parking-card-disabilities-people\/index_fr.htm<\/a><\/li>\n\n\n\n<li><a href=\"https:\/\/www.loire.gouv.fr\/Actions-de-l-Etat\/Solidarite-et-cohesion-sociale\/Politiques-en-faveur-des-personnes-en-situation-de-handicap\/Carte-Mobilite-Inclusion-CMI-personnes-morales\/Categories-de-vehicules\" target=\"_blank\" rel=\"noreferrer noopener\">https:\/\/www.loire.gouv.fr\/Actions-de-l-Etat\/Solidarite-et-cohesion-sociale\/Politiques-en-faveur-des-personnes-en-situation-de-handicap\/Carte-Mobilite-Inclusion-CMI-personnes-morales\/Categories-de-vehicules<\/a><\/li>\n<\/ul>\n","protected":false},"excerpt":{"rendered":"<p>D\u00e9couvrez comment b\u00e9n\u00e9ficier de la Carte Mobilit\u00e9 Inclusion (CMI) avec notre guide complet. Avantages, conditions et d\u00e9marches expliqu\u00e9es.<\/p>\n","protected":false},"author":2,"featured_media":19189,"comment_status":"open","ping_status":"open","sticky":false,"template":"","format":"standard","meta":{"_kad_blocks_custom_css":"","_kad_blocks_head_custom_js":"","_kad_blocks_body_custom_js":"","_kad_blocks_footer_custom_js":"","footnotes":""},"categories":[236],"tags":[],"class_list":["post-19184","post","type-post","status-publish","format-standard","has-post-thumbnail","hentry","category-dispositifs-aide"],"yoast_head":"<!-- This site is optimized with the Yoast SEO plugin v28.4 - https:\/\/yoast.com\/product\/yoast-seo-wordpress\/ -->\n<title>MDPH Carte Mobilit\u00e9 Inclusion : d\u00e9marches, droits et conseils pratiques - Orthopus<\/title>\n<meta name=\"description\" content=\"D\u00e9couvrez comment b\u00e9n\u00e9ficier de la Carte Mobilit\u00e9 Inclusion (CMI) avec notre guide complet. Avantages, conditions et d\u00e9marches expliqu\u00e9es.\" \/>\n<meta name=\"robots\" content=\"noindex, follow, max-snippet:-1, max-image-preview:large, max-video-preview:-1\" \/>\n<meta property=\"og:locale\" content=\"fr_FR\" \/>\n<meta property=\"og:type\" content=\"article\" \/>\n<meta property=\"og:title\" content=\"MDPH Carte Mobilit\u00e9 Inclusion : d\u00e9marches, droits et conseils pratiques - Orthopus\" \/>\n<meta property=\"og:description\" content=\"D\u00e9couvrez comment b\u00e9n\u00e9ficier de la Carte Mobilit\u00e9 Inclusion (CMI) avec notre guide complet. Avantages, conditions et d\u00e9marches expliqu\u00e9es.\" \/>\n<meta property=\"og:url\" content=\"https:\/\/preprod.weasywyg.com\/fr\/2025\/04\/02\/ouverture-droits-mdph-carte-mobilite-inclusion\/\" \/>\n<meta property=\"og:site_name\" content=\"Orthopus\" \/>\n<meta property=\"article:published_time\" content=\"2025-04-02T15:11:02+00:00\" \/>\n<meta property=\"article:modified_time\" content=\"2026-08-28T14:29:44+00:00\" \/>\n<meta property=\"og:image\" content=\"https:\/\/preprod.weasywyg.com\/wp-content\/uploads\/2026\/07\/IMG-250710-cmi-stationnement.webp\" \/>\n\t<meta property=\"og:image:width\" content=\"720\" \/>\n\t<meta property=\"og:image:height\" content=\"340\" \/>\n\t<meta property=\"og:image:type\" content=\"image\/webp\" \/>\n<meta name=\"author\" content=\"Mona Jamois\" \/>\n<meta name=\"twitter:card\" content=\"summary_large_image\" \/>\n<meta name=\"twitter:label1\" content=\"\u00c9crit par\" \/>\n\t<meta name=\"twitter:data1\" content=\"Mona Jamois\" \/>\n\t<meta name=\"twitter:label2\" content=\"Dur\u00e9e de lecture estim\u00e9e\" \/>\n\t<meta name=\"twitter:data2\" content=\"15 minutes\" \/>\n<script type=\"application\/ld+json\" class=\"yoast-schema-graph\">{\"@context\":\"https:\\\/\\\/schema.org\",\"@graph\":[{\"@type\":\"Article\",\"@id\":\"https:\\\/\\\/preprod.weasywyg.com\\\/fr\\\/2025\\\/04\\\/02\\\/ouverture-droits-mdph-carte-mobilite-inclusion\\\/#article\",\"isPartOf\":{\"@id\":\"https:\\\/\\\/preprod.weasywyg.com\\\/fr\\\/2025\\\/04\\\/02\\\/ouverture-droits-mdph-carte-mobilite-inclusion\\\/\"},\"author\":{\"name\":\"Mona Jamois\",\"@id\":\"https:\\\/\\\/preprod.weasywyg.com\\\/fr\\\/#\\\/schema\\\/person\\\/a7dcb2c9da462fd59f13f2258699ba9e\"},\"headline\":\"MDPH Carte Mobilit\u00e9 Inclusion : d\u00e9marches, droits et conseils pratiques\",\"datePublished\":\"2025-04-02T15:11:02+00:00\",\"dateModified\":\"2026-08-28T14:29:44+00:00\",\"mainEntityOfPage\":{\"@id\":\"https:\\\/\\\/preprod.weasywyg.com\\\/fr\\\/2025\\\/04\\\/02\\\/ouverture-droits-mdph-carte-mobilite-inclusion\\\/\"},\"wordCount\":3030,\"commentCount\":0,\"publisher\":{\"@id\":\"https:\\\/\\\/preprod.weasywyg.com\\\/fr\\\/#organization\"},\"image\":{\"@id\":\"https:\\\/\\\/preprod.weasywyg.com\\\/fr\\\/2025\\\/04\\\/02\\\/ouverture-droits-mdph-carte-mobilite-inclusion\\\/#primaryimage\"},\"thumbnailUrl\":\"https:\\\/\\\/preprod.weasywyg.com\\\/wp-content\\\/uploads\\\/2026\\\/07\\\/IMG-250710-cmi-stationnement.webp\",\"articleSection\":[\"Dispositifs d'aide\"],\"inLanguage\":\"fr-FR\",\"potentialAction\":[{\"@type\":\"CommentAction\",\"name\":\"Comment\",\"target\":[\"https:\\\/\\\/preprod.weasywyg.com\\\/fr\\\/2025\\\/04\\\/02\\\/ouverture-droits-mdph-carte-mobilite-inclusion\\\/#respond\"]}]},{\"@type\":\"WebPage\",\"@id\":\"https:\\\/\\\/preprod.weasywyg.com\\\/fr\\\/2025\\\/04\\\/02\\\/ouverture-droits-mdph-carte-mobilite-inclusion\\\/\",\"url\":\"https:\\\/\\\/preprod.weasywyg.com\\\/fr\\\/2025\\\/04\\\/02\\\/ouverture-droits-mdph-carte-mobilite-inclusion\\\/\",\"name\":\"MDPH Carte Mobilit\u00e9 Inclusion : d\u00e9marches, droits et conseils pratiques - Orthopus\",\"isPartOf\":{\"@id\":\"https:\\\/\\\/preprod.weasywyg.com\\\/fr\\\/#website\"},\"primaryImageOfPage\":{\"@id\":\"https:\\\/\\\/preprod.weasywyg.com\\\/fr\\\/2025\\\/04\\\/02\\\/ouverture-droits-mdph-carte-mobilite-inclusion\\\/#primaryimage\"},\"image\":{\"@id\":\"https:\\\/\\\/preprod.weasywyg.com\\\/fr\\\/2025\\\/04\\\/02\\\/ouverture-droits-mdph-carte-mobilite-inclusion\\\/#primaryimage\"},\"thumbnailUrl\":\"https:\\\/\\\/preprod.weasywyg.com\\\/wp-content\\\/uploads\\\/2026\\\/07\\\/IMG-250710-cmi-stationnement.webp\",\"datePublished\":\"2025-04-02T15:11:02+00:00\",\"dateModified\":\"2026-08-28T14:29:44+00:00\",\"description\":\"D\u00e9couvrez comment b\u00e9n\u00e9ficier de la Carte Mobilit\u00e9 Inclusion (CMI) avec notre guide complet. Avantages, conditions et d\u00e9marches expliqu\u00e9es.\",\"breadcrumb\":{\"@id\":\"https:\\\/\\\/preprod.weasywyg.com\\\/fr\\\/2025\\\/04\\\/02\\\/ouverture-droits-mdph-carte-mobilite-inclusion\\\/#breadcrumb\"},\"inLanguage\":\"fr-FR\",\"potentialAction\":[{\"@type\":\"ReadAction\",\"target\":[\"https:\\\/\\\/preprod.weasywyg.com\\\/fr\\\/2025\\\/04\\\/02\\\/ouverture-droits-mdph-carte-mobilite-inclusion\\\/\"]}]},{\"@type\":\"ImageObject\",\"inLanguage\":\"fr-FR\",\"@id\":\"https:\\\/\\\/preprod.weasywyg.com\\\/fr\\\/2025\\\/04\\\/02\\\/ouverture-droits-mdph-carte-mobilite-inclusion\\\/#primaryimage\",\"url\":\"https:\\\/\\\/preprod.weasywyg.com\\\/wp-content\\\/uploads\\\/2026\\\/07\\\/IMG-250710-cmi-stationnement.webp\",\"contentUrl\":\"https:\\\/\\\/preprod.weasywyg.com\\\/wp-content\\\/uploads\\\/2026\\\/07\\\/IMG-250710-cmi-stationnement.webp\",\"width\":720,\"height\":340,\"caption\":\"CMI Stationnement\"},{\"@type\":\"BreadcrumbList\",\"@id\":\"https:\\\/\\\/preprod.weasywyg.com\\\/fr\\\/2025\\\/04\\\/02\\\/ouverture-droits-mdph-carte-mobilite-inclusion\\\/#breadcrumb\",\"itemListElement\":[{\"@type\":\"ListItem\",\"position\":1,\"name\":\"Accueil\",\"item\":\"https:\\\/\\\/preprod.weasywyg.com\\\/fr\\\/\"},{\"@type\":\"ListItem\",\"position\":2,\"name\":\"MDPH Carte Mobilit\u00e9 Inclusion : d\u00e9marches, droits et conseils pratiques\"}]},{\"@type\":\"WebSite\",\"@id\":\"https:\\\/\\\/preprod.weasywyg.com\\\/fr\\\/#website\",\"url\":\"https:\\\/\\\/preprod.weasywyg.com\\\/fr\\\/\",\"name\":\"Orthopus\",\"description\":\"Handitech solutions for everyone\",\"publisher\":{\"@id\":\"https:\\\/\\\/preprod.weasywyg.com\\\/fr\\\/#organization\"},\"potentialAction\":[{\"@type\":\"SearchAction\",\"target\":{\"@type\":\"EntryPoint\",\"urlTemplate\":\"https:\\\/\\\/preprod.weasywyg.com\\\/fr\\\/?s={search_term_string}\"},\"query-input\":{\"@type\":\"PropertyValueSpecification\",\"valueRequired\":true,\"valueName\":\"search_term_string\"}}],\"inLanguage\":\"fr-FR\"},{\"@type\":\"Organization\",\"@id\":\"https:\\\/\\\/preprod.weasywyg.com\\\/fr\\\/#organization\",\"name\":\"Orthopus\",\"url\":\"https:\\\/\\\/preprod.weasywyg.com\\\/fr\\\/\",\"logo\":{\"@type\":\"ImageObject\",\"inLanguage\":\"fr-FR\",\"@id\":\"https:\\\/\\\/preprod.weasywyg.com\\\/fr\\\/#\\\/schema\\\/logo\\\/image\\\/\",\"url\":\"https:\\\/\\\/preprod.weasywyg.com\\\/wp-content\\\/uploads\\\/2026\\\/05\\\/logo.svg\",\"contentUrl\":\"https:\\\/\\\/preprod.weasywyg.com\\\/wp-content\\\/uploads\\\/2026\\\/05\\\/logo.svg\",\"caption\":\"Orthopus\"},\"image\":{\"@id\":\"https:\\\/\\\/preprod.weasywyg.com\\\/fr\\\/#\\\/schema\\\/logo\\\/image\\\/\"}},{\"@type\":\"Person\",\"@id\":\"https:\\\/\\\/preprod.weasywyg.com\\\/fr\\\/#\\\/schema\\\/person\\\/a7dcb2c9da462fd59f13f2258699ba9e\",\"name\":\"Mona Jamois\",\"image\":{\"@type\":\"ImageObject\",\"inLanguage\":\"fr-FR\",\"@id\":\"https:\\\/\\\/secure.gravatar.com\\\/avatar\\\/b5b462af4cf5722fbd017ef55b474709ff34d6030941c8c793bf9edf5d82b670?s=96&d=mm&r=g\",\"url\":\"https:\\\/\\\/secure.gravatar.com\\\/avatar\\\/b5b462af4cf5722fbd017ef55b474709ff34d6030941c8c793bf9edf5d82b670?s=96&d=mm&r=g\",\"contentUrl\":\"https:\\\/\\\/secure.gravatar.com\\\/avatar\\\/b5b462af4cf5722fbd017ef55b474709ff34d6030941c8c793bf9edf5d82b670?s=96&d=mm&r=g\",\"caption\":\"Mona Jamois\"},\"url\":\"https:\\\/\\\/preprod.weasywyg.com\\\/fr\\\/author\\\/orthopus-mona-26\\\/\"}]}<\/script>\n<!-- \/ Yoast SEO plugin. -->","yoast_head_json":{"title":"MDPH Carte Mobilit\u00e9 Inclusion : d\u00e9marches, droits et conseils pratiques - Orthopus","description":"D\u00e9couvrez comment b\u00e9n\u00e9ficier de la Carte Mobilit\u00e9 Inclusion (CMI) avec notre guide complet. Avantages, conditions et d\u00e9marches expliqu\u00e9es.","robots":{"index":"noindex","follow":"follow","max-snippet":"max-snippet:-1","max-image-preview":"max-image-preview:large","max-video-preview":"max-video-preview:-1"},"og_locale":"fr_FR","og_type":"article","og_title":"MDPH Carte Mobilit\u00e9 Inclusion : d\u00e9marches, droits et conseils pratiques - Orthopus","og_description":"D\u00e9couvrez comment b\u00e9n\u00e9ficier de la Carte Mobilit\u00e9 Inclusion (CMI) avec notre guide complet. Avantages, conditions et d\u00e9marches expliqu\u00e9es.","og_url":"https:\/\/preprod.weasywyg.com\/fr\/2025\/04\/02\/ouverture-droits-mdph-carte-mobilite-inclusion\/","og_site_name":"Orthopus","article_published_time":"2025-04-02T15:11:02+00:00","article_modified_time":"2026-08-28T14:29:44+00:00","og_image":[{"width":720,"height":340,"url":"https:\/\/preprod.weasywyg.com\/wp-content\/uploads\/2026\/07\/IMG-250710-cmi-stationnement.webp","type":"image\/webp"}],"author":"Mona Jamois","twitter_card":"summary_large_image","twitter_misc":{"\u00c9crit par":"Mona Jamois","Dur\u00e9e de lecture estim\u00e9e":"15 minutes"},"schema":{"@context":"https:\/\/schema.org","@graph":[{"@type":"Article","@id":"https:\/\/preprod.weasywyg.com\/fr\/2025\/04\/02\/ouverture-droits-mdph-carte-mobilite-inclusion\/#article","isPartOf":{"@id":"https:\/\/preprod.weasywyg.com\/fr\/2025\/04\/02\/ouverture-droits-mdph-carte-mobilite-inclusion\/"},"author":{"name":"Mona Jamois","@id":"https:\/\/preprod.weasywyg.com\/fr\/#\/schema\/person\/a7dcb2c9da462fd59f13f2258699ba9e"},"headline":"MDPH Carte Mobilit\u00e9 Inclusion : d\u00e9marches, droits et conseils pratiques","datePublished":"2025-04-02T15:11:02+00:00","dateModified":"2026-08-28T14:29:44+00:00","mainEntityOfPage":{"@id":"https:\/\/preprod.weasywyg.com\/fr\/2025\/04\/02\/ouverture-droits-mdph-carte-mobilite-inclusion\/"},"wordCount":3030,"commentCount":0,"publisher":{"@id":"https:\/\/preprod.weasywyg.com\/fr\/#organization"},"image":{"@id":"https:\/\/preprod.weasywyg.com\/fr\/2025\/04\/02\/ouverture-droits-mdph-carte-mobilite-inclusion\/#primaryimage"},"thumbnailUrl":"https:\/\/preprod.weasywyg.com\/wp-content\/uploads\/2026\/07\/IMG-250710-cmi-stationnement.webp","articleSection":["Dispositifs d'aide"],"inLanguage":"fr-FR","potentialAction":[{"@type":"CommentAction","name":"Comment","target":["https:\/\/preprod.weasywyg.com\/fr\/2025\/04\/02\/ouverture-droits-mdph-carte-mobilite-inclusion\/#respond"]}]},{"@type":"WebPage","@id":"https:\/\/preprod.weasywyg.com\/fr\/2025\/04\/02\/ouverture-droits-mdph-carte-mobilite-inclusion\/","url":"https:\/\/preprod.weasywyg.com\/fr\/2025\/04\/02\/ouverture-droits-mdph-carte-mobilite-inclusion\/","name":"MDPH Carte Mobilit\u00e9 Inclusion : d\u00e9marches, droits et conseils pratiques - Orthopus","isPartOf":{"@id":"https:\/\/preprod.weasywyg.com\/fr\/#website"},"primaryImageOfPage":{"@id":"https:\/\/preprod.weasywyg.com\/fr\/2025\/04\/02\/ouverture-droits-mdph-carte-mobilite-inclusion\/#primaryimage"},"image":{"@id":"https:\/\/preprod.weasywyg.com\/fr\/2025\/04\/02\/ouverture-droits-mdph-carte-mobilite-inclusion\/#primaryimage"},"thumbnailUrl":"https:\/\/preprod.weasywyg.com\/wp-content\/uploads\/2026\/07\/IMG-250710-cmi-stationnement.webp","datePublished":"2025-04-02T15:11:02+00:00","dateModified":"2026-08-28T14:29:44+00:00","description":"D\u00e9couvrez comment b\u00e9n\u00e9ficier de la Carte Mobilit\u00e9 Inclusion (CMI) avec notre guide complet. Avantages, conditions et d\u00e9marches expliqu\u00e9es.","breadcrumb":{"@id":"https:\/\/preprod.weasywyg.com\/fr\/2025\/04\/02\/ouverture-droits-mdph-carte-mobilite-inclusion\/#breadcrumb"},"inLanguage":"fr-FR","potentialAction":[{"@type":"ReadAction","target":["https:\/\/preprod.weasywyg.com\/fr\/2025\/04\/02\/ouverture-droits-mdph-carte-mobilite-inclusion\/"]}]},{"@type":"ImageObject","inLanguage":"fr-FR","@id":"https:\/\/preprod.weasywyg.com\/fr\/2025\/04\/02\/ouverture-droits-mdph-carte-mobilite-inclusion\/#primaryimage","url":"https:\/\/preprod.weasywyg.com\/wp-content\/uploads\/2026\/07\/IMG-250710-cmi-stationnement.webp","contentUrl":"https:\/\/preprod.weasywyg.com\/wp-content\/uploads\/2026\/07\/IMG-250710-cmi-stationnement.webp","width":720,"height":340,"caption":"CMI Stationnement"},{"@type":"BreadcrumbList","@id":"https:\/\/preprod.weasywyg.com\/fr\/2025\/04\/02\/ouverture-droits-mdph-carte-mobilite-inclusion\/#breadcrumb","itemListElement":[{"@type":"ListItem","position":1,"name":"Accueil","item":"https:\/\/preprod.weasywyg.com\/fr\/"},{"@type":"ListItem","position":2,"name":"MDPH Carte Mobilit\u00e9 Inclusion : d\u00e9marches, droits et conseils pratiques"}]},{"@type":"WebSite","@id":"https:\/\/preprod.weasywyg.com\/fr\/#website","url":"https:\/\/preprod.weasywyg.com\/fr\/","name":"Orthopus","description":"Handitech solutions for everyone","publisher":{"@id":"https:\/\/preprod.weasywyg.com\/fr\/#organization"},"potentialAction":[{"@type":"SearchAction","target":{"@type":"EntryPoint","urlTemplate":"https:\/\/preprod.weasywyg.com\/fr\/?s={search_term_string}"},"query-input":{"@type":"PropertyValueSpecification","valueRequired":true,"valueName":"search_term_string"}}],"inLanguage":"fr-FR"},{"@type":"Organization","@id":"https:\/\/preprod.weasywyg.com\/fr\/#organization","name":"Orthopus","url":"https:\/\/preprod.weasywyg.com\/fr\/","logo":{"@type":"ImageObject","inLanguage":"fr-FR","@id":"https:\/\/preprod.weasywyg.com\/fr\/#\/schema\/logo\/image\/","url":"https:\/\/preprod.weasywyg.com\/wp-content\/uploads\/2026\/05\/logo.svg","contentUrl":"https:\/\/preprod.weasywyg.com\/wp-content\/uploads\/2026\/05\/logo.svg","caption":"Orthopus"},"image":{"@id":"https:\/\/preprod.weasywyg.com\/fr\/#\/schema\/logo\/image\/"}},{"@type":"Person","@id":"https:\/\/preprod.weasywyg.com\/fr\/#\/schema\/person\/a7dcb2c9da462fd59f13f2258699ba9e","name":"Mona Jamois","image":{"@type":"ImageObject","inLanguage":"fr-FR","@id":"https:\/\/secure.gravatar.com\/avatar\/b5b462af4cf5722fbd017ef55b474709ff34d6030941c8c793bf9edf5d82b670?s=96&d=mm&r=g","url":"https:\/\/secure.gravatar.com\/avatar\/b5b462af4cf5722fbd017ef55b474709ff34d6030941c8c793bf9edf5d82b670?s=96&d=mm&r=g","contentUrl":"https:\/\/secure.gravatar.com\/avatar\/b5b462af4cf5722fbd017ef55b474709ff34d6030941c8c793bf9edf5d82b670?s=96&d=mm&r=g","caption":"Mona Jamois"},"url":"https:\/\/preprod.weasywyg.com\/fr\/author\/orthopus-mona-26\/"}]}},"taxonomy_info":{"category":[{"value":236,"label":"Dispositifs d'aide"}]},"featured_image_src_large":["https:\/\/preprod.weasywyg.com\/wp-content\/uploads\/2026\/07\/IMG-250710-cmi-stationnement.webp",720,340,false],"author_info":{"display_name":"Mona Jamois","author_link":"https:\/\/preprod.weasywyg.com\/fr\/author\/orthopus-mona-26\/"},"comment_info":0,"category_info":[{"term_id":236,"name":"Dispositifs d'aide","slug":"dispositifs-aide","term_group":0,"term_taxonomy_id":236,"taxonomy":"category","description":"","parent":0,"count":9,"filter":"raw","cat_ID":236,"category_count":9,"category_description":"","cat_name":"Dispositifs d'aide","category_nicename":"dispositifs-aide","category_parent":0}],"tag_info":false,"_links":{"self":[{"href":"https:\/\/preprod.weasywyg.com\/fr\/wp-json\/wp\/v2\/posts\/19184","targetHints":{"allow":["GET"]}}],"collection":[{"href":"https:\/\/preprod.weasywyg.com\/fr\/wp-json\/wp\/v2\/posts"}],"about":[{"href":"https:\/\/preprod.weasywyg.com\/fr\/wp-json\/wp\/v2\/types\/post"}],"author":[{"embeddable":true,"href":"https:\/\/preprod.weasywyg.com\/fr\/wp-json\/wp\/v2\/users\/2"}],"replies":[{"embeddable":true,"href":"https:\/\/preprod.weasywyg.com\/fr\/wp-json\/wp\/v2\/comments?post=19184"}],"version-history":[{"count":6,"href":"https:\/\/preprod.weasywyg.com\/fr\/wp-json\/wp\/v2\/posts\/19184\/revisions"}],"predecessor-version":[{"id":20785,"href":"https:\/\/preprod.weasywyg.com\/fr\/wp-json\/wp\/v2\/posts\/19184\/revisions\/20785"}],"wp:featuredmedia":[{"embeddable":true,"href":"https:\/\/preprod.weasywyg.com\/fr\/wp-json\/wp\/v2\/media\/19189"}],"wp:attachment":[{"href":"https:\/\/preprod.weasywyg.com\/fr\/wp-json\/wp\/v2\/media?parent=19184"}],"wp:term":[{"taxonomy":"category","embeddable":true,"href":"https:\/\/preprod.weasywyg.com\/fr\/wp-json\/wp\/v2\/categories?post=19184"},{"taxonomy":"post_tag","embeddable":true,"href":"https:\/\/preprod.weasywyg.com\/fr\/wp-json\/wp\/v2\/tags?post=19184"}],"curies":[{"name":"wp","href":"https:\/\/api.w.org\/{rel}","templated":true}]}}