{"id":19197,"date":"2025-02-23T17:26:05","date_gmt":"2025-02-23T16:26:05","guid":{"rendered":"https:\/\/preprod.weasywyg.com\/?p=19197"},"modified":"2026-07-20T17:11:32","modified_gmt":"2026-07-20T15:11:32","slug":"aides-financieres-handicap","status":"publish","type":"post","link":"https:\/\/preprod.weasywyg.com\/fr\/2025\/02\/23\/aides-financieres-handicap\/","title":{"rendered":"Handicap et aides financi\u00e8res en 2025 : Guide complet pour accompagner l&rsquo;autonomie"},"content":{"rendered":"\n<h2 class=\"wp-block-heading\">Comprendre les fondements de l\u2019aide financi\u00e8re li\u00e9e au handicap<\/h2>\n\n\n\n<p class=\"wp-block-paragraph\">Si l\u2019on pouvait tous\u2022tes faire comme Picsou, un 400m nage libre dans un coffre rempli \u00e0 craquer de lingots d\u2019or et de billets verts, les questions d\u2019argent seraient vite r\u00e9gl\u00e9es. Mais dans la vraie vie, les choses sont nettement plus complexes, en particulier lorsqu\u2019on parle de handicap. Entre les d\u00e9marches administratives \u00e0 rallonge, les crit\u00e8res d\u2019attribution et les nombreuses aides financi\u00e8res, il est bien facile de s\u2019y perdre.<\/p>\n\n\n\n<figure class=\"wp-block-image size-full\"><img loading=\"lazy\" decoding=\"async\" width=\"1000\" height=\"625\" src=\"https:\/\/preprod.weasywyg.com\/wp-content\/uploads\/2026\/07\/IMG-250711-Picsou.webp\" alt=\"Illustration Picsou plongeant dans son or\" class=\"wp-image-19198\" srcset=\"https:\/\/preprod.weasywyg.com\/wp-content\/uploads\/2026\/07\/IMG-250711-Picsou.webp 1000w, https:\/\/preprod.weasywyg.com\/wp-content\/uploads\/2026\/07\/IMG-250711-Picsou-300x188.webp 300w, https:\/\/preprod.weasywyg.com\/wp-content\/uploads\/2026\/07\/IMG-250711-Picsou-768x480.webp 768w\" sizes=\"auto, (max-width: 1000px) 100vw, 1000px\" \/><figcaption class=\"wp-element-caption\">Illustration de Balthazar Picsou, tir\u00e9e du Picsou Magazine (1972).<\/figcaption><\/figure>\n\n\n\n<p class=\"wp-block-paragraph\">Avant m\u00eame de parler de montants ou de formulaires \u00e0 remplir, il faut poser les bases ! Une aide financi\u00e8re li\u00e9e au handicap ne repose pas sur une logique de charit\u00e9 mais sur un cadre l\u00e9gal, m\u00e9dical et social clair. En France, le droit \u00e0 la compensation du handicap est garanti par\u00a0<a href=\"https:\/\/www.legifrance.gouv.fr\/jorf\/id\/JORFTEXT000000809647\" target=\"_blank\" rel=\"noreferrer noopener\">la loi du 11 f\u00e9vrier 2005<\/a>. Cette loi vise l\u2019\u00e9galit\u00e9 des droits, des chances, de la participation et la citoyennet\u00e9 des personnes handicap\u00e9es. Pour en b\u00e9n\u00e9ficier, une \u00e9valuation est n\u00e9cessaire. Elle porte sur l\u2019\u00e9tat de sant\u00e9, les ressources, mais aussi sur les difficult\u00e9s rencontr\u00e9es au quotidien et dans l\u2019environnement social. La\u00a0<a href=\"https:\/\/mdphenligne.cnsa.fr\/\" target=\"_blank\" rel=\"noreferrer noopener\">MDPH<\/a>\u00a0(Maison d\u00e9partementale des personnes handicap\u00e9es) est l\u2019organisme charg\u00e9 de coordonner ces d\u00e9marches. Elle g\u00e8re une grande partie des aides publiques li\u00e9es au handicap.<\/p>\n\n\n\n<p class=\"wp-block-paragraph\">L\u2019aide est adapt\u00e9e \u00e0 chaque personne, selon son autonomie, son \u00e2ge, sa vie familiale et professionnelle. Le but est simple : permettre \u00e0 chacun de vivre dignement et de fa\u00e7on autonome, malgr\u00e9 les limitations.<\/p>\n\n\n\n<h3 class=\"wp-block-heading\">Reconnaissance et diagnostic du handicap : un pr\u00e9-requis pour les aides financi\u00e8res<\/h3>\n\n\n\n<p class=\"wp-block-paragraph\">Pour obtenir les principales aides financi\u00e8res li\u00e9es au handicap, il faut d\u2019abord une reconnaissance officielle de la situation. Cette d\u00e9marche ne se r\u00e9sume pas \u00e0 un simple formulaire. Elle repose sur un diagnostic m\u00e9dical complet et une \u00e9valuation globale de la personne, en tenant compte de son autonomie et de son contexte de vie.<\/p>\n\n\n\n<p class=\"wp-block-paragraph\">C\u2019est la\u00a0<a href=\"https:\/\/handicap.loire-atlantique.fr\/44\/accueil\/j_6\" target=\"_blank\" rel=\"noreferrer noopener\">MDPH<\/a>\u00a0(Maison d\u00e9partementale des personnes handicap\u00e9es) qui s\u2019occupe de cette \u00e9valuation. Elle est l\u2019interlocuteur unique pour toutes les demandes li\u00e9es au handicap. La\u00a0<a href=\"https:\/\/www.monparcourshandicap.gouv.fr\/glossaire\/cdaph#:~:text=CDAPH%20%3A%20Commission%20des%20droits%20et%20de%20l'autonomie%20des%20personnes%20handicap%C3%A9es&amp;text=Au%20sein%20de%20la%20maison,droits%20de%20la%20personne%20handicap%C3%A9e.\" target=\"_blank\" rel=\"noreferrer noopener\">CDAPH<\/a>\u00a0(Commission des droits et de l\u2019autonomie des personnes handicap\u00e9es) examine ensuite les dossiers et d\u00e9cide des droits \u00e0 accorder. Le processus, essentiellement administratif, commence par le d\u00e9p\u00f4t d\u2019un\u00a0<a href=\"https:\/\/preprod.weasywyg.com\/2026\/07\/17\/ouverture-droits-mdph-dossier-en-ligne\/\">dossier MDPH<\/a>, disponible\u00a0<a href=\"https:\/\/mdphenligne.cnsa.fr\/\" target=\"_blank\" rel=\"noreferrer noopener\">en ligne<\/a>\u00a0ou\u00a0<a href=\"https:\/\/www.formulaires.service-public.fr\/gf\/cerfa_15692.do\" target=\"_blank\" rel=\"noreferrer noopener\">en format papier<\/a>. Il est \u00e0 transmettre \u00e0 la MDPH de votre d\u00e9partement. Pour \u00eatre accept\u00e9, le dossier doit \u00eatre complet et pr\u00e9cis. Il doit contenir des documents m\u00e9dicaux \u00e0 jour, ainsi que des\u00a0<a href=\"https:\/\/preprod.weasywyg.com\/2026\/07\/17\/justificatif-aidant-familial\/\">justificatifs<\/a>\u00a0sur la situation personnelle, sociale et professionnelle du demandeur ou de la demandeuse.<\/p>\n\n\n\n<p class=\"wp-block-paragraph\">Une fois la demande envoy\u00e9e, un d\u00e9lai de 4 \u00e0 6 mois (apr\u00e8s obtention de l\u2019accus\u00e9 de r\u00e9ception) est g\u00e9n\u00e9ralement observ\u00e9 avant la r\u00e9ponse finale. Cette derni\u00e8re peut inclure, en fonction des conclusions de l\u2019\u00e9valuation, plusieurs dispositifs d\u2019aide, tels que :<\/p>\n\n\n\n<ul class=\"wp-block-list\">\n<li>La\u00a0<a href=\"https:\/\/www.service-public.fr\/particuliers\/vosdroits\/F1650\" target=\"_blank\" rel=\"noreferrer noopener\">Reconnaissance de la qualit\u00e9 de travailleur handicap\u00e9<\/a>\u00a0(RQTH), facilitant l\u2019acc\u00e8s \u00e0 l\u2019emploi ou au maintien dans l\u2019emploi.<\/li>\n\n\n\n<li>L\u2019<a href=\"https:\/\/www.service-public.fr\/particuliers\/vosdroits\/F12242\" target=\"_blank\" rel=\"noreferrer noopener\">Allocation adulte handicap\u00e9<\/a>\u00a0(AAH), qui vise \u00e0 garantir un revenu minimum.<\/li>\n\n\n\n<li>La\u00a0<a href=\"https:\/\/www.service-public.fr\/particuliers\/vosdroits\/F14202\" target=\"_blank\" rel=\"noreferrer noopener\">Prestation de compensation du handicap<\/a>\u00a0(PCH), couvrant les d\u00e9penses li\u00e9es \u00e0 la perte d\u2019autonomie (aide humaine, am\u00e9nagement du logement ou acquisition de mat\u00e9riel sp\u00e9cialis\u00e9).<\/li>\n<\/ul>\n\n\n\n<p class=\"wp-block-paragraph\">La MDPH prend en compte l\u2019ensemble des formes de handicap \u2013 qu\u2019ils soient\u00a0<a href=\"https:\/\/www.eu-asso.fr\/expertises\/handicap-sensoriel\/#:~:text=Handicap%20sensoriel&amp;text=Le%20handicap%20sensoriel%20r%C3%A9sulte%20de,int%C3%A9gration%20sociale%20de%20la%20personne.\" target=\"_blank\" rel=\"noreferrer noopener\">sensoriels<\/a>,\u00a0<a href=\"https:\/\/www.agefiph.fr\/actualites-handicap\/comprendre-le-handicap-psychique-pour-bien-accompagner-son-collaborateur#:~:text=La%20maladie%20psychique%20se%20d%C3%A9finit,cons%C3%A9quence%20d'une%20maladie%20psychique.\" target=\"_blank\" rel=\"noreferrer noopener\">psychiques<\/a>,\u00a0<a href=\"https:\/\/www.ecologie.gouv.fr\/sites\/default\/files\/publications\/CEREMA%2C%20Handicaps%20mentaux%2C%20cognitif%20et%20spy%2C%20MAJ%20d%27oct%202013.pdf\" target=\"_blank\" rel=\"noreferrer noopener\">cognitifs<\/a>\u00a0ou\u00a0<a href=\"https:\/\/place-handicap.fr\/Le-handicap-moteur\" target=\"_blank\" rel=\"noreferrer noopener\">moteurs<\/a>). Toutefois, une attention particuli\u00e8re est souvent port\u00e9e aux atteintes neuromotrices, notamment celles impliquant des\u00a0<a href=\"https:\/\/www.msdmanuals.com\/fr\/accueil\/troubles-du-cerveau-de-la-moelle-%C3%A9pini%C3%A8re-et-des-nerfs\/sympt%C3%B4mes-des-maladies-du-cerveau-de-la-moelle-%C3%A9pini%C3%A8re-et-des-nerfs\/pr%C3%A9sentation-des-sympt%C3%B4mes-des-maladies-du-cerveau-de-la-moelle-%C3%A9pini%C3%A8re-et-des-nerfs\" target=\"_blank\" rel=\"noreferrer noopener\">dysfonctionnements du syst\u00e8me nerveux central<\/a>, dont les cons\u00e9quences fonctionnelles peuvent s\u2019av\u00e9rer particuli\u00e8rement invalidantes dans la vie quotidienne.<\/p>\n\n\n\n<h3 class=\"wp-block-heading\">Les \u00e9tapes d&rsquo;une demande<\/h3>\n\n\n\n<ol class=\"wp-block-list\">\n<li>Prise de contact avec la MDPH<\/li>\n\n\n\n<li>Constitution du dossier<\/li>\n\n\n\n<li>D\u00e9p\u00f4t du dossier en ligne ou par envoi courrier<\/li>\n\n\n\n<li>\u00c9valuation par l&rsquo;\u00e9quipe pluridisciplinaire<\/li>\n\n\n\n<li>R\u00e9ception de l&rsquo;accus\u00e9 de r\u00e9ception<\/li>\n\n\n\n<li>Passage en commission (CDAPH)<\/li>\n\n\n\n<li>Notification de d\u00e9cision<\/li>\n\n\n\n<li>Mise en place des aides et des dispositifs<\/li>\n<\/ol>\n\n\n\n<h2 class=\"wp-block-heading\">Quelles sont les aides accessibles en 2025<\/h2>\n\n\n\n<h3 class=\"wp-block-heading\">Garantir un revenu minimum : AAH et compl\u00e9ments<\/h3>\n\n\n\n<p class=\"wp-block-paragraph\">L\u2019<a href=\"https:\/\/www.service-public.fr\/particuliers\/vosdroits\/F12242\" target=\"_blank\" rel=\"noreferrer noopener\">Allocation aux adultes handicap\u00e9s<\/a>\u00a0(AAH) est une aide financi\u00e8re essentielle. Elle garantit un revenu minimum aux personnes dont le handicap emp\u00eache de travailler ou de garder un emploi. En 2025, une personne seule sans autres revenus peut toucher jusqu\u2019\u00e0 1 033 \u20ac par mois. Ce montant varie selon la situation : vie de couple, enfants \u00e0 charge, revenus suppl\u00e9mentaires, etc.<\/p>\n\n\n\n<p class=\"wp-block-paragraph\">Depuis fin 2023, les revenus du conjoint ou de la conjointe ne sont plus pris en compte, gr\u00e2ce \u00e0 la r\u00e9forme dite de \u201cd\u00e9conjugalisation\u201d. Pour recevoir l\u2019AAH, il faut remplir plusieurs conditions : avoir un taux d\u2019incapacit\u00e9 d\u2019au moins 80 %, vivre en France de fa\u00e7on r\u00e9guli\u00e8re, et ne pas d\u00e9passer un certain\u00a0<a href=\"https:\/\/www.monparcourshandicap.gouv.fr\/actualite\/montant-aah\" target=\"_blank\" rel=\"noreferrer noopener\">plafond de ressources<\/a>. Certaines maladies, comme une\u00a0<a href=\"https:\/\/www.vidal.fr\/maladies\/reins-voies-urinaires\/insuffisance-renale-chronique.html\" target=\"_blank\" rel=\"noreferrer noopener\">insuffisance r\u00e9nale chronique<\/a>\u00a0ou des troubles du syst\u00e8me nerveux central, peuvent faciliter l\u2019acc\u00e8s \u00e0 cette aide.<\/p>\n\n\n<div class=\"orthopus-poulpe-tip wp-block-orthopus-poulpe-tip\">\n\t\t<div class=\"poulpe-tip__icon\" aria-hidden=\"true\">\n\t\t<span class=\"poulpe-tip__icon-placeholder\">\ud83d\udc19<\/span>\n\t<\/div>\n\n\t<div class=\"poulpe-tip__content\">\n\t\t\t\t\t<p class=\"poulpe-tip__title\"><strong>Le coup de pouce du poulpe : et la Majoration pour la vie autonome alors ?<\/strong><\/p>\n\t\t\t\t\t\t\t<p class=\"poulpe-tip__body\">\u00c0 noter que la <a href=\"https:\/\/www.service-public.fr\/particuliers\/vosdroits\/F12903\" target=\"_blank\" rel=\"noreferrer noopener\">Majoration pour la vie autonome<\/a> (MVA) est vers\u00e9e automatiquement si la l\u2019Allocation adulte handicap\u00e9e est per\u00e7ue. Elle soutient notamment les personnes vivant en logement ind\u00e9pendant sans assistance r\u00e9guli\u00e8re.<\/p>\n\t\t\t<\/div>\n<\/div>\n\n\n\n<h3 class=\"wp-block-heading\">Faciliter l\u2019autonomie au quotidien : la PCH<\/h3>\n\n\n\n<p class=\"wp-block-paragraph\">La\u00a0<a href=\"https:\/\/www.service-public.fr\/particuliers\/vosdroits\/F14202\" target=\"_blank\" rel=\"noreferrer noopener\">Prestation de compensation du handicap<\/a>\u00a0(PCH) finance les besoins li\u00e9s \u00e0 la perte d\u2019autonomie quel que soit l\u2019\u00e2ge jusqu\u2019\u00e0 60 ans. Elle couvre l\u2019aide humaine, l\u2019<a href=\"https:\/\/preprod.weasywyg.com\/2026\/07\/08\/robot-assistance-compensation\/\">aide technique<\/a>, l\u2019aide au transport, le logement, etc. La PCH permet d\u00e9sormais de financer certaines innovations m\u00e9dicales, comme la\u00a0<a href=\"https:\/\/jib-home.com\/residence\/\" target=\"_blank\" rel=\"noreferrer noopener\">domotique<\/a>\u00a0ou les\u00a0<a href=\"https:\/\/preprod.weasywyg.com\/2026\/07\/07\/bras-robotique-handicap-orthopus\/\">bras robotiques<\/a>, en les int\u00e9grant dans le volet aide technique. Ces \u00e9quipements peuvent ainsi \u00eatre partiellement rembours\u00e9s.<\/p>\n\n\n\n<h3 class=\"wp-block-heading\">Aides sp\u00e9cifiques \u00e0 la mobilit\u00e9 et au logement<\/h3>\n\n\n\n<p class=\"wp-block-paragraph\">Pour faciliter les d\u00e9placements et l\u2019acc\u00e8s au logement adapt\u00e9, plusieurs solutions cumulables existent :<\/p>\n\n\n\n<ul class=\"wp-block-list\">\n<li>La\u00a0<a href=\"https:\/\/preprod.weasywyg.com\/2026\/07\/10\/ouverture-droits-mdph-carte-mobilite-inclusion\/\">Carte mobilit\u00e9 inclusion<\/a>\u00a0(CMI) : version modernis\u00e9e des anciennes cartes d\u2019invalidit\u00e9. Trois mentions sont possibles : stationnement, priorit\u00e9 et invalidit\u00e9.<\/li>\n\n\n\n<li>Les aides aux transports adapt\u00e9s : prise en charge partielle ou totale selon la r\u00e9gion ou le d\u00e9partement de r\u00e9sidence.<\/li>\n\n\n\n<li>Les financements pour l\u2019am\u00e9nagement du domicile : subvention de la\u00a0<a href=\"https:\/\/www.maprimerenov.gouv.fr\/\" target=\"_blank\" rel=\"noreferrer noopener\">prime r\u00e9nov\u2019<\/a>\u00a0(ANAH),\u00a0<a href=\"https:\/\/www.service-public.fr\/particuliers\/vosdroits\/F113\" target=\"_blank\" rel=\"noreferrer noopener\">pr\u00eat \u00e0 taux z\u00e9ro<\/a>,\u00a0<a href=\"https:\/\/www.service-public.fr\/particuliers\/vosdroits\/F10752\" target=\"_blank\" rel=\"noreferrer noopener\">cr\u00e9dit d\u2019imp\u00f4t handicap<\/a>.<\/li>\n<\/ul>\n\n\n\n<h3 class=\"wp-block-heading\">Aides pour les enfants en situation de handicap<\/h3>\n\n\n\n<p class=\"wp-block-paragraph\">Il est possible pour les familles de b\u00e9n\u00e9ficier de plusieurs aides financi\u00e8re li\u00e9es au handicap pour \u00e9lever un enfant concern\u00e9 :<\/p>\n\n\n\n<ul class=\"wp-block-list\">\n<li>L\u2019<a href=\"https:\/\/www.service-public.fr\/particuliers\/vosdroits\/F14809\" target=\"_blank\" rel=\"noreferrer noopener\">Allocation d\u2019\u00e9ducation de l\u2019enfant handicap\u00e9 (AEEH)<\/a>\u00a0: vers\u00e9e \u00e0 condition que le handicap soit sup\u00e9rieur \u00e0 50%.<\/li>\n\n\n\n<li>L\u2019<a href=\"https:\/\/www.service-public.fr\/particuliers\/vosdroits\/F15132\" target=\"_blank\" rel=\"noreferrer noopener\">Allocation journali\u00e8re de pr\u00e9sence parentale (AJPP)<\/a>\u00a0: permet \u00e0 un parent de s\u2019absenter pour accompagner un enfant gravement malade ou en situation de handicap.<\/li>\n\n\n\n<li>Les dispositifs d\u2019accueil sp\u00e9cialis\u00e9s comme les\u00a0<a href=\"https:\/\/www.mdph13.fr\/demarches\/Pages\/SESSAD.aspx#:~:text=Les%20SESSAD%20sont%20des%20Services,ainsi%20qu'%C3%A0%20leurs%20familles.\" target=\"_blank\" rel=\"noreferrer noopener\">services d\u2019\u00e9ducation sp\u00e9ciale et de soins \u00e0 domicile (SESSAD)\u00a0<\/a>sont disponibles via la MDPH.<\/li>\n<\/ul>\n\n\n\n<p class=\"wp-block-paragraph\">Si vous \u00eates un parent aidant, certains droits comme la\u00a0<a href=\"https:\/\/preprod.weasywyg.com\/2026\/07\/06\/amenagement-temps-de-travail-aidant-familial\/\">r\u00e9duction du temps de travail<\/a>, la retraite anticip\u00e9e ou la prise de cong\u00e9s sp\u00e9cifiques peuvent \u00eatre activ\u00e9s.<\/p>\n\n\n\n<h3 class=\"wp-block-heading\">Aides pour l\u2019emploi et la formation<\/h3>\n\n\n\n<p class=\"wp-block-paragraph\">Plusieurs dispositifs sont mis en place afin de faciliter l\u2019insertion professionnelle des personnes en situation de handicap :<\/p>\n\n\n\n<ul class=\"wp-block-list\">\n<li>Aides de l\u2019<a href=\"https:\/\/www.agefiph.fr\/\" target=\"_blank\" rel=\"noreferrer noopener\">Agefiph<\/a>\u00a0(Association nationale de gestion du fonds pour l\u2019insertion professionnelle des personnes handicap\u00e9es) : financement de formations, accompagnement \u00e0 la reconversion, compensation du handicap au travail.<\/li>\n\n\n\n<li>Aides \u00e0 l\u2019embauche \u00e0 destination des employeurs : contrats aid\u00e9s, primes d\u2019int\u00e9gration, etc.<\/li>\n\n\n\n<li>Soutien au maintien en emploi : am\u00e9nagement de poste, temps partiel th\u00e9rapeutique, accompagnement m\u00e9dico-social.<\/li>\n<\/ul>\n\n\n\n<blockquote class=\"wp-block-quote is-layout-flow wp-block-quote-is-layout-flow\">\n<p class=\"wp-block-paragraph\">\u00c0 noter que les troubles invisibles comme les douleurs neuropathiques ou les dysfonctionnements du syst\u00e8me nerveux peuvent \u00eatre reconnus, quand bien m\u00eame ils ne sont pas imm\u00e9diatement visibles<\/p>\n<\/blockquote>\n\n\n\n<h3 class=\"wp-block-heading\">Prise en charge des soins et traitements<\/h3>\n\n\n\n<p class=\"wp-block-paragraph\">Les personnes vivant avec des maladies chroniques ou handicapantes b\u00e9n\u00e9ficient d\u2019une prise en charge renforc\u00e9e via :<\/p>\n\n\n\n<ul class=\"wp-block-list\">\n<li><strong>L\u2019<a href=\"https:\/\/www.service-public.fr\/particuliers\/vosdroits\/F34068\" target=\"_blank\" rel=\"noreferrer noopener\">Affection longue dur\u00e9e<\/a>\u00a0(ALD) :<\/strong>\u00a0dispense de ticket mod\u00e9rateur pour les soins li\u00e9s \u00e0 une pathologie reconnue (cancer, diab\u00e8te, scl\u00e9rose en plaques, etc.).<\/li>\n\n\n\n<li><strong>La gratuit\u00e9 des soins essentiels :<\/strong>&nbsp;m\u00e9dicaments, hospitalisations, consultations sp\u00e9cialis\u00e9es, etc.<\/li>\n\n\n\n<li><strong>Des informations m\u00e9dicales fiables :<\/strong>&nbsp;indispensables pour g\u00e9rer des maladies lourdes et anticiper les droits associ\u00e9s<\/li>\n<\/ul>\n\n\n<div class=\"orthopus-poulpe-tip wp-block-orthopus-poulpe-tip\">\n\t\t<div class=\"poulpe-tip__icon\" aria-hidden=\"true\">\n\t\t<span class=\"poulpe-tip__icon-placeholder\">\ud83d\udc19<\/span>\n\t<\/div>\n\n\t<div class=\"poulpe-tip__content\">\n\t\t\t\t\t<p class=\"poulpe-tip__title\"><strong>Le vocab\u2019 du poulpe : ticket mod\u00e9rateur, k\u00e9zako ?<\/strong><\/p>\n\t\t\t\t\t\t\t<p class=\"poulpe-tip__body\">Le\u00a0<a href=\"https:\/\/www.ameli.fr\/assure\/remboursements\/reste-charge\/ticket-moderateur#:~:text=Le%20ticket%20mod%C3%A9rateur%20est%20la,par%20un%20reste%20%C3%A0%20charge.\" target=\"_blank\" rel=\"noreferrer noopener\">ticket mod\u00e9rateur<\/a>\u00a0est la part des frais de sant\u00e9 qui reste \u00e0 la charge apr\u00e8s le remboursement effectu\u00e9 par l\u2019<a href=\"https:\/\/www.ameli.fr\/assure\" target=\"_blank\" rel=\"noreferrer noopener\">Assurance Maladie<\/a>. Cette somme peut \u00eatre pay\u00e9e soit par le ou la patient\u2022e, soit par une compl\u00e9mentaire sant\u00e9.<br><br><strong>Ce ticket mod\u00e9rateur est supprim\u00e9 si :<br><br><\/strong>\u2022\u00a0Vous \u00eates reconnu en\u00a0<a href=\"https:\/\/www.ameli.fr\/assure\/droits-demarches\/maladie-accident-hospitalisation\/affection-longue-duree-ald\/affection-longue-duree-maladie-chronique\" target=\"_blank\" rel=\"noreferrer noopener\">Affection longue dur\u00e9e<\/a>\u00a0(ALD)<br>\u2022 Vous b\u00e9n\u00e9ficiez de la Compl\u00e9mentaire Sant\u00e9 Solidaire (CSS)<br>\u2022 Vous \u00eates enceint\u2022e \u00e0 partir du 6e mois<br>\u2022\u00a0Vous \u00eates victime d\u2019un accident du travail ou d\u2019une maladie professionnelle<br>\u2022\u00a0Vous \u00eates hospitalis\u00e9\u2022e plus de 30 jours cons\u00e9cutifs<\/p>\n\t\t\t<\/div>\n<\/div>\n\n\n\n<h2 class=\"wp-block-heading\">Une approche diff\u00e9renciante : anticiper, cumuler et optimiser ses droits<\/h2>\n\n\n\n<h3 class=\"wp-block-heading\">Cumul et optimisation des aides<\/h3>\n\n\n\n<p class=\"wp-block-paragraph\">De nombreuses personnes ignorent qu\u2019il est possible de&nbsp;<a href=\"https:\/\/orthopus.com\/fr\/dossier-mdph\/cumul-pch-aidant-familial-et-retraite\/\">cumuler plusieurs aides financi\u00e8res<\/a>&nbsp;d\u00e9di\u00e9es au handicap, \u00e0 condition bien \u00e9videmment de bien comprendre les conditions, les plafonds et les interactions entre les divers dispositifs.<\/p>\n\n\n\n<figure class=\"wp-block-table\"><table class=\"has-fixed-layout\"><tbody><tr><td><strong>Exemples de cumuls possibles<\/strong><\/td><td><strong>Conditions<\/strong><\/td><\/tr><tr><td>Allocation adulte handicap\u00e9 + salaire<\/td><td>Cumul partiel possible sous plafond avec abattements sp\u00e9cifiques<\/td><\/tr><tr><td>Allocation adulte handicap\u00e9 + Prestation de compensation du handicap<\/td><td>Compatible si besoin d\u2019aide humaine ou technique reconnue<\/td><\/tr><tr><td><a href=\"https:\/\/www.service-public.fr\/particuliers\/vosdroits\/N19775\">RSA<\/a>&nbsp;+ Prestation de compensation du handicap<\/td><td>Possible selon les revenus du foyer<\/td><\/tr><tr><td>Retraite anticip\u00e9 + Allocation adulte handicap\u00e9<\/td><td>Certain\u2022es b\u00e9n\u00e9ficiaires de l\u2019Allocation adulte handicap\u00e9 peuvent liquider leur retraite plus t\u00f4t si leur handicap est sup\u00e9rieur \u00e0 50%.<\/td><\/tr><\/tbody><\/table><\/figure>\n\n\n\n<p class=\"wp-block-paragraph\"><strong>Si l\u2019on prend trois cas types par exemple :<\/strong><\/p>\n\n\n\n<ul class=\"wp-block-list\">\n<li>Un handicap temporaire, comme un arr\u00eat vasculaire c\u00e9r\u00e9brale qui n\u00e9cessite de la r\u00e9\u00e9ducation, peut susciter une Prestation de compensation du handicap (PCH) ponctuelle, une Allocation adulte handicap\u00e9 (AAH) transitoire et un futur am\u00e9nagement du temps de travail avec un mi-temps th\u00e9rapeutique.<\/li>\n\n\n\n<li>Un handicap \u00e0 vie n\u00e9cessite la constitution d\u2019un parcours durable avec PCH, AAH longue dur\u00e9e et possiblement une retraite anticip\u00e9e.<\/li>\n\n\n\n<li>Un projet de r\u00e9insertion ou de reconversion professionnelle permet de lancer une articulation entre une AAH r\u00e9duite, un emploi \u00e0 temps partiel et une formation financ\u00e9e par l\u2019Agefiph.<\/li>\n<\/ul>\n\n\n\n<h3 class=\"wp-block-heading\">Mieux se pr\u00e9parer d\u00e8s le diagnostic<\/h3>\n\n\n\n<p class=\"wp-block-paragraph\"><em>\u201cLe succ\u00e8s d\u00e9pend de la pr\u00e9paration, et sans une telle pr\u00e9paration, il y aura certainement un \u00e9chec\u201d<\/em>&nbsp;disait Confucius. Loin de nous d\u2019\u00eatre aussi d\u00e9faitiste, mais nous lui donnons tout de m\u00eame raison en partie : se pr\u00e9parer favorise le succ\u00e8s. Et du succ\u00e8s, il vous en faudra pour toutes les d\u00e9marches administratives qu\u2019il faut engager d\u00e8s l\u2019annonce d\u2019un handicap.<\/p>\n\n\n\n<p class=\"wp-block-paragraph\">D\u00e8s le diagnostic, vous pouvez commencer \u00e0 prendre contact avec votre\u00a0<a href=\"https:\/\/mdphenligne.cnsa.fr\/\" target=\"_blank\" rel=\"noreferrer noopener\">MDPH<\/a>\u00a0locale ainsi que le CCAS (Centre communal d\u2019action sociale) et le\u00a0<a href=\"https:\/\/www.aide-sociale.fr\/clic-personnes-agees\/\" target=\"_blank\" rel=\"noreferrer noopener\">CLIC<\/a>\u00a0(Centre local d\u2019information et de coordination) les plus proches. Cette premi\u00e8re interaction vous permettra de vous renseigner afin de construire un\u00a0<a href=\"https:\/\/orthopus.com\/fr\/aidant\/dossier-aidant-familial\/\">dossier solide<\/a>\u00a0et de vous rapprocher d\u2019un ou d\u2019une interlocuteur\u2022rice plus appropri\u00e9e \u00e0 votre cas.<\/p>\n\n\n\n<h2 class=\"wp-block-heading\">Tout savoir pour faire valoir ses droits<\/h2>\n\n\n\n<p class=\"wp-block-paragraph\">Pour tirer pleinement parti des aides disponibles, il ne suffit pas de conna\u00eetre les dispositifs :&nbsp;<strong>encore faut-il savoir comment faire valoir ses droits au bon moment.<\/strong><\/p>\n\n\n\n<h3 class=\"wp-block-heading\">Monter et suivre son dossier MDPH<\/h3>\n\n\n\n<p class=\"wp-block-paragraph\">D\u00e9poser un\u00a0<a href=\"https:\/\/preprod.weasywyg.com\/2026\/07\/17\/ouverture-droits-mdph-dossier-en-ligne\/\">dossier MDPH<\/a>\u00a0bien pr\u00e9par\u00e9, c\u2019est primordial pour acc\u00e9der aux aides li\u00e9es au handicap comme l\u2019<a href=\"https:\/\/www.service-public.fr\/particuliers\/vosdroits\/F12242\" target=\"_blank\" rel=\"noreferrer noopener\">Allocation adulte handicap\u00e9<\/a>\u00a0(AAH), la\u00a0<a href=\"https:\/\/www.service-public.fr\/particuliers\/vosdroits\/F14202\" target=\"_blank\" rel=\"noreferrer noopener\">Prestation de compensation du handicap<\/a>\u00a0(PCH), les\u00a0<a href=\"https:\/\/preprod.weasywyg.com\/2026\/07\/10\/ouverture-droits-mdph-carte-mobilite-inclusion\/\">Cartes mobilit\u00e9 inclusion<\/a>, etc. Il faut :<\/p>\n\n\n\n<ol class=\"wp-block-list\">\n<li>Remplir le formulaire\u00a0<a href=\"https:\/\/www.formulaires.service-public.fr\/gf\/cerfa_15692.do\" target=\"_blank\" rel=\"noreferrer noopener\"><strong>CERFA N\u00b015692*01<\/strong><\/a><\/li>\n\n\n\n<li>Joindre un certificat m\u00e9dical de moins de 6 mois<\/li>\n\n\n\n<li>Fournir les justificatifs compl\u00e9mentaires (pi\u00e8ce d\u2019identit\u00e9, justificatif de domicile, projet de vie, etc.)<\/li>\n\n\n\n<li>Envoyer le dossier complet \u00e0 la MDPH en ligne ou par voie postale<\/li>\n<\/ol>\n\n\n\n<blockquote class=\"wp-block-quote is-layout-flow wp-block-quote-is-layout-flow\">\n<p class=\"wp-block-paragraph\">Comptez une prise en charge de votre dossier entre&nbsp;<strong>4 \u00e0 6 mois apr\u00e8s avoir re\u00e7u votre accus\u00e9 de r\u00e9ception<\/strong>.<br>Une fois votre dossier accept\u00e9, vous commencerez \u00e0 recevoir les premiers versements de vos aides financi\u00e8res.<\/p>\n<\/blockquote>\n\n\n\n<h3 class=\"wp-block-heading\">V\u00e9rifier r\u00e9guli\u00e8rement ses droits et rester inform\u00e9<\/h3>\n\n\n\n<p class=\"wp-block-paragraph\">Comme les droits li\u00e9s au handicap sont en constante \u00e9volution, les bar\u00e8mes, plafonds, aides, etc. sont sans cesse en mutation. Il peut \u00eatre de fait, particuli\u00e8rement judicieux de se tenir informer des aides auxquelles vous avez le droit au moins une fois par an \u2013 d\u2019autant plus si votre handicap est \u00e9volutif.<\/p>\n\n\n<div class=\"orthopus-poulpe-tip wp-block-orthopus-poulpe-tip\">\n\t\t<div class=\"poulpe-tip__icon\" aria-hidden=\"true\">\n\t\t<span class=\"poulpe-tip__icon-placeholder\">\ud83d\udc19<\/span>\n\t<\/div>\n\n\t<div class=\"poulpe-tip__content\">\n\t\t\t\t\t<p class=\"poulpe-tip__title\">Le coup de pouce du poulpe : quelques liens utiles<\/p>\n\t\t\t\t\t\t\t<p class=\"poulpe-tip__body\">\u2022\u00a0Site du service public pour se tenir inform\u00e9\u2022e :\u00a0<a href=\"https:\/\/www.service-public.fr\/\" target=\"_blank\" rel=\"noreferrer noopener\">https:\/\/www.service-public.fr\/<\/a><br>\u2022\u00a0Calendrier annuel des revalorisations :\u00a0<a href=\"https:\/\/solidarites.gouv.fr\/revalorisation-annuelle-des-prestations-sociales-au-1er-avril-2025\" target=\"_blank\" rel=\"noreferrer noopener\">https:\/\/solidarites.gouv.fr\/revalorisation-annuelle-des-prestations-sociales-au-1er-avril-2025<\/a><br>\u2022\u00a0<strong>Newsletters informatives :<\/strong><br>\u27a1\ufe0f ORTHOPUS :\u00a0<a href=\"https:\/\/mailchi.mp\/979dbe3fa8e3\/orthopus_newsletter\">https:\/\/mailchi.mp\/979dbe3fa8e3\/orthopus_newsletter<\/a><br>\u27a1\ufe0f CAF :\u00a0<a href=\"https:\/\/www.caf.fr\/form\/abonnez-vous-a-la-newsletter-act#no-back\" target=\"_blank\" rel=\"noreferrer noopener\">https:\/\/www.caf.fr\/form\/abonnez-vous-a-la-newsletter-act#no-back<\/a><\/p>\n\t\t\t<\/div>\n<\/div>\n\n\n\n<h2 class=\"wp-block-heading\">Vos questions sur l\u2019aide financi\u00e8re et le handicap<\/h2>\n\n\n\n<h3 class=\"wp-block-heading\">Peut-on cumuler plusieurs aides financi\u00e8res\u202f?<\/h3>\n\n\n\n<p class=\"wp-block-paragraph\">Oui, il est possible de cumuler plusieurs aides, \u00e0 condition de respecter les conditions sp\u00e9cifiques de chaque dispositif. Par exemple, une personne peut percevoir l\u2019AAH (<a href=\"https:\/\/www.service-public.fr\/particuliers\/vosdroits\/F12242\" target=\"_blank\" rel=\"noreferrer noopener\">Allocation aux adultes handicap\u00e9s<\/a>) tout en b\u00e9n\u00e9ficiant de la PCH (<a href=\"https:\/\/www.service-public.fr\/particuliers\/vosdroits\/F14202\" target=\"_blank\" rel=\"noreferrer noopener\">Prestation de compensation du handicap<\/a>), d\u2019une\u00a0<a href=\"https:\/\/www.caf.fr\/allocataires\/aides-et-demarches\/droits-et-prestations\/logement\/les-aides-personnelles-au-logement\" target=\"_blank\" rel=\"noreferrer noopener\">aide au logement<\/a>\u00a0(APL), ou d\u2019un compl\u00e9ment de salaire en cas d\u2019activit\u00e9 partielle.<\/p>\n\n\n\n<h3 class=\"wp-block-heading\">Quel est le montant de l\u2019AAH ou de la PCH en 2025\u202f?<\/h3>\n\n\n\n<p class=\"wp-block-paragraph\">En 2025, le montant de l\u2019Allocation adulte handicap\u00e9 (AAH) est d\u2019environ 1033\u20ac par mois pour une personne seule sans autres ressources. Il est variable selon les revenus, la situation familiale et la nature du handicap. La Prestation de compensation du handicap (PCH) ne donne pas un versement fixe mensuel, elle rembourse tout ou une partie des d\u00e9penses li\u00e9es \u00e0 la perte d\u2019autonomie : aide humaine, technique, transport, logement, etc. Les montants sont revaloris\u00e9s chaque ann\u00e9e souvent en\u00a0<strong>avril<\/strong>, n\u2019h\u00e9sitez pas \u00e0 consulter le site officiel du\u00a0<a href=\"https:\/\/www.service-public.fr\/\" target=\"_blank\" rel=\"noreferrer noopener\">service public<\/a>\u00a0pour en savoir plus.<\/p>\n\n\n\n<h3 class=\"wp-block-heading\">Quelles aides pour l\u2019am\u00e9nagement du logement ou l\u2019achat de mat\u00e9riel m\u00e9dical\u202f?<\/h3>\n\n\n\n<p class=\"wp-block-paragraph\">Il existe plusieurs dispositifs pour financer un fauteuil roulant, adapter une salle de bain, installer une rampe d\u2019acc\u00e8s ou acqu\u00e9rir des \u00e9quipements m\u00e9dicaux co\u00fbteux. Les principales aides sont :<\/p>\n\n\n\n<ul class=\"wp-block-list\">\n<li>PCH (<a href=\"https:\/\/www.monparcourshandicap.gouv.fr\/aides\/la-prestation-de-compensation-du-handicap-pch\" target=\"_blank\" rel=\"noreferrer noopener\">Prestation de compensation du handicap<\/a>) : volet aide technique ou logement.<\/li>\n\n\n\n<li><a href=\"https:\/\/www.anah.gouv.fr\/\">ANAH<\/a>&nbsp;: Aides pour l\u2019adaptation du domicile.<\/li>\n\n\n\n<li>Cr\u00e9dits d\u2019imp\u00f4t pour les travaux d\u2019accessibilit\u00e9.<\/li>\n\n\n\n<li>Aides des caisses de retraite, mutuelles, collectivit\u00e9s locales.<\/li>\n<\/ul>\n\n\n\n<p class=\"wp-block-paragraph\">Pour en b\u00e9n\u00e9ficier, il faut constituer un dossier avec devis, justificatifs m\u00e9dicaux et si besoin, une \u00e9valuation par un\u2022e ergoth\u00e9rapeute.<\/p>\n\n\n\n<h3 class=\"wp-block-heading\">La d\u00e9conjugalisation de l\u2019AAH, qu\u2019est-ce que c\u2019est\u202f?<\/h3>\n\n\n\n<p class=\"wp-block-paragraph\">Depuis octobre 2023, le calcul de l\u2019AAH (<a href=\"https:\/\/www.service-public.fr\/particuliers\/vosdroits\/F12242\" target=\"_blank\" rel=\"noreferrer noopener\">Allocation adulte handicap\u00e9<\/a>) a \u00e9t\u00e9 d\u00e9conjugalis\u00e9 : les revenus du conjoint ne sont plus pris en compte pour d\u00e9terminer le droit \u00e0 l\u2019AAH. Ce changement majeur permet \u00e0 de nombreuses personnes en situation de handicap de retrouver leur autonomie financi\u00e8re, m\u00eame en couple.<\/p>\n\n\n\n<h3 class=\"wp-block-heading\">Quelles aides pour les enfants en situation de handicap\u202f?<\/h3>\n\n\n\n<p class=\"wp-block-paragraph\">Les parents d\u2019enfants handicap\u00e9s peuvent b\u00e9n\u00e9ficier de plusieurs aides sp\u00e9cifiques :<\/p>\n\n\n\n<ul class=\"wp-block-list\">\n<li><a href=\"https:\/\/www.service-public.fr\/particuliers\/vosdroits\/F14809\" target=\"_blank\" rel=\"noreferrer noopener\">AEEH<\/a>\u00a0(Allocation d\u2019\u00e9ducation de l\u2019enfant handicap\u00e9) : montant de base avec des compl\u00e9ments selon les besoins.<\/li>\n\n\n\n<li><a href=\"https:\/\/www.service-public.fr\/particuliers\/vosdroits\/F15132\" target=\"_blank\" rel=\"noreferrer noopener\">AJPP<\/a>\u00a0(Allocation journali\u00e8re de pr\u00e9sence parentale) : pour s\u2019occuper d\u2019un enfant gravement malade.<\/li>\n\n\n\n<li>Aides de la PCH Enfant : pour couvrir les frais de soins ou d\u2019\u00e9quipement.<\/li>\n\n\n\n<li>Soutiens scolaires et dispositifs sp\u00e9cialis\u00e9s :\u00a0<a href=\"https:\/\/orthopus.com\/fr\/dossier-mdph\/accompagnement-educatif-et-social-handicape\/\" target=\"_blank\" rel=\"noreferrer noopener\">AESH<\/a>,\u00a0<a href=\"https:\/\/www.ac-reims.fr\/qu-est-ce-qu-un-sessad-service-d-education-speciale-et-de-soins-a-domicile-121610\" target=\"_blank\" rel=\"noreferrer noopener\">SESSAD<\/a>,\u00a0<a href=\"https:\/\/fr.wikipedia.org\/wiki\/Institut_m%C3%A9dico-%C3%A9ducatif\" target=\"_blank\" rel=\"noreferrer noopener\">IME<\/a>, etc.<\/li>\n<\/ul>\n\n\n\n<p class=\"wp-block-paragraph\"><strong>Il est recommand\u00e9 de faire une demande\u00a0<a href=\"https:\/\/mdphenligne.cnsa.fr\/\" target=\"_blank\" rel=\"noreferrer noopener\">MDPH<\/a>\u00a0d\u00e8s que le handicap est reconnu, m\u00eame avant 3 ans.<\/strong><\/p>\n\n\n\n<h3 class=\"wp-block-heading\">Quelles aides pour les personnes \u00e2g\u00e9es en situation de handicap\u202f?<\/h3>\n\n\n\n<p class=\"wp-block-paragraph\">Les personnes \u00e2g\u00e9es en situation de handicap peuvent b\u00e9n\u00e9ficier d\u2019aides financi\u00e8res sp\u00e9cifiques au handicap comme :<\/p>\n\n\n\n<ul class=\"wp-block-list\">\n<li>L\u2019APA (<a href=\"https:\/\/www.service-public.fr\/particuliers\/vosdroits\/F10009\" target=\"_blank\" rel=\"noreferrer noopener\">Allocation personnalis\u00e9e d\u2019autonomie<\/a>) : pour financer l\u2019aide \u00e0 domicile, les am\u00e9nagements ou l\u2019entr\u00e9e en EHPAD.<\/li>\n\n\n\n<li>La\u00a0<a href=\"https:\/\/www.service-public.fr\/particuliers\/vosdroits\/F14202\" target=\"_blank\" rel=\"noreferrer noopener\">PCH<\/a>\u00a0\u00e0 partir de 60 ans : uniquement si elle \u00e9tait d\u00e9j\u00e0 accord\u00e9e avant cet \u00e2ge.<\/li>\n\n\n\n<li>Compl\u00e9ments de retraite, aides sociales d\u00e9partementales ou caisses de retraite.<\/li>\n<\/ul>\n\n\n\n<h2 class=\"wp-block-heading\">Sources :<\/h2>\n\n\n\n<ul class=\"wp-block-list\">\n<li><a href=\"https:\/\/www.legifrance.gouv.fr\/jorf\/id\/JORFTEXT000000809647\" target=\"_blank\" rel=\"noreferrer noopener\">https:\/\/www.legifrance.gouv.fr\/jorf\/id\/JORFTEXT000000809647<\/a><\/li>\n\n\n\n<li><a href=\"https:\/\/www.service-public.fr\/particuliers\/vosdroits\/F1650\" target=\"_blank\" rel=\"noreferrer noopener\">https:\/\/www.service-public.fr\/particuliers\/vosdroits\/F1650<\/a><\/li>\n\n\n\n<li><a href=\"https:\/\/www.service-public.fr\/particuliers\/vosdroits\/F12242\" target=\"_blank\" rel=\"noreferrer noopener\">https:\/\/www.service-public.fr\/particuliers\/vosdroits\/F12242<\/a><\/li>\n\n\n\n<li><a href=\"https:\/\/www.service-public.fr\/particuliers\/vosdroits\/F14202\" target=\"_blank\" rel=\"noreferrer noopener\">https:\/\/www.service-public.fr\/particuliers\/vosdroits\/F14202<\/a><\/li>\n\n\n\n<li><a href=\"https:\/\/www.monparcourshandicap.gouv.fr\/actualite\/montant-aah\" target=\"_blank\" rel=\"noreferrer noopener\">https:\/\/www.monparcourshandicap.gouv.fr\/actualite\/montant-aah<\/a><\/li>\n\n\n\n<li><a href=\"https:\/\/www.service-public.fr\/particuliers\/vosdroits\/F12903\">https:\/\/www.service-public.fr\/particuliers\/vosdroits\/F12903<\/a><\/li>\n\n\n\n<li><a href=\"https:\/\/www.maprimerenov.gouv.fr\/\" target=\"_blank\" rel=\"noreferrer noopener\">https:\/\/www.maprimerenov.gouv.fr\/<\/a><\/li>\n\n\n\n<li><a href=\"https:\/\/www.service-public.fr\/particuliers\/vosdroits\/F113\" target=\"_blank\" rel=\"noreferrer noopener\">https:\/\/www.service-public.fr\/particuliers\/vosdroits\/F113<\/a><\/li>\n\n\n\n<li><a href=\"https:\/\/www.service-public.fr\/particuliers\/vosdroits\/F10752\" target=\"_blank\" rel=\"noreferrer noopener\">https:\/\/www.service-public.fr\/particuliers\/vosdroits\/F10752<\/a><\/li>\n\n\n\n<li><a href=\"https:\/\/www.service-public.fr\/particuliers\/vosdroits\/F14809\" target=\"_blank\" rel=\"noreferrer noopener\">https:\/\/www.service-public.fr\/particuliers\/vosdroits\/F14809<\/a><\/li>\n\n\n\n<li><a href=\"https:\/\/www.service-public.fr\/particuliers\/vosdroits\/F15132\" target=\"_blank\" rel=\"noreferrer noopener\">https:\/\/www.service-public.fr\/particuliers\/vosdroits\/F15132<\/a><\/li>\n\n\n\n<li><a href=\"https:\/\/www.mdph13.fr\/demarches\/Pages\/SESSAD.aspx#:~:text=Les%20SESSAD%20sont%20des%20Services,ainsi%20qu'%C3%A0%20leurs%20familles.\" target=\"_blank\" rel=\"noreferrer noopener\">https:\/\/www.mdph13.fr\/demarches\/Pages\/SESSAD.aspx#:~:text=Les%20SESSAD%20sont%20des%20Services,ainsi%20qu\u2019%C3%A0%20leurs%20familles.<\/a><\/li>\n\n\n\n<li><a href=\"https:\/\/www.service-public.fr\/particuliers\/vosdroits\/F34068\" target=\"_blank\" rel=\"noreferrer noopener\">https:\/\/www.service-public.fr\/particuliers\/vosdroits\/F34068<\/a><\/li>\n\n\n\n<li><a href=\"https:\/\/www.ameli.fr\/assure\/remboursements\/reste-charge\/ticket-moderateur#:~:text=Le%20ticket%20mod%C3%A9rateur%20est%20la,par%20un%20reste%20%C3%A0%20charge.\" target=\"_blank\" rel=\"noreferrer noopener\">https:\/\/www.ameli.fr\/assure\/remboursements\/reste-charge\/ticket-moderateur#:~:text=Le%20ticket%20mod%C3%A9rateur%20est%20la,par%20un%20reste%20%C3%A0%20charge.<\/a><\/li>\n\n\n\n<li><a href=\"https:\/\/www.service-public.fr\/particuliers\/vosdroits\/N19775\" target=\"_blank\" rel=\"noreferrer noopener\">https:\/\/www.service-public.fr\/particuliers\/vosdroits\/N19775<\/a><\/li>\n<\/ul>\n","protected":false},"excerpt":{"rendered":"<p>Toutes les aides financi\u00e8res pour le handicap en 2025 : conditions, montants, d\u00e9marches et conseils pour optimiser vos droits.<\/p>\n","protected":false},"author":2,"featured_media":19198,"comment_status":"open","ping_status":"open","sticky":false,"template":"","format":"standard","meta":{"_kad_blocks_custom_css":"","_kad_blocks_head_custom_js":"","_kad_blocks_body_custom_js":"","_kad_blocks_footer_custom_js":"","footnotes":""},"categories":[236],"tags":[],"class_list":["post-19197","post","type-post","status-publish","format-standard","has-post-thumbnail","hentry","category-dispositifs-aide"],"yoast_head":"<!-- This site is optimized with the Yoast SEO plugin v28.4 - https:\/\/yoast.com\/product\/yoast-seo-wordpress\/ -->\n<title>Handicap et aides financi\u00e8res en 2025 : Guide complet pour accompagner l&#039;autonomie - Orthopus<\/title>\n<meta name=\"description\" content=\"Toutes les aides financi\u00e8res pour le handicap en 2025 : conditions, montants, d\u00e9marches et conseils pour optimiser vos droits.\" \/>\n<meta name=\"robots\" content=\"noindex, follow, max-snippet:-1, max-image-preview:large, max-video-preview:-1\" \/>\n<meta property=\"og:locale\" content=\"fr_FR\" \/>\n<meta property=\"og:type\" content=\"article\" \/>\n<meta property=\"og:title\" content=\"Handicap et aides financi\u00e8res en 2025 : Guide complet pour accompagner l&#039;autonomie - Orthopus\" \/>\n<meta property=\"og:description\" content=\"Toutes les aides financi\u00e8res pour le handicap en 2025 : conditions, montants, d\u00e9marches et conseils pour optimiser vos droits.\" \/>\n<meta property=\"og:url\" content=\"https:\/\/preprod.weasywyg.com\/fr\/2025\/02\/23\/aides-financieres-handicap\/\" \/>\n<meta property=\"og:site_name\" content=\"Orthopus\" \/>\n<meta property=\"article:published_time\" content=\"2025-02-23T16:26:05+00:00\" \/>\n<meta property=\"article:modified_time\" content=\"2026-07-20T15:11:32+00:00\" \/>\n<meta property=\"og:image\" content=\"https:\/\/preprod.weasywyg.com\/wp-content\/uploads\/2026\/07\/IMG-250711-Picsou.webp\" \/>\n\t<meta property=\"og:image:width\" content=\"1000\" \/>\n\t<meta property=\"og:image:height\" content=\"625\" \/>\n\t<meta property=\"og:image:type\" content=\"image\/webp\" \/>\n<meta name=\"author\" content=\"Mona Jamois\" \/>\n<meta name=\"twitter:card\" content=\"summary_large_image\" \/>\n<meta name=\"twitter:label1\" content=\"\u00c9crit par\" \/>\n\t<meta name=\"twitter:data1\" content=\"Mona Jamois\" \/>\n\t<meta name=\"twitter:label2\" content=\"Dur\u00e9e de lecture estim\u00e9e\" \/>\n\t<meta name=\"twitter:data2\" content=\"12 minutes\" \/>\n<script type=\"application\/ld+json\" class=\"yoast-schema-graph\">{\"@context\":\"https:\\\/\\\/schema.org\",\"@graph\":[{\"@type\":\"Article\",\"@id\":\"https:\\\/\\\/preprod.weasywyg.com\\\/fr\\\/2025\\\/02\\\/23\\\/aides-financieres-handicap\\\/#article\",\"isPartOf\":{\"@id\":\"https:\\\/\\\/preprod.weasywyg.com\\\/fr\\\/2025\\\/02\\\/23\\\/aides-financieres-handicap\\\/\"},\"author\":{\"name\":\"Mona Jamois\",\"@id\":\"https:\\\/\\\/preprod.weasywyg.com\\\/fr\\\/#\\\/schema\\\/person\\\/a7dcb2c9da462fd59f13f2258699ba9e\"},\"headline\":\"Handicap et aides financi\u00e8res en 2025 : Guide complet pour accompagner l&rsquo;autonomie\",\"datePublished\":\"2025-02-23T16:26:05+00:00\",\"dateModified\":\"2026-07-20T15:11:32+00:00\",\"mainEntityOfPage\":{\"@id\":\"https:\\\/\\\/preprod.weasywyg.com\\\/fr\\\/2025\\\/02\\\/23\\\/aides-financieres-handicap\\\/\"},\"wordCount\":2656,\"commentCount\":0,\"publisher\":{\"@id\":\"https:\\\/\\\/preprod.weasywyg.com\\\/fr\\\/#organization\"},\"image\":{\"@id\":\"https:\\\/\\\/preprod.weasywyg.com\\\/fr\\\/2025\\\/02\\\/23\\\/aides-financieres-handicap\\\/#primaryimage\"},\"thumbnailUrl\":\"https:\\\/\\\/preprod.weasywyg.com\\\/wp-content\\\/uploads\\\/2026\\\/07\\\/IMG-250711-Picsou.webp\",\"articleSection\":[\"Dispositifs d'aide\"],\"inLanguage\":\"fr-FR\",\"potentialAction\":[{\"@type\":\"CommentAction\",\"name\":\"Comment\",\"target\":[\"https:\\\/\\\/preprod.weasywyg.com\\\/fr\\\/2025\\\/02\\\/23\\\/aides-financieres-handicap\\\/#respond\"]}]},{\"@type\":\"WebPage\",\"@id\":\"https:\\\/\\\/preprod.weasywyg.com\\\/fr\\\/2025\\\/02\\\/23\\\/aides-financieres-handicap\\\/\",\"url\":\"https:\\\/\\\/preprod.weasywyg.com\\\/fr\\\/2025\\\/02\\\/23\\\/aides-financieres-handicap\\\/\",\"name\":\"Handicap et aides financi\u00e8res en 2025 : Guide complet pour accompagner l'autonomie - Orthopus\",\"isPartOf\":{\"@id\":\"https:\\\/\\\/preprod.weasywyg.com\\\/fr\\\/#website\"},\"primaryImageOfPage\":{\"@id\":\"https:\\\/\\\/preprod.weasywyg.com\\\/fr\\\/2025\\\/02\\\/23\\\/aides-financieres-handicap\\\/#primaryimage\"},\"image\":{\"@id\":\"https:\\\/\\\/preprod.weasywyg.com\\\/fr\\\/2025\\\/02\\\/23\\\/aides-financieres-handicap\\\/#primaryimage\"},\"thumbnailUrl\":\"https:\\\/\\\/preprod.weasywyg.com\\\/wp-content\\\/uploads\\\/2026\\\/07\\\/IMG-250711-Picsou.webp\",\"datePublished\":\"2025-02-23T16:26:05+00:00\",\"dateModified\":\"2026-07-20T15:11:32+00:00\",\"description\":\"Toutes les aides financi\u00e8res pour le handicap en 2025 : conditions, montants, d\u00e9marches et conseils pour optimiser vos droits.\",\"breadcrumb\":{\"@id\":\"https:\\\/\\\/preprod.weasywyg.com\\\/fr\\\/2025\\\/02\\\/23\\\/aides-financieres-handicap\\\/#breadcrumb\"},\"inLanguage\":\"fr-FR\",\"potentialAction\":[{\"@type\":\"ReadAction\",\"target\":[\"https:\\\/\\\/preprod.weasywyg.com\\\/fr\\\/2025\\\/02\\\/23\\\/aides-financieres-handicap\\\/\"]}]},{\"@type\":\"ImageObject\",\"inLanguage\":\"fr-FR\",\"@id\":\"https:\\\/\\\/preprod.weasywyg.com\\\/fr\\\/2025\\\/02\\\/23\\\/aides-financieres-handicap\\\/#primaryimage\",\"url\":\"https:\\\/\\\/preprod.weasywyg.com\\\/wp-content\\\/uploads\\\/2026\\\/07\\\/IMG-250711-Picsou.webp\",\"contentUrl\":\"https:\\\/\\\/preprod.weasywyg.com\\\/wp-content\\\/uploads\\\/2026\\\/07\\\/IMG-250711-Picsou.webp\",\"width\":1000,\"height\":625,\"caption\":\"Illustration de Balthazar Picsou, tir\u00e9e du Picsou Magazine (1972).\"},{\"@type\":\"BreadcrumbList\",\"@id\":\"https:\\\/\\\/preprod.weasywyg.com\\\/fr\\\/2025\\\/02\\\/23\\\/aides-financieres-handicap\\\/#breadcrumb\",\"itemListElement\":[{\"@type\":\"ListItem\",\"position\":1,\"name\":\"Accueil\",\"item\":\"https:\\\/\\\/preprod.weasywyg.com\\\/fr\\\/\"},{\"@type\":\"ListItem\",\"position\":2,\"name\":\"Handicap et aides financi\u00e8res en 2025 : Guide complet pour accompagner l&rsquo;autonomie\"}]},{\"@type\":\"WebSite\",\"@id\":\"https:\\\/\\\/preprod.weasywyg.com\\\/fr\\\/#website\",\"url\":\"https:\\\/\\\/preprod.weasywyg.com\\\/fr\\\/\",\"name\":\"Orthopus\",\"description\":\"Handitech solutions for everyone\",\"publisher\":{\"@id\":\"https:\\\/\\\/preprod.weasywyg.com\\\/fr\\\/#organization\"},\"potentialAction\":[{\"@type\":\"SearchAction\",\"target\":{\"@type\":\"EntryPoint\",\"urlTemplate\":\"https:\\\/\\\/preprod.weasywyg.com\\\/fr\\\/?s={search_term_string}\"},\"query-input\":{\"@type\":\"PropertyValueSpecification\",\"valueRequired\":true,\"valueName\":\"search_term_string\"}}],\"inLanguage\":\"fr-FR\"},{\"@type\":\"Organization\",\"@id\":\"https:\\\/\\\/preprod.weasywyg.com\\\/fr\\\/#organization\",\"name\":\"Orthopus\",\"url\":\"https:\\\/\\\/preprod.weasywyg.com\\\/fr\\\/\",\"logo\":{\"@type\":\"ImageObject\",\"inLanguage\":\"fr-FR\",\"@id\":\"https:\\\/\\\/preprod.weasywyg.com\\\/fr\\\/#\\\/schema\\\/logo\\\/image\\\/\",\"url\":\"https:\\\/\\\/preprod.weasywyg.com\\\/wp-content\\\/uploads\\\/2026\\\/05\\\/logo.svg\",\"contentUrl\":\"https:\\\/\\\/preprod.weasywyg.com\\\/wp-content\\\/uploads\\\/2026\\\/05\\\/logo.svg\",\"caption\":\"Orthopus\"},\"image\":{\"@id\":\"https:\\\/\\\/preprod.weasywyg.com\\\/fr\\\/#\\\/schema\\\/logo\\\/image\\\/\"}},{\"@type\":\"Person\",\"@id\":\"https:\\\/\\\/preprod.weasywyg.com\\\/fr\\\/#\\\/schema\\\/person\\\/a7dcb2c9da462fd59f13f2258699ba9e\",\"name\":\"Mona Jamois\",\"image\":{\"@type\":\"ImageObject\",\"inLanguage\":\"fr-FR\",\"@id\":\"https:\\\/\\\/secure.gravatar.com\\\/avatar\\\/b5b462af4cf5722fbd017ef55b474709ff34d6030941c8c793bf9edf5d82b670?s=96&d=mm&r=g\",\"url\":\"https:\\\/\\\/secure.gravatar.com\\\/avatar\\\/b5b462af4cf5722fbd017ef55b474709ff34d6030941c8c793bf9edf5d82b670?s=96&d=mm&r=g\",\"contentUrl\":\"https:\\\/\\\/secure.gravatar.com\\\/avatar\\\/b5b462af4cf5722fbd017ef55b474709ff34d6030941c8c793bf9edf5d82b670?s=96&d=mm&r=g\",\"caption\":\"Mona Jamois\"},\"url\":\"https:\\\/\\\/preprod.weasywyg.com\\\/fr\\\/author\\\/orthopus-mona-26\\\/\"}]}<\/script>\n<!-- \/ Yoast SEO plugin. -->","yoast_head_json":{"title":"Handicap et aides financi\u00e8res en 2025 : Guide complet pour accompagner l'autonomie - Orthopus","description":"Toutes les aides financi\u00e8res pour le handicap en 2025 : conditions, montants, d\u00e9marches et conseils pour optimiser vos droits.","robots":{"index":"noindex","follow":"follow","max-snippet":"max-snippet:-1","max-image-preview":"max-image-preview:large","max-video-preview":"max-video-preview:-1"},"og_locale":"fr_FR","og_type":"article","og_title":"Handicap et aides financi\u00e8res en 2025 : Guide complet pour accompagner l'autonomie - Orthopus","og_description":"Toutes les aides financi\u00e8res pour le handicap en 2025 : conditions, montants, d\u00e9marches et conseils pour optimiser vos droits.","og_url":"https:\/\/preprod.weasywyg.com\/fr\/2025\/02\/23\/aides-financieres-handicap\/","og_site_name":"Orthopus","article_published_time":"2025-02-23T16:26:05+00:00","article_modified_time":"2026-07-20T15:11:32+00:00","og_image":[{"width":1000,"height":625,"url":"https:\/\/preprod.weasywyg.com\/wp-content\/uploads\/2026\/07\/IMG-250711-Picsou.webp","type":"image\/webp"}],"author":"Mona Jamois","twitter_card":"summary_large_image","twitter_misc":{"\u00c9crit par":"Mona Jamois","Dur\u00e9e de lecture estim\u00e9e":"12 minutes"},"schema":{"@context":"https:\/\/schema.org","@graph":[{"@type":"Article","@id":"https:\/\/preprod.weasywyg.com\/fr\/2025\/02\/23\/aides-financieres-handicap\/#article","isPartOf":{"@id":"https:\/\/preprod.weasywyg.com\/fr\/2025\/02\/23\/aides-financieres-handicap\/"},"author":{"name":"Mona Jamois","@id":"https:\/\/preprod.weasywyg.com\/fr\/#\/schema\/person\/a7dcb2c9da462fd59f13f2258699ba9e"},"headline":"Handicap et aides financi\u00e8res en 2025 : Guide complet pour accompagner l&rsquo;autonomie","datePublished":"2025-02-23T16:26:05+00:00","dateModified":"2026-07-20T15:11:32+00:00","mainEntityOfPage":{"@id":"https:\/\/preprod.weasywyg.com\/fr\/2025\/02\/23\/aides-financieres-handicap\/"},"wordCount":2656,"commentCount":0,"publisher":{"@id":"https:\/\/preprod.weasywyg.com\/fr\/#organization"},"image":{"@id":"https:\/\/preprod.weasywyg.com\/fr\/2025\/02\/23\/aides-financieres-handicap\/#primaryimage"},"thumbnailUrl":"https:\/\/preprod.weasywyg.com\/wp-content\/uploads\/2026\/07\/IMG-250711-Picsou.webp","articleSection":["Dispositifs d'aide"],"inLanguage":"fr-FR","potentialAction":[{"@type":"CommentAction","name":"Comment","target":["https:\/\/preprod.weasywyg.com\/fr\/2025\/02\/23\/aides-financieres-handicap\/#respond"]}]},{"@type":"WebPage","@id":"https:\/\/preprod.weasywyg.com\/fr\/2025\/02\/23\/aides-financieres-handicap\/","url":"https:\/\/preprod.weasywyg.com\/fr\/2025\/02\/23\/aides-financieres-handicap\/","name":"Handicap et aides financi\u00e8res en 2025 : Guide complet pour accompagner l'autonomie - Orthopus","isPartOf":{"@id":"https:\/\/preprod.weasywyg.com\/fr\/#website"},"primaryImageOfPage":{"@id":"https:\/\/preprod.weasywyg.com\/fr\/2025\/02\/23\/aides-financieres-handicap\/#primaryimage"},"image":{"@id":"https:\/\/preprod.weasywyg.com\/fr\/2025\/02\/23\/aides-financieres-handicap\/#primaryimage"},"thumbnailUrl":"https:\/\/preprod.weasywyg.com\/wp-content\/uploads\/2026\/07\/IMG-250711-Picsou.webp","datePublished":"2025-02-23T16:26:05+00:00","dateModified":"2026-07-20T15:11:32+00:00","description":"Toutes les aides financi\u00e8res pour le handicap en 2025 : conditions, montants, d\u00e9marches et conseils pour optimiser vos droits.","breadcrumb":{"@id":"https:\/\/preprod.weasywyg.com\/fr\/2025\/02\/23\/aides-financieres-handicap\/#breadcrumb"},"inLanguage":"fr-FR","potentialAction":[{"@type":"ReadAction","target":["https:\/\/preprod.weasywyg.com\/fr\/2025\/02\/23\/aides-financieres-handicap\/"]}]},{"@type":"ImageObject","inLanguage":"fr-FR","@id":"https:\/\/preprod.weasywyg.com\/fr\/2025\/02\/23\/aides-financieres-handicap\/#primaryimage","url":"https:\/\/preprod.weasywyg.com\/wp-content\/uploads\/2026\/07\/IMG-250711-Picsou.webp","contentUrl":"https:\/\/preprod.weasywyg.com\/wp-content\/uploads\/2026\/07\/IMG-250711-Picsou.webp","width":1000,"height":625,"caption":"Illustration de Balthazar Picsou, tir\u00e9e du Picsou Magazine (1972)."},{"@type":"BreadcrumbList","@id":"https:\/\/preprod.weasywyg.com\/fr\/2025\/02\/23\/aides-financieres-handicap\/#breadcrumb","itemListElement":[{"@type":"ListItem","position":1,"name":"Accueil","item":"https:\/\/preprod.weasywyg.com\/fr\/"},{"@type":"ListItem","position":2,"name":"Handicap et aides financi\u00e8res en 2025 : Guide complet pour accompagner l&rsquo;autonomie"}]},{"@type":"WebSite","@id":"https:\/\/preprod.weasywyg.com\/fr\/#website","url":"https:\/\/preprod.weasywyg.com\/fr\/","name":"Orthopus","description":"Handitech solutions for everyone","publisher":{"@id":"https:\/\/preprod.weasywyg.com\/fr\/#organization"},"potentialAction":[{"@type":"SearchAction","target":{"@type":"EntryPoint","urlTemplate":"https:\/\/preprod.weasywyg.com\/fr\/?s={search_term_string}"},"query-input":{"@type":"PropertyValueSpecification","valueRequired":true,"valueName":"search_term_string"}}],"inLanguage":"fr-FR"},{"@type":"Organization","@id":"https:\/\/preprod.weasywyg.com\/fr\/#organization","name":"Orthopus","url":"https:\/\/preprod.weasywyg.com\/fr\/","logo":{"@type":"ImageObject","inLanguage":"fr-FR","@id":"https:\/\/preprod.weasywyg.com\/fr\/#\/schema\/logo\/image\/","url":"https:\/\/preprod.weasywyg.com\/wp-content\/uploads\/2026\/05\/logo.svg","contentUrl":"https:\/\/preprod.weasywyg.com\/wp-content\/uploads\/2026\/05\/logo.svg","caption":"Orthopus"},"image":{"@id":"https:\/\/preprod.weasywyg.com\/fr\/#\/schema\/logo\/image\/"}},{"@type":"Person","@id":"https:\/\/preprod.weasywyg.com\/fr\/#\/schema\/person\/a7dcb2c9da462fd59f13f2258699ba9e","name":"Mona Jamois","image":{"@type":"ImageObject","inLanguage":"fr-FR","@id":"https:\/\/secure.gravatar.com\/avatar\/b5b462af4cf5722fbd017ef55b474709ff34d6030941c8c793bf9edf5d82b670?s=96&d=mm&r=g","url":"https:\/\/secure.gravatar.com\/avatar\/b5b462af4cf5722fbd017ef55b474709ff34d6030941c8c793bf9edf5d82b670?s=96&d=mm&r=g","contentUrl":"https:\/\/secure.gravatar.com\/avatar\/b5b462af4cf5722fbd017ef55b474709ff34d6030941c8c793bf9edf5d82b670?s=96&d=mm&r=g","caption":"Mona Jamois"},"url":"https:\/\/preprod.weasywyg.com\/fr\/author\/orthopus-mona-26\/"}]}},"taxonomy_info":{"category":[{"value":236,"label":"Dispositifs d'aide"}]},"featured_image_src_large":["https:\/\/preprod.weasywyg.com\/wp-content\/uploads\/2026\/07\/IMG-250711-Picsou.webp",1000,625,false],"author_info":{"display_name":"Mona Jamois","author_link":"https:\/\/preprod.weasywyg.com\/fr\/author\/orthopus-mona-26\/"},"comment_info":0,"category_info":[{"term_id":236,"name":"Dispositifs d'aide","slug":"dispositifs-aide","term_group":0,"term_taxonomy_id":236,"taxonomy":"category","description":"","parent":0,"count":9,"filter":"raw","cat_ID":236,"category_count":9,"category_description":"","cat_name":"Dispositifs d'aide","category_nicename":"dispositifs-aide","category_parent":0}],"tag_info":false,"_links":{"self":[{"href":"https:\/\/preprod.weasywyg.com\/fr\/wp-json\/wp\/v2\/posts\/19197","targetHints":{"allow":["GET"]}}],"collection":[{"href":"https:\/\/preprod.weasywyg.com\/fr\/wp-json\/wp\/v2\/posts"}],"about":[{"href":"https:\/\/preprod.weasywyg.com\/fr\/wp-json\/wp\/v2\/types\/post"}],"author":[{"embeddable":true,"href":"https:\/\/preprod.weasywyg.com\/fr\/wp-json\/wp\/v2\/users\/2"}],"replies":[{"embeddable":true,"href":"https:\/\/preprod.weasywyg.com\/fr\/wp-json\/wp\/v2\/comments?post=19197"}],"version-history":[{"count":6,"href":"https:\/\/preprod.weasywyg.com\/fr\/wp-json\/wp\/v2\/posts\/19197\/revisions"}],"predecessor-version":[{"id":19362,"href":"https:\/\/preprod.weasywyg.com\/fr\/wp-json\/wp\/v2\/posts\/19197\/revisions\/19362"}],"wp:featuredmedia":[{"embeddable":true,"href":"https:\/\/preprod.weasywyg.com\/fr\/wp-json\/wp\/v2\/media\/19198"}],"wp:attachment":[{"href":"https:\/\/preprod.weasywyg.com\/fr\/wp-json\/wp\/v2\/media?parent=19197"}],"wp:term":[{"taxonomy":"category","embeddable":true,"href":"https:\/\/preprod.weasywyg.com\/fr\/wp-json\/wp\/v2\/categories?post=19197"},{"taxonomy":"post_tag","embeddable":true,"href":"https:\/\/preprod.weasywyg.com\/fr\/wp-json\/wp\/v2\/tags?post=19197"}],"curies":[{"name":"wp","href":"https:\/\/api.w.org\/{rel}","templated":true}]}}