{"id":19306,"date":"2024-06-20T16:40:19","date_gmt":"2024-06-20T14:40:19","guid":{"rendered":"https:\/\/preprod.weasywyg.com\/?p=19306"},"modified":"2026-08-28T10:36:04","modified_gmt":"2026-08-28T08:36:04","slug":"compensation-du-bras","status":"publish","type":"post","link":"https:\/\/preprod.weasywyg.com\/fr\/2024\/06\/20\/compensation-du-bras\/","title":{"rendered":"Compensation du bras : technologies et solutions"},"content":{"rendered":"\n<h2 class=\"wp-block-heading\">Comprendre la compensation du bras et son importance<\/h2>\n\n\n\n<h3 class=\"wp-block-heading\">D\u00e9finition et enjeux<\/h3>\n\n\n\n<div class=\"wp-block-media-text is-stacked-on-mobile\" style=\"grid-template-columns:44% auto\"><figure class=\"wp-block-media-text__media\"><img loading=\"lazy\" decoding=\"async\" width=\"819\" height=\"1024\" src=\"https:\/\/preprod.weasywyg.com\/wp-content\/uploads\/2026\/07\/IMG-250626-gotz-von-berlichingen-819x1024.webp\" alt=\"\" class=\"wp-image-19308 size-full\" srcset=\"https:\/\/preprod.weasywyg.com\/wp-content\/uploads\/2026\/07\/IMG-250626-gotz-von-berlichingen-819x1024.webp 819w, https:\/\/preprod.weasywyg.com\/wp-content\/uploads\/2026\/07\/IMG-250626-gotz-von-berlichingen-240x300.webp 240w, https:\/\/preprod.weasywyg.com\/wp-content\/uploads\/2026\/07\/IMG-250626-gotz-von-berlichingen-768x960.webp 768w, https:\/\/preprod.weasywyg.com\/wp-content\/uploads\/2026\/07\/IMG-250626-gotz-von-berlichingen.webp 1080w\" sizes=\"auto, (max-width: 819px) 100vw, 819px\" \/><\/figure><div class=\"wp-block-media-text__content\">\n<p class=\"wp-block-paragraph\"><a href=\"https:\/\/fr.wikipedia.org\/w\/index.php?title=G%C3%B6tz_von_Berlichingen&amp;oldid=221084570\" target=\"_blank\" rel=\"noreferrer noopener\">G\u00f6tz von Berlichingen<\/a>, \u00e7a ne vous dit s\u00fbrement rien comme nom ? Et pourtant, ce chevalier allemand du XVIe si\u00e8cle est l\u2019une des figures les plus fascinantes de son \u00e9poque. Surnomm\u00e9 \u201cG\u00f6tz \u00e0 la main de fer\u201d, il perd son bras droit lors d\u2019une bataille, mais loin de le ralentir, cela lui donne une opportunit\u00e9\u2026 en fer. Il se fait forger au plus t\u00f4t&nbsp;<strong>une proth\u00e8se m\u00e9tallique articul\u00e9e qui lui permet de continuer \u00e0 se battre<\/strong>. Gr\u00e2ce \u00e0 son caract\u00e8re indomptable, il inspire une pi\u00e8ce de th\u00e9\u00e2tre \u00e0 Goethe : Goetz de Berlichingen (1773), o\u00f9 le personnage qui lui fait r\u00e9f\u00e9rence incarne la r\u00e9volte, l\u2019honneur et la libert\u00e9. M\u00e9connu du grand public, G\u00f6tz incarne pourtant l\u2019arch\u00e9type de l\u2019irr\u00e9ductible guerrier, \u00e0 mi-chemin entre l\u2019histoire et la l\u00e9gende.<\/p>\n<\/div><\/div>\n\n\n\n<p class=\"wp-block-paragraph\">Aujourd\u2019hui, c\u2019est davantage sa main en fer qui nous int\u00e9resse que son caract\u00e8re bien tremp\u00e9, car elle repr\u00e9sente une version historique de la compensation du bras. Cette derni\u00e8re&nbsp;<strong>d\u00e9signe un ensemble de solutions qui visent \u00e0 compenser une perte de force ou de&nbsp;<a href=\"https:\/\/orthopus.com\/fr\/aide-technique\/appareillage-membres-superieurs\/\" target=\"_blank\" rel=\"noreferrer noopener\">mobilit\u00e9 du membre sup\u00e9rieur<\/a><\/strong>. Les solutions de compensation incluent les aides techniques, les adaptations environnementales et l\u2019assistance humaine.<\/p>\n\n\n\n<p class=\"wp-block-paragraph\">Compenser le bras, et \u00e0 plus petite \u00e9chelle la main, est utile dans la r\u00e9alisation de t\u00e2ches quotidienne comme s\u2019alimenter, faire sa toilette, communiquer, se mouvoir ou simplement pour sa vie sociale. Une&nbsp;<a href=\"https:\/\/orthopus.com\/fr\/maladies-neuromusculaires\/\" target=\"_blank\" rel=\"noreferrer noopener\">maladie neuromusculaire<\/a>, par exemple, engendre des difficult\u00e9s motrices qui impactent la r\u00e9alisation autonome de ces t\u00e2ches et les rend difficiles, voire impossibles.<\/p>\n\n\n\n<div class=\"wp-block-media-text is-stacked-on-mobile\"><figure class=\"wp-block-media-text__media\"><img loading=\"lazy\" decoding=\"async\" width=\"935\" height=\"1024\" src=\"https:\/\/preprod.weasywyg.com\/wp-content\/uploads\/2026\/07\/SCH-250701-infographie-causes-perte-de-mobilite-du-bras-935x1024.webp\" alt=\"\" class=\"wp-image-19309 size-full\" srcset=\"https:\/\/preprod.weasywyg.com\/wp-content\/uploads\/2026\/07\/SCH-250701-infographie-causes-perte-de-mobilite-du-bras-935x1024.webp 935w, https:\/\/preprod.weasywyg.com\/wp-content\/uploads\/2026\/07\/SCH-250701-infographie-causes-perte-de-mobilite-du-bras-274x300.webp 274w, https:\/\/preprod.weasywyg.com\/wp-content\/uploads\/2026\/07\/SCH-250701-infographie-causes-perte-de-mobilite-du-bras-768x841.webp 768w, https:\/\/preprod.weasywyg.com\/wp-content\/uploads\/2026\/07\/SCH-250701-infographie-causes-perte-de-mobilite-du-bras-1403x1536.webp 1403w, https:\/\/preprod.weasywyg.com\/wp-content\/uploads\/2026\/07\/SCH-250701-infographie-causes-perte-de-mobilite-du-bras-1870x2048.webp 1870w\" sizes=\"auto, (max-width: 935px) 100vw, 935px\" \/><\/figure><div class=\"wp-block-media-text__content\">\n<h4 class=\"wp-block-heading\">\u27a1\ufe0f Impacts sur la vie quotidienne<\/h4>\n\n\n\n<ul class=\"wp-block-list\">\n<li>Difficult\u00e9s \u00e0 prendre des objets<\/li>\n\n\n\n<li>Difficult\u00e9s \u00e0 manger seul\u2022e<\/li>\n\n\n\n<li>Difficult\u00e9s \u00e0 s\u2019habiller et \u00e0 se laver seul\u2022e<\/li>\n\n\n\n<li>Difficult\u00e9s \u00e0 ouvrir des portes<\/li>\n\n\n\n<li>Difficult\u00e9s \u00e0 serrer une main<\/li>\n\n\n\n<li>Possibles douleurs fr\u00e9quentes<\/li>\n<\/ul>\n<\/div><\/div>\n\n\n\n<h3 class=\"wp-block-heading\">Qui est concern\u00e9 par la compensation du bras ?<\/h3>\n\n\n\n<p class=\"wp-block-paragraph\">La compensation du bras est un domaine qui concerne une vaste partie de la population \u00e0 l\u2019\u00e9chelle mondiale. On peut notamment \u00eatre concern\u00e9\u2022e si l\u2019on :<\/p>\n\n\n\n<ul class=\"wp-block-list\">\n<li><strong>vit avec une&nbsp;<a href=\"https:\/\/orthopus.com\/fr\/maladies-neuromusculaires\/\" target=\"_blank\" rel=\"noreferrer noopener\">pathologie neuromusculaire<\/a><\/strong>, comme la maladie de&nbsp;<a href=\"https:\/\/orthopus.com\/fr\/maladies-neuromusculaires\/maladies-neuromusculaires-charcot-marie-tooth\/\" target=\"_blank\" rel=\"noreferrer noopener\">Charcot-Marie-Tooth<\/a>,&nbsp;<a href=\"https:\/\/orthopus.com\/fr\/maladies-neuromusculaires\/dystrophie-musculaire-de-duchenne\/\" target=\"_blank\" rel=\"noreferrer noopener\">la myopathie de Duchenne<\/a>,&nbsp;<a href=\"https:\/\/orthopus.com\/fr\/maladies-neuromusculaires\/maladies-neuromusculaires-amyotrophie-spinale-proximale\/\" target=\"_blank\" rel=\"noreferrer noopener\">l\u2019amyotrophie spinale<\/a>, etc.<\/li>\n\n\n\n<li><strong>a un handicap moteur et\/ou des troubles neurologiques<\/strong>, comme un accident vasculaire c\u00e9r\u00e9bral, une t\u00e9trapl\u00e9gie, des l\u00e9sions m\u00e9dullaires, etc.<\/li>\n\n\n\n<li><strong>est \u00e2g\u00e9.e et en perte de mobilit\u00e9<\/strong>, ce qui entra\u00eene des difficult\u00e9s progressives qui affectent les gestes du quotidien (manger, s\u2019habiller, prendre des objets, etc.).<\/li>\n\n\n\n<li><strong>est n\u00e9\u2022e avec une ag\u00e9n\u00e9sie<\/strong>&nbsp;: naissance d\u2019un enfant auquel il manque un membre qu\u2019il soit sup\u00e9rieur ou inf\u00e9rieur.<\/li>\n<\/ul>\n\n\n\n<h2 class=\"wp-block-heading\">Quelles sont les solutions de compensation du bras disponibles ?<\/h2>\n\n\n\n<p class=\"wp-block-paragraph\">Il existe deux types d\u2019aides pour la compensation du bras : les aides dites&nbsp;<strong>passives<\/strong>&nbsp;et les aides dites&nbsp;<strong>actives<\/strong>.<\/p>\n\n\n\n<h4 class=\"wp-block-heading\">Les aides passives : orth\u00e8ses et supports de bras articul\u00e9s<\/h4>\n\n\n\n<p class=\"wp-block-paragraph\">Les&nbsp;<strong>aides passives<\/strong>&nbsp;assistent le mouvement sans recourir \u00e0 une source d\u2019\u00e9nergie ext\u00e9rieure comme l\u2019\u00e9lectricit\u00e9 par exemple. Leur fonctionnement repose sur des ressorts ou des structures articul\u00e9es qui soutiennent le membre sup\u00e9rieur. Parmi celles-ci, on peut compter&nbsp;<strong>des attelles, des dispositifs complets passifs<\/strong>, etc., lesquelles permettent de faciliter ou permettre certains mouvements.<\/p>\n\n\n\n<div class=\"wp-block-columns is-layout-flex wp-container-core-columns-is-layout-8f761849 wp-block-columns-is-layout-flex\">\n<div class=\"wp-block-column is-layout-flow wp-block-column-is-layout-flow\">\n<figure class=\"wp-block-image size-large\"><img loading=\"lazy\" decoding=\"async\" width=\"1024\" height=\"683\" src=\"https:\/\/preprod.weasywyg.com\/wp-content\/uploads\/2026\/07\/IMG-250630-EDERO-1024x683.webp\" alt=\"\" class=\"wp-image-19314\" srcset=\"https:\/\/preprod.weasywyg.com\/wp-content\/uploads\/2026\/07\/IMG-250630-EDERO-1024x683.webp 1024w, https:\/\/preprod.weasywyg.com\/wp-content\/uploads\/2026\/07\/IMG-250630-EDERO-300x200.webp 300w, https:\/\/preprod.weasywyg.com\/wp-content\/uploads\/2026\/07\/IMG-250630-EDERO-768x512.webp 768w, https:\/\/preprod.weasywyg.com\/wp-content\/uploads\/2026\/07\/IMG-250630-EDERO.webp 1500w\" sizes=\"auto, (max-width: 1024px) 100vw, 1024px\" \/><\/figure>\n\n\n\n<p class=\"wp-block-paragraph\">Le support de bras articul\u00e9&nbsp;<a href=\"https:\/\/armonproducts.com\/fr\/edero-assistive-fr-fr\/\">Edero<\/a>&nbsp;propos\u00e9 par d\u2019<a href=\"https:\/\/armonproducts.com\/fr\/home-fr_fr\/\" target=\"_blank\" rel=\"noreferrer noopener\">Armon Products<\/a>.<\/p>\n<\/div>\n\n\n\n<div class=\"wp-block-column is-layout-flow wp-block-column-is-layout-flow\">\n<figure class=\"wp-block-image size-full is-resized\"><img loading=\"lazy\" decoding=\"async\" width=\"800\" height=\"800\" src=\"https:\/\/preprod.weasywyg.com\/wp-content\/uploads\/2026\/07\/IMG-250630-Attelle.webp\" alt=\"\" class=\"wp-image-19313\" style=\"width:268px;height:auto\" srcset=\"https:\/\/preprod.weasywyg.com\/wp-content\/uploads\/2026\/07\/IMG-250630-Attelle.webp 800w, https:\/\/preprod.weasywyg.com\/wp-content\/uploads\/2026\/07\/IMG-250630-Attelle-300x300.webp 300w, https:\/\/preprod.weasywyg.com\/wp-content\/uploads\/2026\/07\/IMG-250630-Attelle-150x150.webp 150w, https:\/\/preprod.weasywyg.com\/wp-content\/uploads\/2026\/07\/IMG-250630-Attelle-768x768.webp 768w\" sizes=\"auto, (max-width: 800px) 100vw, 800px\" \/><\/figure>\n\n\n\n<p class=\"wp-block-paragraph\">Exemple d\u2019attelle du poignet disponible \u00e0 la commande sur le site&nbsp;<a href=\"https:\/\/www.delivortho.com\/attelle-poignet-manuaction-thuasne\" target=\"_blank\" rel=\"noreferrer noopener\">Delivortho<\/a><\/p>\n<\/div>\n<\/div>\n\n\n\n<h4 class=\"wp-block-heading\">Les aides actives : bras robotiques et exosquelettes<\/h4>\n\n\n\n<p class=\"wp-block-paragraph\">Les&nbsp;<strong>aides actives<\/strong>&nbsp;fonctionnent avec une source d\u2019\u00e9nergie ext\u00e9rieure comme l\u2019\u00e9lectricit\u00e9 d\u2019une batterie de&nbsp;<a href=\"https:\/\/orthopus.com\/fr\/aides-financieres\/aide-pour-fauteuil-roulant\/\" target=\"_blank\" rel=\"noreferrer noopener\">fauteuil roulant<\/a>&nbsp;ou d\u2019une prise. Son but est de non seulement supporter le bras, mais \u00e9galement d\u2019initier et\/ou d\u2019amplifier le mouvement en fonction des intentions de l\u2019utilisateur\u2022rice d\u00e9tect\u00e9es par des capteurs, des t\u00e9l\u00e9commandes, etc.<\/p>\n\n\n\n<p class=\"wp-block-paragraph\"><strong>Parmi ces aides actives, il y a des :<\/strong><\/p>\n\n\n\n<div class=\"wp-block-media-text is-stacked-on-mobile\"><figure class=\"wp-block-media-text__media\"><img loading=\"lazy\" decoding=\"async\" width=\"683\" height=\"1024\" src=\"https:\/\/preprod.weasywyg.com\/wp-content\/uploads\/2026\/07\/orthopus-supporter-683x1024-1.webp\" alt=\"\" class=\"wp-image-19297 size-full\" srcset=\"https:\/\/preprod.weasywyg.com\/wp-content\/uploads\/2026\/07\/orthopus-supporter-683x1024-1.webp 683w, https:\/\/preprod.weasywyg.com\/wp-content\/uploads\/2026\/07\/orthopus-supporter-683x1024-1-200x300.webp 200w\" sizes=\"auto, (max-width: 683px) 100vw, 683px\" \/><\/figure><div class=\"wp-block-media-text__content\">\n<p class=\"wp-block-paragraph\">Les bras robotis\u00e9s d\u2019assistance, comme l\u2019<a href=\"https:\/\/preprod.weasywyg.com\/supporter\/\">ORTHOPUS Supporter :<\/a> notre dispositif compense le membre sup\u00e9rieur dans les mouvements verticaux avec deux modes diff\u00e9rents :<\/p>\n\n\n\n<ul class=\"wp-block-list\">\n<li><strong>Le mode FIXE qui stabilise le bras dans une position choisie.<\/strong>&nbsp;\u00c0 l\u2019aide de deux boutons, le bras monte et descend sans aucune difficult\u00e9, c\u2019est le mode id\u00e9al pour t\u00e9l\u00e9phoner.<\/li>\n\n\n\n<li><strong>Le mode LIBRE assiste les mouvements du bras<\/strong>, il bouge librement, tout en \u00e9tant soutenu, comme s\u2019il flottait dans l\u2019eau.<\/li>\n<\/ul>\n\n\n\n<p class=\"wp-block-paragraph\">L\u2019ORTHOPUS Supporter se branche sur la batterie du fauteuil roulant \u00e9lectrique ou sur prise secteur, l\u2019installation peut donc aussi se faire sur table ou sur tr\u00e9pied. Notre dispositif m\u00e9dical est un produit&nbsp;<strong>certifi\u00e9 CE et de fabrication fran\u00e7aise&nbsp;<\/strong>\ud83c\uddeb\ud83c\uddf7<\/p>\n<\/div><\/div>\n\n\n<div style=\"--cta-bg-color:#B399FF;color:#212233\" class=\"orthopus-cta-inline is-bg-color wp-block-orthopus-cta-inline\">\n\t\n\t<div\n\t\tclass=\"cta-inline__overlay\"\n\t\tstyle=\"background-color:#212233;opacity:0;\"\n\t\taria-hidden=\"true\"\n\t><\/div>\n\n\t<div class=\"cta-inline__inner\">\n\t\t<div class=\"cta-inline__content\">\n\t\t\t\t\t\t\t<p class=\"cta-inline__title\">L&rsquo;ORTHOPUS Supporter en conditions r\u00e9elles<\/p>\n\t\t\t\t\t\t\t\t\t\t<p class=\"cta-inline__text\">D\u00e9couvrez comment l&rsquo;ORTHOPUS Supporter peut vous accompagner au quotidien et \u00e9valuez s&rsquo;il r\u00e9pond \u00e0 vos besoins.<\/p>\n\t\t\t\t\t\t\t\t\t\t<div class=\"wp-block-button cta-inline__button\">\n\t\t\t\t\t<a class=\"wp-block-button__link wp-element-button\" href=\"https:\/\/preprod.weasywyg.com\/demander-un-essai-gratuit\/\" style=\"--cta-btn-bg:#92FFAC;--cta-btn-color:#212233;--cta-btn-border:0px solid #92FFAC;--cta-btn-hover-bg:#B399FF\">\n\t\t\t\t\t\tJe veux essayer !\t\t\t\t\t<\/a>\n\t\t\t\t<\/div>\n\t\t\t\t\t<\/div>\n\t\t\t<\/div>\n<\/div>\n\n\n\n<figure class=\"wp-block-image size-full\"><img loading=\"lazy\" decoding=\"async\" width=\"1024\" height=\"676\" src=\"https:\/\/preprod.weasywyg.com\/wp-content\/uploads\/2026\/07\/exosquelette-motorise-japet-1024x676-1.webp\" alt=\"\" class=\"wp-image-19316\" srcset=\"https:\/\/preprod.weasywyg.com\/wp-content\/uploads\/2026\/07\/exosquelette-motorise-japet-1024x676-1.webp 1024w, https:\/\/preprod.weasywyg.com\/wp-content\/uploads\/2026\/07\/exosquelette-motorise-japet-1024x676-1-300x198.webp 300w, https:\/\/preprod.weasywyg.com\/wp-content\/uploads\/2026\/07\/exosquelette-motorise-japet-1024x676-1-768x507.webp 768w\" sizes=\"auto, (max-width: 1024px) 100vw, 1024px\" \/><\/figure>\n\n\n\n<p class=\"has-text-align-center wp-block-paragraph\"><em>\ud83d\udccc Exosquelette motoris\u00e9&nbsp;<a href=\"https:\/\/www.japet-exosquelettes.eu\/1?utm_term=&amp;utm_campaign=FR+-+Pmax+-+lombagie+travail+08.23&amp;utm_source=adwords&amp;utm_medium=ppc&amp;hsa_acc=9242358944&amp;hsa_cam=20465130199&amp;hsa_grp=&amp;hsa_ad=&amp;hsa_src=x&amp;hsa_tgt=&amp;hsa_kw=&amp;hsa_mt=&amp;hsa_net=adwords&amp;hsa_ver=3&amp;gad_source=1&amp;gad_campaignid=22172959896&amp;gbraid=0AAAAAB9vUWG3hBF1xS0xyGnUBnJbyehWO&amp;gclid=Cj0KCQjwjo7DBhCrARIsACWauSmMY04JaMpHQIlZrwAiqZqhW7iy4W1abS3EzA5rRts_rF6Tm_nQLsYaAiKgEALw_wcB\">Japet<\/a><\/em><\/p>\n\n\n\n<p class=\"wp-block-paragraph\"><strong>Les&nbsp;<a href=\"https:\/\/preprod.weasywyg.com\/2026\/07\/08\/robot-assistance-compensation\/\">exosquelettes<\/a>&nbsp;motoris\u00e9s<\/strong>&nbsp;qui offrent une assistance directement \u00e0 m\u00eame le corps en suivant les articulations du corps humain.<\/p>\n\n\n\n<p class=\"wp-block-paragraph\">Gr\u00e2ce notamment \u00e0 des capteurs, ces dispositifs permettent de d\u00e9tecter l\u2019intention de mouvement de l\u2019utilisateur.ice et d\u2019accompagner son geste. Ils sont particuli\u00e8rement utiles en cas de paralysie partielle du bras et favorisent une r\u00e9\u00e9ducation active.<\/p>\n\n\n\n<h2 class=\"wp-block-heading\">Comment choisir la solution de compensation du bras adapt\u00e9e \u00e0 chaque situation ?<\/h2>\n\n\n\n<h3 class=\"wp-block-heading\">\u00c9valuation des besoins individuels<\/h3>\n\n\n\n<p class=\"wp-block-paragraph\">Afin de choisir au mieux son aide technique \u00e0 la mobilit\u00e9 du bras,&nbsp;<a href=\"https:\/\/orthopus.com\/fr\/sequiper-dune-aide-technique-les-conseils-dune-ergotherapeute\/\" target=\"_blank\" rel=\"noreferrer noopener\">les conseils d\u2019un\u2022e ergoth\u00e9rapeute<\/a>&nbsp;sont indispensables. Ils\u2022elles peuvent d\u00e9terminer la force musculaire restante, l\u2019amplitude des mouvements possibles et les gestes essentiels \u00e0 pr\u00e9server<\/p>\n\n\n\n<p class=\"wp-block-paragraph\">Les premiers signes de pertes motrices peuvent \u00eatre subtils \u00e0 remarquer et facilement confondants avec de la fatigue : perte de force, difficult\u00e9 de coordination, raideur musculaire, etc.<\/p>\n\n\n\n<p class=\"wp-block-paragraph\">Selon le&nbsp;<a href=\"https:\/\/www.cen-neurologie.fr\/second-cycle\/deficit-moteur-etou-sensitif-des-membres\" target=\"_blank\" rel=\"noreferrer noopener\">Centre d\u2019Enseignement en Neurologie<\/a>&nbsp;(CEN), ils peuvent \u00eatre r\u00e9partis en trois cat\u00e9gories d\u2019\u00e9volution :<\/p>\n\n\n\n<ul class=\"wp-block-list\">\n<li><strong>Fig\u00e9s ou \u00e9volutifs :<\/strong>&nbsp;certaines pertes motrices peuvent rester stables comme les l\u00e9sions m\u00e9dullaires*, par exemple. D\u2019autres s\u2019aggravent progressivement comme dans le cas de maladies neurod\u00e9g\u00e9n\u00e9ratives (exemple :&nbsp;<a href=\"https:\/\/www.inserm.fr\/dossier\/parkinson-maladie\/\" target=\"_blank\" rel=\"noreferrer noopener\">la maladie de Parkinson<\/a>).<\/li>\n\n\n\n<li><strong>Rapides ou lents :<\/strong>&nbsp;des troubles moteurs peuvent survenir brutalement, comme \u00e0 la suite d\u2019un accident vasculaire c\u00e9r\u00e9bral (AVC) ou s\u2019installer tr\u00e8s lentement comme dans le cas de la scl\u00e9rose lat\u00e9rale amyotrophique (SLA).<\/li>\n\n\n\n<li><strong>Proximales ou distales :<\/strong>&nbsp;les atteintes concernent directement les racines des membres : avec les \u00e9paules et\/ou les bras (par exemple dans la myopathie des ceintures) et parfois les extr\u00e9mit\u00e9s, comme les doigts ou les mains. Ces formes n\u2019impliquent pas les m\u00eames compensations fonctionnelles que les deux autres cat\u00e9gories d\u2019\u00e9volution mentionn\u00e9es ci-dessus.<\/li>\n<\/ul>\n\n\n<div class=\"orthopus-poulpe-tip wp-block-orthopus-poulpe-tip\">\n\t\t<div class=\"poulpe-tip__icon\" aria-hidden=\"true\">\n\t\t<span class=\"poulpe-tip__icon-placeholder\">\ud83d\udc19<\/span>\n\t<\/div>\n\n\t<div class=\"poulpe-tip__content\">\n\t\t\t\t\t<p class=\"poulpe-tip__title\"><strong>*Une l\u00e9sion m\u00e9dullaire, k\u00e9zako ?<\/strong><\/p>\n\t\t\t\t\t\t\t<p class=\"poulpe-tip__body\">Une l\u00e9sion m\u00e9dullaire (moelle \u00e9pini\u00e8re) coupe la communication entre le cerveau et les muscles et entra\u00eene la paralysie totale ou partielle des membres et du tronc.<br>Concr\u00e8tement, la moelle \u00e9pini\u00e8re est comme une route d\u2019information qui relie le cerveau au corps. Lorsqu\u2019il y a une l\u00e9sion m\u00e9dullaire c\u2019est comme si un bout de cette route s\u2019\u00e9tait effondr\u00e9, et le cerveau ne communique plus avec la partie du corps touch\u00e9e.<\/p>\n\t\t\t<\/div>\n<\/div>\n\n\n\n<p class=\"wp-block-paragraph\"><strong>Lorsque les fonctions du membre sup\u00e9rieur sont alt\u00e9r\u00e9es, les besoins \u00e9voluent et se r\u00e9sument g\u00e9n\u00e9ralement en trois grands p\u00f4les de besoins :<\/strong><\/p>\n\n\n\n<ul class=\"wp-block-list\">\n<li>La manipulation d\u2019objets, qui implique une motricit\u00e9 fine des mains (tenir, d\u00e9placer, ajuster, rel\u00e2cher, etc.).<\/li>\n\n\n\n<li>L\u2019acc\u00e8s aux objets qui implique une adaptation \u00e0 la taille, la forme, le poids et la hauteur de l\u2019objet. La difficult\u00e9 augmente si l\u2019objet est lourd ou volumineux, comme une casserole pleine.<\/li>\n\n\n\n<li>L\u2019acc\u00e8s \u00e0 l\u2019information par les objets qui implique de ne pas pouvoir explorer son environnement ou interagir avec afin d\u2019obtenir une donn\u00e9e (lire un prospectus, r\u00e9pondre \u00e0 un appel t\u00e9l\u00e9phonique, etc.).<\/li>\n<\/ul>\n\n\n\n<p class=\"wp-block-paragraph\">La prise en charge ne se limite pas \u00e0 des exercices physiques, elle mobilise \u00e9galement une \u00e9quipe m\u00e9dicale interdisciplinaire comme un\u2022e m\u00e9decin MPR (M\u00e9decine Physique et de R\u00e9adaptation) qui \u00e9value l\u2019autonomie, coordonne les soins et planifie la r\u00e9\u00e9ducation.&nbsp;<a href=\"https:\/\/preprod.weasywyg.com\/2026\/07\/06\/ergotherapeute-neuromusculaire-une-assistance-indispensable\/\">Un\u2022e ergoth\u00e9rapeute<\/a>&nbsp;est aussi un\u2022e atout puisqu\u2019il\u2022elle \u00e9value les besoins de la personne et propose des solutions concr\u00e8tes pour y r\u00e9pondre.&nbsp;<a href=\"https:\/\/preprod.weasywyg.com\/2026\/07\/06\/ergotherapeute-neuromusculaire-une-assistance-indispensable\/\">L\u2019ergoth\u00e9rapeute<\/a>&nbsp;prend en compte les adaptations de l\u2019environnement, des objets du quotidien et des gestes de la personne en situation de handicap. L\u2019objectif final est de permettre \u00e0 la personne de trouver un maximum d\u2019ind\u00e9pendance et de qualit\u00e9 de vie.<\/p>\n\n\n\n<p class=\"wp-block-paragraph\">Accompagner une personne qui n\u00e9cessite un&nbsp;<a href=\"https:\/\/preprod.weasywyg.com\/2026\/07\/16\/appareillage-des-membres-superieurs-technologies-et-solutions\/\">appareillage<\/a>, ce n\u2019est pas seulement un focus sur les besoins mat\u00e9riels et physiques, il y a \u00e9galement tout une dimension psychologique \u00e0 prendre en compte. Cet accompagnement favorise grandement le bien-\u00eatre des personnes aid\u00e9es, tant durant les soins qu\u2019apr\u00e8s la phase d\u2019appareillage.<\/p>\n\n\n\n<blockquote class=\"wp-block-quote is-layout-flow wp-block-quote-is-layout-flow\">\n<p class=\"wp-block-paragraph\">Claude, r\u00e9sident temporaire du&nbsp;<a href=\"https:\/\/crrfstgobain.fr\/\" target=\"_blank\" rel=\"noreferrer noopener\">Centre de R\u00e9\u00e9ducation et de R\u00e9adaptation Fonctionnelle Jacques Ficheux<\/a>&nbsp;:<\/p>\n\n\n\n<p class=\"wp-block-paragraph\"><em>\u201cLe travail r\u00e9alis\u00e9 avec la kin\u00e9sith\u00e9rapeute m\u2019a avant tout permis de retrouver une meilleure confiance en moi. Avec son aide et son soutien, j\u2019ai pu concr\u00e9tiser mon projet de proth\u00e8se. Mon acc\u00e8s \u00e0 l\u2019autonomie est proche. Rien n\u2019aurait \u00e9t\u00e9 possible sans toute cette prise en charge param\u00e9dicale. Avec toute ma reconnaissance, merci \u00e0 vous tous.\u201d<\/em><\/p>\n<\/blockquote>\n\n\n\n<h3 class=\"wp-block-heading\">Tester avant d\u2019acheter : importance des essais en situation r\u00e9elle<\/h3>\n\n\n\n<p class=\"wp-block-paragraph\">Tester une aide technique (ou plusieurs id\u00e9alement) avant l\u2019achat, c\u2019est une \u00e9tape cl\u00e9 pour faire le choix qui convient le mieux \u00e0 la situation de la personne avec des faiblesses musculaires des membres sup\u00e9rieurs.<br><\/p>\n\n\n\n<p class=\"wp-block-paragraph\">Cette \u00e9tape c\u2019est l\u2019occasion de :<\/p>\n\n\n\n<ul class=\"wp-block-list\">\n<li><strong>Sentir comment \u00e7a se passe en vrai<\/strong><br>Chaque personne est unique et a ses propres besoins et son propre ressenti. Ce qui marche bien pour l\u2019un\u2022e ne va pas forc\u00e9ment convenir \u00e0 l\u2019autre. Est-ce que le dispositif est confortable ? Est-ce qu\u2019il donne envie \u00e0 l\u2019utilisateur\u2022rice de l\u2019utiliser tous les jours ? Au niveau du design, est-ce que \u00e7a va avec son style ?<\/li>\n\n\n\n<li><strong>Tester si les fonctions correspondent aux activit\u00e9s recherch\u00e9es<\/strong><br>Lire une fiche technique ou un manuel d\u2019utilisation d\u2019une aide technique, \u00e7a ne suffit pas ! Mais l\u2019essayer en milieu \u00e9cologique, c\u2019est la meilleure fa\u00e7on de voir si l\u2019aide technique correspond r\u00e9ellement au quotidien.<\/li>\n\n\n\n<li><strong>Valider l\u2019ergonomie et v\u00e9rifier que tout s\u2019int\u00e8gre bien \u00e0 l\u2019environnement<\/strong><br>Est-ce que l\u2019aide technique s\u2019adapte et s\u2019installe facilement sur un fauteuil ou sur une table ? Aux gestes des proches et\/ou des aidant\u2022es ? L\u2019ergonomie et la compatibilit\u00e9 avec l\u2019environnement sont essentielles pour que l\u2019aide trouve naturellement sa place.<\/li>\n\n\n\n<li><strong>R\u00e9unir des infos pour les dossiers de financements<\/strong><br>Pendant l\u2019essai, il faut prendre des photos, des vid\u00e9os, noter les points positifs et les diff\u00e9rents blocages s\u2019il y en a : montrer comment l\u2019aide technique se comporte dans les activit\u00e9s personnelles et\/ou professionnelles. C\u2019est tout ce contenu qui va servir pour \u00e9changer avec un ergoth\u00e9rapeute (s\u2019il\u2022elle n\u2019\u00e9tait pas pr\u00e9sent\u2022e durant l\u2019essai) et \u00e9galement pour construire et argumenter les dossiers de financements. Plus l\u2019utilit\u00e9 du dispositif est d\u00e9montr\u00e9e, plus les personnes qui \u00e9tudieront le dossier comprendront la demande.<\/li>\n<\/ul>\n\n\n\n<blockquote class=\"wp-block-quote is-layout-flow wp-block-quote-is-layout-flow\">\n<p class=\"wp-block-paragraph\">Mais comment essayer une aide technique en \u00e9tant s\u00fbr d&rsquo;\u00eatre conseill\u00e9\u2022e ?<\/p>\n<\/blockquote>\n\n\n\n<p class=\"wp-block-paragraph\"><strong>Voici les diff\u00e9rentes options possibles :<\/strong><\/p>\n\n\n\n<ul class=\"wp-block-list\">\n<li>Plusieurs centres de sant\u00e9 ont imagin\u00e9 des consultations d\u00e9di\u00e9es \u00e0 la compensation du membre sup\u00e9rieur, dont certaines sont soutenues par l\u2019<a href=\"https:\/\/www.afm-telethon.fr\/fr\" target=\"_blank\" rel=\"noreferrer noopener\">AFM-T\u00e9l\u00e9thon<\/a>. On y retrouve des \u00e9quipes pluridisciplinaires et elles disposent d\u2019un large choix d\u2019aides techniques con\u00e7ues pour faciliter la mobilit\u00e9 du bras.<\/li>\n<\/ul>\n\n\n\n<figure class=\"wp-block-image size-full\"><img loading=\"lazy\" decoding=\"async\" width=\"2560\" height=\"1450\" src=\"https:\/\/preprod.weasywyg.com\/wp-content\/uploads\/2026\/08\/260826-Carte-Consult-MS-scaled.webp\" alt=\"\" class=\"wp-image-20526\" srcset=\"https:\/\/preprod.weasywyg.com\/wp-content\/uploads\/2026\/08\/260826-Carte-Consult-MS-scaled.webp 2560w, https:\/\/preprod.weasywyg.com\/wp-content\/uploads\/2026\/08\/260826-Carte-Consult-MS-300x170.webp 300w, https:\/\/preprod.weasywyg.com\/wp-content\/uploads\/2026\/08\/260826-Carte-Consult-MS-1024x580.webp 1024w, https:\/\/preprod.weasywyg.com\/wp-content\/uploads\/2026\/08\/260826-Carte-Consult-MS-768x435.webp 768w\" sizes=\"auto, (max-width: 2560px) 100vw, 2560px\" \/><\/figure>\n\n\n<div style=\"--cta-bg-color:#212233\" class=\"orthopus-cta-inline is-bg-color wp-block-orthopus-cta-inline\">\n\t\n\t<div\n\t\tclass=\"cta-inline__overlay\"\n\t\tstyle=\"background-color:#212233;opacity:0;\"\n\t\taria-hidden=\"true\"\n\t><\/div>\n\n\t<div class=\"cta-inline__inner\">\n\t\t<div class=\"cta-inline__content\">\n\t\t\t\t\t\t\t<p class=\"cta-inline__title\">Trouvez une consultation pr\u00e8s de chez vous<\/p>\n\t\t\t\t\t\t\t\t\t\t<p class=\"cta-inline__text\">T\u00e9l\u00e9chargez la carte des \u00e9tablissements proposant des consultations d\u00e9di\u00e9es \u00e0 la compensation du membre sup\u00e9rieur.<\/p>\n\t\t\t\t\t\t\t\t\t\t<div class=\"wp-block-button cta-inline__button\">\n\t\t\t\t\t<a class=\"wp-block-button__link wp-element-button\" href=\"https:\/\/preprod.weasywyg.com\/2023\/08\/26\/compensation-du-membre-superieur-consultations-dediees\/\" style=\"--cta-btn-bg:#B399FF;--cta-btn-color:#212233;--cta-btn-border:0px solid #B399FF;--cta-btn-hover-bg:#212233\">\n\t\t\t\t\t\tT\u00e9l\u00e9charger la carte des consultations\t\t\t\t\t<\/a>\n\t\t\t\t<\/div>\n\t\t\t\t\t<\/div>\n\t\t\t<\/div>\n<\/div>\n\n\n\n<ul class=\"wp-block-list\">\n<li>Les revendeurs et installateurs de mat\u00e9riel m\u00e9dical sont les interlocuteurs de proximit\u00e9 pour les acquisitions et les installations de dispositifs. En boutique ou directement chez soi, il est possible de tester les solutions qu\u2019ils commercialisent avant de se d\u00e9cider.<\/li>\n\n\n\n<li>Le tips pour tester rapidement et sans engagement une aide technique, c\u2019est aussi d\u2019aller sur les salons sp\u00e9cialis\u00e9s et de d\u00e9couvrir les diff\u00e9rents fabricants, les derni\u00e8res innovations de ce march\u00e9\u2026 C\u2019est une belle occasion pour poser des questions, rencontrer des pros, etc. En France, les plus connus sont les salons&nbsp;<a href=\"http:\/\/www.autonomic-expo.com\/\" target=\"_blank\" rel=\"noreferrer noopener\">Autonomic<\/a>&nbsp;et&nbsp;<a href=\"https:\/\/www.monparcourshandicap.gouv.fr\/actualite\/salon-handica-des-aides-techniques-pour-plus-dautonomie\" target=\"_blank\" rel=\"noreferrer noopener\">Handica<\/a>&nbsp;(\u00e0 Lyon, Paris, Marseille, Rennes, Lille\u2026)<\/li>\n\n\n\n<li>Dans les&nbsp;<a href=\"https:\/\/www.monparcourshandicap.gouv.fr\/principaux-interlocuteurs\/les-centres-dinformation-et-de-conseil-en-aides-techniques\" target=\"_blank\" rel=\"noreferrer noopener\">CICAT<\/a>&nbsp;(Centres d\u2019Information et de Conseil sur les Aides Techniques) qui accueillent les personnes \u00e2g\u00e9es ou en situation de handicap, ce sont des lieux d\u2019\u00e9coute, de conseils et o\u00f9 chacun\u2022e peut d\u00e9couvrir des aides techniques.<\/li>\n<\/ul>\n\n\n\n<h2 class=\"wp-block-heading\">Les avantages d\u2019un bras robotis\u00e9 pour la compensation du bras<\/h2>\n\n\n\n<h3 class=\"wp-block-heading\">R\u00e9cup\u00e9ration d\u2019autonomie et am\u00e9lioration du quotidien<\/h3>\n\n\n\n<p class=\"wp-block-paragraph\">Utiliser des aides techniques pour compenser la mobilit\u00e9 de sa main ou de son bras ouvre tout un monde de possibilit\u00e9s dans le quotidien. Ce geste qu\u2019on croyait hors de port\u00e9e devient accessible. On peut attraper sa tasse de caf\u00e9 du matin, feuilleter un livre confortablement install\u00e9, ajuster son \u00e9charpe avant de sortir ou encore tapoter un message sur son t\u00e9l\u00e9phone sans aide. Des petites choses, peut-\u00eatre, mais qui changent tout. Ce sont ces gestes simples qui redonnent de l\u2019autonomie\u2026 et un peu de libert\u00e9&nbsp;\ud83d\ude0c<\/p>\n\n\n\n<p class=\"wp-block-paragraph\">Des \u00e9tudes ont notamment montr\u00e9 que les&nbsp;<a href=\"https:\/\/preprod.weasywyg.com\/2026\/07\/07\/bras-robotique-handicap-orthopus\/\">bras robotis\u00e9s<\/a>&nbsp;ont un impact r\u00e9el et significatif sur la vie des utilisateur\u2022rices. Pour certain\u2022es, ils sont m\u00eame une raison de plus de pratiquer des activit\u00e9s de groupe. Le bras robotis\u00e9&nbsp;<a href=\"https:\/\/assistive.kinovarobotics.com\/fr\/produit\/bras-robotise-jaco\" target=\"_blank\" rel=\"noreferrer noopener\">JACO de Kinova<\/a>, a \u00e9t\u00e9 d\u00e9montr\u00e9 comme aidant les personnes qui vivent avec la scl\u00e9rose lat\u00e9rale amyotrophique (SLA) ou des&nbsp;<a href=\"https:\/\/fr.wikipedia.org\/wiki\/Myopathie\" target=\"_blank\" rel=\"noreferrer noopener\">myopathies<\/a>&nbsp;dans une \u00e9tude de la&nbsp;<a href=\"https:\/\/www.has-sante.fr\/\" target=\"_blank\" rel=\"noreferrer noopener\">Haute Autorit\u00e9 de Sant\u00e9<\/a>.<\/p>\n\n\n\n<figure class=\"wp-block-embed is-type-video is-provider-youtube wp-block-embed-youtube wp-embed-aspect-16-9 wp-has-aspect-ratio\"><div class=\"wp-block-embed__wrapper\">\n<iframe loading=\"lazy\" title=\"LE JACO DE BENJAMIN\" width=\"1480\" height=\"833\" src=\"https:\/\/www.youtube.com\/embed\/Gj_m9HkwQQg?feature=oembed\" frameborder=\"0\" allow=\"accelerometer; autoplay; clipboard-write; encrypted-media; gyroscope; picture-in-picture; web-share\" referrerpolicy=\"strict-origin-when-cross-origin\" allowfullscreen><\/iframe>\n<\/div><\/figure>\n\n\n\n<p class=\"wp-block-paragraph\">Benjamin, utilisateur du JACO, nous explique comment ce bras robotique a chang\u00e9 son quotidien.<\/p>\n\n\n\n<figure class=\"wp-block-video\"><video height=\"1920\" style=\"aspect-ratio: 1080 \/ 1920;\" width=\"1080\" controls src=\"https:\/\/preprod.weasywyg.com\/wp-content\/uploads\/2026\/07\/001-Seville-joue-au-uno-23_03_2023.mp4\"><\/video><figcaption class=\"wp-element-caption\">Pierre, joue au UNO avec l\u2019ORTHOPUS Supporter.<\/figcaption><\/figure>\n\n\n\n<h2 class=\"wp-block-heading\">Les solutions ORTHOPUS pour la compensation du bras<\/h2>\n\n\n\n<h3 class=\"wp-block-heading\">Pr\u00e9sentation des produits ORTHOPUS<\/h3>\n\n\n\n<p class=\"wp-block-paragraph\">Chez ORTHOPUS nous concevons des assistants robotiques dans l\u2019optique de r\u00e9pondre \u00e0 tous les besoins en mati\u00e8re de mobilit\u00e9 du bras. Nos solutions m\u00e9dicales peuvent \u00eatre utilis\u00e9es \u00e0 domicile, au travail, dans des \u00e9tablissements de sant\u00e9 et m\u00eame dans un atelier de peinture ou dans un gymnase (chacun son activit\u00e9 !&nbsp;\ud83d\ude09)<\/p>\n\n\n\n<h4 class=\"wp-block-heading\">L&rsquo;ORTHOPUS Supporter<\/h4>\n\n\n\n<div class=\"wp-block-columns is-layout-flex wp-container-core-columns-is-layout-8f761849 wp-block-columns-is-layout-flex\">\n<div class=\"wp-block-column is-layout-flow wp-block-column-is-layout-flow\">\n<figure class=\"wp-block-embed is-type-video is-provider-youtube wp-block-embed-youtube wp-embed-aspect-16-9 wp-has-aspect-ratio\"><div class=\"wp-block-embed__wrapper\">\n<iframe loading=\"lazy\" title=\"Lilly, our first Danish user of the ORTHOPUS Supporter\" width=\"1480\" height=\"833\" src=\"https:\/\/www.youtube.com\/embed\/fe8abiRZ7k8?feature=oembed\" frameborder=\"0\" allow=\"accelerometer; autoplay; clipboard-write; encrypted-media; gyroscope; picture-in-picture; web-share\" referrerpolicy=\"strict-origin-when-cross-origin\" allowfullscreen><\/iframe>\n<\/div><\/figure>\n<\/div>\n\n\n\n<div class=\"wp-block-column is-layout-flow wp-block-column-is-layout-flow\">\n<p class=\"wp-block-paragraph\">Actuellement nous avons d\u00e9j\u00e0 un dispositif commercialis\u00e9, l\u2019<a href=\"https:\/\/preprod.weasywyg.com\/supporter\/\">ORTHOPUS Supporter<\/a>&nbsp;: un bras robotique qui supporte et all\u00e8ge le poids du bras.<\/p>\n\n\n\n<p class=\"wp-block-paragraph\"><strong>ll accompagne les mouvements du bras sur la direction verticale.<\/strong><\/p>\n<\/div>\n<\/div>\n\n\n<div style=\"--cta-bg-color:#B399FF;color:#212233\" class=\"orthopus-cta-inline is-bg-color wp-block-orthopus-cta-inline\">\n\t\n\t<div\n\t\tclass=\"cta-inline__overlay\"\n\t\tstyle=\"background-color:#212233;opacity:0;\"\n\t\taria-hidden=\"true\"\n\t><\/div>\n\n\t<div class=\"cta-inline__inner\">\n\t\t<div class=\"cta-inline__content\">\n\t\t\t\t\t\t\t<p class=\"cta-inline__title\">L&rsquo;ORTHOPUS Supporter en conditions r\u00e9elles<\/p>\n\t\t\t\t\t\t\t\t\t\t<p class=\"cta-inline__text\">D\u00e9couvrez comment l&rsquo;ORTHOPUS Supporter peut vous accompagner au quotidien et \u00e9valuez s&rsquo;il r\u00e9pond \u00e0 vos besoins.<\/p>\n\t\t\t\t\t\t\t\t<\/div>\n\t\t\t<\/div>\n<\/div>\n\n\n\n<h4 class=\"wp-block-heading\">Le prototype de l\u2019ORTHOPUS Partner<\/h4>\n\n\n\n<p class=\"wp-block-paragraph\">Un&nbsp;<a href=\"https:\/\/preprod.weasywyg.com\/partner\/\">dispositif m\u00e9dical<\/a>&nbsp;encore au stade de prototype sur lequel nous travaillons encore. C\u2019est un support de bras qui&nbsp;<strong>assiste dans les 3 directions : gauche-droite, avant-arri\u00e8re, haut-bas<\/strong>.<\/p>\n\n\n\n<div class=\"wp-block-columns is-layout-flex wp-container-core-columns-is-layout-8f761849 wp-block-columns-is-layout-flex\">\n<div class=\"wp-block-column is-layout-flow wp-block-column-is-layout-flow\">\n<figure class=\"wp-block-image size-full\"><img loading=\"lazy\" decoding=\"async\" width=\"818\" height=\"460\" src=\"https:\/\/preprod.weasywyg.com\/wp-content\/uploads\/2026\/07\/Sequence-03.gif\" alt=\"\" class=\"wp-image-19124\"\/><\/figure>\n<\/div>\n\n\n\n<div class=\"wp-block-column is-layout-flow wp-block-column-is-layout-flow\">\n<figure class=\"wp-block-image size-full\"><img loading=\"lazy\" decoding=\"async\" width=\"900\" height=\"506\" src=\"https:\/\/preprod.weasywyg.com\/wp-content\/uploads\/2026\/07\/Sequence-01.gif\" alt=\"\" class=\"wp-image-19126\"\/><\/figure>\n<\/div>\n\n\n\n<div class=\"wp-block-column is-layout-flow wp-block-column-is-layout-flow\">\n<figure class=\"wp-block-image size-full\"><img loading=\"lazy\" decoding=\"async\" width=\"938\" height=\"528\" src=\"https:\/\/preprod.weasywyg.com\/wp-content\/uploads\/2026\/07\/Sequence-02.gif\" alt=\"\" class=\"wp-image-19125\"\/><\/figure>\n<\/div>\n<\/div>\n\n\n\n<h4 class=\"wp-block-heading\">Le prototype de l\u2019ORTHOPUS Explorer<\/h4>\n\n\n\n<div class=\"wp-block-media-text is-stacked-on-mobile\"><figure class=\"wp-block-media-text__media\"><img loading=\"lazy\" decoding=\"async\" width=\"1024\" height=\"683\" src=\"https:\/\/preprod.weasywyg.com\/wp-content\/uploads\/2026\/06\/ORTHOPUS-Explorer-1024x683.webp\" alt=\"A curly-haired man wearing glasses and an orange polo shirt, seated in a powered wheelchair, equipped with a blue and black robotic assistive arm, the ORTHOPUS Explorer, extending upward.\" class=\"wp-image-18202 size-full\" srcset=\"https:\/\/preprod.weasywyg.com\/wp-content\/uploads\/2026\/06\/ORTHOPUS-Explorer-1024x683.webp 1024w, https:\/\/preprod.weasywyg.com\/wp-content\/uploads\/2026\/06\/ORTHOPUS-Explorer-300x200.webp 300w, https:\/\/preprod.weasywyg.com\/wp-content\/uploads\/2026\/06\/ORTHOPUS-Explorer-768x512.webp 768w, https:\/\/preprod.weasywyg.com\/wp-content\/uploads\/2026\/06\/ORTHOPUS-Explorer-1536x1024.webp 1536w, https:\/\/preprod.weasywyg.com\/wp-content\/uploads\/2026\/06\/ORTHOPUS-Explorer-2048x1365.webp 2048w\" sizes=\"auto, (max-width: 1024px) 100vw, 1024px\" \/><\/figure><div class=\"wp-block-media-text__content\">\n<p class=\"wp-block-paragraph\">Le troisi\u00e8me&nbsp;<a href=\"https:\/\/preprod.weasywyg.com\/explorer\/\">bras robotique<\/a>&nbsp;de notre&nbsp;<a href=\"https:\/\/preprod.weasywyg.com\/assistants-robotiques\/\">gamme<\/a><strong> effectue les gestes du bras et de la main<\/strong>&nbsp;pour saisir et manipuler des objets.<\/p>\n\n\n\n<p class=\"wp-block-paragraph\">Avec ses 6 moteurs et ses doigts articul\u00e9s, il va permettre d\u2019atteindre ou de bouger des objets : boire un verre, appuyer sur le bouton d\u2019un ascenseur, etc.<\/p>\n<\/div><\/div>\n\n\n\n<h3 class=\"wp-block-heading\">Pourquoi choisir ORTHOPUS ?<\/h3>\n\n\n\n<p class=\"wp-block-paragraph\">Notre&nbsp;<a href=\"https:\/\/preprod.weasywyg.com\/assistants-robotiques\/\">gamme d\u2019assistants robotiques<\/a>&nbsp;est imagin\u00e9e pour :<\/p>\n\n\n\n<ul class=\"wp-block-list\">\n<li><strong>Conserver<\/strong>&nbsp;son \u00e9nergie<\/li>\n\n\n\n<li><strong>Pr\u00e9server<\/strong>&nbsp;ses muscles et mouvements articulaires<\/li>\n\n\n\n<li>Continuer \u00e0&nbsp;<strong>bouger<\/strong><\/li>\n\n\n\n<li><strong>Gagner en autonomie<\/strong>&nbsp;et en temps<\/li>\n\n\n\n<li><strong>Participer \u00e0 plus d\u2019activit\u00e9s<\/strong><\/li>\n\n\n\n<li><strong>\u00catre r\u00e9actif<\/strong>&nbsp;dans toutes les situations<\/li>\n<\/ul>\n\n\n\n<p class=\"wp-block-paragraph\"><strong>Pour d\u00e9velopper ces solutions robotiques nous collaborons avec des utilisateur\u2022rices, des ergoth\u00e9rapeutes, des kin\u00e9sith\u00e9rapeutes, des m\u00e9decins MPR\u2026<br><\/strong><br>Nos phases de d\u00e9veloppement sont it\u00e9ratives : alpha-tests avec quelques utilisateur\u2022rices, puis b\u00eata-tests avec plus de personnes. En parall\u00e8le de ces tests, nous menons des tests d\u2019utilisation avec des institutions de sant\u00e9 et des organisations de la&nbsp;<a href=\"https:\/\/www.lahanditech.fr\/\" target=\"_blank\" rel=\"noreferrer noopener\">Handitech<\/a>.<\/p>\n\n\n\n<p class=\"wp-block-paragraph\">Nous avons travaill\u00e9 avec l\u2019<a href=\"https:\/\/esean.apf-francehandicap-pdl.com\/\" target=\"_blank\" rel=\"noreferrer noopener\">ESEAN APF France Handicap<\/a>, le&nbsp;<a href=\"https:\/\/coworkhit.com\/\" target=\"_blank\" rel=\"noreferrer noopener\">CoWork\u2019Hit<\/a>&nbsp;(Centre de Kerpape), le&nbsp;<a href=\"https:\/\/www.apf-francehandicap.org\/techlab\" target=\"_blank\" rel=\"noreferrer noopener\">TechLab de l\u2019APF<\/a>&nbsp;et l\u2019<a href=\"https:\/\/raymondpoincare.aphp.fr\/\" target=\"_blank\" rel=\"noreferrer noopener\">H\u00f4pital Raymond Poincar\u00e9<\/a>.<\/p>\n\n\n\n<p class=\"wp-block-paragraph\">Le projet ORTHOPUS est soutenu par l\u2019<a href=\"https:\/\/www.afm-telethon.fr\/fr\" target=\"_blank\" rel=\"noreferrer noopener\">AFM T\u00e9l\u00e9thon<\/a>, association fran\u00e7aise engag\u00e9e aupr\u00e8s des personnes qui vivent avec des maladies neuromusculaires.<\/p>\n\n\n\n<h2 class=\"wp-block-heading\">Prix et financement en France<\/h2>\n\n\n\n<h3 class=\"wp-block-heading\">Co\u00fbt des dispositifs et options disponibles<\/h3>\n\n\n\n<p class=\"wp-block-paragraph\">Le prix des dispositifs sur le march\u00e9 sont tr\u00e8s variables, cela d\u00e9pend du type de mat\u00e9riau utilis\u00e9, du niveau de compensation, de l\u2019adaptation (par exemple sur fauteuil roulant), du degr\u00e9 de complexit\u00e9 technologique etc. D\u2019une ann\u00e9e \u00e0 l\u2019autre, les co\u00fbts peuvent diff\u00e9rer d\u00fbs aux taxes ou aux contextes politiques et sociaux (le prix du transport a tendance \u00e0 souvent augmenter).<\/p>\n\n\n\n<div data-wp-context=\"{ &quot;autoclose&quot;: false, &quot;accordionItems&quot;: [] }\" data-wp-interactive=\"core\/accordion\" role=\"group\" class=\"wp-block-accordion is-layout-flow wp-block-accordion-is-layout-flow\">\n<div data-wp-class--is-open=\"state.isOpen\" data-wp-context=\"{ &quot;id&quot;: &quot;accordion-item-1&quot;, &quot;openByDefault&quot;: false }\" data-wp-init=\"callbacks.initAccordionItems\" data-wp-on-window--hashchange=\"callbacks.hashChange\" class=\"wp-block-accordion-item is-layout-flow wp-block-accordion-item-is-layout-flow\">\n<h3 class=\"wp-block-accordion-heading has-icon has-icon-right\"><button aria-expanded=\"false\" aria-controls=\"accordion-item-1-panel\" data-wp-bind--aria-expanded=\"state.isOpen\" data-wp-on--click=\"actions.toggle\" id=\"accordion-item-1\" type=\"button\" class=\"wp-block-accordion-heading__toggle\"><span class=\"wp-block-accordion-heading__toggle-title\">Supports de bras<\/span><span class=\"wp-block-accordion-heading__toggle-icon\" aria-hidden=\"true\">+<\/span><\/button><\/h3>\n\n\n\n<div aria-labelledby=\"accordion-item-1\" data-wp-bind--hidden=\"state.isHidden\" data-wp-on--beforematch=\"actions.handleBeforeMatch\" id=\"accordion-item-1-panel\" role=\"region\" class=\"wp-block-accordion-panel is-layout-flow wp-block-accordion-panel-is-layout-flow\">\n<p class=\"wp-block-paragraph\"><a href=\"https:\/\/www.ergo-diffusion.com\/nos-solutions\/handicap\/assistance-de-bras\/gouttieres-de-bras-11\" target=\"_blank\" rel=\"noreferrer noopener\">Goutti\u00e8res de bras<\/a>&nbsp;\u27a1\ufe0f environ 500\u20ac<br><a href=\"https:\/\/ortheasy.com\/attelles.html?srsltid=AfmBOoq1N6WQ1NRFi3gMS9U6jeO7cQPoessN3ad0d9bJhLWknmX3ts62\" target=\"_blank\" rel=\"noreferrer noopener\">Attelle<\/a>&nbsp;\u27a1\ufe0f de 30\u20ac \u00e0 130\u20ac<\/p>\n<\/div>\n<\/div>\n\n\n\n<div data-wp-class--is-open=\"state.isOpen\" data-wp-context=\"{ &quot;id&quot;: &quot;accordion-item-2&quot;, &quot;openByDefault&quot;: false }\" data-wp-init=\"callbacks.initAccordionItems\" data-wp-on-window--hashchange=\"callbacks.hashChange\" class=\"wp-block-accordion-item is-layout-flow wp-block-accordion-item-is-layout-flow\">\n<h3 class=\"wp-block-accordion-heading has-icon has-icon-right\"><button aria-expanded=\"false\" aria-controls=\"accordion-item-2-panel\" data-wp-bind--aria-expanded=\"state.isOpen\" data-wp-on--click=\"actions.toggle\" id=\"accordion-item-2\" type=\"button\" class=\"wp-block-accordion-heading__toggle\"><span class=\"wp-block-accordion-heading__toggle-title\">Bras robotis\u00e9s<\/span><span class=\"wp-block-accordion-heading__toggle-icon\" aria-hidden=\"true\">+<\/span><\/button><\/h3>\n\n\n\n<div aria-labelledby=\"accordion-item-2\" data-wp-bind--hidden=\"state.isHidden\" data-wp-on--beforematch=\"actions.handleBeforeMatch\" id=\"accordion-item-2-panel\" role=\"region\" class=\"wp-block-accordion-panel is-layout-flow wp-block-accordion-panel-is-layout-flow\">\n<p class=\"wp-block-paragraph\"><a href=\"https:\/\/assistive.kinovarobotics.com\/fr\/produit\/bras-robotise-jaco\" target=\"_blank\" rel=\"noreferrer noopener\">JACO de KINOVA<\/a>&nbsp;\u27a1\ufe0f \u00e0 partir de 55 000\u20ac<br><a href=\"https:\/\/preprod.weasywyg.com\/supporter\/\">ORTHOPUS Supporter<\/a>&nbsp;\u27a1\ufe0f \u00e0 partir de 9100\u20ac<\/p>\n<\/div>\n<\/div>\n\n\n\n<div data-wp-class--is-open=\"state.isOpen\" data-wp-context=\"{ &quot;id&quot;: &quot;accordion-item-3&quot;, &quot;openByDefault&quot;: false }\" data-wp-init=\"callbacks.initAccordionItems\" data-wp-on-window--hashchange=\"callbacks.hashChange\" class=\"wp-block-accordion-item is-layout-flow wp-block-accordion-item-is-layout-flow\">\n<h3 class=\"wp-block-accordion-heading has-icon has-icon-right\"><button aria-expanded=\"false\" aria-controls=\"accordion-item-3-panel\" data-wp-bind--aria-expanded=\"state.isOpen\" data-wp-on--click=\"actions.toggle\" id=\"accordion-item-3\" type=\"button\" class=\"wp-block-accordion-heading__toggle\"><span class=\"wp-block-accordion-heading__toggle-title\">Exosquelettes<\/span><span class=\"wp-block-accordion-heading__toggle-icon\" aria-hidden=\"true\">+<\/span><\/button><\/h3>\n\n\n\n<div aria-labelledby=\"accordion-item-3\" data-wp-bind--hidden=\"state.isHidden\" data-wp-on--beforematch=\"actions.handleBeforeMatch\" id=\"accordion-item-3-panel\" role=\"region\" class=\"wp-block-accordion-panel is-layout-flow wp-block-accordion-panel-is-layout-flow\">\n<p class=\"wp-block-paragraph\"><a href=\"https:\/\/www.festool.fr\/produits\/exosquelette\/exosquelette-exoactive\/578031---exo-18-basic#Produit\" target=\"_blank\" rel=\"noreferrer noopener\">Exosquelette actif<\/a>&nbsp;\u27a1\ufe0f \u00e0 partir de 3300\u20ac<br><\/p>\n<\/div>\n<\/div>\n<\/div>\n\n\n\n<p class=\"wp-block-paragraph\"><em>Ci-dessus des exemples de prix en 2025. Les prix peuvent varier et ne sont pas fixes, car ils d\u00e9pendent des revendeurs m\u00e9dicaux.<\/em><\/p>\n\n\n\n<h3 class=\"wp-block-heading\">Aides financi\u00e8res et solutions de prise en charge<\/h3>\n\n\n\n<p class=\"wp-block-paragraph\">Il existe plusieurs&nbsp;<a href=\"https:\/\/preprod.weasywyg.com\/2026\/07\/10\/aides-financieres-handicap\/\">aides<\/a>&nbsp;pour financer des \u00e9quipements en France :<\/p>\n\n\n\n<ul class=\"wp-block-list\">\n<li><strong><a href=\"https:\/\/www.service-public.fr\/particuliers\/vosdroits\/F14202\" target=\"_blank\" rel=\"noreferrer noopener\">PCH<\/a>&nbsp;(Prestation de Compensation du Handicap) :<\/strong>&nbsp;financement d\u2019aides techniques.<br>\u27a1\ufe0f Attribution sans condition de ressources.<br>\u27a1\ufe0f N\u00e9cessit\u00e9 d\u2019avoir un domicile fixe (maison ou r\u00e9sidence sp\u00e9cialis\u00e9e).<br>\u27a1\ufe0f Demande \u00e0 effectuer aupr\u00e8s de la&nbsp;<a href=\"https:\/\/www.service-public.fr\/particuliers\/vosdroits\/R67285\" target=\"_blank\" rel=\"noreferrer noopener\">MDPH<\/a><br>\u27a1\ufe0f Versement mensuelle par le Conseil D\u00e9partemental<\/li>\n<\/ul>\n\n\n\n<ul class=\"wp-block-list\">\n<li><strong><a href=\"https:\/\/www.service-public.fr\/particuliers\/vosdroits\/F12242\" target=\"_blank\" rel=\"noreferrer noopener\">AAH<\/a>&nbsp;(Allocation Adulte Handicap\u00e9) :<\/strong>&nbsp;soutien financier pour les personnes adultes.<br>\u27a1\ufe0f \u00c2ge sup\u00e9rieur \u00e0 20 ans (ou \u00eatre \u00e9mancip\u00e9.e avant)<br>\u27a1\ufe0f Attribution sans condition de ressources<br>\u27a1\ufe0f Calcul du montant auquel vous avez droit par la CAF, mais c\u2019est \u00e0 la MDPH que la demande se fait<br>\u27a1\ufe0f Versement par la CAF<\/li>\n<\/ul>\n\n\n\n<ul class=\"wp-block-list\">\n<li><strong><a href=\"https:\/\/www.monparcourshandicap.gouv.fr\/glossaire\/fdc\" target=\"_blank\" rel=\"noreferrer noopener\">FDC<\/a>&nbsp;(Fond De Compensation) :<\/strong>&nbsp;aide financi\u00e8re pour les personnes en situation de handicap une fois que la PCH a pris en charge des frais li\u00e9s au handicap et qu\u2019il y a un reste \u00e0 charge.<br>\u27a1\ufe0f Attribution sans condition de ressources<br>\u27a1\ufe0f N\u00e9cessit\u00e9 d\u2019\u00eatre d\u00e9j\u00e0 \u00e9ligible \u00e0 la PCH<br>\u27a1\ufe0f Demande \u00e0 faire aupr\u00e8s de la MDPH<br>\u27a1\ufe0f Versement par la MDPH<\/li>\n<\/ul>\n\n\n\n<figure class=\"wp-block-table\"><table class=\"has-fixed-layout\"><tbody><tr><td><strong>Aide<\/strong><\/td><td><strong>Organisme<\/strong><\/td><td><strong>Taux de prise en charge<\/strong><\/td><\/tr><tr><td><strong>PCH<\/strong><\/td><td><a href=\"https:\/\/mdphenligne.cnsa.fr\/\" target=\"_blank\" rel=\"noreferrer noopener\">MDPH<\/a><\/td><td>D\u00e9penses prises en charge \u00e0 100 % du tarif du mat\u00e9riel si vos ressources annuelles sont inf\u00e9rieures ou \u00e9gales \u00e0 30 915,30 \u20ac, ou \u00e0 80 % si elles sont sup\u00e9rieures.<\/td><\/tr><tr><td><strong>AAH<\/strong><\/td><td><a href=\"https:\/\/caf.fr\/\" target=\"_blank\" rel=\"noreferrer noopener\">CAF<\/a><\/td><td>Allocation financi\u00e8re calcul\u00e9e suivant les revenus du demandeur.<\/td><\/tr><tr><td><strong>FDC<\/strong><\/td><td><a href=\"https:\/\/mdphenligne.cnsa.fr\/\" target=\"_blank\" rel=\"noreferrer noopener\">MDPH<\/a><\/td><td>Aide financi\u00e8re calcul\u00e9e suivant les revenus du demandeur et du reste \u00e0 charge apr\u00e8s la PCH.<\/td><\/tr><\/tbody><\/table><\/figure>\n\n\n\n<h2 class=\"wp-block-heading\">O\u00f9 acheter une solution de compensation du bras en France ?<\/h2>\n\n\n\n<h3 class=\"wp-block-heading\">Distributeurs sp\u00e9cialis\u00e9s et fabricants<\/h3>\n\n\n\n<p class=\"wp-block-paragraph\">En France, seuls deux distributeurs sont sp\u00e9cialis\u00e9s dans les solutions de compensation du bras,&nbsp;<a href=\"https:\/\/www.ergo-diffusion.com\/\" target=\"_blank\" rel=\"noreferrer noopener\">ERGO-DIFFUSION<\/a>&nbsp;&amp;&nbsp;<a href=\"https:\/\/www.cree.fr\/\" target=\"_blank\" rel=\"noreferrer noopener\">CREE<\/a>.<\/p>\n\n\n\n<div class=\"wp-block-media-text is-stacked-on-mobile\" style=\"grid-template-columns:41% auto\"><figure class=\"wp-block-media-text__media\"><img loading=\"lazy\" decoding=\"async\" width=\"504\" height=\"232\" src=\"https:\/\/preprod.weasywyg.com\/wp-content\/uploads\/2026\/05\/ergo-diffusion.webp\" alt=\"\" class=\"wp-image-689 size-full\" srcset=\"https:\/\/preprod.weasywyg.com\/wp-content\/uploads\/2026\/05\/ergo-diffusion.webp 504w, https:\/\/preprod.weasywyg.com\/wp-content\/uploads\/2026\/05\/ergo-diffusion-300x138.webp 300w\" sizes=\"auto, (max-width: 504px) 100vw, 504px\" \/><\/figure><div class=\"wp-block-media-text__content\">\n<p class=\"wp-block-paragraph\"><a href=\"https:\/\/www.ergo-diffusion.com\/\" target=\"_blank\" rel=\"noreferrer noopener\">ERGO-DIFFUSION<\/a>&nbsp;est une soci\u00e9t\u00e9 localis\u00e9e \u00e0 Rennes, sp\u00e9cialiste depuis 2009 dans la&nbsp;<strong>distribution de solutions d\u2019assistance aux membres sup\u00e9rieurs<\/strong>. Elle intervient sur l\u2019ensemble du territoire fran\u00e7ais (y compris les Outre-mer) via un r\u00e9seau de revendeurs sp\u00e9cialis\u00e9s.<br><strong>ERGO-DIFFUSION<\/strong>&nbsp;s\u00e9lectionne, propose et vend des \u00e9quipements innovants : bras robotis\u00e9&nbsp;<a href=\"https:\/\/www.ergo-diffusion.com\/nos-solutions\/handicap\/bras-robotise\/jaco-bras-robotise-jaco\" target=\"_blank\" rel=\"noreferrer noopener\">Jaco<\/a>,&nbsp;<a href=\"https:\/\/www.ergo-diffusion.com\/nos-solutions\/handicap\/support-de-bras\/support-de-bras-edero\" target=\"_blank\" rel=\"noreferrer noopener\">supports m\u00e9caniques EDERO<\/a>,&nbsp;<a href=\"https:\/\/www.ergo-diffusion.com\/nos-solutions\/handicap\/carbonhandr-gant-robotique-dassistance-la-prehension-sg\" target=\"_blank\" rel=\"noreferrer noopener\">gants d\u2019assistance Carbonhand<\/a>,&nbsp;<a href=\"https:\/\/www.ergo-diffusion.com\/nos-solutions\/handicap\/aide-aux-repas\/neater-eater-electrique-aide-manger-nev6\" target=\"_blank\" rel=\"noreferrer noopener\">aides \u00e0 manger Neater Eater<\/a>&nbsp;et m\u00eame&nbsp;<a href=\"https:\/\/www.ergo-diffusion.com\/nos-solutions\/handicap\/assistance-de-bras\/orthopus-supporter-assistance-de-bras-robotique-su\" target=\"_blank\" rel=\"noreferrer noopener\">les produits d\u2019ORTHOPUS<\/a>&nbsp;!<\/p>\n<\/div><\/div>\n\n\n\n<div class=\"wp-block-media-text is-stacked-on-mobile\" style=\"grid-template-columns:41% auto\"><figure class=\"wp-block-media-text__media\"><img loading=\"lazy\" decoding=\"async\" width=\"254\" height=\"100\" src=\"https:\/\/preprod.weasywyg.com\/wp-content\/uploads\/2026\/07\/cree-aides-techniques.webp\" alt=\"\" class=\"wp-image-19327 size-full\"\/><\/figure><div class=\"wp-block-media-text__content\">\n<p class=\"wp-block-paragraph\"><a href=\"https:\/\/www.cree.fr\/\" target=\"_blank\" rel=\"noreferrer noopener\">CREE<\/a>&nbsp;est une entreprise bas\u00e9e \u00e0 Grigny (pr\u00e8s de Lyon) et elle accompagne les professionnel\u2022les et particulier\u2022i\u00e8res dans le choix de solutions pour l\u2019autonomie. Elle intervient \u00e9galement sur l\u2019ensemble de la France avec son r\u00e9seau d\u2019installateurs sp\u00e9cialis\u00e9s. CREE s\u00e9lectionne,&nbsp;<strong>distribue et installe des \u00e9quipements ergonomiques adapt\u00e9s aux besoins de chaque utilisateur\u2022rice dans les secteurs domiciliaire et institutionnel<\/strong>.<\/p>\n<\/div><\/div>\n\n\n\n<h2 class=\"wp-block-heading\">Entretien et optimisation des solutions de compensation du bras<\/h2>\n\n\n\n<p class=\"wp-block-paragraph\">Un peu d\u2019attention au quotidien va faire toute la diff\u00e9rence sur un assistant robotique afin d\u2019assurer son bon fonctionnement. Le plus important reste de suivre sa notice d\u2019utilisation, car chaque assistant est unique : ils ne se nettoient pas tous de la m\u00eame fa\u00e7on et leurs garanties peuvent varier.<br><br>Il faut respecter les conseils sp\u00e9cifiques pour pr\u00e9server au mieux leur efficacit\u00e9 et leur dur\u00e9e de vie.&nbsp;<strong>Si un probl\u00e8me appara\u00eet sur l\u2019assistant robotique, il faut contacter le revendeur m\u00e9dical ou encore le fabricant.<\/strong><\/p>\n\n\n\n<h2 class=\"wp-block-heading\">Sources<\/h2>\n\n\n\n<ol class=\"wp-block-list\">\n<li>G\u00f6tz von Berlichingen. In: Wikip\u00e9dia [Internet]. 2024 [cit\u00e9 28 mai 2025]. Disponible sur: <a href=\"https:\/\/fr.wikipedia.org\/w\/index.php?title=G%C3%B6tz_von_Berlichingen&amp;oldid=221084570\" target=\"_blank\" rel=\"noreferrer noopener\">https:\/\/fr.wikipedia.org\/w\/index.php?title=G%C3%B6tz_von_Berlichingen&amp;oldid=221084570<\/a><\/li>\n\n\n\n<li>AFM T\u00e9l\u00e9thon. Compensation des Membres Sup\u00e9rieurs [Internet]. Disponible sur: <a href=\"https:\/\/www.afm-telethon.fr\/sites\/default\/files\/media\/documents\/FT_AT_MEMBRE%20SUP_Mai2021.pdf\" target=\"_blank\" rel=\"noreferrer noopener\">https:\/\/www.afm-telethon.fr\/sites\/default\/files\/media\/documents\/FT_AT_MEMBRE%20SUP_Mai2021.pdf<\/a><\/li>\n\n\n\n<li>Perte de mobilit\u00e9\u202f: Conseils pour r\u00e9duire ses effets au quotidien [Internet]. [cit\u00e9 2 juin 2025]. Disponible sur: <a href=\"https:\/\/www.harmonie-medical-service.fr\/blog\/post\/comment-attenuer-la-perte-de-mobilite\" target=\"_blank\" rel=\"noreferrer noopener\">https:\/\/www.harmonie-medical-service.fr\/blog\/post\/comment-attenuer-la-perte-de-mobilite<\/a><\/li>\n\n\n\n<li>Guide de l\u2019exosquelette\u202f: Qu\u2019est-ce qu\u2019un exosquelette\u202f? [Internet]. 2022 [cit\u00e9 2 juin 2025]. Disponible sur: <a href=\"https:\/\/orthexo.de\/fr\/guide\/quest-ce-quun-exosquelette\/\" target=\"_blank\" rel=\"noreferrer noopener\">https:\/\/orthexo.de\/fr\/guide\/quest-ce-quun-exosquelette\/<\/a><\/li>\n\n\n\n<li>Passive and Active Exoskeleton Solutions: Sensors, Actuators, Applications, and Recent Trends [Internet]. Disponible sur: <a href=\"https:\/\/www.researchgate.net\/publication\/385538271_Passive_and_Active_Exoskeleton_Solutions_Sensors_Actuators_Applications_and_Recent_Trends\" target=\"_blank\" rel=\"noreferrer noopener\">https:\/\/www.researchgate.net\/publication\/385538271_Passive_and_Active_Exoskeleton_Solutions_Sensors_Actuators_Applications_and_Recent_Trends<\/a><\/li>\n\n\n\n<li>PERRIN J. Ergofrance. 2022 [cit\u00e9 9 mai 2025]. Quelles sont les diff\u00e9rences entre un exosquelette actif et un exosquelette passif\u202f? Disponible sur: <a href=\"https:\/\/www.ergofrance.com\/quelles-sont-les-differences-entre-un-exosquelette-actif-et-un-exosquelette-passif\/\" target=\"_blank\" rel=\"noreferrer noopener\">https:\/\/www.ergofrance.com\/quelles-sont-les-differences-entre-un-exosquelette-actif-et-un-exosquelette-passif\/<\/a><\/li>\n\n\n\n<li>PERRIN J. Ergofrance. 2021 [cit\u00e9 9 mai 2025]. Les nombreux usages de l\u2019exosquelette. Disponible sur: <a href=\"https:\/\/www.ergofrance.com\/les-nombreux-usages-de-lexosquelette\/\" target=\"_blank\" rel=\"noreferrer noopener\">https:\/\/www.ergofrance.com\/les-nombreux-usages-de-lexosquelette\/<\/a><\/li>\n\n\n\n<li>D\u00e9ficit moteur et\/ou sensitif des membres | www.cen-neurologie.fr [Internet]. [cit\u00e9 3 juin 2025]. Disponible sur: <a href=\"https:\/\/www.cen-neurologie.fr\/second-cycle\/deficit-moteur-etou-sensitif-des-membres\" target=\"_blank\" rel=\"noreferrer noopener\">https:\/\/www.cen-neurologie.fr\/second-cycle\/deficit-moteur-etou-sensitif-des-membres<\/a><\/li>\n\n\n\n<li>Qu\u2019est ce qu\u2019une blessure m\u00e9dullaire? | Moelle Epini\u00e8re et Motricit\u00e9 Qu\u00e9bec [Internet]. 2011 [cit\u00e9 15 mai 2025]. Disponible sur: <a href=\"https:\/\/www.moelleepiniere.com\/items-of-interest\/quest-ce-quune-blessure-medullaire\/\" target=\"_blank\" rel=\"noreferrer noopener\">https:\/\/www.moelleepiniere.com\/items-of-interest\/quest-ce-quune-blessure-medullaire\/<\/a><\/li>\n\n\n\n<li>France Parkinson. M\u00e9decine physique et de r\u00e9adaptation (MPR) [Internet]. Disponible sur: <a href=\"https:\/\/www.franceparkinson.fr\/wp-content\/uploads\/2023\/10\/FP_PARCOURS_MPR.pdf\" target=\"_blank\" rel=\"noreferrer noopener\">https:\/\/www.franceparkinson.fr\/wp-content\/uploads\/2023\/10\/FP_PARCOURS_MPR.pdf<\/a><\/li>\n\n\n\n<li>Mathilde GENIN U de L 1. R\u00f4le et intervention de L\u2019ergoth\u00e9rapeute dans l\u2019accompagnement des personnes ayant une amputation acquise de membre sup\u00e9rieur vers plus d\u2019ind\u00e9pendance fonctionnelle. [Internet]. Disponible sur: <a href=\"https:\/\/bibnum.univ-lyon1.fr\/nuxeo\/nxfile\/default\/c45000f8-f6ce-4dfe-85d0-d2097e1564e4\/file%3Acontent\/Me_2022LYO1E719.pdf\" target=\"_blank\" rel=\"noreferrer noopener\">https:\/\/bibnum.univ-lyon1.fr\/nuxeo\/nxfile\/default\/c45000f8-f6ce-4dfe-85d0-d2097e1564e4\/file%3Acontent\/Me_2022LYO1E719.pdf<\/a><\/li>\n\n\n\n<li>CRRF Saint-Gobain [Internet]. [cit\u00e9 4 juin 2025]. T\u00e9moignages. Disponible sur: <a href=\"https:\/\/crrfstgobain.fr\/temoignages-patients\/\" target=\"_blank\" rel=\"noreferrer noopener\">https:\/\/crrfstgobain.fr\/temoignages-patients\/<\/a><\/li>\n\n\n\n<li>AFM t\u00e9l\u00e9thon. La compensation technique des membres sup\u00e9rieurs [Internet]. Disponible sur : <a href=\"https:\/\/www.afm-telethon.fr\/sites\/default\/files\/legacy\/la_compensation_technique_des_membres_superieurs.pdf\" target=\"_blank\" rel=\"noreferrer noopener\">https:\/\/www.afm-telethon.fr\/sites\/default\/files\/legacy\/la_compensation_technique_des_membres_superieurs.pdf<\/a><\/li>\n\n\n\n<li>HAS. Avis sur le dispositif m\u00e9dical JACO [Internet]. Disponible sur : <a href=\"https:\/\/www.has-sante.fr\/upload\/docs\/evamed\/CNEDIMTS-7423_JACO_23%20avril%202024_7423_avis.pdf\" target=\"_blank\" rel=\"noreferrer noopener\">https:\/\/www.has-sante.fr\/upload\/docs\/evamed\/CNEDIMTS-7423_JACO_23%20avril%202024_7423_avis.pdf<\/a><\/li>\n<\/ol>\n","protected":false},"excerpt":{"rendered":"<p>Et si la technologie r\u00e9inventait les mouvements des membres sup\u00e9rieurs ? D\u00e9couvrez des dispositifs pens\u00e9s pour allier mobilit\u00e9 et ergonomie !<\/p>\n","protected":false},"author":3,"featured_media":19308,"comment_status":"open","ping_status":"open","sticky":false,"template":"","format":"standard","meta":{"_kad_blocks_custom_css":"","_kad_blocks_head_custom_js":"","_kad_blocks_body_custom_js":"","_kad_blocks_footer_custom_js":"","footnotes":""},"categories":[104],"tags":[],"class_list":["post-19306","post","type-post","status-publish","format-standard","has-post-thumbnail","hentry","category-aides-techniques"],"yoast_head":"<!-- This site is optimized with the Yoast SEO plugin v28.4 - https:\/\/yoast.com\/product\/yoast-seo-wordpress\/ -->\n<title>Comprendre la compensation du bras<\/title>\n<meta name=\"description\" content=\"D\u00e9couvrez comment les dispositifs facilitent la mobilit\u00e9 et l&#039;ergonomie des membres sup\u00e9rieurs.\" \/>\n<meta name=\"robots\" content=\"noindex, follow, max-snippet:-1, max-image-preview:large, max-video-preview:-1\" \/>\n<meta property=\"og:locale\" content=\"fr_FR\" \/>\n<meta property=\"og:type\" content=\"article\" \/>\n<meta property=\"og:title\" content=\"Comprendre la compensation du bras\" \/>\n<meta property=\"og:description\" content=\"D\u00e9couvrez comment les dispositifs facilitent la mobilit\u00e9 et l&#039;ergonomie des membres sup\u00e9rieurs.\" \/>\n<meta property=\"og:url\" content=\"https:\/\/preprod.weasywyg.com\/fr\/2024\/06\/20\/compensation-du-bras\/\" \/>\n<meta property=\"og:site_name\" content=\"Orthopus\" \/>\n<meta property=\"article:published_time\" content=\"2024-06-20T14:40:19+00:00\" \/>\n<meta property=\"article:modified_time\" content=\"2026-08-28T08:36:04+00:00\" \/>\n<meta property=\"og:image\" content=\"https:\/\/preprod.weasywyg.com\/wp-content\/uploads\/2026\/07\/IMG-250626-gotz-von-berlichingen.webp\" \/>\n\t<meta property=\"og:image:width\" content=\"1080\" \/>\n\t<meta property=\"og:image:height\" content=\"1350\" \/>\n\t<meta property=\"og:image:type\" content=\"image\/webp\" \/>\n<meta name=\"author\" content=\"Pierre Murzeau\" \/>\n<meta name=\"twitter:card\" content=\"summary_large_image\" \/>\n<meta name=\"twitter:label1\" content=\"\u00c9crit par\" \/>\n\t<meta name=\"twitter:data1\" content=\"Pierre Murzeau\" \/>\n\t<meta name=\"twitter:label2\" content=\"Dur\u00e9e de lecture estim\u00e9e\" \/>\n\t<meta name=\"twitter:data2\" content=\"19 minutes\" \/>\n<script type=\"application\/ld+json\" class=\"yoast-schema-graph\">{\"@context\":\"https:\\\/\\\/schema.org\",\"@graph\":[{\"@type\":\"Article\",\"@id\":\"https:\\\/\\\/preprod.weasywyg.com\\\/fr\\\/2024\\\/06\\\/20\\\/compensation-du-bras\\\/#article\",\"isPartOf\":{\"@id\":\"https:\\\/\\\/preprod.weasywyg.com\\\/fr\\\/2024\\\/06\\\/20\\\/compensation-du-bras\\\/\"},\"author\":{\"name\":\"Pierre Murzeau\",\"@id\":\"https:\\\/\\\/preprod.weasywyg.com\\\/fr\\\/#\\\/schema\\\/person\\\/8b4382f5e6156ac0dec30415bb591535\"},\"headline\":\"Compensation du bras : technologies et solutions\",\"datePublished\":\"2024-06-20T14:40:19+00:00\",\"dateModified\":\"2026-08-28T08:36:04+00:00\",\"mainEntityOfPage\":{\"@id\":\"https:\\\/\\\/preprod.weasywyg.com\\\/fr\\\/2024\\\/06\\\/20\\\/compensation-du-bras\\\/\"},\"wordCount\":3718,\"commentCount\":0,\"publisher\":{\"@id\":\"https:\\\/\\\/preprod.weasywyg.com\\\/fr\\\/#organization\"},\"image\":{\"@id\":\"https:\\\/\\\/preprod.weasywyg.com\\\/fr\\\/2024\\\/06\\\/20\\\/compensation-du-bras\\\/#primaryimage\"},\"thumbnailUrl\":\"https:\\\/\\\/preprod.weasywyg.com\\\/wp-content\\\/uploads\\\/2026\\\/07\\\/IMG-250626-gotz-von-berlichingen.webp\",\"articleSection\":[\"Aides techniques\"],\"inLanguage\":\"fr-FR\",\"potentialAction\":[{\"@type\":\"CommentAction\",\"name\":\"Comment\",\"target\":[\"https:\\\/\\\/preprod.weasywyg.com\\\/fr\\\/2024\\\/06\\\/20\\\/compensation-du-bras\\\/#respond\"]}]},{\"@type\":\"WebPage\",\"@id\":\"https:\\\/\\\/preprod.weasywyg.com\\\/fr\\\/2024\\\/06\\\/20\\\/compensation-du-bras\\\/\",\"url\":\"https:\\\/\\\/preprod.weasywyg.com\\\/fr\\\/2024\\\/06\\\/20\\\/compensation-du-bras\\\/\",\"name\":\"Comprendre la compensation du bras\",\"isPartOf\":{\"@id\":\"https:\\\/\\\/preprod.weasywyg.com\\\/fr\\\/#website\"},\"primaryImageOfPage\":{\"@id\":\"https:\\\/\\\/preprod.weasywyg.com\\\/fr\\\/2024\\\/06\\\/20\\\/compensation-du-bras\\\/#primaryimage\"},\"image\":{\"@id\":\"https:\\\/\\\/preprod.weasywyg.com\\\/fr\\\/2024\\\/06\\\/20\\\/compensation-du-bras\\\/#primaryimage\"},\"thumbnailUrl\":\"https:\\\/\\\/preprod.weasywyg.com\\\/wp-content\\\/uploads\\\/2026\\\/07\\\/IMG-250626-gotz-von-berlichingen.webp\",\"datePublished\":\"2024-06-20T14:40:19+00:00\",\"dateModified\":\"2026-08-28T08:36:04+00:00\",\"description\":\"D\u00e9couvrez comment les dispositifs facilitent la mobilit\u00e9 et l'ergonomie des membres sup\u00e9rieurs.\",\"breadcrumb\":{\"@id\":\"https:\\\/\\\/preprod.weasywyg.com\\\/fr\\\/2024\\\/06\\\/20\\\/compensation-du-bras\\\/#breadcrumb\"},\"inLanguage\":\"fr-FR\",\"potentialAction\":[{\"@type\":\"ReadAction\",\"target\":[\"https:\\\/\\\/preprod.weasywyg.com\\\/fr\\\/2024\\\/06\\\/20\\\/compensation-du-bras\\\/\"]}]},{\"@type\":\"ImageObject\",\"inLanguage\":\"fr-FR\",\"@id\":\"https:\\\/\\\/preprod.weasywyg.com\\\/fr\\\/2024\\\/06\\\/20\\\/compensation-du-bras\\\/#primaryimage\",\"url\":\"https:\\\/\\\/preprod.weasywyg.com\\\/wp-content\\\/uploads\\\/2026\\\/07\\\/IMG-250626-gotz-von-berlichingen.webp\",\"contentUrl\":\"https:\\\/\\\/preprod.weasywyg.com\\\/wp-content\\\/uploads\\\/2026\\\/07\\\/IMG-250626-gotz-von-berlichingen.webp\",\"width\":1080,\"height\":1350},{\"@type\":\"BreadcrumbList\",\"@id\":\"https:\\\/\\\/preprod.weasywyg.com\\\/fr\\\/2024\\\/06\\\/20\\\/compensation-du-bras\\\/#breadcrumb\",\"itemListElement\":[{\"@type\":\"ListItem\",\"position\":1,\"name\":\"Accueil\",\"item\":\"https:\\\/\\\/preprod.weasywyg.com\\\/fr\\\/\"},{\"@type\":\"ListItem\",\"position\":2,\"name\":\"Compensation du bras : technologies et solutions\"}]},{\"@type\":\"WebSite\",\"@id\":\"https:\\\/\\\/preprod.weasywyg.com\\\/fr\\\/#website\",\"url\":\"https:\\\/\\\/preprod.weasywyg.com\\\/fr\\\/\",\"name\":\"Orthopus\",\"description\":\"Handitech solutions for everyone\",\"publisher\":{\"@id\":\"https:\\\/\\\/preprod.weasywyg.com\\\/fr\\\/#organization\"},\"potentialAction\":[{\"@type\":\"SearchAction\",\"target\":{\"@type\":\"EntryPoint\",\"urlTemplate\":\"https:\\\/\\\/preprod.weasywyg.com\\\/fr\\\/?s={search_term_string}\"},\"query-input\":{\"@type\":\"PropertyValueSpecification\",\"valueRequired\":true,\"valueName\":\"search_term_string\"}}],\"inLanguage\":\"fr-FR\"},{\"@type\":\"Organization\",\"@id\":\"https:\\\/\\\/preprod.weasywyg.com\\\/fr\\\/#organization\",\"name\":\"Orthopus\",\"url\":\"https:\\\/\\\/preprod.weasywyg.com\\\/fr\\\/\",\"logo\":{\"@type\":\"ImageObject\",\"inLanguage\":\"fr-FR\",\"@id\":\"https:\\\/\\\/preprod.weasywyg.com\\\/fr\\\/#\\\/schema\\\/logo\\\/image\\\/\",\"url\":\"https:\\\/\\\/preprod.weasywyg.com\\\/wp-content\\\/uploads\\\/2026\\\/05\\\/logo.svg\",\"contentUrl\":\"https:\\\/\\\/preprod.weasywyg.com\\\/wp-content\\\/uploads\\\/2026\\\/05\\\/logo.svg\",\"caption\":\"Orthopus\"},\"image\":{\"@id\":\"https:\\\/\\\/preprod.weasywyg.com\\\/fr\\\/#\\\/schema\\\/logo\\\/image\\\/\"}},{\"@type\":\"Person\",\"@id\":\"https:\\\/\\\/preprod.weasywyg.com\\\/fr\\\/#\\\/schema\\\/person\\\/8b4382f5e6156ac0dec30415bb591535\",\"name\":\"Pierre Murzeau\",\"image\":{\"@type\":\"ImageObject\",\"inLanguage\":\"fr-FR\",\"@id\":\"https:\\\/\\\/secure.gravatar.com\\\/avatar\\\/9c3ed8fbf8227342dcec0e3c388c902ea09285b1b3c21e000bf3853a2729a85b?s=96&d=mm&r=g\",\"url\":\"https:\\\/\\\/secure.gravatar.com\\\/avatar\\\/9c3ed8fbf8227342dcec0e3c388c902ea09285b1b3c21e000bf3853a2729a85b?s=96&d=mm&r=g\",\"contentUrl\":\"https:\\\/\\\/secure.gravatar.com\\\/avatar\\\/9c3ed8fbf8227342dcec0e3c388c902ea09285b1b3c21e000bf3853a2729a85b?s=96&d=mm&r=g\",\"caption\":\"Pierre Murzeau\"},\"url\":\"https:\\\/\\\/preprod.weasywyg.com\\\/fr\\\/author\\\/orthopus-pierre-26\\\/\"}]}<\/script>\n<!-- \/ Yoast SEO plugin. -->","yoast_head_json":{"title":"Comprendre la compensation du bras","description":"D\u00e9couvrez comment les dispositifs facilitent la mobilit\u00e9 et l'ergonomie des membres sup\u00e9rieurs.","robots":{"index":"noindex","follow":"follow","max-snippet":"max-snippet:-1","max-image-preview":"max-image-preview:large","max-video-preview":"max-video-preview:-1"},"og_locale":"fr_FR","og_type":"article","og_title":"Comprendre la compensation du bras","og_description":"D\u00e9couvrez comment les dispositifs facilitent la mobilit\u00e9 et l'ergonomie des membres sup\u00e9rieurs.","og_url":"https:\/\/preprod.weasywyg.com\/fr\/2024\/06\/20\/compensation-du-bras\/","og_site_name":"Orthopus","article_published_time":"2024-06-20T14:40:19+00:00","article_modified_time":"2026-08-28T08:36:04+00:00","og_image":[{"width":1080,"height":1350,"url":"https:\/\/preprod.weasywyg.com\/wp-content\/uploads\/2026\/07\/IMG-250626-gotz-von-berlichingen.webp","type":"image\/webp"}],"author":"Pierre Murzeau","twitter_card":"summary_large_image","twitter_misc":{"\u00c9crit par":"Pierre Murzeau","Dur\u00e9e de lecture estim\u00e9e":"19 minutes"},"schema":{"@context":"https:\/\/schema.org","@graph":[{"@type":"Article","@id":"https:\/\/preprod.weasywyg.com\/fr\/2024\/06\/20\/compensation-du-bras\/#article","isPartOf":{"@id":"https:\/\/preprod.weasywyg.com\/fr\/2024\/06\/20\/compensation-du-bras\/"},"author":{"name":"Pierre Murzeau","@id":"https:\/\/preprod.weasywyg.com\/fr\/#\/schema\/person\/8b4382f5e6156ac0dec30415bb591535"},"headline":"Compensation du bras : technologies et solutions","datePublished":"2024-06-20T14:40:19+00:00","dateModified":"2026-08-28T08:36:04+00:00","mainEntityOfPage":{"@id":"https:\/\/preprod.weasywyg.com\/fr\/2024\/06\/20\/compensation-du-bras\/"},"wordCount":3718,"commentCount":0,"publisher":{"@id":"https:\/\/preprod.weasywyg.com\/fr\/#organization"},"image":{"@id":"https:\/\/preprod.weasywyg.com\/fr\/2024\/06\/20\/compensation-du-bras\/#primaryimage"},"thumbnailUrl":"https:\/\/preprod.weasywyg.com\/wp-content\/uploads\/2026\/07\/IMG-250626-gotz-von-berlichingen.webp","articleSection":["Aides techniques"],"inLanguage":"fr-FR","potentialAction":[{"@type":"CommentAction","name":"Comment","target":["https:\/\/preprod.weasywyg.com\/fr\/2024\/06\/20\/compensation-du-bras\/#respond"]}]},{"@type":"WebPage","@id":"https:\/\/preprod.weasywyg.com\/fr\/2024\/06\/20\/compensation-du-bras\/","url":"https:\/\/preprod.weasywyg.com\/fr\/2024\/06\/20\/compensation-du-bras\/","name":"Comprendre la compensation du bras","isPartOf":{"@id":"https:\/\/preprod.weasywyg.com\/fr\/#website"},"primaryImageOfPage":{"@id":"https:\/\/preprod.weasywyg.com\/fr\/2024\/06\/20\/compensation-du-bras\/#primaryimage"},"image":{"@id":"https:\/\/preprod.weasywyg.com\/fr\/2024\/06\/20\/compensation-du-bras\/#primaryimage"},"thumbnailUrl":"https:\/\/preprod.weasywyg.com\/wp-content\/uploads\/2026\/07\/IMG-250626-gotz-von-berlichingen.webp","datePublished":"2024-06-20T14:40:19+00:00","dateModified":"2026-08-28T08:36:04+00:00","description":"D\u00e9couvrez comment les dispositifs facilitent la mobilit\u00e9 et l'ergonomie des membres sup\u00e9rieurs.","breadcrumb":{"@id":"https:\/\/preprod.weasywyg.com\/fr\/2024\/06\/20\/compensation-du-bras\/#breadcrumb"},"inLanguage":"fr-FR","potentialAction":[{"@type":"ReadAction","target":["https:\/\/preprod.weasywyg.com\/fr\/2024\/06\/20\/compensation-du-bras\/"]}]},{"@type":"ImageObject","inLanguage":"fr-FR","@id":"https:\/\/preprod.weasywyg.com\/fr\/2024\/06\/20\/compensation-du-bras\/#primaryimage","url":"https:\/\/preprod.weasywyg.com\/wp-content\/uploads\/2026\/07\/IMG-250626-gotz-von-berlichingen.webp","contentUrl":"https:\/\/preprod.weasywyg.com\/wp-content\/uploads\/2026\/07\/IMG-250626-gotz-von-berlichingen.webp","width":1080,"height":1350},{"@type":"BreadcrumbList","@id":"https:\/\/preprod.weasywyg.com\/fr\/2024\/06\/20\/compensation-du-bras\/#breadcrumb","itemListElement":[{"@type":"ListItem","position":1,"name":"Accueil","item":"https:\/\/preprod.weasywyg.com\/fr\/"},{"@type":"ListItem","position":2,"name":"Compensation du bras : technologies et solutions"}]},{"@type":"WebSite","@id":"https:\/\/preprod.weasywyg.com\/fr\/#website","url":"https:\/\/preprod.weasywyg.com\/fr\/","name":"Orthopus","description":"Handitech solutions for everyone","publisher":{"@id":"https:\/\/preprod.weasywyg.com\/fr\/#organization"},"potentialAction":[{"@type":"SearchAction","target":{"@type":"EntryPoint","urlTemplate":"https:\/\/preprod.weasywyg.com\/fr\/?s={search_term_string}"},"query-input":{"@type":"PropertyValueSpecification","valueRequired":true,"valueName":"search_term_string"}}],"inLanguage":"fr-FR"},{"@type":"Organization","@id":"https:\/\/preprod.weasywyg.com\/fr\/#organization","name":"Orthopus","url":"https:\/\/preprod.weasywyg.com\/fr\/","logo":{"@type":"ImageObject","inLanguage":"fr-FR","@id":"https:\/\/preprod.weasywyg.com\/fr\/#\/schema\/logo\/image\/","url":"https:\/\/preprod.weasywyg.com\/wp-content\/uploads\/2026\/05\/logo.svg","contentUrl":"https:\/\/preprod.weasywyg.com\/wp-content\/uploads\/2026\/05\/logo.svg","caption":"Orthopus"},"image":{"@id":"https:\/\/preprod.weasywyg.com\/fr\/#\/schema\/logo\/image\/"}},{"@type":"Person","@id":"https:\/\/preprod.weasywyg.com\/fr\/#\/schema\/person\/8b4382f5e6156ac0dec30415bb591535","name":"Pierre Murzeau","image":{"@type":"ImageObject","inLanguage":"fr-FR","@id":"https:\/\/secure.gravatar.com\/avatar\/9c3ed8fbf8227342dcec0e3c388c902ea09285b1b3c21e000bf3853a2729a85b?s=96&d=mm&r=g","url":"https:\/\/secure.gravatar.com\/avatar\/9c3ed8fbf8227342dcec0e3c388c902ea09285b1b3c21e000bf3853a2729a85b?s=96&d=mm&r=g","contentUrl":"https:\/\/secure.gravatar.com\/avatar\/9c3ed8fbf8227342dcec0e3c388c902ea09285b1b3c21e000bf3853a2729a85b?s=96&d=mm&r=g","caption":"Pierre Murzeau"},"url":"https:\/\/preprod.weasywyg.com\/fr\/author\/orthopus-pierre-26\/"}]}},"taxonomy_info":{"category":[{"value":104,"label":"Aides techniques"}]},"featured_image_src_large":["https:\/\/preprod.weasywyg.com\/wp-content\/uploads\/2026\/07\/IMG-250626-gotz-von-berlichingen-819x1024.webp",819,1024,true],"author_info":{"display_name":"Pierre Murzeau","author_link":"https:\/\/preprod.weasywyg.com\/fr\/author\/orthopus-pierre-26\/"},"comment_info":0,"category_info":[{"term_id":104,"name":"Aides techniques","slug":"aides-techniques","term_group":0,"term_taxonomy_id":104,"taxonomy":"category","description":"","parent":0,"count":21,"filter":"raw","cat_ID":104,"category_count":21,"category_description":"","cat_name":"Aides techniques","category_nicename":"aides-techniques","category_parent":0}],"tag_info":false,"_links":{"self":[{"href":"https:\/\/preprod.weasywyg.com\/fr\/wp-json\/wp\/v2\/posts\/19306","targetHints":{"allow":["GET"]}}],"collection":[{"href":"https:\/\/preprod.weasywyg.com\/fr\/wp-json\/wp\/v2\/posts"}],"about":[{"href":"https:\/\/preprod.weasywyg.com\/fr\/wp-json\/wp\/v2\/types\/post"}],"author":[{"embeddable":true,"href":"https:\/\/preprod.weasywyg.com\/fr\/wp-json\/wp\/v2\/users\/3"}],"replies":[{"embeddable":true,"href":"https:\/\/preprod.weasywyg.com\/fr\/wp-json\/wp\/v2\/comments?post=19306"}],"version-history":[{"count":7,"href":"https:\/\/preprod.weasywyg.com\/fr\/wp-json\/wp\/v2\/posts\/19306\/revisions"}],"predecessor-version":[{"id":20642,"href":"https:\/\/preprod.weasywyg.com\/fr\/wp-json\/wp\/v2\/posts\/19306\/revisions\/20642"}],"wp:featuredmedia":[{"embeddable":true,"href":"https:\/\/preprod.weasywyg.com\/fr\/wp-json\/wp\/v2\/media\/19308"}],"wp:attachment":[{"href":"https:\/\/preprod.weasywyg.com\/fr\/wp-json\/wp\/v2\/media?parent=19306"}],"wp:term":[{"taxonomy":"category","embeddable":true,"href":"https:\/\/preprod.weasywyg.com\/fr\/wp-json\/wp\/v2\/categories?post=19306"},{"taxonomy":"post_tag","embeddable":true,"href":"https:\/\/preprod.weasywyg.com\/fr\/wp-json\/wp\/v2\/tags?post=19306"}],"curies":[{"name":"wp","href":"https:\/\/api.w.org\/{rel}","templated":true}]}}