{"id":19311,"date":"2024-11-25T16:53:38","date_gmt":"2024-11-25T15:53:38","guid":{"rendered":"https:\/\/preprod.weasywyg.com\/?p=19311"},"modified":"2026-07-20T17:11:55","modified_gmt":"2026-07-20T15:11:55","slug":"aidant-familial-et-allocation-chomage","status":"publish","type":"post","link":"https:\/\/preprod.weasywyg.com\/fr\/2024\/11\/25\/aidant-familial-et-allocation-chomage\/","title":{"rendered":"Aidant familial et allocation ch\u00f4mage : ce qu\u2019il faut absolument savoir"},"content":{"rendered":"\n<p class=\"wp-block-paragraph\"><em>\u201cAh mais je connais cette musique ! C\u2019est quand tu es en attente quand tu appelles les Assedic : \u00ab Dur\u00e9e d\u2019attente de 2 ans \u00bb\u201d<\/em>. Si ces r\u00e9pliques vous sont famili\u00e8res, c\u2019est sans doute que vous avez vu\u00a0<a href=\"https:\/\/youtu.be\/EsaX5kltRcA?si=ZYdXYDYy6MbF84Vg\" target=\"_blank\" rel=\"noreferrer noopener\">Intouchables<\/a>\u00a0(2011), r\u00e9alis\u00e9 par Olivier Nakache et \u00c9ric Toledano.<\/p>\n\n\n\n<p class=\"wp-block-paragraph\">Ce film culte raconte avec humour et tendresse la rencontre improbable entre Philippe et Driss. D\u2019un c\u00f4t\u00e9 un homme riche et t\u00e9trapl\u00e9gique et de l\u2019autre un jeune homme des quartiers embauch\u00e9 comme aide \u00e0 domicile.<\/p>\n\n\n\n<figure class=\"wp-block-image size-large\"><img loading=\"lazy\" decoding=\"async\" width=\"1024\" height=\"540\" src=\"https:\/\/preprod.weasywyg.com\/wp-content\/uploads\/2026\/07\/IMG-250703-Intouchables-1024x540.webp\" alt=\"Image du film intouchable\" class=\"wp-image-19312\" srcset=\"https:\/\/preprod.weasywyg.com\/wp-content\/uploads\/2026\/07\/IMG-250703-Intouchables-1024x540.webp 1024w, https:\/\/preprod.weasywyg.com\/wp-content\/uploads\/2026\/07\/IMG-250703-Intouchables-300x158.webp 300w, https:\/\/preprod.weasywyg.com\/wp-content\/uploads\/2026\/07\/IMG-250703-Intouchables-768x405.webp 768w, https:\/\/preprod.weasywyg.com\/wp-content\/uploads\/2026\/07\/IMG-250703-Intouchables-1536x810.webp 1536w, https:\/\/preprod.weasywyg.com\/wp-content\/uploads\/2026\/07\/IMG-250703-Intouchables.webp 1960w\" sizes=\"auto, (max-width: 1024px) 100vw, 1024px\" \/><figcaption class=\"wp-element-caption\">Image extraite du film Intouchables (2011), r\u00e9alis\u00e9 par Olivier Nakache et \u00c9ric Toledano.<\/figcaption><\/figure>\n\n\n\n<p class=\"wp-block-paragraph\">De nos jours,\u00a0<a href=\"https:\/\/www.carenews.com\/fondation-swiss-life\/news\/barometre-de-l-aidance-2024-les-grands-chiffres\" target=\"_blank\" rel=\"noreferrer noopener\">1 Fran\u00e7ais\u2022e sur 4 est aidant\u2022e<\/a>. Un quart de la population s\u2019occupe r\u00e9guli\u00e8rement d\u2019un\u2022e proche qui vit avec une maladie, un handicap ou une perte d\u2019autonomie. Derri\u00e8re ce chiffre se cachent des r\u00e9alit\u00e9s souvent invisibles : \u00e9puisement mental, isolement social, difficult\u00e9s financi\u00e8res, pr\u00e9carit\u00e9 professionnelle. Entre le burn-out, la charge \u00e9motionnelle et la complexit\u00e9 des d\u00e9marches administratives, il devient presque impossible de concilier emploi \u00e0 temps plein et r\u00f4le d\u2019aidant\u2022e.\u00a0<\/p>\n\n\n\n<p class=\"wp-block-paragraph\">Pour r\u00e9pondre \u00e0 cette tension, l\u2019\u00c9tat a cr\u00e9\u00e9 plusieurs dispositifs d\u2019aide : cong\u00e9 proche aidant, AJPA, aides sociales\u2026 Mais que se passe-t-il lorsqu\u2019un aidant est aussi en situation de ch\u00f4mage ? Peut-on cumuler aidant familial et allocation ch\u00f4mage ? Sous quelles conditions ? \u00c0 quoi a-t-on droit ? Notre guide vous accompagne pour y voir plus clair sur le cumul entre r\u00f4le d\u2019aidant et allocation ch\u00f4mage.<\/p>\n\n\n\n<h2 class=\"wp-block-heading\">Comprendre le statut d\u2019aidant familial et les enjeux de l\u2019inactivit\u00e9 professionnelle<\/h2>\n\n\n\n<h3 class=\"wp-block-heading\">Qui est consid\u00e9r\u00e9 comme aidant familial aujourd\u2019hui ?<\/h3>\n\n\n\n<blockquote class=\"wp-block-quote is-layout-flow wp-block-quote-is-layout-flow\">\n<p class=\"wp-block-paragraph\">Un aidant ou une aidante familial c\u2019est quelqu\u2019un qui prend soin d\u2019un proche tout simplement. Sans forc\u00e9ment l\u2019avoir choisi, il ou elle se rend disponible pour accompagner un parent \u00e2g\u00e9, un enfant malade, un conjoint en situation de handicap. Il cuisine, il rassure, il conduit aux rendez-vous, il organise le quotidien. Parfois, il le fait en plus de son travail, parfois \u00e0 la place. C\u2019est un r\u00f4le plein d\u2019amour, de fatigue aussi, souvent invisible\u2026 mais profond\u00e9ment humain.<\/p>\n<\/blockquote>\n\n\n\n<p class=\"wp-block-paragraph\">Son statut juridique est reconnu par la loi dans le\u00a0<a href=\"https:\/\/www.legifrance.gouv.fr\/codes\/texte_lc\/LEGITEXT000006074069\/\" target=\"_blank\" rel=\"noreferrer noopener\">Code de l\u2019action sociale et des familles<\/a>\u00a0: \u201cEst consid\u00e9r\u00e9 comme un aidant familial, le conjoint, le concubin, la personne avec laquelle le b\u00e9n\u00e9ficiaire a conclu un pacte civil de solidarit\u00e9, l\u2019ascendant, le descendant ou le collat\u00e9ral jusqu\u2019au quatri\u00e8me degr\u00e9 du b\u00e9n\u00e9ficiaire, ou l\u2019ascendant, le descendant ou le collat\u00e9ral jusqu\u2019au quatri\u00e8me degr\u00e9 de l\u2019autre membre du couple qui apporte l\u2019aide humaine et qui n\u2019est pas salari\u00e9 pour cette aide\u201d.<\/p>\n\n\n\n<p class=\"wp-block-paragraph\">En France, ils sont\u00a0<a href=\"https:\/\/drees.solidarites-sante.gouv.fr\/publications\/etudes-et-resultats\/93-millions-de-personnes-declarent-apporter-une-aide-reguliere-un\" target=\"_blank\" rel=\"noreferrer noopener\">9,3 millions<\/a>\u00a0en 2023 \u00e0 d\u00e9clarer apporter une aide r\u00e9guli\u00e8re \u00e0 un proche en perte d\u2019autonomie ou handicap\u00e9.\u00a0<a href=\"https:\/\/drees.solidarites-sante.gouv.fr\/sites\/default\/files\/2023-02\/InfographieProchesAidantsMAJ.pdf\" target=\"_blank\" rel=\"noreferrer noopener\">56% des aidants sont des femmes contre 44% d\u2019hommes<\/a>\u00a0dans ce domaine.\u00a0<\/p>\n\n\n<div class=\"orthopus-poulpe-tip wp-block-orthopus-poulpe-tip\">\n\t\t<div class=\"poulpe-tip__icon\" aria-hidden=\"true\">\n\t\t<span class=\"poulpe-tip__icon-placeholder\">\ud83d\udc19<\/span>\n\t<\/div>\n\n\t<div class=\"poulpe-tip__content\">\n\t\t\t\t\t<p class=\"poulpe-tip__title\"><strong>Point vocab\u2019 du poulpe<\/strong><\/p>\n\t\t\t\t\t\t\t<p class=\"poulpe-tip__body\">Si vous avez d\u00e9j\u00e0 entendu les termes \u201cproches aidants\u201d ou \u201caidants naturels\u201d, ils d\u00e9signent la m\u00eame attribution qu\u2019aidant familial. De nos jours il n\u2019y a pas de diff\u00e9rence juridique, ce sont simplement des variantes d\u2019une m\u00eame signification.<\/p>\n\t\t\t<\/div>\n<\/div>\n\n\n\n<p class=\"wp-block-paragraph\">Parmi les aidants familiaux, il existe plusieurs statuts diff\u00e9rents : salari\u00e9s, d\u00e9dommag\u00e9s et b\u00e9n\u00e9voles.<\/p>\n\n\n\n<ul class=\"wp-block-list\">\n<li><strong>Les aidants familiaux salari\u00e9s<\/strong>&nbsp;entretiennent une relation d\u2019employeur \u00e0 salari\u00e9 avec la personne qu\u2019ils aident. Ils sont li\u00e9s par un contrat de travail avec un salaire qui tombe \u00e0 chaque fin de mois et les r\u00e9glementations qui vont avec (horaires d\u00e9finies, assurance maladie, etc.).<br><\/li>\n\n\n\n<li><a href=\"https:\/\/orthopus.com\/fr\/aidant\/dedommagement-aidant-familial-non-salarie\/dedommagement-aidant-familial-non-salarie\/\" target=\"_blank\" rel=\"noreferrer noopener\"><strong>Les aidants familiaux d\u00e9dommag\u00e9s<\/strong><\/a>\u00a0s\u2019occupent de leurs proches sans les limites d\u2019heures impos\u00e9es. Loin d\u2019\u00eatre b\u00e9n\u00e9voles, ils peuvent \u00eatre d\u00e9dommag\u00e9s, notamment via la\u00a0<a href=\"https:\/\/www.service-public.fr\/particuliers\/vosdroits\/F14202\" target=\"_blank\" rel=\"noreferrer noopener\">Prestation de Compensation du Handicap<\/a>. Ce qu\u2019ils per\u00e7oivent peut \u00eatre d\u00e9clar\u00e9s comme des b\u00e9n\u00e9fices non-commerciaux aux imp\u00f4ts.<br><\/li>\n\n\n\n<li><strong>Les aidants familiaux dits \u201cb\u00e9n\u00e9voles\u201d<\/strong>, accompagnent leurs proches sans \u00eatre r\u00e9mun\u00e9r\u00e9s pour le temps, l\u2019\u00e9nergie et l\u2019attention qu\u2019ils leur consacrent. Beaucoup ne se reconnaissent m\u00eame pas dans ce mot d\u2019\u201daidant\u201d : pour eux, ils font simplement ce qui leur semble normal. Et c\u2019est justement pour cela qu\u2019ils ne pensent pas toujours \u00e0 se renseigner sur les aides ou les droits auxquels ils pourraient avoir acc\u00e8s.<br><\/li>\n<\/ul>\n\n\n\n<figure class=\"wp-block-image size-large\"><img loading=\"lazy\" decoding=\"async\" width=\"1024\" height=\"554\" src=\"https:\/\/preprod.weasywyg.com\/wp-content\/uploads\/2026\/07\/SCH-250722-Proche-aidant-1-1024x554.webp\" alt=\"Statistiques  en France : 14,8% des personnes sont des proches aidants, soit 9,3 millions de personnes\" class=\"wp-image-19315\" srcset=\"https:\/\/preprod.weasywyg.com\/wp-content\/uploads\/2026\/07\/SCH-250722-Proche-aidant-1-1024x554.webp 1024w, https:\/\/preprod.weasywyg.com\/wp-content\/uploads\/2026\/07\/SCH-250722-Proche-aidant-1-300x162.webp 300w, https:\/\/preprod.weasywyg.com\/wp-content\/uploads\/2026\/07\/SCH-250722-Proche-aidant-1-768x415.webp 768w\" sizes=\"auto, (max-width: 1024px) 100vw, 1024px\" \/><\/figure>\n\n\n\n<h3 class=\"wp-block-heading\">\u00catre sans emploi et aidant : une double vuln\u00e9rabilit\u00e9 souvent invisible<\/h3>\n\n\n\n<p class=\"wp-block-paragraph\">L\u2019accompagnement d\u2019un proche en situation de d\u00e9pendance ou de maladie est un acte profond\u00e9ment humain. Toutefois, cette solidarit\u00e9 familiale, souvent indispensable, a des r\u00e9percussions significatives sur l\u2019employabilit\u00e9, le maintien dans l\u2019emploi, et l\u2019acc\u00e8s aux droits sociaux. De nombreux aidants familiaux sont\u00a0<a href=\"https:\/\/orthopus.com\/fr\/aidant\/amenagement-temps-de-travail-aidant-familial\/\" target=\"_blank\" rel=\"noreferrer noopener\">contraints de r\u00e9duire leur temps de travail<\/a>\u00a0ou de quitter leur emploi pour s\u2019occuper d\u2019un parent \u00e2g\u00e9, d\u2019un\u2022e conjoint\u2022e ou d\u2019un enfant en situation de handicap. Mettre sa carri\u00e8re entre parenth\u00e8ses pour aider un\u2022e proche, c\u2019est un choix fort, mais il peut malheureusement avoir des cons\u00e9quences. Avec le temps, il devient parfois plus difficile de retrouver sa place sur le march\u00e9 du travail.<\/p>\n\n\n\n<p class=\"wp-block-paragraph\">Malgr\u00e9 des comp\u00e9tences inchang\u00e9es, cette pause peut \u00eatre mal vue par certains employeurs ce qui complique le retour \u00e0 l\u2019emploi. Aujourd\u2019hui, beaucoup de personnes se retrouvent face \u00e0 un vrai dilemme : faut-il aider un\u2022e proche ou pr\u00e9server son travail et sa stabilit\u00e9 financi\u00e8re ? Ce choix, souvent subi plus que choisi, montre que le r\u00f4le des aidant\u2022es reste encore peu reconnu. M\u00eame si des progr\u00e8s ont \u00e9t\u00e9 faits ces derni\u00e8res ann\u00e9es, les soutiens de l\u2019\u00c9tat restent trop limit\u00e9s. Et sans accompagnement adapt\u00e9, ce sont souvent les plus fragiles qui en paient le prix.<\/p>\n\n\n\n<h2 class=\"wp-block-heading\">AJPA vs allocation ch\u00f4mage : deux dispositifs incompatibles mais compl\u00e9mentaires<\/h2>\n\n\n\n<h3 class=\"wp-block-heading\">AJPA et allocation ch\u00f4mage : une incompatibilit\u00e9 stricte encadr\u00e9e par la loi<\/h3>\n\n\n\n<p class=\"wp-block-paragraph\">Le cong\u00e9 de proche aidant est un dispositif l\u00e9gal en France qui permet \u00e0 un\u2022e salari\u00e9\u2022e \u2013 ou un\u2022e agent\u2022e du public \u2013 de s\u2019absenter temporairement de son emploi pour s\u2019occuper d\u2019un\u2022e proche en perte d\u2019autonomie ou en situation de handicap. Ce cong\u00e9 vise \u00e0 concilier vie professionnelle et r\u00f4le d\u2019aidant familial, dans un cadre s\u00e9curis\u00e9. Il est non r\u00e9mun\u00e9r\u00e9 mais ouvre droit \u00e0 l\u2019AJPA (Aide journali\u00e8re du proche aidant) qui d\u00e9dommage d\u00e8s le 1er janvier 2025 de :\u00a0<a href=\"https:\/\/www.caf.fr\/allocataires\/aides-et-demarches\/droits-et-prestations\/handicap\/l-allocation-journaliere-du-proche-aidant-ajpa\" target=\"_blank\" rel=\"noreferrer noopener\">65,80 \u20ac par journ\u00e9e et 32,90 \u20ac par demi-journ\u00e9e<\/a>.<\/p>\n\n\n\n<p class=\"wp-block-paragraph\"><strong>Afin d\u2019\u00eatre \u00e9ligible \u00e0 l\u2019Aide journali\u00e8re du proche aidant, vous devez :<\/strong><\/p>\n\n\n\n<ul class=\"wp-block-list\">\n<li>\u00catre salari\u00e9\u2022e, fonctionnaire ou en recherche d\u2019emploi indemnis\u00e9 et avoir pr\u00e9alablement demand\u00e9 un cong\u00e9 de proche aidant \u00e0 votre employeur ou \u00e0 l\u2019organisme dont vous d\u00e9pendez.<\/li>\n\n\n\n<li>Entretenir un lien \u00e9troit et stable avec la personne aid\u00e9e.<\/li>\n\n\n\n<li>Apporter une aide \u00e0 titre non professionnel pour accomplir tout ou une partie des actes de la vie quotidienne.<\/li>\n\n\n\n<li>Justifier que la personne aid\u00e9e a un taux d\u2019incapacit\u00e9 d\u2019au moins 80% reconnu par la\u00a0<a href=\"https:\/\/mdphenligne.cnsa.fr\/\" target=\"_blank\" rel=\"noreferrer noopener\">MDPH<\/a>\u00a0(Maison D\u00e9partementale des Personnes Handicap\u00e9es) ou une perte d\u2019autonomie \u00e9valu\u00e9e en\u00a0<a href=\"https:\/\/www.service-public.fr\/particuliers\/vosdroits\/F1229\" target=\"_blank\" rel=\"noreferrer noopener\">GIR 1, 2, 3 et 4<\/a>.<\/li>\n<\/ul>\n\n\n\n<p class=\"wp-block-paragraph\">Si vous \u00eates au ch\u00f4mage et que vous \u00eates indemnis\u00e9\u2022e pour votre perte d\u2019emploi (ARE \u2013 Aide au Retour \u00e0 l\u2019Emploi), vous pouvez toucher l\u2019<a href=\"https:\/\/www.pour-les-personnes-agees.gouv.fr\/solutions-pour-les-aidants\/soutien-financier\/l-allocation-journaliere-du-proche-aidant-qu-est-ce-que-c-est\" target=\"_blank\" rel=\"noreferrer noopener\">AJPA<\/a>. Cependant vous ne pouvez pas cumuler l\u2019un et l\u2019autre. Il faudra avertir\u00a0<a href=\"https:\/\/www.francetravail.fr\/accueil\/\" target=\"_blank\" rel=\"noreferrer noopener\">France Travail<\/a>\u00a0si vous souhaitez toucher l\u2019AJPA pour stopper les indemnit\u00e9s mensuelles pour la dur\u00e9e de votre cong\u00e9 proche aidant.<\/p>\n\n\n\n<figure class=\"wp-block-table\"><table class=\"has-fixed-layout\"><tbody><tr><td><strong>Crit\u00e8res<\/strong><\/td><td><a href=\"https:\/\/www.pour-les-personnes-agees.gouv.fr\/solutions-pour-les-aidants\/soutien-financier\/l-allocation-journaliere-du-proche-aidant-qu-est-ce-que-c-est\" target=\"_blank\" rel=\"noreferrer noopener\"><strong>AJPA (Allocation Journali\u00e8re du Proche Aidant)<\/strong><\/a><\/td><td><a href=\"https:\/\/www.service-public.fr\/particuliers\/vosdroits\/N178\" target=\"_blank\" rel=\"noreferrer noopener\"><strong>ARE (Allocation de Retour \u00e0 l\u2019Emploi)<\/strong><\/a><\/td><\/tr><tr><td><strong>Objectif<\/strong><\/td><td>Soutenir un\u2022e proche en perte d\u2019autonomie ou handicap\u00e9<\/td><td>Compenser la perte de revenu li\u00e9e au ch\u00f4mage<\/td><\/tr><tr><td><strong>Public concern\u00e9<\/strong><\/td><td>Aidants familiaux (salari\u00e9\u2022es, ind\u00e9pendant\u2022es, demandeur\u2022euses d\u2019emploi)<\/td><td>Personnes priv\u00e9es d\u2019emploi<\/td><\/tr><tr><td><strong>Montant journalier (2025)<\/strong><\/td><td>65,80 \u20ac par journ\u00e9e et 32,90 \u20ac par demi-journ\u00e9e<\/td><td>Variable selon ancien salaire (57 \u00e0 70 % du brut)<\/td><\/tr><tr><td><strong>Dur\u00e9e maximale<\/strong><\/td><td><strong>66 jours<\/strong>&nbsp;sur l\u2019ensemble de la carri\u00e8re par personne aid\u00e9e<\/td><td>Jusqu\u2019\u00e0&nbsp;<strong>548 jours calendaires<\/strong>&nbsp;depuis le 1er versement<\/td><\/tr><tr><td><strong>Conditions d\u2019\u00e9ligibilit\u00e9<\/strong><\/td><td>&#8211; Justifier d\u2019un lien avec le proche aid\u00e9<br>&#8211; Aider r\u00e9guli\u00e8rement et \u00eatre indispensable au proche aid\u00e9<br>&#8211; R\u00e9sider en France<\/td><td>\u00catre inscrit\u2022e \u00e0 France Travail<\/td><\/tr><tr><td><strong>Cumulable avec un emploi ?<\/strong><\/td><td>Oui, si votre cong\u00e9 de proche aidant s\u2019effectue de mani\u00e8re partielle<\/td><td>Non<\/td><\/tr><\/tbody><\/table><\/figure>\n\n\n\n<h3 class=\"wp-block-heading\">Comment d\u00e9clarer une p\u00e9riode AJPA \u00e0 France Travail et \u00e0 la CAF ?<\/h3>\n\n\n\n<p class=\"wp-block-paragraph\">Lorsque vous touchez l\u2019allocation de retour \u00e0 l\u2019emploi et que vous souhaitez toucher l\u2019allocation journali\u00e8re du proche aidant, vous devez obligatoirement en informer France Travail par t\u00e9l\u00e9phone, par voie postale ou par email.<\/p>\n\n\n<div class=\"orthopus-poulpe-tip wp-block-orthopus-poulpe-tip\">\n\t\t<div class=\"poulpe-tip__icon\" aria-hidden=\"true\">\n\t\t<span class=\"poulpe-tip__icon-placeholder\">\ud83d\udc19<\/span>\n\t<\/div>\n\n\t<div class=\"poulpe-tip__content\">\n\t\t\t\t\t<p class=\"poulpe-tip__title\"><strong>Le coup de pouce du poulpe : contacter France Travail<\/strong><\/p>\n\t\t\t\t\t\t\t<p class=\"poulpe-tip__body\"><strong>Centre d\u2019appel France Travail :<\/strong>\u00a039 49 \u260e\ufe0f<br><strong>Trouver le mail de votre conseiller\u2022\u00e8re :<\/strong>\u00a0pour pouvoir envoyer un mail \ud83d\udc8c \u00e0 votre conseiller\u2022\u00e8re France Travail, il vous faudra :<br><br>1- Vous connectez \u00e0 votre espace personnel France Travail<br>2- Allez dans votre espace personnel \u00e0 la rubrique \u201cMes dossier demandeur d\u2019emploi\u201d<br>3- Cliquez sur l\u2019encadr\u00e9 \u201cMes \u00e9changes avec France Travail\u201d<br>4- Puis cliquez sur \u201cMes contacts en agence\u201d<br>5- Le nom et l\u2019adresse email de votre conseiller\u2022\u00e8re s\u2019affichent ensuite<br>6- Pour signaler un arr\u00eat de l\u2019allocation de retour \u00e0 l\u2019emploi \u00e0 l\u2019emploi, r\u00e9f\u00e9rez vous \u00e0 votre \u201cconseiller indemnisation\u201d.<\/p>\n\t\t\t<\/div>\n<\/div>\n\n\n\n<h3 class=\"wp-block-heading\">Ce que vous perdez&#8230; et ce que vous gagnez avec l\u2019AJPA<\/h3>\n\n\n\n<p class=\"wp-block-paragraph\">Si vous \u00eates demandeur\u2022euse d\u2019emploi et que vous touchez l\u2019AJPA, il est essentiel de comprendre que cette aide n\u2019est pas un revenu compl\u00e9mentaire, mais un substitut temporaire \u00e0 l\u2019Allocation de retour \u00e0 l\u2019emploi (ARE). Elle permet de&nbsp;<strong>soutenir un\u2022e proche en situation de d\u00e9pendance et de conserver ses droits<\/strong>, mais elle s\u2019accompagne de certains ajustements \u00e0 conna\u00eetre.<\/p>\n\n\n\n<p class=\"wp-block-paragraph\">L\u2019un des principaux impacts de l\u2019AJPA est la suspension de vos jours d\u2019indemnisation ARE pour chaque jour o\u00f9 vous percevez cette allocation. Concr\u00e8tement : chaque jour d\u2019AJPA d\u00e9clar\u00e9 est \u00e9gal \u00e0 un jour non indemnis\u00e9 au titre du ch\u00f4mage. Toutefois, ces jours ne sont pas perdus : ils sont simplement report\u00e9s \u00e0 la fin de votre p\u00e9riode de droits. Votre dur\u00e9e totale d\u2019indemnisation reste inchang\u00e9e.<\/p>\n\n\n\n<p class=\"wp-block-paragraph\">L\u2019AJPA est une allocation soumise \u00e0 l\u2019imp\u00f4t sur le revenu, au m\u00eame titre que l\u2019ARE. Cela signifie que vous devrez la d\u00e9clarer aux imp\u00f4ts dans votre d\u00e9claration annuelle. Elle entre dans le calcul du revenu fiscal de r\u00e9f\u00e9rence, ce qui peut impacter vos droits \u00e0 certaines aides (prime d\u2019activit\u00e9, APL, etc.). Conservez bien les relev\u00e9s\u00a0<a href=\"https:\/\/caf.fr\/\" target=\"_blank\" rel=\"noreferrer noopener\">CAF<\/a>\u00a0ou\u00a0<a href=\"https:\/\/www.msa.fr\/lfp\" target=\"_blank\" rel=\"noreferrer noopener\">MSA<\/a>\u00a0indiquant les montants vers\u00e9s car ils seront utiles pour votre d\u00e9claration fiscale. C\u2019est avant tout une mesure de soutien ponctuelle qui vous permet de vous consacrer \u00e0 votre r\u00f4le d\u2019aidant sans perdre vos droits \u00e0 long terme. Mais elle exige une bonne coordination avec\u00a0<a href=\"https:\/\/www.francetravail.fr\/accueil\/\" target=\"_blank\" rel=\"noreferrer noopener\">France Travail<\/a>\u00a0et la CAF, une vigilance fiscale, et une compr\u00e9hension claire de ce que vous touchez et de ce que vous suspendez.<\/p>\n\n\n\n<h2 class=\"wp-block-heading\">Les alternatives l\u00e9gales et sociales quand on veut aider un proche tout en restant actif<\/h2>\n\n\n\n<h3 class=\"wp-block-heading\">D\u00e9dommagement PCH et allocation ch\u00f4mage : un cumul autoris\u00e9 sous conditions<\/h3>\n\n\n\n<p class=\"wp-block-paragraph\">Contrairement \u00e0 l\u2019<a href=\"https:\/\/www.pour-les-personnes-agees.gouv.fr\/solutions-pour-les-aidants\/soutien-financier\/l-allocation-journaliere-du-proche-aidant-qu-est-ce-que-c-est\" target=\"_blank\" rel=\"noreferrer noopener\">Allocation journali\u00e8re du proche aidant<\/a>, le\u00a0<a href=\"https:\/\/orthopus.com\/fr\/aidant\/dedommagement-aidant-familial-non-salarie\/dedommagement-aidant-familial-non-salarie\/\" target=\"_blank\" rel=\"noreferrer noopener\"><strong>d\u00e9dommagement<\/strong>\u00a0<\/a>via la\u00a0<a href=\"https:\/\/www.monparcourshandicap.gouv.fr\/aides\/la-prestation-de-compensation-du-handicap-pch\" target=\"_blank\" rel=\"noreferrer noopener\">Prestation de Compensation du Handicap<\/a>\u00a0(PCH) n\u2019est pas consid\u00e9r\u00e9e comme un revenu salarial. Ce n\u2019est pas une activit\u00e9 professionnelle et elle est exon\u00e9r\u00e9e de cotisations. Si vous voulez donc cumuler aidant familial et allocation ch\u00f4mage, cela semble \u00eatre l\u2019aide la plus prometteuse pour vous.<\/p>\n\n\n\n<p class=\"wp-block-paragraph\"><strong>La\u00a0<a href=\"https:\/\/orthopus.com\/fr\/dossier-mdph\/cumul-pch-aidant-familial-et-retraite\/\" target=\"_blank\" rel=\"noreferrer noopener\">PCH<\/a>\u00a0n\u2019est obtenue que sous certaines conditions d\u2019\u00e9ligibilit\u00e9 et que des pr\u00e9cautions sont \u00e0 prendre pendant la dur\u00e9e o\u00f9 elle est per\u00e7ue.<\/strong><\/p>\n\n\n\n<div data-wp-context=\"{ &quot;autoclose&quot;: false, &quot;accordionItems&quot;: [] }\" data-wp-interactive=\"core\/accordion\" role=\"group\" class=\"wp-block-accordion is-layout-flow wp-block-accordion-is-layout-flow\">\n<div data-wp-class--is-open=\"state.isOpen\" data-wp-context=\"{ &quot;id&quot;: &quot;accordion-item-1&quot;, &quot;openByDefault&quot;: false }\" data-wp-init=\"callbacks.initAccordionItems\" data-wp-on-window--hashchange=\"callbacks.hashChange\" class=\"wp-block-accordion-item is-layout-flow wp-block-accordion-item-is-layout-flow\">\n<h3 class=\"wp-block-accordion-heading\"><button aria-expanded=\"false\" aria-controls=\"accordion-item-1-panel\" data-wp-bind--aria-expanded=\"state.isOpen\" data-wp-on--click=\"actions.toggle\" id=\"accordion-item-1\" type=\"button\" class=\"wp-block-accordion-heading__toggle\"><span class=\"wp-block-accordion-heading__toggle-title\"><a>Conditions d\u2019\u00e9ligibilit\u00e9 \u00e0 la PCH<\/a><\/span><span class=\"wp-block-accordion-heading__toggle-icon\" aria-hidden=\"true\">+<\/span><\/button><\/h3>\n\n\n\n<div aria-labelledby=\"accordion-item-1\" data-wp-bind--hidden=\"state.isHidden\" data-wp-on--beforematch=\"actions.handleBeforeMatch\" id=\"accordion-item-1-panel\" role=\"region\" class=\"wp-block-accordion-panel is-layout-flow wp-block-accordion-panel-is-layout-flow\">\n<p class=\"wp-block-paragraph\">La personne aid\u00e9e doit :<\/p>\n\n\n\n<ul class=\"wp-block-list\">\n<li>\u00catre en situation de handicap (perte d\u2019autonomie durable)<\/li>\n\n\n\n<li>R\u00e9sider en France de fa\u00e7on stable<\/li>\n\n\n\n<li>\u00catre \u00e2g\u00e9e de moins de 60 ans au moment de la demande initiale (d\u00e9rogations possibles)<\/li>\n<\/ul>\n\n\n\n<p class=\"wp-block-paragraph\">Le besoin d\u2019aide doit \u00eatre r\u00e9gulier pour les actes essentiels de la vie (toilette, repas, d\u00e9placements, etc.)<\/p>\n<\/div>\n<\/div>\n\n\n\n<div data-wp-class--is-open=\"state.isOpen\" data-wp-context=\"{ &quot;id&quot;: &quot;accordion-item-2&quot;, &quot;openByDefault&quot;: false }\" data-wp-init=\"callbacks.initAccordionItems\" data-wp-on-window--hashchange=\"callbacks.hashChange\" class=\"wp-block-accordion-item is-layout-flow wp-block-accordion-item-is-layout-flow\">\n<h3 class=\"wp-block-accordion-heading\"><button aria-expanded=\"false\" aria-controls=\"accordion-item-2-panel\" data-wp-bind--aria-expanded=\"state.isOpen\" data-wp-on--click=\"actions.toggle\" id=\"accordion-item-2\" type=\"button\" class=\"wp-block-accordion-heading__toggle\"><span class=\"wp-block-accordion-heading__toggle-title\"><a><a>Demander la PCH<\/a><\/a><\/span><span class=\"wp-block-accordion-heading__toggle-icon\" aria-hidden=\"true\">+<\/span><\/button><\/h3>\n\n\n\n<div aria-labelledby=\"accordion-item-2\" data-wp-bind--hidden=\"state.isHidden\" data-wp-on--beforematch=\"actions.handleBeforeMatch\" id=\"accordion-item-2-panel\" role=\"region\" class=\"wp-block-accordion-panel is-layout-flow wp-block-accordion-panel-is-layout-flow\">\n<ul class=\"wp-block-list\">\n<li>Faire une\u00a0<a href=\"https:\/\/orthopus.com\/fr\/dossier-mdph\/ouverture-droits-mdph-dossier-en-ligne\/\" target=\"_blank\" rel=\"noreferrer noopener\">demande aupr\u00e8s de la MDPH<\/a>\u00a0(Maison D\u00e9partementale des Personnes Handicap\u00e9es)<\/li>\n\n\n\n<li>Joindre : certificat m\u00e9dical de moins de 6 mois, justificatifs d\u2019identit\u00e9 et de domicile<\/li>\n\n\n\n<li>Remplir le formulaire\u00a0<a href=\"https:\/\/www.formulaires.service-public.fr\/gf\/cerfa_15692.do\" target=\"_blank\" rel=\"noreferrer noopener\">Cerfa n\u00b015692*01<\/a>\u00a0(dossier MDPH)<\/li>\n<\/ul>\n<\/div>\n<\/div>\n\n\n\n<div data-wp-class--is-open=\"state.isOpen\" data-wp-context=\"{ &quot;id&quot;: &quot;accordion-item-3&quot;, &quot;openByDefault&quot;: false }\" data-wp-init=\"callbacks.initAccordionItems\" data-wp-on-window--hashchange=\"callbacks.hashChange\" class=\"wp-block-accordion-item is-layout-flow wp-block-accordion-item-is-layout-flow\">\n<h3 class=\"wp-block-accordion-heading\"><button aria-expanded=\"false\" aria-controls=\"accordion-item-3-panel\" data-wp-bind--aria-expanded=\"state.isOpen\" data-wp-on--click=\"actions.toggle\" id=\"accordion-item-3\" type=\"button\" class=\"wp-block-accordion-heading__toggle\"><span class=\"wp-block-accordion-heading__toggle-title\"><a><a><a>Pr\u00e9cautions \u00e0 prendre pendant la dur\u00e9e de d\u00e9dommagement<\/a><\/a><\/a><\/span><span class=\"wp-block-accordion-heading__toggle-icon\" aria-hidden=\"true\">+<\/span><\/button><\/h3>\n\n\n\n<div aria-labelledby=\"accordion-item-3\" data-wp-bind--hidden=\"state.isHidden\" data-wp-on--beforematch=\"actions.handleBeforeMatch\" id=\"accordion-item-3-panel\" role=\"region\" class=\"wp-block-accordion-panel is-layout-flow wp-block-accordion-panel-is-layout-flow\">\n<ul class=\"wp-block-list\">\n<li>Ne pas signer de contrat de travail avec la personne aid\u00e9e (sinon ce ne sera plus un d\u00e9dommagement mais un salaire et vous serez soumis aux cotisations sociales).<\/li>\n\n\n\n<li>D\u00e9clarer le d\u00e9dommagement dans votre d\u00e9claration annuelle de ressources (m\u00eame s\u2019il est non imposable)<\/li>\n\n\n\n<li>Si vous percevez d\u2019autres aides (ARE, AJPA, etc.), signalez-le \u00e0 l\u2019administration concern\u00e9e pour \u00e9viter les trop-per\u00e7us<\/li>\n<\/ul>\n<\/div>\n<\/div>\n<\/div>\n\n\n\n<h3 class=\"wp-block-heading\">Les autres aides cumulables avec l\u2019allocation ch\u00f4mage<\/h3>\n\n\n\n<p class=\"wp-block-paragraph\">En tant que demandeur\u2022euse d\u2019emploi, il est possible de cumuler l\u2019allocation ch\u00f4mage (ARE) avec plusieurs aides compl\u00e9mentaires :<\/p>\n\n\n\n<ul class=\"wp-block-list\">\n<li>Aides au logement (APL, ALF, ALS) \u00e0 faire aupr\u00e8s de la\u00a0<a href=\"https:\/\/caf.fr\/\">CAF<\/a>.<br>\u27a1\ufe0f L\u2019<a href=\"https:\/\/www.service-public.fr\/particuliers\/vosdroits\/N178\" target=\"_blank\" rel=\"noreferrer noopener\">ARE<\/a>\u00a0et l\u2019<a href=\"https:\/\/www.service-public.fr\/particuliers\/vosdroits\/F12006\" target=\"_blank\" rel=\"noreferrer noopener\">Aide Personnalis\u00e9e au Logement<\/a>\u00a0(APL) sont tout \u00e0 fait cumulables. Le montant de l\u2019APL sera ajust\u00e9 en fonction de vos ressources, notamment votre ARE.<br>\u27a1\ufe0f L\u2019<a href=\"https:\/\/www.service-public.fr\/particuliers\/vosdroits\/F13132\" target=\"_blank\" rel=\"noreferrer noopener\">Allocation de Logement Familial<\/a>\u00a0(ALF) et L\u2019Allocation de logement social (ALS) poss\u00e8dent la m\u00eame logique de cumul, selon vos conditions de logement et la composition familiale.<br><\/li>\n\n\n\n<li>Allocations familiales \u00e0 demander aupr\u00e8s de la CAF<br><\/li>\n\n\n\n<li><a href=\"https:\/\/www.service-public.fr\/particuliers\/vosdroits\/N19775\" target=\"_blank\" rel=\"noreferrer noopener\">Revenu de Solidarit\u00e9 Active<\/a>\u00a0(RSA) \u00e0 demander \u00e0 la CAF dans la rubrique RSA de votre d\u00e9partement<br><\/li>\n\n\n\n<li>Aides des collectivit\u00e9s locales pour les aidant\u2022es \u00e0 demander aupr\u00e8s des organismes versataires.<\/li>\n<\/ul>\n\n\n\n<h2 class=\"wp-block-heading\">L\u2019aide peut-elle devenir un tremplin pour l\u2019emploi ?<\/h2>\n\n\n\n<p class=\"wp-block-paragraph\">\u00catre aidant familial peut se transformer en v\u00e9ritable\u00a0<a href=\"https:\/\/www.francetravail.fr\/candidat\/vos-recherches\/preparer-votre-candidature\/accompagne-dans-sa-recherche\/revenir-a-lemploi-apres-avoir-et.html\" target=\"_blank\" rel=\"noreferrer noopener\">tremplin professionnel<\/a>. Mais \u00e0 condition de valoriser cette exp\u00e9rience et de s\u2019appuyer sur des dispositifs d\u2019accompagnement vers la r\u00e9insertion dans le travail.<\/p>\n\n\n\n<p class=\"wp-block-paragraph\">Si vous avez \u00e9t\u00e9 aidant\u2022e, c\u2019est le moment de le montrer et de faire briller votre CV aupr\u00e8s des recruteurs !<\/p>\n\n\n\n<p class=\"wp-block-paragraph\">L\u2019organisation, le relationnel ou l\u2019adaptabilit\u00e9 sont des comp\u00e9tences recherch\u00e9es sur le march\u00e9 du travail. Vous pouvez alors habilement en faire un \u00e9talage gr\u00e2ce \u00e0 votre exp\u00e9rience. Si vous avez consacr\u00e9 une p\u00e9riode d\u2019inactivit\u00e9 professionnelle \u00e0 une cause noble comme celle-ci, ne cachez pas ces atouts.<\/p>\n\n\n<div class=\"orthopus-poulpe-tip wp-block-orthopus-poulpe-tip\">\n\t\t<div class=\"poulpe-tip__icon\" aria-hidden=\"true\">\n\t\t<span class=\"poulpe-tip__icon-placeholder\">\ud83d\udc19<\/span>\n\t<\/div>\n\n\t<div class=\"poulpe-tip__content\">\n\t\t\t\t\t<p class=\"poulpe-tip__title\"><strong>Le coup de pouce du poulpe : Les dispositifs d\u2019insertion \u00e0 l\u2019emploi pour les aidant\u2022es :<\/strong><\/p>\n\t\t\t\t\t\t\t<p class=\"poulpe-tip__body\">&#8211; <strong>Le programme Aidants &amp; Emploi par la fondation OCIRP :<\/strong>\u00a0<a href=\"https:\/\/www.fondation-ocirp.fr\/appels-a-projets\/projets-soutenus\/la-communaute-qui-reunit-les-proches-aidants-actifs-et-positifs\/\" target=\"_blank\" rel=\"noreferrer noopener\">https:\/\/www.fondation-ocirp.fr\/appels-a-projets\/projets-soutenus\/la-communaute-qui-reunit-les-proches-aidants-actifs-et-positifs\/<\/a><br>&#8211; <strong>Votre conseiller\u2022\u00e8re France Travail<\/strong>\u00a0(cf le dernier coup de pouce du poulpe pour le tutoriel)<\/p>\n\t\t\t<\/div>\n<\/div>\n\n\n\n<p class=\"wp-block-paragraph\">Le temps et l\u2019\u00e9nergie que vous avez consacr\u00e9s \u00e0 accompagner votre proche repr\u00e9sentent une vraie richesse, aussi bien dans votre vie personnelle que professionnelle. Vous avez d\u00e9velopp\u00e9 des comp\u00e9tences pr\u00e9cieuses, reconnues par de nombreuses entreprises. En plus, vous avez acquis un savoir-faire m\u00e9dical qui renforce votre profil !<\/p>\n\n\n\n<h2 class=\"wp-block-heading\">Foire aux questions sur les aidants familiaux et l\u2019allocation ch\u00f4mage<\/h2>\n\n\n\n<h3 class=\"wp-block-heading\">Peut-on cumuler le statut d\u2019aidant familial et les allocations ch\u00f4mage ?<\/h3>\n\n\n\n<p class=\"wp-block-paragraph\"><strong>Oui<\/strong>, vous pouvez cumuler le statut d\u2019aidant familial et les allocations ch\u00f4mage, \u00e0 condition :<\/p>\n\n\n\n<ul class=\"wp-block-list\">\n<li>D\u2019\u00eatre inscrit\u2022e \u00e0 France Travail.<\/li>\n\n\n\n<li>D\u2019\u00eatre disponible pour un emploi pendant les journ\u00e9es non consacr\u00e9es \u00e0 l\u2019aide. Votre statut d\u2019aidant\u2022e n\u2019est pas incompatible avec le ch\u00f4mage tant qu\u2019il n\u2019est pas \u201caidant familial salari\u00e9\u201d.<\/li>\n<\/ul>\n\n\n\n<h3 class=\"wp-block-heading\">Peut-on percevoir l\u2019AJPA en \u00e9tant au ch\u00f4mage ?<\/h3>\n\n\n\n<p class=\"wp-block-paragraph\">Oui, un\u2022e demandeur\u2022euse d\u2019emploi peut b\u00e9n\u00e9ficier de l\u2019Aide journali\u00e8re du proche aidant (AJPA), mais sous conditions :<\/p>\n\n\n\n<ul class=\"wp-block-list\">\n<li>Vous devez interrompre ou suspendre votre recherche d\u2019emploi et avertir France Travail.<\/li>\n\n\n\n<li>Vous devez d\u00e9clarer chaque jour d\u2019AJPA \u00e0 France Travail.<\/li>\n\n\n\n<li>L\u2019AJPA remplace temporairement l\u2019allocation ch\u00f4mage (ARE) : vos jours indemnis\u00e9s au titre de l\u2019AJPA suspendent les versements ARE mais ces jours ne sont pas perdus, ils sont simplement report\u00e9s \u00e0 la fin de votre indemnisation ARE.<\/li>\n<\/ul>\n\n\n\n<h3 class=\"wp-block-heading\">Quelles autres aides peuvent \u00eatre cumul\u00e9es avec l\u2019allocation ch\u00f4mage ?<\/h3>\n\n\n\n<p class=\"wp-block-paragraph\">En tant que demandeur\u2022euse d\u2019emploi, vous pouvez cumuler l\u2019<a href=\"https:\/\/www.service-public.fr\/particuliers\/vosdroits\/N178\" target=\"_blank\" rel=\"noreferrer noopener\">Allocation de retour \u00e0 l\u2019emploi<\/a>\u00a0(ARE) avec plusieurs aides sociales compl\u00e9mentaires, sous conditions de ressources :<\/p>\n\n\n\n<ul class=\"wp-block-list\">\n<li>Aides au logement (APL, ALF, ALS) \u2013 Ces aides, vers\u00e9es par la\u00a0<a href=\"https:\/\/caf.fr\/\">CAF<\/a>, sont compatibles avec l\u2019ARE.<br>\u27a1\ufe0f L\u2019<a href=\"https:\/\/www.service-public.fr\/particuliers\/vosdroits\/F12006\" target=\"_blank\" rel=\"noreferrer noopener\">Aide Personnalis\u00e9e au Logement<\/a>\u00a0(APL) est cumulable : son montant est simplement ajust\u00e9 en fonction de vos revenus, y compris l\u2019ARE.<br>\u27a1\ufe0f L\u2019<a href=\"https:\/\/www.service-public.fr\/particuliers\/vosdroits\/F13132\" target=\"_blank\" rel=\"noreferrer noopener\">Allocation de Logement Familial<\/a>\u00a0(ALF) et l\u2019<a href=\"https:\/\/www.service-public.fr\/particuliers\/vosdroits\/F1280\" target=\"_blank\" rel=\"noreferrer noopener\">Allocation de Logement Social<\/a>\u00a0(ALS) ob\u00e9issent \u00e0 la m\u00eame logique. Elles sont attribu\u00e9es selon votre situation familiale et les caract\u00e9ristiques de votre logement.<\/li>\n\n\n\n<li><a href=\"https:\/\/www.caf.fr\/allocataires\/aides-et-demarches\/droits-et-prestations\/vie-personnelle\/les-allocations-familiales-af\" target=\"_blank\" rel=\"noreferrer noopener\">Allocations familiales<\/a>\u00a0\u2013 Les prestations familiales de la CAF (allocations pour enfants, compl\u00e9ment familial, etc.) restent cumulables avec l\u2019ARE, sans restriction particuli\u00e8re.<\/li>\n\n\n\n<li><a href=\"https:\/\/www.service-public.fr\/particuliers\/vosdroits\/N19775\" target=\"_blank\" rel=\"noreferrer noopener\">Revenu de solidarit\u00e9 active<\/a>\u00a0(RSA)<br>\u27a1\ufe0f Le RSA peut \u00eatre vers\u00e9 en compl\u00e9ment de l\u2019ARE si vos revenus restent en dessous du plafond fix\u00e9 par la CAF et le conseil d\u00e9partemental. La demande se fait directement via la rubrique RSA de votre espace CAF.<\/li>\n\n\n\n<li>Aides des collectivit\u00e9s locales pour les aidant\u2022es<br>\u27a1\ufe0f Certaines communes ou d\u00e9partements proposent des aides sp\u00e9cifiques aux proches aidants : allocation ponctuelle, r\u00e9pit, services \u00e0 domicile. Ces dispositifs sont souvent compatibles avec l\u2019ARE, mais varient selon les territoires.<\/li>\n<\/ul>\n\n\n\n<p class=\"wp-block-paragraph\"><strong>Pour chaque aide, il est important de vous rapprocher des bons interlocuteurs :<\/strong><br>\u27a1\ufe0f CAF pour les aides nationales.<br>\u27a1\ufe0f Conseil d\u00e9partemental pour le RSA.<br>\u27a1\ufe0f Organismes versataires pour les aides des collectivit\u00e9s locales.<\/p>\n\n\n\n<h3 class=\"wp-block-heading\">Quelles sont les conditions pour b\u00e9n\u00e9ficier de l\u2019AJPA ?<\/h3>\n\n\n\n<div data-wp-context=\"{ &quot;autoclose&quot;: false, &quot;accordionItems&quot;: [] }\" data-wp-interactive=\"core\/accordion\" role=\"group\" class=\"wp-block-accordion is-layout-flow wp-block-accordion-is-layout-flow\">\n<div data-wp-class--is-open=\"state.isOpen\" data-wp-context=\"{ &quot;id&quot;: &quot;accordion-item-4&quot;, &quot;openByDefault&quot;: false }\" data-wp-init=\"callbacks.initAccordionItems\" data-wp-on-window--hashchange=\"callbacks.hashChange\" class=\"wp-block-accordion-item is-layout-flow wp-block-accordion-item-is-layout-flow\">\n<h3 class=\"wp-block-accordion-heading\"><button aria-expanded=\"false\" aria-controls=\"accordion-item-4-panel\" data-wp-bind--aria-expanded=\"state.isOpen\" data-wp-on--click=\"actions.toggle\" id=\"accordion-item-4\" type=\"button\" class=\"wp-block-accordion-heading__toggle\"><span class=\"wp-block-accordion-heading__toggle-title\"><a>Qui peut percevoir l&rsquo;AJPA ?<\/a><\/span><span class=\"wp-block-accordion-heading__toggle-icon\" aria-hidden=\"true\">+<\/span><\/button><\/h3>\n\n\n\n<div aria-labelledby=\"accordion-item-4\" data-wp-bind--hidden=\"state.isHidden\" data-wp-on--beforematch=\"actions.handleBeforeMatch\" id=\"accordion-item-4-panel\" role=\"region\" class=\"wp-block-accordion-panel is-layout-flow wp-block-accordion-panel-is-layout-flow\">\n<p class=\"wp-block-paragraph\">Les aidant\u2022es salari\u00e9\u2022es du priv\u00e9 ou du public.<\/p>\n\n\n\n<p class=\"wp-block-paragraph\">Les aidant\u2022es travailleur\u2022euses ind\u00e9pendant\u2022es<\/p>\n\n\n\n<p class=\"wp-block-paragraph\">Les aidant\u2022es demandeur\u2022eurses d\u2019emploi et stagiaires d\u2019une formation professionnelle r\u00e9mun\u00e9r\u00e9e<\/p>\n<\/div>\n<\/div>\n\n\n\n<div data-wp-class--is-open=\"state.isOpen\" data-wp-context=\"{ &quot;id&quot;: &quot;accordion-item-5&quot;, &quot;openByDefault&quot;: false }\" data-wp-init=\"callbacks.initAccordionItems\" data-wp-on-window--hashchange=\"callbacks.hashChange\" class=\"wp-block-accordion-item is-layout-flow wp-block-accordion-item-is-layout-flow\">\n<h3 class=\"wp-block-accordion-heading\"><button aria-expanded=\"false\" aria-controls=\"accordion-item-5-panel\" data-wp-bind--aria-expanded=\"state.isOpen\" data-wp-on--click=\"actions.toggle\" id=\"accordion-item-5\" type=\"button\" class=\"wp-block-accordion-heading__toggle\"><span class=\"wp-block-accordion-heading__toggle-title\"><a><a>Sous quelles conditions ?<\/a><\/a><\/span><span class=\"wp-block-accordion-heading__toggle-icon\" aria-hidden=\"true\">+<\/span><\/button><\/h3>\n\n\n\n<div aria-labelledby=\"accordion-item-5\" data-wp-bind--hidden=\"state.isHidden\" data-wp-on--beforematch=\"actions.handleBeforeMatch\" id=\"accordion-item-5-panel\" role=\"region\" class=\"wp-block-accordion-panel is-layout-flow wp-block-accordion-panel-is-layout-flow\">\n<p class=\"wp-block-paragraph\"><strong>L\u2019aidant\u2022e doit :<\/strong><\/p>\n\n\n\n<ul class=\"wp-block-list\">\n<li>R\u00e9sider en France.<\/li>\n\n\n\n<li>\u00catre salari\u00e9\u2022e\/ fonctionnaire et avoir demand\u00e9 un cong\u00e9 de proche aidant \u00e0 votre employeur.<\/li>\n\n\n\n<li>Avoir r\u00e9duit votre activit\u00e9 professionnelle.<\/li>\n\n\n\n<li>Avoir un lien \u00e9troit et stable avec la personne aid\u00e9e.<\/li>\n\n\n\n<li>Apporter votre aide \u00e0 titre non professionnel.<\/li>\n\n\n\n<li>Intervenir r\u00e9guli\u00e8rement aupr\u00e8s de l\u2019aid\u00e9\u2022e.<\/li>\n<\/ul>\n\n\n\n<p class=\"wp-block-paragraph\"><strong>L\u2019aid\u00e9\u2022e doit :<\/strong><br>\u00catre invalide ou b\u00e9n\u00e9ficiaire de rentes d\u2019accident du travail et de maladie professionnelle avec une majoration ou une prestation compl\u00e9mentaire de recours \u00e0 une tierce-personne.<\/p>\n\n\n\n<p class=\"wp-block-paragraph\">Soit :<br>\u27a1\ufe0f Avoir un taux d\u2019incapacit\u00e9 d\u2019au moins 80% (reconnu par la\u00a0<a href=\"https:\/\/mdphenligne.cnsa.fr\/\" target=\"_blank\" rel=\"noreferrer noopener\">MDPH<\/a>)<br>\u27a1\ufe0f Avoir une perte d\u2019autonomie correspondant \u00e0 un\u00a0<a href=\"https:\/\/www.service-public.fr\/particuliers\/vosdroits\/F1229\" target=\"_blank\" rel=\"noreferrer noopener\">GIR 1, 2, 3 ou 4<\/a>\u00a0et \u00eatre b\u00e9n\u00e9ficiaire de l\u2019allocation personnalis\u00e9e d\u2019autonomie (<a href=\"https:\/\/www.service-public.fr\/particuliers\/vosdroits\/F10009\" target=\"_blank\" rel=\"noreferrer noopener\">APA<\/a>)<\/p>\n<\/div>\n<\/div>\n\n\n\n<div data-wp-class--is-open=\"state.isOpen\" data-wp-context=\"{ &quot;id&quot;: &quot;accordion-item-6&quot;, &quot;openByDefault&quot;: false }\" data-wp-init=\"callbacks.initAccordionItems\" data-wp-on-window--hashchange=\"callbacks.hashChange\" class=\"wp-block-accordion-item is-layout-flow wp-block-accordion-item-is-layout-flow\">\n<h3 class=\"wp-block-accordion-heading\"><button aria-expanded=\"false\" aria-controls=\"accordion-item-6-panel\" data-wp-bind--aria-expanded=\"state.isOpen\" data-wp-on--click=\"actions.toggle\" id=\"accordion-item-6\" type=\"button\" class=\"wp-block-accordion-heading__toggle\"><span class=\"wp-block-accordion-heading__toggle-title\"><a><a><a>Pour quel montant ?<\/a><\/a><\/a><\/span><span class=\"wp-block-accordion-heading__toggle-icon\" aria-hidden=\"true\">+<\/span><\/button><\/h3>\n\n\n\n<div aria-labelledby=\"accordion-item-6\" data-wp-bind--hidden=\"state.isHidden\" data-wp-on--beforematch=\"actions.handleBeforeMatch\" id=\"accordion-item-6-panel\" role=\"region\" class=\"wp-block-accordion-panel is-layout-flow wp-block-accordion-panel-is-layout-flow\">\n<p class=\"wp-block-paragraph\">Au 1er janvier 2025, l\u2019AJPA est de :<br>&#8211; 32,90\u20ac par demi-journ\u00e9e.<br>&#8211; 65,80\u20ac par jour.<\/p>\n<\/div>\n<\/div>\n\n\n\n<div data-wp-class--is-open=\"state.isOpen\" data-wp-context=\"{ &quot;id&quot;: &quot;accordion-item-7&quot;, &quot;openByDefault&quot;: false }\" data-wp-init=\"callbacks.initAccordionItems\" data-wp-on-window--hashchange=\"callbacks.hashChange\" class=\"wp-block-accordion-item is-layout-flow wp-block-accordion-item-is-layout-flow\">\n<h3 class=\"wp-block-accordion-heading\"><button aria-expanded=\"false\" aria-controls=\"accordion-item-7-panel\" data-wp-bind--aria-expanded=\"state.isOpen\" data-wp-on--click=\"actions.toggle\" id=\"accordion-item-7\" type=\"button\" class=\"wp-block-accordion-heading__toggle\"><span class=\"wp-block-accordion-heading__toggle-title\"><a><a><a><a>Par qui ?<\/a><\/a><\/a><\/a><\/span><span class=\"wp-block-accordion-heading__toggle-icon\" aria-hidden=\"true\">+<\/span><\/button><\/h3>\n\n\n\n<div aria-labelledby=\"accordion-item-7\" data-wp-bind--hidden=\"state.isHidden\" data-wp-on--beforematch=\"actions.handleBeforeMatch\" id=\"accordion-item-7-panel\" role=\"region\" class=\"wp-block-accordion-panel is-layout-flow wp-block-accordion-panel-is-layout-flow\">\n<ul class=\"wp-block-list\">\n<li>Par la\u00a0<a href=\"https:\/\/caf.fr\/\" target=\"_blank\" rel=\"noreferrer noopener\">CAF<\/a>\u00a0si vous relevez du r\u00e9gime g\u00e9n\u00e9ral.<\/li>\n\n\n\n<li>Par la\u00a0<a href=\"https:\/\/www.msa.fr\/lfp\" target=\"_blank\" rel=\"noreferrer noopener\">MSA<\/a>\u00a0si vous relevez du r\u00e9gime agricole.<\/li>\n<\/ul>\n<\/div>\n<\/div>\n\n\n\n<div data-wp-class--is-open=\"state.isOpen\" data-wp-context=\"{ &quot;id&quot;: &quot;accordion-item-8&quot;, &quot;openByDefault&quot;: false }\" data-wp-init=\"callbacks.initAccordionItems\" data-wp-on-window--hashchange=\"callbacks.hashChange\" class=\"wp-block-accordion-item is-layout-flow wp-block-accordion-item-is-layout-flow\">\n<h3 class=\"wp-block-accordion-heading\"><button aria-expanded=\"false\" aria-controls=\"accordion-item-8-panel\" data-wp-bind--aria-expanded=\"state.isOpen\" data-wp-on--click=\"actions.toggle\" id=\"accordion-item-8\" type=\"button\" class=\"wp-block-accordion-heading__toggle\"><span class=\"wp-block-accordion-heading__toggle-title\"><a><a><a><a><a>Durant combien de temps ?<\/a><\/a><\/a><\/a><\/a><\/span><span class=\"wp-block-accordion-heading__toggle-icon\" aria-hidden=\"true\">+<\/span><\/button><\/h3>\n\n\n\n<div aria-labelledby=\"accordion-item-8\" data-wp-bind--hidden=\"state.isHidden\" data-wp-on--beforematch=\"actions.handleBeforeMatch\" id=\"accordion-item-8-panel\" role=\"region\" class=\"wp-block-accordion-panel is-layout-flow wp-block-accordion-panel-is-layout-flow\">\n<p class=\"wp-block-paragraph\">66 jours par personne aid\u00e9e sur l\u2019ensemble de la carri\u00e8re. Vous pouvez cumuler cette allocation pour quatre personnes maximum, c\u2019est-\u00e0-dire b\u00e9n\u00e9ficier de 264 jours en tout sur l\u2019ensemble de votre carri\u00e8re professionnelle.<\/p>\n<\/div>\n<\/div>\n<\/div>\n\n\n\n<h3 class=\"wp-block-heading\">Que se passe-t-il \u00e0 la fin de la p\u00e9riode d\u2019AJPA ?<\/h3>\n\n\n\n<p class=\"wp-block-paragraph\">\u00c0 la fin de vos 66 jours, plusieurs sc\u00e9narios possibles :<\/p>\n\n\n\n<ul class=\"wp-block-list\">\n<li>L\u2019Allocation journali\u00e8re du proche aidant s\u2019arr\u00eate si vous continuez d\u2019aider le m\u00eame proche, ou se renouvelle si vous aidez une nouvelle personne dont vous \u00eates le proche.<\/li>\n\n\n\n<li>Vos droits \u00e0 l\u2019allocation ch\u00f4mage reprennent automatiquement, sans interruption dans le d\u00e9compte de vos droits.<\/li>\n\n\n\n<li>Pensez \u00e0 d\u00e9clarer la reprise de recherche d\u2019emploi et \u00e0 actualiser votre situation aupr\u00e8s de France Travail par mail, par t\u00e9l\u00e9phone ou par voie postale.<\/li>\n\n\n\n<li>M\u00eame si l\u2019AJPA s\u2019arr\u00eate, vous pouvez continuer \u00e0 cumuler votre r\u00f4le d\u2019aidant familial et l\u2019allocation ch\u00f4mage et ainsi percevoir \u2013 ou continuer de percevoir des aides financi\u00e8res la\u00a0<a href=\"https:\/\/www.service-public.fr\/particuliers\/vosdroits\/F14202\" target=\"_blank\" rel=\"noreferrer noopener\">Prestation de Compensation du Handicap<\/a>\u00a0par exemple.<\/li>\n<\/ul>\n\n\n\n<h2 class=\"wp-block-heading\">Sources :<\/h2>\n\n\n\n<ul class=\"wp-block-list\">\n<li><a href=\"https:\/\/www.carenews.com\/fondation-swiss-life\/news\/barometre-de-l-aidance-2024-les-grands-chiffres\" target=\"_blank\" rel=\"noreferrer noopener\">https:\/\/www.carenews.com\/fondation-swiss-life\/news\/barometre-de-l-aidance-2024-les-grands-chiffres<\/a><\/li>\n\n\n\n<li><a href=\"https:\/\/www.legifrance.gouv.fr\/codes\/texte_lc\/LEGITEXT000006074069\/\" target=\"_blank\" rel=\"noreferrer noopener\">https:\/\/www.legifrance.gouv.fr\/codes\/texte_lc\/LEGITEXT000006074069\/<\/a><\/li>\n\n\n\n<li><a href=\"https:\/\/drees.solidarites-sante.gouv.fr\/publications\/etudes-et-resultats\/93-millions-de-personnes-declarent-apporter-une-aide-reguliere-un\" target=\"_blank\" rel=\"noreferrer noopener\">https:\/\/drees.solidarites-sante.gouv.fr\/publications\/etudes-et-resultats\/93-millions-de-personnes-declarent-apporter-une-aide-reguliere-un<\/a><\/li>\n\n\n\n<li><a href=\"https:\/\/drees.solidarites-sante.gouv.fr\/sites\/default\/files\/2023-02\/InfographieProchesAidantsMAJ.pdf\" target=\"_blank\" rel=\"noreferrer noopener\">https:\/\/drees.solidarites-sante.gouv.fr\/sites\/default\/files\/2023-02\/InfographieProchesAidantsMAJ.pdf<\/a><\/li>\n\n\n\n<li><a href=\"https:\/\/www.service-public.fr\/particuliers\/vosdroits\/F14202\" target=\"_blank\" rel=\"noreferrer noopener\">https:\/\/www.service-public.fr\/particuliers\/vosdroits\/F14202<\/a><\/li>\n\n\n\n<li><a href=\"https:\/\/www.caf.fr\/allocataires\/aides-et-demarches\/droits-et-prestations\/handicap\/l-allocation-journaliere-du-proche-aidant-ajpa\" target=\"_blank\" rel=\"noreferrer noopener\">https:\/\/www.caf.fr\/allocataires\/aides-et-demarches\/droits-et-prestations\/handicap\/l-allocation-journaliere-du-proche-aidant-ajpa<\/a><\/li>\n\n\n\n<li><a href=\"https:\/\/www.service-public.fr\/particuliers\/vosdroits\/F1229\" target=\"_blank\" rel=\"noreferrer noopener\">https:\/\/www.service-public.fr\/particuliers\/vosdroits\/F1229<\/a><\/li>\n\n\n\n<li><a href=\"https:\/\/www.pour-les-personnes-agees.gouv.fr\/solutions-pour-les-aidants\/soutien-financier\/l-allocation-journaliere-du-proche-aidant-qu-est-ce-que-c-est\" target=\"_blank\" rel=\"noreferrer noopener\">https:\/\/www.pour-les-personnes-agees.gouv.fr\/solutions-pour-les-aidants\/soutien-financier\/l-allocation-journaliere-du-proche-aidant-qu-est-ce-que-c-est<\/a><\/li>\n\n\n\n<li><a href=\"https:\/\/www.service-public.fr\/particuliers\/vosdroits\/N178\" target=\"_blank\" rel=\"noreferrer noopener\">https:\/\/www.service-public.fr\/particuliers\/vosdroits\/N178<\/a><\/li>\n\n\n\n<li><a href=\"https:\/\/www.francetravail.fr\/region\/corse\/candidat\/comment-contacter-votre-conseill.html#:~:text=Par%20mail%20%C3%A0%20votre%20conseiller,rubrique%20%C2%AB%20contacter%20mon%20conseiller%20%C2%BB.\" target=\"_blank\" rel=\"noreferrer noopener\">https:\/\/www.francetravail.fr\/region\/corse\/candidat\/comment-contacter-votre-conseill.html#:~:text=Par%20mail%20%C3%A0%20votre%20conseiller,rubrique%20%C2%AB%20contacter%20mon%20conseiller%20%C2%BB.<\/a><\/li>\n\n\n\n<li><a href=\"https:\/\/www.service-public.fr\/particuliers\/vosdroits\/F12006\">https:\/\/www.servic<\/a><a href=\"https:\/\/www.service-public.fr\/particuliers\/vosdroits\/F12006\" target=\"_blank\" rel=\"noreferrer noopener\">e<\/a><a href=\"https:\/\/www.service-public.fr\/particuliers\/vosdroits\/F12006\">-public.fr\/particuliers\/vosdroits\/F12006<\/a><\/li>\n\n\n\n<li><a href=\"https:\/\/www.service-public.fr\/particuliers\/vosdroits\/F13132\" target=\"_blank\" rel=\"noreferrer noopener\">https:\/\/www.service-public.fr\/particuliers\/vosdroits\/F13132<\/a><\/li>\n\n\n\n<li><a href=\"https:\/\/www.service-public.fr\/particuliers\/vosdroits\/F1280\" target=\"_blank\" rel=\"noreferrer noopener\">https:\/\/www.service-public.fr\/particuliers\/vosdroits\/F1280<\/a><\/li>\n\n\n\n<li><a href=\"https:\/\/www.caf.fr\/allocataires\/aides-et-demarches\/droits-et-prestations\/vie-personnelle\/les-allocations-familiales-af\" target=\"_blank\" rel=\"noreferrer noopener\">https:\/\/www.caf.fr\/allocataires\/aides-et-demarches\/droits-et-prestations\/vie-personnelle\/les-allocations-familiales-af<\/a><\/li>\n\n\n\n<li><a href=\"https:\/\/www.service-public.fr\/particuliers\/vosdroits\/N19775\" target=\"_blank\" rel=\"noreferrer noopener\">https:\/\/www.service-public.fr\/particuliers\/vosdroits\/N19775<\/a><\/li>\n\n\n\n<li><a href=\"https:\/\/www.francetravail.fr\/candidat\/vos-recherches\/preparer-votre-candidature\/accompagne-dans-sa-recherche\/revenir-a-lemploi-apres-avoir-et.html\" target=\"_blank\" rel=\"noreferrer noopener\">https:\/\/www.francetravail.fr\/candidat\/vos-recherches\/preparer-votre-candidature\/accompagne-dans-sa-recherche\/revenir-a-lemploi-apres-avoir-et.html<\/a><\/li>\n\n\n\n<li><a href=\"https:\/\/www.fondation-ocirp.fr\/appels-a-projets\/projets-soutenus\/la-communaute-qui-reunit-les-proches-aidants-actifs-et-positifs\/\" target=\"_blank\" rel=\"noreferrer noopener\">https:\/\/www.fondation-ocirp.fr\/appels-a-projets\/projets-soutenus\/la-communaute-qui-reunit-les-proches-aidants-actifs-et-positifs\/<\/a><\/li>\n<\/ul>\n","protected":false},"excerpt":{"rendered":"<p>D\u00e9couvrez ce que tout aidant familial sans emploi doit savoir en 2025 : cumul ch\u00f4mage-AJPA, d\u00e9marches France Travail, fiscalit\u00e9, retraite, alternatives l\u00e9gales et retour \u00e0 l\u2019emploi.<\/p>\n","protected":false},"author":2,"featured_media":19312,"comment_status":"open","ping_status":"open","sticky":false,"template":"","format":"standard","meta":{"_kad_blocks_custom_css":"","_kad_blocks_head_custom_js":"","_kad_blocks_body_custom_js":"","_kad_blocks_footer_custom_js":"","footnotes":""},"categories":[235],"tags":[],"class_list":["post-19311","post","type-post","status-publish","format-standard","has-post-thumbnail","hentry","category-aidants"],"yoast_head":"<!-- This site is optimized with the Yoast SEO plugin v28.4 - https:\/\/yoast.com\/product\/yoast-seo-wordpress\/ -->\n<title>Aidant familial et allocation ch\u00f4mage : ce qu\u2019il faut absolument savoir - Orthopus<\/title>\n<meta name=\"description\" content=\"D\u00e9couvrez ce que tout aidant familial sans emploi doit savoir en 2025 : cumul ch\u00f4mage-AJPA, d\u00e9marches France Travail, fiscalit\u00e9, retraite, alternatives l\u00e9gales et retour \u00e0 l\u2019emploi.\" \/>\n<meta name=\"robots\" content=\"noindex, follow, max-snippet:-1, max-image-preview:large, max-video-preview:-1\" \/>\n<meta property=\"og:locale\" content=\"fr_FR\" \/>\n<meta property=\"og:type\" content=\"article\" \/>\n<meta property=\"og:title\" content=\"Aidant familial et allocation ch\u00f4mage : ce qu\u2019il faut absolument savoir - Orthopus\" \/>\n<meta property=\"og:description\" content=\"D\u00e9couvrez ce que tout aidant familial sans emploi doit savoir en 2025 : cumul ch\u00f4mage-AJPA, d\u00e9marches France Travail, fiscalit\u00e9, retraite, alternatives l\u00e9gales et retour \u00e0 l\u2019emploi.\" \/>\n<meta property=\"og:url\" content=\"https:\/\/preprod.weasywyg.com\/fr\/2024\/11\/25\/aidant-familial-et-allocation-chomage\/\" \/>\n<meta property=\"og:site_name\" content=\"Orthopus\" \/>\n<meta property=\"article:published_time\" content=\"2024-11-25T15:53:38+00:00\" \/>\n<meta property=\"article:modified_time\" content=\"2026-07-20T15:11:55+00:00\" \/>\n<meta property=\"og:image\" content=\"https:\/\/preprod.weasywyg.com\/wp-content\/uploads\/2026\/07\/IMG-250703-Intouchables.webp\" \/>\n\t<meta property=\"og:image:width\" content=\"1960\" \/>\n\t<meta property=\"og:image:height\" content=\"1034\" \/>\n\t<meta property=\"og:image:type\" content=\"image\/webp\" \/>\n<meta name=\"author\" content=\"Mona Jamois\" \/>\n<meta name=\"twitter:card\" content=\"summary_large_image\" \/>\n<meta name=\"twitter:label1\" content=\"\u00c9crit par\" \/>\n\t<meta name=\"twitter:data1\" content=\"Mona Jamois\" \/>\n\t<meta name=\"twitter:label2\" content=\"Dur\u00e9e de lecture estim\u00e9e\" \/>\n\t<meta name=\"twitter:data2\" content=\"15 minutes\" \/>\n<script type=\"application\/ld+json\" class=\"yoast-schema-graph\">{\"@context\":\"https:\\\/\\\/schema.org\",\"@graph\":[{\"@type\":\"Article\",\"@id\":\"https:\\\/\\\/preprod.weasywyg.com\\\/fr\\\/2024\\\/11\\\/25\\\/aidant-familial-et-allocation-chomage\\\/#article\",\"isPartOf\":{\"@id\":\"https:\\\/\\\/preprod.weasywyg.com\\\/fr\\\/2024\\\/11\\\/25\\\/aidant-familial-et-allocation-chomage\\\/\"},\"author\":{\"name\":\"Mona Jamois\",\"@id\":\"https:\\\/\\\/preprod.weasywyg.com\\\/fr\\\/#\\\/schema\\\/person\\\/a7dcb2c9da462fd59f13f2258699ba9e\"},\"headline\":\"Aidant familial et allocation ch\u00f4mage : ce qu\u2019il faut absolument savoir\",\"datePublished\":\"2024-11-25T15:53:38+00:00\",\"dateModified\":\"2026-07-20T15:11:55+00:00\",\"mainEntityOfPage\":{\"@id\":\"https:\\\/\\\/preprod.weasywyg.com\\\/fr\\\/2024\\\/11\\\/25\\\/aidant-familial-et-allocation-chomage\\\/\"},\"wordCount\":3323,\"commentCount\":0,\"publisher\":{\"@id\":\"https:\\\/\\\/preprod.weasywyg.com\\\/fr\\\/#organization\"},\"image\":{\"@id\":\"https:\\\/\\\/preprod.weasywyg.com\\\/fr\\\/2024\\\/11\\\/25\\\/aidant-familial-et-allocation-chomage\\\/#primaryimage\"},\"thumbnailUrl\":\"https:\\\/\\\/preprod.weasywyg.com\\\/wp-content\\\/uploads\\\/2026\\\/07\\\/IMG-250703-Intouchables.webp\",\"articleSection\":[\"Aidants\"],\"inLanguage\":\"fr-FR\",\"potentialAction\":[{\"@type\":\"CommentAction\",\"name\":\"Comment\",\"target\":[\"https:\\\/\\\/preprod.weasywyg.com\\\/fr\\\/2024\\\/11\\\/25\\\/aidant-familial-et-allocation-chomage\\\/#respond\"]}]},{\"@type\":\"WebPage\",\"@id\":\"https:\\\/\\\/preprod.weasywyg.com\\\/fr\\\/2024\\\/11\\\/25\\\/aidant-familial-et-allocation-chomage\\\/\",\"url\":\"https:\\\/\\\/preprod.weasywyg.com\\\/fr\\\/2024\\\/11\\\/25\\\/aidant-familial-et-allocation-chomage\\\/\",\"name\":\"Aidant familial et allocation ch\u00f4mage : ce qu\u2019il faut absolument savoir - Orthopus\",\"isPartOf\":{\"@id\":\"https:\\\/\\\/preprod.weasywyg.com\\\/fr\\\/#website\"},\"primaryImageOfPage\":{\"@id\":\"https:\\\/\\\/preprod.weasywyg.com\\\/fr\\\/2024\\\/11\\\/25\\\/aidant-familial-et-allocation-chomage\\\/#primaryimage\"},\"image\":{\"@id\":\"https:\\\/\\\/preprod.weasywyg.com\\\/fr\\\/2024\\\/11\\\/25\\\/aidant-familial-et-allocation-chomage\\\/#primaryimage\"},\"thumbnailUrl\":\"https:\\\/\\\/preprod.weasywyg.com\\\/wp-content\\\/uploads\\\/2026\\\/07\\\/IMG-250703-Intouchables.webp\",\"datePublished\":\"2024-11-25T15:53:38+00:00\",\"dateModified\":\"2026-07-20T15:11:55+00:00\",\"description\":\"D\u00e9couvrez ce que tout aidant familial sans emploi doit savoir en 2025 : cumul ch\u00f4mage-AJPA, d\u00e9marches France Travail, fiscalit\u00e9, retraite, alternatives l\u00e9gales et retour \u00e0 l\u2019emploi.\",\"breadcrumb\":{\"@id\":\"https:\\\/\\\/preprod.weasywyg.com\\\/fr\\\/2024\\\/11\\\/25\\\/aidant-familial-et-allocation-chomage\\\/#breadcrumb\"},\"inLanguage\":\"fr-FR\",\"potentialAction\":[{\"@type\":\"ReadAction\",\"target\":[\"https:\\\/\\\/preprod.weasywyg.com\\\/fr\\\/2024\\\/11\\\/25\\\/aidant-familial-et-allocation-chomage\\\/\"]}]},{\"@type\":\"ImageObject\",\"inLanguage\":\"fr-FR\",\"@id\":\"https:\\\/\\\/preprod.weasywyg.com\\\/fr\\\/2024\\\/11\\\/25\\\/aidant-familial-et-allocation-chomage\\\/#primaryimage\",\"url\":\"https:\\\/\\\/preprod.weasywyg.com\\\/wp-content\\\/uploads\\\/2026\\\/07\\\/IMG-250703-Intouchables.webp\",\"contentUrl\":\"https:\\\/\\\/preprod.weasywyg.com\\\/wp-content\\\/uploads\\\/2026\\\/07\\\/IMG-250703-Intouchables.webp\",\"width\":1960,\"height\":1034,\"caption\":\"Image extraite du film Intouchables (2011), r\u00e9alis\u00e9 par Olivier Nakache et \u00c9ric Toledano.\"},{\"@type\":\"BreadcrumbList\",\"@id\":\"https:\\\/\\\/preprod.weasywyg.com\\\/fr\\\/2024\\\/11\\\/25\\\/aidant-familial-et-allocation-chomage\\\/#breadcrumb\",\"itemListElement\":[{\"@type\":\"ListItem\",\"position\":1,\"name\":\"Accueil\",\"item\":\"https:\\\/\\\/preprod.weasywyg.com\\\/fr\\\/\"},{\"@type\":\"ListItem\",\"position\":2,\"name\":\"Aidant familial et allocation ch\u00f4mage : ce qu\u2019il faut absolument savoir\"}]},{\"@type\":\"WebSite\",\"@id\":\"https:\\\/\\\/preprod.weasywyg.com\\\/fr\\\/#website\",\"url\":\"https:\\\/\\\/preprod.weasywyg.com\\\/fr\\\/\",\"name\":\"Orthopus\",\"description\":\"Handitech solutions for everyone\",\"publisher\":{\"@id\":\"https:\\\/\\\/preprod.weasywyg.com\\\/fr\\\/#organization\"},\"potentialAction\":[{\"@type\":\"SearchAction\",\"target\":{\"@type\":\"EntryPoint\",\"urlTemplate\":\"https:\\\/\\\/preprod.weasywyg.com\\\/fr\\\/?s={search_term_string}\"},\"query-input\":{\"@type\":\"PropertyValueSpecification\",\"valueRequired\":true,\"valueName\":\"search_term_string\"}}],\"inLanguage\":\"fr-FR\"},{\"@type\":\"Organization\",\"@id\":\"https:\\\/\\\/preprod.weasywyg.com\\\/fr\\\/#organization\",\"name\":\"Orthopus\",\"url\":\"https:\\\/\\\/preprod.weasywyg.com\\\/fr\\\/\",\"logo\":{\"@type\":\"ImageObject\",\"inLanguage\":\"fr-FR\",\"@id\":\"https:\\\/\\\/preprod.weasywyg.com\\\/fr\\\/#\\\/schema\\\/logo\\\/image\\\/\",\"url\":\"https:\\\/\\\/preprod.weasywyg.com\\\/wp-content\\\/uploads\\\/2026\\\/05\\\/logo.svg\",\"contentUrl\":\"https:\\\/\\\/preprod.weasywyg.com\\\/wp-content\\\/uploads\\\/2026\\\/05\\\/logo.svg\",\"caption\":\"Orthopus\"},\"image\":{\"@id\":\"https:\\\/\\\/preprod.weasywyg.com\\\/fr\\\/#\\\/schema\\\/logo\\\/image\\\/\"}},{\"@type\":\"Person\",\"@id\":\"https:\\\/\\\/preprod.weasywyg.com\\\/fr\\\/#\\\/schema\\\/person\\\/a7dcb2c9da462fd59f13f2258699ba9e\",\"name\":\"Mona Jamois\",\"image\":{\"@type\":\"ImageObject\",\"inLanguage\":\"fr-FR\",\"@id\":\"https:\\\/\\\/secure.gravatar.com\\\/avatar\\\/b5b462af4cf5722fbd017ef55b474709ff34d6030941c8c793bf9edf5d82b670?s=96&d=mm&r=g\",\"url\":\"https:\\\/\\\/secure.gravatar.com\\\/avatar\\\/b5b462af4cf5722fbd017ef55b474709ff34d6030941c8c793bf9edf5d82b670?s=96&d=mm&r=g\",\"contentUrl\":\"https:\\\/\\\/secure.gravatar.com\\\/avatar\\\/b5b462af4cf5722fbd017ef55b474709ff34d6030941c8c793bf9edf5d82b670?s=96&d=mm&r=g\",\"caption\":\"Mona Jamois\"},\"url\":\"https:\\\/\\\/preprod.weasywyg.com\\\/fr\\\/author\\\/orthopus-mona-26\\\/\"}]}<\/script>\n<!-- \/ Yoast SEO plugin. -->","yoast_head_json":{"title":"Aidant familial et allocation ch\u00f4mage : ce qu\u2019il faut absolument savoir - Orthopus","description":"D\u00e9couvrez ce que tout aidant familial sans emploi doit savoir en 2025 : cumul ch\u00f4mage-AJPA, d\u00e9marches France Travail, fiscalit\u00e9, retraite, alternatives l\u00e9gales et retour \u00e0 l\u2019emploi.","robots":{"index":"noindex","follow":"follow","max-snippet":"max-snippet:-1","max-image-preview":"max-image-preview:large","max-video-preview":"max-video-preview:-1"},"og_locale":"fr_FR","og_type":"article","og_title":"Aidant familial et allocation ch\u00f4mage : ce qu\u2019il faut absolument savoir - Orthopus","og_description":"D\u00e9couvrez ce que tout aidant familial sans emploi doit savoir en 2025 : cumul ch\u00f4mage-AJPA, d\u00e9marches France Travail, fiscalit\u00e9, retraite, alternatives l\u00e9gales et retour \u00e0 l\u2019emploi.","og_url":"https:\/\/preprod.weasywyg.com\/fr\/2024\/11\/25\/aidant-familial-et-allocation-chomage\/","og_site_name":"Orthopus","article_published_time":"2024-11-25T15:53:38+00:00","article_modified_time":"2026-07-20T15:11:55+00:00","og_image":[{"width":1960,"height":1034,"url":"https:\/\/preprod.weasywyg.com\/wp-content\/uploads\/2026\/07\/IMG-250703-Intouchables.webp","type":"image\/webp"}],"author":"Mona Jamois","twitter_card":"summary_large_image","twitter_misc":{"\u00c9crit par":"Mona Jamois","Dur\u00e9e de lecture estim\u00e9e":"15 minutes"},"schema":{"@context":"https:\/\/schema.org","@graph":[{"@type":"Article","@id":"https:\/\/preprod.weasywyg.com\/fr\/2024\/11\/25\/aidant-familial-et-allocation-chomage\/#article","isPartOf":{"@id":"https:\/\/preprod.weasywyg.com\/fr\/2024\/11\/25\/aidant-familial-et-allocation-chomage\/"},"author":{"name":"Mona Jamois","@id":"https:\/\/preprod.weasywyg.com\/fr\/#\/schema\/person\/a7dcb2c9da462fd59f13f2258699ba9e"},"headline":"Aidant familial et allocation ch\u00f4mage : ce qu\u2019il faut absolument savoir","datePublished":"2024-11-25T15:53:38+00:00","dateModified":"2026-07-20T15:11:55+00:00","mainEntityOfPage":{"@id":"https:\/\/preprod.weasywyg.com\/fr\/2024\/11\/25\/aidant-familial-et-allocation-chomage\/"},"wordCount":3323,"commentCount":0,"publisher":{"@id":"https:\/\/preprod.weasywyg.com\/fr\/#organization"},"image":{"@id":"https:\/\/preprod.weasywyg.com\/fr\/2024\/11\/25\/aidant-familial-et-allocation-chomage\/#primaryimage"},"thumbnailUrl":"https:\/\/preprod.weasywyg.com\/wp-content\/uploads\/2026\/07\/IMG-250703-Intouchables.webp","articleSection":["Aidants"],"inLanguage":"fr-FR","potentialAction":[{"@type":"CommentAction","name":"Comment","target":["https:\/\/preprod.weasywyg.com\/fr\/2024\/11\/25\/aidant-familial-et-allocation-chomage\/#respond"]}]},{"@type":"WebPage","@id":"https:\/\/preprod.weasywyg.com\/fr\/2024\/11\/25\/aidant-familial-et-allocation-chomage\/","url":"https:\/\/preprod.weasywyg.com\/fr\/2024\/11\/25\/aidant-familial-et-allocation-chomage\/","name":"Aidant familial et allocation ch\u00f4mage : ce qu\u2019il faut absolument savoir - Orthopus","isPartOf":{"@id":"https:\/\/preprod.weasywyg.com\/fr\/#website"},"primaryImageOfPage":{"@id":"https:\/\/preprod.weasywyg.com\/fr\/2024\/11\/25\/aidant-familial-et-allocation-chomage\/#primaryimage"},"image":{"@id":"https:\/\/preprod.weasywyg.com\/fr\/2024\/11\/25\/aidant-familial-et-allocation-chomage\/#primaryimage"},"thumbnailUrl":"https:\/\/preprod.weasywyg.com\/wp-content\/uploads\/2026\/07\/IMG-250703-Intouchables.webp","datePublished":"2024-11-25T15:53:38+00:00","dateModified":"2026-07-20T15:11:55+00:00","description":"D\u00e9couvrez ce que tout aidant familial sans emploi doit savoir en 2025 : cumul ch\u00f4mage-AJPA, d\u00e9marches France Travail, fiscalit\u00e9, retraite, alternatives l\u00e9gales et retour \u00e0 l\u2019emploi.","breadcrumb":{"@id":"https:\/\/preprod.weasywyg.com\/fr\/2024\/11\/25\/aidant-familial-et-allocation-chomage\/#breadcrumb"},"inLanguage":"fr-FR","potentialAction":[{"@type":"ReadAction","target":["https:\/\/preprod.weasywyg.com\/fr\/2024\/11\/25\/aidant-familial-et-allocation-chomage\/"]}]},{"@type":"ImageObject","inLanguage":"fr-FR","@id":"https:\/\/preprod.weasywyg.com\/fr\/2024\/11\/25\/aidant-familial-et-allocation-chomage\/#primaryimage","url":"https:\/\/preprod.weasywyg.com\/wp-content\/uploads\/2026\/07\/IMG-250703-Intouchables.webp","contentUrl":"https:\/\/preprod.weasywyg.com\/wp-content\/uploads\/2026\/07\/IMG-250703-Intouchables.webp","width":1960,"height":1034,"caption":"Image extraite du film Intouchables (2011), r\u00e9alis\u00e9 par Olivier Nakache et \u00c9ric Toledano."},{"@type":"BreadcrumbList","@id":"https:\/\/preprod.weasywyg.com\/fr\/2024\/11\/25\/aidant-familial-et-allocation-chomage\/#breadcrumb","itemListElement":[{"@type":"ListItem","position":1,"name":"Accueil","item":"https:\/\/preprod.weasywyg.com\/fr\/"},{"@type":"ListItem","position":2,"name":"Aidant familial et allocation ch\u00f4mage : ce qu\u2019il faut absolument savoir"}]},{"@type":"WebSite","@id":"https:\/\/preprod.weasywyg.com\/fr\/#website","url":"https:\/\/preprod.weasywyg.com\/fr\/","name":"Orthopus","description":"Handitech solutions for everyone","publisher":{"@id":"https:\/\/preprod.weasywyg.com\/fr\/#organization"},"potentialAction":[{"@type":"SearchAction","target":{"@type":"EntryPoint","urlTemplate":"https:\/\/preprod.weasywyg.com\/fr\/?s={search_term_string}"},"query-input":{"@type":"PropertyValueSpecification","valueRequired":true,"valueName":"search_term_string"}}],"inLanguage":"fr-FR"},{"@type":"Organization","@id":"https:\/\/preprod.weasywyg.com\/fr\/#organization","name":"Orthopus","url":"https:\/\/preprod.weasywyg.com\/fr\/","logo":{"@type":"ImageObject","inLanguage":"fr-FR","@id":"https:\/\/preprod.weasywyg.com\/fr\/#\/schema\/logo\/image\/","url":"https:\/\/preprod.weasywyg.com\/wp-content\/uploads\/2026\/05\/logo.svg","contentUrl":"https:\/\/preprod.weasywyg.com\/wp-content\/uploads\/2026\/05\/logo.svg","caption":"Orthopus"},"image":{"@id":"https:\/\/preprod.weasywyg.com\/fr\/#\/schema\/logo\/image\/"}},{"@type":"Person","@id":"https:\/\/preprod.weasywyg.com\/fr\/#\/schema\/person\/a7dcb2c9da462fd59f13f2258699ba9e","name":"Mona Jamois","image":{"@type":"ImageObject","inLanguage":"fr-FR","@id":"https:\/\/secure.gravatar.com\/avatar\/b5b462af4cf5722fbd017ef55b474709ff34d6030941c8c793bf9edf5d82b670?s=96&d=mm&r=g","url":"https:\/\/secure.gravatar.com\/avatar\/b5b462af4cf5722fbd017ef55b474709ff34d6030941c8c793bf9edf5d82b670?s=96&d=mm&r=g","contentUrl":"https:\/\/secure.gravatar.com\/avatar\/b5b462af4cf5722fbd017ef55b474709ff34d6030941c8c793bf9edf5d82b670?s=96&d=mm&r=g","caption":"Mona Jamois"},"url":"https:\/\/preprod.weasywyg.com\/fr\/author\/orthopus-mona-26\/"}]}},"taxonomy_info":{"category":[{"value":235,"label":"Aidants"}]},"featured_image_src_large":["https:\/\/preprod.weasywyg.com\/wp-content\/uploads\/2026\/07\/IMG-250703-Intouchables-1024x540.webp",1024,540,true],"author_info":{"display_name":"Mona Jamois","author_link":"https:\/\/preprod.weasywyg.com\/fr\/author\/orthopus-mona-26\/"},"comment_info":0,"category_info":[{"term_id":235,"name":"Aidants","slug":"aidants","term_group":0,"term_taxonomy_id":235,"taxonomy":"category","description":"","parent":0,"count":9,"filter":"raw","cat_ID":235,"category_count":9,"category_description":"","cat_name":"Aidants","category_nicename":"aidants","category_parent":0}],"tag_info":false,"_links":{"self":[{"href":"https:\/\/preprod.weasywyg.com\/fr\/wp-json\/wp\/v2\/posts\/19311","targetHints":{"allow":["GET"]}}],"collection":[{"href":"https:\/\/preprod.weasywyg.com\/fr\/wp-json\/wp\/v2\/posts"}],"about":[{"href":"https:\/\/preprod.weasywyg.com\/fr\/wp-json\/wp\/v2\/types\/post"}],"author":[{"embeddable":true,"href":"https:\/\/preprod.weasywyg.com\/fr\/wp-json\/wp\/v2\/users\/2"}],"replies":[{"embeddable":true,"href":"https:\/\/preprod.weasywyg.com\/fr\/wp-json\/wp\/v2\/comments?post=19311"}],"version-history":[{"count":2,"href":"https:\/\/preprod.weasywyg.com\/fr\/wp-json\/wp\/v2\/posts\/19311\/revisions"}],"predecessor-version":[{"id":19344,"href":"https:\/\/preprod.weasywyg.com\/fr\/wp-json\/wp\/v2\/posts\/19311\/revisions\/19344"}],"wp:featuredmedia":[{"embeddable":true,"href":"https:\/\/preprod.weasywyg.com\/fr\/wp-json\/wp\/v2\/media\/19312"}],"wp:attachment":[{"href":"https:\/\/preprod.weasywyg.com\/fr\/wp-json\/wp\/v2\/media?parent=19311"}],"wp:term":[{"taxonomy":"category","embeddable":true,"href":"https:\/\/preprod.weasywyg.com\/fr\/wp-json\/wp\/v2\/categories?post=19311"},{"taxonomy":"post_tag","embeddable":true,"href":"https:\/\/preprod.weasywyg.com\/fr\/wp-json\/wp\/v2\/tags?post=19311"}],"curies":[{"name":"wp","href":"https:\/\/api.w.org\/{rel}","templated":true}]}}