{"id":19330,"date":"2024-10-17T10:44:19","date_gmt":"2024-10-17T08:44:19","guid":{"rendered":"https:\/\/preprod.weasywyg.com\/?p=19330"},"modified":"2026-07-20T17:10:30","modified_gmt":"2026-07-20T15:10:30","slug":"justificatif-aidant-familial","status":"publish","type":"post","link":"https:\/\/preprod.weasywyg.com\/fr\/2024\/10\/17\/justificatif-aidant-familial\/","title":{"rendered":"Justificatif aidant familial : comment prouver et faire reconna\u00eetre son r\u00f4le d\u2019aidant ?"},"content":{"rendered":"\n<h2 class=\"wp-block-heading\">\u00catre aidant familial : d\u00e9finition, r\u00f4le et reconnaissance<\/h2>\n\n\n\n<p class=\"wp-block-paragraph\">Vous aidez r\u00e9guli\u00e8rement un ou une proche ? Vous vous demandez s\u00fbrement comment&nbsp;<a href=\"https:\/\/orthopus.com\/fr\/aidant\/dossier-aidant-familial\/\">prouver que vous \u00eates devenu\u2022e aidant familial<\/a>&nbsp;?<\/p>\n\n\n\n<p class=\"wp-block-paragraph\">Parce que m\u00eame si vous consacrez du temps et de l\u2019\u00e9nergie \u00e0 accompagner cette personne, sans contrat ni bulletin de salaire, comment faire reconna\u00eetre votre r\u00f4le ?<br>Pas de panique. Pas besoin d\u2019appeler votre avocat.e pour d\u00e9fendre votre cause, nous allons vous expliquer pas \u00e0 pas comment vous procurer un justificatif aidant familial.<\/p>\n\n\n\n<h3 class=\"wp-block-heading\">Qui sont les aidants familiaux ?<\/h3>\n\n\n\n<p class=\"wp-block-paragraph\">La premi\u00e8re chose \u00e0 faire pour obtenir un justificatif aidant familial c\u2019est de savoir si l\u2019on est \u00e9ligible aux yeux de la loi pour l\u2019avoir. Le statut d\u2019aidant familial est clarifi\u00e9 dans la\u00a0<a href=\"https:\/\/www.legifrance.gouv.fr\/loda\/id\/JORFTEXT000031700731\">loi sur l\u2019adaptation de la soci\u00e9t\u00e9 au vieillissement de 2015<\/a>\u00a0\u2013 dite loi ASV. Les\u00a0<a href=\"https:\/\/www.pour-les-personnes-agees.gouv.fr\/solutions-pour-les-aidants\/trouver-du-soutien\/aidant-familial-proche-aidant-quelles-definitions-et-quelles-aides\">aidants familiaux<\/a>\u00a0peuvent \u00eatre un\u2022e :<\/p>\n\n\n\n<ul class=\"wp-block-list\">\n<li>Conjoint\u2022e<\/li>\n\n\n\n<li>Concubin\u2022e pacs\u00e9\u2022e<\/li>\n\n\n\n<li>Ascendant\u2022e (parents de la personne aid\u00e9e)<\/li>\n\n\n\n<li>Descendant\u2022e (enfants de la personne aid\u00e9e)<\/li>\n\n\n\n<li>Personne vivant dans le m\u00eame h\u00e9bergement<\/li>\n\n\n\n<li>Personne apportant une aide r\u00e9guli\u00e8re \u00e0 l\u2019aid\u00e9<\/li>\n<\/ul>\n\n\n\n<p class=\"wp-block-paragraph\">Le plus important c\u2019est d\u2019entretenir un lien affectif stable entre aidant\u2022e et aid\u00e9\u2022e. En revanche, vous ne pouvez pas \u00eatre reconnu aidant familial si votre m\u00e9tier initial est celui d\u2019aidant\u2022e et que vous \u00eates consid\u00e9r\u00e9\u2022e comme un ou une professionnel\u2022le.<\/p>\n\n\n\n<p class=\"wp-block-paragraph\">\u00c0 noter que la plupart des aidant\u2022es sont issus de la m\u00eame famille que leurs aid\u00e9\u2022es : 59 % sont les enfants de la personne aid\u00e9e, 24% le\u2022la conjoint\u2022e et 12 % les parents, selon un\u00a0<a href=\"https:\/\/www.bnsp.insee.fr\/ark%3A\/12148\/bc6p08bwp91.pdf\">dossier de la DREES<\/a>\u00a0(Direction de la Recherche, des \u00c9tudes, de l\u2019\u00c9valuation et des Statistiques) sur les proches aidant\u2022es de 2023. Chacun d\u2019entre eux s\u2019occupent d\u2019activit\u00e9s essentielles pour leurs proches aid\u00e9\u2022es : l\u2019aide \u00e0 la toilette, le repas, les divers d\u00e9placements, la gestion administrative, etc.<\/p>\n\n\n\n<h3 class=\"wp-block-heading\">Pourquoi faire reconna\u00eetre son statut ?<\/h3>\n\n\n\n<p class=\"wp-block-paragraph\">Faire reconna\u00eetre votre statut et passer officiellement dans une des listes gouvernementales qui recensent les proches aidant\u2022es, c\u2019est obtenir :<\/p>\n\n\n\n<ul class=\"wp-block-list\">\n<li>Un acc\u00e8s aux droits et aux aides (financi\u00e8re, humaine et technologique) des aidants : cong\u00e9s, allocations, am\u00e9nagements.<\/li>\n\n\n\n<li>Une prise en compte dans les d\u00e9marches m\u00e9dicales et sociales<\/li>\n<\/ul>\n\n\n\n<figure class=\"wp-block-image size-full\"><img decoding=\"async\" src=\"https:\/\/preprod.weasywyg.com\/wp-content\/uploads\/2026\/07\/SCH-250725-5-chiffres-sur-les-aidants.webp\" alt=\"\" class=\"wp-image-19350\"\/><\/figure>\n\n\n\n<h2 class=\"wp-block-heading\">Quels droits pour les aidants familiaux ?<\/h2>\n\n\n\n<p class=\"wp-block-paragraph\">Depuis 2020, le\u00a0<a href=\"https:\/\/travail-emploi.gouv.fr\/\">Minist\u00e8re du Travail, de la Sant\u00e9, des Solidarit\u00e9s et des Familles<\/a>\u00a0met en place des plans d\u2019action afin d\u2019am\u00e9liorer la condition des aidant\u2022es, appel\u00e9s \u201cAgir pour les aidants\u201d, sous deux temps de strat\u00e9gies : de\u00a0<a href=\"https:\/\/solidarites.gouv.fr\/agir-pour-les-aidants\">2020 \u00e0 2022<\/a>\u00a0et de\u00a0<a href=\"https:\/\/handicap.gouv.fr\/sites\/handicap\/files\/2023-10\/Dossier-de-presse-strategie-des-aidants-2023-2027.pdf\">2023 \u00e0 2027<\/a>. Ceux-ci sont rendus possible gr\u00e2ce \u00e0\u00a0<a href=\"https:\/\/www.legifrance.gouv.fr\/loda\/id\/JORFTEXT000031700731\">la loi sur l\u2019adaptation de la soci\u00e9t\u00e9 au vieillissement de 2015<\/a>. Les principaux droits qui ont \u00e9merg\u00e9 de ces diff\u00e9rentes mesures sont le\u00a0<a href=\"https:\/\/www.service-public.fr\/particuliers\/vosdroits\/F16920\">cong\u00e9 de proche aidant<\/a>, l\u2019<a href=\"https:\/\/www.malakoffhumanis.com\/s-informer\/sante\/quels-amenagements-du-temps-de-travail\/\">am\u00e9nagement du temps de travail<\/a>\u00a0et le droit au r\u00e9pit.<\/p>\n\n\n\n<h3 class=\"wp-block-heading\">Cong\u00e9 de proche aidant<\/h3>\n\n\n\n<p class=\"wp-block-paragraph\">Le\u00a0<a href=\"https:\/\/www.service-public.fr\/particuliers\/vosdroits\/F16920\">cong\u00e9 de proche aidant<\/a>\u00a0permet \u00e0 un\u2022e salari\u00e9\u2022e ou \u00e0 un\u2022e agent\u2022e public de suspendre temporairement son activit\u00e9 professionnelle, sans risque de licenciement, pour s\u2019occuper d\u2019un\u2022e proche en situation de handicap.<\/p>\n\n\n\n<ul class=\"wp-block-list\">\n<li>La dur\u00e9e maximale du cong\u00e9 est de 3 mois renouvelable \u00e0 condition de ne pas d\u00e9passer 1 an sur l\u2019ensemble de la carri\u00e8re.<br><\/li>\n\n\n\n<li>Pour pouvoir b\u00e9n\u00e9ficier du cong\u00e9 de proche aidant il faut \u00eatre salari\u00e9\u2022e ou agent\u2022e du public et faire une demande \u00e9crite \u00e0 son employeur\u2022e.<br>\u27a1\ufe0f Les travailleur\u2022euses ind\u00e9pendant\u2022es ne peuvent pas s\u2019auto-accorder ce cong\u00e9, il ne sera pas appel\u00e9 comme tel tout du moins et sera per\u00e7u comme un cong\u00e9 normal.<br><\/li>\n\n\n\n<li>Le cong\u00e9 n\u2019est pas r\u00e9mun\u00e9r\u00e9 mais ouvre la possibilit\u00e9 \u00e0 l\u2019<a href=\"https:\/\/www.caf.fr\/allocataires\/aides-et-demarches\/droits-et-prestations\/handicap\/l-allocation-journaliere-du-proche-aidant-ajpa\">Allocation Journali\u00e8re du Proche Aidant<\/a>\u00a0(AJPA).<br>\u27a1\ufe0f M\u00eame s\u2019ils ne peuvent pas \u00eatre en cong\u00e9 de proche aidant\u2022e, les travailleur\u2022euses ind\u00e9pendant\u2022es peuvent pr\u00e9tendre \u00e0 l\u2019AJPA car ils r\u00e9duisent leur activit\u00e9 professionnelle pour s\u2019occuper d\u2019un\u2022e proche aid\u00e9\u2022e.<\/li>\n<\/ul>\n\n\n\n<h3 class=\"wp-block-heading\">Temps partiel ou am\u00e9nagement du travail<\/h3>\n\n\n\n<p class=\"wp-block-paragraph\">Un aidant familial actif peut demander un\u00a0<a href=\"https:\/\/www.malakoffhumanis.com\/s-informer\/sante\/quels-amenagements-du-temps-de-travail\/\">am\u00e9nagement de ses horaires<\/a>\u00a0ou un passage \u00e0 temps partiel si cela lui permet de mieux s\u2019occuper de son proche aid\u00e9.<\/p>\n\n\n\n<ul class=\"wp-block-list\">\n<li>L\u2019employeur\u2022e examinera cette demande mais il.elle n\u2019est pas tenu de l\u2019accepter.<\/li>\n\n\n\n<li>Une r\u00e9duction du temps de travail, notamment un passage \u00e0 temps partiel, peut entra\u00eener une baisse de r\u00e9mun\u00e9ration ainsi que des impacts sur les cotisations sociales et la retraite.<\/li>\n<\/ul>\n\n\n\n<h3 class=\"wp-block-heading\">Droit au r\u00e9pit<\/h3>\n\n\n\n<p class=\"wp-block-paragraph\">Le&nbsp;<a href=\"https:\/\/orthopus.com\/fr\/aidant\/halte-repit\/\">droit au r\u00e9pit<\/a>&nbsp;vise \u00e0 soutenir les aidants familiaux en leur permettant de prendre du repos tout en assurant la continuit\u00e9 de la prise en charge du proche aid\u00e9.<\/p>\n\n\n\n<ul class=\"wp-block-list\">\n<li>La prise en charge peut prendre diff\u00e9rentes formes : s\u00e9jours temporaires en \u00e9tablissement, accueil de jour ou solution d\u2019h\u00e9bergement relais.<\/li>\n\n\n\n<li>Une prise en charge partielle ou totale est possible via la\u00a0<a href=\"https:\/\/www.service-public.fr\/particuliers\/vosdroits\/F14202\">Prestation de Compensation du Handicap<\/a>\u00a0(PCH) ou l\u2019<a href=\"https:\/\/www.service-public.fr\/particuliers\/vosdroits\/F10009\">Allocation Personnalis\u00e9e d\u2019Autonomie<\/a>\u00a0(APA).<\/li>\n<\/ul>\n\n\n\n<div class=\"wp-block-group\"><div class=\"wp-block-group__inner-container is-layout-constrained wp-block-group-is-layout-constrained\">\n<div class=\"wp-block-columns is-layout-flex wp-container-core-columns-is-layout-8f761849 wp-block-columns-is-layout-flex\">\n<div class=\"wp-block-column is-layout-flow wp-block-column-is-layout-flow\" style=\"flex-basis:100%\">\n<figure class=\"wp-block-table\"><table class=\"has-fixed-layout\"><tbody><tr><td><strong>Droits<\/strong><\/td><td><strong>Salari\u00e9 priv\u00e9<\/strong><\/td><td><strong>Fonctionnaire<\/strong><\/td><td><strong>Travailleur ind\u00e9pendant<\/strong><\/td><td><strong>Retrait\u00e9<\/strong><\/td><\/tr><tr><td>Cong\u00e9 de proche aidant<\/td><td>Oui<\/td><td>Oui<\/td><td>Non (pas de cong\u00e9 formel)<\/td><td>Non<\/td><\/tr><tr><td>AJPA (aide financi\u00e8re)<\/td><td>Oui<\/td><td>Oui<\/td><td>Oui car l&rsquo;activit\u00e9 professionnelle est r\u00e9duite<\/td><td>Non<\/td><\/tr><tr><td>Am\u00e9nagement du temps de travail<\/td><td>Oui, mais l&#8217;employeur a le droit de refuser<\/td><td>Oui, mais l&#8217;employeur a le droit de refuser<\/td><td>Oui car il est son propre employeur<\/td><td>Non<\/td><\/tr><tr><td>Droit au r\u00e9pit<\/td><td>Oui<\/td><td>Oui<\/td><td>Oui<\/td><td>Oui<\/td><\/tr><\/tbody><\/table><\/figure>\n<\/div>\n<\/div>\n<\/div><\/div>\n\n\n\n<h2 class=\"wp-block-heading\">Quel justificatif fournir pour prouver son statut d\u2019aidant ?<\/h2>\n\n\n\n<p class=\"wp-block-paragraph\">Pour\u00a0<a href=\"https:\/\/etre-aidant.groupama-loire-bretagne.fr\/comment-prouver-son-statut-daidant-familial\/\">prouver votre statut d\u2019aidant familial<\/a>, il vous faudra fournir une certaine quantit\u00e9 de documents dont nous vous faisons la liste juste ici.<\/p>\n\n\n\n<h3 class=\"wp-block-heading\">Les justificatifs de lien avec la personne aid\u00e9e<\/h3>\n\n\n\n<ul class=\"wp-block-list\">\n<li>Livret de famille ou attestation de domicile commune (facultatif)<\/li>\n\n\n\n<li>Certificat de situation de d\u00e9pendance (<a href=\"https:\/\/www.service-public.fr\/particuliers\/vosdroits\/F10009\">APA<\/a>,\u00a0<a href=\"https:\/\/www.service-public.fr\/particuliers\/vosdroits\/F14202\">PCH<\/a>,\u00a0<a href=\"https:\/\/mdphenligne.cnsa.fr\/\">MDPH<\/a>)<\/li>\n<\/ul>\n\n\n\n<h3 class=\"wp-block-heading\">Les formulaire ou attestations sp\u00e9cifiques<\/h3>\n\n\n\n<ul class=\"wp-block-list\">\n<li><a href=\"https:\/\/www.alsace.eu\/media\/8393\/cea-attestation-honneur-proche-aidant.pdf\">Attestation sur l\u2019honneur<\/a>\u00a0(l\u2019aidant\u2022e d\u00e9clare assumer r\u00e9guli\u00e8rement des t\u00e2ches d\u2019aides pour l\u2019aid\u00e9\u2022e)<\/li>\n\n\n\n<li><a href=\"https:\/\/www.monparcourshandicap.gouv.fr\/sites\/default\/files\/2022-05\/notice_Comprendre%20et%20bien%20remplir%20le%20certificat%20medical%20MDPH-accessible.pdf\">Certificat m\u00e9dical<\/a>\u00a0pr\u00e9cisant le besoin d\u2019accompagnement<\/li>\n\n\n\n<li>D\u00e9claration de l\u2019aidant\u2022e dans le\u00a0<a href=\"https:\/\/www.formulaires.service-public.fr\/gf\/cerfa_15692.do\">dossier MDPH de la personne aid\u00e9e<\/a>\u00a0(parties B et F).\u00a0<br>\u27a1\ufe0f Surtout si vous souhaitez pr\u00e9tendre \u00e0 des aides\u00a0<a href=\"https:\/\/mdphenligne.cnsa.fr\/\">MDPH<\/a>\u00a0comme la\u00a0<a href=\"https:\/\/www.service-public.fr\/particuliers\/vosdroits\/F14202\">Prestation de Compensation du Handicap<\/a>\u00a0(PCH)<\/li>\n<\/ul>\n\n\n\n<blockquote class=\"wp-block-quote is-layout-flow wp-block-quote-is-layout-flow\">\n<p class=\"wp-block-paragraph\">\u26a0\ufe0f Attention, l\u2019aidant\u2022e n\u2019est pas automatiquement reconnu\u2022e apr\u00e8s qu\u2019il ou elle ait r\u00e9colt\u00e9 tous ces documents, il faut qu\u2019il y ait une d\u00e9marche volontaire de sa part (souvent administrative).<\/p>\n<\/blockquote>\n\n\n\n<h2 class=\"wp-block-heading\">D\u00e9marches administratives pour faire reconna\u00eetre le statut d\u2019aidant<\/h2>\n\n\n\n<p class=\"wp-block-paragraph\">Afin de faire reconna\u00eetre votre statut d\u2019aidant familial, vous devez engager plusieurs d\u00e9marches administratives. Celles-ci consistent \u00e0 remplir des formulaires, r\u00e9diger des d\u00e9clarations (souvent sur l\u2019honneur) et fournir des pi\u00e8ces justificatives qui attestent de votre situation et de celle de la personne aid\u00e9e. Ces documents permettent ensuite d\u2019acc\u00e9der \u00e0 diff\u00e9rents droits ou aides.<\/p>\n\n\n\n<h3 class=\"wp-block-heading\">\u00c0 qui s&rsquo;adresser ?<\/h3>\n\n\n\n<p class=\"wp-block-paragraph\">Plusieurs organismes peuvent \u00eatre sollicit\u00e9s selon la nature de votre demande :<\/p>\n\n\n\n<ul class=\"wp-block-list\">\n<li><a href=\"https:\/\/orthopus.com\/fr\/dossier-mdph\/ouverture-droits-mdph-dossier-en-ligne\/\">MDPH<\/a>\u00a0(Maison D\u00e9partementale des Personnes Handicap\u00e9es) : pour la reconnaissance du handicap de la personne aid\u00e9e et l\u2019attribution de la\u00a0<a href=\"https:\/\/www.service-public.fr\/particuliers\/vosdroits\/F14202\">PCH<\/a>\u00a0(Prestation de Compensation du Handicap).<\/li>\n\n\n\n<li><a href=\"https:\/\/caf.fr\/\">CAF<\/a>\u00a0ou\u00a0<a href=\"https:\/\/www.msa.fr\/lfp\">MSA<\/a>\u00a0: pour demander l\u2019<a href=\"https:\/\/www.caf.fr\/allocataires\/aides-et-demarches\/droits-et-prestations\/handicap\/l-allocation-journaliere-du-proche-aidant-ajpa\">AJPA<\/a>\u00a0(Allocation Journali\u00e8re du Proche Aidant).<\/li>\n\n\n\n<li>Caisse de retraite : pour certaines aides sp\u00e9cifiques aux retrait\u00e9s et \u00e0 leurs aidants<\/li>\n\n\n\n<li>Employeur\u2022e : pour faire une demande de cong\u00e9 de proche aidant.<\/li>\n\n\n\n<li>Conseil d\u00e9partemental, CCAS (Centre Communal d\u2019Action Sociale),\u00a0<a href=\"https:\/\/www.aide-sociale.fr\/clic-personnes-agees\/\">CLIC<\/a>\u00a0(Centre Local d\u2019Information et de Coordination), etc. : pour \u00eatre accompagn\u00e9\u2022e et inform\u00e9\u2022e sur les d\u00e9marches \u00e0 entreprendre.<\/li>\n<\/ul>\n\n\n\n<h3 class=\"wp-block-heading\">\u00c9tapes \u00e0 suivre<\/h3>\n\n\n\n<h4 class=\"wp-block-heading\">Identifiez les besoins de votre proche<\/h4>\n\n\n\n<p class=\"wp-block-paragraph\">Pour faire reconna\u00eetre votre statut, construisez votre d\u00e9marche autour de la personne aid\u00e9e. Commencez par \u00e9valuer ses besoins sp\u00e9cifiques.<br><br>\u27a1\ufe0f Quelle est sa situation ? Perte d\u2019autonomie, handicap, d\u00e9pendance ponctuelle ou durable, etc.<br>\u27a1\ufe0f Quels sont ses besoins pratiques ? Aide \u00e0 la toilette, alimentation, d\u00e9placements, d\u00e9marches administratives, etc.<br><br>Discutez ouvertement avec la personne concern\u00e9e et votre entourage commun pour d\u00e9finir les r\u00f4les et organiser au mieux l\u2019aide.<\/p>\n\n\n\n<h4 class=\"wp-block-heading\">Informez-vous sur le r\u00f4le et les droits de l&rsquo;aidant<\/h4>\n\n\n\n<p class=\"wp-block-paragraph\">Renseignez-vous sur le statut d\u2019aidant familial, les responsabilit\u00e9s, les aides disponibles (financi\u00e8res, formations, soutien psychologique), et les structures d\u2019accompagnement (CCAS,\u00a0<a href=\"https:\/\/www.aide-sociale.fr\/clic-personnes-agees\/\">CLIC<\/a>, MDA (Maison D\u00e9partementale des Aidants), associations d\u2019aidants).<\/p>\n\n\n<div class=\"orthopus-poulpe-tip wp-block-orthopus-poulpe-tip\">\n\t\t<div class=\"poulpe-tip__icon\" aria-hidden=\"true\">\n\t\t<span class=\"poulpe-tip__icon-placeholder\">\ud83d\udc19<\/span>\n\t<\/div>\n\n\t<div class=\"poulpe-tip__content\">\n\t\t\t\t\t<p class=\"poulpe-tip__title\"><strong>Le coup de pouce du poulpe : les liens utiles pour s\u2019informer<\/strong><\/p>\n\t\t\t\t\t\t\t<p class=\"poulpe-tip__body\">\u2022 Se renseigner sur le\u00a0<strong>statut d\u2019aidant familial et les responsabilit\u00e9s<\/strong>\u00a0qui l\u2019accompagne :<br>\u27a1\ufe0f <a href=\"https:\/\/www.azae.com\/blog\/droits\/aidants-familiaux-droits-obligations\/\">https:\/\/www.azae.com\/blog\/droits\/aidants-familiaux-droits-obligations\/<\/a><br>\u27a1\ufe0f Article aidant familial MDPH<br><br>\u2022\u00a0Se renseigner sur les\u00a0<strong>aides disponibles<\/strong>\u00a0:<br>\u27a1\ufe0f Article sur le d\u00e9dommagements aidant familial<br><br>\u2022\u00a0Se renseigner sur les\u00a0<strong>structures d\u2019accompagnement et en trouver<\/strong>\u00a0:<br><a href=\"https:\/\/www.monparcourshandicap.gouv.fr\/aidant\/les-solutions-de-repit-pour-les-aidants\">\u00a0https:\/\/www.monparcourshandicap.gouv.fr\/aidant\/les-solutions-de-repit-pour-les-aidants<\/a><\/p>\n\t\t\t<\/div>\n<\/div>\n\n\n\n<h4 class=\"wp-block-heading\">Effectuez les d\u00e9marches administratives<\/h4>\n\n\n\n<p class=\"wp-block-paragraph\">Si vous souhaitez \u00eatre reconnu\u2022e officiellement, il vous faut obtenir un justificatif aidant familial, cela passe par faire reconna\u00eetre la situation de votre proche aid\u00e9 aupr\u00e8s d\u2019organismes comme la\u00a0<a href=\"https:\/\/mdphenligne.cnsa.fr\/\">MDPH<\/a>\u00a0: perte d\u2019autonomie ou handicap. Obtenez un certificat m\u00e9dical r\u00e9cent de pr\u00e9f\u00e9rence avant de faire vos dossiers et ainsi obtenir une visibilit\u00e9 administrative sur votre travail. De votre c\u00f4t\u00e9, afin d\u2019obtenir le statut, on vous demandera dans une majorit\u00e9 de cas\u00a0<a href=\"https:\/\/www.alsace.eu\/media\/8393\/cea-attestation-honneur-proche-aidant.pdf\">une d\u00e9claration sur l\u2019honneur<\/a>\u00a0faite aupr\u00e8s de votre Conseil D\u00e9partemental. Celle-ci doit pr\u00e9ciser les liens avec le proche aid\u00e9 et les t\u00e2ches que vous accomplissez en tant qu\u2019aidant\u2022e.<\/p>\n\n\n\n<h4 class=\"wp-block-heading\">Devenez aidant familial salari\u00e9 (si souhait\u00e9 et possible)<\/h4>\n\n\n\n<p class=\"wp-block-paragraph\">Il est possible d\u2019\u00eatre\u00a0<a href=\"http:\/\/pour-les-personnes-agees.gouv.fr\/solutions-pour-les-aidants\/soutien-financier\/etre-remunere-pour-l-aide-apportee-a-son-proche\">r\u00e9mun\u00e9r\u00e9<\/a>, ou \u00e0 d\u00e9faut\u00a0<a href=\"https:\/\/orthopus.com\/fr\/aidant\/dedommagement-aidant-familial-non-salarie\/dedommagement-aidant-familial-non-salarie\/\">d\u00e9dommag\u00e9<\/a>, pour l\u2019aide apport\u00e9e \u00e0 un\u2022e proche qui en a besoin. Pour cela deux statuts sont possibles : aidant familial salari\u00e9 et aidant familial non salari\u00e9.<\/p>\n\n\n\n<ul class=\"wp-block-list\">\n<li>Un aidant familial salari\u00e9 est r\u00e9mun\u00e9r\u00e9 par le proche aid\u00e9, ils sont dans une relation employeur\/employ\u00e9. Cela inclut les privil\u00e8ges classiques du salariat tels que les cong\u00e9s pay\u00e9s, les heures cadr\u00e9es par un contrat et un salaire fixe \u00e0 la fin du mois.<br>\u27a1\ufe0f\u00a0Le proche aid\u00e9 s\u2019inscrit aupr\u00e8s de l\u2019<a href=\"https:\/\/www.urssaf.fr\/accueil.html\">URSSAF<\/a>\u00a0via le site du\u00a0<a href=\"https:\/\/www.cesu.urssaf.fr\/\">CESU<\/a>\u00a0(Ch\u00e8que Emploi Service Universel).<br>\u27a1\ufe0f Une fois le num\u00e9ro d\u2019immatriculation obtenu, l\u2019aidant se d\u00e9clare comme aidant familial salari\u00e9 sur le site du CESU.<br>\u27a1\ufe0f <strong>Attention\u202f: les conjoints, \u00e9poux, partenaires de PACS ou concubins ne sont pas r\u00e9mun\u00e9r\u00e9s comme aidants familiaux salari\u00e9s.<\/strong>\u00a0<\/li>\n\n\n\n<li>Un aidant familial non salari\u00e9 est\u00a0<a href=\"https:\/\/orthopus.com\/fr\/aidant\/dedommagement-aidant-familial-non-salarie\/dedommagement-aidant-familial-non-salarie\/\">d\u00e9dommag\u00e9<\/a>\u00a0par le biais d\u2019aides financi\u00e8res et techniques que touchent le proche aid\u00e9. Au contraire d\u2019un aidant familial salari\u00e9, ses actions sont \u00e0 mi-chemin entre le b\u00e9n\u00e9volat et la r\u00e9mun\u00e9ration \u2013 puisqu\u2019elles sont en partie d\u00e9dommag\u00e9es. De fait, il b\u00e9n\u00e9ficie d\u2019une exon\u00e9ration fiscale sur la fiche d\u2019imp\u00f4t tandis que l\u2019aidant familial salari\u00e9 doit d\u00e9clarer ses revenus comme un salaire normal.<\/li>\n<\/ul>\n\n\n\n<figure class=\"wp-block-table\"><table class=\"has-fixed-layout\"><tbody><tr><td><strong>Types d\u2019aides possibles<\/strong><\/td><td><strong>Organisme aupr\u00e8s duquel faire sa demande<\/strong><\/td><td><strong>Conditions d\u2019\u00e9ligibilit\u00e9<\/strong><\/td><td><strong>Organisme versataire<\/strong><\/td><\/tr><tr><td>PCH (Prestation de Compensation du Handicap)<\/td><td>Maison D\u00e9partementale des Personnes Handicap\u00e9es (MDPH)<\/td><td>\u00catre en situation de handicap ou en parte d\u2019autonomie et r\u00e9sider de fa\u00e7on stable en France<\/td><td>Conseil D\u00e9partemental<\/td><\/tr><tr><td>FDC (Fond De Compensation)<\/td><td>Maison D\u00e9partementale des Personnes Handicap\u00e9es<\/td><td>\u00catre en situation de handicap, avoir des restes \u00e0 charges non couverts par la PCH, ne pas d\u00e9passer un plafond de ressources variables selon les d\u00e9partements<\/td><td>Fonds aliment\u00e9 par le D\u00e9partement, la CPAM, les mutuelles, etc. (versement souvent indirect ou compl\u00e9mentaire \u00e0 d\u2019autres aides).<\/td><\/tr><tr><td>APA (Allocation Personnalis\u00e9e d\u2019Autonomie)<\/td><td>Conseil D\u00e9partemental<\/td><td>\u00catre \u00e2g\u00e9\u2022e de 60 ans ou plus, \u00eatre en perte d\u2019autonomie (GIR 1 \u00e0 4), r\u00e9sider de fa\u00e7on stable en France<\/td><td>Conseil D\u00e9partemental<\/td><\/tr><tr><td>AJPA (Allocation Journali\u00e8re du Proche Aidant)<\/td><td>CAF ou MSA<\/td><td>\u00catre en cong\u00e9 proche aidant, \u00eatre affili\u00e9 \u00e0 un r\u00e9gime de s\u00e9curit\u00e9 sociale, aider un proche en perte d\u2019autonomie ou handicap\u00e9<\/td><td>CAF ou MSA<\/td><\/tr><\/tbody><\/table><\/figure>\n\n\n\n<h4 class=\"wp-block-heading\">Adaptez le domicile et organisez l&rsquo;aide<\/h4>\n\n\n\n<p class=\"wp-block-paragraph\">Selon les besoins, adaptez le logement dans lequel vit la personne aid\u00e9e : barres d\u2019appui, \u00e9largissement des portes, lits m\u00e9dicalis\u00e9s, etc. Vous pouvez \u00e9galement pr\u00e9voir de mettre en place des services comme des soins \u00e0 domicile, une t\u00e9l\u00e9assistance ou autre.<\/p>\n\n\n\n<h4 class=\"wp-block-heading\">Formez-vous et faites vous accompagner<\/h4>\n\n\n\n<p class=\"wp-block-paragraph\">Parmi les solutions disponibles pour les aidant\u2022es, les haltes r\u00e9pit constituent une ressource pr\u00e9cieuse. Ces structures offrent un accueil temporaire \u00e0 la personne aid\u00e9e, permettant \u00e0 l\u2019aidant\u2022e et \u00e0 l\u2019aid\u00e9\u2022e de b\u00e9n\u00e9ficier de quelques heures loin l\u2019un de l\u2019autre. Ce type de service peut \u00eatre mis en place de mani\u00e8re r\u00e9guli\u00e8re ou simplement exceptionnelle. Vous pouvez trouver la halte r\u00e9pit la plus proche de chez vous via le site du gouvernement :\u00a0<a href=\"https:\/\/urls.fr\/RU4yhV\">https:\/\/urls.fr\/RU4yhV<\/a>.<br><\/p>\n\n\n\n<p class=\"wp-block-paragraph\">Le temps lib\u00e9r\u00e9 par la halte r\u00e9pit peut servir \u00e0 former les aidant\u2022es ou \u00e0 ce qu\u2019ils prennent contact avec d\u2019autres aidant\u2022es via des associations ou des groupes de parole. Il est essentiel de ne pas rester seul\u2022e face aux difficult\u00e9s du quotidien et de s\u2019entraider via des conseils et des contacts utiles.<\/p>\n\n\n<div class=\"orthopus-poulpe-tip wp-block-orthopus-poulpe-tip\">\n\t\t<div class=\"poulpe-tip__icon\" aria-hidden=\"true\">\n\t\t<span class=\"poulpe-tip__icon-placeholder\">\ud83d\udc19<\/span>\n\t<\/div>\n\n\t<div class=\"poulpe-tip__content\">\n\t\t\t\t\t<p class=\"poulpe-tip__title\"><strong>Le coup de pouce du poulpe : les contacts utiles de l\u2019aidant\u2022e<\/strong><\/p>\n\t\t\t\t\t\t\t<p class=\"poulpe-tip__body\"><strong>\u27a1\ufe0f Associations d\u2019aidants :<\/strong><br><a href=\"https:\/\/www.aidants.fr\/\">https:\/\/www.aidants.fr\/<\/a><br><a href=\"https:\/\/www.avecnosproches.com\/\">https:\/\/www.avecnosproches.com\/<\/a><br><a href=\"https:\/\/lacompagniedesaidants.org\/\">https:\/\/lacompagniedesaidants.org\/<\/a><br><br><strong>\u27a1\ufe0f Points de renseignements :<\/strong><br><a href=\"https:\/\/urls.fr\/RU4yhV\">https:\/\/urls.fr\/RU4yhV<\/a><br><a href=\"https:\/\/www.pour-les-personnes-agees.gouv.fr\/acces-annuaires?annuaire=GENERAL#je-recherche-par-annuaire\">https:\/\/www.pour-les-personnes-agees.gouv.fr\/acces-annuaires?annuaire=GENERAL#je-recherche-par-annuaire<\/a><br><br><strong>\u27a1\ufe0f Points de formations :<\/strong><br><a href=\"https:\/\/formation.aidants.fr\/\">https:\/\/formation.aidants.fr\/<\/a><br><a href=\"https:\/\/www.monparcourshandicap.gouv.fr\/aidant\/des-formations-gratuites-pour-les-aidants\">https:\/\/www.monparcourshandicap.gouv.fr\/aidant\/des-formations-gratuites-pour-les-aidants<\/a><\/p>\n\t\t\t<\/div>\n<\/div>\n\n\n\n<ul class=\"wp-block-list\">\n<li>Identifiez les besoins de votre proche<\/li>\n\n\n\n<li>Informez-vous sur le r\u00f4le et les droits de l&rsquo;aidant<\/li>\n\n\n\n<li>Effectuez les d\u00e9marches administratives<\/li>\n\n\n\n<li>Choisissez votre statut : salari\u00e9 ou non salari\u00e9 ?<\/li>\n\n\n\n<li>Adaptez le domicile et organisez de l&rsquo;aide<\/li>\n\n\n\n<li>Formez-vous et faites vous accompagnez <\/li>\n<\/ul>\n\n\n\n<h2 class=\"wp-block-heading\">Quel accompagnement pour les aidants familiaux ?<\/h2>\n\n\n\n<h3 class=\"wp-block-heading\">Soutien financier<\/h3>\n\n\n\n<p class=\"wp-block-paragraph\">En tant qu\u2019aidant familial, vous avez acc\u00e8s \u00e0 des droits sp\u00e9cifiques et \u00e0\u00a0<a href=\"https:\/\/orthopus.com\/fr\/aides-financieres\/aides-financieres-handicap\/\">plusieurs aides<\/a>. Parmi celles-ci figure l\u2019<a href=\"https:\/\/www.caf.fr\/allocataires\/aides-et-demarches\/droits-et-prestations\/handicap\/l-allocation-journaliere-du-proche-aidant-ajpa\">Allocation Journali\u00e8re du Proche Aidant<\/a>\u00a0(AJPA), une aide financi\u00e8re destin\u00e9e \u00e0 compenser la perte de revenu des aidants qui doivent interrompre ou r\u00e9duire temporairement leur activit\u00e9 professionnelle pour accompagner un proche en perte d\u2019autonomie ou en situation de handicap.<\/p>\n\n\n\n<p class=\"wp-block-paragraph\"><strong>Attention, vous ne pouvez pr\u00e9tendre \u00e0 l\u2019AJPA que si vous avez d\u00e9j\u00e0 demand\u00e9 un\u00a0<a href=\"https:\/\/www.service-public.fr\/particuliers\/vosdroits\/F16920\">cong\u00e9 de proche aidant<\/a>\u00a0(sans solde).<\/strong><\/p>\n\n\n\n<div data-wp-context=\"{ &quot;autoclose&quot;: false, &quot;accordionItems&quot;: [] }\" data-wp-interactive=\"core\/accordion\" role=\"group\" class=\"wp-block-accordion is-layout-flow wp-block-accordion-is-layout-flow\">\n<div data-wp-class--is-open=\"state.isOpen\" data-wp-context=\"{ &quot;id&quot;: &quot;accordion-item-1&quot;, &quot;openByDefault&quot;: false }\" data-wp-init=\"callbacks.initAccordionItems\" data-wp-on-window--hashchange=\"callbacks.hashChange\" class=\"wp-block-accordion-item is-layout-flow wp-block-accordion-item-is-layout-flow\">\n<h3 class=\"wp-block-accordion-heading\"><button aria-expanded=\"false\" aria-controls=\"accordion-item-1-panel\" data-wp-bind--aria-expanded=\"state.isOpen\" data-wp-on--click=\"actions.toggle\" id=\"accordion-item-1\" type=\"button\" class=\"wp-block-accordion-heading__toggle\"><span class=\"wp-block-accordion-heading__toggle-title\">Qui peut percevoir l&rsquo;AJPA ?<\/span><span class=\"wp-block-accordion-heading__toggle-icon\" aria-hidden=\"true\">+<\/span><\/button><\/h3>\n\n\n\n<div aria-labelledby=\"accordion-item-1\" data-wp-bind--hidden=\"state.isHidden\" data-wp-on--beforematch=\"actions.handleBeforeMatch\" id=\"accordion-item-1-panel\" role=\"region\" class=\"wp-block-accordion-panel is-layout-flow wp-block-accordion-panel-is-layout-flow\">\n<ul class=\"wp-block-list\">\n<li>Les aidant\u2022es salari\u00e9\u2022es du priv\u00e9 ou du public<\/li>\n\n\n\n<li>Les aidant\u2022es travailleur\u2022euses ind\u00e9pendant\u2022es<\/li>\n\n\n\n<li>Les aidant\u2022es en recherche d\u2019emploi indemnis\u00e9\u2022es et stagiaires d\u2019une formation professionnelle r\u00e9mun\u00e9r\u00e9e<\/li>\n<\/ul>\n<\/div>\n<\/div>\n\n\n\n<div data-wp-class--is-open=\"state.isOpen\" data-wp-context=\"{ &quot;id&quot;: &quot;accordion-item-2&quot;, &quot;openByDefault&quot;: false }\" data-wp-init=\"callbacks.initAccordionItems\" data-wp-on-window--hashchange=\"callbacks.hashChange\" class=\"wp-block-accordion-item is-layout-flow wp-block-accordion-item-is-layout-flow\">\n<h3 class=\"wp-block-accordion-heading\"><button aria-expanded=\"false\" aria-controls=\"accordion-item-2-panel\" data-wp-bind--aria-expanded=\"state.isOpen\" data-wp-on--click=\"actions.toggle\" id=\"accordion-item-2\" type=\"button\" class=\"wp-block-accordion-heading__toggle\"><span class=\"wp-block-accordion-heading__toggle-title\">Sous quelles conditions ?<\/span><span class=\"wp-block-accordion-heading__toggle-icon\" aria-hidden=\"true\">+<\/span><\/button><\/h3>\n\n\n\n<div aria-labelledby=\"accordion-item-2\" data-wp-bind--hidden=\"state.isHidden\" data-wp-on--beforematch=\"actions.handleBeforeMatch\" id=\"accordion-item-2-panel\" role=\"region\" class=\"wp-block-accordion-panel is-layout-flow wp-block-accordion-panel-is-layout-flow\">\n<p class=\"wp-block-paragraph\">L\u2019aidant\u2022e doit :<\/p>\n\n\n\n<ul class=\"wp-block-list\">\n<li>R\u00e9sider en France<\/li>\n\n\n\n<li>\u00catre salari\u00e9\u2022e\/ fonctionnaire et avoir demand\u00e9 un cong\u00e9 de proche aidant \u00e0 votre employeur\u2022e<\/li>\n\n\n\n<li>Avoir r\u00e9duit votre activit\u00e9 professionnelle<\/li>\n\n\n\n<li>Avoir un lien \u00e9troit et stable avec la personne aid\u00e9e<\/li>\n\n\n\n<li>Apporter votre aide \u00e0 titre non professionnel<\/li>\n\n\n\n<li>Intervenir r\u00e9guli\u00e8rement aupr\u00e8s de l\u2019aid\u00e9\u2022e<\/li>\n<\/ul>\n\n\n\n<p class=\"wp-block-paragraph\">L\u2019aid\u00e9\u2022e doit :<\/p>\n\n\n\n<ul class=\"wp-block-list\">\n<li>Soit :<br>\u27a1\ufe0f Avoir un taux d\u2019incapacit\u00e9 d\u2019au moins 80% (reconnu par la\u00a0<a href=\"https:\/\/mdphenligne.cnsa.fr\/\">MDPH<\/a>)<br>\u27a1\ufe0f Avoir une perte d\u2019autonomie correspondant \u00e0 un\u00a0<a href=\"https:\/\/www.service-public.fr\/particuliers\/vosdroits\/F1229\">GIR 1, 2, 3 ou 4<\/a>\u00a0et \u00eatre b\u00e9n\u00e9ficiaire de l\u2019allocation personnalis\u00e9e d\u2019autonomie (<a href=\"https:\/\/www.service-public.fr\/particuliers\/vosdroits\/F10009\">APA<\/a>)<\/li>\n\n\n\n<li>\u00catre invalide ou b\u00e9n\u00e9ficiaire de rentes d\u2019accident du travail et de maladie professionnelle avec une majoration ou une prestation compl\u00e9mentaire de recours \u00e0 une tierce-personne.<\/li>\n<\/ul>\n<\/div>\n<\/div>\n\n\n\n<div data-wp-class--is-open=\"state.isOpen\" data-wp-context=\"{ &quot;id&quot;: &quot;accordion-item-3&quot;, &quot;openByDefault&quot;: false }\" data-wp-init=\"callbacks.initAccordionItems\" data-wp-on-window--hashchange=\"callbacks.hashChange\" class=\"wp-block-accordion-item is-layout-flow wp-block-accordion-item-is-layout-flow\">\n<h3 class=\"wp-block-accordion-heading\"><button aria-expanded=\"false\" aria-controls=\"accordion-item-3-panel\" data-wp-bind--aria-expanded=\"state.isOpen\" data-wp-on--click=\"actions.toggle\" id=\"accordion-item-3\" type=\"button\" class=\"wp-block-accordion-heading__toggle\"><span class=\"wp-block-accordion-heading__toggle-title\">Pour quel montant ?<\/span><span class=\"wp-block-accordion-heading__toggle-icon\" aria-hidden=\"true\">+<\/span><\/button><\/h3>\n\n\n\n<div aria-labelledby=\"accordion-item-3\" data-wp-bind--hidden=\"state.isHidden\" data-wp-on--beforematch=\"actions.handleBeforeMatch\" id=\"accordion-item-3-panel\" role=\"region\" class=\"wp-block-accordion-panel is-layout-flow wp-block-accordion-panel-is-layout-flow\">\n<p class=\"wp-block-paragraph\">Au 1er janvier 2025, l\u2019AJPA est de :<\/p>\n\n\n\n<ul class=\"wp-block-list\">\n<li>32,90\u20ac par demi-journ\u00e9e.<\/li>\n\n\n\n<li>65,80\u20ac par jour.<\/li>\n<\/ul>\n<\/div>\n<\/div>\n\n\n\n<div data-wp-class--is-open=\"state.isOpen\" data-wp-context=\"{ &quot;id&quot;: &quot;accordion-item-4&quot;, &quot;openByDefault&quot;: false }\" data-wp-init=\"callbacks.initAccordionItems\" data-wp-on-window--hashchange=\"callbacks.hashChange\" class=\"wp-block-accordion-item is-layout-flow wp-block-accordion-item-is-layout-flow\">\n<h3 class=\"wp-block-accordion-heading\"><button aria-expanded=\"false\" aria-controls=\"accordion-item-4-panel\" data-wp-bind--aria-expanded=\"state.isOpen\" data-wp-on--click=\"actions.toggle\" id=\"accordion-item-4\" type=\"button\" class=\"wp-block-accordion-heading__toggle\"><span class=\"wp-block-accordion-heading__toggle-title\">Par qui ?<\/span><span class=\"wp-block-accordion-heading__toggle-icon\" aria-hidden=\"true\">+<\/span><\/button><\/h3>\n\n\n\n<div aria-labelledby=\"accordion-item-4\" data-wp-bind--hidden=\"state.isHidden\" data-wp-on--beforematch=\"actions.handleBeforeMatch\" id=\"accordion-item-4-panel\" role=\"region\" class=\"wp-block-accordion-panel is-layout-flow wp-block-accordion-panel-is-layout-flow\">\n<ul class=\"wp-block-list\">\n<li>Par la\u00a0<a href=\"https:\/\/caf.fr\/\">CAF<\/a>\u00a0si vous relevez du r\u00e9gime g\u00e9n\u00e9ral.<\/li>\n\n\n\n<li>Par la\u00a0<a href=\"https:\/\/www.msa.fr\/lfp\">MSA<\/a>\u00a0si vous relevez du r\u00e9gime agricole.<\/li>\n<\/ul>\n<\/div>\n<\/div>\n\n\n\n<div data-wp-class--is-open=\"state.isOpen\" data-wp-context=\"{ &quot;id&quot;: &quot;accordion-item-5&quot;, &quot;openByDefault&quot;: false }\" data-wp-init=\"callbacks.initAccordionItems\" data-wp-on-window--hashchange=\"callbacks.hashChange\" class=\"wp-block-accordion-item is-layout-flow wp-block-accordion-item-is-layout-flow\">\n<h3 class=\"wp-block-accordion-heading\"><button aria-expanded=\"false\" aria-controls=\"accordion-item-5-panel\" data-wp-bind--aria-expanded=\"state.isOpen\" data-wp-on--click=\"actions.toggle\" id=\"accordion-item-5\" type=\"button\" class=\"wp-block-accordion-heading__toggle\"><span class=\"wp-block-accordion-heading__toggle-title\">Durant combien de temps ?<\/span><span class=\"wp-block-accordion-heading__toggle-icon\" aria-hidden=\"true\">+<\/span><\/button><\/h3>\n\n\n\n<div aria-labelledby=\"accordion-item-5\" data-wp-bind--hidden=\"state.isHidden\" data-wp-on--beforematch=\"actions.handleBeforeMatch\" id=\"accordion-item-5-panel\" role=\"region\" class=\"wp-block-accordion-panel is-layout-flow wp-block-accordion-panel-is-layout-flow\">\n<p class=\"wp-block-paragraph\">66 jours par personne aid\u00e9e sur l\u2019ensemble de la carri\u00e8re. Vous pouvez cumuler cette allocation pour quatre personnes maximum, c\u2019est-\u00e0-dire b\u00e9n\u00e9ficier de 264 jours en tout sur l\u2019ensemble de votre carri\u00e8re professionnelle.<\/p>\n<\/div>\n<\/div>\n<\/div>\n\n\n\n<h3 class=\"wp-block-heading\"> Soutien moral et organisationnel<\/h3>\n\n\n\n<p class=\"wp-block-paragraph\">\u00catre aidant\u2022e peut-\u00eatre \u00e9prouvant aussi bien physiquement que mentalement, il s\u2019agit litt\u00e9ralement de penser pour deux personnes \u00e0 minima ce qui augmente consid\u00e9rablement la charge mentale. Heureusement, au quotidien, il est possible de b\u00e9n\u00e9ficier de plusieurs aides humaines comme des associations, des plateformes de r\u00e9pit ou m\u00eame des r\u00e9seaux d\u2019\u00e9coute \u00e0 destination des aidant\u2022es.<\/p>\n\n\n\n<ul class=\"wp-block-list\">\n<li><strong>Des associations de soutien<\/strong>\u00a0comme\u00a0<a href=\"https:\/\/www.francealzheimer.org\/\">France Alzheimer<\/a>,\u00a0<a href=\"https:\/\/www.apf-francehandicap.org\/\">APF France handicap<\/a>, ou encore\u00a0<a href=\"https:\/\/www.france-repit.fr\/\">France R\u00e9pit<\/a>\u00a0proposent des groupes de parole, du soutien psychologique, des conseils pratiques et des formations diverses.<\/li>\n\n\n\n<li><strong>Des plateformes d\u2019accompagnement et de r\u00e9pit<\/strong>\u00a0permettent \u00e0 l\u2019aidant\u2022e de souffler temporairement en offrant :<br>\u27a1\ufe0f Un accueil de jour ou temporaire pour la personne aid\u00e9e.<br>\u27a1\ufe0f Des ateliers de relaxation ou de pr\u00e9vention pour l\u2019aidant.<br>\u27a1\ufe0f Un accompagnement individuel ou en groupe.<\/li>\n<\/ul>\n\n\n<div class=\"orthopus-poulpe-tip wp-block-orthopus-poulpe-tip\">\n\t\t<div class=\"poulpe-tip__icon\" aria-hidden=\"true\">\n\t\t<span class=\"poulpe-tip__icon-placeholder\">\ud83d\udc19<\/span>\n\t<\/div>\n\n\t<div class=\"poulpe-tip__content\">\n\t\t\t\t\t<p class=\"poulpe-tip__title\"><strong>Le coup de pouce du poulpe : trouver une plateforme de r\u00e9pit pr\u00e8s de chez vous<\/strong><\/p>\n\t\t\t\t\t\t\t<p class=\"poulpe-tip__body\">\u2022 <a href=\"https:\/\/www.maboussoleaidants.fr\/mes-solutions\/plateforme-repit-pfr-para\">https:\/\/www.maboussoleaidants.fr\/mes-solutions\/plateforme-repit-pfr-para<\/a><br>\u2022 <a href=\"https:\/\/urls.fr\/RU4yhV\">https:\/\/urls.fr\/RU4yhV<\/a><br>\u2022\u00a0Des lignes de r\u00e9seaux d\u2019\u00e9coute nationales ou locales sont disponibles pour offrir un soutien moral, une \u00e9coute bienveillante et des conseils personnalis\u00e9s, notamment via les Maisons des Aidants, les\u00a0<a href=\"https:\/\/www.monparcourshandicap.gouv.fr\/glossaire\/clic\">CLIC<\/a>\u00a0(Centre Local d\u2019Information et de Coordination) ou les associations locales.<\/p>\n\t\t\t<\/div>\n<\/div>\n\n\n\n<h2 class=\"wp-block-heading\">Foire aux questions : statut et justificatif d\u2019aidant familial<\/h2>\n\n\n\n<h3 class=\"wp-block-heading\">Qu\u2019est-ce qu\u2019un aidant familial ?<\/h3>\n\n\n\n<p class=\"wp-block-paragraph\">Un aidant familial est une personne non professionnelle qui accompagne un proche en situation de d\u00e9pendance.<\/p>\n\n\n\n<h3 class=\"wp-block-heading\">Ai-je besoin d\u2019un certificat pour \u00eatre reconnu aidant ?<\/h3>\n\n\n\n<p class=\"wp-block-paragraph\">Oui, sous conditions de revenus, du niveau d\u2019handicap ou de perte de mobilit\u00e9 du proche aid\u00e9 ainsi que du lieu de r\u00e9sidence. Vous pouvez envisager de pr\u00e9tendre dans l\u2019imm\u00e9diat \u00e0 l\u2019<a href=\"https:\/\/www.service-public.fr\/particuliers\/vosdroits\/F10009\">APA<\/a>\u00a0(Aide personnalis\u00e9e d\u2019autonomie) et \u00e0 la\u00a0<a href=\"https:\/\/www.monparcourshandicap.gouv.fr\/glossaire\/pch\">PCH<\/a>\u00a0(Prestation de compensation du handicap), l\u2019<a href=\"https:\/\/www.caf.fr\/allocataires\/aides-et-demarches\/droits-et-prestations\/handicap\/l-allocation-journaliere-du-proche-aidant-ajpa\">AJPA<\/a>\u00a0(Aide journali\u00e8re du proche aidant) et le\u00a0<a href=\"https:\/\/place-handicap.fr\/Dossier-de-Fonds-de-compensation-du-handicap\">FDC<\/a>\u00a0(Fond de compensation) interviennent dans un second temps.<\/p>\n\n\n\n<h3 class=\"wp-block-heading\">Quels documents fournir pour un cong\u00e9 proche aidant ?<\/h3>\n\n\n\n<p class=\"wp-block-paragraph\">Afin d\u2019obtenir un\u00a0<a href=\"https:\/\/www.service-public.fr\/particuliers\/vosdroits\/F16920\">cong\u00e9 de proche aidant<\/a>, vous devez adresser une\u00a0<a href=\"https:\/\/www.service-public.fr\/particuliers\/vosdroits\/R46971\">lettre dat\u00e9e \u00e0 votre employeur<\/a>\u00a0pr\u00e9cisant la volont\u00e9 du salari\u00e9 de suspendre son contrat de travail pour b\u00e9n\u00e9ficier du cong\u00e9, la date de d\u00e9part et, si cela est souhait\u00e9, la volont\u00e9 de fractionner le cong\u00e9.<br><br><strong>Vous pourrez ensuite d\u00e9poser un dossier de cong\u00e9 proche aidant, en fournissant les documents suivants :<\/strong><\/p>\n\n\n\n<ul class=\"wp-block-list\">\n<li>D\u00e9claration sur l\u2019honneur du lien entre l\u2019aidant et l\u2019aid\u00e9<\/li>\n\n\n\n<li>D\u00e9claration sur l\u2019honneur pr\u00e9cisant s\u2019il y a eu un pr\u00e9c\u00e9dent recours au cong\u00e9 de proche aidant et si oui durant combien de temps.<\/li>\n\n\n\n<li>Copie de la d\u00e9cision justifiant d\u2019un taux d\u2019incapacit\u00e9 permanente au moins \u00e9gal \u00e0 80%.<\/li>\n\n\n\n<li>Copie de la d\u00e9cision d\u2019attribution de l\u2019<a href=\"https:\/\/www.service-public.fr\/particuliers\/vosdroits\/F10009\">APA<\/a>\u00a0(allocation personnalis\u00e9e d\u2019autonomie).<\/li>\n\n\n\n<li>Copie de la d\u00e9cision d\u2019attribution des diverses prestations de compensation dont la personne aid\u00e9e b\u00e9n\u00e9ficie \u2013 si elle en b\u00e9n\u00e9ficie.<\/li>\n<\/ul>\n\n\n\n<p class=\"wp-block-paragraph\">Le cong\u00e9 de proche aidant est non r\u00e9mun\u00e9r\u00e9 mais ouvre le droit \u00e0 l\u2019Aide journali\u00e8re du proche aidant (<a href=\"https:\/\/www.caf.fr\/allocataires\/aides-et-demarches\/droits-et-prestations\/handicap\/l-allocation-journaliere-du-proche-aidant-ajpa\">AJPA<\/a>) qui, au 1er janvier 2025, s\u2019\u00e9l\u00e8ve \u00e0 65,80\u20ac par jour et 32,90\u20ac par demi-journ\u00e9e.<\/p>\n\n\n\n<h3 class=\"wp-block-heading\">Un aidant peut-il cumuler plusieurs aides ?<\/h3>\n\n\n\n<p class=\"wp-block-paragraph\">Oui, mais cela d\u00e9pend des dispositifs concern\u00e9s et des conditions d\u2019\u00e9ligibilit\u00e9 sp\u00e9cifiques \u00e0 chacun. Il est donc important de v\u00e9rifier les\u00a0<a href=\"https:\/\/orthopus.com\/fr\/dossier-mdph\/cumul-pch-aidant-familial-et-retraite\/\">modalit\u00e9s de cumul<\/a>\u00a0aupr\u00e8s de chaque organisme (<a href=\"https:\/\/www.caf.fr\/\">CAF<\/a>,\u00a0<a href=\"https:\/\/mdphenligne.cnsa.fr\/\">MDPH<\/a>,\u00a0<a href=\"https:\/\/www.ameli.fr\/assure\">CPAM<\/a>, mutuelle, etc.) et de fournir syst\u00e9matiquement un justificatif aidant familial. Un conseiller du CCAS (Centre Communal d\u2019Action Social),\u00a0<a href=\"https:\/\/www.monparcourshandicap.gouv.fr\/glossaire\/clic\">CLIC<\/a>\u00a0(Centre Local d\u2019Information et de Coordination) ou une assistante sociale peut vous aider \u00e0 faire le point sur votre situation.<\/p>\n\n\n\n<h2 class=\"wp-block-heading\">Sources<\/h2>\n\n\n\n<ol class=\"wp-block-list\">\n<li><a href=\"https:\/\/www.monparcourshandicap.gouv.fr\/aides-techniques\/quest-ce-quune-aide-techniquematerielle\">https:\/\/www.monparcourshandicap.gouv.fr\/aides-techniques\/quest-ce-quune-aide-techniquematerielle<\/a><\/li>\n\n\n\n<li><a href=\"https:\/\/www.pour-les-personnes-agees.gouv.fr\/solutions-pour-les-aidants\/trouver-du-soutien\/aidant-familial-proche-aidant-quelles-definitions-et-quelles-aides\">https:\/\/www.pour-les-personnes-agees.gouv.fr\/solutions-pour-les-aidants\/trouver-du-soutien\/aidant-familial-proche-aidant-quelles-definitions-et-quelles-aides<\/a><\/li>\n\n\n\n<li><a href=\"https:\/\/www.legifrance.gouv.fr\/loda\/id\/JORFTEXT000031700731\">https:\/\/www.legifrance.gouv.fr\/loda\/id\/JORFTEXT000031700731<\/a><\/li>\n\n\n\n<li><a href=\"https:\/\/solidarites.gouv.fr\/agir-pour-les-aidants\">https:\/\/solidarites.gouv.fr\/agir-pour-les-aidants<\/a><\/li>\n\n\n\n<li><a href=\"https:\/\/handicap.gouv.fr\/sites\/handicap\/files\/2023-10\/Dossier-de-presse-strategie-des-aidants-2023-2027.pdf\">https:\/\/handicap.gouv.fr\/sites\/handicap\/files\/2023-10\/Dossier-de-presse-strategie-des-aidants-2023-2027.pdf<\/a><\/li>\n\n\n\n<li><a href=\"https:\/\/www.service-public.fr\/particuliers\/vosdroits\/F16920\">https:\/\/www.service-public.fr\/particuliers\/vosdroits\/F16920<\/a><\/li>\n\n\n\n<li><a href=\"https:\/\/www.malakoffhumanis.com\/s-informer\/sante\/quels-amenagements-du-temps-de-travail\/\">https:\/\/www.malakoffhumanis.com\/s-informer\/sante\/quels-amenagements-du-temps-de-travail\/<\/a><\/li>\n\n\n\n<li><a href=\"https:\/\/www.caf.fr\/allocataires\/aides-et-demarches\/droits-et-prestations\/handicap\/l-allocation-journaliere-du-proche-aidant-ajpa\">https:\/\/www.caf.fr\/allocataires\/aides-et-demarches\/droits-et-prestations\/handicap\/l-allocation-journaliere-du-proche-aidant-ajpa<\/a><\/li>\n\n\n\n<li><a href=\"https:\/\/www.monparcourshandicap.gouv.fr\/aidant\/les-solutions-de-repit-pour-les-aidants\">https:\/\/www.monparcourshandicap.gouv.fr\/aidant\/les-solutions-de-repit-pour-les-aidants<\/a><\/li>\n\n\n\n<li><a href=\"https:\/\/www.service-public.fr\/particuliers\/vosdroits\/F14202\">https:\/\/www.service-public.fr\/particuliers\/vosdroits\/F14202<\/a><\/li>\n\n\n\n<li><a href=\"https:\/\/www.service-public.fr\/particuliers\/vosdroits\/F10009\">https:\/\/www.service-public.fr\/particuliers\/vosdroits\/F10009<\/a><\/li>\n\n\n\n<li><a href=\"https:\/\/www.monparcourshandicap.gouv.fr\/aidant\/allocation-journaliere-du-proche-aidant-ajpa\">https:\/\/www.monparcourshandicap.gouv.fr\/aidant\/allocation-journaliere-du-proche-aidant-ajpa<\/a><\/li>\n\n\n\n<li><a href=\"https:\/\/etre-aidant.groupama-loire-bretagne.fr\/comment-prouver-son-statut-daidant-familial\/\">https:\/\/etre-aidant.groupama-loire-bretagne.fr\/comment-prouver-son-statut-daidant-familial\/<\/a><\/li>\n\n\n\n<li><a href=\"https:\/\/www.alsace.eu\/media\/8393\/cea-attestation-honneur-proche-aidant.pdf\">https:\/\/www.alsace.eu\/media\/8393\/cea-attestation-honneur-proche-aidant.pdf<\/a><\/li>\n\n\n\n<li><a href=\"https:\/\/www.monparcourshandicap.gouv.fr\/sites\/default\/files\/2022-05\/notice_Comprendre%20et%20bien%20remplir%20le%20certificat%20medical%20MDPH-accessible.pdf\">https:\/\/www.monparcourshandicap.gouv.fr\/sites\/default\/files\/2022-05\/notice_Comprendre%20et%20bien%20remplir%20le%20certificat%20medical%20MDPH-accessible.pdf<\/a><\/li>\n\n\n\n<li><a href=\"https:\/\/www.formulaires.service-public.fr\/gf\/cerfa_15692.do\">https:\/\/www.formulaires.service-public.fr\/gf\/cerfa_15692.do<\/a><\/li>\n\n\n\n<li><a href=\"https:\/\/www.aide-sociale.fr\/clic-personnes-agees\/\">https:\/\/www.aide-sociale.fr\/clic-personnes-agees\/<\/a><\/li>\n\n\n\n<li><a href=\"https:\/\/www.azae.com\/blog\/droits\/aidants-familiaux-droits-obligations\/\">https:\/\/www.azae.com\/blog\/droits\/aidants-familiaux-droits-obligations\/<\/a><\/li>\n\n\n\n<li><a href=\"http:\/\/pour-les-personnes-agees.gouv.fr\/solutions-pour-les-aidants\/soutien-financier\/etre-remunere-pour-l-aide-apportee-a-son-proche\">http:\/\/pour-les-personnes-agees.gouv.fr\/solutions-pour-les-aidants\/soutien-financier\/etre-remunere-pour-l-aide-apportee-a-son-proche<\/a><\/li>\n\n\n\n<li><a href=\"https:\/\/www.service-public.fr\/particuliers\/vosdroits\/F1229\">https:\/\/www.service-public.fr\/particuliers\/vosdroits\/F1229<\/a><\/li>\n\n\n\n<li><a href=\"https:\/\/www.google.com\/url?q=https:\/\/www.matmut.fr\/mutuelle\/conseils\/cinq-chiffres-cles-aidants-france&amp;sa=D&amp;source=docs&amp;ust=1750840513655025&amp;usg=AOvVaw3zfyah8CghidwsOm53L1r1\">https:\/\/www.google.com\/url?q=https:\/\/www.matmut.fr\/mutuelle\/conseils\/cinq-chiffres-cles-aidants-france<\/a><\/li>\n<\/ol>\n","protected":false},"excerpt":{"rendered":"<p>Comment obtenir un justificatif d\u2019aidant familial ? Statut, droits, formulaires, aides financi\u00e8res et d\u00e9marches expliqu\u00e9es pour 2025.<\/p>\n","protected":false},"author":3,"featured_media":19352,"comment_status":"open","ping_status":"open","sticky":false,"template":"","format":"standard","meta":{"_kad_blocks_custom_css":"","_kad_blocks_head_custom_js":"","_kad_blocks_body_custom_js":"","_kad_blocks_footer_custom_js":"","footnotes":""},"categories":[235],"tags":[],"class_list":["post-19330","post","type-post","status-publish","format-standard","has-post-thumbnail","hentry","category-aidants"],"yoast_head":"<!-- This site is optimized with the Yoast SEO plugin v28.4 - https:\/\/yoast.com\/product\/yoast-seo-wordpress\/ -->\n<title>Justificatif aidant familial : statut, droits et d\u00e9marches 2025<\/title>\n<meta name=\"description\" content=\"Comment obtenir un justificatif d\u2019aidant familial ? Statut, droits, formulaires, aides financi\u00e8res et d\u00e9marches expliqu\u00e9es pour 2025.\" \/>\n<meta name=\"robots\" content=\"noindex, follow, max-snippet:-1, max-image-preview:large, max-video-preview:-1\" \/>\n<meta property=\"og:locale\" content=\"fr_FR\" \/>\n<meta property=\"og:type\" content=\"article\" \/>\n<meta property=\"og:title\" content=\"Justificatif aidant familial : statut, droits et d\u00e9marches 2025\" \/>\n<meta property=\"og:description\" content=\"Comment obtenir un justificatif d\u2019aidant familial ? Statut, droits, formulaires, aides financi\u00e8res et d\u00e9marches expliqu\u00e9es pour 2025.\" \/>\n<meta property=\"og:url\" content=\"https:\/\/preprod.weasywyg.com\/fr\/2024\/10\/17\/justificatif-aidant-familial\/\" \/>\n<meta property=\"og:site_name\" content=\"Orthopus\" \/>\n<meta property=\"article:published_time\" content=\"2024-10-17T08:44:19+00:00\" \/>\n<meta property=\"article:modified_time\" content=\"2026-07-20T15:10:30+00:00\" \/>\n<meta property=\"og:image\" content=\"https:\/\/preprod.weasywyg.com\/wp-content\/uploads\/2026\/07\/IMG-250725-COUV-Justificatif-aidant-familial-scaled.webp\" \/>\n\t<meta property=\"og:image:width\" content=\"2560\" \/>\n\t<meta property=\"og:image:height\" content=\"1441\" \/>\n\t<meta property=\"og:image:type\" content=\"image\/webp\" \/>\n<meta name=\"author\" content=\"Pierre Murzeau\" \/>\n<meta name=\"twitter:card\" content=\"summary_large_image\" \/>\n<meta name=\"twitter:label1\" content=\"\u00c9crit par\" \/>\n\t<meta name=\"twitter:data1\" content=\"Pierre Murzeau\" \/>\n\t<meta name=\"twitter:label2\" content=\"Dur\u00e9e de lecture estim\u00e9e\" \/>\n\t<meta name=\"twitter:data2\" content=\"15 minutes\" \/>\n<script type=\"application\/ld+json\" class=\"yoast-schema-graph\">{\"@context\":\"https:\\\/\\\/schema.org\",\"@graph\":[{\"@type\":\"Article\",\"@id\":\"https:\\\/\\\/preprod.weasywyg.com\\\/fr\\\/2024\\\/10\\\/17\\\/justificatif-aidant-familial\\\/#article\",\"isPartOf\":{\"@id\":\"https:\\\/\\\/preprod.weasywyg.com\\\/fr\\\/2024\\\/10\\\/17\\\/justificatif-aidant-familial\\\/\"},\"author\":{\"name\":\"Pierre Murzeau\",\"@id\":\"https:\\\/\\\/preprod.weasywyg.com\\\/fr\\\/#\\\/schema\\\/person\\\/8b4382f5e6156ac0dec30415bb591535\"},\"headline\":\"Justificatif aidant familial : comment prouver et faire reconna\u00eetre son r\u00f4le d\u2019aidant ?\",\"datePublished\":\"2024-10-17T08:44:19+00:00\",\"dateModified\":\"2026-07-20T15:10:30+00:00\",\"mainEntityOfPage\":{\"@id\":\"https:\\\/\\\/preprod.weasywyg.com\\\/fr\\\/2024\\\/10\\\/17\\\/justificatif-aidant-familial\\\/\"},\"wordCount\":3261,\"commentCount\":0,\"publisher\":{\"@id\":\"https:\\\/\\\/preprod.weasywyg.com\\\/fr\\\/#organization\"},\"image\":{\"@id\":\"https:\\\/\\\/preprod.weasywyg.com\\\/fr\\\/2024\\\/10\\\/17\\\/justificatif-aidant-familial\\\/#primaryimage\"},\"thumbnailUrl\":\"https:\\\/\\\/preprod.weasywyg.com\\\/wp-content\\\/uploads\\\/2026\\\/07\\\/IMG-250725-COUV-Justificatif-aidant-familial-scaled.webp\",\"articleSection\":[\"Aidants\"],\"inLanguage\":\"fr-FR\",\"potentialAction\":[{\"@type\":\"CommentAction\",\"name\":\"Comment\",\"target\":[\"https:\\\/\\\/preprod.weasywyg.com\\\/fr\\\/2024\\\/10\\\/17\\\/justificatif-aidant-familial\\\/#respond\"]}]},{\"@type\":\"WebPage\",\"@id\":\"https:\\\/\\\/preprod.weasywyg.com\\\/fr\\\/2024\\\/10\\\/17\\\/justificatif-aidant-familial\\\/\",\"url\":\"https:\\\/\\\/preprod.weasywyg.com\\\/fr\\\/2024\\\/10\\\/17\\\/justificatif-aidant-familial\\\/\",\"name\":\"Justificatif aidant familial : statut, droits et d\u00e9marches 2025\",\"isPartOf\":{\"@id\":\"https:\\\/\\\/preprod.weasywyg.com\\\/fr\\\/#website\"},\"primaryImageOfPage\":{\"@id\":\"https:\\\/\\\/preprod.weasywyg.com\\\/fr\\\/2024\\\/10\\\/17\\\/justificatif-aidant-familial\\\/#primaryimage\"},\"image\":{\"@id\":\"https:\\\/\\\/preprod.weasywyg.com\\\/fr\\\/2024\\\/10\\\/17\\\/justificatif-aidant-familial\\\/#primaryimage\"},\"thumbnailUrl\":\"https:\\\/\\\/preprod.weasywyg.com\\\/wp-content\\\/uploads\\\/2026\\\/07\\\/IMG-250725-COUV-Justificatif-aidant-familial-scaled.webp\",\"datePublished\":\"2024-10-17T08:44:19+00:00\",\"dateModified\":\"2026-07-20T15:10:30+00:00\",\"description\":\"Comment obtenir un justificatif d\u2019aidant familial ? Statut, droits, formulaires, aides financi\u00e8res et d\u00e9marches expliqu\u00e9es pour 2025.\",\"breadcrumb\":{\"@id\":\"https:\\\/\\\/preprod.weasywyg.com\\\/fr\\\/2024\\\/10\\\/17\\\/justificatif-aidant-familial\\\/#breadcrumb\"},\"inLanguage\":\"fr-FR\",\"potentialAction\":[{\"@type\":\"ReadAction\",\"target\":[\"https:\\\/\\\/preprod.weasywyg.com\\\/fr\\\/2024\\\/10\\\/17\\\/justificatif-aidant-familial\\\/\"]}]},{\"@type\":\"ImageObject\",\"inLanguage\":\"fr-FR\",\"@id\":\"https:\\\/\\\/preprod.weasywyg.com\\\/fr\\\/2024\\\/10\\\/17\\\/justificatif-aidant-familial\\\/#primaryimage\",\"url\":\"https:\\\/\\\/preprod.weasywyg.com\\\/wp-content\\\/uploads\\\/2026\\\/07\\\/IMG-250725-COUV-Justificatif-aidant-familial-scaled.webp\",\"contentUrl\":\"https:\\\/\\\/preprod.weasywyg.com\\\/wp-content\\\/uploads\\\/2026\\\/07\\\/IMG-250725-COUV-Justificatif-aidant-familial-scaled.webp\",\"width\":2560,\"height\":1441},{\"@type\":\"BreadcrumbList\",\"@id\":\"https:\\\/\\\/preprod.weasywyg.com\\\/fr\\\/2024\\\/10\\\/17\\\/justificatif-aidant-familial\\\/#breadcrumb\",\"itemListElement\":[{\"@type\":\"ListItem\",\"position\":1,\"name\":\"Accueil\",\"item\":\"https:\\\/\\\/preprod.weasywyg.com\\\/fr\\\/\"},{\"@type\":\"ListItem\",\"position\":2,\"name\":\"Justificatif aidant familial : comment prouver et faire reconna\u00eetre son r\u00f4le d\u2019aidant ?\"}]},{\"@type\":\"WebSite\",\"@id\":\"https:\\\/\\\/preprod.weasywyg.com\\\/fr\\\/#website\",\"url\":\"https:\\\/\\\/preprod.weasywyg.com\\\/fr\\\/\",\"name\":\"Orthopus\",\"description\":\"Handitech solutions for everyone\",\"publisher\":{\"@id\":\"https:\\\/\\\/preprod.weasywyg.com\\\/fr\\\/#organization\"},\"potentialAction\":[{\"@type\":\"SearchAction\",\"target\":{\"@type\":\"EntryPoint\",\"urlTemplate\":\"https:\\\/\\\/preprod.weasywyg.com\\\/fr\\\/?s={search_term_string}\"},\"query-input\":{\"@type\":\"PropertyValueSpecification\",\"valueRequired\":true,\"valueName\":\"search_term_string\"}}],\"inLanguage\":\"fr-FR\"},{\"@type\":\"Organization\",\"@id\":\"https:\\\/\\\/preprod.weasywyg.com\\\/fr\\\/#organization\",\"name\":\"Orthopus\",\"url\":\"https:\\\/\\\/preprod.weasywyg.com\\\/fr\\\/\",\"logo\":{\"@type\":\"ImageObject\",\"inLanguage\":\"fr-FR\",\"@id\":\"https:\\\/\\\/preprod.weasywyg.com\\\/fr\\\/#\\\/schema\\\/logo\\\/image\\\/\",\"url\":\"https:\\\/\\\/preprod.weasywyg.com\\\/wp-content\\\/uploads\\\/2026\\\/05\\\/logo.svg\",\"contentUrl\":\"https:\\\/\\\/preprod.weasywyg.com\\\/wp-content\\\/uploads\\\/2026\\\/05\\\/logo.svg\",\"caption\":\"Orthopus\"},\"image\":{\"@id\":\"https:\\\/\\\/preprod.weasywyg.com\\\/fr\\\/#\\\/schema\\\/logo\\\/image\\\/\"}},{\"@type\":\"Person\",\"@id\":\"https:\\\/\\\/preprod.weasywyg.com\\\/fr\\\/#\\\/schema\\\/person\\\/8b4382f5e6156ac0dec30415bb591535\",\"name\":\"Pierre Murzeau\",\"image\":{\"@type\":\"ImageObject\",\"inLanguage\":\"fr-FR\",\"@id\":\"https:\\\/\\\/secure.gravatar.com\\\/avatar\\\/9c3ed8fbf8227342dcec0e3c388c902ea09285b1b3c21e000bf3853a2729a85b?s=96&d=mm&r=g\",\"url\":\"https:\\\/\\\/secure.gravatar.com\\\/avatar\\\/9c3ed8fbf8227342dcec0e3c388c902ea09285b1b3c21e000bf3853a2729a85b?s=96&d=mm&r=g\",\"contentUrl\":\"https:\\\/\\\/secure.gravatar.com\\\/avatar\\\/9c3ed8fbf8227342dcec0e3c388c902ea09285b1b3c21e000bf3853a2729a85b?s=96&d=mm&r=g\",\"caption\":\"Pierre Murzeau\"},\"url\":\"https:\\\/\\\/preprod.weasywyg.com\\\/fr\\\/author\\\/orthopus-pierre-26\\\/\"}]}<\/script>\n<!-- \/ Yoast SEO plugin. -->","yoast_head_json":{"title":"Justificatif aidant familial : statut, droits et d\u00e9marches 2025","description":"Comment obtenir un justificatif d\u2019aidant familial ? Statut, droits, formulaires, aides financi\u00e8res et d\u00e9marches expliqu\u00e9es pour 2025.","robots":{"index":"noindex","follow":"follow","max-snippet":"max-snippet:-1","max-image-preview":"max-image-preview:large","max-video-preview":"max-video-preview:-1"},"og_locale":"fr_FR","og_type":"article","og_title":"Justificatif aidant familial : statut, droits et d\u00e9marches 2025","og_description":"Comment obtenir un justificatif d\u2019aidant familial ? Statut, droits, formulaires, aides financi\u00e8res et d\u00e9marches expliqu\u00e9es pour 2025.","og_url":"https:\/\/preprod.weasywyg.com\/fr\/2024\/10\/17\/justificatif-aidant-familial\/","og_site_name":"Orthopus","article_published_time":"2024-10-17T08:44:19+00:00","article_modified_time":"2026-07-20T15:10:30+00:00","og_image":[{"width":2560,"height":1441,"url":"https:\/\/preprod.weasywyg.com\/wp-content\/uploads\/2026\/07\/IMG-250725-COUV-Justificatif-aidant-familial-scaled.webp","type":"image\/webp"}],"author":"Pierre Murzeau","twitter_card":"summary_large_image","twitter_misc":{"\u00c9crit par":"Pierre Murzeau","Dur\u00e9e de lecture estim\u00e9e":"15 minutes"},"schema":{"@context":"https:\/\/schema.org","@graph":[{"@type":"Article","@id":"https:\/\/preprod.weasywyg.com\/fr\/2024\/10\/17\/justificatif-aidant-familial\/#article","isPartOf":{"@id":"https:\/\/preprod.weasywyg.com\/fr\/2024\/10\/17\/justificatif-aidant-familial\/"},"author":{"name":"Pierre Murzeau","@id":"https:\/\/preprod.weasywyg.com\/fr\/#\/schema\/person\/8b4382f5e6156ac0dec30415bb591535"},"headline":"Justificatif aidant familial : comment prouver et faire reconna\u00eetre son r\u00f4le d\u2019aidant ?","datePublished":"2024-10-17T08:44:19+00:00","dateModified":"2026-07-20T15:10:30+00:00","mainEntityOfPage":{"@id":"https:\/\/preprod.weasywyg.com\/fr\/2024\/10\/17\/justificatif-aidant-familial\/"},"wordCount":3261,"commentCount":0,"publisher":{"@id":"https:\/\/preprod.weasywyg.com\/fr\/#organization"},"image":{"@id":"https:\/\/preprod.weasywyg.com\/fr\/2024\/10\/17\/justificatif-aidant-familial\/#primaryimage"},"thumbnailUrl":"https:\/\/preprod.weasywyg.com\/wp-content\/uploads\/2026\/07\/IMG-250725-COUV-Justificatif-aidant-familial-scaled.webp","articleSection":["Aidants"],"inLanguage":"fr-FR","potentialAction":[{"@type":"CommentAction","name":"Comment","target":["https:\/\/preprod.weasywyg.com\/fr\/2024\/10\/17\/justificatif-aidant-familial\/#respond"]}]},{"@type":"WebPage","@id":"https:\/\/preprod.weasywyg.com\/fr\/2024\/10\/17\/justificatif-aidant-familial\/","url":"https:\/\/preprod.weasywyg.com\/fr\/2024\/10\/17\/justificatif-aidant-familial\/","name":"Justificatif aidant familial : statut, droits et d\u00e9marches 2025","isPartOf":{"@id":"https:\/\/preprod.weasywyg.com\/fr\/#website"},"primaryImageOfPage":{"@id":"https:\/\/preprod.weasywyg.com\/fr\/2024\/10\/17\/justificatif-aidant-familial\/#primaryimage"},"image":{"@id":"https:\/\/preprod.weasywyg.com\/fr\/2024\/10\/17\/justificatif-aidant-familial\/#primaryimage"},"thumbnailUrl":"https:\/\/preprod.weasywyg.com\/wp-content\/uploads\/2026\/07\/IMG-250725-COUV-Justificatif-aidant-familial-scaled.webp","datePublished":"2024-10-17T08:44:19+00:00","dateModified":"2026-07-20T15:10:30+00:00","description":"Comment obtenir un justificatif d\u2019aidant familial ? Statut, droits, formulaires, aides financi\u00e8res et d\u00e9marches expliqu\u00e9es pour 2025.","breadcrumb":{"@id":"https:\/\/preprod.weasywyg.com\/fr\/2024\/10\/17\/justificatif-aidant-familial\/#breadcrumb"},"inLanguage":"fr-FR","potentialAction":[{"@type":"ReadAction","target":["https:\/\/preprod.weasywyg.com\/fr\/2024\/10\/17\/justificatif-aidant-familial\/"]}]},{"@type":"ImageObject","inLanguage":"fr-FR","@id":"https:\/\/preprod.weasywyg.com\/fr\/2024\/10\/17\/justificatif-aidant-familial\/#primaryimage","url":"https:\/\/preprod.weasywyg.com\/wp-content\/uploads\/2026\/07\/IMG-250725-COUV-Justificatif-aidant-familial-scaled.webp","contentUrl":"https:\/\/preprod.weasywyg.com\/wp-content\/uploads\/2026\/07\/IMG-250725-COUV-Justificatif-aidant-familial-scaled.webp","width":2560,"height":1441},{"@type":"BreadcrumbList","@id":"https:\/\/preprod.weasywyg.com\/fr\/2024\/10\/17\/justificatif-aidant-familial\/#breadcrumb","itemListElement":[{"@type":"ListItem","position":1,"name":"Accueil","item":"https:\/\/preprod.weasywyg.com\/fr\/"},{"@type":"ListItem","position":2,"name":"Justificatif aidant familial : comment prouver et faire reconna\u00eetre son r\u00f4le d\u2019aidant ?"}]},{"@type":"WebSite","@id":"https:\/\/preprod.weasywyg.com\/fr\/#website","url":"https:\/\/preprod.weasywyg.com\/fr\/","name":"Orthopus","description":"Handitech solutions for everyone","publisher":{"@id":"https:\/\/preprod.weasywyg.com\/fr\/#organization"},"potentialAction":[{"@type":"SearchAction","target":{"@type":"EntryPoint","urlTemplate":"https:\/\/preprod.weasywyg.com\/fr\/?s={search_term_string}"},"query-input":{"@type":"PropertyValueSpecification","valueRequired":true,"valueName":"search_term_string"}}],"inLanguage":"fr-FR"},{"@type":"Organization","@id":"https:\/\/preprod.weasywyg.com\/fr\/#organization","name":"Orthopus","url":"https:\/\/preprod.weasywyg.com\/fr\/","logo":{"@type":"ImageObject","inLanguage":"fr-FR","@id":"https:\/\/preprod.weasywyg.com\/fr\/#\/schema\/logo\/image\/","url":"https:\/\/preprod.weasywyg.com\/wp-content\/uploads\/2026\/05\/logo.svg","contentUrl":"https:\/\/preprod.weasywyg.com\/wp-content\/uploads\/2026\/05\/logo.svg","caption":"Orthopus"},"image":{"@id":"https:\/\/preprod.weasywyg.com\/fr\/#\/schema\/logo\/image\/"}},{"@type":"Person","@id":"https:\/\/preprod.weasywyg.com\/fr\/#\/schema\/person\/8b4382f5e6156ac0dec30415bb591535","name":"Pierre Murzeau","image":{"@type":"ImageObject","inLanguage":"fr-FR","@id":"https:\/\/secure.gravatar.com\/avatar\/9c3ed8fbf8227342dcec0e3c388c902ea09285b1b3c21e000bf3853a2729a85b?s=96&d=mm&r=g","url":"https:\/\/secure.gravatar.com\/avatar\/9c3ed8fbf8227342dcec0e3c388c902ea09285b1b3c21e000bf3853a2729a85b?s=96&d=mm&r=g","contentUrl":"https:\/\/secure.gravatar.com\/avatar\/9c3ed8fbf8227342dcec0e3c388c902ea09285b1b3c21e000bf3853a2729a85b?s=96&d=mm&r=g","caption":"Pierre Murzeau"},"url":"https:\/\/preprod.weasywyg.com\/fr\/author\/orthopus-pierre-26\/"}]}},"taxonomy_info":{"category":[{"value":235,"label":"Aidants"}]},"featured_image_src_large":["https:\/\/preprod.weasywyg.com\/wp-content\/uploads\/2026\/07\/IMG-250725-COUV-Justificatif-aidant-familial-1024x576.webp",1024,576,true],"author_info":{"display_name":"Pierre Murzeau","author_link":"https:\/\/preprod.weasywyg.com\/fr\/author\/orthopus-pierre-26\/"},"comment_info":0,"category_info":[{"term_id":235,"name":"Aidants","slug":"aidants","term_group":0,"term_taxonomy_id":235,"taxonomy":"category","description":"","parent":0,"count":9,"filter":"raw","cat_ID":235,"category_count":9,"category_description":"","cat_name":"Aidants","category_nicename":"aidants","category_parent":0}],"tag_info":false,"_links":{"self":[{"href":"https:\/\/preprod.weasywyg.com\/fr\/wp-json\/wp\/v2\/posts\/19330","targetHints":{"allow":["GET"]}}],"collection":[{"href":"https:\/\/preprod.weasywyg.com\/fr\/wp-json\/wp\/v2\/posts"}],"about":[{"href":"https:\/\/preprod.weasywyg.com\/fr\/wp-json\/wp\/v2\/types\/post"}],"author":[{"embeddable":true,"href":"https:\/\/preprod.weasywyg.com\/fr\/wp-json\/wp\/v2\/users\/3"}],"replies":[{"embeddable":true,"href":"https:\/\/preprod.weasywyg.com\/fr\/wp-json\/wp\/v2\/comments?post=19330"}],"version-history":[{"count":3,"href":"https:\/\/preprod.weasywyg.com\/fr\/wp-json\/wp\/v2\/posts\/19330\/revisions"}],"predecessor-version":[{"id":19355,"href":"https:\/\/preprod.weasywyg.com\/fr\/wp-json\/wp\/v2\/posts\/19330\/revisions\/19355"}],"wp:featuredmedia":[{"embeddable":true,"href":"https:\/\/preprod.weasywyg.com\/fr\/wp-json\/wp\/v2\/media\/19352"}],"wp:attachment":[{"href":"https:\/\/preprod.weasywyg.com\/fr\/wp-json\/wp\/v2\/media?parent=19330"}],"wp:term":[{"taxonomy":"category","embeddable":true,"href":"https:\/\/preprod.weasywyg.com\/fr\/wp-json\/wp\/v2\/categories?post=19330"},{"taxonomy":"post_tag","embeddable":true,"href":"https:\/\/preprod.weasywyg.com\/fr\/wp-json\/wp\/v2\/tags?post=19330"}],"curies":[{"name":"wp","href":"https:\/\/api.w.org\/{rel}","templated":true}]}}