{"id":19337,"date":"2024-11-13T10:15:54","date_gmt":"2024-11-13T09:15:54","guid":{"rendered":"https:\/\/preprod.weasywyg.com\/?p=19337"},"modified":"2026-07-20T17:12:16","modified_gmt":"2026-07-20T15:12:16","slug":"aidant-formation-aidant-familial","status":"publish","type":"post","link":"https:\/\/preprod.weasywyg.com\/fr\/2024\/11\/13\/aidant-formation-aidant-familial\/","title":{"rendered":"Formation aidant familial : comprendre, choisir et b\u00e9n\u00e9ficier d\u2019un accompagnement adapt\u00e9"},"content":{"rendered":"\n<h2 class=\"wp-block-heading\">D\u00e9finir le r\u00f4le d\u2019aidant familial et les enjeux d\u2019une formation adapt\u00e9e<\/h2>\n\n\n\n<p class=\"wp-block-paragraph\">Si vous \u00eates d\u00e9j\u00e0 pass\u00e9 \u00e0 Paris, dans le quartier de Montmartre, vous avez s\u00fbrement aper\u00e7u la fameuse statue unique en son genre qu\u2019est celle du Passe-Muraille.<\/p>\n\n\n\n<figure class=\"wp-block-image size-full\"><img loading=\"lazy\" decoding=\"async\" width=\"1000\" height=\"667\" src=\"https:\/\/preprod.weasywyg.com\/wp-content\/uploads\/2026\/07\/IMG-250716-Le-Passe-Muraille.webp\" alt=\"Statue du passe muraille, m\u00e9taphore\" class=\"wp-image-19338\" srcset=\"https:\/\/preprod.weasywyg.com\/wp-content\/uploads\/2026\/07\/IMG-250716-Le-Passe-Muraille.webp 1000w, https:\/\/preprod.weasywyg.com\/wp-content\/uploads\/2026\/07\/IMG-250716-Le-Passe-Muraille-300x200.webp 300w, https:\/\/preprod.weasywyg.com\/wp-content\/uploads\/2026\/07\/IMG-250716-Le-Passe-Muraille-768x512.webp 768w\" sizes=\"auto, (max-width: 1000px) 100vw, 1000px\" \/><figcaption class=\"wp-element-caption\">Statue du Passe-Muraille, place Marcel Aym\u00e9, 75018 Paris.<\/figcaption><\/figure>\n\n\n\n<p class=\"wp-block-paragraph\">Hommage singulier \u00e0 l\u2019\u0153uvre de Marcel Aym\u00e9 : Le Passe-Muraille, paru en 1943. La statue rend tangible la nouvelle fantastique mettant en sc\u00e8ne monsieur Dutilleul. Ce dernier pouvait traverser les murs \u00e0 sa guise et ainsi cumuler plusieurs vies sans restriction. Puis vient un jour fatidique o\u00f9 son don le quitte en plein milieu de la travers\u00e9e d\u2019un mur, immortalis\u00e9 par l\u2019\u0153uvre ci-haut. Dans ce m\u00eame recueil de nouvelles, on trouve \u00e9galement celle des Sabines. Sabine est une femme poss\u00e9dant le don d\u2019ubiquit\u00e9 et qui cumule elle aussi plusieurs trains de vie. Ces deux personnages semblent ir\u00e9els, presques magiques. Pourtant, ils incarnent \u00e0 leur mani\u00e8re une r\u00e9alit\u00e9 bien plus proche de nous qu\u2019il n\u2019y para\u00eet. Ils nous parlent de charge mentale, de d\u00e9doublement de l\u2019existence, de ces vies multiples qu\u2019on m\u00e8ne parfois dans l\u2019ombre. C\u2019est justement le quotidien de nombreux aidants familiaux. Des femmes et des hommes qui, sans don surnaturel mais avec une force souvent invisible, jonglent entre travail, famille, soins, formation aidant familial, d\u00e9marches administratives et pr\u00e9sence constante aupr\u00e8s d\u2019un\u2022e proche en situation de d\u00e9pendance.<\/p>\n\n\n\n<p class=\"wp-block-paragraph\">Mais les\u00a0<a href=\"https:\/\/www.aidants.fr\/fonds-documentaire\/dossiers-thematiques\/reconnaissance\/#:~:text=Les%20aidants%2C%20un%20sujet%20qui,d'aidants%20dans%20notre%20pays%20!\" target=\"_blank\" rel=\"noreferrer noopener\"><strong>8,3 millions d\u2019aidant\u2022es recens\u00e9s en France<\/strong><\/a>\u00a0ne sont pas comme monsieur Dutilleul ou les Sabines. Ils n\u2019ont ni le luxe de dispara\u00eetre dans les murs, ni celui de se multiplier \u00e0 volont\u00e9. Pourtant, chaque jour, ils franchissent des fronti\u00e8res invisibles : celles de la\u00a0<a href=\"https:\/\/orthopus.com\/fr\/aidant\/amenagement-temps-de-travail-aidant-familial\/\">fatigue<\/a>, du temps, de leurs propres limites, pour soutenir ceux qu\u2019ils aiment.<\/p>\n\n\n<div class=\"orthopus-poulpe-tip wp-block-orthopus-poulpe-tip\">\n\t\t<div class=\"poulpe-tip__icon\" aria-hidden=\"true\">\n\t\t<span class=\"poulpe-tip__icon-placeholder\">\ud83d\udc19<\/span>\n\t<\/div>\n\n\t<div class=\"poulpe-tip__content\">\n\t\t\t\t\t<p class=\"poulpe-tip__title\"><strong>Le vocab\u2019 du poulpe : aidant familial, k\u00e9zako ?<\/strong><\/p>\n\t\t\t\t\t\t\t<p class=\"poulpe-tip__body\"><strong>Un aidant familial<\/strong>\u00a0est une personne non professionnelle qui apporte de mani\u00e8re r\u00e9guli\u00e8re et significative une aide \u00e0 un proche en situation de d\u00e9pendance.<br><br><strong>Cette aide peut concerner :<\/strong><br>un parent \u00e2g\u00e9 en perte d\u2019autonomie,<br>un enfant en situation de handicap,<br>un\u2022e proche vivant avec une maladie chronique ou d\u2019un trouble mental,<br>ou encore une personne en convalescence ou avec un handicap temporaire ou permanent.<br>L\u2019aide fournie peut \u00eatre d\u2019ordre physique (toilette, d\u00e9placements), logistique (courses, rendez-vous m\u00e9dicaux), administratif ou encore \u00e9motionnel.<br><br>Si vous avez d\u00e9j\u00e0 entendu les termes \u201cproches aidants\u201d ou \u201caidants naturels\u201d, ils d\u00e9signent la m\u00eame attribution qu\u2019aidant familial. De nos jours il n\u2019y a pas de diff\u00e9rence juridique, ce sont simplement des variantes d\u2019une m\u00eame signification.<br><\/p>\n\t\t\t<\/div>\n<\/div>\n\n\n\n<figure class=\"wp-block-image size-large\"><img loading=\"lazy\" decoding=\"async\" width=\"1024\" height=\"554\" src=\"https:\/\/preprod.weasywyg.com\/wp-content\/uploads\/2026\/07\/SCH-250722-Proche-aidant-1-1024x554.webp\" alt=\"Statistiques en France : 14,8% des personnes sont des proches aidants, soit 9,3 millions de personnes\" class=\"wp-image-19315\" srcset=\"https:\/\/preprod.weasywyg.com\/wp-content\/uploads\/2026\/07\/SCH-250722-Proche-aidant-1-1024x554.webp 1024w, https:\/\/preprod.weasywyg.com\/wp-content\/uploads\/2026\/07\/SCH-250722-Proche-aidant-1-300x162.webp 300w, https:\/\/preprod.weasywyg.com\/wp-content\/uploads\/2026\/07\/SCH-250722-Proche-aidant-1-768x415.webp 768w\" sizes=\"auto, (max-width: 1024px) 100vw, 1024px\" \/><\/figure>\n\n\n\n<h2 class=\"wp-block-heading\">Pourquoi suivre une formation en tant qu\u2019aidant familial ?<\/h2>\n\n\n\n<p class=\"wp-block-paragraph\">\u00catre aidant familial \u00e7a ne s\u2019improvise pas, ce n\u2019est pas un soutien ponctuel que l\u2019on apporte \u00e0 une personne. C\u2019est un engagement souvent sur une longue p\u00e9riode, parfois sans pr\u00e9paration, pour aider un\u2022e proche en perte d\u2019autonomie, malade, handicap\u00e9\u2022e ou bien encore \u00e2g\u00e9\u2022e. Face \u00e0 cette responsabilit\u00e9, beaucoup d\u2019aidant\u2022es ressentent souvent le besoin de se former pour mieux comprendre, mieux agir et surtout mieux vivre leur r\u00f4le. L\u2019objectif principal est d\u2019apprendre les bons gestes mais aussi de pr\u00e9server sa sant\u00e9 mentale tout en s\u2019occupant de la personne d\u00e9pendante. Se former, c\u2019est aussi un moment pour rencontrer d\u2019autres personnes, surtout quand on a peu de temps libre. Ces temps d\u2019apprentissage sont riches en \u00e9changes, ce qui peut faire du bien dans un quotidien souvent difficile.<\/p>\n\n\n\n<p class=\"wp-block-paragraph\">Ces formations aidant familial leur permettent de monter en comp\u00e9tences et non pas de se \u201cprofessionnaliser\u201d. Ils acqui\u00e8rent des connaissances pratiques et gagnent en confiance dans leur quotidien. Le stress est diminu\u00e9 et la sant\u00e9 mentale pr\u00e9serv\u00e9e !<\/p>\n\n\n<div class=\"orthopus-poulpe-tip wp-block-orthopus-poulpe-tip\">\n\t\t<div class=\"poulpe-tip__icon\" aria-hidden=\"true\">\n\t\t<span class=\"poulpe-tip__icon-placeholder\">\ud83d\udc19<\/span>\n\t<\/div>\n\n\t<div class=\"poulpe-tip__content\">\n\t\t\t\t\t<p class=\"poulpe-tip__title\"><strong>Le coup de pouce du poulpe : quelques liens utiles :\u00a0<\/strong><\/p>\n\t\t\t\t\t\t\t<p class=\"poulpe-tip__body\">&#8211; Vid\u00e9o teaser des formations aidant familial :\u00a0<a href=\"https:\/\/youtu.be\/bFE7a33FWLM\" target=\"_blank\" rel=\"noreferrer noopener\">https:\/\/youtu.be\/bFE7a33FWLM<\/a><br>&#8211; Test d\u2019auto-diagnostic sur la situation d\u2019aidant :\u00a0<a href=\"https:\/\/jaidejemevalue.fr\/\" target=\"_blank\" rel=\"noreferrer noopener\">https:\/\/jaidejemevalue.fr\/<\/a><\/p>\n\t\t\t<\/div>\n<\/div>\n\n\n\n<h2 class=\"wp-block-heading\">Comment se d\u00e9roule une formation d\u2019aidant familial ? Modalit\u00e9s et organisation<\/h2>\n\n\n\n<p class=\"wp-block-paragraph\">Lorsqu\u2019un\u2022e aidant\u2022e prend la d\u00e9cision de se former, il ou elle peut choisir un module pr\u00e9cis :&nbsp;<strong>g\u00e9n\u00e9rique ou sp\u00e9cialis\u00e9<\/strong>.<\/p>\n\n\n\n<ul class=\"wp-block-list\">\n<li><strong>G\u00e9n\u00e9rique :<\/strong>\u00a0pour tous les aidant\u2022es, quelle que soit la pathologie de la personne accompagn\u00e9e.<\/li>\n\n\n\n<li><strong>Sp\u00e9cialis\u00e9 :<\/strong>\u00a0selon les pathologies (<a href=\"https:\/\/www.pasteur.fr\/fr\/centre-medical\/fiches-maladies\/alzheimer-maladie\" target=\"_blank\" rel=\"noreferrer noopener\">Alzheimer<\/a>,\u00a0<a href=\"https:\/\/www.inserm.fr\/dossier\/accident-vasculaire-cerebral-avc\/\" target=\"_blank\" rel=\"noreferrer noopener\">Accident vasculaire c\u00e9r\u00e9bral<\/a>, cancer, troubles psychiques, etc.)<\/li>\n<\/ul>\n\n\n\n<p class=\"wp-block-paragraph\">Les formations se veulent au plus pratique avec des temps courts d\u2019environ 20 minutes en plusieurs sessions. Par ailleurs, ils sont possiblement accessibles \u00e0 tout moment depuis chez soi.<\/p>\n\n\n\n<p class=\"wp-block-paragraph\">Le format en pr\u00e9sentiel s\u2019organise en atelier de groupe avec une r\u00e9partition sur plusieurs jours ou semaines. Ces modalit\u00e9s flexibles permettent \u00e0 chacun\u2022e de s\u2019informer, s\u2019il ou elle le souhaite, sur diff\u00e9rents sujets li\u00e9s au r\u00f4le d\u2019aidant\u2022e.<\/p>\n\n\n\n<p class=\"wp-block-paragraph\">Encadr\u00e9s par le\u00a0<a href=\"https:\/\/www.legifrance.gouv.fr\/codes\/texte_lc\/LEGITEXT000006072665\/\" target=\"_blank\" rel=\"noreferrer noopener\">Code de la sant\u00e9 publique<\/a>\u00a0dans plusieurs textes, notamment le droit \u00e0 l\u2019information de l\u2019aidant,\u00a0<a href=\"https:\/\/orthopus.com\/fr\/aidant\/halte-repit\/\" target=\"_blank\" rel=\"noreferrer noopener\">le droit au r\u00e9pit<\/a>\u00a0et le soutien \u00e0 la pr\u00e9vention des risques li\u00e9s \u00e0\u00a0<a href=\"https:\/\/orthopus.com\/fr\/aidant\/amenagement-temps-de-travail-aidant-familial\/\" target=\"_blank\" rel=\"noreferrer noopener\">l\u2019\u00e9puisement<\/a>\u00a0; ces formations aidant familial peuvent s\u2019effectuer \u00e0 travers diverses structures telles que :<\/p>\n\n\n\n<ul class=\"wp-block-list\">\n<li>Des associations sp\u00e9cialis\u00e9es comme l\u2019<a href=\"https:\/\/www.aidants.fr\/\" target=\"_blank\" rel=\"noreferrer noopener\">Association fran\u00e7aise des aidants<\/a>\u00a0ou le\u00a0<a href=\"https:\/\/cif-aidants.com\/\" target=\"_blank\" rel=\"noreferrer noopener\">CIF-Aidants<\/a><\/li>\n\n\n\n<li>Des Centres communaux d\u2019action sociale (CCAS)<\/li>\n\n\n\n<li>Des\u00a0<a href=\"https:\/\/www.monparcourshandicap.gouv.fr\/aides\/la-maison-departementale-des-personnes-handicapees-mdph-missions-et-fonctionnement\" target=\"_blank\" rel=\"noreferrer noopener\">Maisons d\u00e9partementales des personnes handicap\u00e9es (MDPH)<\/a><\/li>\n\n\n\n<li>Des \u00e9tablissements de sant\u00e9 ou des h\u00f4pitaux<\/li>\n<\/ul>\n\n\n\n<p class=\"wp-block-paragraph\">L\u2019acc\u00e8s est tr\u00e8s souvent gratuit,\u00a0<a href=\"https:\/\/orthopus.com\/fr\/aides-financieres\/aides-financieres-handicap\/\" target=\"_blank\" rel=\"noreferrer noopener\">financ\u00e9 par des dispositifs publics<\/a>\u00a0ou des partenaires associatifs. Dans la plupart des cas, une simple inscription en ligne ou par t\u00e9l\u00e9phone suffit, sans conditions de ressources ou de statut.<\/p>\n\n\n\n<h2 class=\"wp-block-heading\">Combien co\u00fbte une formation pour aidant familial ? Tarifs, prises en charge et aides disponibles<\/h2>\n\n\n\n<h3 class=\"wp-block-heading\">Formations gratuites : le cas le plus fr\u00e9quent<\/h3>\n\n\n\n<p class=\"wp-block-paragraph\">Si vous \u00eates convaincu\u2022e de vous former, bonne nouvelle : la majorit\u00e9 des formations sont gratuites gr\u00e2ce \u00e0 des financements publics et associatifs tels que :<\/p>\n\n\n\n<ul class=\"wp-block-list\">\n<li>Des organismes publics (<a href=\"https:\/\/www.cnsa.fr\/\" target=\"_blank\" rel=\"noreferrer noopener\">CNSA<\/a>,\u00a0<a href=\"https:\/\/www.ars.sante.fr\/\" target=\"_blank\" rel=\"noreferrer noopener\">ARS<\/a>, collectivit\u00e9s locales,\u00a0<a href=\"https:\/\/mdphenligne.cnsa.fr\/\" target=\"_blank\" rel=\"noreferrer noopener\">MDPH<\/a>),<\/li>\n\n\n\n<li>Des fondations ou associations comme la\u00a0<a href=\"https:\/\/www.fondation-april.org\/fr\/\" target=\"_blank\" rel=\"noreferrer noopener\">Fondation April<\/a>, l\u2019<a href=\"https:\/\/www.aidants.fr\/\" target=\"_blank\" rel=\"noreferrer noopener\">Association Fran\u00e7aise des Aidants<\/a>,\u00a0<a href=\"https:\/\/www.francealzheimer.org\/\" target=\"_blank\" rel=\"noreferrer noopener\">France Alzheimer<\/a>, etc.<\/li>\n<\/ul>\n\n\n\n<p class=\"wp-block-paragraph\">Ces formations, souvent g\u00e9n\u00e9ralistes mais parfois cibl\u00e9es par pathologie, sont con\u00e7ues pour aborder \u00e0 la fois la relation aidant-aid\u00e9, les gestes du quotidien, la communication, et surtout, la pr\u00e9servation de l\u2019\u00e9quilibre personnel.<\/p>\n\n\n\n<h3 class=\"wp-block-heading\">Quelles aides financi\u00e8res existent pour les aidants ?<\/h3>\n\n\n\n<p class=\"wp-block-paragraph\">Les aidants familiaux peuvent b\u00e9n\u00e9ficier de plusieurs\u00a0<a href=\"https:\/\/orthopus.com\/fr\/aides-financieres\/aides-financieres-handicap\/\" target=\"_blank\" rel=\"noreferrer noopener\">financements<\/a>\u00a0ou de compensations pour faciliter leur acc\u00e8s \u00e0 la formation. Ces aides se r\u00e9partissent en quatre cat\u00e9gories :<\/p>\n\n\n\n<div data-wp-context=\"{ &quot;autoclose&quot;: false, &quot;accordionItems&quot;: [] }\" data-wp-interactive=\"core\/accordion\" role=\"group\" class=\"wp-block-accordion is-layout-flow wp-block-accordion-is-layout-flow\">\n<div data-wp-class--is-open=\"state.isOpen\" data-wp-context=\"{ &quot;id&quot;: &quot;accordion-item-1&quot;, &quot;openByDefault&quot;: false }\" data-wp-init=\"callbacks.initAccordionItems\" data-wp-on-window--hashchange=\"callbacks.hashChange\" class=\"wp-block-accordion-item is-layout-flow wp-block-accordion-item-is-layout-flow\">\n<h3 class=\"wp-block-accordion-heading\"><button aria-expanded=\"false\" aria-controls=\"accordion-item-1-panel\" data-wp-bind--aria-expanded=\"state.isOpen\" data-wp-on--click=\"actions.toggle\" id=\"accordion-item-1\" type=\"button\" class=\"wp-block-accordion-heading__toggle\"><span class=\"wp-block-accordion-heading__toggle-title\"><a>Financements publics et associatifs<\/a><\/span><span class=\"wp-block-accordion-heading__toggle-icon\" aria-hidden=\"true\">+<\/span><\/button><\/h3>\n\n\n\n<div aria-labelledby=\"accordion-item-1\" data-wp-bind--hidden=\"state.isHidden\" data-wp-on--beforematch=\"actions.handleBeforeMatch\" id=\"accordion-item-1-panel\" role=\"region\" class=\"wp-block-accordion-panel is-layout-flow wp-block-accordion-panel-is-layout-flow\">\n<ul class=\"wp-block-list\">\n<li><strong>Subventions publiques :<\/strong><br>Certaines formations peuvent \u00eatre totalement ou partiellement financ\u00e9es par l\u2019\u00c9tat, les\u00a0<a href=\"https:\/\/www.ars.sante.fr\/\" target=\"_blank\" rel=\"noreferrer noopener\">Agences r\u00e9gionales de sant\u00e9<\/a>\u00a0(ARS) ou les Conseils d\u00e9partementaux, rendant ainsi la formation gratuite pour les aidant\u2022es.<\/li>\n<\/ul>\n\n\n\n<ul class=\"wp-block-list\">\n<li><strong>Aides associatives :<\/strong><br>Des associations comme\u00a0<a href=\"https:\/\/www.francealzheimer.org\/\" target=\"_blank\" rel=\"noreferrer noopener\">France Alzheimer<\/a>\u00a0ou\u00a0<a href=\"https:\/\/www.apf-francehandicap.org\/\" target=\"_blank\" rel=\"noreferrer noopener\">APF France Handicap<\/a>\u00a0proposent \u00e9galement des prises en charge financi\u00e8res, en fonction des situations.<\/li>\n<\/ul>\n\n\n\n<ul class=\"wp-block-list\">\n<li><strong>Aides sp\u00e9cifiques via les MDPH :<\/strong><br>Les\u00a0<a href=\"https:\/\/mdphenligne.cnsa.fr\/\" target=\"_blank\" rel=\"noreferrer noopener\">Maisons D\u00e9partementales des Personnes Handicap\u00e9es<\/a>\u00a0(MDPH) peuvent orienter vers des dispositifs sp\u00e9cifiques selon les besoins de l\u2019aidant\u2022e et de la personne aid\u00e9e.<\/li>\n<\/ul>\n<\/div>\n<\/div>\n\n\n\n<div data-wp-class--is-open=\"state.isOpen\" data-wp-context=\"{ &quot;id&quot;: &quot;accordion-item-2&quot;, &quot;openByDefault&quot;: false }\" data-wp-init=\"callbacks.initAccordionItems\" data-wp-on-window--hashchange=\"callbacks.hashChange\" class=\"wp-block-accordion-item is-layout-flow wp-block-accordion-item-is-layout-flow\">\n<h3 class=\"wp-block-accordion-heading\"><button aria-expanded=\"false\" aria-controls=\"accordion-item-2-panel\" data-wp-bind--aria-expanded=\"state.isOpen\" data-wp-on--click=\"actions.toggle\" id=\"accordion-item-2\" type=\"button\" class=\"wp-block-accordion-heading__toggle\"><span class=\"wp-block-accordion-heading__toggle-title\"><a><a>Le droit au r\u00e9pit<\/a><\/a><\/span><span class=\"wp-block-accordion-heading__toggle-icon\" aria-hidden=\"true\">+<\/span><\/button><\/h3>\n\n\n\n<div aria-labelledby=\"accordion-item-2\" data-wp-bind--hidden=\"state.isHidden\" data-wp-on--beforematch=\"actions.handleBeforeMatch\" id=\"accordion-item-2-panel\" role=\"region\" class=\"wp-block-accordion-panel is-layout-flow wp-block-accordion-panel-is-layout-flow\">\n<ul class=\"wp-block-list\">\n<li>Le\u00a0<a href=\"https:\/\/orthopus.com\/fr\/aidant\/halte-repit\/\" target=\"_blank\" rel=\"noreferrer noopener\">droit au r\u00e9pit<\/a>\u00a0(<a href=\"https:\/\/www.monparcourshandicap.gouv.fr\/aidant\/les-solutions-de-repit-pour-les-aidants\">loi ASV<\/a>) permet aux aidant\u2022es de b\u00e9n\u00e9ficier d\u2019un financement pour l\u2019accueil temporaire de leur proche, \u00e0 domicile ou en \u00e9tablissement, pendant leur formation.<\/li>\n<\/ul>\n\n\n\n<ul class=\"wp-block-list\">\n<li>Une majoration pour accueillir un\u2022e proche dans une solution de r\u00e9pit est disponible via l\u2019APA (<a href=\"https:\/\/www.service-public.fr\/particuliers\/vosdroits\/F10009\" target=\"_blank\" rel=\"noreferrer noopener\">Aide personnalis\u00e9e d\u2019autonomie<\/a>) \u2013 vers\u00e9e par le Conseil d\u00e9partemental. Le plafond annuel de cette majoration s\u2019\u00e9l\u00e8ve \u00e0\u00a0<a href=\"https:\/\/www.pour-les-personnes-agees.gouv.fr\/solutions-pour-les-aidants\/soutien-financier\/l-aide-au-repit-dans-le-cadre-de-l-apa\" target=\"_blank\" rel=\"noreferrer noopener\">573.77\u20ac<\/a>\u00a0en 2025 (variable selon les d\u00e9partements).<\/li>\n<\/ul>\n\n\n\n<ul class=\"wp-block-list\">\n<li>D\u00e9marches \u00e0 effectuer via la\u00a0<a href=\"https:\/\/mdphenligne.cnsa.fr\/\" target=\"_blank\" rel=\"noreferrer noopener\">MDPH<\/a>\u00a0ou le Conseil d\u00e9partemental.<\/li>\n<\/ul>\n<\/div>\n<\/div>\n\n\n\n<div data-wp-class--is-open=\"state.isOpen\" data-wp-context=\"{ &quot;id&quot;: &quot;accordion-item-3&quot;, &quot;openByDefault&quot;: false }\" data-wp-init=\"callbacks.initAccordionItems\" data-wp-on-window--hashchange=\"callbacks.hashChange\" class=\"wp-block-accordion-item is-layout-flow wp-block-accordion-item-is-layout-flow\">\n<h3 class=\"wp-block-accordion-heading\"><button aria-expanded=\"false\" aria-controls=\"accordion-item-3-panel\" data-wp-bind--aria-expanded=\"state.isOpen\" data-wp-on--click=\"actions.toggle\" id=\"accordion-item-3\" type=\"button\" class=\"wp-block-accordion-heading__toggle\"><span class=\"wp-block-accordion-heading__toggle-title\"><a><a>Aide \u00e0 la garde du proche aid\u00e9 pendant la formation<\/a><\/a><\/span><span class=\"wp-block-accordion-heading__toggle-icon\" aria-hidden=\"true\">+<\/span><\/button><\/h3>\n\n\n\n<div aria-labelledby=\"accordion-item-3\" data-wp-bind--hidden=\"state.isHidden\" data-wp-on--beforematch=\"actions.handleBeforeMatch\" id=\"accordion-item-3-panel\" role=\"region\" class=\"wp-block-accordion-panel is-layout-flow wp-block-accordion-panel-is-layout-flow\">\n<p class=\"wp-block-paragraph\">Certains dispositifs locaux proposent la prise en charge partielle des frais de remplacement de l\u2019aidant\u2022e, notamment lors des formations en pr\u00e9sentiel. Vous pouvez vous renseigner aupr\u00e8s de votre collectivit\u00e9 territoriale ou centre de formation.<\/p>\n<\/div>\n<\/div>\n\n\n\n<div data-wp-class--is-open=\"state.isOpen\" data-wp-context=\"{ &quot;id&quot;: &quot;accordion-item-4&quot;, &quot;openByDefault&quot;: false }\" data-wp-init=\"callbacks.initAccordionItems\" data-wp-on-window--hashchange=\"callbacks.hashChange\" class=\"wp-block-accordion-item is-layout-flow wp-block-accordion-item-is-layout-flow\">\n<h3 class=\"wp-block-accordion-heading\"><button aria-expanded=\"false\" aria-controls=\"accordion-item-4-panel\" data-wp-bind--aria-expanded=\"state.isOpen\" data-wp-on--click=\"actions.toggle\" id=\"accordion-item-4\" type=\"button\" class=\"wp-block-accordion-heading__toggle\"><span class=\"wp-block-accordion-heading__toggle-title\"><a><a><a>Aides compl\u00e9mentaires<\/a><\/a><\/a><\/span><span class=\"wp-block-accordion-heading__toggle-icon\" aria-hidden=\"true\">+<\/span><\/button><\/h3>\n\n\n\n<div aria-labelledby=\"accordion-item-4\" data-wp-bind--hidden=\"state.isHidden\" data-wp-on--beforematch=\"actions.handleBeforeMatch\" id=\"accordion-item-4-panel\" role=\"region\" class=\"wp-block-accordion-panel is-layout-flow wp-block-accordion-panel-is-layout-flow\">\n<ul class=\"wp-block-list\">\n<li><strong>Mutuelles et ciasses de retraite :<\/strong><br>Certaines mutuelles comme\u00a0<a href=\"https:\/\/www.malakoffhumanis.com\/\" target=\"_blank\" rel=\"noreferrer noopener\">Malakoff Humanis<\/a>, par exemple, proposent des aides d\u00e9di\u00e9es aux aidant\u2022es en formation.<\/li>\n<\/ul>\n\n\n\n<ul class=\"wp-block-list\">\n<li><strong>Soutien de l\u2019employeur\u2022e :<br><\/strong>Le\u00a0<a href=\"https:\/\/www.service-public.fr\/particuliers\/vosdroits\/F34474\">CSE<\/a>\u00a0ou les ressources humaines de certaines entreprises peuvent financer tout ou partie des frais de formation des salari\u00e9\u2022es aidant\u2022es.<\/li>\n<\/ul>\n\n\n\n<ul class=\"wp-block-list\">\n<li><strong>Cr\u00e9dit d\u2019imp\u00f4t \u201cemploi \u00e0 domicile\u201d :<br><\/strong>Si l\u2019aidant\u2022e fait appel \u00e0 une aide \u00e0 domicile pour s\u2019occuper de son proche durant la formation, une partie des frais peut \u00eatre d\u00e9duite fiscalement.<\/li>\n<\/ul>\n<\/div>\n<\/div>\n<\/div>\n\n\n\n<h3 class=\"wp-block-heading\">Conseils pratiques pour acc\u00e9der aux aides<\/h3>\n\n\n\n<p class=\"wp-block-paragraph\">Pour augmenter vos chances d\u2019obtenir un financement, pensez \u00e0 v\u00e9rifier aupr\u00e8s de l\u2019organisme financeur si la formation est payante, \u00e0 vous renseigner sur les aides locales et \u00e0 consulter le\u00a0<a href=\"https:\/\/www.aidants.fr\/vous-etes-professionnel\/participer-a-une-formation\/catalogue-des-formations\/\" target=\"_blank\" rel=\"noreferrer noopener\">catalogue interactif<\/a>\u00a0de l\u2019<a href=\"https:\/\/www.aidants.fr\/\">Association fran\u00e7aise des aidants<\/a>\u00a0pour trouver des formations pr\u00e8s de chez vous.<\/p>\n\n\n\n<h2 class=\"wp-block-heading\">Que contient concr\u00e8tement une formation ? Les principaux modules expliqu\u00e9s<\/h2>\n\n\n\n<p class=\"wp-block-paragraph\">Les formations \u00e0 destination des aidant\u2022es sont con\u00e7ues pour les aiguiller face aux situations du quotidien. Elles suivent g\u00e9n\u00e9ralement des programmes structur\u00e9s en plusieurs modules th\u00e9matiques comme ceux propos\u00e9s par l\u2019<a href=\"https:\/\/formation.aidants.fr\/\" target=\"_blank\" rel=\"noreferrer noopener\">Association fran\u00e7aise des aidants<\/a>, lesquels s\u2019articulent en six axes distincts :<\/p>\n\n\n\n<ul class=\"wp-block-list\">\n<li><strong>Comprendre la maladie ou le handicap :<\/strong>\u00a0apporte les bases essentielles pour mieux appr\u00e9hender l\u2019\u00e9volution du handicap ou de la maladie, les sympt\u00f4mes au quotidien et les besoins sp\u00e9cifiques de la personne aid\u00e9e.<\/li>\n\n\n\n<li><strong>\u00catre aidant\u2022e, r\u00f4le, posture et limites :<\/strong>\u00a0interroge la place de l\u2019aidant\u2022e, ses responsabilit\u00e9s, ses limites personnelles et \u00e9motionnelles, ainsi que sa reconnaissance et son droit \u00e0 l\u2019accompagnement.<\/li>\n\n\n\n<li><strong>Relation au quotidien :\u00a0<\/strong>explore la communication adapt\u00e9e avec le ou la proche aid\u00e9\u2022e, la gestion des routines quotidiennes, la pr\u00e9vention et la gestion des conflits, etc.<\/li>\n\n\n\n<li><strong>Travailler avec les professionnels :<\/strong>\u00a0explique comment mieux coop\u00e9rer avec l\u2019\u00e9quipe m\u00e9dico-social en comprenant leurs r\u00f4les, les outils de transmission d\u2019informations, etc.<\/li>\n\n\n\n<li><strong>Gestes du quotidien :<\/strong>\u00a0aborde les techniques de base pour des soins d\u2019hygi\u00e8ne, la mobilit\u00e9 et les transferts, de m\u00eame que l\u2019aide \u00e0 l\u2019alimentation et \u00e0 l\u2019hydratation.<\/li>\n\n\n\n<li><strong>Pr\u00e9server sa vie personnelle :<\/strong>\u00a0insiste sur le fait que l\u2019aidant\u2022e ne doit pas s\u2019oublier et essayer de concilier vie professionnelle et aidant familial, tout en pr\u00e9servant sa sant\u00e9 mentale et physique, possible notamment gr\u00e2ce aux temps de r\u00e9pit.<\/li>\n<\/ul>\n\n\n\n<blockquote class=\"wp-block-quote is-layout-flow wp-block-quote-is-layout-flow\">\n<p class=\"wp-block-paragraph\">Les th\u00e9matiques de modules ci-haut sont toutes disponibles gratuitement sur\u00a0<a href=\"https:\/\/formation.aidants.fr\/\" target=\"_blank\" rel=\"noreferrer noopener\">https:\/\/formation.aidants.fr\/<\/a>. Si vous souhaitez vous inscrire, il est possible de le faire\u00a0<a href=\"https:\/\/formation.aidants.fr\/inscription\">ici<\/a>.<\/p>\n\n\n\n<h2 class=\"wp-block-heading\">Se former selon la pathologie de son proche : vers des formations plus sp\u00e9cialis\u00e9es<\/h2>\n<\/blockquote>\n\n\n\n<div class=\"wp-block-media-text is-stacked-on-mobile is-vertically-aligned-center\" style=\"grid-template-columns:44% auto\"><figure class=\"wp-block-media-text__media\"><img loading=\"lazy\" decoding=\"async\" width=\"768\" height=\"1024\" src=\"https:\/\/preprod.weasywyg.com\/wp-content\/uploads\/2026\/07\/IMG-250717-Installation-Londres-768x1024-1.webp\" alt=\"Installation chez une des b\u00eata-testeuses de l\u2019ORTHOPUS Supporter\" class=\"wp-image-19339 size-full\" srcset=\"https:\/\/preprod.weasywyg.com\/wp-content\/uploads\/2026\/07\/IMG-250717-Installation-Londres-768x1024-1.webp 768w, https:\/\/preprod.weasywyg.com\/wp-content\/uploads\/2026\/07\/IMG-250717-Installation-Londres-768x1024-1-225x300.webp 225w\" sizes=\"auto, (max-width: 768px) 100vw, 768px\" \/><\/figure><div class=\"wp-block-media-text__content\">\n<p class=\"wp-block-paragraph\">Les besoins d\u2019un aidant familial varient en fonction de la maladie ou du handicap du proche aid\u00e9. C\u2019est pourquoi il existe des formations adapt\u00e9es \u00e0 certaines pathologies (<a href=\"https:\/\/www.pasteur.fr\/fr\/centre-medical\/fiches-maladies\/alzheimer-maladie\" target=\"_blank\" rel=\"noreferrer noopener\"><strong>Alzheimer<\/strong><\/a>,\u00a0<a href=\"https:\/\/www.inserm.fr\/dossier\/parkinson-maladie\/\" target=\"_blank\" rel=\"noreferrer noopener\"><strong>Parkinson<\/strong><\/a>, autisme,\u00a0<a href=\"https:\/\/www.inserm.fr\/dossier\/sclerose-en-plaques-sep\/\" target=\"_blank\" rel=\"noreferrer noopener\"><strong>scl\u00e9rose en plaques<\/strong><\/a>, handicap moteur\u2026) et qui proposent des contenus cibl\u00e9s et concrets. Elles tiennent compte des sympt\u00f4mes et des comportements associ\u00e9s, tout en passant par les aides techniques. Souvent co anim\u00e9es par des professionnel\u2022les de sant\u00e9, leur objectif est d\u2019apporter des conseils personnalis\u00e9s et des d\u00e9monstrations concr\u00e8tes, le format atelier en pr\u00e9sentiel est d\u2019ailleurs souvent privil\u00e9gi\u00e9 en termes de praticit\u00e9.<br><br>Les aides techniques font souvent partie int\u00e9grante de la vie d\u2019une personne aid\u00e9e une fois \u00e9quip\u00e9e. Il est donc essentiel que l\u2019aidant, qu\u2019il soit professionnel ou non, connaisse au mieux le dispositif. Chez ORTHOPUS, lorsque nous \u00e9quipons nous m\u00eame un\u2022e nouvel\u2022le utilisateur\u2022rice, nous prenons le temps de former son aidant\u2022e. Cela fait partie de l\u2019installation. Ces connaissances ajout\u00e9es participent \u00e0 la formation de l\u2019aidant\u2022e et lui permettent bien souvent de mieux comprendre la personne qu\u2019il ou elle assiste au quotidien.<br><br><\/p>\n<\/div><\/div>\n\n\n\n<h2 class=\"wp-block-heading\">\u00c0 qui s\u2019adresser pour se former ? Acteurs, plateformes et accompagnements<\/h2>\n\n\n\n<p class=\"wp-block-paragraph\">Pour suivre une formation destin\u00e9e aux aidants, plusieurs structures peuvent vous orienter et vous accompagner dans vos d\u00e9marches :<\/p>\n\n\n\n<ul class=\"wp-block-list\">\n<li>Le catalogue interactif de l\u2019<a href=\"https:\/\/www.aidants.fr\/\" target=\"_blank\" rel=\"noreferrer noopener\">Association fran\u00e7aise des aidants<\/a>. Il est l\u2019outil le plus complet pour rep\u00e9rer des formations pr\u00e8s de chez vous, avec les dates, les formats (pr\u00e9sentiel et en ligne) et les modalit\u00e9s d\u2019inscription.<\/li>\n\n\n\n<li>Les associations locales (<a href=\"https:\/\/www.francealzheimer.org\/\" target=\"_blank\" rel=\"noreferrer noopener\">France Alzheimer<\/a>,\u00a0<a href=\"https:\/\/www.franceparkinson.fr\/\" target=\"_blank\" rel=\"noreferrer noopener\">France Parkinson<\/a>,\u00a0<a href=\"https:\/\/unapei.france-assos-sante.org\/\" target=\"_blank\" rel=\"noreferrer noopener\">Unapei<\/a>, etc.). Elles proposent r\u00e9guli\u00e8rement des ateliers ou sessions collectives, parfois en lien avec des professionnels de sant\u00e9.<\/li>\n\n\n\n<li>Les\u00a0<a href=\"https:\/\/mdphenligne.cnsa.fr\/\" target=\"_blank\" rel=\"noreferrer noopener\">MDPH<\/a>\u00a0(Maisons D\u00e9partementales des Personnes Handicap\u00e9es). Elles peuvent orienter vers des programmes adapt\u00e9s selon le profil de la personne aid\u00e9e.<\/li>\n\n\n\n<li>Les\u00a0<a href=\"https:\/\/www.aide-sociale.fr\/clic-personnes-agees\/\" target=\"_blank\" rel=\"noreferrer noopener\">CLIC<\/a>\u00a0(Centres Locaux d\u2019Information et de Coordination) et les CCAS (Centres Communaux d\u2019Action Sociale). Ils sont aussi des relais d\u2019information utiles au niveau local.<\/li>\n\n\n\n<li>Certains centres hospitaliers ou r\u00e9seaux de sant\u00e9 organisent \u00e9galement des formations ou des rencontres \u00e0 destination des aidants.<\/li>\n\n\n\n<li>Il existe \u00e9galement des des formations dites de \u201cproximit\u00e9\u201d organis\u00e9es par les mairies ou les autorit\u00e9s locales et qui prennent la forme d\u2019ateliers et d\u2019\u00e9changes entre aidant\u2022es.<\/li>\n<\/ul>\n\n\n\n<p class=\"wp-block-paragraph\"><strong>Gr\u00e2ce \u00e0 ces formations, l\u2019aidant ne sens plus d\u00e9pass\u00e9 ou isol\u00e9, mais accompagn\u00e9 et inform\u00e9<\/strong>. Il devient un acteur \u00e9clair\u00e9 du parcours de vie de son proche, capable de prendre soin tout en se pr\u00e9servant.<\/p>\n\n\n\n<h2 class=\"wp-block-heading\">R\u00e9ponses aux questions fr\u00e9quentes sur la formation des aidants<\/h2>\n\n\n\n<div data-wp-context=\"{ &quot;autoclose&quot;: false, &quot;accordionItems&quot;: [] }\" data-wp-interactive=\"core\/accordion\" role=\"group\" class=\"wp-block-accordion is-layout-flow wp-block-accordion-is-layout-flow\">\n<div data-wp-class--is-open=\"state.isOpen\" data-wp-context=\"{ &quot;id&quot;: &quot;accordion-item-5&quot;, &quot;openByDefault&quot;: false }\" data-wp-init=\"callbacks.initAccordionItems\" data-wp-on-window--hashchange=\"callbacks.hashChange\" class=\"wp-block-accordion-item is-layout-flow wp-block-accordion-item-is-layout-flow\">\n<h3 class=\"wp-block-accordion-heading\"><button aria-expanded=\"false\" aria-controls=\"accordion-item-5-panel\" data-wp-bind--aria-expanded=\"state.isOpen\" data-wp-on--click=\"actions.toggle\" id=\"accordion-item-5\" type=\"button\" class=\"wp-block-accordion-heading__toggle\"><span class=\"wp-block-accordion-heading__toggle-title\">Est-il possible d\u2019\u00eatre form\u00e9 au r\u00f4le d\u2019aidant ?<\/span><span class=\"wp-block-accordion-heading__toggle-icon\" aria-hidden=\"true\">+<\/span><\/button><\/h3>\n\n\n\n<div aria-labelledby=\"accordion-item-5\" data-wp-bind--hidden=\"state.isHidden\" data-wp-on--beforematch=\"actions.handleBeforeMatch\" id=\"accordion-item-5-panel\" role=\"region\" class=\"wp-block-accordion-panel is-layout-flow wp-block-accordion-panel-is-layout-flow\">\n<p class=\"wp-block-paragraph\">Oui, tout \u00e0 fait. Il existe de nombreuses formations gratuites ou financ\u00e9es \u00e0 destination des aidants familiaux. Ces formations, accessibles sans condition de statut ni de ressources, sont propos\u00e9es par des organismes publics, associations sp\u00e9cialis\u00e9es ou via des plateformes comme\u00a0<a href=\"http:\/\/formation.aidants.fr\/\" target=\"_blank\" rel=\"noreferrer noopener\">formation.aidants.fr<\/a>.<br><br>Elles sont con\u00e7ues pour aider \u00e0 mieux comprendre le r\u00f4le d\u2019aidant\u2022e, adopter les bons gestes, g\u00e9rer les situations difficiles, et pr\u00e9server l\u2019\u00e9quilibre personnel.<br><br>Les formats sont flexibles : en ligne, en pr\u00e9sentiel, en sessions de groupe ou m\u00eame en ateliers de proximit\u00e9 propos\u00e9s localement (mairie, CCAS,\u00a0<a href=\"https:\/\/mdphenligne.cnsa.fr\/\" target=\"_blank\" rel=\"noreferrer noopener\">MDPH<\/a>, etc.).<\/p>\n<\/div>\n<\/div>\n\n\n\n<div data-wp-class--is-open=\"state.isOpen\" data-wp-context=\"{ &quot;id&quot;: &quot;accordion-item-6&quot;, &quot;openByDefault&quot;: false }\" data-wp-init=\"callbacks.initAccordionItems\" data-wp-on-window--hashchange=\"callbacks.hashChange\" class=\"wp-block-accordion-item is-layout-flow wp-block-accordion-item-is-layout-flow\">\n<h3 class=\"wp-block-accordion-heading\"><button aria-expanded=\"false\" aria-controls=\"accordion-item-6-panel\" data-wp-bind--aria-expanded=\"state.isOpen\" data-wp-on--click=\"actions.toggle\" id=\"accordion-item-6\" type=\"button\" class=\"wp-block-accordion-heading__toggle\"><span class=\"wp-block-accordion-heading__toggle-title\">Quels sont les b\u00e9n\u00e9fices attendus ?<\/span><span class=\"wp-block-accordion-heading__toggle-icon\" aria-hidden=\"true\">+<\/span><\/button><\/h3>\n\n\n\n<div aria-labelledby=\"accordion-item-6\" data-wp-bind--hidden=\"state.isHidden\" data-wp-on--beforematch=\"actions.handleBeforeMatch\" id=\"accordion-item-6-panel\" role=\"region\" class=\"wp-block-accordion-panel is-layout-flow wp-block-accordion-panel-is-layout-flow\">\n<p class=\"wp-block-paragraph\">Les formations apportent des b\u00e9n\u00e9fices concrets, \u00e0 la fois pour l\u2019aidant\u2022e et pour la personne aid\u00e9e. Voici les principaux effets constat\u00e9s :<\/p>\n\n\n\n<ul class=\"wp-block-list\">\n<li>Moins de stress et une plus grande s\u00e9r\u00e9nit\u00e9 au quotidien.<\/li>\n\n\n\n<li>Meilleure relation aidant\u2022e-aid\u00e9\u2022e, plus apais\u00e9e, gr\u00e2ce \u00e0 des outils de communication et de compr\u00e9hension<\/li>\n\n\n\n<li>Sentiment de comp\u00e9tence et de l\u00e9gitimit\u00e9 renforc\u00e9.<\/li>\n\n\n\n<li>Pr\u00e9vention de l\u2019\u00e9puisement : l\u2019aidant\u2022e apprend \u00e0 poser ses limites et \u00e0 demander de l\u2019aide.<\/li>\n\n\n\n<li>Reconnaissance sociale : se former, c\u2019est aussi faire reconna\u00eetre son engagement<\/li>\n<\/ul>\n\n\n\n<p class=\"wp-block-paragraph\">En r\u00e9sum\u00e9, l\u2019aidant\u2022e ne subit plus son r\u00f4le, il ou elle devient acteur\u2022rice inform\u00e9\u2022e et mieux arm\u00e9\u2022e pour accompagner son ou sa proche sans s\u2019oublier.<\/p>\n<\/div>\n<\/div>\n\n\n\n<div data-wp-class--is-open=\"state.isOpen\" data-wp-context=\"{ &quot;id&quot;: &quot;accordion-item-7&quot;, &quot;openByDefault&quot;: false }\" data-wp-init=\"callbacks.initAccordionItems\" data-wp-on-window--hashchange=\"callbacks.hashChange\" class=\"wp-block-accordion-item is-layout-flow wp-block-accordion-item-is-layout-flow\">\n<h3 class=\"wp-block-accordion-heading\"><button aria-expanded=\"false\" aria-controls=\"accordion-item-7-panel\" data-wp-bind--aria-expanded=\"state.isOpen\" data-wp-on--click=\"actions.toggle\" id=\"accordion-item-7\" type=\"button\" class=\"wp-block-accordion-heading__toggle\"><span class=\"wp-block-accordion-heading__toggle-title\">Existe-t-il des formations par pathologie ?<\/span><span class=\"wp-block-accordion-heading__toggle-icon\" aria-hidden=\"true\">+<\/span><\/button><\/h3>\n\n\n\n<div aria-labelledby=\"accordion-item-7\" data-wp-bind--hidden=\"state.isHidden\" data-wp-on--beforematch=\"actions.handleBeforeMatch\" id=\"accordion-item-7-panel\" role=\"region\" class=\"wp-block-accordion-panel is-layout-flow wp-block-accordion-panel-is-layout-flow\">\n<p class=\"wp-block-paragraph\">Oui, il existe des formations sp\u00e9cialis\u00e9es selon la pathologie ou le handicap de la personne aid\u00e9e. Ces formations prennent en compte les sympt\u00f4mes, les comportements associ\u00e9s et les besoins sp\u00e9cifiques. Elles sont particuli\u00e8rement adapt\u00e9es aux situations complexes ou chroniques.<\/p>\n\n\n\n<p class=\"wp-block-paragraph\">Par exemple, on trouve des programmes d\u00e9di\u00e9s \u00e0 :<\/p>\n\n\n\n<ul class=\"wp-block-list\">\n<li><a href=\"https:\/\/www.pasteur.fr\/fr\/centre-medical\/fiches-maladies\/alzheimer-maladie\" target=\"_blank\" rel=\"noreferrer noopener\">Alzheimer<\/a>\u00a0ou maladies apparent\u00e9es<\/li>\n\n\n\n<li><a href=\"https:\/\/www.inserm.fr\/dossier\/parkinson-maladie\/\" target=\"_blank\" rel=\"noreferrer noopener\">Parkinson<\/a><\/li>\n\n\n\n<li><a href=\"https:\/\/ediformation.fr\/nos-formations\/\" target=\"_blank\" rel=\"noreferrer noopener\">Autisme<\/a><\/li>\n\n\n\n<li><a href=\"https:\/\/www.inserm.fr\/dossier\/sclerose-en-plaques-sep\/\" target=\"_blank\" rel=\"noreferrer noopener\">Scl\u00e9rose en plaques<\/a><\/li>\n\n\n\n<li>Handicap moteur ou psychique<\/li>\n\n\n\n<li>Maladies chroniques (diab\u00e8te, AVC, cancer\u2026)<\/li>\n<\/ul>\n\n\n\n<p class=\"wp-block-paragraph\">Ces formations aidant familial sont souvent co anim\u00e9es par des professionnel\u2022les de sant\u00e9 (ergoth\u00e9rapeutes, psychologues, etc.) et peuvent int\u00e9grer l\u2019usage d\u2019aides techniques. Elles sont disponibles en ligne ou en pr\u00e9sentiel, selon les d\u00e9partements.<\/p>\n<\/div>\n<\/div>\n<\/div>\n\n\n\n<h2 class=\"wp-block-heading\">Sources<\/h2>\n\n\n\n<ul class=\"wp-block-list\">\n<li><a href=\"https:\/\/www.aidants.fr\/fonds-documentaire\/dossiers-thematiques\/reconnaissance\/#:~:text=Les%20aidants%2C%20un%20sujet%20qui,d'aidants%20dans%20notre%20pays%20!\" target=\"_blank\" rel=\"noreferrer noopener\">https:\/\/www.aidants.fr\/fonds-documentaire\/dossiers-thematiques\/reconnaissance\/#:~:text=Les%20aidants%2C%20un%20sujet%20qui,d\u2019aidants%20dans%20notre%20pays%20!<\/a><\/li>\n\n\n\n<li><a href=\"https:\/\/youtu.be\/bFE7a33FWLM\" target=\"_blank\" rel=\"noreferrer noopener\">https:\/\/youtu.be\/bFE7a33FWLM<\/a><\/li>\n\n\n\n<li><a href=\"https:\/\/jaidejemevalue.fr\/\" target=\"_blank\" rel=\"noreferrer noopener\">https:\/\/jaidejemevalue.fr\/<\/a><\/li>\n\n\n\n<li><a href=\"https:\/\/www.legifrance.gouv.fr\/codes\/texte_lc\/LEGITEXT000006072665\/\" target=\"_blank\" rel=\"noreferrer noopener\">https:\/\/www.legifrance.gouv.fr\/codes\/texte_lc\/LEGITEXT000006072665\/<\/a><\/li>\n\n\n\n<li><a href=\"https:\/\/www.aidants.fr\/\" target=\"_blank\" rel=\"noreferrer noopener\">https:\/\/www.aidants.fr\/<\/a><\/li>\n\n\n\n<li><a href=\"https:\/\/cif-aidants.com\/\" target=\"_blank\" rel=\"noreferrer noopener\">https:\/\/cif-aidants.com\/<\/a><\/li>\n\n\n\n<li><a href=\"https:\/\/www.pour-les-personnes-agees.gouv.fr\/solutions-pour-les-aidants\/soutien-financier\/l-aide-au-repit-dans-le-cadre-de-l-apa\" target=\"_blank\" rel=\"noreferrer noopener\">https:\/\/www.pour-les-personnes-agees.gouv.fr\/solutions-pour-les-aidants\/soutien-financier\/l-aide-au-repit-dans-le-cadre-de-l-apa<\/a><\/li>\n\n\n\n<li><a href=\"https:\/\/www.monparcourshandicap.gouv.fr\/aidant\/les-solutions-de-repit-pour-les-aidants\" target=\"_blank\" rel=\"noreferrer noopener\">https:\/\/www.monparcourshandicap.gouv.fr\/aidant\/les-solutions-de-repit-pour-les-aidants<\/a><\/li>\n\n\n\n<li><a href=\"https:\/\/www.aidants.fr\/vous-etes-professionnel\/participer-a-une-formation\/catalogue-des-formations\/\" target=\"_blank\" rel=\"noreferrer noopener\">https:\/\/www.aidants.fr\/vous-etes-professionnel\/participer-a-une-formation\/catalogue-des-formations\/<\/a><\/li>\n\n\n\n<li><a href=\"https:\/\/formation.aidants.fr\/\" target=\"_blank\" rel=\"noreferrer noopener\">https:\/\/formation.aidants.fr\/<\/a><\/li>\n<\/ul>\n","protected":false},"excerpt":{"rendered":"<p>D\u00e9couvrez comment une formation aidant familial vous aide \u00e0 mieux accompagner vos proches, pr\u00e9server votre sant\u00e9 et gagner en confiance au quotidien.<\/p>\n","protected":false},"author":2,"featured_media":19338,"comment_status":"open","ping_status":"open","sticky":false,"template":"","format":"standard","meta":{"_kad_blocks_custom_css":"","_kad_blocks_head_custom_js":"","_kad_blocks_body_custom_js":"","_kad_blocks_footer_custom_js":"","footnotes":""},"categories":[235],"tags":[],"class_list":["post-19337","post","type-post","status-publish","format-standard","has-post-thumbnail","hentry","category-aidants"],"yoast_head":"<!-- This site is optimized with the Yoast SEO plugin v28.4 - https:\/\/yoast.com\/product\/yoast-seo-wordpress\/ -->\n<title>Formation aidant familial : comprendre, choisir et b\u00e9n\u00e9ficier d\u2019un accompagnement adapt\u00e9 - Orthopus<\/title>\n<meta name=\"description\" content=\"D\u00e9couvrez comment une formation aidant familial vous aide \u00e0 mieux accompagner vos proches, pr\u00e9server votre sant\u00e9 et gagner en confiance au quotidien.\" \/>\n<meta name=\"robots\" content=\"noindex, follow, max-snippet:-1, max-image-preview:large, max-video-preview:-1\" \/>\n<meta property=\"og:locale\" content=\"fr_FR\" \/>\n<meta property=\"og:type\" content=\"article\" \/>\n<meta property=\"og:title\" content=\"Formation aidant familial : comprendre, choisir et b\u00e9n\u00e9ficier d\u2019un accompagnement adapt\u00e9 - Orthopus\" \/>\n<meta property=\"og:description\" content=\"D\u00e9couvrez comment une formation aidant familial vous aide \u00e0 mieux accompagner vos proches, pr\u00e9server votre sant\u00e9 et gagner en confiance au quotidien.\" \/>\n<meta property=\"og:url\" content=\"https:\/\/preprod.weasywyg.com\/fr\/2024\/11\/13\/aidant-formation-aidant-familial\/\" \/>\n<meta property=\"og:site_name\" content=\"Orthopus\" \/>\n<meta property=\"article:published_time\" content=\"2024-11-13T09:15:54+00:00\" \/>\n<meta property=\"article:modified_time\" content=\"2026-07-20T15:12:16+00:00\" \/>\n<meta property=\"og:image\" content=\"https:\/\/preprod.weasywyg.com\/wp-content\/uploads\/2026\/07\/IMG-250716-Le-Passe-Muraille.webp\" \/>\n\t<meta property=\"og:image:width\" content=\"1000\" \/>\n\t<meta property=\"og:image:height\" content=\"667\" \/>\n\t<meta property=\"og:image:type\" content=\"image\/webp\" \/>\n<meta name=\"author\" content=\"Mona Jamois\" \/>\n<meta name=\"twitter:card\" content=\"summary_large_image\" \/>\n<meta name=\"twitter:label1\" content=\"\u00c9crit par\" \/>\n\t<meta name=\"twitter:data1\" content=\"Mona Jamois\" \/>\n\t<meta name=\"twitter:label2\" content=\"Dur\u00e9e de lecture estim\u00e9e\" \/>\n\t<meta name=\"twitter:data2\" content=\"12 minutes\" \/>\n<script type=\"application\/ld+json\" class=\"yoast-schema-graph\">{\"@context\":\"https:\\\/\\\/schema.org\",\"@graph\":[{\"@type\":\"Article\",\"@id\":\"https:\\\/\\\/preprod.weasywyg.com\\\/fr\\\/2024\\\/11\\\/13\\\/aidant-formation-aidant-familial\\\/#article\",\"isPartOf\":{\"@id\":\"https:\\\/\\\/preprod.weasywyg.com\\\/fr\\\/2024\\\/11\\\/13\\\/aidant-formation-aidant-familial\\\/\"},\"author\":{\"name\":\"Mona Jamois\",\"@id\":\"https:\\\/\\\/preprod.weasywyg.com\\\/fr\\\/#\\\/schema\\\/person\\\/a7dcb2c9da462fd59f13f2258699ba9e\"},\"headline\":\"Formation aidant familial : comprendre, choisir et b\u00e9n\u00e9ficier d\u2019un accompagnement adapt\u00e9\",\"datePublished\":\"2024-11-13T09:15:54+00:00\",\"dateModified\":\"2026-07-20T15:12:16+00:00\",\"mainEntityOfPage\":{\"@id\":\"https:\\\/\\\/preprod.weasywyg.com\\\/fr\\\/2024\\\/11\\\/13\\\/aidant-formation-aidant-familial\\\/\"},\"wordCount\":2519,\"commentCount\":0,\"publisher\":{\"@id\":\"https:\\\/\\\/preprod.weasywyg.com\\\/fr\\\/#organization\"},\"image\":{\"@id\":\"https:\\\/\\\/preprod.weasywyg.com\\\/fr\\\/2024\\\/11\\\/13\\\/aidant-formation-aidant-familial\\\/#primaryimage\"},\"thumbnailUrl\":\"https:\\\/\\\/preprod.weasywyg.com\\\/wp-content\\\/uploads\\\/2026\\\/07\\\/IMG-250716-Le-Passe-Muraille.webp\",\"articleSection\":[\"Aidants\"],\"inLanguage\":\"fr-FR\",\"potentialAction\":[{\"@type\":\"CommentAction\",\"name\":\"Comment\",\"target\":[\"https:\\\/\\\/preprod.weasywyg.com\\\/fr\\\/2024\\\/11\\\/13\\\/aidant-formation-aidant-familial\\\/#respond\"]}]},{\"@type\":\"WebPage\",\"@id\":\"https:\\\/\\\/preprod.weasywyg.com\\\/fr\\\/2024\\\/11\\\/13\\\/aidant-formation-aidant-familial\\\/\",\"url\":\"https:\\\/\\\/preprod.weasywyg.com\\\/fr\\\/2024\\\/11\\\/13\\\/aidant-formation-aidant-familial\\\/\",\"name\":\"Formation aidant familial : comprendre, choisir et b\u00e9n\u00e9ficier d\u2019un accompagnement adapt\u00e9 - Orthopus\",\"isPartOf\":{\"@id\":\"https:\\\/\\\/preprod.weasywyg.com\\\/fr\\\/#website\"},\"primaryImageOfPage\":{\"@id\":\"https:\\\/\\\/preprod.weasywyg.com\\\/fr\\\/2024\\\/11\\\/13\\\/aidant-formation-aidant-familial\\\/#primaryimage\"},\"image\":{\"@id\":\"https:\\\/\\\/preprod.weasywyg.com\\\/fr\\\/2024\\\/11\\\/13\\\/aidant-formation-aidant-familial\\\/#primaryimage\"},\"thumbnailUrl\":\"https:\\\/\\\/preprod.weasywyg.com\\\/wp-content\\\/uploads\\\/2026\\\/07\\\/IMG-250716-Le-Passe-Muraille.webp\",\"datePublished\":\"2024-11-13T09:15:54+00:00\",\"dateModified\":\"2026-07-20T15:12:16+00:00\",\"description\":\"D\u00e9couvrez comment une formation aidant familial vous aide \u00e0 mieux accompagner vos proches, pr\u00e9server votre sant\u00e9 et gagner en confiance au quotidien.\",\"breadcrumb\":{\"@id\":\"https:\\\/\\\/preprod.weasywyg.com\\\/fr\\\/2024\\\/11\\\/13\\\/aidant-formation-aidant-familial\\\/#breadcrumb\"},\"inLanguage\":\"fr-FR\",\"potentialAction\":[{\"@type\":\"ReadAction\",\"target\":[\"https:\\\/\\\/preprod.weasywyg.com\\\/fr\\\/2024\\\/11\\\/13\\\/aidant-formation-aidant-familial\\\/\"]}]},{\"@type\":\"ImageObject\",\"inLanguage\":\"fr-FR\",\"@id\":\"https:\\\/\\\/preprod.weasywyg.com\\\/fr\\\/2024\\\/11\\\/13\\\/aidant-formation-aidant-familial\\\/#primaryimage\",\"url\":\"https:\\\/\\\/preprod.weasywyg.com\\\/wp-content\\\/uploads\\\/2026\\\/07\\\/IMG-250716-Le-Passe-Muraille.webp\",\"contentUrl\":\"https:\\\/\\\/preprod.weasywyg.com\\\/wp-content\\\/uploads\\\/2026\\\/07\\\/IMG-250716-Le-Passe-Muraille.webp\",\"width\":1000,\"height\":667,\"caption\":\"Statue du Passe-Muraille, place Marcel Aym\u00e9, 75018 Paris.\"},{\"@type\":\"BreadcrumbList\",\"@id\":\"https:\\\/\\\/preprod.weasywyg.com\\\/fr\\\/2024\\\/11\\\/13\\\/aidant-formation-aidant-familial\\\/#breadcrumb\",\"itemListElement\":[{\"@type\":\"ListItem\",\"position\":1,\"name\":\"Accueil\",\"item\":\"https:\\\/\\\/preprod.weasywyg.com\\\/fr\\\/\"},{\"@type\":\"ListItem\",\"position\":2,\"name\":\"Formation aidant familial : comprendre, choisir et b\u00e9n\u00e9ficier d\u2019un accompagnement adapt\u00e9\"}]},{\"@type\":\"WebSite\",\"@id\":\"https:\\\/\\\/preprod.weasywyg.com\\\/fr\\\/#website\",\"url\":\"https:\\\/\\\/preprod.weasywyg.com\\\/fr\\\/\",\"name\":\"Orthopus\",\"description\":\"Handitech solutions for everyone\",\"publisher\":{\"@id\":\"https:\\\/\\\/preprod.weasywyg.com\\\/fr\\\/#organization\"},\"potentialAction\":[{\"@type\":\"SearchAction\",\"target\":{\"@type\":\"EntryPoint\",\"urlTemplate\":\"https:\\\/\\\/preprod.weasywyg.com\\\/fr\\\/?s={search_term_string}\"},\"query-input\":{\"@type\":\"PropertyValueSpecification\",\"valueRequired\":true,\"valueName\":\"search_term_string\"}}],\"inLanguage\":\"fr-FR\"},{\"@type\":\"Organization\",\"@id\":\"https:\\\/\\\/preprod.weasywyg.com\\\/fr\\\/#organization\",\"name\":\"Orthopus\",\"url\":\"https:\\\/\\\/preprod.weasywyg.com\\\/fr\\\/\",\"logo\":{\"@type\":\"ImageObject\",\"inLanguage\":\"fr-FR\",\"@id\":\"https:\\\/\\\/preprod.weasywyg.com\\\/fr\\\/#\\\/schema\\\/logo\\\/image\\\/\",\"url\":\"https:\\\/\\\/preprod.weasywyg.com\\\/wp-content\\\/uploads\\\/2026\\\/05\\\/logo.svg\",\"contentUrl\":\"https:\\\/\\\/preprod.weasywyg.com\\\/wp-content\\\/uploads\\\/2026\\\/05\\\/logo.svg\",\"caption\":\"Orthopus\"},\"image\":{\"@id\":\"https:\\\/\\\/preprod.weasywyg.com\\\/fr\\\/#\\\/schema\\\/logo\\\/image\\\/\"}},{\"@type\":\"Person\",\"@id\":\"https:\\\/\\\/preprod.weasywyg.com\\\/fr\\\/#\\\/schema\\\/person\\\/a7dcb2c9da462fd59f13f2258699ba9e\",\"name\":\"Mona Jamois\",\"image\":{\"@type\":\"ImageObject\",\"inLanguage\":\"fr-FR\",\"@id\":\"https:\\\/\\\/secure.gravatar.com\\\/avatar\\\/b5b462af4cf5722fbd017ef55b474709ff34d6030941c8c793bf9edf5d82b670?s=96&d=mm&r=g\",\"url\":\"https:\\\/\\\/secure.gravatar.com\\\/avatar\\\/b5b462af4cf5722fbd017ef55b474709ff34d6030941c8c793bf9edf5d82b670?s=96&d=mm&r=g\",\"contentUrl\":\"https:\\\/\\\/secure.gravatar.com\\\/avatar\\\/b5b462af4cf5722fbd017ef55b474709ff34d6030941c8c793bf9edf5d82b670?s=96&d=mm&r=g\",\"caption\":\"Mona Jamois\"},\"url\":\"https:\\\/\\\/preprod.weasywyg.com\\\/fr\\\/author\\\/orthopus-mona-26\\\/\"}]}<\/script>\n<!-- \/ Yoast SEO plugin. -->","yoast_head_json":{"title":"Formation aidant familial : comprendre, choisir et b\u00e9n\u00e9ficier d\u2019un accompagnement adapt\u00e9 - Orthopus","description":"D\u00e9couvrez comment une formation aidant familial vous aide \u00e0 mieux accompagner vos proches, pr\u00e9server votre sant\u00e9 et gagner en confiance au quotidien.","robots":{"index":"noindex","follow":"follow","max-snippet":"max-snippet:-1","max-image-preview":"max-image-preview:large","max-video-preview":"max-video-preview:-1"},"og_locale":"fr_FR","og_type":"article","og_title":"Formation aidant familial : comprendre, choisir et b\u00e9n\u00e9ficier d\u2019un accompagnement adapt\u00e9 - Orthopus","og_description":"D\u00e9couvrez comment une formation aidant familial vous aide \u00e0 mieux accompagner vos proches, pr\u00e9server votre sant\u00e9 et gagner en confiance au quotidien.","og_url":"https:\/\/preprod.weasywyg.com\/fr\/2024\/11\/13\/aidant-formation-aidant-familial\/","og_site_name":"Orthopus","article_published_time":"2024-11-13T09:15:54+00:00","article_modified_time":"2026-07-20T15:12:16+00:00","og_image":[{"width":1000,"height":667,"url":"https:\/\/preprod.weasywyg.com\/wp-content\/uploads\/2026\/07\/IMG-250716-Le-Passe-Muraille.webp","type":"image\/webp"}],"author":"Mona Jamois","twitter_card":"summary_large_image","twitter_misc":{"\u00c9crit par":"Mona Jamois","Dur\u00e9e de lecture estim\u00e9e":"12 minutes"},"schema":{"@context":"https:\/\/schema.org","@graph":[{"@type":"Article","@id":"https:\/\/preprod.weasywyg.com\/fr\/2024\/11\/13\/aidant-formation-aidant-familial\/#article","isPartOf":{"@id":"https:\/\/preprod.weasywyg.com\/fr\/2024\/11\/13\/aidant-formation-aidant-familial\/"},"author":{"name":"Mona Jamois","@id":"https:\/\/preprod.weasywyg.com\/fr\/#\/schema\/person\/a7dcb2c9da462fd59f13f2258699ba9e"},"headline":"Formation aidant familial : comprendre, choisir et b\u00e9n\u00e9ficier d\u2019un accompagnement adapt\u00e9","datePublished":"2024-11-13T09:15:54+00:00","dateModified":"2026-07-20T15:12:16+00:00","mainEntityOfPage":{"@id":"https:\/\/preprod.weasywyg.com\/fr\/2024\/11\/13\/aidant-formation-aidant-familial\/"},"wordCount":2519,"commentCount":0,"publisher":{"@id":"https:\/\/preprod.weasywyg.com\/fr\/#organization"},"image":{"@id":"https:\/\/preprod.weasywyg.com\/fr\/2024\/11\/13\/aidant-formation-aidant-familial\/#primaryimage"},"thumbnailUrl":"https:\/\/preprod.weasywyg.com\/wp-content\/uploads\/2026\/07\/IMG-250716-Le-Passe-Muraille.webp","articleSection":["Aidants"],"inLanguage":"fr-FR","potentialAction":[{"@type":"CommentAction","name":"Comment","target":["https:\/\/preprod.weasywyg.com\/fr\/2024\/11\/13\/aidant-formation-aidant-familial\/#respond"]}]},{"@type":"WebPage","@id":"https:\/\/preprod.weasywyg.com\/fr\/2024\/11\/13\/aidant-formation-aidant-familial\/","url":"https:\/\/preprod.weasywyg.com\/fr\/2024\/11\/13\/aidant-formation-aidant-familial\/","name":"Formation aidant familial : comprendre, choisir et b\u00e9n\u00e9ficier d\u2019un accompagnement adapt\u00e9 - Orthopus","isPartOf":{"@id":"https:\/\/preprod.weasywyg.com\/fr\/#website"},"primaryImageOfPage":{"@id":"https:\/\/preprod.weasywyg.com\/fr\/2024\/11\/13\/aidant-formation-aidant-familial\/#primaryimage"},"image":{"@id":"https:\/\/preprod.weasywyg.com\/fr\/2024\/11\/13\/aidant-formation-aidant-familial\/#primaryimage"},"thumbnailUrl":"https:\/\/preprod.weasywyg.com\/wp-content\/uploads\/2026\/07\/IMG-250716-Le-Passe-Muraille.webp","datePublished":"2024-11-13T09:15:54+00:00","dateModified":"2026-07-20T15:12:16+00:00","description":"D\u00e9couvrez comment une formation aidant familial vous aide \u00e0 mieux accompagner vos proches, pr\u00e9server votre sant\u00e9 et gagner en confiance au quotidien.","breadcrumb":{"@id":"https:\/\/preprod.weasywyg.com\/fr\/2024\/11\/13\/aidant-formation-aidant-familial\/#breadcrumb"},"inLanguage":"fr-FR","potentialAction":[{"@type":"ReadAction","target":["https:\/\/preprod.weasywyg.com\/fr\/2024\/11\/13\/aidant-formation-aidant-familial\/"]}]},{"@type":"ImageObject","inLanguage":"fr-FR","@id":"https:\/\/preprod.weasywyg.com\/fr\/2024\/11\/13\/aidant-formation-aidant-familial\/#primaryimage","url":"https:\/\/preprod.weasywyg.com\/wp-content\/uploads\/2026\/07\/IMG-250716-Le-Passe-Muraille.webp","contentUrl":"https:\/\/preprod.weasywyg.com\/wp-content\/uploads\/2026\/07\/IMG-250716-Le-Passe-Muraille.webp","width":1000,"height":667,"caption":"Statue du Passe-Muraille, place Marcel Aym\u00e9, 75018 Paris."},{"@type":"BreadcrumbList","@id":"https:\/\/preprod.weasywyg.com\/fr\/2024\/11\/13\/aidant-formation-aidant-familial\/#breadcrumb","itemListElement":[{"@type":"ListItem","position":1,"name":"Accueil","item":"https:\/\/preprod.weasywyg.com\/fr\/"},{"@type":"ListItem","position":2,"name":"Formation aidant familial : comprendre, choisir et b\u00e9n\u00e9ficier d\u2019un accompagnement adapt\u00e9"}]},{"@type":"WebSite","@id":"https:\/\/preprod.weasywyg.com\/fr\/#website","url":"https:\/\/preprod.weasywyg.com\/fr\/","name":"Orthopus","description":"Handitech solutions for everyone","publisher":{"@id":"https:\/\/preprod.weasywyg.com\/fr\/#organization"},"potentialAction":[{"@type":"SearchAction","target":{"@type":"EntryPoint","urlTemplate":"https:\/\/preprod.weasywyg.com\/fr\/?s={search_term_string}"},"query-input":{"@type":"PropertyValueSpecification","valueRequired":true,"valueName":"search_term_string"}}],"inLanguage":"fr-FR"},{"@type":"Organization","@id":"https:\/\/preprod.weasywyg.com\/fr\/#organization","name":"Orthopus","url":"https:\/\/preprod.weasywyg.com\/fr\/","logo":{"@type":"ImageObject","inLanguage":"fr-FR","@id":"https:\/\/preprod.weasywyg.com\/fr\/#\/schema\/logo\/image\/","url":"https:\/\/preprod.weasywyg.com\/wp-content\/uploads\/2026\/05\/logo.svg","contentUrl":"https:\/\/preprod.weasywyg.com\/wp-content\/uploads\/2026\/05\/logo.svg","caption":"Orthopus"},"image":{"@id":"https:\/\/preprod.weasywyg.com\/fr\/#\/schema\/logo\/image\/"}},{"@type":"Person","@id":"https:\/\/preprod.weasywyg.com\/fr\/#\/schema\/person\/a7dcb2c9da462fd59f13f2258699ba9e","name":"Mona Jamois","image":{"@type":"ImageObject","inLanguage":"fr-FR","@id":"https:\/\/secure.gravatar.com\/avatar\/b5b462af4cf5722fbd017ef55b474709ff34d6030941c8c793bf9edf5d82b670?s=96&d=mm&r=g","url":"https:\/\/secure.gravatar.com\/avatar\/b5b462af4cf5722fbd017ef55b474709ff34d6030941c8c793bf9edf5d82b670?s=96&d=mm&r=g","contentUrl":"https:\/\/secure.gravatar.com\/avatar\/b5b462af4cf5722fbd017ef55b474709ff34d6030941c8c793bf9edf5d82b670?s=96&d=mm&r=g","caption":"Mona Jamois"},"url":"https:\/\/preprod.weasywyg.com\/fr\/author\/orthopus-mona-26\/"}]}},"taxonomy_info":{"category":[{"value":235,"label":"Aidants"}]},"featured_image_src_large":["https:\/\/preprod.weasywyg.com\/wp-content\/uploads\/2026\/07\/IMG-250716-Le-Passe-Muraille.webp",1000,667,false],"author_info":{"display_name":"Mona Jamois","author_link":"https:\/\/preprod.weasywyg.com\/fr\/author\/orthopus-mona-26\/"},"comment_info":0,"category_info":[{"term_id":235,"name":"Aidants","slug":"aidants","term_group":0,"term_taxonomy_id":235,"taxonomy":"category","description":"","parent":0,"count":9,"filter":"raw","cat_ID":235,"category_count":9,"category_description":"","cat_name":"Aidants","category_nicename":"aidants","category_parent":0}],"tag_info":false,"_links":{"self":[{"href":"https:\/\/preprod.weasywyg.com\/fr\/wp-json\/wp\/v2\/posts\/19337","targetHints":{"allow":["GET"]}}],"collection":[{"href":"https:\/\/preprod.weasywyg.com\/fr\/wp-json\/wp\/v2\/posts"}],"about":[{"href":"https:\/\/preprod.weasywyg.com\/fr\/wp-json\/wp\/v2\/types\/post"}],"author":[{"embeddable":true,"href":"https:\/\/preprod.weasywyg.com\/fr\/wp-json\/wp\/v2\/users\/2"}],"replies":[{"embeddable":true,"href":"https:\/\/preprod.weasywyg.com\/fr\/wp-json\/wp\/v2\/comments?post=19337"}],"version-history":[{"count":1,"href":"https:\/\/preprod.weasywyg.com\/fr\/wp-json\/wp\/v2\/posts\/19337\/revisions"}],"predecessor-version":[{"id":19340,"href":"https:\/\/preprod.weasywyg.com\/fr\/wp-json\/wp\/v2\/posts\/19337\/revisions\/19340"}],"wp:featuredmedia":[{"embeddable":true,"href":"https:\/\/preprod.weasywyg.com\/fr\/wp-json\/wp\/v2\/media\/19338"}],"wp:attachment":[{"href":"https:\/\/preprod.weasywyg.com\/fr\/wp-json\/wp\/v2\/media?parent=19337"}],"wp:term":[{"taxonomy":"category","embeddable":true,"href":"https:\/\/preprod.weasywyg.com\/fr\/wp-json\/wp\/v2\/categories?post=19337"},{"taxonomy":"post_tag","embeddable":true,"href":"https:\/\/preprod.weasywyg.com\/fr\/wp-json\/wp\/v2\/tags?post=19337"}],"curies":[{"name":"wp","href":"https:\/\/api.w.org\/{rel}","templated":true}]}}