{"id":19357,"date":"2025-02-17T11:43:33","date_gmt":"2025-02-17T10:43:33","guid":{"rendered":"https:\/\/preprod.weasywyg.com\/?p=19357"},"modified":"2026-07-20T17:10:18","modified_gmt":"2026-07-20T15:10:18","slug":"devenir-aidant-familial-mdph","status":"publish","type":"post","link":"https:\/\/preprod.weasywyg.com\/fr\/2025\/02\/17\/devenir-aidant-familial-mdph\/","title":{"rendered":"Devenir aidant familial MDPH : r\u00f4le, conditions, aides et solutions technologiques"},"content":{"rendered":"\n<p class=\"wp-block-paragraph\">Vous souhaitez ou envisagez de devenir aidant familial MDPH (Maison d\u00e9partementale des personnes en situation de handicap) ? Vous \u00eates entre de bonnes mains. Pas de panique, nous allons vous guider pas \u00e0 pas, et promis, pas de formulaire A38 \u00e0 trouver (on laisse volontiers les 12 travaux \u00e0 Ast\u00e9rix et Ob\u00e9lix !).<\/p>\n\n\n\n<h2 class=\"wp-block-heading\">Qu\u2019est ce que la MDPH ?<\/h2>\n\n\n\n<p class=\"wp-block-paragraph\">Sous la deuxi\u00e8me pr\u00e9sidence de Jacques Chirac, l\u2019une des derni\u00e8res lois pass\u00e9es fut en l\u2019honneur des personnes en situation de handicap. C\u2019est la\u00a0<a href=\"https:\/\/www.legifrance.gouv.fr\/jorf\/id\/JORFTEXT000000809647\" target=\"_blank\" rel=\"noreferrer noopener\">loi pour l\u2019\u00e9galit\u00e9 des droits et des chances, la participation et la citoyennet\u00e9 des personnes handicap\u00e9es<\/a>\u00a0connue aussi comme la loi \u201chandicap\u201d. Elle instaure notamment, la cr\u00e9ation d\u2019organismes sp\u00e9cifiques dans chaque d\u00e9partement :\u00a0<a href=\"https:\/\/preprod.weasywyg.com\/2026\/07\/17\/ouverture-droits-mdph-dossier-en-ligne\/\">les MDPH<\/a>.<\/p>\n\n\n\n<p class=\"wp-block-paragraph\">Les maisons d\u00e9partementales des personnes en situation de handicap (MDPH) sont pr\u00e9sentes sur tout le territoire fran\u00e7ais. Leur r\u00f4le premier est de&nbsp;<strong>centraliser les d\u00e9marches administratives li\u00e9es au handicap en un seul lieu<\/strong>. C\u2019est un guichet unique qui s\u2019adresse aux personnes en situation de handicap et \u00e9galement \u00e0 leurs proches qu\u2019ils\u2022elles fassent partie de leur famille ou non. Les MDPH centralisent et coordonnent les diff\u00e9rentes institutions li\u00e9es au handicap, comme le Conseil d\u00e9partemental ou encore la S\u00e9curit\u00e9 Sociale.<\/p>\n\n\n\n<p class=\"wp-block-paragraph\">En dehors de cet aspect centriste, la MDPH c\u2019est une structure en tant que telle dont les missions sont :<\/p>\n\n\n\n<ul class=\"wp-block-list\">\n<li>Accueillir, informer, conseiller et accompagner les personnes en situation de handicap.<\/li>\n\n\n\n<li>\u00c9valuer les besoins via une \u00e9quipe pluridisciplinaire.<\/li>\n\n\n\n<li>Organiser la CDAPH (Commission des Droits et de l\u2019Autonomie) qui attribue les droits, les aides et les prestations (AAH (Allocation Adulte Handicap\u00e9),\u00a0<a href=\"https:\/\/preprod.weasywyg.com\/2026\/07\/10\/ouverture-droits-mdph-carte-mobilite-inclusion\/\">carte mobilit\u00e9 inclusion<\/a>, orientation scolaire\/professionnelle, etc.).<\/li>\n\n\n\n<li>Aider \u00e0 d\u00e9finir et mettre en \u0153uvre le projet de vie de la personne.<\/li>\n\n\n\n<li>Sensibiliser le public aux questions de handicap.<\/li>\n\n\n\n<li>Coordonner les actions avec les autres structures du secteur m\u00e9dico-social.<\/li>\n<\/ul>\n\n\n\n<h2 class=\"wp-block-heading\">Qu\u2019est-ce qu\u2019un aidant familial MDPH ?<\/h2>\n\n\n\n<h3 class=\"wp-block-heading\">D\u00e9finition et cadre l\u00e9gal<\/h3>\n\n\n\n<p class=\"wp-block-paragraph\">Un aidant ou une aidante familial est une personne qui prend soin d\u2019une personne qui en a besoin \u2013 souvent handicap\u00e9e ou en perte d\u2019autonomie. Son statut juridique est reconnu par la loi dans le\u00a0<a href=\"https:\/\/www.legifrance.gouv.fr\/codes\/texte_lc\/LEGITEXT000006074069\/\" target=\"_blank\" rel=\"noreferrer noopener\">Code de l\u2019action sociale et des familles<\/a>\u00a0: \u201cEst consid\u00e9r\u00e9 comme un aidant familial, le conjoint, le concubin, la personne avec laquelle le b\u00e9n\u00e9ficiaire a conclu un pacte civil de solidarit\u00e9, l\u2019ascendant, le descendant ou le collat\u00e9ral jusqu\u2019au quatri\u00e8me degr\u00e9 du b\u00e9n\u00e9ficiaire, ou l\u2019ascendant, le descendant ou le collat\u00e9ral jusqu\u2019au quatri\u00e8me degr\u00e9 de l\u2019autre membre du couple qui apporte l\u2019aide humaine et qui n\u2019est pas salari\u00e9 pour cette aide\u201d.<\/p>\n\n\n\n<p class=\"wp-block-paragraph\">Tout aidant familial quel qu\u2019il soit peut pr\u00e9tendre \u00e0 des\u00a0<a href=\"https:\/\/preprod.weasywyg.com\/2026\/07\/06\/dedommagement-aidant-familial-non-salarie\/\">d\u00e9dommagements<\/a>, des\u00a0<a href=\"https:\/\/preprod.weasywyg.com\/2026\/07\/10\/aides-financieres-handicap\/\">aides gouvernementales<\/a>, ainsi qu\u2019\u00e0 l\u2019inscription en tant qu\u2019aidant familial officiel \u00e0 la MDPH.<\/p>\n\n\n<div class=\"orthopus-poulpe-tip wp-block-orthopus-poulpe-tip\">\n\t\t<div class=\"poulpe-tip__icon\" aria-hidden=\"true\">\n\t\t<span class=\"poulpe-tip__icon-placeholder\">\ud83d\udc19<\/span>\n\t<\/div>\n\n\t<div class=\"poulpe-tip__content\">\n\t\t\t\t\t<p class=\"poulpe-tip__title\"><strong>Point vocab\u2019 du poulpe<\/strong><\/p>\n\t\t\t\t\t\t\t<p class=\"poulpe-tip__body\">Si vous avez d\u00e9j\u00e0 entendu les termes \u201cproches aidants\u201d ou \u201caidants naturels\u201d, ils d\u00e9signent la m\u00eame attribution qu\u2019aidant familial. De nos jours il n\u2019y a pas de diff\u00e9rence juridique, ce sont simplement des variantes d\u2019une m\u00eame signification. Un peu comme \u201cp\u00e8re\u201d et \u201cpapa\u201d pour d\u00e9signer le parent d\u2019une personne.<\/p>\n\t\t\t<\/div>\n<\/div>\n\n\n\n<h3 class=\"wp-block-heading\">Qui peut devenir aidant familial ?<\/h3>\n\n\n\n<p class=\"wp-block-paragraph\">Pour \u00eatre reconnu aidant familial officiel par la MDPH, il faut d\u2019abord savoir qui peut \u00eatre consid\u00e9r\u00e9 comme tel :<\/p>\n\n\n\n<ul class=\"wp-block-list\">\n<li>Conjoint<\/li>\n\n\n\n<li>Concubin pacs\u00e9<\/li>\n\n\n\n<li>Ascendant (parents de la personne aid\u00e9e)<\/li>\n\n\n\n<li>Descendant (enfants de la personne aid\u00e9e)<\/li>\n\n\n\n<li>Personne vivant dans le m\u00eame h\u00e9bergement<\/li>\n\n\n\n<li>Personne apportant une aide r\u00e9guli\u00e8re \u00e0 l\u2019aid\u00e9<\/li>\n<\/ul>\n\n\n\n<p class=\"wp-block-paragraph\">Le plus important avant tout c\u2019est d\u2019<strong>entretenir un lien affectif stable entre aidant et aid\u00e9<\/strong>. En revanche, vous ne pouvez pas \u00eatre reconnu aidant familial si votre m\u00e9tier initial est celui d\u2019aidant et que vous \u00eates consid\u00e9r\u00e9 comme un ou une professionnel\u2022le.<\/p>\n\n\n\n<figure class=\"wp-block-image size-full\"><img loading=\"lazy\" decoding=\"async\" width=\"2560\" height=\"1761\" src=\"https:\/\/preprod.weasywyg.com\/wp-content\/uploads\/2026\/07\/SCH-250722-Qui-peut-etre-aidant-_-scaled.png\" alt=\"\" class=\"wp-image-19359\" srcset=\"https:\/\/preprod.weasywyg.com\/wp-content\/uploads\/2026\/07\/SCH-250722-Qui-peut-etre-aidant-_-scaled.png 2560w, https:\/\/preprod.weasywyg.com\/wp-content\/uploads\/2026\/07\/SCH-250722-Qui-peut-etre-aidant-_-300x206.png 300w\" sizes=\"auto, (max-width: 2560px) 100vw, 2560px\" \/><\/figure>\n\n\n\n<h3 class=\"wp-block-heading\">Comment se d\u00e9clarer officiellement aidant familial ?<\/h3>\n\n\n\n<p class=\"wp-block-paragraph\">Pour vous d\u00e9clarer officiellement en tant qu\u2019aidant familial, nous vous invitons \u00e0 vous renseigner aupr\u00e8s de la MDPH de votre d\u00e9partement de r\u00e9sidence afin d\u2019obtenir le\u00a0<a href=\"https:\/\/preprod.weasywyg.com\/2026\/07\/17\/ouverture-droits-mdph-dossier-en-ligne\/\">formulaire de demande<\/a>. Le document le plus important qu\u2019il vous faudra joindre au formulaire est celui qui\u00a0<a href=\"https:\/\/orthopus.com\/fr\/aidant\/justificatif-aidant-familial\/\">atteste<\/a>\u00a0de la relation entre aidant et aid\u00e9. Il clarifie votre niveau d\u2019implication dans les soins et les attentions au quotidien que vous apportez \u00e0 la personne aid\u00e9e.<\/p>\n\n\n\n<h3 class=\"wp-block-heading\">T\u00e9moignages et r\u00e9alit\u00e9s du quotidien<\/h3>\n\n\n\n<figure class=\"wp-block-pullquote\"><blockquote><p><em>\u201cEn tant que parent aidant on peut partager un repas tous ensemble \u00e0 la maison au restaurant sans \u00eatre oblig\u00e9s d\u2019intervenir. Il fait tout seul. Je n\u2019ai plus \u00e0 lui gratter la t\u00eate, \u00e0 lui remonter ses lunettes : tous ces milliers de petits gestes auxquels nous ne pensons pas mais \u00e7a change tout de pouvoir les faire seul !\u201d<\/em><\/p><cite><a href=\"https:\/\/preprod.weasywyg.com\/2023\/12\/05\/replay-rencontre-assistances-pour-les-bras\/\">Christelle, aidante et m\u00e8re de Jonas (vivant avec la myopathie de Duchenne) et utilisateur d\u2019une aide technique pour la mobilit\u00e9 du bras.<\/a><\/cite><\/blockquote><\/figure>\n\n\n\n<h2 class=\"wp-block-heading\">Quels sont les droits et aides pour les aidants familiaux MDPH ?<\/h2>\n\n\n\n<h3 class=\"wp-block-heading\">L\u2019allocation journali\u00e8re du proche aidant (AJPA)<\/h3>\n\n\n\n<p class=\"wp-block-paragraph\">En tant qu\u2019<a href=\"https:\/\/www.pour-les-personnes-agees.gouv.fr\/\" target=\"_blank\" rel=\"noreferrer noopener\">aidant familial<\/a>, qui est un statut juridique reconnu, vous poss\u00e9dez des droits et des aides. L\u2019une de ces aides est l\u2019allocation journali\u00e8re du proche aidant (<a href=\"https:\/\/www.monparcourshandicap.gouv.fr\/aidant\/allocation-journaliere-du-proche-aidant-ajpa\" target=\"_blank\" rel=\"noreferrer noopener\">AJPA<\/a>), elle consiste \u00e0 aider via un revenu les aidants qui doivent r\u00e9duire ou cesser temporairement leur activit\u00e9 professionnelle pour s\u2019occuper de leur proche.<\/p>\n\n\n\n<div data-wp-context=\"{ &quot;autoclose&quot;: false, &quot;accordionItems&quot;: [] }\" data-wp-interactive=\"core\/accordion\" role=\"group\" class=\"wp-block-accordion is-layout-flow wp-block-accordion-is-layout-flow\">\n<div data-wp-class--is-open=\"state.isOpen\" data-wp-context=\"{ &quot;id&quot;: &quot;accordion-item-1&quot;, &quot;openByDefault&quot;: false }\" data-wp-init=\"callbacks.initAccordionItems\" data-wp-on-window--hashchange=\"callbacks.hashChange\" class=\"wp-block-accordion-item is-layout-flow wp-block-accordion-item-is-layout-flow\">\n<h3 class=\"wp-block-accordion-heading\"><button aria-expanded=\"false\" aria-controls=\"accordion-item-1-panel\" data-wp-bind--aria-expanded=\"state.isOpen\" data-wp-on--click=\"actions.toggle\" id=\"accordion-item-1\" type=\"button\" class=\"wp-block-accordion-heading__toggle\"><span class=\"wp-block-accordion-heading__toggle-title\">Qui peut percevoir l&rsquo;AJPA ?<\/span><span class=\"wp-block-accordion-heading__toggle-icon\" aria-hidden=\"true\">+<\/span><\/button><\/h3>\n\n\n\n<div aria-labelledby=\"accordion-item-1\" data-wp-bind--hidden=\"state.isHidden\" data-wp-on--beforematch=\"actions.handleBeforeMatch\" id=\"accordion-item-1-panel\" role=\"region\" class=\"wp-block-accordion-panel is-layout-flow wp-block-accordion-panel-is-layout-flow\">\n<ul class=\"wp-block-list\">\n<li>Les aidants salari\u00e9s du priv\u00e9 ou du public.<\/li>\n\n\n\n<li>Les aidants travailleurs ind\u00e9pendants.<\/li>\n\n\n\n<li>Les aidants ch\u00f4meurs indemnis\u00e9s et stagiaires d\u2019une formation professionnelle r\u00e9mun\u00e9r\u00e9e<\/li>\n<\/ul>\n<\/div>\n<\/div>\n\n\n\n<div data-wp-class--is-open=\"state.isOpen\" data-wp-context=\"{ &quot;id&quot;: &quot;accordion-item-2&quot;, &quot;openByDefault&quot;: false }\" data-wp-init=\"callbacks.initAccordionItems\" data-wp-on-window--hashchange=\"callbacks.hashChange\" class=\"wp-block-accordion-item is-layout-flow wp-block-accordion-item-is-layout-flow\">\n<h3 class=\"wp-block-accordion-heading\"><button aria-expanded=\"false\" aria-controls=\"accordion-item-2-panel\" data-wp-bind--aria-expanded=\"state.isOpen\" data-wp-on--click=\"actions.toggle\" id=\"accordion-item-2\" type=\"button\" class=\"wp-block-accordion-heading__toggle\"><span class=\"wp-block-accordion-heading__toggle-title\">Sous quelles conditions ?<\/span><span class=\"wp-block-accordion-heading__toggle-icon\" aria-hidden=\"true\">+<\/span><\/button><\/h3>\n\n\n\n<div aria-labelledby=\"accordion-item-2\" data-wp-bind--hidden=\"state.isHidden\" data-wp-on--beforematch=\"actions.handleBeforeMatch\" id=\"accordion-item-2-panel\" role=\"region\" class=\"wp-block-accordion-panel is-layout-flow wp-block-accordion-panel-is-layout-flow\">\n<p class=\"wp-block-paragraph\">L\u2019aidant doit :<\/p>\n\n\n\n<ul class=\"wp-block-list\">\n<li>R\u00e9sider en France<\/li>\n\n\n\n<li>\u00catre salari\u00e9\/ fonctionnaire et avoir demand\u00e9 un cong\u00e9 de proche aidant \u00e0 votre employeur<\/li>\n\n\n\n<li>Avoir r\u00e9duit votre activit\u00e9 professionnelle<\/li>\n\n\n\n<li>Avoir un lien \u00e9troit et stable avec la personne aid\u00e9e<\/li>\n\n\n\n<li>Apporter votre aide \u00e0 titre non professionnel Intervenir r\u00e9guli\u00e8rement aupr\u00e8s de l\u2019aid\u00e9<\/li>\n<\/ul>\n\n\n\n<p class=\"wp-block-paragraph\">L\u2019aid\u00e9 doit :<\/p>\n\n\n\n<ul class=\"wp-block-list\">\n<li>Soit :\u00a0<br>\u27a1\ufe0f Avoir un taux d\u2019incapacit\u00e9 d\u2019au moins 80% (reconnu par la\u00a0<a href=\"https:\/\/mdphenligne.cnsa.fr\/\" target=\"_blank\" rel=\"noreferrer noopener\">MDPH<\/a>)\u00a0<br>\u27a1\ufe0f Avoir une perte d\u2019autonomie correspondant \u00e0 un\u00a0<a href=\"https:\/\/www.service-public.fr\/particuliers\/vosdroits\/F1229\" target=\"_blank\" rel=\"noreferrer noopener\">GIR 1, 2, 3 ou 4<\/a>\u00a0et \u00eatre b\u00e9n\u00e9ficiaire de l\u2019allocation personnalis\u00e9e d\u2019autonomie (<a href=\"https:\/\/www.service-public.fr\/particuliers\/vosdroits\/F10009\" target=\"_blank\" rel=\"noreferrer noopener\">APA<\/a>)<\/li>\n\n\n\n<li>\u00catre invalide ou b\u00e9n\u00e9ficiaire de rentes d\u2019accident du travail et de maladie professionnelle avec une majoration ou une prestation compl\u00e9mentaire de recours \u00e0 une tierce-personne.<\/li>\n<\/ul>\n<\/div>\n<\/div>\n\n\n\n<div data-wp-class--is-open=\"state.isOpen\" data-wp-context=\"{ &quot;id&quot;: &quot;accordion-item-3&quot;, &quot;openByDefault&quot;: false }\" data-wp-init=\"callbacks.initAccordionItems\" data-wp-on-window--hashchange=\"callbacks.hashChange\" class=\"wp-block-accordion-item is-layout-flow wp-block-accordion-item-is-layout-flow\">\n<h3 class=\"wp-block-accordion-heading\"><button aria-expanded=\"false\" aria-controls=\"accordion-item-3-panel\" data-wp-bind--aria-expanded=\"state.isOpen\" data-wp-on--click=\"actions.toggle\" id=\"accordion-item-3\" type=\"button\" class=\"wp-block-accordion-heading__toggle\"><span class=\"wp-block-accordion-heading__toggle-title\">Pour quel montant ?<\/span><span class=\"wp-block-accordion-heading__toggle-icon\" aria-hidden=\"true\">+<\/span><\/button><\/h3>\n\n\n\n<div aria-labelledby=\"accordion-item-3\" data-wp-bind--hidden=\"state.isHidden\" data-wp-on--beforematch=\"actions.handleBeforeMatch\" id=\"accordion-item-3-panel\" role=\"region\" class=\"wp-block-accordion-panel is-layout-flow wp-block-accordion-panel-is-layout-flow\">\n<p class=\"wp-block-paragraph\">Au 1er janvier 2025, l\u2019AJPA est de :<\/p>\n\n\n\n<ul class=\"wp-block-list\">\n<li>32,90\u20ac par demi-journ\u00e9e.<\/li>\n\n\n\n<li>65,80\u20ac par jour.<\/li>\n<\/ul>\n<\/div>\n<\/div>\n\n\n\n<div data-wp-class--is-open=\"state.isOpen\" data-wp-context=\"{ &quot;id&quot;: &quot;accordion-item-4&quot;, &quot;openByDefault&quot;: false }\" data-wp-init=\"callbacks.initAccordionItems\" data-wp-on-window--hashchange=\"callbacks.hashChange\" class=\"wp-block-accordion-item is-layout-flow wp-block-accordion-item-is-layout-flow\">\n<h3 class=\"wp-block-accordion-heading\"><button aria-expanded=\"false\" aria-controls=\"accordion-item-4-panel\" data-wp-bind--aria-expanded=\"state.isOpen\" data-wp-on--click=\"actions.toggle\" id=\"accordion-item-4\" type=\"button\" class=\"wp-block-accordion-heading__toggle\"><span class=\"wp-block-accordion-heading__toggle-title\">Par qui ?<\/span><span class=\"wp-block-accordion-heading__toggle-icon\" aria-hidden=\"true\">+<\/span><\/button><\/h3>\n\n\n\n<div aria-labelledby=\"accordion-item-4\" data-wp-bind--hidden=\"state.isHidden\" data-wp-on--beforematch=\"actions.handleBeforeMatch\" id=\"accordion-item-4-panel\" role=\"region\" class=\"wp-block-accordion-panel is-layout-flow wp-block-accordion-panel-is-layout-flow\">\n<ul class=\"wp-block-list\">\n<li>Par la\u00a0<a href=\"https:\/\/caf.fr\/\" target=\"_blank\" rel=\"noreferrer noopener\">CAF<\/a>\u00a0si vous relevez du r\u00e9gime g\u00e9n\u00e9ral.<\/li>\n\n\n\n<li>Par la\u00a0<a href=\"https:\/\/www.msa.fr\/lfp\" target=\"_blank\" rel=\"noreferrer noopener\">MSA<\/a>\u00a0si vous relevez du r\u00e9gime agricole.<\/li>\n<\/ul>\n<\/div>\n<\/div>\n\n\n\n<div data-wp-class--is-open=\"state.isOpen\" data-wp-context=\"{ &quot;id&quot;: &quot;accordion-item-5&quot;, &quot;openByDefault&quot;: false }\" data-wp-init=\"callbacks.initAccordionItems\" data-wp-on-window--hashchange=\"callbacks.hashChange\" class=\"wp-block-accordion-item is-layout-flow wp-block-accordion-item-is-layout-flow\">\n<h3 class=\"wp-block-accordion-heading\"><button aria-expanded=\"false\" aria-controls=\"accordion-item-5-panel\" data-wp-bind--aria-expanded=\"state.isOpen\" data-wp-on--click=\"actions.toggle\" id=\"accordion-item-5\" type=\"button\" class=\"wp-block-accordion-heading__toggle\"><span class=\"wp-block-accordion-heading__toggle-title\">Durant combien de temps ?<\/span><span class=\"wp-block-accordion-heading__toggle-icon\" aria-hidden=\"true\">+<\/span><\/button><\/h3>\n\n\n\n<div aria-labelledby=\"accordion-item-5\" data-wp-bind--hidden=\"state.isHidden\" data-wp-on--beforematch=\"actions.handleBeforeMatch\" id=\"accordion-item-5-panel\" role=\"region\" class=\"wp-block-accordion-panel is-layout-flow wp-block-accordion-panel-is-layout-flow\">\n<p class=\"wp-block-paragraph\">66 jours par personne aid\u00e9e sur l\u2019ensemble de la carri\u00e8re. Vous pouvez cumuler cette allocation pour quatre personnes maximum, c\u2019est-\u00e0-dire b\u00e9n\u00e9ficier de 264 jours en tout sur l\u2019ensemble de votre carri\u00e8re professionnelle.<\/p>\n<\/div>\n<\/div>\n<\/div>\n\n\n\n<blockquote class=\"wp-block-quote is-layout-flow wp-block-quote-is-layout-flow\">\n<p class=\"wp-block-paragraph\">\u26a0\ufe0f <strong>Attention, vous ne pouvez pr\u00e9tendre \u00e0 l\u2019AJPA que si vous avez d\u00e9j\u00e0 demand\u00e9 un\u00a0<a href=\"https:\/\/www.service-public.fr\/particuliers\/vosdroits\/F16920\" target=\"_blank\" rel=\"noreferrer noopener\">cong\u00e9 de proche aidant<\/a>\u00a0(sans solde).<\/strong><\/p>\n<\/blockquote>\n\n\n\n<h3 class=\"wp-block-heading\">Les autres soutiens financiers et d\u2019accompagnement pour les aidants<\/h3>\n\n\n\n<p class=\"wp-block-paragraph\">En dehors de l\u2019AJPA, il existe actuellement trois autres aides principales pour les aidants : le\u00a0<a href=\"https:\/\/www.service-public.fr\/particuliers\/vosdroits\/F16920\" target=\"_blank\" rel=\"noreferrer noopener\">cong\u00e9 proche aidant<\/a>, l\u2019<a href=\"https:\/\/www.caf.fr\/allocataires\/aides-et-demarches\/droits-et-prestations\/handicap\/assurance-vieillesse-du-parent-au-foyer-avpf\" target=\"_blank\" rel=\"noreferrer noopener\">AVA<\/a>\u00a0(Assurance Vieillesse des Aidants) et le\u00a0<a href=\"https:\/\/www.monparcourshandicap.gouv.fr\/aidant\/les-solutions-de-repit-pour-les-aidants\" target=\"_blank\" rel=\"noreferrer noopener\">droit au r\u00e9pit<\/a>.<\/p>\n\n\n\n<ul class=\"wp-block-list\">\n<li><strong>Le cong\u00e9 de proche aidant<\/strong>\u00a0permet d\u2019interrompre ses activit\u00e9s professionnelles pour apporter son soutien \u00e0 un parent, \u00e0 un enfant ou \u00e0 un proche dans le besoin.<br>\u27a1\ufe0f\u00a0Il peut durer 3 mois et \u00eatre renouvel\u00e9 jusqu\u2019\u00e0 un an sur l\u2019ensemble de la carri\u00e8re du b\u00e9n\u00e9ficiaire.<br>\u27a1\ufe0f\u00a0Il est sans solde mais ouvre droit \u00e0 l\u2019<a href=\"https:\/\/www.caf.fr\/allocataires\/aides-et-demarches\/droits-et-prestations\/handicap\/l-allocation-journaliere-du-proche-aidant-ajpa\" target=\"_blank\" rel=\"noreferrer noopener\">AJPA<\/a>.<\/li>\n\n\n\n<li><strong>L\u2019AVA (Assurance Vieillesse des Aidants)<\/strong>&nbsp;permet \u00e0 certaines personnes qui aide un proche en situation de handicap ou de perte d\u2019autonomie de valider des trimestres de retraite, sans avoir \u00e0 cotiser elles-m\u00eames.<br>\u27a1\ufe0f&nbsp;Il faut pour la percevoir avoir cess\u00e9 son activit\u00e9 partiellement ou compl\u00e8tement pour s\u2019occuper de son proche (cong\u00e9 proche aidant), ne pas \u00eatre reconnu comme un aidant professionnel et s\u2019occuper r\u00e9guli\u00e8rement de son proche.<\/li>\n\n\n\n<li><strong>Le\u00a0<a href=\"https:\/\/orthopus.com\/fr\/aidant\/halte-repit\/\">droit au r\u00e9pit<\/a><\/strong>\u00a0permet aux proches aidants de recourir \u00e0 des solutions de relais pour souffler. Il est ouvert aux accompagnants des b\u00e9n\u00e9ficiaires de l\u2019APA (Allocation Personnalis\u00e9e d\u2019Autonomie), dont la pr\u00e9sence ou le soutien est indispensable. Le montant de la majoration offerte par l\u2019<a href=\"https:\/\/www.service-public.fr\/particuliers\/vosdroits\/F10009\" target=\"_blank\" rel=\"noreferrer noopener\">APA<\/a>\u00a0est limit\u00e9e \u00e0\u00a0<a href=\"https:\/\/www.pour-les-personnes-agees.gouv.fr\/solutions-pour-les-aidants\/soutien-financier\/l-aide-au-repit-dans-le-cadre-de-l-apa\" target=\"_blank\" rel=\"noreferrer noopener\">573.77\u20ac par an en 2025<\/a>.<\/li>\n<\/ul>\n\n\n\n<figure class=\"wp-block-embed is-type-video is-provider-youtube wp-block-embed-youtube wp-embed-aspect-16-9 wp-has-aspect-ratio\"><div class=\"wp-block-embed__wrapper\">\n<iframe loading=\"lazy\" title=\"Quelques conseils pour remplir le dossier MDPH\" width=\"1480\" height=\"833\" src=\"https:\/\/www.youtube.com\/embed\/KbJUJVTjtAQ?feature=oembed\" frameborder=\"0\" allow=\"accelerometer; autoplay; clipboard-write; encrypted-media; gyroscope; picture-in-picture; web-share\" referrerpolicy=\"strict-origin-when-cross-origin\" allowfullscreen><\/iframe>\n<\/div><\/figure>\n\n\n\n<p class=\"wp-block-paragraph\">\ud83d\udccc Quelques conseils pour remplir votre dossier MDPH : partie sur les aidants familiaux \u00e0 partir de 11 minutes de vid\u00e9o.<\/p>\n\n\n\n<h2 class=\"wp-block-heading\">Aider un proche en situation de handicap : faire reconna\u00eetre sa situation et monter un dossier aupr\u00e8s de la MDPH<\/h2>\n\n\n\n<h3 class=\"wp-block-heading\">Comprendre les crit\u00e8res de reconnaissance par la MDPH<\/h3>\n\n\n\n<p class=\"wp-block-paragraph\">Afin de devenir aidant familial MDPH, il faut avant tout que :<\/p>\n\n\n\n<ul class=\"wp-block-list\">\n<li>L\u2019aidant entretienne un lien \u00e9troit avec l\u2019aid\u00e9 et puisse en t\u00e9moigner.<\/li>\n\n\n\n<li>L\u2019aidant r\u00e9side en France.<\/li>\n\n\n\n<li>L\u2019aid\u00e9 poss\u00e8de un taux d\u2019incapacit\u00e9 \u00e9gal ou sup\u00e9rieur \u00e0 80 % soit reconnu par la maison d\u00e9partementale des personnes handicap\u00e9es (MDPH).<\/li>\n\n\n\n<li>L\u2019aid\u00e9 soit une personne \u00e2g\u00e9e diagnostiqu\u00e9e\u00a0<a href=\"https:\/\/www.service-public.fr\/particuliers\/vosdroits\/F1229\" target=\"_blank\" rel=\"noreferrer noopener\">GIR 1 \u00e0 4<\/a>\u00a0et est b\u00e9n\u00e9ficiaire de l\u2019allocation personnalis\u00e9e d\u2019autonomie (<a href=\"https:\/\/www.service-public.fr\/particuliers\/vosdroits\/F10009\" target=\"_blank\" rel=\"noreferrer noopener\">APA<\/a>).<\/li>\n\n\n\n<li>La personne aid\u00e9e peut \u00eatre quelqu\u2019un en situation de handicap ou qui re\u00e7oit une pension suite \u00e0 un accident du travail ou une maladie professionnelle et qui b\u00e9n\u00e9ficie d\u2019une aide suppl\u00e9mentaire pour \u00eatre accompagn\u00e9e au quotidien.<\/li>\n<\/ul>\n\n\n\n<p class=\"wp-block-paragraph\">Si vous remplissez toutes ces conditions, vous \u00eates \u00e9ligible pour devenir aidant familial MDPH (et ainsi profiter des aides qui vont avec).<\/p>\n\n\n\n<h3 class=\"wp-block-heading\">D\u00e9marches administratives pour constituer le dossier<\/h3>\n\n\n\n<p class=\"wp-block-paragraph\">Sur un plan plus factuel, il vous faut d\u00e9sormais\u00a0<a href=\"https:\/\/preprod.weasywyg.com\/2026\/07\/17\/ouverture-droits-mdph-dossier-en-ligne\/\">constituer votre dossier<\/a>\u00a0\u2013 si vous \u00eates \u00e9ligible au statut d\u2019aidant familial.<\/p>\n\n\n\n<ul class=\"wp-block-list\"><\/ul>\n\n\n\n<div data-wp-context=\"{ &quot;autoclose&quot;: false, &quot;accordionItems&quot;: [] }\" data-wp-interactive=\"core\/accordion\" role=\"group\" class=\"wp-block-accordion is-layout-flow wp-block-accordion-is-layout-flow\">\n<div data-wp-class--is-open=\"state.isOpen\" data-wp-context=\"{ &quot;id&quot;: &quot;accordion-item-6&quot;, &quot;openByDefault&quot;: false }\" data-wp-init=\"callbacks.initAccordionItems\" data-wp-on-window--hashchange=\"callbacks.hashChange\" class=\"wp-block-accordion-item is-layout-flow wp-block-accordion-item-is-layout-flow\">\n<h3 class=\"wp-block-accordion-heading\"><button aria-expanded=\"false\" aria-controls=\"accordion-item-6-panel\" data-wp-bind--aria-expanded=\"state.isOpen\" data-wp-on--click=\"actions.toggle\" id=\"accordion-item-6\" type=\"button\" class=\"wp-block-accordion-heading__toggle\"><span class=\"wp-block-accordion-heading__toggle-title\">Documents obligatoires<\/span><span class=\"wp-block-accordion-heading__toggle-icon\" aria-hidden=\"true\">+<\/span><\/button><\/h3>\n\n\n\n<div aria-labelledby=\"accordion-item-6\" data-wp-bind--hidden=\"state.isHidden\" data-wp-on--beforematch=\"actions.handleBeforeMatch\" id=\"accordion-item-6-panel\" role=\"region\" class=\"wp-block-accordion-panel is-layout-flow wp-block-accordion-panel-is-layout-flow\">\n<ul class=\"wp-block-list\">\n<li>Formulaire de demande MDPH<\/li>\n\n\n\n<li>Certificat m\u00e9dical r\u00e9cent (datant d\u2019entre 6 \u00e0 12 mois auparavant)<\/li>\n\n\n\n<li>Justificatif d\u2019identit\u00e9<\/li>\n\n\n\n<li>Justificatif de domicile (de moins de 3 mois)<\/li>\n\n\n\n<li>Livret de famille<\/li>\n<\/ul>\n<\/div>\n<\/div>\n\n\n\n<div data-wp-class--is-open=\"state.isOpen\" data-wp-context=\"{ &quot;id&quot;: &quot;accordion-item-7&quot;, &quot;openByDefault&quot;: false }\" data-wp-init=\"callbacks.initAccordionItems\" data-wp-on-window--hashchange=\"callbacks.hashChange\" class=\"wp-block-accordion-item is-layout-flow wp-block-accordion-item-is-layout-flow\">\n<h3 class=\"wp-block-accordion-heading\"><button aria-expanded=\"false\" aria-controls=\"accordion-item-7-panel\" data-wp-bind--aria-expanded=\"state.isOpen\" data-wp-on--click=\"actions.toggle\" id=\"accordion-item-7\" type=\"button\" class=\"wp-block-accordion-heading__toggle\"><span class=\"wp-block-accordion-heading__toggle-title\">Documents facultatifs<\/span><span class=\"wp-block-accordion-heading__toggle-icon\" aria-hidden=\"true\">+<\/span><\/button><\/h3>\n\n\n\n<div aria-labelledby=\"accordion-item-7\" data-wp-bind--hidden=\"state.isHidden\" data-wp-on--beforematch=\"actions.handleBeforeMatch\" id=\"accordion-item-7-panel\" role=\"region\" class=\"wp-block-accordion-panel is-layout-flow wp-block-accordion-panel-is-layout-flow\">\n<ul class=\"wp-block-list\">\n<li>Bilan auditif<\/li>\n\n\n\n<li>Bilan ophtalmologique<\/li>\n\n\n\n<li>Toute copie de document m\u00e9dical compl\u00e9mentaire est utile<\/li>\n<\/ul>\n<\/div>\n<\/div>\n<\/div>\n\n\n\n<ul class=\"wp-block-list\">\n<li>Remplissez la partie B (vert fonc\u00e9) et F (violet), qui sont les explications de la vie quotidienne de la personne handicap\u00e9e et de l\u2019aidant.<br>\u27a1\ufe0f Ce sont deux parties extr\u00eamement importantes car si elles sont mal expliqu\u00e9es\/ne rendent pas bien compte de l\u2019impact, le dossier peut \u00eatre refus\u00e9.<br><br><img loading=\"lazy\" decoding=\"async\" width=\"725\" height=\"1024\" srcset=\"https:\/\/orthopus.com\/wp-content\/uploads\/2025\/07\/partie-B-dossier-MDPH-725x1024.webp 725w, https:\/\/orthopus.com\/wp-content\/uploads\/2025\/07\/partie-B-dossier-MDPH-212x300.webp 212w, https:\/\/orthopus.com\/wp-content\/uploads\/2025\/07\/partie-B-dossier-MDPH-768x1085.webp 768w, https:\/\/orthopus.com\/wp-content\/uploads\/2025\/07\/partie-B-dossier-MDPH-1087x1536.webp 1087w, https:\/\/orthopus.com\/wp-content\/uploads\/2025\/07\/partie-B-dossier-MDPH-600x848.webp 600w, https:\/\/orthopus.com\/wp-content\/uploads\/2025\/07\/partie-B-dossier-MDPH-200x283.webp 200w, https:\/\/orthopus.com\/wp-content\/uploads\/2025\/07\/partie-B-dossier-MDPH.webp 1241w\" src=\"https:\/\/orthopus.com\/wp-content\/uploads\/2025\/07\/partie-B-dossier-MDPH-725x1024.webp\" alt=\"\"><br><img loading=\"lazy\" decoding=\"async\" width=\"725\" height=\"1024\" srcset=\"https:\/\/orthopus.com\/wp-content\/uploads\/2025\/07\/partie-F-dossier-MDPH-725x1024.webp 725w, https:\/\/orthopus.com\/wp-content\/uploads\/2025\/07\/partie-F-dossier-MDPH-212x300.webp 212w, https:\/\/orthopus.com\/wp-content\/uploads\/2025\/07\/partie-F-dossier-MDPH-768x1085.webp 768w, https:\/\/orthopus.com\/wp-content\/uploads\/2025\/07\/partie-F-dossier-MDPH-1087x1536.webp 1087w, https:\/\/orthopus.com\/wp-content\/uploads\/2025\/07\/partie-F-dossier-MDPH-600x848.webp 600w, https:\/\/orthopus.com\/wp-content\/uploads\/2025\/07\/partie-F-dossier-MDPH-200x283.webp 200w, https:\/\/orthopus.com\/wp-content\/uploads\/2025\/07\/partie-F-dossier-MDPH.webp 1241w\" src=\"https:\/\/orthopus.com\/wp-content\/uploads\/2025\/07\/partie-F-dossier-MDPH-725x1024.webp\" alt=\"\"><br><em>\ud83d\udccc Extraits des parties B et F du dossier MDPH.<br><\/em><\/li>\n\n\n\n<li>D\u00e9posez le dossier (voie postale ou d\u00e9p\u00f4t en ligne) \u00e0 votre MDPH d\u00e9partementale.<br>\u27a1\ufe0f Les seules personnes qui peuvent d\u00e9poser ce dossier sont les principaux concern\u00e9s, leur repr\u00e9sentant l\u00e9gal ou un tiers (l\u2019\u00e9tablissement ou le service dans lequel la personne est accueillie, ou l\u2019organisme payeur).<br>\u27a1\ufe0f Vous recevrez une notification une fois votre dossier r\u00e9ceptionn\u00e9.<br><\/li>\n\n\n\n<li>Attendez la r\u00e9ponse positive ou n\u00e9gative de la CDAPH (Commission des Droits et de l\u2019Autonomie des Personnes Handicap\u00e9es).<br>\u27a1\ufe0f Elle met en moyenne 4 \u00e0 6 mois \u00e0 arriver.<br><\/li>\n<\/ul>\n\n\n<div class=\"orthopus-poulpe-tip wp-block-orthopus-poulpe-tip\">\n\t\t<div class=\"poulpe-tip__icon\" aria-hidden=\"true\">\n\t\t<span class=\"poulpe-tip__icon-placeholder\">\ud83d\udc19<\/span>\n\t<\/div>\n\n\t<div class=\"poulpe-tip__content\">\n\t\t\t\t\t<p class=\"poulpe-tip__title\"><strong>Les \u00e9l\u00e9ments utiles \u00e0 t\u00e9l\u00e9charges<\/strong><\/p>\n\t\t\t\t\t\t\t<p class=\"poulpe-tip__body\">\u2022\u00a0<a href=\"https:\/\/preprod.weasywyg.com\/wp-content\/uploads\/2026\/07\/CTT-250708-Check-list-_-Preparer-sa-demande-MDPH.docx.pdf\">Check-list PDF<\/a>\u00a0: Pr\u00e9parer sa demande d\u2019aidant familial MDPH<br>\u2022\u00a0<a href=\"https:\/\/www.formulaires.service-public.fr\/gf\/cerfa_15692.do\" target=\"_blank\" rel=\"noreferrer noopener\">Formulaire 15692*01<\/a>\u00a0(formulaire de demande \u00e0 la MDPH)<br>\u2022\u00a0<a href=\"https:\/\/www.monparcourshandicap.gouv.fr\/sites\/default\/files\/2022-05\/cerfa_Certificat%20m%C3%A9dical%20MDPH_15695_accessible.pdf\" target=\"_blank\" rel=\"noreferrer noopener\">Cerfa 16695*01<\/a>\u00a0(certificat m\u00e9dical)<br>\u00a0\u2022Notice\u00a0<a href=\"https:\/\/www.monparcourshandicap.gouv.fr\/sites\/default\/files\/2022-05\/notice_Comprendre%20et%20bien%20remplir%20le%20certificat%20medical%20MDPH-accessible.pdf\" target=\"_blank\" rel=\"noreferrer noopener\">\u201cbien comprendre et remplir le certificat m\u00e9dical\u201d<\/a><br>\u2022 <a href=\"https:\/\/www.monparcourshandicap.gouv.fr\/sites\/default\/files\/2022-05\/annexe_15695-1_Compte%20rendu%20type%20pour%20un%20bilan%20auditif%20%C3%A0%20joindre_accessible.pdf\" target=\"_blank\" rel=\"noreferrer noopener\">Cerfa \u2013 volet 1<\/a>\u00a0(compte rendu auditif)<br>\u2022 <a href=\"https:\/\/www.monparcourshandicap.gouv.fr\/sites\/default\/files\/2022-05\/annexe_15695-2_Compte%20rendu%20type%20pour%20un%20bilan%20ophtalmologique%20%C3%A0%20joindre%20accessible.pdf\" target=\"_blank\" rel=\"noreferrer noopener\">Cerfa \u2013 volet 2<\/a>\u00a0(compte rendu ophtalmologique)<\/p>\n\t\t\t<\/div>\n<\/div>\n\n\n\n<h3 class=\"wp-block-heading\">Conseils pour optimiser votre demande<\/h3>\n\n\n\n<p class=\"wp-block-paragraph\">Afin de permettre \u00e0 votre demande d\u2019\u00eatre trait\u00e9 le mieux possible et d\u2019\u00e9viter d\u2019avoir \u00e0\u00a0<a href=\"https:\/\/www.monparcourshandicap.gouv.fr\/sites\/default\/files\/2020-05\/exprimer%20son%20d%C3%A9saccord%20en%20cas%20de%20refus%20d%27une%20demande%20d%27aide-facile%20%C3%A0%20lire%20et%20%C3%A0%20comprendre.pdf\" target=\"_blank\" rel=\"noreferrer noopener\">contester un refus aupr\u00e8s de la MDPH<\/a>, nous vous conseillons :<\/p>\n\n\n\n<ul class=\"wp-block-list\">\n<li>\u00catre accompagn\u00e9 par une assistante sociale ou une association.<\/li>\n\n\n\n<li>D\u00e9tailler les t\u00e2ches quotidiennes d\u2019accompagnement&nbsp;<strong>(partie B et F)<\/strong><\/li>\n\n\n\n<li>Mettre en avant les cons\u00e9quences concr\u00e8tes de la situation.<\/li>\n<\/ul>\n\n\n<div style=\"--cta-bg-color:#B399FF;color:#212233\" class=\"orthopus-cta-inline is-bg-color wp-block-orthopus-cta-inline\">\n\t\n\t<div\n\t\tclass=\"cta-inline__overlay\"\n\t\tstyle=\"background-color:#212233;opacity:0;\"\n\t\taria-hidden=\"true\"\n\t><\/div>\n\n\t<div class=\"cta-inline__inner\">\n\t\t<div class=\"cta-inline__content\">\n\t\t\t\t\t\t\t<p class=\"cta-inline__title\"><strong>Remplissez votre dossier MDPH pas \u00e0 pas<\/strong><\/p>\n\t\t\t\t\t\t\t\t\t\t<p class=\"cta-inline__text\">Acc\u00e9dez \u00e0 un tutoriel pratique pour remplir votre dossier MDPH avec m\u00e9thode et s\u00e9r\u00e9nit\u00e9.<\/p>\n\t\t\t\t\t\t\t\t\t\t<div class=\"wp-block-button cta-inline__button\">\n\t\t\t\t\t<a class=\"wp-block-button__link wp-element-button\" href=\"https:\/\/www.apel.fr\/sites\/default\/files\/2022-04\/tutoriel_1ere_demande_mdph_0.pdf\" target=\"_blank\" rel=\"noopener noreferrer\" style=\"--cta-btn-bg:#92FFAC;--cta-btn-color:#212233;--cta-btn-border:0px solid #92FFAC;--cta-btn-hover-bg:#B399FF\">\n\t\t\t\t\t\tTutoriel d\u00e9taill\u00e9 de dossier MDPH\t\t\t\t\t<\/a>\n\t\t\t\t<\/div>\n\t\t\t\t\t<\/div>\n\t\t\t<\/div>\n<\/div>\n\n\n\n<h2 class=\"wp-block-heading\">Ce que le statut d\u2019aidant familial MDPH implique<\/h2>\n\n\n\n<h3 class=\"wp-block-heading\">Les avantages associ\u00e9s au statut<\/h3>\n\n\n\n<p class=\"wp-block-paragraph\">Poss\u00e9der un statut d\u2019aidant familial\u00a0<a href=\"https:\/\/preprod.weasywyg.com\/2026\/07\/17\/justificatif-aidant-familial\/\">reconnu officiellement<\/a>\u00a0par la MDPH a des avantages non-n\u00e9gociables, notamment pour tout ce qui concerne les aides et les d\u00e9dommagements financiers comme la\u00a0<a href=\"https:\/\/www.service-public.fr\/particuliers\/vosdroits\/F14202\" target=\"_blank\" rel=\"noreferrer noopener\">PCH<\/a>\u00a0(Prestation de Compensation du Handicap) ou encore l\u2019<a href=\"https:\/\/www.service-public.fr\/particuliers\/vosdroits\/F12242\" target=\"_blank\" rel=\"noreferrer noopener\">Allocation Adultes Handicap\u00e9s (AAH)<\/a>\u00a0(qui compensent les personnes qui ont de faibles revenus). D\u2019autres\u00a0<a href=\"https:\/\/orthopus.com\/fr\/aides-financieres\/aides-financieres-handicap\/\">aides<\/a>\u00a0comme l\u2019AJPA, l\u2019AVA ou des r\u00e9ductions d\u2019imp\u00f4ts sont \u00e9galement des atouts tr\u00e8s importants pour les aidants et pour les aid\u00e9s.<\/p>\n\n\n<div class=\"orthopus-poulpe-tip wp-block-orthopus-poulpe-tip\">\n\t\t<div class=\"poulpe-tip__icon\" aria-hidden=\"true\">\n\t\t<span class=\"poulpe-tip__icon-placeholder\">\ud83d\udc19<\/span>\n\t<\/div>\n\n\t<div class=\"poulpe-tip__content\">\n\t\t\t\t\t<p class=\"poulpe-tip__title\"><strong>Les conseil du poulpe<\/strong><\/p>\n\t\t\t\t\t\t\t<p class=\"poulpe-tip__body\">\u2022\u00a0Si vous percevez des\u00a0<a href=\"https:\/\/preprod.weasywyg.com\/2026\/07\/06\/dedommagement-aidant-familial-non-salarie\/\">d\u00e9dommagements<\/a>\u00a0non salariaux pour votre engagement, vous devez d\u00e9clarer les revenus obtenus comme des\u00a0<a href=\"https:\/\/www.ouihelp.fr\/conseils\/aidant\/role-droits-aidant-familial\/\" target=\"_blank\" rel=\"noreferrer noopener\">b\u00e9n\u00e9fices non-commerciaux<\/a>\u00a0aux imp\u00f4ts.<br>\u2022\u00a0Si vous \u00eates un aidant familial salari\u00e9, alors, comme toute personne employ\u00e9e, vous d\u00e9clarez vos revenus normalement aux imp\u00f4ts.<br>\u2022 Pour la personne qui re\u00e7oit les aides comme la PCH et l\u2019APA,\u00a0<a href=\"https:\/\/www.ouihelp.fr\/conseils\/aidant\/role-droits-aidant-familial\/\" target=\"_blank\" rel=\"noreferrer noopener\">une r\u00e9duction d\u2019imp\u00f4ts est valable et \u00e9gale \u00e0 50% des d\u00e9penses engag\u00e9es et plafonn\u00e9e \u00e0 12000 euros<\/a>.onseil ici.<\/p>\n\t\t\t<\/div>\n<\/div>\n\n\n\n<p class=\"wp-block-paragraph\">Une fois votre statut officiel acquis, il vous ait \u00e9galement offert un panel de formations diverses afin de vous aider au mieux dans votre engagement aupr\u00e8s du proche que vous aidez. L\u2019<a href=\"https:\/\/www.aidants.fr\/\" target=\"_blank\" rel=\"noreferrer noopener\">Association Fran\u00e7aise des Aidants<\/a>\u00a0propose un certain nombre en plus d\u2019offrir une forme de convivialit\u00e9 et de solidarit\u00e9 entre les aidants et les aidantes qui ont souvent tendance \u00e0 s\u2019isoler.<\/p>\n\n\n\n<h3 class=\"wp-block-heading\">Les limites associ\u00e9es<\/h3>\n\n\n\n<p class=\"wp-block-paragraph\">Parmi les principales difficult\u00e9s d\u2019\u00eatre aidant ou aidante, figure la r\u00e9duction, voire la perte totale de revenus. Il est souvent difficile, voire impossible, de concilier un emploi \u00e0 temps plein avec les responsabilit\u00e9s li\u00e9es \u00e0 l\u2019accompagnement d\u2019un proche. M\u00eame si bien souvent, ils ne compensent pas compl\u00e8tement la perte de salaire, les d\u00e9dommagements pr\u00e9vus peuvent repr\u00e9senter un soutien non n\u00e9gligeable.<\/p>\n\n\n\n<p class=\"wp-block-paragraph\">Pour \u00e9viter une rupture totale avec le monde professionnel, des dispositifs temporaires existent. Par exemple, le\u00a0<a href=\"https:\/\/www.service-public.fr\/particuliers\/vosdroits\/F16920\" target=\"_blank\" rel=\"noreferrer noopener\">cong\u00e9 de proche aidant<\/a>\u00a0permet de suspendre son activit\u00e9 sans solde tout en conservant son contrat de travail. Il peut \u00e9galement \u00eatre compl\u00e9t\u00e9 par l\u2019<a href=\"https:\/\/www.caf.fr\/allocataires\/aides-et-demarches\/droits-et-prestations\/handicap\/l-allocation-journaliere-du-proche-aidant-ajpa\" target=\"_blank\" rel=\"noreferrer noopener\">AJPA<\/a>\u00a0(allocation journali\u00e8re du proche aidant).<\/p>\n\n\n\n<p class=\"wp-block-paragraph\">Les droits \u00e0 la retraite sont \u00e9galement encadr\u00e9s. Des dispositifs comme la majoration de trimestres ou la retraite anticip\u00e9e existent. Mais ils sont soumis \u00e0 des conditions strictes : dur\u00e9e minimale d\u2019accompagnement, taux d\u2019incapacit\u00e9 de la personne aid\u00e9e, cessation d\u2019activit\u00e9, etc. Tous les aidants ne peuvent donc pas en b\u00e9n\u00e9ficier.<\/p>\n\n\n\n<p class=\"wp-block-paragraph\">Enfin, au-del\u00e0 des aspects financiers et administratifs, le r\u00f4le d\u2019aidant familial implique une charge physique et psychologique importante, souvent assum\u00e9e avec peu de r\u00e9pit ou de soutien.<\/p>\n\n\n\n<p class=\"wp-block-paragraph\">Les d\u00e9marches administratives pour faire reconna\u00eetre ce statut et obtenir les aides disponibles sont souvent complexes et exigeantes. Cela n\u00e9cessite de nombreux justificatifs et un accompagnement qui fait parfois d\u00e9faut (d\u2019o\u00f9 la n\u00e9cessit\u00e9 de bien s\u2019entourer).<\/p>\n\n\n\n<h2 class=\"wp-block-heading\">Ressources utiles pour aller plus loin<\/h2>\n\n\n\n<h3 class=\"wp-block-heading\">Liens pratiques et accompagnement administratif<\/h3>\n\n\n\n<p class=\"wp-block-paragraph\">Les meilleurs alli\u00e9s d\u2019un aidant sont ses connaissances c\u2019est pourquoi \u00eatre entour\u00e9\u2022e peut \u00eatre un s\u00e9rieux avantage. Nous vous conseillons donc de vous renseigner aupr\u00e8s d\u2019Associations d\u2019Aide aux Aidants pour partager votre exp\u00e9rience, vos conseils et en recevoir. Voici la liste des Maison d\u00e9partementales des Personnes en situation de Handicap :<\/p>\n\n\n<div style=\"--cta-bg-color:#B399FF;color:#212233\" class=\"orthopus-cta-inline is-bg-color wp-block-orthopus-cta-inline\">\n\t\n\t<div\n\t\tclass=\"cta-inline__overlay\"\n\t\tstyle=\"background-color:#212233;opacity:0;\"\n\t\taria-hidden=\"true\"\n\t><\/div>\n\n\t<div class=\"cta-inline__inner\">\n\t\t<div class=\"cta-inline__content\">\n\t\t\t\t\t\t\t<p class=\"cta-inline__title\"><strong>Trouvez la MDPH de votre d\u00e9partement<\/strong><\/p>\n\t\t\t\t\t\t\t\t\t\t<p class=\"cta-inline__text\">Acc\u00e9dez rapidement aux coordonn\u00e9es et au site internet de votre MDPH gr\u00e2ce \u00e0 notre carte interactive.<\/p>\n\t\t\t\t\t\t\t\t\t\t<div class=\"wp-block-button cta-inline__button\">\n\t\t\t\t\t<a class=\"wp-block-button__link wp-element-button\" href=\"https:\/\/view.genially.com\/684c22bdcbfcf59b8d269f0f\" target=\"_blank\" rel=\"noopener noreferrer\" style=\"--cta-btn-bg:#92FFAC;--cta-btn-color:#212233;--cta-btn-border:0px solid #92FFAC;--cta-btn-hover-bg:#B399FF\">\n\t\t\t\t\t\tConsultez notre carte interactive\t\t\t\t\t<\/a>\n\t\t\t\t<\/div>\n\t\t\t\t\t<\/div>\n\t\t\t<\/div>\n<\/div>\n\n\n\n<p class=\"wp-block-paragraph\">Notre carte interactive peut vous \u00eatre tr\u00e8s utile si vous pr\u00e9voyez de d\u00e9poser votre dossier pour devenir aidant familial MDPH en mains propres, mais \u00e9galement pour obtenir divers renseignements de vive voix.<\/p>\n\n\n\n<p class=\"wp-block-paragraph\">Concr\u00e8tement pour devenir aidant familial MDPH, il faut \u00eatre un proche non professionnel qui aide r\u00e9guli\u00e8rement une personne reconnue avec un taux d\u2019incapacit\u00e9 sup\u00e9rieur \u00e0 80%. La d\u00e9marche \u00e0 suivre pour se faire reconna\u00eetre est ensuite de remplir un dossier complet avec des explications sur la relation et le quotidien entretenu entre aidant et aid\u00e9, puis l\u2019adresser \u00e0 la MDPH du d\u00e9partement.<\/p>\n\n\n\n<h2 class=\"wp-block-heading\">Foire aux questions<\/h2>\n\n\n\n<div data-wp-context=\"{ &quot;autoclose&quot;: false, &quot;accordionItems&quot;: [] }\" data-wp-interactive=\"core\/accordion\" role=\"group\" class=\"wp-block-accordion is-layout-flow wp-block-accordion-is-layout-flow\">\n<div data-wp-class--is-open=\"state.isOpen\" data-wp-context=\"{ &quot;id&quot;: &quot;accordion-item-8&quot;, &quot;openByDefault&quot;: false }\" data-wp-init=\"callbacks.initAccordionItems\" data-wp-on-window--hashchange=\"callbacks.hashChange\" class=\"wp-block-accordion-item is-layout-flow wp-block-accordion-item-is-layout-flow\">\n<h3 class=\"wp-block-accordion-heading\"><button aria-expanded=\"false\" aria-controls=\"accordion-item-8-panel\" data-wp-bind--aria-expanded=\"state.isOpen\" data-wp-on--click=\"actions.toggle\" id=\"accordion-item-8\" type=\"button\" class=\"wp-block-accordion-heading__toggle\"><span class=\"wp-block-accordion-heading__toggle-title\">Qui peut \u00eatre aidant familial ?<\/span><span class=\"wp-block-accordion-heading__toggle-icon\" aria-hidden=\"true\">+<\/span><\/button><\/h3>\n\n\n\n<div aria-labelledby=\"accordion-item-8\" data-wp-bind--hidden=\"state.isHidden\" data-wp-on--beforematch=\"actions.handleBeforeMatch\" id=\"accordion-item-8-panel\" role=\"region\" class=\"wp-block-accordion-panel is-layout-flow wp-block-accordion-panel-is-layout-flow\">\n<p class=\"wp-block-paragraph\"><strong>Tout proche<\/strong>\u00a0peut devenir aidant familial d\u00e8s lors qu\u2019une aide r\u00e9guli\u00e8re est apport\u00e9e \u00e0 titre non professionnel \u00e0 une personne en perte d\u2019autonomie, \u00e2g\u00e9e ou en situation de handicap.<\/p>\n<\/div>\n<\/div>\n\n\n\n<div data-wp-class--is-open=\"state.isOpen\" data-wp-context=\"{ &quot;id&quot;: &quot;accordion-item-9&quot;, &quot;openByDefault&quot;: false }\" data-wp-init=\"callbacks.initAccordionItems\" data-wp-on-window--hashchange=\"callbacks.hashChange\" class=\"wp-block-accordion-item is-layout-flow wp-block-accordion-item-is-layout-flow\">\n<h3 class=\"wp-block-accordion-heading\"><button aria-expanded=\"false\" aria-controls=\"accordion-item-9-panel\" data-wp-bind--aria-expanded=\"state.isOpen\" data-wp-on--click=\"actions.toggle\" id=\"accordion-item-9\" type=\"button\" class=\"wp-block-accordion-heading__toggle\"><span class=\"wp-block-accordion-heading__toggle-title\">Quel est le salaire mensuel d\u2019un aidant familial ?<\/span><span class=\"wp-block-accordion-heading__toggle-icon\" aria-hidden=\"true\">+<\/span><\/button><\/h3>\n\n\n\n<div aria-labelledby=\"accordion-item-9\" data-wp-bind--hidden=\"state.isHidden\" data-wp-on--beforematch=\"actions.handleBeforeMatch\" id=\"accordion-item-9-panel\" role=\"region\" class=\"wp-block-accordion-panel is-layout-flow wp-block-accordion-panel-is-layout-flow\">\n<p class=\"wp-block-paragraph\">Le salaire mensuel d\u2019un aidant familial d\u00e9pend du dispositif. La fourchette globale se situe entre 1 200\u20ac et 1 500\u20ac.\u00a0<\/p>\n<\/div>\n<\/div>\n\n\n\n<div data-wp-class--is-open=\"state.isOpen\" data-wp-context=\"{ &quot;id&quot;: &quot;accordion-item-10&quot;, &quot;openByDefault&quot;: false }\" data-wp-init=\"callbacks.initAccordionItems\" data-wp-on-window--hashchange=\"callbacks.hashChange\" class=\"wp-block-accordion-item is-layout-flow wp-block-accordion-item-is-layout-flow\">\n<h3 class=\"wp-block-accordion-heading\"><button aria-expanded=\"false\" aria-controls=\"accordion-item-10-panel\" data-wp-bind--aria-expanded=\"state.isOpen\" data-wp-on--click=\"actions.toggle\" id=\"accordion-item-10\" type=\"button\" class=\"wp-block-accordion-heading__toggle\"><span class=\"wp-block-accordion-heading__toggle-title\">Comment puis-je justifier mon statut d\u2019aidant familial ?<\/span><span class=\"wp-block-accordion-heading__toggle-icon\" aria-hidden=\"true\">+<\/span><\/button><\/h3>\n\n\n\n<div aria-labelledby=\"accordion-item-10\" data-wp-bind--hidden=\"state.isHidden\" data-wp-on--beforematch=\"actions.handleBeforeMatch\" id=\"accordion-item-10-panel\" role=\"region\" class=\"wp-block-accordion-panel is-layout-flow wp-block-accordion-panel-is-layout-flow\">\n<p class=\"wp-block-paragraph\">Le statut d\u2019aidant familial peut \u00eatre reconnu par une d\u00e9claration sur l\u2019honneur, la pr\u00e9sentation de justificatifs, ou \u00eatre d\u00e9livr\u00e9 par les administrations (MDPH, CAF, Conseil d\u00e9partemental).\u00a0<\/p>\n<\/div>\n<\/div>\n\n\n\n<div data-wp-class--is-open=\"state.isOpen\" data-wp-context=\"{ &quot;id&quot;: &quot;accordion-item-11&quot;, &quot;openByDefault&quot;: false }\" data-wp-init=\"callbacks.initAccordionItems\" data-wp-on-window--hashchange=\"callbacks.hashChange\" class=\"wp-block-accordion-item is-layout-flow wp-block-accordion-item-is-layout-flow\">\n<h3 class=\"wp-block-accordion-heading\"><button aria-expanded=\"false\" aria-controls=\"accordion-item-11-panel\" data-wp-bind--aria-expanded=\"state.isOpen\" data-wp-on--click=\"actions.toggle\" id=\"accordion-item-11\" type=\"button\" class=\"wp-block-accordion-heading__toggle\"><span class=\"wp-block-accordion-heading__toggle-title\">Comment puis-je devenir un aidant familial r\u00e9mun\u00e9r\u00e9 ?<\/span><span class=\"wp-block-accordion-heading__toggle-icon\" aria-hidden=\"true\">+<\/span><\/button><\/h3>\n\n\n\n<div aria-labelledby=\"accordion-item-11\" data-wp-bind--hidden=\"state.isHidden\" data-wp-on--beforematch=\"actions.handleBeforeMatch\" id=\"accordion-item-11-panel\" role=\"region\" class=\"wp-block-accordion-panel is-layout-flow wp-block-accordion-panel-is-layout-flow\">\n<p class=\"wp-block-paragraph\">Pour \u00eatre aidant familial r\u00e9mun\u00e9r\u00e9, vous devez accompagner une personne b\u00e9n\u00e9ficiant de la PCH ou de l\u2019APA, \u00eatre d\u00e9clar\u00e9 via le CESU et \u00e9tablir un contrat de travail. Certaines conditions s\u2019appliquent selon votre lien de parent\u00e9, votre situation professionnelle et la reconnaissance de l\u2019aide par la MDPH ou le Conseil d\u00e9partemental.\u00a0<\/p>\n<\/div>\n<\/div>\n<\/div>\n\n\n\n<h2 class=\"wp-block-heading\">Sources<\/h2>\n\n\n\n<ol class=\"wp-block-list\">\n<li>Mon Parcours Handicap. Tout savoir sur la maison d\u00e9partementale des personnes handicap\u00e9es (MDPH) [Internet]. Disponible sur: <a href=\"https:\/\/www.monparcourshandicap.gouv.fr\/sites\/default\/files\/2020-05\/MDPH%20tout%20savoir%20-%20facile%20%C3%A0%20lire%20et%20%C3%A0%20comprendre.pdf\" target=\"_blank\" rel=\"noreferrer noopener\">https:\/\/www.monparcourshandicap.gouv.fr\/sites\/default\/files\/2020-05\/MDPH%20tout%20savoir%20-%20facile%20%C3%A0%20lire%20et%20%C3%A0%20comprendre.pdf<\/a><\/li>\n\n\n\n<li>Aidant familial ou naturel\u202f: d\u00e9finition, aides, statut juridique [Internet]. [cit\u00e9 12 juin 2025]. Disponible sur: <a href=\"https:\/\/www.essentiel-autonomie.com\/vos-questions-juridiques\/aidants-naturels-aidants-familiaux-quelle-definition-quel-statut-juridique\" target=\"_blank\" rel=\"noreferrer noopener\">https:\/\/www.essentiel-autonomie.com\/vos-questions-juridiques\/aidants-naturels-aidants-familiaux-quelle-definition-quel-statut-juridique<\/a><\/li>\n\n\n\n<li>SEYLLER A. Aidant familial PCH\u202f: comment \u00e7a se passe\u202f? [Internet]. Filien Online. 2024 [cit\u00e9 12 juin 2025]. Disponible sur: <a href=\"https:\/\/filien-online.com\/aides-financieres\/aidant-familial-pch\/\" target=\"_blank\" rel=\"noreferrer noopener\">https:\/\/filien-online.com\/aides-financieres\/aidant-familial-pch\/<\/a><\/li>\n\n\n\n<li>D\u00e9finition et demande de l\u2019allocation journali\u00e8re du proche aidant (AJPA) | Mon Parcours Handicap [Internet]. [cit\u00e9 13 juin 2025]. Disponible sur: <a href=\"https:\/\/www.monparcourshandicap.gouv.fr\/aidant\/allocation-journaliere-du-proche-aidant-ajpa\" target=\"_blank\" rel=\"noreferrer noopener\">https:\/\/www.monparcourshandicap.gouv.fr\/aidant\/allocation-journaliere-du-proche-aidant-ajpa<\/a><\/li>\n\n\n\n<li>Cong\u00e9 de proche aidant [Internet]. [cit\u00e9 6 mai 2025]. Disponible sur: <a href=\"https:\/\/www.service-public.fr\/particuliers\/vosdroits\/F16920\" target=\"_blank\" rel=\"noreferrer noopener\">https:\/\/www.service-public.fr\/particuliers\/vosdroits\/F16920<\/a><\/li>\n\n\n\n<li>CAF \u2013 L\u2019assurance vieillesse [Internet]. [cit\u00e9 13 juin 2025]. Disponible sur: <a href=\"https:\/\/www.caf.fr\/allocataires\/aides-et-demarches\/droits-et-prestations\/handicap\/assurance-vieillesse-du-parent-au-foyer-avpf\" target=\"_blank\" rel=\"noreferrer noopener\">https:\/\/www.caf.fr\/allocataires\/aides-et-demarches\/droits-et-prestations\/handicap\/assurance-vieillesse-du-parent-au-foyer-avpf<\/a><\/li>\n\n\n\n<li>L\u2019aide au r\u00e9pit dans le cadre de l\u2019APA [Internet]. 2025 [cit\u00e9 6 mai 2025]. Disponible sur: <a href=\"https:\/\/www.pour-les-personnes-agees.gouv.fr\/solutions-pour-les-aidants\/soutien-financier\/l-aide-au-repit-dans-le-cadre-de-l-apa\" target=\"_blank\" rel=\"noreferrer noopener\">https:\/\/www.pour-les-personnes-agees.gouv.fr\/solutions-pour-les-aidants\/soutien-financier\/l-aide-au-repit-dans-le-cadre-de-l-apa<\/a><\/li>\n\n\n\n<li>D\u00e9p\u00f4t du dossier et traitement demande MDPH | Mon Parcours Handicap [Internet]. [cit\u00e9 13 juin 2025]. Disponible sur: <a href=\"https:\/\/www.monparcourshandicap.gouv.fr\/aides\/le-depot-du-dossier-et-le-traitement-de-la-demande-par-la-maison-departementale-des-personnes\" target=\"_blank\" rel=\"noreferrer noopener\">https:\/\/www.monparcourshandicap.gouv.fr\/aides\/le-depot-du-dossier-et-le-traitement-de-la-demande-par-la-maison-departementale-des-personnes<\/a><\/li>\n\n\n\n<li>Quelques conseils pour remplir le dossier MDPH [Internet]. [cit\u00e9 13 juin 2025]. Disponible sur: <a href=\"https:\/\/www.youtube.com\/watch?v=KbJUJVTjtAQ\" target=\"_blank\" rel=\"noreferrer noopener\">https:\/\/www.youtube.com\/watch?v=KbJUJVTjtAQ<\/a><\/li>\n\n\n\n<li>Nouvelle loi 2022\u202f: Les droits de l\u2019aidant familial [Internet]. [cit\u00e9 6 mai 2025]. Disponible sur: <a href=\"https:\/\/www.ouihelp.fr\/conseils\/aidant\/role-droits-aidant-familial\/\" target=\"_blank\" rel=\"noreferrer noopener\">https:\/\/www.ouihelp.fr\/conseils\/aidant\/role-droits-aidant-familial\/<\/a><\/li>\n\n\n\n<li>Aidant familial\u202f: statut, aides et salaire \u2013 Cap Retraite [Internet]. 2022 [cit\u00e9 6 mai 2025]. Disponible sur: <a href=\"https:\/\/www.capretraite.fr\/aide-a-domicile\/maintien-a-domicile\/aidant-familial-statut-aides-et-salaire\/\" target=\"_blank\" rel=\"noreferrer noopener\">https:\/\/www.capretraite.fr\/aide-a-domicile\/maintien-a-domicile\/aidant-familial-statut-aides-et-salaire\/<\/a><\/li>\n<\/ol>\n","protected":false},"excerpt":{"rendered":"<p>D\u00e9couvrez comment devenir aidant familial MDPH, les \u00e9tapes essentielles et les aides disponibles.<\/p>\n","protected":false},"author":3,"featured_media":19358,"comment_status":"open","ping_status":"open","sticky":false,"template":"","format":"standard","meta":{"_kad_blocks_custom_css":"","_kad_blocks_head_custom_js":"","_kad_blocks_body_custom_js":"","_kad_blocks_footer_custom_js":"","footnotes":""},"categories":[235],"tags":[],"class_list":["post-19357","post","type-post","status-publish","format-standard","has-post-thumbnail","hentry","category-aidants"],"yoast_head":"<!-- This site is optimized with the Yoast SEO plugin v28.4 - https:\/\/yoast.com\/product\/yoast-seo-wordpress\/ -->\n<title>Devenir aidant familial MDPH: Le guide complet<\/title>\n<meta name=\"description\" content=\"D\u00e9couvrez comment devenir aidant familial MDPH, les \u00e9tapes essentielles et les aides disponibles.\" \/>\n<meta name=\"robots\" content=\"noindex, follow, max-snippet:-1, max-image-preview:large, max-video-preview:-1\" \/>\n<meta property=\"og:locale\" content=\"fr_FR\" \/>\n<meta property=\"og:type\" content=\"article\" \/>\n<meta property=\"og:title\" content=\"Devenir aidant familial MDPH: Le guide complet\" \/>\n<meta property=\"og:description\" content=\"D\u00e9couvrez comment devenir aidant familial MDPH, les \u00e9tapes essentielles et les aides disponibles.\" \/>\n<meta property=\"og:url\" content=\"https:\/\/preprod.weasywyg.com\/fr\/2025\/02\/17\/devenir-aidant-familial-mdph\/\" \/>\n<meta property=\"og:site_name\" content=\"Orthopus\" \/>\n<meta property=\"article:published_time\" content=\"2025-02-17T10:43:33+00:00\" \/>\n<meta property=\"article:modified_time\" content=\"2026-07-20T15:10:18+00:00\" \/>\n<meta property=\"og:image\" content=\"https:\/\/preprod.weasywyg.com\/wp-content\/uploads\/2026\/07\/IMG-250722-Couv-Asterix-Obelix.webp\" \/>\n\t<meta property=\"og:image:width\" content=\"1280\" \/>\n\t<meta property=\"og:image:height\" content=\"720\" \/>\n\t<meta property=\"og:image:type\" content=\"image\/webp\" \/>\n<meta name=\"author\" content=\"Pierre Murzeau\" \/>\n<meta name=\"twitter:card\" content=\"summary_large_image\" \/>\n<meta name=\"twitter:label1\" content=\"\u00c9crit par\" \/>\n\t<meta name=\"twitter:data1\" content=\"Pierre Murzeau\" \/>\n\t<meta name=\"twitter:label2\" content=\"Dur\u00e9e de lecture estim\u00e9e\" \/>\n\t<meta name=\"twitter:data2\" content=\"14 minutes\" \/>\n<script type=\"application\/ld+json\" class=\"yoast-schema-graph\">{\"@context\":\"https:\\\/\\\/schema.org\",\"@graph\":[{\"@type\":\"Article\",\"@id\":\"https:\\\/\\\/preprod.weasywyg.com\\\/fr\\\/2025\\\/02\\\/17\\\/devenir-aidant-familial-mdph\\\/#article\",\"isPartOf\":{\"@id\":\"https:\\\/\\\/preprod.weasywyg.com\\\/fr\\\/2025\\\/02\\\/17\\\/devenir-aidant-familial-mdph\\\/\"},\"author\":{\"name\":\"Pierre Murzeau\",\"@id\":\"https:\\\/\\\/preprod.weasywyg.com\\\/fr\\\/#\\\/schema\\\/person\\\/8b4382f5e6156ac0dec30415bb591535\"},\"headline\":\"Devenir aidant familial MDPH : r\u00f4le, conditions, aides et solutions technologiques\",\"datePublished\":\"2025-02-17T10:43:33+00:00\",\"dateModified\":\"2026-07-20T15:10:18+00:00\",\"mainEntityOfPage\":{\"@id\":\"https:\\\/\\\/preprod.weasywyg.com\\\/fr\\\/2025\\\/02\\\/17\\\/devenir-aidant-familial-mdph\\\/\"},\"wordCount\":2849,\"commentCount\":0,\"publisher\":{\"@id\":\"https:\\\/\\\/preprod.weasywyg.com\\\/fr\\\/#organization\"},\"image\":{\"@id\":\"https:\\\/\\\/preprod.weasywyg.com\\\/fr\\\/2025\\\/02\\\/17\\\/devenir-aidant-familial-mdph\\\/#primaryimage\"},\"thumbnailUrl\":\"https:\\\/\\\/preprod.weasywyg.com\\\/wp-content\\\/uploads\\\/2026\\\/07\\\/IMG-250722-Couv-Asterix-Obelix.webp\",\"articleSection\":[\"Aidants\"],\"inLanguage\":\"fr-FR\",\"potentialAction\":[{\"@type\":\"CommentAction\",\"name\":\"Comment\",\"target\":[\"https:\\\/\\\/preprod.weasywyg.com\\\/fr\\\/2025\\\/02\\\/17\\\/devenir-aidant-familial-mdph\\\/#respond\"]}]},{\"@type\":\"WebPage\",\"@id\":\"https:\\\/\\\/preprod.weasywyg.com\\\/fr\\\/2025\\\/02\\\/17\\\/devenir-aidant-familial-mdph\\\/\",\"url\":\"https:\\\/\\\/preprod.weasywyg.com\\\/fr\\\/2025\\\/02\\\/17\\\/devenir-aidant-familial-mdph\\\/\",\"name\":\"Devenir aidant familial MDPH: Le guide complet\",\"isPartOf\":{\"@id\":\"https:\\\/\\\/preprod.weasywyg.com\\\/fr\\\/#website\"},\"primaryImageOfPage\":{\"@id\":\"https:\\\/\\\/preprod.weasywyg.com\\\/fr\\\/2025\\\/02\\\/17\\\/devenir-aidant-familial-mdph\\\/#primaryimage\"},\"image\":{\"@id\":\"https:\\\/\\\/preprod.weasywyg.com\\\/fr\\\/2025\\\/02\\\/17\\\/devenir-aidant-familial-mdph\\\/#primaryimage\"},\"thumbnailUrl\":\"https:\\\/\\\/preprod.weasywyg.com\\\/wp-content\\\/uploads\\\/2026\\\/07\\\/IMG-250722-Couv-Asterix-Obelix.webp\",\"datePublished\":\"2025-02-17T10:43:33+00:00\",\"dateModified\":\"2026-07-20T15:10:18+00:00\",\"description\":\"D\u00e9couvrez comment devenir aidant familial MDPH, les \u00e9tapes essentielles et les aides disponibles.\",\"breadcrumb\":{\"@id\":\"https:\\\/\\\/preprod.weasywyg.com\\\/fr\\\/2025\\\/02\\\/17\\\/devenir-aidant-familial-mdph\\\/#breadcrumb\"},\"inLanguage\":\"fr-FR\",\"potentialAction\":[{\"@type\":\"ReadAction\",\"target\":[\"https:\\\/\\\/preprod.weasywyg.com\\\/fr\\\/2025\\\/02\\\/17\\\/devenir-aidant-familial-mdph\\\/\"]}]},{\"@type\":\"ImageObject\",\"inLanguage\":\"fr-FR\",\"@id\":\"https:\\\/\\\/preprod.weasywyg.com\\\/fr\\\/2025\\\/02\\\/17\\\/devenir-aidant-familial-mdph\\\/#primaryimage\",\"url\":\"https:\\\/\\\/preprod.weasywyg.com\\\/wp-content\\\/uploads\\\/2026\\\/07\\\/IMG-250722-Couv-Asterix-Obelix.webp\",\"contentUrl\":\"https:\\\/\\\/preprod.weasywyg.com\\\/wp-content\\\/uploads\\\/2026\\\/07\\\/IMG-250722-Couv-Asterix-Obelix.webp\",\"width\":1280,\"height\":720,\"caption\":\"Illustration tir\u00e9e du film d\u2019animation \u201cLes XII travaux d\u2019Ast\u00e9rix\u201d\"},{\"@type\":\"BreadcrumbList\",\"@id\":\"https:\\\/\\\/preprod.weasywyg.com\\\/fr\\\/2025\\\/02\\\/17\\\/devenir-aidant-familial-mdph\\\/#breadcrumb\",\"itemListElement\":[{\"@type\":\"ListItem\",\"position\":1,\"name\":\"Accueil\",\"item\":\"https:\\\/\\\/preprod.weasywyg.com\\\/fr\\\/\"},{\"@type\":\"ListItem\",\"position\":2,\"name\":\"Devenir aidant familial MDPH : r\u00f4le, conditions, aides et solutions technologiques\"}]},{\"@type\":\"WebSite\",\"@id\":\"https:\\\/\\\/preprod.weasywyg.com\\\/fr\\\/#website\",\"url\":\"https:\\\/\\\/preprod.weasywyg.com\\\/fr\\\/\",\"name\":\"Orthopus\",\"description\":\"Handitech solutions for everyone\",\"publisher\":{\"@id\":\"https:\\\/\\\/preprod.weasywyg.com\\\/fr\\\/#organization\"},\"potentialAction\":[{\"@type\":\"SearchAction\",\"target\":{\"@type\":\"EntryPoint\",\"urlTemplate\":\"https:\\\/\\\/preprod.weasywyg.com\\\/fr\\\/?s={search_term_string}\"},\"query-input\":{\"@type\":\"PropertyValueSpecification\",\"valueRequired\":true,\"valueName\":\"search_term_string\"}}],\"inLanguage\":\"fr-FR\"},{\"@type\":\"Organization\",\"@id\":\"https:\\\/\\\/preprod.weasywyg.com\\\/fr\\\/#organization\",\"name\":\"Orthopus\",\"url\":\"https:\\\/\\\/preprod.weasywyg.com\\\/fr\\\/\",\"logo\":{\"@type\":\"ImageObject\",\"inLanguage\":\"fr-FR\",\"@id\":\"https:\\\/\\\/preprod.weasywyg.com\\\/fr\\\/#\\\/schema\\\/logo\\\/image\\\/\",\"url\":\"https:\\\/\\\/preprod.weasywyg.com\\\/wp-content\\\/uploads\\\/2026\\\/05\\\/logo.svg\",\"contentUrl\":\"https:\\\/\\\/preprod.weasywyg.com\\\/wp-content\\\/uploads\\\/2026\\\/05\\\/logo.svg\",\"caption\":\"Orthopus\"},\"image\":{\"@id\":\"https:\\\/\\\/preprod.weasywyg.com\\\/fr\\\/#\\\/schema\\\/logo\\\/image\\\/\"}},{\"@type\":\"Person\",\"@id\":\"https:\\\/\\\/preprod.weasywyg.com\\\/fr\\\/#\\\/schema\\\/person\\\/8b4382f5e6156ac0dec30415bb591535\",\"name\":\"Pierre Murzeau\",\"image\":{\"@type\":\"ImageObject\",\"inLanguage\":\"fr-FR\",\"@id\":\"https:\\\/\\\/secure.gravatar.com\\\/avatar\\\/9c3ed8fbf8227342dcec0e3c388c902ea09285b1b3c21e000bf3853a2729a85b?s=96&d=mm&r=g\",\"url\":\"https:\\\/\\\/secure.gravatar.com\\\/avatar\\\/9c3ed8fbf8227342dcec0e3c388c902ea09285b1b3c21e000bf3853a2729a85b?s=96&d=mm&r=g\",\"contentUrl\":\"https:\\\/\\\/secure.gravatar.com\\\/avatar\\\/9c3ed8fbf8227342dcec0e3c388c902ea09285b1b3c21e000bf3853a2729a85b?s=96&d=mm&r=g\",\"caption\":\"Pierre Murzeau\"},\"url\":\"https:\\\/\\\/preprod.weasywyg.com\\\/fr\\\/author\\\/orthopus-pierre-26\\\/\"}]}<\/script>\n<!-- \/ Yoast SEO plugin. -->","yoast_head_json":{"title":"Devenir aidant familial MDPH: Le guide complet","description":"D\u00e9couvrez comment devenir aidant familial MDPH, les \u00e9tapes essentielles et les aides disponibles.","robots":{"index":"noindex","follow":"follow","max-snippet":"max-snippet:-1","max-image-preview":"max-image-preview:large","max-video-preview":"max-video-preview:-1"},"og_locale":"fr_FR","og_type":"article","og_title":"Devenir aidant familial MDPH: Le guide complet","og_description":"D\u00e9couvrez comment devenir aidant familial MDPH, les \u00e9tapes essentielles et les aides disponibles.","og_url":"https:\/\/preprod.weasywyg.com\/fr\/2025\/02\/17\/devenir-aidant-familial-mdph\/","og_site_name":"Orthopus","article_published_time":"2025-02-17T10:43:33+00:00","article_modified_time":"2026-07-20T15:10:18+00:00","og_image":[{"width":1280,"height":720,"url":"https:\/\/preprod.weasywyg.com\/wp-content\/uploads\/2026\/07\/IMG-250722-Couv-Asterix-Obelix.webp","type":"image\/webp"}],"author":"Pierre Murzeau","twitter_card":"summary_large_image","twitter_misc":{"\u00c9crit par":"Pierre Murzeau","Dur\u00e9e de lecture estim\u00e9e":"14 minutes"},"schema":{"@context":"https:\/\/schema.org","@graph":[{"@type":"Article","@id":"https:\/\/preprod.weasywyg.com\/fr\/2025\/02\/17\/devenir-aidant-familial-mdph\/#article","isPartOf":{"@id":"https:\/\/preprod.weasywyg.com\/fr\/2025\/02\/17\/devenir-aidant-familial-mdph\/"},"author":{"name":"Pierre Murzeau","@id":"https:\/\/preprod.weasywyg.com\/fr\/#\/schema\/person\/8b4382f5e6156ac0dec30415bb591535"},"headline":"Devenir aidant familial MDPH : r\u00f4le, conditions, aides et solutions technologiques","datePublished":"2025-02-17T10:43:33+00:00","dateModified":"2026-07-20T15:10:18+00:00","mainEntityOfPage":{"@id":"https:\/\/preprod.weasywyg.com\/fr\/2025\/02\/17\/devenir-aidant-familial-mdph\/"},"wordCount":2849,"commentCount":0,"publisher":{"@id":"https:\/\/preprod.weasywyg.com\/fr\/#organization"},"image":{"@id":"https:\/\/preprod.weasywyg.com\/fr\/2025\/02\/17\/devenir-aidant-familial-mdph\/#primaryimage"},"thumbnailUrl":"https:\/\/preprod.weasywyg.com\/wp-content\/uploads\/2026\/07\/IMG-250722-Couv-Asterix-Obelix.webp","articleSection":["Aidants"],"inLanguage":"fr-FR","potentialAction":[{"@type":"CommentAction","name":"Comment","target":["https:\/\/preprod.weasywyg.com\/fr\/2025\/02\/17\/devenir-aidant-familial-mdph\/#respond"]}]},{"@type":"WebPage","@id":"https:\/\/preprod.weasywyg.com\/fr\/2025\/02\/17\/devenir-aidant-familial-mdph\/","url":"https:\/\/preprod.weasywyg.com\/fr\/2025\/02\/17\/devenir-aidant-familial-mdph\/","name":"Devenir aidant familial MDPH: Le guide complet","isPartOf":{"@id":"https:\/\/preprod.weasywyg.com\/fr\/#website"},"primaryImageOfPage":{"@id":"https:\/\/preprod.weasywyg.com\/fr\/2025\/02\/17\/devenir-aidant-familial-mdph\/#primaryimage"},"image":{"@id":"https:\/\/preprod.weasywyg.com\/fr\/2025\/02\/17\/devenir-aidant-familial-mdph\/#primaryimage"},"thumbnailUrl":"https:\/\/preprod.weasywyg.com\/wp-content\/uploads\/2026\/07\/IMG-250722-Couv-Asterix-Obelix.webp","datePublished":"2025-02-17T10:43:33+00:00","dateModified":"2026-07-20T15:10:18+00:00","description":"D\u00e9couvrez comment devenir aidant familial MDPH, les \u00e9tapes essentielles et les aides disponibles.","breadcrumb":{"@id":"https:\/\/preprod.weasywyg.com\/fr\/2025\/02\/17\/devenir-aidant-familial-mdph\/#breadcrumb"},"inLanguage":"fr-FR","potentialAction":[{"@type":"ReadAction","target":["https:\/\/preprod.weasywyg.com\/fr\/2025\/02\/17\/devenir-aidant-familial-mdph\/"]}]},{"@type":"ImageObject","inLanguage":"fr-FR","@id":"https:\/\/preprod.weasywyg.com\/fr\/2025\/02\/17\/devenir-aidant-familial-mdph\/#primaryimage","url":"https:\/\/preprod.weasywyg.com\/wp-content\/uploads\/2026\/07\/IMG-250722-Couv-Asterix-Obelix.webp","contentUrl":"https:\/\/preprod.weasywyg.com\/wp-content\/uploads\/2026\/07\/IMG-250722-Couv-Asterix-Obelix.webp","width":1280,"height":720,"caption":"Illustration tir\u00e9e du film d\u2019animation \u201cLes XII travaux d\u2019Ast\u00e9rix\u201d"},{"@type":"BreadcrumbList","@id":"https:\/\/preprod.weasywyg.com\/fr\/2025\/02\/17\/devenir-aidant-familial-mdph\/#breadcrumb","itemListElement":[{"@type":"ListItem","position":1,"name":"Accueil","item":"https:\/\/preprod.weasywyg.com\/fr\/"},{"@type":"ListItem","position":2,"name":"Devenir aidant familial MDPH : r\u00f4le, conditions, aides et solutions technologiques"}]},{"@type":"WebSite","@id":"https:\/\/preprod.weasywyg.com\/fr\/#website","url":"https:\/\/preprod.weasywyg.com\/fr\/","name":"Orthopus","description":"Handitech solutions for everyone","publisher":{"@id":"https:\/\/preprod.weasywyg.com\/fr\/#organization"},"potentialAction":[{"@type":"SearchAction","target":{"@type":"EntryPoint","urlTemplate":"https:\/\/preprod.weasywyg.com\/fr\/?s={search_term_string}"},"query-input":{"@type":"PropertyValueSpecification","valueRequired":true,"valueName":"search_term_string"}}],"inLanguage":"fr-FR"},{"@type":"Organization","@id":"https:\/\/preprod.weasywyg.com\/fr\/#organization","name":"Orthopus","url":"https:\/\/preprod.weasywyg.com\/fr\/","logo":{"@type":"ImageObject","inLanguage":"fr-FR","@id":"https:\/\/preprod.weasywyg.com\/fr\/#\/schema\/logo\/image\/","url":"https:\/\/preprod.weasywyg.com\/wp-content\/uploads\/2026\/05\/logo.svg","contentUrl":"https:\/\/preprod.weasywyg.com\/wp-content\/uploads\/2026\/05\/logo.svg","caption":"Orthopus"},"image":{"@id":"https:\/\/preprod.weasywyg.com\/fr\/#\/schema\/logo\/image\/"}},{"@type":"Person","@id":"https:\/\/preprod.weasywyg.com\/fr\/#\/schema\/person\/8b4382f5e6156ac0dec30415bb591535","name":"Pierre Murzeau","image":{"@type":"ImageObject","inLanguage":"fr-FR","@id":"https:\/\/secure.gravatar.com\/avatar\/9c3ed8fbf8227342dcec0e3c388c902ea09285b1b3c21e000bf3853a2729a85b?s=96&d=mm&r=g","url":"https:\/\/secure.gravatar.com\/avatar\/9c3ed8fbf8227342dcec0e3c388c902ea09285b1b3c21e000bf3853a2729a85b?s=96&d=mm&r=g","contentUrl":"https:\/\/secure.gravatar.com\/avatar\/9c3ed8fbf8227342dcec0e3c388c902ea09285b1b3c21e000bf3853a2729a85b?s=96&d=mm&r=g","caption":"Pierre Murzeau"},"url":"https:\/\/preprod.weasywyg.com\/fr\/author\/orthopus-pierre-26\/"}]}},"taxonomy_info":{"category":[{"value":235,"label":"Aidants"}]},"featured_image_src_large":["https:\/\/preprod.weasywyg.com\/wp-content\/uploads\/2026\/07\/IMG-250722-Couv-Asterix-Obelix-1024x576.webp",1024,576,true],"author_info":{"display_name":"Pierre Murzeau","author_link":"https:\/\/preprod.weasywyg.com\/fr\/author\/orthopus-pierre-26\/"},"comment_info":0,"category_info":[{"term_id":235,"name":"Aidants","slug":"aidants","term_group":0,"term_taxonomy_id":235,"taxonomy":"category","description":"","parent":0,"count":9,"filter":"raw","cat_ID":235,"category_count":9,"category_description":"","cat_name":"Aidants","category_nicename":"aidants","category_parent":0}],"tag_info":false,"_links":{"self":[{"href":"https:\/\/preprod.weasywyg.com\/fr\/wp-json\/wp\/v2\/posts\/19357","targetHints":{"allow":["GET"]}}],"collection":[{"href":"https:\/\/preprod.weasywyg.com\/fr\/wp-json\/wp\/v2\/posts"}],"about":[{"href":"https:\/\/preprod.weasywyg.com\/fr\/wp-json\/wp\/v2\/types\/post"}],"author":[{"embeddable":true,"href":"https:\/\/preprod.weasywyg.com\/fr\/wp-json\/wp\/v2\/users\/3"}],"replies":[{"embeddable":true,"href":"https:\/\/preprod.weasywyg.com\/fr\/wp-json\/wp\/v2\/comments?post=19357"}],"version-history":[{"count":3,"href":"https:\/\/preprod.weasywyg.com\/fr\/wp-json\/wp\/v2\/posts\/19357\/revisions"}],"predecessor-version":[{"id":19400,"href":"https:\/\/preprod.weasywyg.com\/fr\/wp-json\/wp\/v2\/posts\/19357\/revisions\/19400"}],"wp:featuredmedia":[{"embeddable":true,"href":"https:\/\/preprod.weasywyg.com\/fr\/wp-json\/wp\/v2\/media\/19358"}],"wp:attachment":[{"href":"https:\/\/preprod.weasywyg.com\/fr\/wp-json\/wp\/v2\/media?parent=19357"}],"wp:term":[{"taxonomy":"category","embeddable":true,"href":"https:\/\/preprod.weasywyg.com\/fr\/wp-json\/wp\/v2\/categories?post=19357"},{"taxonomy":"post_tag","embeddable":true,"href":"https:\/\/preprod.weasywyg.com\/fr\/wp-json\/wp\/v2\/tags?post=19357"}],"curies":[{"name":"wp","href":"https:\/\/api.w.org\/{rel}","templated":true}]}}